{"id":16035,"date":"2025-08-20T23:53:36","date_gmt":"2025-08-20T21:53:36","guid":{"rendered":"https:\/\/infos-droitshumains.net\/?p=16035"},"modified":"2025-08-21T00:35:07","modified_gmt":"2025-08-20T22:35:07","slug":"rdc-la-cenaref-et-lonec-unissent-leurs-forces-pour-mettre-fin-a-la-falsification-des-etats-financiers","status":"publish","type":"post","link":"https:\/\/infos-droitshumains.net\/?p=16035","title":{"rendered":"RDC\u00a0: La CENAREF et l\u2019ONEC unissent leurs forces pour mettre fin \u00e0 la falsification des \u00e9tats financiers"},"content":{"rendered":"\n<p><strong>R\u00e9daction: +243 817 406 088<\/strong><\/p>\n\n\n\n<h3 class=\"wp-block-heading has-vivid-red-color has-text-color has-link-color wp-elements-a752abdaf746db2d452b43348a4eda4e\">Un pas d\u00e9cisif vient d\u2019\u00eatre franchi dans la lutte contre la fraude et le blanchiment d\u2019argent en R\u00e9publique D\u00e9mocratique du Congo. Le mercredi 20 ao\u00fbt 2025, la Cellule Nationale des Renseignements Financiers (CENAREF), repr\u00e9sent\u00e9e par son Secr\u00e9taire Ex\u00e9cutif, Adler Kisula Betika Yeye, et l\u2019Ordre National des Experts-Comptables (ONEC), conduit par son Pr\u00e9sident National, Jean-Marie Tumba Kabalambi, ont sign\u00e9 un protocole d\u2019accord historique.<\/h3>\n\n\n\n<figure class=\"wp-block-image alignfull size-large\"><img data-recalc-dims=\"1\" fetchpriority=\"high\" decoding=\"async\" width=\"640\" height=\"426\" src=\"https:\/\/i0.wp.com\/infos-droitshumains.net\/wp-content\/uploads\/2025\/08\/IMG-20250820-WA0088.jpg?resize=640%2C426&#038;ssl=1\" alt=\"\" class=\"wp-image-16040\" srcset=\"https:\/\/i0.wp.com\/infos-droitshumains.net\/wp-content\/uploads\/2025\/08\/IMG-20250820-WA0088.jpg?resize=1024%2C682&amp;ssl=1 1024w, https:\/\/i0.wp.com\/infos-droitshumains.net\/wp-content\/uploads\/2025\/08\/IMG-20250820-WA0088.jpg?resize=300%2C200&amp;ssl=1 300w, https:\/\/i0.wp.com\/infos-droitshumains.net\/wp-content\/uploads\/2025\/08\/IMG-20250820-WA0088.jpg?resize=768%2C512&amp;ssl=1 768w, https:\/\/i0.wp.com\/infos-droitshumains.net\/wp-content\/uploads\/2025\/08\/IMG-20250820-WA0088.jpg?resize=1536%2C1024&amp;ssl=1 1536w, https:\/\/i0.wp.com\/infos-droitshumains.net\/wp-content\/uploads\/2025\/08\/IMG-20250820-WA0088.jpg?resize=2048%2C1365&amp;ssl=1 2048w, https:\/\/i0.wp.com\/infos-droitshumains.net\/wp-content\/uploads\/2025\/08\/IMG-20250820-WA0088.jpg?w=1280&amp;ssl=1 1280w, https:\/\/i0.wp.com\/infos-droitshumains.net\/wp-content\/uploads\/2025\/08\/IMG-20250820-WA0088.jpg?w=1920&amp;ssl=1 1920w\" sizes=\"(max-width: 640px) 100vw, 640px\" \/><\/figure>\n\n\n\n<p>Cet accord marque un tournant majeur car, les entreprises ne pourront plus falsifier leurs \u00e9tats financiers avec la complicit\u00e9 d\u2019experts-comptables sans en subir les cons\u00e9quences. Toute tentative de manipulation ou de dissimulation d\u2019informations financi\u00e8res s\u2019exposerait d\u00e9sormais \u00e0 des sanctions s\u00e9v\u00e8res, pr\u00e9vues par l\u2019arr\u00eat\u00e9 n\u00b0053 du Ministre des Finances du 11 ao\u00fbt 2025.<\/p>\n\n\n\n<p>Cependant, il s\u2019agit d\u2019une r\u00e9ponse directe aux exigences du Groupe d\u2019Action Financi\u00e8re (GAFI), qui a plac\u00e9 la RDC sous surveillance renforc\u00e9e et exige aux autorit\u00e9s congolaises, des mesures plus strictes contre le blanchiment de capitaux et le financement du terrorisme.<\/p>\n\n\n\n<figure class=\"wp-block-gallery alignfull has-nested-images columns-default is-cropped wp-block-gallery-1 is-layout-flex wp-block-gallery-is-layout-flex\">\n<figure class=\"wp-block-image size-large\"><img data-recalc-dims=\"1\" decoding=\"async\" width=\"640\" height=\"426\" data-id=\"16044\" src=\"https:\/\/i0.wp.com\/infos-droitshumains.net\/wp-content\/uploads\/2025\/08\/IMG-20250820-WA0123.jpg?resize=640%2C426&#038;ssl=1\" alt=\"\" class=\"wp-image-16044\" srcset=\"https:\/\/i0.wp.com\/infos-droitshumains.net\/wp-content\/uploads\/2025\/08\/IMG-20250820-WA0123.jpg?resize=1024%2C682&amp;ssl=1 1024w, https:\/\/i0.wp.com\/infos-droitshumains.net\/wp-content\/uploads\/2025\/08\/IMG-20250820-WA0123.jpg?resize=300%2C200&amp;ssl=1 300w, https:\/\/i0.wp.com\/infos-droitshumains.net\/wp-content\/uploads\/2025\/08\/IMG-20250820-WA0123.jpg?resize=768%2C512&amp;ssl=1 768w, https:\/\/i0.wp.com\/infos-droitshumains.net\/wp-content\/uploads\/2025\/08\/IMG-20250820-WA0123.jpg?resize=1536%2C1024&amp;ssl=1 1536w, https:\/\/i0.wp.com\/infos-droitshumains.net\/wp-content\/uploads\/2025\/08\/IMG-20250820-WA0123.jpg?resize=2048%2C1365&amp;ssl=1 2048w, https:\/\/i0.wp.com\/infos-droitshumains.net\/wp-content\/uploads\/2025\/08\/IMG-20250820-WA0123.jpg?w=1280&amp;ssl=1 1280w, https:\/\/i0.wp.com\/infos-droitshumains.net\/wp-content\/uploads\/2025\/08\/IMG-20250820-WA0123.jpg?w=1920&amp;ssl=1 1920w\" sizes=\"(max-width: 640px) 100vw, 640px\" \/><\/figure>\n<\/figure>\n\n\n\n<p>En tant qu\u2019autorit\u00e9 de r\u00e9gulation et de contr\u00f4le des Entreprises et Professions Non Financi\u00e8res D\u00e9sign\u00e9es (EPNFD), la CENAREF est charg\u00e9e de surveiller les acteurs expos\u00e9s \u00e0 ces risques, dont les experts-comptables. L\u2019ONEC, pour sa part, repr\u00e9sente ces professionnels appel\u00e9s \u00e0 jouer un r\u00f4le d\u00e9terminant dans la transparence et la bonne gouvernance financi\u00e8re.<\/p>\n\n\n\n<p>Ce protocole pr\u00e9voit notamment, le renforcement de la formation des experts comptables sur la d\u00e9tection et la pr\u00e9vention du blanchiment d\u2019argent ; le partage d\u2019informations entre la CENAREF et l\u2019ONEC sur les pratiques financi\u00e8res douteuses ; les missions de contr\u00f4le renforc\u00e9es, sur pi\u00e8ces et sur place, dans les cabinets d\u2019expertise comptable ainsi que l\u2019application de sanctions p\u00e9cuniaires en cas de manquements graves ou de complicit\u00e9 dans des activit\u00e9s ill\u00e9gales.<\/p>\n\n\n\n<figure class=\"wp-block-image alignfull size-large\"><img data-recalc-dims=\"1\" decoding=\"async\" width=\"640\" height=\"426\" src=\"https:\/\/i0.wp.com\/infos-droitshumains.net\/wp-content\/uploads\/2025\/08\/IMG-20250820-WA0090.jpg?resize=640%2C426&#038;ssl=1\" alt=\"\" class=\"wp-image-16043\" srcset=\"https:\/\/i0.wp.com\/infos-droitshumains.net\/wp-content\/uploads\/2025\/08\/IMG-20250820-WA0090.jpg?resize=1024%2C682&amp;ssl=1 1024w, https:\/\/i0.wp.com\/infos-droitshumains.net\/wp-content\/uploads\/2025\/08\/IMG-20250820-WA0090.jpg?resize=300%2C200&amp;ssl=1 300w, https:\/\/i0.wp.com\/infos-droitshumains.net\/wp-content\/uploads\/2025\/08\/IMG-20250820-WA0090.jpg?resize=768%2C512&amp;ssl=1 768w, https:\/\/i0.wp.com\/infos-droitshumains.net\/wp-content\/uploads\/2025\/08\/IMG-20250820-WA0090.jpg?resize=1536%2C1024&amp;ssl=1 1536w, https:\/\/i0.wp.com\/infos-droitshumains.net\/wp-content\/uploads\/2025\/08\/IMG-20250820-WA0090.jpg?resize=2048%2C1365&amp;ssl=1 2048w, https:\/\/i0.wp.com\/infos-droitshumains.net\/wp-content\/uploads\/2025\/08\/IMG-20250820-WA0090.jpg?w=1280&amp;ssl=1 1280w, https:\/\/i0.wp.com\/infos-droitshumains.net\/wp-content\/uploads\/2025\/08\/IMG-20250820-WA0090.jpg?w=1920&amp;ssl=1 1920w\" sizes=\"(max-width: 640px) 100vw, 640px\" \/><\/figure>\n\n\n\n<p>Ce nouveau cadre de collaboration envoie par ailleurs un signal fort dans la lutte contre la fraude. Fin donc le temps o\u00f9 certaines entreprises pouvaient maquiller leurs bilans ou dissimuler des transactions suspectes avec l\u2019aide de comptables peu scrupuleux.<\/p>\n\n\n\n<p>D\u00e9sormais, les experts comptables, en tant que garants de la transparence financi\u00e8re, auront l\u2019obligation de signaler toute activit\u00e9 suspecte. En cas de complicit\u00e9 av\u00e9r\u00e9e, ils seront directement sanctionn\u00e9s, tandis que les entreprises concern\u00e9es devront rendre compte de leurs actes.<\/p>\n\n\n\n<figure class=\"wp-block-image alignfull size-large\"><img data-recalc-dims=\"1\" loading=\"lazy\" decoding=\"async\" width=\"640\" height=\"426\" src=\"https:\/\/i0.wp.com\/infos-droitshumains.net\/wp-content\/uploads\/2025\/08\/IMG-20250820-WA0124.jpg?resize=640%2C426&#038;ssl=1\" alt=\"\" class=\"wp-image-16047\" srcset=\"https:\/\/i0.wp.com\/infos-droitshumains.net\/wp-content\/uploads\/2025\/08\/IMG-20250820-WA0124.jpg?resize=1024%2C682&amp;ssl=1 1024w, https:\/\/i0.wp.com\/infos-droitshumains.net\/wp-content\/uploads\/2025\/08\/IMG-20250820-WA0124.jpg?resize=300%2C200&amp;ssl=1 300w, https:\/\/i0.wp.com\/infos-droitshumains.net\/wp-content\/uploads\/2025\/08\/IMG-20250820-WA0124.jpg?resize=768%2C512&amp;ssl=1 768w, https:\/\/i0.wp.com\/infos-droitshumains.net\/wp-content\/uploads\/2025\/08\/IMG-20250820-WA0124.jpg?resize=1536%2C1024&amp;ssl=1 1536w, https:\/\/i0.wp.com\/infos-droitshumains.net\/wp-content\/uploads\/2025\/08\/IMG-20250820-WA0124.jpg?resize=2048%2C1365&amp;ssl=1 2048w, https:\/\/i0.wp.com\/infos-droitshumains.net\/wp-content\/uploads\/2025\/08\/IMG-20250820-WA0124.jpg?w=1280&amp;ssl=1 1280w, https:\/\/i0.wp.com\/infos-droitshumains.net\/wp-content\/uploads\/2025\/08\/IMG-20250820-WA0124.jpg?w=1920&amp;ssl=1 1920w\" sizes=\"(max-width: 640px) 100vw, 640px\" \/><\/figure>\n\n\n\n<p>Au-del\u00e0 de la lutte contre les crimes financiers, cette initiative contribue \u00e0 l\u2019assainissement du climat des affaires en RDC, au renforcement de la confiance des investisseurs et \u00e0 la consolidation de l\u2019int\u00e9grit\u00e9 des institutions financi\u00e8res. Elle d\u00e9montre en outre que,&nbsp; les autorit\u00e9s prennent au s\u00e9rieux la lutte contre les crimes financiers.<\/p>\n\n\n\n<p>En formalisant cette coop\u00e9ration, la CENAREF et l\u2019ONEC affichent leur d\u00e9termination \u00e0 travailler main dans la main pour identifier, pr\u00e9venir et sanctionner les pratiques frauduleuses, marquant ainsi une \u00e9tape cl\u00e9 vers une gouvernance financi\u00e8re plus transparente et cr\u00e9dible en R\u00e9publique D\u00e9mocratique du Congo.<\/p>\n\n\n\n<p>Merlin Kamalandua<\/p>\n","protected":false},"excerpt":{"rendered":"<p>R\u00e9daction: +243 817 406 088 Un pas d\u00e9cisif vient d\u2019\u00eatre franchi dans la lutte contre&#8230;<\/p>\n","protected":false},"author":3,"featured_media":16037,"comment_status":"open","ping_status":"open","sticky":false,"template":"","format":"standard","meta":{"_jetpack_memberships_contains_paid_content":false,"footnotes":""},"categories":[29,6],"tags":[],"class_list":["post-16035","post","type-post","status-publish","format-standard","has-post-thumbnail","hentry","category-actu","category-justice"],"yoast_head":"<!-- This site is optimized with the Yoast SEO plugin v27.5 - https:\/\/yoast.com\/product\/yoast-seo-wordpress\/ -->\n<title>RDC\u00a0: La CENAREF et l\u2019ONEC unissent leurs forces pour mettre fin \u00e0 la falsification des \u00e9tats financiers - Infos Droits Humains<\/title>\n<meta name=\"robots\" content=\"index, follow, max-snippet:-1, max-image-preview:large, max-video-preview:-1\" \/>\n<link rel=\"canonical\" href=\"https:\/\/infos-droitshumains.net\/?p=16035\" \/>\n<meta property=\"og:locale\" content=\"fr_FR\" \/>\n<meta property=\"og:type\" content=\"article\" \/>\n<meta property=\"og:title\" content=\"RDC\u00a0: La CENAREF et l\u2019ONEC unissent leurs forces pour mettre fin \u00e0 la falsification des \u00e9tats financiers - Infos Droits Humains\" \/>\n<meta property=\"og:description\" content=\"R\u00e9daction: +243 817 406 088 Un pas d\u00e9cisif vient d\u2019\u00eatre franchi dans la lutte contre...\" \/>\n<meta property=\"og:url\" content=\"https:\/\/infos-droitshumains.net\/?p=16035\" \/>\n<meta property=\"og:site_name\" content=\"Infos Droits Humains\" \/>\n<meta property=\"article:published_time\" content=\"2025-08-20T21:53:36+00:00\" \/>\n<meta property=\"article:modified_time\" content=\"2025-08-20T22:35:07+00:00\" \/>\n<meta property=\"og:image\" content=\"https:\/\/infos-droitshumains.net\/wp-content\/uploads\/2025\/08\/IMG-20250820-WA0106.jpg\" \/>\n\t<meta property=\"og:image:width\" content=\"2560\" \/>\n\t<meta property=\"og:image:height\" content=\"1706\" \/>\n\t<meta property=\"og:image:type\" content=\"image\/jpeg\" \/>\n<meta name=\"author\" content=\"Super\" \/>\n<meta name=\"twitter:card\" content=\"summary_large_image\" \/>\n<meta name=\"twitter:label1\" content=\"\u00c9crit par\" \/>\n\t<meta name=\"twitter:data1\" content=\"Super\" \/>\n\t<meta name=\"twitter:label2\" content=\"Dur\u00e9e de lecture estim\u00e9e\" \/>\n\t<meta name=\"twitter:data2\" content=\"4 minutes\" \/>\n<script type=\"application\/ld+json\" class=\"yoast-schema-graph\">{\"@context\":\"https:\\\/\\\/schema.org\",\"@graph\":[{\"@type\":\"Article\",\"@id\":\"https:\\\/\\\/infos-droitshumains.net\\\/?p=16035#article\",\"isPartOf\":{\"@id\":\"https:\\\/\\\/infos-droitshumains.net\\\/?p=16035\"},\"author\":{\"name\":\"Super\",\"@id\":\"https:\\\/\\\/infos-droitshumains.net\\\/#\\\/schema\\\/person\\\/db4428dbf83d2d51ecdb0cc0aed0c47f\"},\"headline\":\"RDC\u00a0: La CENAREF et l\u2019ONEC unissent leurs forces pour mettre fin \u00e0 la falsification des \u00e9tats financiers\",\"datePublished\":\"2025-08-20T21:53:36+00:00\",\"dateModified\":\"2025-08-20T22:35:07+00:00\",\"mainEntityOfPage\":{\"@id\":\"https:\\\/\\\/infos-droitshumains.net\\\/?p=16035\"},\"wordCount\":541,\"commentCount\":0,\"publisher\":{\"@id\":\"https:\\\/\\\/infos-droitshumains.net\\\/#organization\"},\"image\":{\"@id\":\"https:\\\/\\\/infos-droitshumains.net\\\/?p=16035#primaryimage\"},\"thumbnailUrl\":\"https:\\\/\\\/i0.wp.com\\\/infos-droitshumains.net\\\/wp-content\\\/uploads\\\/2025\\\/08\\\/IMG-20250820-WA0106.jpg?fit=2560%2C1706&ssl=1\",\"articleSection\":[\"Actualit\u00e9s\",\"Justice\"],\"inLanguage\":\"fr-FR\",\"potentialAction\":[{\"@type\":\"CommentAction\",\"name\":\"Comment\",\"target\":[\"https:\\\/\\\/infos-droitshumains.net\\\/?p=16035#respond\"]}]},{\"@type\":\"WebPage\",\"@id\":\"https:\\\/\\\/infos-droitshumains.net\\\/?p=16035\",\"url\":\"https:\\\/\\\/infos-droitshumains.net\\\/?p=16035\",\"name\":\"RDC\u00a0: La CENAREF et l\u2019ONEC unissent leurs forces pour mettre fin \u00e0 la falsification des \u00e9tats financiers - Infos Droits Humains\",\"isPartOf\":{\"@id\":\"https:\\\/\\\/infos-droitshumains.net\\\/#website\"},\"primaryImageOfPage\":{\"@id\":\"https:\\\/\\\/infos-droitshumains.net\\\/?p=16035#primaryimage\"},\"image\":{\"@id\":\"https:\\\/\\\/infos-droitshumains.net\\\/?p=16035#primaryimage\"},\"thumbnailUrl\":\"https:\\\/\\\/i0.wp.com\\\/infos-droitshumains.net\\\/wp-content\\\/uploads\\\/2025\\\/08\\\/IMG-20250820-WA0106.jpg?fit=2560%2C1706&ssl=1\",\"datePublished\":\"2025-08-20T21:53:36+00:00\",\"dateModified\":\"2025-08-20T22:35:07+00:00\",\"breadcrumb\":{\"@id\":\"https:\\\/\\\/infos-droitshumains.net\\\/?p=16035#breadcrumb\"},\"inLanguage\":\"fr-FR\",\"potentialAction\":[{\"@type\":\"ReadAction\",\"target\":[\"https:\\\/\\\/infos-droitshumains.net\\\/?p=16035\"]}]},{\"@type\":\"ImageObject\",\"inLanguage\":\"fr-FR\",\"@id\":\"https:\\\/\\\/infos-droitshumains.net\\\/?p=16035#primaryimage\",\"url\":\"https:\\\/\\\/i0.wp.com\\\/infos-droitshumains.net\\\/wp-content\\\/uploads\\\/2025\\\/08\\\/IMG-20250820-WA0106.jpg?fit=2560%2C1706&ssl=1\",\"contentUrl\":\"https:\\\/\\\/i0.wp.com\\\/infos-droitshumains.net\\\/wp-content\\\/uploads\\\/2025\\\/08\\\/IMG-20250820-WA0106.jpg?fit=2560%2C1706&ssl=1\",\"width\":2560,\"height\":1706},{\"@type\":\"BreadcrumbList\",\"@id\":\"https:\\\/\\\/infos-droitshumains.net\\\/?p=16035#breadcrumb\",\"itemListElement\":[{\"@type\":\"ListItem\",\"position\":1,\"name\":\"Accueil\",\"item\":\"https:\\\/\\\/infos-droitshumains.net\\\/\"},{\"@type\":\"ListItem\",\"position\":2,\"name\":\"RDC\u00a0: La CENAREF et l\u2019ONEC unissent leurs forces pour mettre fin \u00e0 la falsification des \u00e9tats financiers\"}]},{\"@type\":\"WebSite\",\"@id\":\"https:\\\/\\\/infos-droitshumains.net\\\/#website\",\"url\":\"https:\\\/\\\/infos-droitshumains.net\\\/\",\"name\":\"Infos Droits Humains\",\"description\":\"S&#039;informer est un droit\",\"publisher\":{\"@id\":\"https:\\\/\\\/infos-droitshumains.net\\\/#organization\"},\"potentialAction\":[{\"@type\":\"SearchAction\",\"target\":{\"@type\":\"EntryPoint\",\"urlTemplate\":\"https:\\\/\\\/infos-droitshumains.net\\\/?s={search_term_string}\"},\"query-input\":{\"@type\":\"PropertyValueSpecification\",\"valueRequired\":true,\"valueName\":\"search_term_string\"}}],\"inLanguage\":\"fr-FR\"},{\"@type\":\"Organization\",\"@id\":\"https:\\\/\\\/infos-droitshumains.net\\\/#organization\",\"name\":\"Infos Droits Humains\",\"url\":\"https:\\\/\\\/infos-droitshumains.net\\\/\",\"logo\":{\"@type\":\"ImageObject\",\"inLanguage\":\"fr-FR\",\"@id\":\"https:\\\/\\\/infos-droitshumains.net\\\/#\\\/schema\\\/logo\\\/image\\\/\",\"url\":\"https:\\\/\\\/i0.wp.com\\\/infos-droitshumains.net\\\/wp-content\\\/uploads\\\/2022\\\/05\\\/Logo.png?fit=333%2C129&ssl=1\",\"contentUrl\":\"https:\\\/\\\/i0.wp.com\\\/infos-droitshumains.net\\\/wp-content\\\/uploads\\\/2022\\\/05\\\/Logo.png?fit=333%2C129&ssl=1\",\"width\":333,\"height\":129,\"caption\":\"Infos Droits Humains\"},\"image\":{\"@id\":\"https:\\\/\\\/infos-droitshumains.net\\\/#\\\/schema\\\/logo\\\/image\\\/\"}},{\"@type\":\"Person\",\"@id\":\"https:\\\/\\\/infos-droitshumains.net\\\/#\\\/schema\\\/person\\\/db4428dbf83d2d51ecdb0cc0aed0c47f\",\"name\":\"Super\",\"image\":{\"@type\":\"ImageObject\",\"inLanguage\":\"fr-FR\",\"@id\":\"https:\\\/\\\/secure.gravatar.com\\\/avatar\\\/a177815e4b161b0d81413b73815c697bc0e3e6e6fe4a06e3147af3c9aa47fd3b?s=96&d=mm&r=g\",\"url\":\"https:\\\/\\\/secure.gravatar.com\\\/avatar\\\/a177815e4b161b0d81413b73815c697bc0e3e6e6fe4a06e3147af3c9aa47fd3b?s=96&d=mm&r=g\",\"contentUrl\":\"https:\\\/\\\/secure.gravatar.com\\\/avatar\\\/a177815e4b161b0d81413b73815c697bc0e3e6e6fe4a06e3147af3c9aa47fd3b?s=96&d=mm&r=g\",\"caption\":\"Super\"},\"url\":\"https:\\\/\\\/infos-droitshumains.net\\\/?author=3\"}]}<\/script>\n<!-- \/ Yoast SEO plugin. -->","yoast_head_json":{"title":"RDC\u00a0: La CENAREF et l\u2019ONEC unissent leurs forces pour mettre fin \u00e0 la falsification des \u00e9tats financiers - Infos Droits Humains","robots":{"index":"index","follow":"follow","max-snippet":"max-snippet:-1","max-image-preview":"max-image-preview:large","max-video-preview":"max-video-preview:-1"},"canonical":"https:\/\/infos-droitshumains.net\/?p=16035","og_locale":"fr_FR","og_type":"article","og_title":"RDC\u00a0: La CENAREF et l\u2019ONEC unissent leurs forces pour mettre fin \u00e0 la falsification des \u00e9tats financiers - Infos Droits Humains","og_description":"R\u00e9daction: +243 817 406 088 Un pas d\u00e9cisif vient d\u2019\u00eatre franchi dans la lutte contre...","og_url":"https:\/\/infos-droitshumains.net\/?p=16035","og_site_name":"Infos Droits Humains","article_published_time":"2025-08-20T21:53:36+00:00","article_modified_time":"2025-08-20T22:35:07+00:00","og_image":[{"width":2560,"height":1706,"url":"https:\/\/infos-droitshumains.net\/wp-content\/uploads\/2025\/08\/IMG-20250820-WA0106.jpg","type":"image\/jpeg"}],"author":"Super","twitter_card":"summary_large_image","twitter_misc":{"\u00c9crit par":"Super","Dur\u00e9e de lecture estim\u00e9e":"4 minutes"},"schema":{"@context":"https:\/\/schema.org","@graph":[{"@type":"Article","@id":"https:\/\/infos-droitshumains.net\/?p=16035#article","isPartOf":{"@id":"https:\/\/infos-droitshumains.net\/?p=16035"},"author":{"name":"Super","@id":"https:\/\/infos-droitshumains.net\/#\/schema\/person\/db4428dbf83d2d51ecdb0cc0aed0c47f"},"headline":"RDC\u00a0: La CENAREF et l\u2019ONEC unissent leurs forces pour mettre fin \u00e0 la falsification des \u00e9tats financiers","datePublished":"2025-08-20T21:53:36+00:00","dateModified":"2025-08-20T22:35:07+00:00","mainEntityOfPage":{"@id":"https:\/\/infos-droitshumains.net\/?p=16035"},"wordCount":541,"commentCount":0,"publisher":{"@id":"https:\/\/infos-droitshumains.net\/#organization"},"image":{"@id":"https:\/\/infos-droitshumains.net\/?p=16035#primaryimage"},"thumbnailUrl":"https:\/\/i0.wp.com\/infos-droitshumains.net\/wp-content\/uploads\/2025\/08\/IMG-20250820-WA0106.jpg?fit=2560%2C1706&ssl=1","articleSection":["Actualit\u00e9s","Justice"],"inLanguage":"fr-FR","potentialAction":[{"@type":"CommentAction","name":"Comment","target":["https:\/\/infos-droitshumains.net\/?p=16035#respond"]}]},{"@type":"WebPage","@id":"https:\/\/infos-droitshumains.net\/?p=16035","url":"https:\/\/infos-droitshumains.net\/?p=16035","name":"RDC\u00a0: La CENAREF et l\u2019ONEC unissent leurs forces pour mettre fin \u00e0 la falsification des \u00e9tats financiers - Infos Droits Humains","isPartOf":{"@id":"https:\/\/infos-droitshumains.net\/#website"},"primaryImageOfPage":{"@id":"https:\/\/infos-droitshumains.net\/?p=16035#primaryimage"},"image":{"@id":"https:\/\/infos-droitshumains.net\/?p=16035#primaryimage"},"thumbnailUrl":"https:\/\/i0.wp.com\/infos-droitshumains.net\/wp-content\/uploads\/2025\/08\/IMG-20250820-WA0106.jpg?fit=2560%2C1706&ssl=1","datePublished":"2025-08-20T21:53:36+00:00","dateModified":"2025-08-20T22:35:07+00:00","breadcrumb":{"@id":"https:\/\/infos-droitshumains.net\/?p=16035#breadcrumb"},"inLanguage":"fr-FR","potentialAction":[{"@type":"ReadAction","target":["https:\/\/infos-droitshumains.net\/?p=16035"]}]},{"@type":"ImageObject","inLanguage":"fr-FR","@id":"https:\/\/infos-droitshumains.net\/?p=16035#primaryimage","url":"https:\/\/i0.wp.com\/infos-droitshumains.net\/wp-content\/uploads\/2025\/08\/IMG-20250820-WA0106.jpg?fit=2560%2C1706&ssl=1","contentUrl":"https:\/\/i0.wp.com\/infos-droitshumains.net\/wp-content\/uploads\/2025\/08\/IMG-20250820-WA0106.jpg?fit=2560%2C1706&ssl=1","width":2560,"height":1706},{"@type":"BreadcrumbList","@id":"https:\/\/infos-droitshumains.net\/?p=16035#breadcrumb","itemListElement":[{"@type":"ListItem","position":1,"name":"Accueil","item":"https:\/\/infos-droitshumains.net\/"},{"@type":"ListItem","position":2,"name":"RDC\u00a0: La CENAREF et l\u2019ONEC unissent leurs forces pour mettre fin \u00e0 la falsification des \u00e9tats financiers"}]},{"@type":"WebSite","@id":"https:\/\/infos-droitshumains.net\/#website","url":"https:\/\/infos-droitshumains.net\/","name":"Infos Droits Humains","description":"S&#039;informer est un droit","publisher":{"@id":"https:\/\/infos-droitshumains.net\/#organization"},"potentialAction":[{"@type":"SearchAction","target":{"@type":"EntryPoint","urlTemplate":"https:\/\/infos-droitshumains.net\/?s={search_term_string}"},"query-input":{"@type":"PropertyValueSpecification","valueRequired":true,"valueName":"search_term_string"}}],"inLanguage":"fr-FR"},{"@type":"Organization","@id":"https:\/\/infos-droitshumains.net\/#organization","name":"Infos Droits Humains","url":"https:\/\/infos-droitshumains.net\/","logo":{"@type":"ImageObject","inLanguage":"fr-FR","@id":"https:\/\/infos-droitshumains.net\/#\/schema\/logo\/image\/","url":"https:\/\/i0.wp.com\/infos-droitshumains.net\/wp-content\/uploads\/2022\/05\/Logo.png?fit=333%2C129&ssl=1","contentUrl":"https:\/\/i0.wp.com\/infos-droitshumains.net\/wp-content\/uploads\/2022\/05\/Logo.png?fit=333%2C129&ssl=1","width":333,"height":129,"caption":"Infos Droits Humains"},"image":{"@id":"https:\/\/infos-droitshumains.net\/#\/schema\/logo\/image\/"}},{"@type":"Person","@id":"https:\/\/infos-droitshumains.net\/#\/schema\/person\/db4428dbf83d2d51ecdb0cc0aed0c47f","name":"Super","image":{"@type":"ImageObject","inLanguage":"fr-FR","@id":"https:\/\/secure.gravatar.com\/avatar\/a177815e4b161b0d81413b73815c697bc0e3e6e6fe4a06e3147af3c9aa47fd3b?s=96&d=mm&r=g","url":"https:\/\/secure.gravatar.com\/avatar\/a177815e4b161b0d81413b73815c697bc0e3e6e6fe4a06e3147af3c9aa47fd3b?s=96&d=mm&r=g","contentUrl":"https:\/\/secure.gravatar.com\/avatar\/a177815e4b161b0d81413b73815c697bc0e3e6e6fe4a06e3147af3c9aa47fd3b?s=96&d=mm&r=g","caption":"Super"},"url":"https:\/\/infos-droitshumains.net\/?author=3"}]}},"featured_image_urls":{"full":["https:\/\/i0.wp.com\/infos-droitshumains.net\/wp-content\/uploads\/2025\/08\/IMG-20250820-WA0106.jpg?fit=2560%2C1706&ssl=1",2560,1706,false],"thumbnail":["https:\/\/i0.wp.com\/infos-droitshumains.net\/wp-content\/uploads\/2025\/08\/IMG-20250820-WA0106.jpg?resize=150%2C150&ssl=1",150,150,true],"medium":["https:\/\/i0.wp.com\/infos-droitshumains.net\/wp-content\/uploads\/2025\/08\/IMG-20250820-WA0106.jpg?fit=300%2C200&ssl=1",300,200,true],"medium_large":["https:\/\/i0.wp.com\/infos-droitshumains.net\/wp-content\/uploads\/2025\/08\/IMG-20250820-WA0106.jpg?fit=640%2C427&ssl=1",640,427,true],"large":["https:\/\/i0.wp.com\/infos-droitshumains.net\/wp-content\/uploads\/2025\/08\/IMG-20250820-WA0106.jpg?fit=640%2C426&ssl=1",640,426,true],"1536x1536":["https:\/\/i0.wp.com\/infos-droitshumains.net\/wp-content\/uploads\/2025\/08\/IMG-20250820-WA0106.jpg?fit=1536%2C1024&ssl=1",1536,1024,true],"2048x2048":["https:\/\/i0.wp.com\/infos-droitshumains.net\/wp-content\/uploads\/2025\/08\/IMG-20250820-WA0106.jpg?fit=2048%2C1365&ssl=1",2048,1365,true],"covernews-slider-full":["https:\/\/i0.wp.com\/infos-droitshumains.net\/wp-content\/uploads\/2025\/08\/IMG-20250820-WA0106.jpg?resize=1115%2C715&ssl=1",1115,715,true],"covernews-slider-center":["https:\/\/i0.wp.com\/infos-droitshumains.net\/wp-content\/uploads\/2025\/08\/IMG-20250820-WA0106.jpg?resize=800%2C500&ssl=1",800,500,true],"covernews-featured":["https:\/\/i0.wp.com\/infos-droitshumains.net\/wp-content\/uploads\/2025\/08\/IMG-20250820-WA0106.jpg?fit=1024%2C682&ssl=1",1024,682,true],"covernews-medium":["https:\/\/i0.wp.com\/infos-droitshumains.net\/wp-content\/uploads\/2025\/08\/IMG-20250820-WA0106.jpg?resize=540%2C340&ssl=1",540,340,true],"covernews-medium-square":["https:\/\/i0.wp.com\/infos-droitshumains.net\/wp-content\/uploads\/2025\/08\/IMG-20250820-WA0106.jpg?resize=400%2C250&ssl=1",400,250,true]},"author_info":{"display_name":"Super","author_link":"https:\/\/infos-droitshumains.net\/?author=3"},"category_info":"<a href=\"https:\/\/infos-droitshumains.net\/?cat=29\" rel=\"category\">Actualit\u00e9s<\/a> <a href=\"https:\/\/infos-droitshumains.net\/?cat=6\" rel=\"category\">Justice<\/a>","tag_info":"Justice","comment_count":"0","jetpack_featured_media_url":"https:\/\/i0.wp.com\/infos-droitshumains.net\/wp-content\/uploads\/2025\/08\/IMG-20250820-WA0106.jpg?fit=2560%2C1706&ssl=1","jetpack-related-posts":[],"jetpack_sharing_enabled":true,"_links":{"self":[{"href":"https:\/\/infos-droitshumains.net\/index.php?rest_route=\/wp\/v2\/posts\/16035","targetHints":{"allow":["GET"]}}],"collection":[{"href":"https:\/\/infos-droitshumains.net\/index.php?rest_route=\/wp\/v2\/posts"}],"about":[{"href":"https:\/\/infos-droitshumains.net\/index.php?rest_route=\/wp\/v2\/types\/post"}],"author":[{"embeddable":true,"href":"https:\/\/infos-droitshumains.net\/index.php?rest_route=\/wp\/v2\/users\/3"}],"replies":[{"embeddable":true,"href":"https:\/\/infos-droitshumains.net\/index.php?rest_route=%2Fwp%2Fv2%2Fcomments&post=16035"}],"version-history":[{"count":5,"href":"https:\/\/infos-droitshumains.net\/index.php?rest_route=\/wp\/v2\/posts\/16035\/revisions"}],"predecessor-version":[{"id":16050,"href":"https:\/\/infos-droitshumains.net\/index.php?rest_route=\/wp\/v2\/posts\/16035\/revisions\/16050"}],"wp:featuredmedia":[{"embeddable":true,"href":"https:\/\/infos-droitshumains.net\/index.php?rest_route=\/wp\/v2\/media\/16037"}],"wp:attachment":[{"href":"https:\/\/infos-droitshumains.net\/index.php?rest_route=%2Fwp%2Fv2%2Fmedia&parent=16035"}],"wp:term":[{"taxonomy":"category","embeddable":true,"href":"https:\/\/infos-droitshumains.net\/index.php?rest_route=%2Fwp%2Fv2%2Fcategories&post=16035"},{"taxonomy":"post_tag","embeddable":true,"href":"https:\/\/infos-droitshumains.net\/index.php?rest_route=%2Fwp%2Fv2%2Ftags&post=16035"}],"curies":[{"name":"wp","href":"https:\/\/api.w.org\/{rel}","templated":true}]}}