{"id":15986,"date":"2025-08-16T11:02:00","date_gmt":"2025-08-16T09:02:00","guid":{"rendered":"https:\/\/infos-droitshumains.net\/?p=15986"},"modified":"2025-08-16T21:44:43","modified_gmt":"2025-08-16T19:44:43","slug":"inauguration-solennelle-de-la-maison-du-barreau-de-lualaba-un-nouveau-siege-pour-la-justice-et-la-defense-des-droits","status":"publish","type":"post","link":"https:\/\/infos-droitshumains.net\/?p=15986","title":{"rendered":"Inauguration solennelle de la Maison du Barreau de Lualaba : Un nouveau si\u00e8ge pour la justice et la d\u00e9fense des droits"},"content":{"rendered":"\n<p><strong>R\u00e9daction: +243 817 406 088<\/strong><\/p>\n\n\n\n<h3 class=\"wp-block-heading has-vivid-red-color has-text-color has-link-color wp-elements-e0b9b5c022c89407ee90136ec6a0a205\">C\u2019est dans une ambiance solennelle et empreinte de fiert\u00e9 que s\u2019est tenue ce vendredi 15 ao\u00fbt, la c\u00e9r\u00e9monie officielle d\u2019inauguration de la Maison du Barreau de Lualaba, un \u00e9difice moderne qui vient d\u00e9sormais incarner la pr\u00e9sence et la force de l\u2019Ordre des avocats dans cette province strat\u00e9gique de la R\u00e9publique D\u00e9mocratique du Congo. Une ambition plus large, plus profond&nbsp;; celle de faire un lien entre le monde judiciaire et la soci\u00e9t\u00e9.<\/h3>\n\n\n\n<p><strong>Un cadre digne pour les hommes et femmes de loi<\/strong><\/p>\n\n\n\n<p>Situ\u00e9e au centre-ville de &nbsp;Kolwezi, capitale provinciale, la Maison du Barreau de Lualaba se veut un espace fonctionnel, con\u00e7u pour r\u00e9pondre aux besoins croissants de la profession. Le b\u00e2timent, \u00e0 l\u2019architecture contemporaine est constitu\u00e9 d\u2019un rez-de-chauss\u00e9e et un niveau&nbsp;; il &nbsp;comprend notamment, une salle de conf\u00e9rences de 750 places assises, un balcon et plus de 12 bureaux administratifs modernes des membres du Conseil de l\u2019Ordre, une biblioth\u00e8que etc\u2026<\/p>\n\n\n\n<figure class=\"wp-block-image alignfull size-large\"><img data-recalc-dims=\"1\" fetchpriority=\"high\" decoding=\"async\" width=\"640\" height=\"427\" src=\"https:\/\/i0.wp.com\/infos-droitshumains.net\/wp-content\/uploads\/2025\/08\/1000266593.jpg?resize=640%2C427&#038;ssl=1\" alt=\"\" class=\"wp-image-15994\" srcset=\"https:\/\/i0.wp.com\/infos-droitshumains.net\/wp-content\/uploads\/2025\/08\/1000266593.jpg?resize=1024%2C683&amp;ssl=1 1024w, https:\/\/i0.wp.com\/infos-droitshumains.net\/wp-content\/uploads\/2025\/08\/1000266593.jpg?resize=300%2C200&amp;ssl=1 300w, https:\/\/i0.wp.com\/infos-droitshumains.net\/wp-content\/uploads\/2025\/08\/1000266593.jpg?resize=768%2C512&amp;ssl=1 768w, https:\/\/i0.wp.com\/infos-droitshumains.net\/wp-content\/uploads\/2025\/08\/1000266593.jpg?resize=1536%2C1024&amp;ssl=1 1536w, https:\/\/i0.wp.com\/infos-droitshumains.net\/wp-content\/uploads\/2025\/08\/1000266593.jpg?resize=2048%2C1365&amp;ssl=1 2048w, https:\/\/i0.wp.com\/infos-droitshumains.net\/wp-content\/uploads\/2025\/08\/1000266593.jpg?w=1280&amp;ssl=1 1280w, https:\/\/i0.wp.com\/infos-droitshumains.net\/wp-content\/uploads\/2025\/08\/1000266593.jpg?w=1920&amp;ssl=1 1920w\" sizes=\"(max-width: 640px) 100vw, 640px\" \/><\/figure>\n\n\n\n<p>Cet investissement t\u00e9moigne de la volont\u00e9 des avocats du Lualaba de se doter d\u2019un outil de travail \u00e0 la hauteur de leurs missions : d\u00e9fendre les justiciables, promouvoir l\u2019\u00c9tat de droit et participer \u00e0 la consolidation de la d\u00e9mocratie en RDC&nbsp;:<\/p>\n\n\n\n<p><em>\u00abJe note avec satisfaction que les frais de chancellerie et d\u2019admission des candidats \u00e0 la liste de stage ont largement contribu\u00e9 \u00e0 la construction de cet \u00e9difice.&nbsp; A ce titre pr\u00e9cis, je tiens \u00e0 t\u00e9moigner toute ma reconnaissance d\u2019abord au Dieu tout puissant, qui par sa gr\u00e2ce, rend possible l\u2019impossible; puis, aux avocats du Lualaba,&nbsp; particuli\u00e8rement,&nbsp; ceux qui paient r\u00e9guli\u00e8rement les cotisations&#8230; Cela est autant vrai que l\u00e0 o\u00f9 la justice trouve un toit, la soci\u00e9t\u00e9 trouve un espoir&#8230;&nbsp;\u00bb<\/em>, a d\u00e9clar\u00e9 Me. Laurent Mbako, B\u00e2tonnier de l\u2019Ordre du Barreau de Lualaba pour qui, cet \u00e9difice est porteur d\u2019un message fort \u00e0 la fois, &nbsp;symbolique et institutionnel. <em>\u00ab&nbsp;Il mat\u00e9rialise un double langage. D\u2019une part, il exprime l\u2019\u00e9lan d\u2019une justice congolaise qui se rel\u00e8ve,&nbsp; et d\u2019autre part, il t\u00e9moignage la vitalit\u00e9 du Barreau congolais.&nbsp; Oui! Le Barreau congolais se porte bien! Et plus encore,&nbsp; celui de Lualaba se distingue aujourd&rsquo;hui comme une r\u00e9f\u00e9rence de dynamisme, d\u2019organisation et de r\u00e9silience&nbsp;\u00bb<\/em>, a-t-il poursuivi.<\/p>\n\n\n\n<figure class=\"wp-block-image alignfull size-large\"><img data-recalc-dims=\"1\" decoding=\"async\" width=\"640\" height=\"427\" src=\"https:\/\/i0.wp.com\/infos-droitshumains.net\/wp-content\/uploads\/2025\/08\/1000266587.jpg?resize=640%2C427&#038;ssl=1\" alt=\"\" class=\"wp-image-15990\" srcset=\"https:\/\/i0.wp.com\/infos-droitshumains.net\/wp-content\/uploads\/2025\/08\/1000266587.jpg?resize=1024%2C683&amp;ssl=1 1024w, https:\/\/i0.wp.com\/infos-droitshumains.net\/wp-content\/uploads\/2025\/08\/1000266587.jpg?resize=300%2C200&amp;ssl=1 300w, https:\/\/i0.wp.com\/infos-droitshumains.net\/wp-content\/uploads\/2025\/08\/1000266587.jpg?resize=768%2C512&amp;ssl=1 768w, https:\/\/i0.wp.com\/infos-droitshumains.net\/wp-content\/uploads\/2025\/08\/1000266587.jpg?resize=1536%2C1024&amp;ssl=1 1536w, https:\/\/i0.wp.com\/infos-droitshumains.net\/wp-content\/uploads\/2025\/08\/1000266587.jpg?resize=2048%2C1365&amp;ssl=1 2048w, https:\/\/i0.wp.com\/infos-droitshumains.net\/wp-content\/uploads\/2025\/08\/1000266587.jpg?w=1280&amp;ssl=1 1280w, https:\/\/i0.wp.com\/infos-droitshumains.net\/wp-content\/uploads\/2025\/08\/1000266587.jpg?w=1920&amp;ssl=1 1920w\" sizes=\"(max-width: 640px) 100vw, 640px\" \/><\/figure>\n\n\n\n<p>Le B\u00e2tonnier Mbako a par ailleurs salu\u00e9 l\u2019implication combien profonde de la Gouverneur de province pour l\u2019\u00e9dification de ce b\u00e2timent&nbsp;:<\/p>\n\n\n\n<p><em>\u00ab Le Barreau de Lualaba vient ici rendre un hommage solennel et une reconnaissance m\u00e9rit\u00e9e \u00e0 toutes celles et tous ceux qui ont rendu possible cette r\u00e9alisation, pensant d\u2019abord \u00e0 nos institutions partenaires.&nbsp; Je cite, le gouvernement provincial du Lualaba,&nbsp; et plus particuli\u00e8rement,&nbsp; \u00e0 Son Excellence Madame le Gouverneur de la Province de Lualaba,&nbsp; Marie-Th\u00e9r\u00e8se Fifi Masuka Saini qui, au-del\u00e0 du travail remarquable en termes des chantiers inaugur\u00e9s en province, s\u2019est r\u00e9solument engag\u00e9 \u00e0 accompagner le Barreau du Lualaba avec un financement important. Je tiens, au nom de toute la communaut\u00e9 des avocats,&nbsp; et au mien propre,&nbsp; \u00e0 vous&nbsp; t\u00e9moigner notre gratitude pour avoir accompagn\u00e9 et accorder un int\u00e9r\u00eat particulier, surtout,&nbsp; le b\u00e9n\u00e9fice de l\u2019urgence pour la r\u00e9alisation de cet immense projet, avec satisfaction.&nbsp;\u00bb<\/em><\/p>\n\n\n\n<p><strong>Une c\u00e9r\u00e9monie marqu\u00e9e par la pr\u00e9sence des autorit\u00e9s<\/strong><\/p>\n\n\n\n<p>La c\u00e9r\u00e9monie a r\u00e9uni plusieurs personnalit\u00e9s de premier plan, parmi lesquelles le B\u00e2tonnier national, des repr\u00e9sentants du Conseil Sup\u00e9rieur de la Magistrature, des membres du gouvernement et assembl\u00e9e provincial, des partenaires internationaux du secteur judiciaire, ainsi que de nombreux avocats venus de diff\u00e9rentes provinces et des pays voisins.<\/p>\n\n\n\n<p>Pour le B\u00e2tonnier national, cette r\u00e9alisation est une source d\u2019inspiration pour les autres Barreaux du pays&nbsp;:<\/p>\n\n\n\n<p><em>\u00ab&nbsp;Monsieur le B\u00e2tonnier,&nbsp; vous remercier ne suffit pas, il faut vous f\u00e9liciter pour la r\u00e9alisation d\u2019un tel ouvrage qui ne va pas manquer de faire des \u00e9mules en inspirant d\u2019autres Barreaux de notre pays&#8230; Ce lieu est certes un espace physique, mais il devrait \u00eatre par contre, ce temple qui garde des r\u00e8gles&nbsp; de l\u2019\u00e9thique professionnel, inspirant l\u2019avocat \u00e0 accomplir sa mission avec dignit\u00e9,&nbsp; int\u00e9grit\u00e9 et ind\u00e9pendance&#8230; Mon souhait est qu\u2019\u00e0 travers les ann\u00e9es, cette maison du Barreau puisse incarner l\u2019histoire, l\u2019organisation l\u2019\u00e9volution non seulement de la profession d\u2019avocat,&nbsp; mais aussi et surtout,&nbsp; du droit et de la justice telle que rendue dans le ressort de la Cour d\u2019Appel du Lualaba&nbsp;\u00bb<\/em>, a souhait\u00e9 le B\u00e2tonnier national Michel Shebele.<\/p>\n\n\n\n<p>Cet \u00e9difice repr\u00e9sente en outre pour le Secr\u00e9taire Permanent du Conseil Sup\u00e9rieur de la Magistrature, <em>\u00ab&nbsp;l\u2019aboutissement d\u2019un r\u00eave port\u00e9 d\u00e8s les premi\u00e8res heures et prend racine dans l\u2019histoire r\u00e9cente de la Province de Lualaba\u2026&nbsp;\u00bb<\/em> \u00ab&nbsp;Cette maison c\u2019est comme un grain qu\u2019on a sem\u00e9 et qui a grandi et qui a port\u00e9 des fruits. Ce b\u00e2timent est un symbole de stabilit\u00e9, d\u2019encrage institutionnel et de l\u2019unit\u00e9 pour les avocats&nbsp;\u00bb, a rench\u00e9ri T\u00e9lesphore Nduba.<\/p>\n\n\n\n<p><strong>Un signal fort pour l\u2019avenir de la profession<\/strong><\/p>\n\n\n\n<p>L\u2019inauguration de la Maison du Barreau intervient dans un contexte o\u00f9 la justice congolaise fait face \u00e0 de nombreux d\u00e9fis : ind\u00e9pendance des magistrats, protection des avocats dans l\u2019exercice de leurs fonctions, acc\u00e8s \u00e9quitable \u00e0 la justice pour tous. En dotant le Barreau d\u2019un si\u00e8ge digne et moderne, les avocats du Lualaba entendent affirmer leur r\u00f4le incontournable dans le syst\u00e8me judiciaire et renforcer leur contribution au service du justiciable.<\/p>\n\n\n\n<figure class=\"wp-block-image alignfull size-large\"><img data-recalc-dims=\"1\" decoding=\"async\" width=\"640\" height=\"427\" src=\"https:\/\/i0.wp.com\/infos-droitshumains.net\/wp-content\/uploads\/2025\/08\/1000266590.jpg?resize=640%2C427&#038;ssl=1\" alt=\"\" class=\"wp-image-15996\" srcset=\"https:\/\/i0.wp.com\/infos-droitshumains.net\/wp-content\/uploads\/2025\/08\/1000266590.jpg?resize=1024%2C683&amp;ssl=1 1024w, https:\/\/i0.wp.com\/infos-droitshumains.net\/wp-content\/uploads\/2025\/08\/1000266590.jpg?resize=300%2C200&amp;ssl=1 300w, https:\/\/i0.wp.com\/infos-droitshumains.net\/wp-content\/uploads\/2025\/08\/1000266590.jpg?resize=768%2C512&amp;ssl=1 768w, https:\/\/i0.wp.com\/infos-droitshumains.net\/wp-content\/uploads\/2025\/08\/1000266590.jpg?resize=1536%2C1024&amp;ssl=1 1536w, https:\/\/i0.wp.com\/infos-droitshumains.net\/wp-content\/uploads\/2025\/08\/1000266590.jpg?resize=2048%2C1365&amp;ssl=1 2048w, https:\/\/i0.wp.com\/infos-droitshumains.net\/wp-content\/uploads\/2025\/08\/1000266590.jpg?w=1280&amp;ssl=1 1280w, https:\/\/i0.wp.com\/infos-droitshumains.net\/wp-content\/uploads\/2025\/08\/1000266590.jpg?w=1920&amp;ssl=1 1920w\" sizes=\"(max-width: 640px) 100vw, 640px\" \/><\/figure>\n\n\n\n<p><strong>Une c\u00e9l\u00e9bration festive et fraternelle<\/strong><\/p>\n\n\n\n<p>Apr\u00e8s les discours officiels et la coupure du ruban symbolique, la c\u00e9r\u00e9monie s\u2019est poursuivie par une visite guid\u00e9e des installations, suivie d\u2019une r\u00e9ception conviviale. Dans une ambiance fraternelle, avocats, magistrats et invit\u00e9s ont partag\u00e9 ce moment historique, marqu\u00e9 par la fiert\u00e9 et l\u2019espoir d\u2019une justice de plus en plus accessible et respect\u00e9e dans la province.<\/p>\n\n\n\n<p>Signalons par ailleurs que les travaux de construction de cette maison du Barreau &nbsp;ont d\u00e9but\u00e9 en mars 2019, ils se sont \u00e9tendus sur une dur\u00e9e totale de six ans et cinq mois.<\/p>\n\n\n\n<p>Merlin Kamalandua<\/p>\n","protected":false},"excerpt":{"rendered":"<p>R\u00e9daction: +243 817 406 088 C\u2019est dans une ambiance solennelle et empreinte de fiert\u00e9 que&#8230;<\/p>\n","protected":false},"author":2,"featured_media":15988,"comment_status":"open","ping_status":"open","sticky":false,"template":"","format":"standard","meta":{"_jetpack_memberships_contains_paid_content":false,"footnotes":""},"categories":[6],"tags":[],"class_list":["post-15986","post","type-post","status-publish","format-standard","has-post-thumbnail","hentry","category-justice"],"yoast_head":"<!-- This site is optimized with the Yoast SEO plugin v27.5 - https:\/\/yoast.com\/product\/yoast-seo-wordpress\/ -->\n<title>Inauguration solennelle de la Maison du Barreau de Lualaba : Un nouveau si\u00e8ge pour la justice et la d\u00e9fense des droits - Infos Droits Humains<\/title>\n<meta name=\"robots\" content=\"index, follow, max-snippet:-1, max-image-preview:large, max-video-preview:-1\" \/>\n<link rel=\"canonical\" href=\"https:\/\/infos-droitshumains.net\/?p=15986\" \/>\n<meta property=\"og:locale\" content=\"fr_FR\" \/>\n<meta property=\"og:type\" content=\"article\" \/>\n<meta property=\"og:title\" content=\"Inauguration solennelle de la Maison du Barreau de Lualaba : Un nouveau si\u00e8ge pour la justice et la d\u00e9fense des droits - Infos Droits Humains\" \/>\n<meta property=\"og:description\" content=\"R\u00e9daction: +243 817 406 088 C\u2019est dans une ambiance solennelle et empreinte de fiert\u00e9 que...\" \/>\n<meta property=\"og:url\" content=\"https:\/\/infos-droitshumains.net\/?p=15986\" \/>\n<meta property=\"og:site_name\" content=\"Infos Droits Humains\" \/>\n<meta property=\"article:published_time\" content=\"2025-08-16T09:02:00+00:00\" \/>\n<meta property=\"article:modified_time\" content=\"2025-08-16T19:44:43+00:00\" \/>\n<meta property=\"og:image\" content=\"https:\/\/infos-droitshumains.net\/wp-content\/uploads\/2025\/08\/IMG-20250816-WA0037.jpg\" \/>\n\t<meta property=\"og:image:width\" content=\"1020\" \/>\n\t<meta property=\"og:image:height\" content=\"765\" \/>\n\t<meta property=\"og:image:type\" content=\"image\/jpeg\" \/>\n<meta name=\"author\" content=\"Jo\u00ebl Diawa\" \/>\n<meta name=\"twitter:card\" content=\"summary_large_image\" \/>\n<meta name=\"twitter:label1\" content=\"\u00c9crit par\" \/>\n\t<meta name=\"twitter:data1\" content=\"Jo\u00ebl Diawa\" \/>\n\t<meta name=\"twitter:label2\" content=\"Dur\u00e9e de lecture estim\u00e9e\" \/>\n\t<meta name=\"twitter:data2\" content=\"6 minutes\" \/>\n<script type=\"application\/ld+json\" class=\"yoast-schema-graph\">{\"@context\":\"https:\\\/\\\/schema.org\",\"@graph\":[{\"@type\":\"Article\",\"@id\":\"https:\\\/\\\/infos-droitshumains.net\\\/?p=15986#article\",\"isPartOf\":{\"@id\":\"https:\\\/\\\/infos-droitshumains.net\\\/?p=15986\"},\"author\":{\"name\":\"Jo\u00ebl Diawa\",\"@id\":\"https:\\\/\\\/infos-droitshumains.net\\\/#\\\/schema\\\/person\\\/3dc5e921c3302172e0ed4362f96faab7\"},\"headline\":\"Inauguration solennelle de la Maison du Barreau de Lualaba : Un nouveau si\u00e8ge pour la justice et la d\u00e9fense des droits\",\"datePublished\":\"2025-08-16T09:02:00+00:00\",\"dateModified\":\"2025-08-16T19:44:43+00:00\",\"mainEntityOfPage\":{\"@id\":\"https:\\\/\\\/infos-droitshumains.net\\\/?p=15986\"},\"wordCount\":1116,\"commentCount\":0,\"publisher\":{\"@id\":\"https:\\\/\\\/infos-droitshumains.net\\\/#organization\"},\"image\":{\"@id\":\"https:\\\/\\\/infos-droitshumains.net\\\/?p=15986#primaryimage\"},\"thumbnailUrl\":\"https:\\\/\\\/i0.wp.com\\\/infos-droitshumains.net\\\/wp-content\\\/uploads\\\/2025\\\/08\\\/IMG-20250816-WA0037.jpg?fit=1020%2C765&ssl=1\",\"articleSection\":[\"Justice\"],\"inLanguage\":\"fr-FR\",\"potentialAction\":[{\"@type\":\"CommentAction\",\"name\":\"Comment\",\"target\":[\"https:\\\/\\\/infos-droitshumains.net\\\/?p=15986#respond\"]}]},{\"@type\":\"WebPage\",\"@id\":\"https:\\\/\\\/infos-droitshumains.net\\\/?p=15986\",\"url\":\"https:\\\/\\\/infos-droitshumains.net\\\/?p=15986\",\"name\":\"Inauguration solennelle de la Maison du Barreau de Lualaba : Un nouveau si\u00e8ge pour la justice et la d\u00e9fense des droits - Infos Droits Humains\",\"isPartOf\":{\"@id\":\"https:\\\/\\\/infos-droitshumains.net\\\/#website\"},\"primaryImageOfPage\":{\"@id\":\"https:\\\/\\\/infos-droitshumains.net\\\/?p=15986#primaryimage\"},\"image\":{\"@id\":\"https:\\\/\\\/infos-droitshumains.net\\\/?p=15986#primaryimage\"},\"thumbnailUrl\":\"https:\\\/\\\/i0.wp.com\\\/infos-droitshumains.net\\\/wp-content\\\/uploads\\\/2025\\\/08\\\/IMG-20250816-WA0037.jpg?fit=1020%2C765&ssl=1\",\"datePublished\":\"2025-08-16T09:02:00+00:00\",\"dateModified\":\"2025-08-16T19:44:43+00:00\",\"breadcrumb\":{\"@id\":\"https:\\\/\\\/infos-droitshumains.net\\\/?p=15986#breadcrumb\"},\"inLanguage\":\"fr-FR\",\"potentialAction\":[{\"@type\":\"ReadAction\",\"target\":[\"https:\\\/\\\/infos-droitshumains.net\\\/?p=15986\"]}]},{\"@type\":\"ImageObject\",\"inLanguage\":\"fr-FR\",\"@id\":\"https:\\\/\\\/infos-droitshumains.net\\\/?p=15986#primaryimage\",\"url\":\"https:\\\/\\\/i0.wp.com\\\/infos-droitshumains.net\\\/wp-content\\\/uploads\\\/2025\\\/08\\\/IMG-20250816-WA0037.jpg?fit=1020%2C765&ssl=1\",\"contentUrl\":\"https:\\\/\\\/i0.wp.com\\\/infos-droitshumains.net\\\/wp-content\\\/uploads\\\/2025\\\/08\\\/IMG-20250816-WA0037.jpg?fit=1020%2C765&ssl=1\",\"width\":1020,\"height\":765},{\"@type\":\"BreadcrumbList\",\"@id\":\"https:\\\/\\\/infos-droitshumains.net\\\/?p=15986#breadcrumb\",\"itemListElement\":[{\"@type\":\"ListItem\",\"position\":1,\"name\":\"Accueil\",\"item\":\"https:\\\/\\\/infos-droitshumains.net\\\/\"},{\"@type\":\"ListItem\",\"position\":2,\"name\":\"Inauguration solennelle de la Maison du Barreau de Lualaba : Un nouveau si\u00e8ge pour la justice et la d\u00e9fense des droits\"}]},{\"@type\":\"WebSite\",\"@id\":\"https:\\\/\\\/infos-droitshumains.net\\\/#website\",\"url\":\"https:\\\/\\\/infos-droitshumains.net\\\/\",\"name\":\"Infos Droits Humains\",\"description\":\"S&#039;informer est un droit\",\"publisher\":{\"@id\":\"https:\\\/\\\/infos-droitshumains.net\\\/#organization\"},\"potentialAction\":[{\"@type\":\"SearchAction\",\"target\":{\"@type\":\"EntryPoint\",\"urlTemplate\":\"https:\\\/\\\/infos-droitshumains.net\\\/?s={search_term_string}\"},\"query-input\":{\"@type\":\"PropertyValueSpecification\",\"valueRequired\":true,\"valueName\":\"search_term_string\"}}],\"inLanguage\":\"fr-FR\"},{\"@type\":\"Organization\",\"@id\":\"https:\\\/\\\/infos-droitshumains.net\\\/#organization\",\"name\":\"Infos Droits Humains\",\"url\":\"https:\\\/\\\/infos-droitshumains.net\\\/\",\"logo\":{\"@type\":\"ImageObject\",\"inLanguage\":\"fr-FR\",\"@id\":\"https:\\\/\\\/infos-droitshumains.net\\\/#\\\/schema\\\/logo\\\/image\\\/\",\"url\":\"https:\\\/\\\/i0.wp.com\\\/infos-droitshumains.net\\\/wp-content\\\/uploads\\\/2022\\\/05\\\/Logo.png?fit=333%2C129&ssl=1\",\"contentUrl\":\"https:\\\/\\\/i0.wp.com\\\/infos-droitshumains.net\\\/wp-content\\\/uploads\\\/2022\\\/05\\\/Logo.png?fit=333%2C129&ssl=1\",\"width\":333,\"height\":129,\"caption\":\"Infos Droits Humains\"},\"image\":{\"@id\":\"https:\\\/\\\/infos-droitshumains.net\\\/#\\\/schema\\\/logo\\\/image\\\/\"}},{\"@type\":\"Person\",\"@id\":\"https:\\\/\\\/infos-droitshumains.net\\\/#\\\/schema\\\/person\\\/3dc5e921c3302172e0ed4362f96faab7\",\"name\":\"Jo\u00ebl Diawa\",\"image\":{\"@type\":\"ImageObject\",\"inLanguage\":\"fr-FR\",\"@id\":\"https:\\\/\\\/secure.gravatar.com\\\/avatar\\\/729bea6ff4604c624417803c477363be8e3c7186deaa65713313f9b4b820f41c?s=96&d=mm&r=g\",\"url\":\"https:\\\/\\\/secure.gravatar.com\\\/avatar\\\/729bea6ff4604c624417803c477363be8e3c7186deaa65713313f9b4b820f41c?s=96&d=mm&r=g\",\"contentUrl\":\"https:\\\/\\\/secure.gravatar.com\\\/avatar\\\/729bea6ff4604c624417803c477363be8e3c7186deaa65713313f9b4b820f41c?s=96&d=mm&r=g\",\"caption\":\"Jo\u00ebl Diawa\"},\"sameAs\":[\"https:\\\/\\\/www.infos-droitshumains.net\"],\"url\":\"https:\\\/\\\/infos-droitshumains.net\\\/?author=2\"}]}<\/script>\n<!-- \/ Yoast SEO plugin. -->","yoast_head_json":{"title":"Inauguration solennelle de la Maison du Barreau de Lualaba : Un nouveau si\u00e8ge pour la justice et la d\u00e9fense des droits - Infos Droits Humains","robots":{"index":"index","follow":"follow","max-snippet":"max-snippet:-1","max-image-preview":"max-image-preview:large","max-video-preview":"max-video-preview:-1"},"canonical":"https:\/\/infos-droitshumains.net\/?p=15986","og_locale":"fr_FR","og_type":"article","og_title":"Inauguration solennelle de la Maison du Barreau de Lualaba : Un nouveau si\u00e8ge pour la justice et la d\u00e9fense des droits - Infos Droits Humains","og_description":"R\u00e9daction: +243 817 406 088 C\u2019est dans une ambiance solennelle et empreinte de fiert\u00e9 que...","og_url":"https:\/\/infos-droitshumains.net\/?p=15986","og_site_name":"Infos Droits Humains","article_published_time":"2025-08-16T09:02:00+00:00","article_modified_time":"2025-08-16T19:44:43+00:00","og_image":[{"width":1020,"height":765,"url":"https:\/\/infos-droitshumains.net\/wp-content\/uploads\/2025\/08\/IMG-20250816-WA0037.jpg","type":"image\/jpeg"}],"author":"Jo\u00ebl Diawa","twitter_card":"summary_large_image","twitter_misc":{"\u00c9crit par":"Jo\u00ebl Diawa","Dur\u00e9e de lecture estim\u00e9e":"6 minutes"},"schema":{"@context":"https:\/\/schema.org","@graph":[{"@type":"Article","@id":"https:\/\/infos-droitshumains.net\/?p=15986#article","isPartOf":{"@id":"https:\/\/infos-droitshumains.net\/?p=15986"},"author":{"name":"Jo\u00ebl Diawa","@id":"https:\/\/infos-droitshumains.net\/#\/schema\/person\/3dc5e921c3302172e0ed4362f96faab7"},"headline":"Inauguration solennelle de la Maison du Barreau de Lualaba : Un nouveau si\u00e8ge pour la justice et la d\u00e9fense des droits","datePublished":"2025-08-16T09:02:00+00:00","dateModified":"2025-08-16T19:44:43+00:00","mainEntityOfPage":{"@id":"https:\/\/infos-droitshumains.net\/?p=15986"},"wordCount":1116,"commentCount":0,"publisher":{"@id":"https:\/\/infos-droitshumains.net\/#organization"},"image":{"@id":"https:\/\/infos-droitshumains.net\/?p=15986#primaryimage"},"thumbnailUrl":"https:\/\/i0.wp.com\/infos-droitshumains.net\/wp-content\/uploads\/2025\/08\/IMG-20250816-WA0037.jpg?fit=1020%2C765&ssl=1","articleSection":["Justice"],"inLanguage":"fr-FR","potentialAction":[{"@type":"CommentAction","name":"Comment","target":["https:\/\/infos-droitshumains.net\/?p=15986#respond"]}]},{"@type":"WebPage","@id":"https:\/\/infos-droitshumains.net\/?p=15986","url":"https:\/\/infos-droitshumains.net\/?p=15986","name":"Inauguration solennelle de la Maison du Barreau de Lualaba : Un nouveau si\u00e8ge pour la justice et la d\u00e9fense des droits - Infos Droits Humains","isPartOf":{"@id":"https:\/\/infos-droitshumains.net\/#website"},"primaryImageOfPage":{"@id":"https:\/\/infos-droitshumains.net\/?p=15986#primaryimage"},"image":{"@id":"https:\/\/infos-droitshumains.net\/?p=15986#primaryimage"},"thumbnailUrl":"https:\/\/i0.wp.com\/infos-droitshumains.net\/wp-content\/uploads\/2025\/08\/IMG-20250816-WA0037.jpg?fit=1020%2C765&ssl=1","datePublished":"2025-08-16T09:02:00+00:00","dateModified":"2025-08-16T19:44:43+00:00","breadcrumb":{"@id":"https:\/\/infos-droitshumains.net\/?p=15986#breadcrumb"},"inLanguage":"fr-FR","potentialAction":[{"@type":"ReadAction","target":["https:\/\/infos-droitshumains.net\/?p=15986"]}]},{"@type":"ImageObject","inLanguage":"fr-FR","@id":"https:\/\/infos-droitshumains.net\/?p=15986#primaryimage","url":"https:\/\/i0.wp.com\/infos-droitshumains.net\/wp-content\/uploads\/2025\/08\/IMG-20250816-WA0037.jpg?fit=1020%2C765&ssl=1","contentUrl":"https:\/\/i0.wp.com\/infos-droitshumains.net\/wp-content\/uploads\/2025\/08\/IMG-20250816-WA0037.jpg?fit=1020%2C765&ssl=1","width":1020,"height":765},{"@type":"BreadcrumbList","@id":"https:\/\/infos-droitshumains.net\/?p=15986#breadcrumb","itemListElement":[{"@type":"ListItem","position":1,"name":"Accueil","item":"https:\/\/infos-droitshumains.net\/"},{"@type":"ListItem","position":2,"name":"Inauguration solennelle de la Maison du Barreau de Lualaba : Un nouveau si\u00e8ge pour la justice et la d\u00e9fense des droits"}]},{"@type":"WebSite","@id":"https:\/\/infos-droitshumains.net\/#website","url":"https:\/\/infos-droitshumains.net\/","name":"Infos Droits Humains","description":"S&#039;informer est un droit","publisher":{"@id":"https:\/\/infos-droitshumains.net\/#organization"},"potentialAction":[{"@type":"SearchAction","target":{"@type":"EntryPoint","urlTemplate":"https:\/\/infos-droitshumains.net\/?s={search_term_string}"},"query-input":{"@type":"PropertyValueSpecification","valueRequired":true,"valueName":"search_term_string"}}],"inLanguage":"fr-FR"},{"@type":"Organization","@id":"https:\/\/infos-droitshumains.net\/#organization","name":"Infos Droits Humains","url":"https:\/\/infos-droitshumains.net\/","logo":{"@type":"ImageObject","inLanguage":"fr-FR","@id":"https:\/\/infos-droitshumains.net\/#\/schema\/logo\/image\/","url":"https:\/\/i0.wp.com\/infos-droitshumains.net\/wp-content\/uploads\/2022\/05\/Logo.png?fit=333%2C129&ssl=1","contentUrl":"https:\/\/i0.wp.com\/infos-droitshumains.net\/wp-content\/uploads\/2022\/05\/Logo.png?fit=333%2C129&ssl=1","width":333,"height":129,"caption":"Infos Droits Humains"},"image":{"@id":"https:\/\/infos-droitshumains.net\/#\/schema\/logo\/image\/"}},{"@type":"Person","@id":"https:\/\/infos-droitshumains.net\/#\/schema\/person\/3dc5e921c3302172e0ed4362f96faab7","name":"Jo\u00ebl Diawa","image":{"@type":"ImageObject","inLanguage":"fr-FR","@id":"https:\/\/secure.gravatar.com\/avatar\/729bea6ff4604c624417803c477363be8e3c7186deaa65713313f9b4b820f41c?s=96&d=mm&r=g","url":"https:\/\/secure.gravatar.com\/avatar\/729bea6ff4604c624417803c477363be8e3c7186deaa65713313f9b4b820f41c?s=96&d=mm&r=g","contentUrl":"https:\/\/secure.gravatar.com\/avatar\/729bea6ff4604c624417803c477363be8e3c7186deaa65713313f9b4b820f41c?s=96&d=mm&r=g","caption":"Jo\u00ebl Diawa"},"sameAs":["https:\/\/www.infos-droitshumains.net"],"url":"https:\/\/infos-droitshumains.net\/?author=2"}]}},"featured_image_urls":{"full":["https:\/\/i0.wp.com\/infos-droitshumains.net\/wp-content\/uploads\/2025\/08\/IMG-20250816-WA0037.jpg?fit=1020%2C765&ssl=1",1020,765,false],"thumbnail":["https:\/\/i0.wp.com\/infos-droitshumains.net\/wp-content\/uploads\/2025\/08\/IMG-20250816-WA0037.jpg?resize=150%2C150&ssl=1",150,150,true],"medium":["https:\/\/i0.wp.com\/infos-droitshumains.net\/wp-content\/uploads\/2025\/08\/IMG-20250816-WA0037.jpg?fit=300%2C225&ssl=1",300,225,true],"medium_large":["https:\/\/i0.wp.com\/infos-droitshumains.net\/wp-content\/uploads\/2025\/08\/IMG-20250816-WA0037.jpg?fit=640%2C480&ssl=1",640,480,true],"large":["https:\/\/i0.wp.com\/infos-droitshumains.net\/wp-content\/uploads\/2025\/08\/IMG-20250816-WA0037.jpg?fit=640%2C480&ssl=1",640,480,true],"1536x1536":["https:\/\/i0.wp.com\/infos-droitshumains.net\/wp-content\/uploads\/2025\/08\/IMG-20250816-WA0037.jpg?fit=1020%2C765&ssl=1",1020,765,true],"2048x2048":["https:\/\/i0.wp.com\/infos-droitshumains.net\/wp-content\/uploads\/2025\/08\/IMG-20250816-WA0037.jpg?fit=1020%2C765&ssl=1",1020,765,true],"covernews-slider-full":["https:\/\/i0.wp.com\/infos-droitshumains.net\/wp-content\/uploads\/2025\/08\/IMG-20250816-WA0037.jpg?resize=1020%2C715&ssl=1",1020,715,true],"covernews-slider-center":["https:\/\/i0.wp.com\/infos-droitshumains.net\/wp-content\/uploads\/2025\/08\/IMG-20250816-WA0037.jpg?resize=800%2C500&ssl=1",800,500,true],"covernews-featured":["https:\/\/i0.wp.com\/infos-droitshumains.net\/wp-content\/uploads\/2025\/08\/IMG-20250816-WA0037.jpg?fit=1020%2C765&ssl=1",1020,765,true],"covernews-medium":["https:\/\/i0.wp.com\/infos-droitshumains.net\/wp-content\/uploads\/2025\/08\/IMG-20250816-WA0037.jpg?resize=540%2C340&ssl=1",540,340,true],"covernews-medium-square":["https:\/\/i0.wp.com\/infos-droitshumains.net\/wp-content\/uploads\/2025\/08\/IMG-20250816-WA0037.jpg?resize=400%2C250&ssl=1",400,250,true]},"author_info":{"display_name":"Jo\u00ebl Diawa","author_link":"https:\/\/infos-droitshumains.net\/?author=2"},"category_info":"<a href=\"https:\/\/infos-droitshumains.net\/?cat=6\" rel=\"category\">Justice<\/a>","tag_info":"Justice","comment_count":"0","jetpack_featured_media_url":"https:\/\/i0.wp.com\/infos-droitshumains.net\/wp-content\/uploads\/2025\/08\/IMG-20250816-WA0037.jpg?fit=1020%2C765&ssl=1","jetpack-related-posts":[],"jetpack_sharing_enabled":true,"_links":{"self":[{"href":"https:\/\/infos-droitshumains.net\/index.php?rest_route=\/wp\/v2\/posts\/15986","targetHints":{"allow":["GET"]}}],"collection":[{"href":"https:\/\/infos-droitshumains.net\/index.php?rest_route=\/wp\/v2\/posts"}],"about":[{"href":"https:\/\/infos-droitshumains.net\/index.php?rest_route=\/wp\/v2\/types\/post"}],"author":[{"embeddable":true,"href":"https:\/\/infos-droitshumains.net\/index.php?rest_route=\/wp\/v2\/users\/2"}],"replies":[{"embeddable":true,"href":"https:\/\/infos-droitshumains.net\/index.php?rest_route=%2Fwp%2Fv2%2Fcomments&post=15986"}],"version-history":[{"count":4,"href":"https:\/\/infos-droitshumains.net\/index.php?rest_route=\/wp\/v2\/posts\/15986\/revisions"}],"predecessor-version":[{"id":15998,"href":"https:\/\/infos-droitshumains.net\/index.php?rest_route=\/wp\/v2\/posts\/15986\/revisions\/15998"}],"wp:featuredmedia":[{"embeddable":true,"href":"https:\/\/infos-droitshumains.net\/index.php?rest_route=\/wp\/v2\/media\/15988"}],"wp:attachment":[{"href":"https:\/\/infos-droitshumains.net\/index.php?rest_route=%2Fwp%2Fv2%2Fmedia&parent=15986"}],"wp:term":[{"taxonomy":"category","embeddable":true,"href":"https:\/\/infos-droitshumains.net\/index.php?rest_route=%2Fwp%2Fv2%2Fcategories&post=15986"},{"taxonomy":"post_tag","embeddable":true,"href":"https:\/\/infos-droitshumains.net\/index.php?rest_route=%2Fwp%2Fv2%2Ftags&post=15986"}],"curies":[{"name":"wp","href":"https:\/\/api.w.org\/{rel}","templated":true}]}}