{"id":15975,"date":"2025-08-15T02:45:40","date_gmt":"2025-08-15T00:45:40","guid":{"rendered":"https:\/\/infos-droitshumains.net\/?p=15975"},"modified":"2025-08-15T08:50:03","modified_gmt":"2025-08-15T06:50:03","slug":"rdc-lualaba-derniers-reglages-avant-linauguration-de-la-maison-du-barreau","status":"publish","type":"post","link":"https:\/\/infos-droitshumains.net\/?p=15975","title":{"rendered":"RDC-Lualaba : Derniers r\u00e9glages avant l\u2019inauguration de la Maison du Barreau"},"content":{"rendered":"\n<p><strong>R\u00e9daction: +243 817 406 088<\/strong><\/p>\n\n\n\n<h3 class=\"wp-block-heading has-vivid-red-color has-text-color has-link-color wp-elements-240b0891376e297e680a6c5c63aca210\">L\u2019effervescence est palpable ce jeudi14 ao\u00fbt 2025 &nbsp;dans la ville de Kolwezi \u00e0 la veille de l\u2019inauguration officielle de la Maison du Barreau de Lualaba, un \u00e9difice attendu depuis la cr\u00e9ation dudit Barreau issu du d\u00e9membrement de celui de Lubumbashi. Situ\u00e9e au c\u0153ur de la ville, cette infrastructure moderne ambitionne de devenir le centre n\u00e9vralgique des activit\u00e9s des avocats, des juristes et des acteurs du monde judiciaire de la province du Lualaba.<\/h3>\n\n\n\n<p>Sur le site, les ouvriers s\u2019affairent aux derni\u00e8res finitions : installation des enseignes, v\u00e9rification des \u00e9quipements informatiques, mise en place du mobilier et nettoyage m\u00e9ticuleux des espaces int\u00e9rieurs et ext\u00e9rieurs. Les \u00e9quipes techniques veillent \u00e0 ce que chaque d\u00e9tail refl\u00e8te le prestige et la dignit\u00e9 de la profession d\u2019avocat.<\/p>\n\n\n\n<p>Cette inauguration marque <em>\u00ab une \u00e9tape historique pour le Barreau, qui disposera enfin d\u2019un cadre adapt\u00e9 aux exigences contemporaines de la justice \u00bb<\/em>. Le b\u00e2timent construit gr\u00e2ce \u00e0 l\u2019appui financier de Madame le Gouverneur de province, Fifi Masuka Sa\u00efni et au leadership \u00e9clair\u00e9 du B\u00e2tonnier de l\u2019Ordre, Me. Laurent Mbako, comprend notamment une salle polyvalente pour les assembl\u00e9es, des bureaux administratifs, une biblioth\u00e8que juridique, ainsi que des espaces de formation et de consultation.<\/p>\n\n\n\n<p>L\u2019\u00e9v\u00e9nement, pr\u00e9vu ce vendredi 15 ao\u00fbt, r\u00e9unira plusieurs personnalit\u00e9s du monde judiciaire et politique, dont des repr\u00e9sentants du Conseil National de l\u2019Ordre des Avocats, des Barreaux fr\u00e8res, du minist\u00e8re de la Justice, ainsi que des autorit\u00e9s provinciales. Une c\u00e9r\u00e9monie solennelle, ponctu\u00e9e de discours et d\u2019une visite guid\u00e9e des installations, pr\u00e9c\u00e9dera le traditionnel couper de ruban.<\/p>\n\n\n\n<p>Pour les habitants de Kolwezi, interrog\u00e9s par la R\u00e9daction du Journal T\u00e9l\u00e9vis\u00e9 des Droits Humains qui a effectu\u00e9 un d\u00e9placement sp\u00e9cial pour la circonstance, &nbsp;cette Maison du Barreau est per\u00e7ue comme un symbole <em>\u00ab&nbsp;de modernit\u00e9 et de renforcement de l\u2019\u00c9tat de droit dans la province&nbsp;\u00bb<\/em>. Elle devrait \u00e9galement servir de plateforme pour favoriser l\u2019acc\u00e8s \u00e0 la justice pour tous et la d\u00e9fense des droits fondamentaux des citoyens.<\/p>\n\n\n\n<p>D\u2019ores et d\u00e9j\u00e0, l\u2019heure est aux r\u00e9p\u00e9titions protocolaires et \u00e0 la mise en place des dispositifs de s\u00e9curit\u00e9, afin que la journ\u00e9e de ce vendredi se d\u00e9roule dans les meilleures conditions. Tout indique que le rendez-vous de ce vendredi s\u2019annonce historique pour le Barreau de Lualaba et, au-del\u00e0, pour toute la communaut\u00e9 juridique congolaise.<\/p>\n\n\n\n<p>Merlin Kamalandua<\/p>\n","protected":false},"excerpt":{"rendered":"<p>R\u00e9daction: +243 817 406 088 L\u2019effervescence est palpable ce jeudi14 ao\u00fbt 2025 &nbsp;dans la ville&#8230;<\/p>\n","protected":false},"author":2,"featured_media":15980,"comment_status":"open","ping_status":"open","sticky":false,"template":"","format":"standard","meta":{"_jetpack_memberships_contains_paid_content":false,"footnotes":""},"categories":[6],"tags":[],"class_list":["post-15975","post","type-post","status-publish","format-standard","has-post-thumbnail","hentry","category-justice"],"yoast_head":"<!-- This site is optimized with the Yoast SEO plugin v27.5 - https:\/\/yoast.com\/product\/yoast-seo-wordpress\/ -->\n<title>RDC-Lualaba : Derniers r\u00e9glages avant l\u2019inauguration de la Maison du Barreau - Infos Droits Humains<\/title>\n<meta name=\"robots\" content=\"index, follow, max-snippet:-1, max-image-preview:large, max-video-preview:-1\" \/>\n<link rel=\"canonical\" href=\"https:\/\/infos-droitshumains.net\/?p=15975\" \/>\n<meta property=\"og:locale\" content=\"fr_FR\" \/>\n<meta property=\"og:type\" content=\"article\" \/>\n<meta property=\"og:title\" content=\"RDC-Lualaba : Derniers r\u00e9glages avant l\u2019inauguration de la Maison du Barreau - Infos Droits Humains\" \/>\n<meta property=\"og:description\" content=\"R\u00e9daction: +243 817 406 088 L\u2019effervescence est palpable ce jeudi14 ao\u00fbt 2025 &nbsp;dans la ville...\" \/>\n<meta property=\"og:url\" content=\"https:\/\/infos-droitshumains.net\/?p=15975\" \/>\n<meta property=\"og:site_name\" content=\"Infos Droits Humains\" \/>\n<meta property=\"article:published_time\" content=\"2025-08-15T00:45:40+00:00\" \/>\n<meta property=\"article:modified_time\" content=\"2025-08-15T06:50:03+00:00\" \/>\n<meta property=\"og:image\" content=\"https:\/\/infos-droitshumains.net\/wp-content\/uploads\/2025\/08\/IMG-20250814-WA0117-1.jpg\" \/>\n\t<meta property=\"og:image:width\" content=\"1020\" \/>\n\t<meta property=\"og:image:height\" content=\"765\" \/>\n\t<meta property=\"og:image:type\" content=\"image\/jpeg\" \/>\n<meta name=\"author\" content=\"Jo\u00ebl Diawa\" \/>\n<meta name=\"twitter:card\" content=\"summary_large_image\" \/>\n<meta name=\"twitter:label1\" content=\"\u00c9crit par\" \/>\n\t<meta name=\"twitter:data1\" content=\"Jo\u00ebl Diawa\" \/>\n\t<meta name=\"twitter:label2\" content=\"Dur\u00e9e de lecture estim\u00e9e\" \/>\n\t<meta name=\"twitter:data2\" content=\"3 minutes\" \/>\n<script type=\"application\/ld+json\" class=\"yoast-schema-graph\">{\"@context\":\"https:\\\/\\\/schema.org\",\"@graph\":[{\"@type\":\"Article\",\"@id\":\"https:\\\/\\\/infos-droitshumains.net\\\/?p=15975#article\",\"isPartOf\":{\"@id\":\"https:\\\/\\\/infos-droitshumains.net\\\/?p=15975\"},\"author\":{\"name\":\"Jo\u00ebl Diawa\",\"@id\":\"https:\\\/\\\/infos-droitshumains.net\\\/#\\\/schema\\\/person\\\/3dc5e921c3302172e0ed4362f96faab7\"},\"headline\":\"RDC-Lualaba : Derniers r\u00e9glages avant l\u2019inauguration de la Maison du Barreau\",\"datePublished\":\"2025-08-15T00:45:40+00:00\",\"dateModified\":\"2025-08-15T06:50:03+00:00\",\"mainEntityOfPage\":{\"@id\":\"https:\\\/\\\/infos-droitshumains.net\\\/?p=15975\"},\"wordCount\":445,\"commentCount\":0,\"publisher\":{\"@id\":\"https:\\\/\\\/infos-droitshumains.net\\\/#organization\"},\"image\":{\"@id\":\"https:\\\/\\\/infos-droitshumains.net\\\/?p=15975#primaryimage\"},\"thumbnailUrl\":\"https:\\\/\\\/i0.wp.com\\\/infos-droitshumains.net\\\/wp-content\\\/uploads\\\/2025\\\/08\\\/IMG-20250814-WA0117-1.jpg?fit=1020%2C765&ssl=1\",\"articleSection\":[\"Justice\"],\"inLanguage\":\"fr-FR\",\"potentialAction\":[{\"@type\":\"CommentAction\",\"name\":\"Comment\",\"target\":[\"https:\\\/\\\/infos-droitshumains.net\\\/?p=15975#respond\"]}]},{\"@type\":\"WebPage\",\"@id\":\"https:\\\/\\\/infos-droitshumains.net\\\/?p=15975\",\"url\":\"https:\\\/\\\/infos-droitshumains.net\\\/?p=15975\",\"name\":\"RDC-Lualaba : Derniers r\u00e9glages avant l\u2019inauguration de la Maison du Barreau - Infos Droits Humains\",\"isPartOf\":{\"@id\":\"https:\\\/\\\/infos-droitshumains.net\\\/#website\"},\"primaryImageOfPage\":{\"@id\":\"https:\\\/\\\/infos-droitshumains.net\\\/?p=15975#primaryimage\"},\"image\":{\"@id\":\"https:\\\/\\\/infos-droitshumains.net\\\/?p=15975#primaryimage\"},\"thumbnailUrl\":\"https:\\\/\\\/i0.wp.com\\\/infos-droitshumains.net\\\/wp-content\\\/uploads\\\/2025\\\/08\\\/IMG-20250814-WA0117-1.jpg?fit=1020%2C765&ssl=1\",\"datePublished\":\"2025-08-15T00:45:40+00:00\",\"dateModified\":\"2025-08-15T06:50:03+00:00\",\"breadcrumb\":{\"@id\":\"https:\\\/\\\/infos-droitshumains.net\\\/?p=15975#breadcrumb\"},\"inLanguage\":\"fr-FR\",\"potentialAction\":[{\"@type\":\"ReadAction\",\"target\":[\"https:\\\/\\\/infos-droitshumains.net\\\/?p=15975\"]}]},{\"@type\":\"ImageObject\",\"inLanguage\":\"fr-FR\",\"@id\":\"https:\\\/\\\/infos-droitshumains.net\\\/?p=15975#primaryimage\",\"url\":\"https:\\\/\\\/i0.wp.com\\\/infos-droitshumains.net\\\/wp-content\\\/uploads\\\/2025\\\/08\\\/IMG-20250814-WA0117-1.jpg?fit=1020%2C765&ssl=1\",\"contentUrl\":\"https:\\\/\\\/i0.wp.com\\\/infos-droitshumains.net\\\/wp-content\\\/uploads\\\/2025\\\/08\\\/IMG-20250814-WA0117-1.jpg?fit=1020%2C765&ssl=1\",\"width\":1020,\"height\":765},{\"@type\":\"BreadcrumbList\",\"@id\":\"https:\\\/\\\/infos-droitshumains.net\\\/?p=15975#breadcrumb\",\"itemListElement\":[{\"@type\":\"ListItem\",\"position\":1,\"name\":\"Accueil\",\"item\":\"https:\\\/\\\/infos-droitshumains.net\\\/\"},{\"@type\":\"ListItem\",\"position\":2,\"name\":\"RDC-Lualaba : Derniers r\u00e9glages avant l\u2019inauguration de la Maison du Barreau\"}]},{\"@type\":\"WebSite\",\"@id\":\"https:\\\/\\\/infos-droitshumains.net\\\/#website\",\"url\":\"https:\\\/\\\/infos-droitshumains.net\\\/\",\"name\":\"Infos Droits Humains\",\"description\":\"S&#039;informer est un droit\",\"publisher\":{\"@id\":\"https:\\\/\\\/infos-droitshumains.net\\\/#organization\"},\"potentialAction\":[{\"@type\":\"SearchAction\",\"target\":{\"@type\":\"EntryPoint\",\"urlTemplate\":\"https:\\\/\\\/infos-droitshumains.net\\\/?s={search_term_string}\"},\"query-input\":{\"@type\":\"PropertyValueSpecification\",\"valueRequired\":true,\"valueName\":\"search_term_string\"}}],\"inLanguage\":\"fr-FR\"},{\"@type\":\"Organization\",\"@id\":\"https:\\\/\\\/infos-droitshumains.net\\\/#organization\",\"name\":\"Infos Droits Humains\",\"url\":\"https:\\\/\\\/infos-droitshumains.net\\\/\",\"logo\":{\"@type\":\"ImageObject\",\"inLanguage\":\"fr-FR\",\"@id\":\"https:\\\/\\\/infos-droitshumains.net\\\/#\\\/schema\\\/logo\\\/image\\\/\",\"url\":\"https:\\\/\\\/i0.wp.com\\\/infos-droitshumains.net\\\/wp-content\\\/uploads\\\/2022\\\/05\\\/Logo.png?fit=333%2C129&ssl=1\",\"contentUrl\":\"https:\\\/\\\/i0.wp.com\\\/infos-droitshumains.net\\\/wp-content\\\/uploads\\\/2022\\\/05\\\/Logo.png?fit=333%2C129&ssl=1\",\"width\":333,\"height\":129,\"caption\":\"Infos Droits Humains\"},\"image\":{\"@id\":\"https:\\\/\\\/infos-droitshumains.net\\\/#\\\/schema\\\/logo\\\/image\\\/\"}},{\"@type\":\"Person\",\"@id\":\"https:\\\/\\\/infos-droitshumains.net\\\/#\\\/schema\\\/person\\\/3dc5e921c3302172e0ed4362f96faab7\",\"name\":\"Jo\u00ebl Diawa\",\"image\":{\"@type\":\"ImageObject\",\"inLanguage\":\"fr-FR\",\"@id\":\"https:\\\/\\\/secure.gravatar.com\\\/avatar\\\/729bea6ff4604c624417803c477363be8e3c7186deaa65713313f9b4b820f41c?s=96&d=mm&r=g\",\"url\":\"https:\\\/\\\/secure.gravatar.com\\\/avatar\\\/729bea6ff4604c624417803c477363be8e3c7186deaa65713313f9b4b820f41c?s=96&d=mm&r=g\",\"contentUrl\":\"https:\\\/\\\/secure.gravatar.com\\\/avatar\\\/729bea6ff4604c624417803c477363be8e3c7186deaa65713313f9b4b820f41c?s=96&d=mm&r=g\",\"caption\":\"Jo\u00ebl Diawa\"},\"sameAs\":[\"https:\\\/\\\/www.infos-droitshumains.net\"],\"url\":\"https:\\\/\\\/infos-droitshumains.net\\\/?author=2\"}]}<\/script>\n<!-- \/ Yoast SEO plugin. -->","yoast_head_json":{"title":"RDC-Lualaba : Derniers r\u00e9glages avant l\u2019inauguration de la Maison du Barreau - Infos Droits Humains","robots":{"index":"index","follow":"follow","max-snippet":"max-snippet:-1","max-image-preview":"max-image-preview:large","max-video-preview":"max-video-preview:-1"},"canonical":"https:\/\/infos-droitshumains.net\/?p=15975","og_locale":"fr_FR","og_type":"article","og_title":"RDC-Lualaba : Derniers r\u00e9glages avant l\u2019inauguration de la Maison du Barreau - Infos Droits Humains","og_description":"R\u00e9daction: +243 817 406 088 L\u2019effervescence est palpable ce jeudi14 ao\u00fbt 2025 &nbsp;dans la ville...","og_url":"https:\/\/infos-droitshumains.net\/?p=15975","og_site_name":"Infos Droits Humains","article_published_time":"2025-08-15T00:45:40+00:00","article_modified_time":"2025-08-15T06:50:03+00:00","og_image":[{"width":1020,"height":765,"url":"https:\/\/infos-droitshumains.net\/wp-content\/uploads\/2025\/08\/IMG-20250814-WA0117-1.jpg","type":"image\/jpeg"}],"author":"Jo\u00ebl Diawa","twitter_card":"summary_large_image","twitter_misc":{"\u00c9crit par":"Jo\u00ebl Diawa","Dur\u00e9e de lecture estim\u00e9e":"3 minutes"},"schema":{"@context":"https:\/\/schema.org","@graph":[{"@type":"Article","@id":"https:\/\/infos-droitshumains.net\/?p=15975#article","isPartOf":{"@id":"https:\/\/infos-droitshumains.net\/?p=15975"},"author":{"name":"Jo\u00ebl Diawa","@id":"https:\/\/infos-droitshumains.net\/#\/schema\/person\/3dc5e921c3302172e0ed4362f96faab7"},"headline":"RDC-Lualaba : Derniers r\u00e9glages avant l\u2019inauguration de la Maison du Barreau","datePublished":"2025-08-15T00:45:40+00:00","dateModified":"2025-08-15T06:50:03+00:00","mainEntityOfPage":{"@id":"https:\/\/infos-droitshumains.net\/?p=15975"},"wordCount":445,"commentCount":0,"publisher":{"@id":"https:\/\/infos-droitshumains.net\/#organization"},"image":{"@id":"https:\/\/infos-droitshumains.net\/?p=15975#primaryimage"},"thumbnailUrl":"https:\/\/i0.wp.com\/infos-droitshumains.net\/wp-content\/uploads\/2025\/08\/IMG-20250814-WA0117-1.jpg?fit=1020%2C765&ssl=1","articleSection":["Justice"],"inLanguage":"fr-FR","potentialAction":[{"@type":"CommentAction","name":"Comment","target":["https:\/\/infos-droitshumains.net\/?p=15975#respond"]}]},{"@type":"WebPage","@id":"https:\/\/infos-droitshumains.net\/?p=15975","url":"https:\/\/infos-droitshumains.net\/?p=15975","name":"RDC-Lualaba : Derniers r\u00e9glages avant l\u2019inauguration de la Maison du Barreau - Infos Droits Humains","isPartOf":{"@id":"https:\/\/infos-droitshumains.net\/#website"},"primaryImageOfPage":{"@id":"https:\/\/infos-droitshumains.net\/?p=15975#primaryimage"},"image":{"@id":"https:\/\/infos-droitshumains.net\/?p=15975#primaryimage"},"thumbnailUrl":"https:\/\/i0.wp.com\/infos-droitshumains.net\/wp-content\/uploads\/2025\/08\/IMG-20250814-WA0117-1.jpg?fit=1020%2C765&ssl=1","datePublished":"2025-08-15T00:45:40+00:00","dateModified":"2025-08-15T06:50:03+00:00","breadcrumb":{"@id":"https:\/\/infos-droitshumains.net\/?p=15975#breadcrumb"},"inLanguage":"fr-FR","potentialAction":[{"@type":"ReadAction","target":["https:\/\/infos-droitshumains.net\/?p=15975"]}]},{"@type":"ImageObject","inLanguage":"fr-FR","@id":"https:\/\/infos-droitshumains.net\/?p=15975#primaryimage","url":"https:\/\/i0.wp.com\/infos-droitshumains.net\/wp-content\/uploads\/2025\/08\/IMG-20250814-WA0117-1.jpg?fit=1020%2C765&ssl=1","contentUrl":"https:\/\/i0.wp.com\/infos-droitshumains.net\/wp-content\/uploads\/2025\/08\/IMG-20250814-WA0117-1.jpg?fit=1020%2C765&ssl=1","width":1020,"height":765},{"@type":"BreadcrumbList","@id":"https:\/\/infos-droitshumains.net\/?p=15975#breadcrumb","itemListElement":[{"@type":"ListItem","position":1,"name":"Accueil","item":"https:\/\/infos-droitshumains.net\/"},{"@type":"ListItem","position":2,"name":"RDC-Lualaba : Derniers r\u00e9glages avant l\u2019inauguration de la Maison du Barreau"}]},{"@type":"WebSite","@id":"https:\/\/infos-droitshumains.net\/#website","url":"https:\/\/infos-droitshumains.net\/","name":"Infos Droits Humains","description":"S&#039;informer est un droit","publisher":{"@id":"https:\/\/infos-droitshumains.net\/#organization"},"potentialAction":[{"@type":"SearchAction","target":{"@type":"EntryPoint","urlTemplate":"https:\/\/infos-droitshumains.net\/?s={search_term_string}"},"query-input":{"@type":"PropertyValueSpecification","valueRequired":true,"valueName":"search_term_string"}}],"inLanguage":"fr-FR"},{"@type":"Organization","@id":"https:\/\/infos-droitshumains.net\/#organization","name":"Infos Droits Humains","url":"https:\/\/infos-droitshumains.net\/","logo":{"@type":"ImageObject","inLanguage":"fr-FR","@id":"https:\/\/infos-droitshumains.net\/#\/schema\/logo\/image\/","url":"https:\/\/i0.wp.com\/infos-droitshumains.net\/wp-content\/uploads\/2022\/05\/Logo.png?fit=333%2C129&ssl=1","contentUrl":"https:\/\/i0.wp.com\/infos-droitshumains.net\/wp-content\/uploads\/2022\/05\/Logo.png?fit=333%2C129&ssl=1","width":333,"height":129,"caption":"Infos Droits Humains"},"image":{"@id":"https:\/\/infos-droitshumains.net\/#\/schema\/logo\/image\/"}},{"@type":"Person","@id":"https:\/\/infos-droitshumains.net\/#\/schema\/person\/3dc5e921c3302172e0ed4362f96faab7","name":"Jo\u00ebl Diawa","image":{"@type":"ImageObject","inLanguage":"fr-FR","@id":"https:\/\/secure.gravatar.com\/avatar\/729bea6ff4604c624417803c477363be8e3c7186deaa65713313f9b4b820f41c?s=96&d=mm&r=g","url":"https:\/\/secure.gravatar.com\/avatar\/729bea6ff4604c624417803c477363be8e3c7186deaa65713313f9b4b820f41c?s=96&d=mm&r=g","contentUrl":"https:\/\/secure.gravatar.com\/avatar\/729bea6ff4604c624417803c477363be8e3c7186deaa65713313f9b4b820f41c?s=96&d=mm&r=g","caption":"Jo\u00ebl Diawa"},"sameAs":["https:\/\/www.infos-droitshumains.net"],"url":"https:\/\/infos-droitshumains.net\/?author=2"}]}},"featured_image_urls":{"full":["https:\/\/i0.wp.com\/infos-droitshumains.net\/wp-content\/uploads\/2025\/08\/IMG-20250814-WA0117-1.jpg?fit=1020%2C765&ssl=1",1020,765,false],"thumbnail":["https:\/\/i0.wp.com\/infos-droitshumains.net\/wp-content\/uploads\/2025\/08\/IMG-20250814-WA0117-1.jpg?resize=150%2C150&ssl=1",150,150,true],"medium":["https:\/\/i0.wp.com\/infos-droitshumains.net\/wp-content\/uploads\/2025\/08\/IMG-20250814-WA0117-1.jpg?fit=300%2C225&ssl=1",300,225,true],"medium_large":["https:\/\/i0.wp.com\/infos-droitshumains.net\/wp-content\/uploads\/2025\/08\/IMG-20250814-WA0117-1.jpg?fit=640%2C480&ssl=1",640,480,true],"large":["https:\/\/i0.wp.com\/infos-droitshumains.net\/wp-content\/uploads\/2025\/08\/IMG-20250814-WA0117-1.jpg?fit=640%2C480&ssl=1",640,480,true],"1536x1536":["https:\/\/i0.wp.com\/infos-droitshumains.net\/wp-content\/uploads\/2025\/08\/IMG-20250814-WA0117-1.jpg?fit=1020%2C765&ssl=1",1020,765,true],"2048x2048":["https:\/\/i0.wp.com\/infos-droitshumains.net\/wp-content\/uploads\/2025\/08\/IMG-20250814-WA0117-1.jpg?fit=1020%2C765&ssl=1",1020,765,true],"covernews-slider-full":["https:\/\/i0.wp.com\/infos-droitshumains.net\/wp-content\/uploads\/2025\/08\/IMG-20250814-WA0117-1.jpg?resize=1020%2C715&ssl=1",1020,715,true],"covernews-slider-center":["https:\/\/i0.wp.com\/infos-droitshumains.net\/wp-content\/uploads\/2025\/08\/IMG-20250814-WA0117-1.jpg?resize=800%2C500&ssl=1",800,500,true],"covernews-featured":["https:\/\/i0.wp.com\/infos-droitshumains.net\/wp-content\/uploads\/2025\/08\/IMG-20250814-WA0117-1.jpg?fit=1020%2C765&ssl=1",1020,765,true],"covernews-medium":["https:\/\/i0.wp.com\/infos-droitshumains.net\/wp-content\/uploads\/2025\/08\/IMG-20250814-WA0117-1.jpg?resize=540%2C340&ssl=1",540,340,true],"covernews-medium-square":["https:\/\/i0.wp.com\/infos-droitshumains.net\/wp-content\/uploads\/2025\/08\/IMG-20250814-WA0117-1.jpg?resize=400%2C250&ssl=1",400,250,true]},"author_info":{"display_name":"Jo\u00ebl Diawa","author_link":"https:\/\/infos-droitshumains.net\/?author=2"},"category_info":"<a href=\"https:\/\/infos-droitshumains.net\/?cat=6\" rel=\"category\">Justice<\/a>","tag_info":"Justice","comment_count":"0","jetpack_featured_media_url":"https:\/\/i0.wp.com\/infos-droitshumains.net\/wp-content\/uploads\/2025\/08\/IMG-20250814-WA0117-1.jpg?fit=1020%2C765&ssl=1","jetpack-related-posts":[],"jetpack_sharing_enabled":true,"_links":{"self":[{"href":"https:\/\/infos-droitshumains.net\/index.php?rest_route=\/wp\/v2\/posts\/15975","targetHints":{"allow":["GET"]}}],"collection":[{"href":"https:\/\/infos-droitshumains.net\/index.php?rest_route=\/wp\/v2\/posts"}],"about":[{"href":"https:\/\/infos-droitshumains.net\/index.php?rest_route=\/wp\/v2\/types\/post"}],"author":[{"embeddable":true,"href":"https:\/\/infos-droitshumains.net\/index.php?rest_route=\/wp\/v2\/users\/2"}],"replies":[{"embeddable":true,"href":"https:\/\/infos-droitshumains.net\/index.php?rest_route=%2Fwp%2Fv2%2Fcomments&post=15975"}],"version-history":[{"count":6,"href":"https:\/\/infos-droitshumains.net\/index.php?rest_route=\/wp\/v2\/posts\/15975\/revisions"}],"predecessor-version":[{"id":15985,"href":"https:\/\/infos-droitshumains.net\/index.php?rest_route=\/wp\/v2\/posts\/15975\/revisions\/15985"}],"wp:featuredmedia":[{"embeddable":true,"href":"https:\/\/infos-droitshumains.net\/index.php?rest_route=\/wp\/v2\/media\/15980"}],"wp:attachment":[{"href":"https:\/\/infos-droitshumains.net\/index.php?rest_route=%2Fwp%2Fv2%2Fmedia&parent=15975"}],"wp:term":[{"taxonomy":"category","embeddable":true,"href":"https:\/\/infos-droitshumains.net\/index.php?rest_route=%2Fwp%2Fv2%2Fcategories&post=15975"},{"taxonomy":"post_tag","embeddable":true,"href":"https:\/\/infos-droitshumains.net\/index.php?rest_route=%2Fwp%2Fv2%2Ftags&post=15975"}],"curies":[{"name":"wp","href":"https:\/\/api.w.org\/{rel}","templated":true}]}}