{"id":1596,"date":"2022-01-20T10:19:45","date_gmt":"2022-01-20T09:19:45","guid":{"rendered":"https:\/\/infos-droitshumains.net\/?p=1596"},"modified":"2023-04-06T12:11:02","modified_gmt":"2023-04-06T10:11:02","slug":"assemblee-nationale-lunesco-et-la-commission-socioculturelle-approfondissent-la-reflexion-sur-la-gratuite-de-leducation-en-rdc","status":"publish","type":"post","link":"https:\/\/infos-droitshumains.net\/?p=1596","title":{"rendered":"Assembl\u00e9e nationale : L&rsquo;UNESCO et la commission Socioculturelle approfondissent la r\u00e9flexion sur la gratuit\u00e9 de l\u2019\u00e9ducation en RDC"},"content":{"rendered":"\n<p><strong>R\u00e9daction :+243817406088<\/strong><\/p>\n\n\n\n<p>Les d\u00e9put\u00e9s membres de la Commission Socioculturelle de l\u2019Assembl\u00e9e nationale ont eu une s\u00e9ance de travail avec une d\u00e9l\u00e9gation de l\u2019Unesco conduite par son repr\u00e9sentant-r\u00e9sident en RDC, Jean-Pierre Ilboudo.<\/p>\n\n\n\n<p>Au menu de la rencontre, approfondir la r\u00e9flexion sur la question de l\u2019\u00e9ducation ainsi que d\u2019autres questions \u00e0 discuter lors de la journ\u00e9e du 24 janvier 2022, en marge de la journ\u00e9e mondiale de l\u2019\u00e9ducation consacr\u00e9e par les Nations unies.<\/p>\n\n\n\n<figure class=\"wp-block-image alignfull size-large\"><img data-recalc-dims=\"1\" decoding=\"async\" src=\"https:\/\/i0.wp.com\/infos-droitshumains.net\/wp-content\/uploads\/2022\/01\/IMG-20220120-WA0021.jpg?w=640&#038;ssl=1\" alt=\"\" class=\"wp-image-1605\" \/><\/figure>\n\n\n\n<p>     <em>\u00ab Nous avons souhait\u00e9 rencontrer la commission Socioculturelle pour l\u2019inviter \u00e0 se joindre \u00e0 nous compte tenu de l\u2019expertise qu\u2019elle a sur la question \u00e9ducative \u00e0 la journ\u00e9e de r\u00e9flexion qui aura lieu le 24 janvier 2022 ; laquelle a \u00e9t\u00e9 consacr\u00e9e par les Nations unies comme \u00e9tant une journ\u00e9e d\u00e9di\u00e9e \u00e0 l\u2019\u00e9ducation par l\u2019ensemble de 195 pays membres des Nations unies. La RDC en fait partie. Nonobstant le fait que le th\u00e8me de cette journ\u00e9e \u00e9tait consacr\u00e9 sur le futur de l\u2019\u00e9ducation, sur la question li\u00e9e \u00e0 ce que nous avons pu faire, ce qu\u2019on doit garder, ce qu\u2019il convient d\u2019abandonner et ce qu\u2019il faut inventer pour ce futur, nous avons pens\u00e9 qu\u2019il faut mettre un accent sur la question de la gratuit\u00e9, en tant qu\u2019\u00e9l\u00e9ment multidimensionnel, parce qu\u2019elle para\u00eet simple mais \u00e0 la fois elle est complexe. Tel que le pr\u00e9sident de la R\u00e9publique l\u2019a d\u00e9cid\u00e9, nous avons voulu, en tant qu\u2019Unesco, contribuer \u00e0 cela \u00e0 travers une r\u00e9flexion de tr\u00e8s haut niveau qui a suscit\u00e9 la contribution de la commission Socioculturelle de l\u2019Assembl\u00e9e nationale et d\u2019autres experts nationaux sur la question des infrastructures, sur des questions li\u00e9es notamment \u00e0 l\u2019acc\u00e8s \u00e0 l\u2019\u00e9ducation, la question enseignante (formation et salaire), la qualit\u00e9 des contenus des manuels scolaires ainsi que d\u2019autres questions qui seront discut\u00e9es lors de ce journ\u00e9e du 24 janvier 2022 \u00e0 l\u2019H\u00f4tel Pullman \u00bb<\/em>, a d\u00e9clar\u00e9 le repr\u00e9sentant-r\u00e9sident de l\u2019Unesco en RDC \u00e0 l\u2019issue de la s\u00e9ance de travail.<\/p>\n\n\n\n<figure class=\"wp-block-image alignfull size-large\"><img data-recalc-dims=\"1\" decoding=\"async\" src=\"https:\/\/i0.wp.com\/infos-droitshumains.net\/wp-content\/uploads\/2022\/01\/IMG-20220120-WA0022_1-1.jpg?w=640&#038;ssl=1\" alt=\"\" class=\"wp-image-1600\" \/><figcaption>Le repr\u00e9sentant pays de l&rsquo;unsco en RDC lors de sa rencontre avec la commission socioculturelle de l&rsquo;AN le 19 janv 2022<\/figcaption><\/figure>\n\n\n\n<p>Au terme de cette journ\u00e9e de r\u00e9flexion sera mise en place, d\u2019une task force, les conclusions seront imm\u00e9diatement remises au chef de l\u2019Etat, assorties des propositions concr\u00e8tes, notamment sur ce qu\u2019il convient de faire pour r\u00e9soudre la question de l\u2019acc\u00e8s aux infrastructures scolaires.<br> Avec la participation des d\u00e9put\u00e9s membres de la commission Socioculturelle, l\u2019Unesco attend des imputs et suggestions pertinentes qui aideraient \u00e0 mettre en place une task force pour r\u00e9fl\u00e9chir sur la question.<\/p>\n\n\n\n<p>Le d\u00e9put\u00e9 national L\u00e9on Mondole, pr\u00e9sident de la commission Socioculturelle, s\u2019est pour sa part, f\u00e9licit\u00e9 de la tenue de cette journ\u00e9e de r\u00e9flexion avec l\u2019UNESCO, \u00e0 laquelle sont associ\u00e9s les d\u00e9put\u00e9s membres de la Commission, principalement. La r\u00e9flexion va, selon toute vraisemblance, porter sur la question de la mise en place et l\u2019\u00e9volution de la gratuit\u00e9 de l\u2019\u00e9ducation.<\/p>\n\n\n\n<p>    <em>\u00ab C\u2019est une de grande r\u00e9forme de cette l\u00e9gislature, laquelle attire l\u2019attention de tous les Congolais, comme des partenaires internationaux.  Nous avons convenu d\u2019avoir une journ\u00e9e de r\u00e9flexion, le 24 janvier, autour de la question de la gratuit\u00e9 pour ainsi d\u00e9gager des propositions concr\u00e8tes \u00e0 faire au pr\u00e9sident de la R\u00e9publique pour faire avancer cette r\u00e9forme de la gratuit\u00e9 \u00bb<\/em>, a dit en substance le pr\u00e9sident de la commission Socioculturelle de l\u2019Assembl\u00e9e nationale.<\/p>\n\n\n\n<figure class=\"wp-block-image alignfull size-large\"><img data-recalc-dims=\"1\" decoding=\"async\" src=\"https:\/\/i0.wp.com\/infos-droitshumains.net\/wp-content\/uploads\/2022\/01\/IMG-20220120-WA0018_1.jpg?w=640&#038;ssl=1\" alt=\"\" class=\"wp-image-1602\" \/><figcaption>L\u00e9on Mondole au cours des \u00e9changes avec le repr\u00e9sentant de l&rsquo;unesco en RDC le 19 janv. 2022<\/figcaption><\/figure>\n\n\n\n<p>Merlin Kamalandua<\/p>\n","protected":false},"excerpt":{"rendered":"<p>R\u00e9daction :+243817406088 Les d\u00e9put\u00e9s membres de la Commission Socioculturelle de l\u2019Assembl\u00e9e nationale ont eu une&#8230;<\/p>\n","protected":false},"author":2,"featured_media":0,"comment_status":"closed","ping_status":"open","sticky":false,"template":"","format":"standard","meta":{"_jetpack_memberships_contains_paid_content":false,"footnotes":""},"categories":[1],"tags":[],"class_list":["post-1596","post","type-post","status-publish","format-standard","hentry","category-non-classe"],"yoast_head":"<!-- This site is optimized with the Yoast SEO plugin v27.5 - https:\/\/yoast.com\/product\/yoast-seo-wordpress\/ -->\n<title>Assembl\u00e9e nationale : L&#039;UNESCO et la commission Socioculturelle approfondissent la r\u00e9flexion sur la gratuit\u00e9 de l\u2019\u00e9ducation en RDC - Infos Droits Humains<\/title>\n<meta name=\"robots\" content=\"index, follow, max-snippet:-1, max-image-preview:large, max-video-preview:-1\" \/>\n<link rel=\"canonical\" href=\"https:\/\/infos-droitshumains.net\/?p=1596\" \/>\n<meta property=\"og:locale\" content=\"fr_FR\" \/>\n<meta property=\"og:type\" content=\"article\" \/>\n<meta property=\"og:title\" content=\"Assembl\u00e9e nationale : L&#039;UNESCO et la commission Socioculturelle approfondissent la r\u00e9flexion sur la gratuit\u00e9 de l\u2019\u00e9ducation en RDC - Infos Droits Humains\" \/>\n<meta property=\"og:description\" content=\"R\u00e9daction :+243817406088 Les d\u00e9put\u00e9s membres de la Commission Socioculturelle de l\u2019Assembl\u00e9e nationale ont eu une...\" \/>\n<meta property=\"og:url\" content=\"https:\/\/infos-droitshumains.net\/?p=1596\" \/>\n<meta property=\"og:site_name\" content=\"Infos Droits Humains\" \/>\n<meta property=\"article:published_time\" content=\"2022-01-20T09:19:45+00:00\" \/>\n<meta property=\"article:modified_time\" content=\"2023-04-06T10:11:02+00:00\" \/>\n<meta property=\"og:image\" content=\"https:\/\/infos-droitshumains.net\/wp-content\/uploads\/2022\/01\/IMG-20220120-WA0021.jpg\" \/>\n<meta name=\"author\" content=\"Jo\u00ebl Diawa\" \/>\n<meta name=\"twitter:card\" content=\"summary_large_image\" \/>\n<meta name=\"twitter:label1\" content=\"\u00c9crit par\" \/>\n\t<meta name=\"twitter:data1\" content=\"Jo\u00ebl Diawa\" \/>\n\t<meta name=\"twitter:label2\" content=\"Dur\u00e9e de lecture estim\u00e9e\" \/>\n\t<meta name=\"twitter:data2\" content=\"3 minutes\" \/>\n<script type=\"application\/ld+json\" class=\"yoast-schema-graph\">{\"@context\":\"https:\\\/\\\/schema.org\",\"@graph\":[{\"@type\":\"Article\",\"@id\":\"https:\\\/\\\/infos-droitshumains.net\\\/?p=1596#article\",\"isPartOf\":{\"@id\":\"https:\\\/\\\/infos-droitshumains.net\\\/?p=1596\"},\"author\":{\"name\":\"Jo\u00ebl Diawa\",\"@id\":\"https:\\\/\\\/infos-droitshumains.net\\\/#\\\/schema\\\/person\\\/3dc5e921c3302172e0ed4362f96faab7\"},\"headline\":\"Assembl\u00e9e nationale : L&rsquo;UNESCO et la commission Socioculturelle approfondissent la r\u00e9flexion sur la gratuit\u00e9 de l\u2019\u00e9ducation en RDC\",\"datePublished\":\"2022-01-20T09:19:45+00:00\",\"dateModified\":\"2023-04-06T10:11:02+00:00\",\"mainEntityOfPage\":{\"@id\":\"https:\\\/\\\/infos-droitshumains.net\\\/?p=1596\"},\"wordCount\":658,\"publisher\":{\"@id\":\"https:\\\/\\\/infos-droitshumains.net\\\/#organization\"},\"image\":{\"@id\":\"https:\\\/\\\/infos-droitshumains.net\\\/?p=1596#primaryimage\"},\"thumbnailUrl\":\"https:\\\/\\\/infos-droitshumains.net\\\/wp-content\\\/uploads\\\/2022\\\/01\\\/IMG-20220120-WA0021.jpg\",\"inLanguage\":\"fr-FR\"},{\"@type\":\"WebPage\",\"@id\":\"https:\\\/\\\/infos-droitshumains.net\\\/?p=1596\",\"url\":\"https:\\\/\\\/infos-droitshumains.net\\\/?p=1596\",\"name\":\"Assembl\u00e9e nationale : L'UNESCO et la commission Socioculturelle approfondissent la r\u00e9flexion sur la gratuit\u00e9 de l\u2019\u00e9ducation en RDC - Infos Droits Humains\",\"isPartOf\":{\"@id\":\"https:\\\/\\\/infos-droitshumains.net\\\/#website\"},\"primaryImageOfPage\":{\"@id\":\"https:\\\/\\\/infos-droitshumains.net\\\/?p=1596#primaryimage\"},\"image\":{\"@id\":\"https:\\\/\\\/infos-droitshumains.net\\\/?p=1596#primaryimage\"},\"thumbnailUrl\":\"https:\\\/\\\/infos-droitshumains.net\\\/wp-content\\\/uploads\\\/2022\\\/01\\\/IMG-20220120-WA0021.jpg\",\"datePublished\":\"2022-01-20T09:19:45+00:00\",\"dateModified\":\"2023-04-06T10:11:02+00:00\",\"breadcrumb\":{\"@id\":\"https:\\\/\\\/infos-droitshumains.net\\\/?p=1596#breadcrumb\"},\"inLanguage\":\"fr-FR\",\"potentialAction\":[{\"@type\":\"ReadAction\",\"target\":[\"https:\\\/\\\/infos-droitshumains.net\\\/?p=1596\"]}]},{\"@type\":\"ImageObject\",\"inLanguage\":\"fr-FR\",\"@id\":\"https:\\\/\\\/infos-droitshumains.net\\\/?p=1596#primaryimage\",\"url\":\"https:\\\/\\\/infos-droitshumains.net\\\/wp-content\\\/uploads\\\/2022\\\/01\\\/IMG-20220120-WA0021.jpg\",\"contentUrl\":\"https:\\\/\\\/infos-droitshumains.net\\\/wp-content\\\/uploads\\\/2022\\\/01\\\/IMG-20220120-WA0021.jpg\"},{\"@type\":\"BreadcrumbList\",\"@id\":\"https:\\\/\\\/infos-droitshumains.net\\\/?p=1596#breadcrumb\",\"itemListElement\":[{\"@type\":\"ListItem\",\"position\":1,\"name\":\"Accueil\",\"item\":\"https:\\\/\\\/infos-droitshumains.net\\\/\"},{\"@type\":\"ListItem\",\"position\":2,\"name\":\"Assembl\u00e9e nationale : L&rsquo;UNESCO et la commission Socioculturelle approfondissent la r\u00e9flexion sur la gratuit\u00e9 de l\u2019\u00e9ducation en RDC\"}]},{\"@type\":\"WebSite\",\"@id\":\"https:\\\/\\\/infos-droitshumains.net\\\/#website\",\"url\":\"https:\\\/\\\/infos-droitshumains.net\\\/\",\"name\":\"Infos Droits Humains\",\"description\":\"S&#039;informer est un droit\",\"publisher\":{\"@id\":\"https:\\\/\\\/infos-droitshumains.net\\\/#organization\"},\"potentialAction\":[{\"@type\":\"SearchAction\",\"target\":{\"@type\":\"EntryPoint\",\"urlTemplate\":\"https:\\\/\\\/infos-droitshumains.net\\\/?s={search_term_string}\"},\"query-input\":{\"@type\":\"PropertyValueSpecification\",\"valueRequired\":true,\"valueName\":\"search_term_string\"}}],\"inLanguage\":\"fr-FR\"},{\"@type\":\"Organization\",\"@id\":\"https:\\\/\\\/infos-droitshumains.net\\\/#organization\",\"name\":\"Infos Droits Humains\",\"url\":\"https:\\\/\\\/infos-droitshumains.net\\\/\",\"logo\":{\"@type\":\"ImageObject\",\"inLanguage\":\"fr-FR\",\"@id\":\"https:\\\/\\\/infos-droitshumains.net\\\/#\\\/schema\\\/logo\\\/image\\\/\",\"url\":\"https:\\\/\\\/i0.wp.com\\\/infos-droitshumains.net\\\/wp-content\\\/uploads\\\/2022\\\/05\\\/Logo.png?fit=333%2C129&ssl=1\",\"contentUrl\":\"https:\\\/\\\/i0.wp.com\\\/infos-droitshumains.net\\\/wp-content\\\/uploads\\\/2022\\\/05\\\/Logo.png?fit=333%2C129&ssl=1\",\"width\":333,\"height\":129,\"caption\":\"Infos Droits Humains\"},\"image\":{\"@id\":\"https:\\\/\\\/infos-droitshumains.net\\\/#\\\/schema\\\/logo\\\/image\\\/\"}},{\"@type\":\"Person\",\"@id\":\"https:\\\/\\\/infos-droitshumains.net\\\/#\\\/schema\\\/person\\\/3dc5e921c3302172e0ed4362f96faab7\",\"name\":\"Jo\u00ebl Diawa\",\"image\":{\"@type\":\"ImageObject\",\"inLanguage\":\"fr-FR\",\"@id\":\"https:\\\/\\\/secure.gravatar.com\\\/avatar\\\/729bea6ff4604c624417803c477363be8e3c7186deaa65713313f9b4b820f41c?s=96&d=mm&r=g\",\"url\":\"https:\\\/\\\/secure.gravatar.com\\\/avatar\\\/729bea6ff4604c624417803c477363be8e3c7186deaa65713313f9b4b820f41c?s=96&d=mm&r=g\",\"contentUrl\":\"https:\\\/\\\/secure.gravatar.com\\\/avatar\\\/729bea6ff4604c624417803c477363be8e3c7186deaa65713313f9b4b820f41c?s=96&d=mm&r=g\",\"caption\":\"Jo\u00ebl Diawa\"},\"sameAs\":[\"https:\\\/\\\/www.infos-droitshumains.net\"],\"url\":\"https:\\\/\\\/infos-droitshumains.net\\\/?author=2\"}]}<\/script>\n<!-- \/ Yoast SEO plugin. -->","yoast_head_json":{"title":"Assembl\u00e9e nationale : L'UNESCO et la commission Socioculturelle approfondissent la r\u00e9flexion sur la gratuit\u00e9 de l\u2019\u00e9ducation en RDC - Infos Droits Humains","robots":{"index":"index","follow":"follow","max-snippet":"max-snippet:-1","max-image-preview":"max-image-preview:large","max-video-preview":"max-video-preview:-1"},"canonical":"https:\/\/infos-droitshumains.net\/?p=1596","og_locale":"fr_FR","og_type":"article","og_title":"Assembl\u00e9e nationale : L'UNESCO et la commission Socioculturelle approfondissent la r\u00e9flexion sur la gratuit\u00e9 de l\u2019\u00e9ducation en RDC - Infos Droits Humains","og_description":"R\u00e9daction :+243817406088 Les d\u00e9put\u00e9s membres de la Commission Socioculturelle de l\u2019Assembl\u00e9e nationale ont eu une...","og_url":"https:\/\/infos-droitshumains.net\/?p=1596","og_site_name":"Infos Droits Humains","article_published_time":"2022-01-20T09:19:45+00:00","article_modified_time":"2023-04-06T10:11:02+00:00","og_image":[{"url":"https:\/\/infos-droitshumains.net\/wp-content\/uploads\/2022\/01\/IMG-20220120-WA0021.jpg","type":"","width":"","height":""}],"author":"Jo\u00ebl Diawa","twitter_card":"summary_large_image","twitter_misc":{"\u00c9crit par":"Jo\u00ebl Diawa","Dur\u00e9e de lecture estim\u00e9e":"3 minutes"},"schema":{"@context":"https:\/\/schema.org","@graph":[{"@type":"Article","@id":"https:\/\/infos-droitshumains.net\/?p=1596#article","isPartOf":{"@id":"https:\/\/infos-droitshumains.net\/?p=1596"},"author":{"name":"Jo\u00ebl Diawa","@id":"https:\/\/infos-droitshumains.net\/#\/schema\/person\/3dc5e921c3302172e0ed4362f96faab7"},"headline":"Assembl\u00e9e nationale : L&rsquo;UNESCO et la commission Socioculturelle approfondissent la r\u00e9flexion sur la gratuit\u00e9 de l\u2019\u00e9ducation en RDC","datePublished":"2022-01-20T09:19:45+00:00","dateModified":"2023-04-06T10:11:02+00:00","mainEntityOfPage":{"@id":"https:\/\/infos-droitshumains.net\/?p=1596"},"wordCount":658,"publisher":{"@id":"https:\/\/infos-droitshumains.net\/#organization"},"image":{"@id":"https:\/\/infos-droitshumains.net\/?p=1596#primaryimage"},"thumbnailUrl":"https:\/\/infos-droitshumains.net\/wp-content\/uploads\/2022\/01\/IMG-20220120-WA0021.jpg","inLanguage":"fr-FR"},{"@type":"WebPage","@id":"https:\/\/infos-droitshumains.net\/?p=1596","url":"https:\/\/infos-droitshumains.net\/?p=1596","name":"Assembl\u00e9e nationale : L'UNESCO et la commission Socioculturelle approfondissent la r\u00e9flexion sur la gratuit\u00e9 de l\u2019\u00e9ducation en RDC - Infos Droits Humains","isPartOf":{"@id":"https:\/\/infos-droitshumains.net\/#website"},"primaryImageOfPage":{"@id":"https:\/\/infos-droitshumains.net\/?p=1596#primaryimage"},"image":{"@id":"https:\/\/infos-droitshumains.net\/?p=1596#primaryimage"},"thumbnailUrl":"https:\/\/infos-droitshumains.net\/wp-content\/uploads\/2022\/01\/IMG-20220120-WA0021.jpg","datePublished":"2022-01-20T09:19:45+00:00","dateModified":"2023-04-06T10:11:02+00:00","breadcrumb":{"@id":"https:\/\/infos-droitshumains.net\/?p=1596#breadcrumb"},"inLanguage":"fr-FR","potentialAction":[{"@type":"ReadAction","target":["https:\/\/infos-droitshumains.net\/?p=1596"]}]},{"@type":"ImageObject","inLanguage":"fr-FR","@id":"https:\/\/infos-droitshumains.net\/?p=1596#primaryimage","url":"https:\/\/infos-droitshumains.net\/wp-content\/uploads\/2022\/01\/IMG-20220120-WA0021.jpg","contentUrl":"https:\/\/infos-droitshumains.net\/wp-content\/uploads\/2022\/01\/IMG-20220120-WA0021.jpg"},{"@type":"BreadcrumbList","@id":"https:\/\/infos-droitshumains.net\/?p=1596#breadcrumb","itemListElement":[{"@type":"ListItem","position":1,"name":"Accueil","item":"https:\/\/infos-droitshumains.net\/"},{"@type":"ListItem","position":2,"name":"Assembl\u00e9e nationale : L&rsquo;UNESCO et la commission Socioculturelle approfondissent la r\u00e9flexion sur la gratuit\u00e9 de l\u2019\u00e9ducation en RDC"}]},{"@type":"WebSite","@id":"https:\/\/infos-droitshumains.net\/#website","url":"https:\/\/infos-droitshumains.net\/","name":"Infos Droits Humains","description":"S&#039;informer est un droit","publisher":{"@id":"https:\/\/infos-droitshumains.net\/#organization"},"potentialAction":[{"@type":"SearchAction","target":{"@type":"EntryPoint","urlTemplate":"https:\/\/infos-droitshumains.net\/?s={search_term_string}"},"query-input":{"@type":"PropertyValueSpecification","valueRequired":true,"valueName":"search_term_string"}}],"inLanguage":"fr-FR"},{"@type":"Organization","@id":"https:\/\/infos-droitshumains.net\/#organization","name":"Infos Droits Humains","url":"https:\/\/infos-droitshumains.net\/","logo":{"@type":"ImageObject","inLanguage":"fr-FR","@id":"https:\/\/infos-droitshumains.net\/#\/schema\/logo\/image\/","url":"https:\/\/i0.wp.com\/infos-droitshumains.net\/wp-content\/uploads\/2022\/05\/Logo.png?fit=333%2C129&ssl=1","contentUrl":"https:\/\/i0.wp.com\/infos-droitshumains.net\/wp-content\/uploads\/2022\/05\/Logo.png?fit=333%2C129&ssl=1","width":333,"height":129,"caption":"Infos Droits Humains"},"image":{"@id":"https:\/\/infos-droitshumains.net\/#\/schema\/logo\/image\/"}},{"@type":"Person","@id":"https:\/\/infos-droitshumains.net\/#\/schema\/person\/3dc5e921c3302172e0ed4362f96faab7","name":"Jo\u00ebl Diawa","image":{"@type":"ImageObject","inLanguage":"fr-FR","@id":"https:\/\/secure.gravatar.com\/avatar\/729bea6ff4604c624417803c477363be8e3c7186deaa65713313f9b4b820f41c?s=96&d=mm&r=g","url":"https:\/\/secure.gravatar.com\/avatar\/729bea6ff4604c624417803c477363be8e3c7186deaa65713313f9b4b820f41c?s=96&d=mm&r=g","contentUrl":"https:\/\/secure.gravatar.com\/avatar\/729bea6ff4604c624417803c477363be8e3c7186deaa65713313f9b4b820f41c?s=96&d=mm&r=g","caption":"Jo\u00ebl Diawa"},"sameAs":["https:\/\/www.infos-droitshumains.net"],"url":"https:\/\/infos-droitshumains.net\/?author=2"}]}},"featured_image_urls":{"full":"","thumbnail":"","medium":"","medium_large":"","large":"","1536x1536":"","2048x2048":"","covernews-slider-full":"","covernews-slider-center":"","covernews-featured":"","covernews-medium":"","covernews-medium-square":""},"author_info":{"display_name":"Jo\u00ebl Diawa","author_link":"https:\/\/infos-droitshumains.net\/?author=2"},"category_info":"<a href=\"https:\/\/infos-droitshumains.net\/?cat=1\" rel=\"category\">Non class\u00e9<\/a>","tag_info":"Non class\u00e9","comment_count":"0","jetpack_featured_media_url":"","jetpack-related-posts":[],"jetpack_sharing_enabled":true,"_links":{"self":[{"href":"https:\/\/infos-droitshumains.net\/index.php?rest_route=\/wp\/v2\/posts\/1596","targetHints":{"allow":["GET"]}}],"collection":[{"href":"https:\/\/infos-droitshumains.net\/index.php?rest_route=\/wp\/v2\/posts"}],"about":[{"href":"https:\/\/infos-droitshumains.net\/index.php?rest_route=\/wp\/v2\/types\/post"}],"author":[{"embeddable":true,"href":"https:\/\/infos-droitshumains.net\/index.php?rest_route=\/wp\/v2\/users\/2"}],"replies":[{"embeddable":true,"href":"https:\/\/infos-droitshumains.net\/index.php?rest_route=%2Fwp%2Fv2%2Fcomments&post=1596"}],"version-history":[{"count":7,"href":"https:\/\/infos-droitshumains.net\/index.php?rest_route=\/wp\/v2\/posts\/1596\/revisions"}],"predecessor-version":[{"id":1608,"href":"https:\/\/infos-droitshumains.net\/index.php?rest_route=\/wp\/v2\/posts\/1596\/revisions\/1608"}],"wp:attachment":[{"href":"https:\/\/infos-droitshumains.net\/index.php?rest_route=%2Fwp%2Fv2%2Fmedia&parent=1596"}],"wp:term":[{"taxonomy":"category","embeddable":true,"href":"https:\/\/infos-droitshumains.net\/index.php?rest_route=%2Fwp%2Fv2%2Fcategories&post=1596"},{"taxonomy":"post_tag","embeddable":true,"href":"https:\/\/infos-droitshumains.net\/index.php?rest_route=%2Fwp%2Fv2%2Ftags&post=1596"}],"curies":[{"name":"wp","href":"https:\/\/api.w.org\/{rel}","templated":true}]}}