{"id":15928,"date":"2025-08-12T12:30:50","date_gmt":"2025-08-12T10:30:50","guid":{"rendered":"https:\/\/infos-droitshumains.net\/?p=15928"},"modified":"2025-08-12T14:55:38","modified_gmt":"2025-08-12T12:55:38","slug":"rdc-luncc-felicite-patrick-muyaya-pour-sa-reconduction-a-la-tete-du-ministere-de-la-communication-et-media","status":"publish","type":"post","link":"https:\/\/infos-droitshumains.net\/?p=15928","title":{"rendered":"RDC\u00a0: l\u2019UNCC remercie le Chef de l&rsquo;Etat pour la reconduction de Patrick Muyaya \u00e0 la t\u00eate du Minist\u00e8re de la Communication et M\u00e9dia"},"content":{"rendered":"\n<p><strong>R\u00e9daction: +243 817 406 088<\/strong><\/p>\n\n\n\n<h3 class=\"wp-block-heading has-vivid-red-color has-text-color has-link-color wp-elements-9305dc126dec79b49aab20a104c06464\">Patrick Muyaya fera partie de l\u2019\u00e9quipe gouvernementale Suminwa II. Il a b\u00e9n\u00e9fici\u00e9 de la confiance du Chef de l\u2019Etat en \u00e9tant reconduit \u00e0 la t\u00eate du Minist\u00e8re de la communication et M\u00e9dia, de quoi enchanter l\u2019Union Nationale des Cameramen du Congo qui le consid\u00e8re comme une r\u00e9f\u00e9rence de leur m\u00e9tier.<\/h3>\n\n\n\n<p>Ce mardi 12 ao\u00fbt 2025 dans la matin\u00e9e, une d\u00e9l\u00e9gation de l\u2019UNCC conduite par son Pr\u00e9sident Merlin Kamalandua a rendu une visite surprise \u00e0 Patrick Muyaya dans son cabinet. Objectif, pr\u00e9senter des civilit\u00e9s et f\u00e9licitations au porte-parole du gouvernement pour cette reconduction.<\/p>\n\n\n\n<p>Le Pr\u00e9sident de l\u2019UNCC a pour ce faire, trouv\u00e9 des mots justes quant \u00e0 ce&nbsp;: <em>\u00ab&nbsp;C\u2019est avec une immense joie et une grande fiert\u00e9 que nous venons aujourd\u2019hui au nom de l\u2019Union Nationale des Cameramen du Congo, vous f\u00e9liciter pour votre reconduction \u00e0 la t\u00eate du minist\u00e8re de la Communication. Vous \u00eates plus qu\u2019un ministre pour nous : vous \u00eates un fr\u00e8re de m\u00e9tier, un membre influent de notre grande famille, car vous avez port\u00e9 la cam\u00e9ra avant de porter la voix de la R\u00e9publique&nbsp;\u00bb<\/em>, a d\u00e9clar\u00e9 Merlin Kamalandua.<\/p>\n\n\n\n<p>L\u2019UNCC a par ailleurs remerci\u00e9 le Chef de l\u2019Etat pour la confiance renouvel\u00e9e en celui qui a toujours port\u00e9 la voix de l\u2019op\u00e9rateur de prise de vue&nbsp;:<\/p>\n\n\n\n<p><em>\u00ab\u00a0Aujourd\u2019hui, l\u2019Union Nationale des Cameramen du Congo, par ma voix, exprime sa reconnaissance \u00e0 l&rsquo;endroit de son Excellence Monsieur Chef de l\u2019\u00c9tat, F\u00e9lix-Antoine Tshisekedi Tshilombo pour avoir renouvel\u00e9 sa confiance en Son Excellence Patrick Muyaya en le reconduisant comme ministre de la Communication mais aussi porte-parole du gouvernement. Etant notre alli\u00e9, notre icone, notre notre membre, nous sommes venus en ce jour, lui f\u00e9liciter, lui dire que nous sommes avec lui afin de mieux accomplir cet immense travail qu&rsquo;il abat pour la R\u00e9publique<\/em>\u00bb, a soulign\u00e9 le Pr\u00e9sident des cameramen de la RDC.<\/p>\n\n\n\n<p>\u2019L\u2019Union Nationale des Cameramen du Congo a saisi cette occasion pour r\u00e9affirmer soutien au Chef de l\u2019\u00c9tat pour la restauration de la paix dans la partie Est du pays:<\/p>\n\n\n\n<p>\u00ab<em>Nous voulons montr\u00e9 ici que, nous sommes derni\u00e8re le Chef de l&rsquo;Etat pour la paix, \u00e9tant des patriotes, nous voulons, par ce geste, exprimer notre reconnaissance te soutenir les efforts consentis par le gouvernement pour la paix  Patrick Muyaya est notre membre, hier il a port\u00e9 la camera, aujourd&rsquo;hui, il porte la voix de la R\u00e9publique, c&rsquo;est une fiert\u00e9 pour nous, l&rsquo;UNCC. Cela d\u00e9montre \u00e0 suffisance qu&rsquo;un cameraman est un grand monsieur qui peut faire plus\u00bb<\/em>, a rench\u00e9ri Merlin Kamalandua.<\/p>\n\n\n\n<p>Dans sa gibeci\u00e8re, la d\u00e9l\u00e9gation de l\u2019UNCC a apport\u00e9 quelques pr\u00e9sents notamment, une ch\u00e8vre et une bouteille de champagne qui&nbsp;symbolisent \u00e0 la fois <em>\u00ab&nbsp;la tradition et la c\u00e9l\u00e9bration&nbsp;\u00bb<\/em>. Un don qui, \u00e0 en croire Kamalandua, t\u00e9moigne de <em>\u00ab&nbsp;notre affection et de notre soutien ind\u00e9fectible aux hautes fonctions&nbsp;\u00bb<\/em> de Patrick Muyaya.<\/p>\n\n\n\n<p>Selon les sondages, Patrick Muyaya fait partie de trois meilleurs Ministres du gouvernement Suminwa I. Il s\u2019est distingu\u00e9 notamment par le changement de narratif qu\u2019il a apport\u00e9 dans la communication gouvernementale avec l\u2019organisation des briefings de presse au cours desquels, sont invit\u00e9s les gouvernants par devoir de recevabilit\u00e9. Il est cependant reconnu comme le Ministre ayant pour la premi\u00e8re fois dot\u00e9 la presse congolaise d\u2019une loi sp\u00e9cifique.<\/p>\n\n\n\n<p>Jo\u00ebl Diawa<\/p>\n","protected":false},"excerpt":{"rendered":"<p>R\u00e9daction: +243 817 406 088 Patrick Muyaya fera partie de l\u2019\u00e9quipe gouvernementale Suminwa II. Il&#8230;<\/p>\n","protected":false},"author":2,"featured_media":15942,"comment_status":"open","ping_status":"open","sticky":false,"template":"","format":"standard","meta":{"_jetpack_memberships_contains_paid_content":false,"footnotes":""},"categories":[1],"tags":[],"class_list":["post-15928","post","type-post","status-publish","format-standard","has-post-thumbnail","hentry","category-non-classe"],"yoast_head":"<!-- This site is optimized with the Yoast SEO plugin v27.5 - https:\/\/yoast.com\/product\/yoast-seo-wordpress\/ -->\n<title>RDC\u00a0: l\u2019UNCC remercie le Chef de l&#039;Etat pour la reconduction de Patrick Muyaya \u00e0 la t\u00eate du Minist\u00e8re de la Communication et M\u00e9dia - Infos Droits Humains<\/title>\n<meta name=\"robots\" content=\"index, follow, max-snippet:-1, max-image-preview:large, max-video-preview:-1\" \/>\n<link rel=\"canonical\" href=\"https:\/\/infos-droitshumains.net\/?p=15928\" \/>\n<meta property=\"og:locale\" content=\"fr_FR\" \/>\n<meta property=\"og:type\" content=\"article\" \/>\n<meta property=\"og:title\" content=\"RDC\u00a0: l\u2019UNCC remercie le Chef de l&#039;Etat pour la reconduction de Patrick Muyaya \u00e0 la t\u00eate du Minist\u00e8re de la Communication et M\u00e9dia - Infos Droits Humains\" \/>\n<meta property=\"og:description\" content=\"R\u00e9daction: +243 817 406 088 Patrick Muyaya fera partie de l\u2019\u00e9quipe gouvernementale Suminwa II. Il...\" \/>\n<meta property=\"og:url\" content=\"https:\/\/infos-droitshumains.net\/?p=15928\" \/>\n<meta property=\"og:site_name\" content=\"Infos Droits Humains\" \/>\n<meta property=\"article:published_time\" content=\"2025-08-12T10:30:50+00:00\" \/>\n<meta property=\"article:modified_time\" content=\"2025-08-12T12:55:38+00:00\" \/>\n<meta property=\"og:image\" content=\"https:\/\/infos-droitshumains.net\/wp-content\/uploads\/2025\/08\/Composition1.jpg\" \/>\n\t<meta property=\"og:image:width\" content=\"1603\" \/>\n\t<meta property=\"og:image:height\" content=\"845\" \/>\n\t<meta property=\"og:image:type\" content=\"image\/jpeg\" \/>\n<meta name=\"author\" content=\"Jo\u00ebl Diawa\" \/>\n<meta name=\"twitter:card\" content=\"summary_large_image\" \/>\n<meta name=\"twitter:label1\" content=\"\u00c9crit par\" \/>\n\t<meta name=\"twitter:data1\" content=\"Jo\u00ebl Diawa\" \/>\n\t<meta name=\"twitter:label2\" content=\"Dur\u00e9e de lecture estim\u00e9e\" \/>\n\t<meta name=\"twitter:data2\" content=\"3 minutes\" \/>\n<script type=\"application\/ld+json\" class=\"yoast-schema-graph\">{\"@context\":\"https:\\\/\\\/schema.org\",\"@graph\":[{\"@type\":\"Article\",\"@id\":\"https:\\\/\\\/infos-droitshumains.net\\\/?p=15928#article\",\"isPartOf\":{\"@id\":\"https:\\\/\\\/infos-droitshumains.net\\\/?p=15928\"},\"author\":{\"name\":\"Jo\u00ebl Diawa\",\"@id\":\"https:\\\/\\\/infos-droitshumains.net\\\/#\\\/schema\\\/person\\\/3dc5e921c3302172e0ed4362f96faab7\"},\"headline\":\"RDC\u00a0: l\u2019UNCC remercie le Chef de l&rsquo;Etat pour la reconduction de Patrick Muyaya \u00e0 la t\u00eate du Minist\u00e8re de la Communication et M\u00e9dia\",\"datePublished\":\"2025-08-12T10:30:50+00:00\",\"dateModified\":\"2025-08-12T12:55:38+00:00\",\"mainEntityOfPage\":{\"@id\":\"https:\\\/\\\/infos-droitshumains.net\\\/?p=15928\"},\"wordCount\":627,\"commentCount\":0,\"publisher\":{\"@id\":\"https:\\\/\\\/infos-droitshumains.net\\\/#organization\"},\"image\":{\"@id\":\"https:\\\/\\\/infos-droitshumains.net\\\/?p=15928#primaryimage\"},\"thumbnailUrl\":\"https:\\\/\\\/i0.wp.com\\\/infos-droitshumains.net\\\/wp-content\\\/uploads\\\/2025\\\/08\\\/Composition1.jpg?fit=1603%2C845&ssl=1\",\"inLanguage\":\"fr-FR\",\"potentialAction\":[{\"@type\":\"CommentAction\",\"name\":\"Comment\",\"target\":[\"https:\\\/\\\/infos-droitshumains.net\\\/?p=15928#respond\"]}]},{\"@type\":\"WebPage\",\"@id\":\"https:\\\/\\\/infos-droitshumains.net\\\/?p=15928\",\"url\":\"https:\\\/\\\/infos-droitshumains.net\\\/?p=15928\",\"name\":\"RDC\u00a0: l\u2019UNCC remercie le Chef de l'Etat pour la reconduction de Patrick Muyaya \u00e0 la t\u00eate du Minist\u00e8re de la Communication et M\u00e9dia - Infos Droits Humains\",\"isPartOf\":{\"@id\":\"https:\\\/\\\/infos-droitshumains.net\\\/#website\"},\"primaryImageOfPage\":{\"@id\":\"https:\\\/\\\/infos-droitshumains.net\\\/?p=15928#primaryimage\"},\"image\":{\"@id\":\"https:\\\/\\\/infos-droitshumains.net\\\/?p=15928#primaryimage\"},\"thumbnailUrl\":\"https:\\\/\\\/i0.wp.com\\\/infos-droitshumains.net\\\/wp-content\\\/uploads\\\/2025\\\/08\\\/Composition1.jpg?fit=1603%2C845&ssl=1\",\"datePublished\":\"2025-08-12T10:30:50+00:00\",\"dateModified\":\"2025-08-12T12:55:38+00:00\",\"breadcrumb\":{\"@id\":\"https:\\\/\\\/infos-droitshumains.net\\\/?p=15928#breadcrumb\"},\"inLanguage\":\"fr-FR\",\"potentialAction\":[{\"@type\":\"ReadAction\",\"target\":[\"https:\\\/\\\/infos-droitshumains.net\\\/?p=15928\"]}]},{\"@type\":\"ImageObject\",\"inLanguage\":\"fr-FR\",\"@id\":\"https:\\\/\\\/infos-droitshumains.net\\\/?p=15928#primaryimage\",\"url\":\"https:\\\/\\\/i0.wp.com\\\/infos-droitshumains.net\\\/wp-content\\\/uploads\\\/2025\\\/08\\\/Composition1.jpg?fit=1603%2C845&ssl=1\",\"contentUrl\":\"https:\\\/\\\/i0.wp.com\\\/infos-droitshumains.net\\\/wp-content\\\/uploads\\\/2025\\\/08\\\/Composition1.jpg?fit=1603%2C845&ssl=1\",\"width\":1603,\"height\":845},{\"@type\":\"BreadcrumbList\",\"@id\":\"https:\\\/\\\/infos-droitshumains.net\\\/?p=15928#breadcrumb\",\"itemListElement\":[{\"@type\":\"ListItem\",\"position\":1,\"name\":\"Accueil\",\"item\":\"https:\\\/\\\/infos-droitshumains.net\\\/\"},{\"@type\":\"ListItem\",\"position\":2,\"name\":\"RDC\u00a0: l\u2019UNCC remercie le Chef de l&rsquo;Etat pour la reconduction de Patrick Muyaya \u00e0 la t\u00eate du Minist\u00e8re de la Communication et M\u00e9dia\"}]},{\"@type\":\"WebSite\",\"@id\":\"https:\\\/\\\/infos-droitshumains.net\\\/#website\",\"url\":\"https:\\\/\\\/infos-droitshumains.net\\\/\",\"name\":\"Infos Droits Humains\",\"description\":\"S&#039;informer est un droit\",\"publisher\":{\"@id\":\"https:\\\/\\\/infos-droitshumains.net\\\/#organization\"},\"potentialAction\":[{\"@type\":\"SearchAction\",\"target\":{\"@type\":\"EntryPoint\",\"urlTemplate\":\"https:\\\/\\\/infos-droitshumains.net\\\/?s={search_term_string}\"},\"query-input\":{\"@type\":\"PropertyValueSpecification\",\"valueRequired\":true,\"valueName\":\"search_term_string\"}}],\"inLanguage\":\"fr-FR\"},{\"@type\":\"Organization\",\"@id\":\"https:\\\/\\\/infos-droitshumains.net\\\/#organization\",\"name\":\"Infos Droits Humains\",\"url\":\"https:\\\/\\\/infos-droitshumains.net\\\/\",\"logo\":{\"@type\":\"ImageObject\",\"inLanguage\":\"fr-FR\",\"@id\":\"https:\\\/\\\/infos-droitshumains.net\\\/#\\\/schema\\\/logo\\\/image\\\/\",\"url\":\"https:\\\/\\\/i0.wp.com\\\/infos-droitshumains.net\\\/wp-content\\\/uploads\\\/2022\\\/05\\\/Logo.png?fit=333%2C129&ssl=1\",\"contentUrl\":\"https:\\\/\\\/i0.wp.com\\\/infos-droitshumains.net\\\/wp-content\\\/uploads\\\/2022\\\/05\\\/Logo.png?fit=333%2C129&ssl=1\",\"width\":333,\"height\":129,\"caption\":\"Infos Droits Humains\"},\"image\":{\"@id\":\"https:\\\/\\\/infos-droitshumains.net\\\/#\\\/schema\\\/logo\\\/image\\\/\"}},{\"@type\":\"Person\",\"@id\":\"https:\\\/\\\/infos-droitshumains.net\\\/#\\\/schema\\\/person\\\/3dc5e921c3302172e0ed4362f96faab7\",\"name\":\"Jo\u00ebl Diawa\",\"image\":{\"@type\":\"ImageObject\",\"inLanguage\":\"fr-FR\",\"@id\":\"https:\\\/\\\/secure.gravatar.com\\\/avatar\\\/729bea6ff4604c624417803c477363be8e3c7186deaa65713313f9b4b820f41c?s=96&d=mm&r=g\",\"url\":\"https:\\\/\\\/secure.gravatar.com\\\/avatar\\\/729bea6ff4604c624417803c477363be8e3c7186deaa65713313f9b4b820f41c?s=96&d=mm&r=g\",\"contentUrl\":\"https:\\\/\\\/secure.gravatar.com\\\/avatar\\\/729bea6ff4604c624417803c477363be8e3c7186deaa65713313f9b4b820f41c?s=96&d=mm&r=g\",\"caption\":\"Jo\u00ebl Diawa\"},\"sameAs\":[\"https:\\\/\\\/www.infos-droitshumains.net\"],\"url\":\"https:\\\/\\\/infos-droitshumains.net\\\/?author=2\"}]}<\/script>\n<!-- \/ Yoast SEO plugin. -->","yoast_head_json":{"title":"RDC\u00a0: l\u2019UNCC remercie le Chef de l'Etat pour la reconduction de Patrick Muyaya \u00e0 la t\u00eate du Minist\u00e8re de la Communication et M\u00e9dia - Infos Droits Humains","robots":{"index":"index","follow":"follow","max-snippet":"max-snippet:-1","max-image-preview":"max-image-preview:large","max-video-preview":"max-video-preview:-1"},"canonical":"https:\/\/infos-droitshumains.net\/?p=15928","og_locale":"fr_FR","og_type":"article","og_title":"RDC\u00a0: l\u2019UNCC remercie le Chef de l'Etat pour la reconduction de Patrick Muyaya \u00e0 la t\u00eate du Minist\u00e8re de la Communication et M\u00e9dia - Infos Droits Humains","og_description":"R\u00e9daction: +243 817 406 088 Patrick Muyaya fera partie de l\u2019\u00e9quipe gouvernementale Suminwa II. Il...","og_url":"https:\/\/infos-droitshumains.net\/?p=15928","og_site_name":"Infos Droits Humains","article_published_time":"2025-08-12T10:30:50+00:00","article_modified_time":"2025-08-12T12:55:38+00:00","og_image":[{"width":1603,"height":845,"url":"https:\/\/infos-droitshumains.net\/wp-content\/uploads\/2025\/08\/Composition1.jpg","type":"image\/jpeg"}],"author":"Jo\u00ebl Diawa","twitter_card":"summary_large_image","twitter_misc":{"\u00c9crit par":"Jo\u00ebl Diawa","Dur\u00e9e de lecture estim\u00e9e":"3 minutes"},"schema":{"@context":"https:\/\/schema.org","@graph":[{"@type":"Article","@id":"https:\/\/infos-droitshumains.net\/?p=15928#article","isPartOf":{"@id":"https:\/\/infos-droitshumains.net\/?p=15928"},"author":{"name":"Jo\u00ebl Diawa","@id":"https:\/\/infos-droitshumains.net\/#\/schema\/person\/3dc5e921c3302172e0ed4362f96faab7"},"headline":"RDC\u00a0: l\u2019UNCC remercie le Chef de l&rsquo;Etat pour la reconduction de Patrick Muyaya \u00e0 la t\u00eate du Minist\u00e8re de la Communication et M\u00e9dia","datePublished":"2025-08-12T10:30:50+00:00","dateModified":"2025-08-12T12:55:38+00:00","mainEntityOfPage":{"@id":"https:\/\/infos-droitshumains.net\/?p=15928"},"wordCount":627,"commentCount":0,"publisher":{"@id":"https:\/\/infos-droitshumains.net\/#organization"},"image":{"@id":"https:\/\/infos-droitshumains.net\/?p=15928#primaryimage"},"thumbnailUrl":"https:\/\/i0.wp.com\/infos-droitshumains.net\/wp-content\/uploads\/2025\/08\/Composition1.jpg?fit=1603%2C845&ssl=1","inLanguage":"fr-FR","potentialAction":[{"@type":"CommentAction","name":"Comment","target":["https:\/\/infos-droitshumains.net\/?p=15928#respond"]}]},{"@type":"WebPage","@id":"https:\/\/infos-droitshumains.net\/?p=15928","url":"https:\/\/infos-droitshumains.net\/?p=15928","name":"RDC\u00a0: l\u2019UNCC remercie le Chef de l'Etat pour la reconduction de Patrick Muyaya \u00e0 la t\u00eate du Minist\u00e8re de la Communication et M\u00e9dia - Infos Droits Humains","isPartOf":{"@id":"https:\/\/infos-droitshumains.net\/#website"},"primaryImageOfPage":{"@id":"https:\/\/infos-droitshumains.net\/?p=15928#primaryimage"},"image":{"@id":"https:\/\/infos-droitshumains.net\/?p=15928#primaryimage"},"thumbnailUrl":"https:\/\/i0.wp.com\/infos-droitshumains.net\/wp-content\/uploads\/2025\/08\/Composition1.jpg?fit=1603%2C845&ssl=1","datePublished":"2025-08-12T10:30:50+00:00","dateModified":"2025-08-12T12:55:38+00:00","breadcrumb":{"@id":"https:\/\/infos-droitshumains.net\/?p=15928#breadcrumb"},"inLanguage":"fr-FR","potentialAction":[{"@type":"ReadAction","target":["https:\/\/infos-droitshumains.net\/?p=15928"]}]},{"@type":"ImageObject","inLanguage":"fr-FR","@id":"https:\/\/infos-droitshumains.net\/?p=15928#primaryimage","url":"https:\/\/i0.wp.com\/infos-droitshumains.net\/wp-content\/uploads\/2025\/08\/Composition1.jpg?fit=1603%2C845&ssl=1","contentUrl":"https:\/\/i0.wp.com\/infos-droitshumains.net\/wp-content\/uploads\/2025\/08\/Composition1.jpg?fit=1603%2C845&ssl=1","width":1603,"height":845},{"@type":"BreadcrumbList","@id":"https:\/\/infos-droitshumains.net\/?p=15928#breadcrumb","itemListElement":[{"@type":"ListItem","position":1,"name":"Accueil","item":"https:\/\/infos-droitshumains.net\/"},{"@type":"ListItem","position":2,"name":"RDC\u00a0: l\u2019UNCC remercie le Chef de l&rsquo;Etat pour la reconduction de Patrick Muyaya \u00e0 la t\u00eate du Minist\u00e8re de la Communication et M\u00e9dia"}]},{"@type":"WebSite","@id":"https:\/\/infos-droitshumains.net\/#website","url":"https:\/\/infos-droitshumains.net\/","name":"Infos Droits Humains","description":"S&#039;informer est un droit","publisher":{"@id":"https:\/\/infos-droitshumains.net\/#organization"},"potentialAction":[{"@type":"SearchAction","target":{"@type":"EntryPoint","urlTemplate":"https:\/\/infos-droitshumains.net\/?s={search_term_string}"},"query-input":{"@type":"PropertyValueSpecification","valueRequired":true,"valueName":"search_term_string"}}],"inLanguage":"fr-FR"},{"@type":"Organization","@id":"https:\/\/infos-droitshumains.net\/#organization","name":"Infos Droits Humains","url":"https:\/\/infos-droitshumains.net\/","logo":{"@type":"ImageObject","inLanguage":"fr-FR","@id":"https:\/\/infos-droitshumains.net\/#\/schema\/logo\/image\/","url":"https:\/\/i0.wp.com\/infos-droitshumains.net\/wp-content\/uploads\/2022\/05\/Logo.png?fit=333%2C129&ssl=1","contentUrl":"https:\/\/i0.wp.com\/infos-droitshumains.net\/wp-content\/uploads\/2022\/05\/Logo.png?fit=333%2C129&ssl=1","width":333,"height":129,"caption":"Infos Droits Humains"},"image":{"@id":"https:\/\/infos-droitshumains.net\/#\/schema\/logo\/image\/"}},{"@type":"Person","@id":"https:\/\/infos-droitshumains.net\/#\/schema\/person\/3dc5e921c3302172e0ed4362f96faab7","name":"Jo\u00ebl Diawa","image":{"@type":"ImageObject","inLanguage":"fr-FR","@id":"https:\/\/secure.gravatar.com\/avatar\/729bea6ff4604c624417803c477363be8e3c7186deaa65713313f9b4b820f41c?s=96&d=mm&r=g","url":"https:\/\/secure.gravatar.com\/avatar\/729bea6ff4604c624417803c477363be8e3c7186deaa65713313f9b4b820f41c?s=96&d=mm&r=g","contentUrl":"https:\/\/secure.gravatar.com\/avatar\/729bea6ff4604c624417803c477363be8e3c7186deaa65713313f9b4b820f41c?s=96&d=mm&r=g","caption":"Jo\u00ebl Diawa"},"sameAs":["https:\/\/www.infos-droitshumains.net"],"url":"https:\/\/infos-droitshumains.net\/?author=2"}]}},"featured_image_urls":{"full":["https:\/\/i0.wp.com\/infos-droitshumains.net\/wp-content\/uploads\/2025\/08\/Composition1.jpg?fit=1603%2C845&ssl=1",1603,845,false],"thumbnail":["https:\/\/i0.wp.com\/infos-droitshumains.net\/wp-content\/uploads\/2025\/08\/Composition1.jpg?resize=150%2C150&ssl=1",150,150,true],"medium":["https:\/\/i0.wp.com\/infos-droitshumains.net\/wp-content\/uploads\/2025\/08\/Composition1.jpg?fit=300%2C158&ssl=1",300,158,true],"medium_large":["https:\/\/i0.wp.com\/infos-droitshumains.net\/wp-content\/uploads\/2025\/08\/Composition1.jpg?fit=640%2C338&ssl=1",640,338,true],"large":["https:\/\/i0.wp.com\/infos-droitshumains.net\/wp-content\/uploads\/2025\/08\/Composition1.jpg?fit=640%2C338&ssl=1",640,338,true],"1536x1536":["https:\/\/i0.wp.com\/infos-droitshumains.net\/wp-content\/uploads\/2025\/08\/Composition1.jpg?fit=1536%2C810&ssl=1",1536,810,true],"2048x2048":["https:\/\/i0.wp.com\/infos-droitshumains.net\/wp-content\/uploads\/2025\/08\/Composition1.jpg?fit=1603%2C845&ssl=1",1603,845,true],"covernews-slider-full":["https:\/\/i0.wp.com\/infos-droitshumains.net\/wp-content\/uploads\/2025\/08\/Composition1.jpg?resize=1115%2C715&ssl=1",1115,715,true],"covernews-slider-center":["https:\/\/i0.wp.com\/infos-droitshumains.net\/wp-content\/uploads\/2025\/08\/Composition1.jpg?resize=800%2C500&ssl=1",800,500,true],"covernews-featured":["https:\/\/i0.wp.com\/infos-droitshumains.net\/wp-content\/uploads\/2025\/08\/Composition1.jpg?fit=1024%2C540&ssl=1",1024,540,true],"covernews-medium":["https:\/\/i0.wp.com\/infos-droitshumains.net\/wp-content\/uploads\/2025\/08\/Composition1.jpg?resize=540%2C340&ssl=1",540,340,true],"covernews-medium-square":["https:\/\/i0.wp.com\/infos-droitshumains.net\/wp-content\/uploads\/2025\/08\/Composition1.jpg?resize=400%2C250&ssl=1",400,250,true]},"author_info":{"display_name":"Jo\u00ebl Diawa","author_link":"https:\/\/infos-droitshumains.net\/?author=2"},"category_info":"<a href=\"https:\/\/infos-droitshumains.net\/?cat=1\" rel=\"category\">Non class\u00e9<\/a>","tag_info":"Non class\u00e9","comment_count":"0","jetpack_featured_media_url":"https:\/\/i0.wp.com\/infos-droitshumains.net\/wp-content\/uploads\/2025\/08\/Composition1.jpg?fit=1603%2C845&ssl=1","jetpack-related-posts":[],"jetpack_sharing_enabled":true,"_links":{"self":[{"href":"https:\/\/infos-droitshumains.net\/index.php?rest_route=\/wp\/v2\/posts\/15928","targetHints":{"allow":["GET"]}}],"collection":[{"href":"https:\/\/infos-droitshumains.net\/index.php?rest_route=\/wp\/v2\/posts"}],"about":[{"href":"https:\/\/infos-droitshumains.net\/index.php?rest_route=\/wp\/v2\/types\/post"}],"author":[{"embeddable":true,"href":"https:\/\/infos-droitshumains.net\/index.php?rest_route=\/wp\/v2\/users\/2"}],"replies":[{"embeddable":true,"href":"https:\/\/infos-droitshumains.net\/index.php?rest_route=%2Fwp%2Fv2%2Fcomments&post=15928"}],"version-history":[{"count":12,"href":"https:\/\/infos-droitshumains.net\/index.php?rest_route=\/wp\/v2\/posts\/15928\/revisions"}],"predecessor-version":[{"id":15950,"href":"https:\/\/infos-droitshumains.net\/index.php?rest_route=\/wp\/v2\/posts\/15928\/revisions\/15950"}],"wp:featuredmedia":[{"embeddable":true,"href":"https:\/\/infos-droitshumains.net\/index.php?rest_route=\/wp\/v2\/media\/15942"}],"wp:attachment":[{"href":"https:\/\/infos-droitshumains.net\/index.php?rest_route=%2Fwp%2Fv2%2Fmedia&parent=15928"}],"wp:term":[{"taxonomy":"category","embeddable":true,"href":"https:\/\/infos-droitshumains.net\/index.php?rest_route=%2Fwp%2Fv2%2Fcategories&post=15928"},{"taxonomy":"post_tag","embeddable":true,"href":"https:\/\/infos-droitshumains.net\/index.php?rest_route=%2Fwp%2Fv2%2Ftags&post=15928"}],"curies":[{"name":"wp","href":"https:\/\/api.w.org\/{rel}","templated":true}]}}