{"id":15684,"date":"2025-07-18T02:11:40","date_gmt":"2025-07-18T00:11:40","guid":{"rendered":"https:\/\/infos-droitshumains.net\/?p=15684"},"modified":"2025-07-19T13:20:56","modified_gmt":"2025-07-19T11:20:56","slug":"rdc-le-premier-president-de-la-cour-de-cassation-a-la-cour-d-appel-de-kinshasa-gombe-pour-lancer-linspection-des-juridictions","status":"publish","type":"post","link":"https:\/\/infos-droitshumains.net\/?p=15684","title":{"rendered":"RDC\u00a0: Le Premier Pr\u00e9sident de la Cour de Cassation lance l\u2019inspection des juridictions \u00e0 la Cour d\u2019Appel de Kinshasa\/Gombe"},"content":{"rendered":"\n<p><strong>R\u00e9daction: +243 817 406 088<\/strong><\/p>\n\n\n\n<h3 class=\"wp-block-heading has-vivid-red-color has-text-color has-link-color wp-elements-d21ca6355a980b3847c315bb7a7193bb\">Le Premier Pr\u00e9sident de la Cour de Cassation a ouvert, ce jeudi 17 juillet 2025, l\u2019inspection des cours et tribunaux de l\u2019ensemble du pays. La Cour d\u2019Appel de Kinshasa\/Gombe \u00e9tait la premi\u00e8re juridiction \u00e0 se soumettre \u00e0 cet exercice.<\/h3>\n\n\n\n<p>Elie-L\u00e9on Ndomba Kabeya, Premier Vice-Pr\u00e9sident de la Cour de Cassation rappel\u00e9 que <em>\u00ab\u00a0l&rsquo;inspection des cours et tribunaux est un exercice r\u00e9gulier qui fait partie de son travail\u00a0\u00bb.<\/em><\/p>\n\n\n\n<p><em>\u00ab\u00a0La parole de Dieu dit que la justice \u00e9l\u00e8ve une nation et, ce sont les magistrats et les greffiers qui sont les premiers parmi les op\u00e9rateurs judiciaires. \u00a0Il est normal que je fasse ce contr\u00f4le accompagn\u00e9 des \u00e9quipes de la Cour de Cassation pour voir comment le travail se fait par le magistrat, comment il se fait par les greffiers, est-ce que ils respectent les heures de travail, est-ce qu&rsquo;ils respectent la proc\u00e9dure de travail, est-ce qu\u2019ils font le travail qualitativement et quantitativement comme ils sont appel\u00e9s \u00e0 le faire\u00a0\u00bb<\/em>, a-t-il pr\u00e9cis\u00e9.<\/p>\n\n\n\n<p>Au cas o\u00f9 il y a des fautes constat\u00e9es, le Premier des magistrats du si\u00e8ge est cat\u00e9gorique&nbsp;: <em>\u00ab des proc\u00e9dures disciplinaires peuvent \u00eatre engag\u00e9es&nbsp;\u00bb<\/em>.<\/p>\n\n\n\n<p>Elie-L\u00e9on Ndomba invite cependant les avocats les justiciables qui ont des plaintes \u00e0 formuler \u00e0 l\u2019\u00e9gard des magistrats et des greffiers de profiter de l\u2019occasion.<\/p>\n\n\n\n<p><em>\u00ab&nbsp;Les \u00e9quipes des inspecteurs vont les recevoir ils vont v\u00e9rifier et ils entendront les magistrats ou les greffiers sur ce qui leur est reproch\u00e9. Apr\u00e8s v\u00e9rification s&rsquo;il y a des fautes, elles seront sanctionn\u00e9es&nbsp;\u00bb<\/em>, a-t-il soulign\u00e9.<\/p>\n\n\n\n<p>La Premi\u00e8re Pr\u00e9sidente de la Cour d\u2019Appel de Kinshasa\/Gombe dont la juridiction est la premi\u00e8re \u00e0 recevoir cette inspection, note que celle-ci est une occasion pour les juges d\u2019appel de se faire contr\u00f4ler en d\u00e9pit de l\u2019exp\u00e9rience engrang\u00e9e\u00a0:<\/p>\n\n\n\n<p><em>\u00ab\u00a0C\u2019est tr\u00e8s difficile de cacher certaines choses. Ce sont des vieux magistrats. L&rsquo;inspection est un exercice auquel nous avons eu droit depuis le d\u00e9but de notre carri\u00e8re. Au niveau de la Cour d&rsquo;Appel, nous sommes tous des magistrats d&rsquo;une certaine g\u00e9n\u00e9ration. Cet exercice ne doit pas nous d\u00e9ranger. C\u2019est d\u2019ailleurs une occasion pour nous, d&rsquo;\u00eatre contr\u00f4l\u00e9, d&rsquo;avoir des critiques et de b\u00e9n\u00e9ficier de l&rsquo;expertise des hauts magistrats qui viennent de la Cour de Cassation\u00a0\u00bb<\/em>, rench\u00e9rit Esp\u00e9rance Dia Akir Akir.<\/p>\n\n\n\n<p>Cet exercice r\u00e9gulier vise \u00e0 am\u00e9liorer la qualit\u00e9 et la quantit\u00e9 du travail des magistrats et greffiers de la R\u00e9publique. Il vise \u00e9galement \u00e0 se faire un contr\u00f4le physique des magistrats et greffiers afin de v\u00e9rifier la r\u00e9gularit\u00e9 du cursus des uns et des autres.<\/p>\n\n\n\n<p>Jo\u00ebl Diawa<\/p>\n","protected":false},"excerpt":{"rendered":"<p>R\u00e9daction: +243 817 406 088 Le Premier Pr\u00e9sident de la Cour de Cassation a ouvert,&#8230;<\/p>\n","protected":false},"author":2,"featured_media":15695,"comment_status":"open","ping_status":"open","sticky":false,"template":"","format":"standard","meta":{"_jetpack_memberships_contains_paid_content":false,"footnotes":""},"categories":[6],"tags":[],"class_list":["post-15684","post","type-post","status-publish","format-standard","has-post-thumbnail","hentry","category-justice"],"yoast_head":"<!-- This site is optimized with the Yoast SEO plugin v27.5 - https:\/\/yoast.com\/product\/yoast-seo-wordpress\/ -->\n<title>RDC\u00a0: Le Premier Pr\u00e9sident de la Cour de Cassation lance l\u2019inspection des juridictions \u00e0 la Cour d\u2019Appel de Kinshasa\/Gombe - Infos Droits Humains<\/title>\n<meta name=\"robots\" content=\"index, follow, max-snippet:-1, max-image-preview:large, max-video-preview:-1\" \/>\n<link rel=\"canonical\" href=\"https:\/\/infos-droitshumains.net\/?p=15684\" \/>\n<meta property=\"og:locale\" content=\"fr_FR\" \/>\n<meta property=\"og:type\" content=\"article\" \/>\n<meta property=\"og:title\" content=\"RDC\u00a0: Le Premier Pr\u00e9sident de la Cour de Cassation lance l\u2019inspection des juridictions \u00e0 la Cour d\u2019Appel de Kinshasa\/Gombe - Infos Droits Humains\" \/>\n<meta property=\"og:description\" content=\"R\u00e9daction: +243 817 406 088 Le Premier Pr\u00e9sident de la Cour de Cassation a ouvert,...\" \/>\n<meta property=\"og:url\" content=\"https:\/\/infos-droitshumains.net\/?p=15684\" \/>\n<meta property=\"og:site_name\" content=\"Infos Droits Humains\" \/>\n<meta property=\"article:published_time\" content=\"2025-07-18T00:11:40+00:00\" \/>\n<meta property=\"article:modified_time\" content=\"2025-07-19T11:20:56+00:00\" \/>\n<meta property=\"og:image\" content=\"https:\/\/infos-droitshumains.net\/wp-content\/uploads\/2025\/07\/20250717_101737-scaled.jpg\" \/>\n\t<meta property=\"og:image:width\" content=\"2560\" \/>\n\t<meta property=\"og:image:height\" content=\"1441\" \/>\n\t<meta property=\"og:image:type\" content=\"image\/jpeg\" \/>\n<meta name=\"author\" content=\"Jo\u00ebl Diawa\" \/>\n<meta name=\"twitter:card\" content=\"summary_large_image\" \/>\n<meta name=\"twitter:label1\" content=\"\u00c9crit par\" \/>\n\t<meta name=\"twitter:data1\" content=\"Jo\u00ebl Diawa\" \/>\n\t<meta name=\"twitter:label2\" content=\"Dur\u00e9e de lecture estim\u00e9e\" \/>\n\t<meta name=\"twitter:data2\" content=\"3 minutes\" \/>\n<script type=\"application\/ld+json\" class=\"yoast-schema-graph\">{\"@context\":\"https:\\\/\\\/schema.org\",\"@graph\":[{\"@type\":\"Article\",\"@id\":\"https:\\\/\\\/infos-droitshumains.net\\\/?p=15684#article\",\"isPartOf\":{\"@id\":\"https:\\\/\\\/infos-droitshumains.net\\\/?p=15684\"},\"author\":{\"name\":\"Jo\u00ebl Diawa\",\"@id\":\"https:\\\/\\\/infos-droitshumains.net\\\/#\\\/schema\\\/person\\\/3dc5e921c3302172e0ed4362f96faab7\"},\"headline\":\"RDC\u00a0: Le Premier Pr\u00e9sident de la Cour de Cassation lance l\u2019inspection des juridictions \u00e0 la Cour d\u2019Appel de Kinshasa\\\/Gombe\",\"datePublished\":\"2025-07-18T00:11:40+00:00\",\"dateModified\":\"2025-07-19T11:20:56+00:00\",\"mainEntityOfPage\":{\"@id\":\"https:\\\/\\\/infos-droitshumains.net\\\/?p=15684\"},\"wordCount\":485,\"commentCount\":0,\"publisher\":{\"@id\":\"https:\\\/\\\/infos-droitshumains.net\\\/#organization\"},\"image\":{\"@id\":\"https:\\\/\\\/infos-droitshumains.net\\\/?p=15684#primaryimage\"},\"thumbnailUrl\":\"https:\\\/\\\/i0.wp.com\\\/infos-droitshumains.net\\\/wp-content\\\/uploads\\\/2025\\\/07\\\/20250717_101737-scaled.jpg?fit=2560%2C1441&ssl=1\",\"articleSection\":[\"Justice\"],\"inLanguage\":\"fr-FR\",\"potentialAction\":[{\"@type\":\"CommentAction\",\"name\":\"Comment\",\"target\":[\"https:\\\/\\\/infos-droitshumains.net\\\/?p=15684#respond\"]}]},{\"@type\":\"WebPage\",\"@id\":\"https:\\\/\\\/infos-droitshumains.net\\\/?p=15684\",\"url\":\"https:\\\/\\\/infos-droitshumains.net\\\/?p=15684\",\"name\":\"RDC\u00a0: Le Premier Pr\u00e9sident de la Cour de Cassation lance l\u2019inspection des juridictions \u00e0 la Cour d\u2019Appel de Kinshasa\\\/Gombe - Infos Droits Humains\",\"isPartOf\":{\"@id\":\"https:\\\/\\\/infos-droitshumains.net\\\/#website\"},\"primaryImageOfPage\":{\"@id\":\"https:\\\/\\\/infos-droitshumains.net\\\/?p=15684#primaryimage\"},\"image\":{\"@id\":\"https:\\\/\\\/infos-droitshumains.net\\\/?p=15684#primaryimage\"},\"thumbnailUrl\":\"https:\\\/\\\/i0.wp.com\\\/infos-droitshumains.net\\\/wp-content\\\/uploads\\\/2025\\\/07\\\/20250717_101737-scaled.jpg?fit=2560%2C1441&ssl=1\",\"datePublished\":\"2025-07-18T00:11:40+00:00\",\"dateModified\":\"2025-07-19T11:20:56+00:00\",\"breadcrumb\":{\"@id\":\"https:\\\/\\\/infos-droitshumains.net\\\/?p=15684#breadcrumb\"},\"inLanguage\":\"fr-FR\",\"potentialAction\":[{\"@type\":\"ReadAction\",\"target\":[\"https:\\\/\\\/infos-droitshumains.net\\\/?p=15684\"]}]},{\"@type\":\"ImageObject\",\"inLanguage\":\"fr-FR\",\"@id\":\"https:\\\/\\\/infos-droitshumains.net\\\/?p=15684#primaryimage\",\"url\":\"https:\\\/\\\/i0.wp.com\\\/infos-droitshumains.net\\\/wp-content\\\/uploads\\\/2025\\\/07\\\/20250717_101737-scaled.jpg?fit=2560%2C1441&ssl=1\",\"contentUrl\":\"https:\\\/\\\/i0.wp.com\\\/infos-droitshumains.net\\\/wp-content\\\/uploads\\\/2025\\\/07\\\/20250717_101737-scaled.jpg?fit=2560%2C1441&ssl=1\",\"width\":2560,\"height\":1441},{\"@type\":\"BreadcrumbList\",\"@id\":\"https:\\\/\\\/infos-droitshumains.net\\\/?p=15684#breadcrumb\",\"itemListElement\":[{\"@type\":\"ListItem\",\"position\":1,\"name\":\"Accueil\",\"item\":\"https:\\\/\\\/infos-droitshumains.net\\\/\"},{\"@type\":\"ListItem\",\"position\":2,\"name\":\"RDC\u00a0: Le Premier Pr\u00e9sident de la Cour de Cassation lance l\u2019inspection des juridictions \u00e0 la Cour d\u2019Appel de Kinshasa\\\/Gombe\"}]},{\"@type\":\"WebSite\",\"@id\":\"https:\\\/\\\/infos-droitshumains.net\\\/#website\",\"url\":\"https:\\\/\\\/infos-droitshumains.net\\\/\",\"name\":\"Infos Droits Humains\",\"description\":\"S&#039;informer est un droit\",\"publisher\":{\"@id\":\"https:\\\/\\\/infos-droitshumains.net\\\/#organization\"},\"potentialAction\":[{\"@type\":\"SearchAction\",\"target\":{\"@type\":\"EntryPoint\",\"urlTemplate\":\"https:\\\/\\\/infos-droitshumains.net\\\/?s={search_term_string}\"},\"query-input\":{\"@type\":\"PropertyValueSpecification\",\"valueRequired\":true,\"valueName\":\"search_term_string\"}}],\"inLanguage\":\"fr-FR\"},{\"@type\":\"Organization\",\"@id\":\"https:\\\/\\\/infos-droitshumains.net\\\/#organization\",\"name\":\"Infos Droits Humains\",\"url\":\"https:\\\/\\\/infos-droitshumains.net\\\/\",\"logo\":{\"@type\":\"ImageObject\",\"inLanguage\":\"fr-FR\",\"@id\":\"https:\\\/\\\/infos-droitshumains.net\\\/#\\\/schema\\\/logo\\\/image\\\/\",\"url\":\"https:\\\/\\\/i0.wp.com\\\/infos-droitshumains.net\\\/wp-content\\\/uploads\\\/2022\\\/05\\\/Logo.png?fit=333%2C129&ssl=1\",\"contentUrl\":\"https:\\\/\\\/i0.wp.com\\\/infos-droitshumains.net\\\/wp-content\\\/uploads\\\/2022\\\/05\\\/Logo.png?fit=333%2C129&ssl=1\",\"width\":333,\"height\":129,\"caption\":\"Infos Droits Humains\"},\"image\":{\"@id\":\"https:\\\/\\\/infos-droitshumains.net\\\/#\\\/schema\\\/logo\\\/image\\\/\"}},{\"@type\":\"Person\",\"@id\":\"https:\\\/\\\/infos-droitshumains.net\\\/#\\\/schema\\\/person\\\/3dc5e921c3302172e0ed4362f96faab7\",\"name\":\"Jo\u00ebl Diawa\",\"image\":{\"@type\":\"ImageObject\",\"inLanguage\":\"fr-FR\",\"@id\":\"https:\\\/\\\/secure.gravatar.com\\\/avatar\\\/729bea6ff4604c624417803c477363be8e3c7186deaa65713313f9b4b820f41c?s=96&d=mm&r=g\",\"url\":\"https:\\\/\\\/secure.gravatar.com\\\/avatar\\\/729bea6ff4604c624417803c477363be8e3c7186deaa65713313f9b4b820f41c?s=96&d=mm&r=g\",\"contentUrl\":\"https:\\\/\\\/secure.gravatar.com\\\/avatar\\\/729bea6ff4604c624417803c477363be8e3c7186deaa65713313f9b4b820f41c?s=96&d=mm&r=g\",\"caption\":\"Jo\u00ebl Diawa\"},\"sameAs\":[\"https:\\\/\\\/www.infos-droitshumains.net\"],\"url\":\"https:\\\/\\\/infos-droitshumains.net\\\/?author=2\"}]}<\/script>\n<!-- \/ Yoast SEO plugin. -->","yoast_head_json":{"title":"RDC\u00a0: Le Premier Pr\u00e9sident de la Cour de Cassation lance l\u2019inspection des juridictions \u00e0 la Cour d\u2019Appel de Kinshasa\/Gombe - Infos Droits Humains","robots":{"index":"index","follow":"follow","max-snippet":"max-snippet:-1","max-image-preview":"max-image-preview:large","max-video-preview":"max-video-preview:-1"},"canonical":"https:\/\/infos-droitshumains.net\/?p=15684","og_locale":"fr_FR","og_type":"article","og_title":"RDC\u00a0: Le Premier Pr\u00e9sident de la Cour de Cassation lance l\u2019inspection des juridictions \u00e0 la Cour d\u2019Appel de Kinshasa\/Gombe - Infos Droits Humains","og_description":"R\u00e9daction: +243 817 406 088 Le Premier Pr\u00e9sident de la Cour de Cassation a ouvert,...","og_url":"https:\/\/infos-droitshumains.net\/?p=15684","og_site_name":"Infos Droits Humains","article_published_time":"2025-07-18T00:11:40+00:00","article_modified_time":"2025-07-19T11:20:56+00:00","og_image":[{"width":2560,"height":1441,"url":"https:\/\/infos-droitshumains.net\/wp-content\/uploads\/2025\/07\/20250717_101737-scaled.jpg","type":"image\/jpeg"}],"author":"Jo\u00ebl Diawa","twitter_card":"summary_large_image","twitter_misc":{"\u00c9crit par":"Jo\u00ebl Diawa","Dur\u00e9e de lecture estim\u00e9e":"3 minutes"},"schema":{"@context":"https:\/\/schema.org","@graph":[{"@type":"Article","@id":"https:\/\/infos-droitshumains.net\/?p=15684#article","isPartOf":{"@id":"https:\/\/infos-droitshumains.net\/?p=15684"},"author":{"name":"Jo\u00ebl Diawa","@id":"https:\/\/infos-droitshumains.net\/#\/schema\/person\/3dc5e921c3302172e0ed4362f96faab7"},"headline":"RDC\u00a0: Le Premier Pr\u00e9sident de la Cour de Cassation lance l\u2019inspection des juridictions \u00e0 la Cour d\u2019Appel de Kinshasa\/Gombe","datePublished":"2025-07-18T00:11:40+00:00","dateModified":"2025-07-19T11:20:56+00:00","mainEntityOfPage":{"@id":"https:\/\/infos-droitshumains.net\/?p=15684"},"wordCount":485,"commentCount":0,"publisher":{"@id":"https:\/\/infos-droitshumains.net\/#organization"},"image":{"@id":"https:\/\/infos-droitshumains.net\/?p=15684#primaryimage"},"thumbnailUrl":"https:\/\/i0.wp.com\/infos-droitshumains.net\/wp-content\/uploads\/2025\/07\/20250717_101737-scaled.jpg?fit=2560%2C1441&ssl=1","articleSection":["Justice"],"inLanguage":"fr-FR","potentialAction":[{"@type":"CommentAction","name":"Comment","target":["https:\/\/infos-droitshumains.net\/?p=15684#respond"]}]},{"@type":"WebPage","@id":"https:\/\/infos-droitshumains.net\/?p=15684","url":"https:\/\/infos-droitshumains.net\/?p=15684","name":"RDC\u00a0: Le Premier Pr\u00e9sident de la Cour de Cassation lance l\u2019inspection des juridictions \u00e0 la Cour d\u2019Appel de Kinshasa\/Gombe - Infos Droits Humains","isPartOf":{"@id":"https:\/\/infos-droitshumains.net\/#website"},"primaryImageOfPage":{"@id":"https:\/\/infos-droitshumains.net\/?p=15684#primaryimage"},"image":{"@id":"https:\/\/infos-droitshumains.net\/?p=15684#primaryimage"},"thumbnailUrl":"https:\/\/i0.wp.com\/infos-droitshumains.net\/wp-content\/uploads\/2025\/07\/20250717_101737-scaled.jpg?fit=2560%2C1441&ssl=1","datePublished":"2025-07-18T00:11:40+00:00","dateModified":"2025-07-19T11:20:56+00:00","breadcrumb":{"@id":"https:\/\/infos-droitshumains.net\/?p=15684#breadcrumb"},"inLanguage":"fr-FR","potentialAction":[{"@type":"ReadAction","target":["https:\/\/infos-droitshumains.net\/?p=15684"]}]},{"@type":"ImageObject","inLanguage":"fr-FR","@id":"https:\/\/infos-droitshumains.net\/?p=15684#primaryimage","url":"https:\/\/i0.wp.com\/infos-droitshumains.net\/wp-content\/uploads\/2025\/07\/20250717_101737-scaled.jpg?fit=2560%2C1441&ssl=1","contentUrl":"https:\/\/i0.wp.com\/infos-droitshumains.net\/wp-content\/uploads\/2025\/07\/20250717_101737-scaled.jpg?fit=2560%2C1441&ssl=1","width":2560,"height":1441},{"@type":"BreadcrumbList","@id":"https:\/\/infos-droitshumains.net\/?p=15684#breadcrumb","itemListElement":[{"@type":"ListItem","position":1,"name":"Accueil","item":"https:\/\/infos-droitshumains.net\/"},{"@type":"ListItem","position":2,"name":"RDC\u00a0: Le Premier Pr\u00e9sident de la Cour de Cassation lance l\u2019inspection des juridictions \u00e0 la Cour d\u2019Appel de Kinshasa\/Gombe"}]},{"@type":"WebSite","@id":"https:\/\/infos-droitshumains.net\/#website","url":"https:\/\/infos-droitshumains.net\/","name":"Infos Droits Humains","description":"S&#039;informer est un droit","publisher":{"@id":"https:\/\/infos-droitshumains.net\/#organization"},"potentialAction":[{"@type":"SearchAction","target":{"@type":"EntryPoint","urlTemplate":"https:\/\/infos-droitshumains.net\/?s={search_term_string}"},"query-input":{"@type":"PropertyValueSpecification","valueRequired":true,"valueName":"search_term_string"}}],"inLanguage":"fr-FR"},{"@type":"Organization","@id":"https:\/\/infos-droitshumains.net\/#organization","name":"Infos Droits Humains","url":"https:\/\/infos-droitshumains.net\/","logo":{"@type":"ImageObject","inLanguage":"fr-FR","@id":"https:\/\/infos-droitshumains.net\/#\/schema\/logo\/image\/","url":"https:\/\/i0.wp.com\/infos-droitshumains.net\/wp-content\/uploads\/2022\/05\/Logo.png?fit=333%2C129&ssl=1","contentUrl":"https:\/\/i0.wp.com\/infos-droitshumains.net\/wp-content\/uploads\/2022\/05\/Logo.png?fit=333%2C129&ssl=1","width":333,"height":129,"caption":"Infos Droits Humains"},"image":{"@id":"https:\/\/infos-droitshumains.net\/#\/schema\/logo\/image\/"}},{"@type":"Person","@id":"https:\/\/infos-droitshumains.net\/#\/schema\/person\/3dc5e921c3302172e0ed4362f96faab7","name":"Jo\u00ebl Diawa","image":{"@type":"ImageObject","inLanguage":"fr-FR","@id":"https:\/\/secure.gravatar.com\/avatar\/729bea6ff4604c624417803c477363be8e3c7186deaa65713313f9b4b820f41c?s=96&d=mm&r=g","url":"https:\/\/secure.gravatar.com\/avatar\/729bea6ff4604c624417803c477363be8e3c7186deaa65713313f9b4b820f41c?s=96&d=mm&r=g","contentUrl":"https:\/\/secure.gravatar.com\/avatar\/729bea6ff4604c624417803c477363be8e3c7186deaa65713313f9b4b820f41c?s=96&d=mm&r=g","caption":"Jo\u00ebl Diawa"},"sameAs":["https:\/\/www.infos-droitshumains.net"],"url":"https:\/\/infos-droitshumains.net\/?author=2"}]}},"featured_image_urls":{"full":["https:\/\/i0.wp.com\/infos-droitshumains.net\/wp-content\/uploads\/2025\/07\/20250717_101737-scaled.jpg?fit=2560%2C1441&ssl=1",2560,1441,false],"thumbnail":["https:\/\/i0.wp.com\/infos-droitshumains.net\/wp-content\/uploads\/2025\/07\/20250717_101737-scaled.jpg?resize=150%2C150&ssl=1",150,150,true],"medium":["https:\/\/i0.wp.com\/infos-droitshumains.net\/wp-content\/uploads\/2025\/07\/20250717_101737-scaled.jpg?fit=300%2C169&ssl=1",300,169,true],"medium_large":["https:\/\/i0.wp.com\/infos-droitshumains.net\/wp-content\/uploads\/2025\/07\/20250717_101737-scaled.jpg?fit=640%2C360&ssl=1",640,360,true],"large":["https:\/\/i0.wp.com\/infos-droitshumains.net\/wp-content\/uploads\/2025\/07\/20250717_101737-scaled.jpg?fit=640%2C360&ssl=1",640,360,true],"1536x1536":["https:\/\/i0.wp.com\/infos-droitshumains.net\/wp-content\/uploads\/2025\/07\/20250717_101737-scaled.jpg?fit=1536%2C864&ssl=1",1536,864,true],"2048x2048":["https:\/\/i0.wp.com\/infos-droitshumains.net\/wp-content\/uploads\/2025\/07\/20250717_101737-scaled.jpg?fit=2048%2C1153&ssl=1",2048,1153,true],"covernews-slider-full":["https:\/\/i0.wp.com\/infos-droitshumains.net\/wp-content\/uploads\/2025\/07\/20250717_101737-scaled.jpg?resize=1115%2C715&ssl=1",1115,715,true],"covernews-slider-center":["https:\/\/i0.wp.com\/infos-droitshumains.net\/wp-content\/uploads\/2025\/07\/20250717_101737-scaled.jpg?resize=800%2C500&ssl=1",800,500,true],"covernews-featured":["https:\/\/i0.wp.com\/infos-droitshumains.net\/wp-content\/uploads\/2025\/07\/20250717_101737-scaled.jpg?fit=1024%2C576&ssl=1",1024,576,true],"covernews-medium":["https:\/\/i0.wp.com\/infos-droitshumains.net\/wp-content\/uploads\/2025\/07\/20250717_101737-scaled.jpg?resize=540%2C340&ssl=1",540,340,true],"covernews-medium-square":["https:\/\/i0.wp.com\/infos-droitshumains.net\/wp-content\/uploads\/2025\/07\/20250717_101737-scaled.jpg?resize=400%2C250&ssl=1",400,250,true]},"author_info":{"display_name":"Jo\u00ebl Diawa","author_link":"https:\/\/infos-droitshumains.net\/?author=2"},"category_info":"<a href=\"https:\/\/infos-droitshumains.net\/?cat=6\" rel=\"category\">Justice<\/a>","tag_info":"Justice","comment_count":"0","jetpack_featured_media_url":"https:\/\/i0.wp.com\/infos-droitshumains.net\/wp-content\/uploads\/2025\/07\/20250717_101737-scaled.jpg?fit=2560%2C1441&ssl=1","jetpack-related-posts":[],"jetpack_sharing_enabled":true,"_links":{"self":[{"href":"https:\/\/infos-droitshumains.net\/index.php?rest_route=\/wp\/v2\/posts\/15684","targetHints":{"allow":["GET"]}}],"collection":[{"href":"https:\/\/infos-droitshumains.net\/index.php?rest_route=\/wp\/v2\/posts"}],"about":[{"href":"https:\/\/infos-droitshumains.net\/index.php?rest_route=\/wp\/v2\/types\/post"}],"author":[{"embeddable":true,"href":"https:\/\/infos-droitshumains.net\/index.php?rest_route=\/wp\/v2\/users\/2"}],"replies":[{"embeddable":true,"href":"https:\/\/infos-droitshumains.net\/index.php?rest_route=%2Fwp%2Fv2%2Fcomments&post=15684"}],"version-history":[{"count":17,"href":"https:\/\/infos-droitshumains.net\/index.php?rest_route=\/wp\/v2\/posts\/15684\/revisions"}],"predecessor-version":[{"id":15714,"href":"https:\/\/infos-droitshumains.net\/index.php?rest_route=\/wp\/v2\/posts\/15684\/revisions\/15714"}],"wp:featuredmedia":[{"embeddable":true,"href":"https:\/\/infos-droitshumains.net\/index.php?rest_route=\/wp\/v2\/media\/15695"}],"wp:attachment":[{"href":"https:\/\/infos-droitshumains.net\/index.php?rest_route=%2Fwp%2Fv2%2Fmedia&parent=15684"}],"wp:term":[{"taxonomy":"category","embeddable":true,"href":"https:\/\/infos-droitshumains.net\/index.php?rest_route=%2Fwp%2Fv2%2Fcategories&post=15684"},{"taxonomy":"post_tag","embeddable":true,"href":"https:\/\/infos-droitshumains.net\/index.php?rest_route=%2Fwp%2Fv2%2Ftags&post=15684"}],"curies":[{"name":"wp","href":"https:\/\/api.w.org\/{rel}","templated":true}]}}