{"id":15668,"date":"2025-07-16T23:36:10","date_gmt":"2025-07-16T21:36:10","guid":{"rendered":"https:\/\/infos-droitshumains.net\/?p=15668"},"modified":"2025-07-17T08:28:55","modified_gmt":"2025-07-17T06:28:55","slug":"maintien-des-filles-enceintes-dans-les-etablissements-scolaires-me-liliane-kamwiziku-qualifie-la-decision-dune-avancee-significative-en-faveur-de-la-jeune-fille","status":"publish","type":"post","link":"https:\/\/infos-droitshumains.net\/?p=15668","title":{"rendered":"Maintien des filles enceintes dans les \u00e9tablissements scolaires, Me Liliane Kamwiziku qualifie la d\u00e9cision d\u2019une avanc\u00e9e significative en faveur de la jeune fille."},"content":{"rendered":"\n<p><strong>R\u00e9daction: +243 817 406 088<\/strong><\/p>\n\n\n\n<h3 class=\"wp-block-heading has-vivid-red-color has-text-color has-link-color wp-elements-c0a50994740090ca3c680e367b9b21b0\">Sign\u00e9e par le Secr\u00e9taire G\u00e9n\u00e9ral \u00e0 l\u2019\u00e9ducation nationale, la note circulaire interdisant aux \u00e9tablissements scolaires d\u2019exclure les filles enceintes est salu\u00e9e par la pr\u00e9sidente de la fondation Liliane K. Bekaola.<\/h3>\n\n\n\n<p>Pour Me Kamwiziku Lilianne, cette d\u00e9cision est salutaire du fait de son inclusivit\u00e9 et que dor\u00e9navant, la grossesse ne sera plus un motif d\u2019exclusion de l\u2019\u00e9cole de la fille comme auparavant&nbsp;:<\/p>\n\n\n\n<p><em>\u00ab&nbsp;Je salue cette d\u00e9cision non pas pour encourager ce qui est consid\u00e9r\u00e9 comme des antivaleurs dans notre soci\u00e9t\u00e9 ou de la d\u00e9bauche en milieux scolaires mais, plut\u00f4t parce que, la plupart des filles, lorsqu\u2019elles tombaient enceintes, elles \u00e9taient oblig\u00e9es de stopper leurs \u00e9tudes et voyaient leur r\u00eave s\u2019\u00e9loigner car, ne pouvant plus avancer dans leurs \u00e9tudes \u00e0 cause de la pr\u00e9cocit\u00e9 de leurs grossesses. Elles \u00e9taient discrimin\u00e9es et sans aucun soutien, rejet\u00e9es et abandonn\u00e9es \u00e0 leur triste sort. Cette mesure va sans nul doute contribuer \u00e0 leur&nbsp; redonner de l\u2019espoir en leur permettant d\u2019atteindre leurs objectifs tout en \u00e9tudiant sans inqui\u00e9tude.&nbsp;\u00bb<\/em><\/p>\n\n\n\n<p>Voulant de l\u2019\u00e9quilibre dans sa prise de position quant \u00e0 cette d\u00e9cision de l\u2019autorit\u00e9 de tutelle, Me Lilianne Kamwiziku insiste sur le fait qu\u2019elle tende \u00e0 garantir l\u2019acc\u00e8s au syst\u00e8me \u00e9ducatif dans le cadre de l\u2019\u00e9ducation inclusive n\u2019est pas \u00e0 confondre avec un quelconque feu vert \u00e0 la d\u00e9bauche, les filles doivent prendre au s\u00e9rieux leurs \u00e9tudes et garder leur dignit\u00e9&nbsp;:<\/p>\n\n\n\n<p>&nbsp;<em>\u00ab&nbsp;Je soutiens la scolarit\u00e9 des jeunes filles et je les encourage \u00e0 ne pas se distraire. Mais si une jeune arrivait \u00e0 tomber&nbsp; enceinte par viol ou par d\u2019autres voies et qu&rsquo;elle d\u00e9sire poursuivre ses \u00e9tudes, il est souhaitable de lui accorder cette opportunit\u00e9 de ne pas interrompre ses \u00e9tudes pour ce motif.&nbsp;\u00bb<\/em><\/p>\n\n\n\n<p>Engag\u00e9e dans la cause de la femme et de la jeune fille en RDC, Lilianne Kamwiziku et sa fondation appellent les autorit\u00e9s scolaires \u00e0 pr\u00eater main forte au gouvernement pour la mise en \u0153uvre de cette d\u00e9cision qu\u2019elles jugent&nbsp; salutaire pour cette cat\u00e9gorie de personne longtemps marginalis\u00e9e dans les milieux scolaires en g\u00e9n\u00e9ral et dans le reste de la&nbsp; soci\u00e9t\u00e9 en particulier.<\/p>\n\n\n\n<p>Jo\u00ebl Diawa<\/p>\n","protected":false},"excerpt":{"rendered":"<p>R\u00e9daction: +243 817 406 088 Sign\u00e9e par le Secr\u00e9taire G\u00e9n\u00e9ral \u00e0 l\u2019\u00e9ducation nationale, la note&#8230;<\/p>\n","protected":false},"author":2,"featured_media":15670,"comment_status":"open","ping_status":"open","sticky":false,"template":"","format":"standard","meta":{"_jetpack_memberships_contains_paid_content":false,"footnotes":""},"categories":[7],"tags":[],"class_list":["post-15668","post","type-post","status-publish","format-standard","has-post-thumbnail","hentry","category-droits-humains"],"yoast_head":"<!-- This site is optimized with the Yoast SEO plugin v27.5 - https:\/\/yoast.com\/product\/yoast-seo-wordpress\/ -->\n<title>Maintien des filles enceintes dans les \u00e9tablissements scolaires, Me Liliane Kamwiziku qualifie la d\u00e9cision d\u2019une avanc\u00e9e significative en faveur de la jeune fille. - Infos Droits Humains<\/title>\n<meta name=\"robots\" content=\"index, follow, max-snippet:-1, max-image-preview:large, max-video-preview:-1\" \/>\n<link rel=\"canonical\" href=\"https:\/\/infos-droitshumains.net\/?p=15668\" \/>\n<meta property=\"og:locale\" content=\"fr_FR\" \/>\n<meta property=\"og:type\" content=\"article\" \/>\n<meta property=\"og:title\" content=\"Maintien des filles enceintes dans les \u00e9tablissements scolaires, Me Liliane Kamwiziku qualifie la d\u00e9cision d\u2019une avanc\u00e9e significative en faveur de la jeune fille. - Infos Droits Humains\" \/>\n<meta property=\"og:description\" content=\"R\u00e9daction: +243 817 406 088 Sign\u00e9e par le Secr\u00e9taire G\u00e9n\u00e9ral \u00e0 l\u2019\u00e9ducation nationale, la note...\" \/>\n<meta property=\"og:url\" content=\"https:\/\/infos-droitshumains.net\/?p=15668\" \/>\n<meta property=\"og:site_name\" content=\"Infos Droits Humains\" \/>\n<meta property=\"article:published_time\" content=\"2025-07-16T21:36:10+00:00\" \/>\n<meta property=\"article:modified_time\" content=\"2025-07-17T06:28:55+00:00\" \/>\n<meta property=\"og:image\" content=\"https:\/\/infos-droitshumains.net\/wp-content\/uploads\/2025\/07\/IMG-20250716-WA0083.jpg\" \/>\n\t<meta property=\"og:image:width\" content=\"399\" \/>\n\t<meta property=\"og:image:height\" content=\"342\" \/>\n\t<meta property=\"og:image:type\" content=\"image\/jpeg\" \/>\n<meta name=\"author\" content=\"Jo\u00ebl Diawa\" \/>\n<meta name=\"twitter:card\" content=\"summary_large_image\" \/>\n<meta name=\"twitter:label1\" content=\"\u00c9crit par\" \/>\n\t<meta name=\"twitter:data1\" content=\"Jo\u00ebl Diawa\" \/>\n\t<meta name=\"twitter:label2\" content=\"Dur\u00e9e de lecture estim\u00e9e\" \/>\n\t<meta name=\"twitter:data2\" content=\"2 minutes\" \/>\n<script type=\"application\/ld+json\" class=\"yoast-schema-graph\">{\"@context\":\"https:\\\/\\\/schema.org\",\"@graph\":[{\"@type\":\"Article\",\"@id\":\"https:\\\/\\\/infos-droitshumains.net\\\/?p=15668#article\",\"isPartOf\":{\"@id\":\"https:\\\/\\\/infos-droitshumains.net\\\/?p=15668\"},\"author\":{\"name\":\"Jo\u00ebl Diawa\",\"@id\":\"https:\\\/\\\/infos-droitshumains.net\\\/#\\\/schema\\\/person\\\/3dc5e921c3302172e0ed4362f96faab7\"},\"headline\":\"Maintien des filles enceintes dans les \u00e9tablissements scolaires, Me Liliane Kamwiziku qualifie la d\u00e9cision d\u2019une avanc\u00e9e significative en faveur de la jeune fille.\",\"datePublished\":\"2025-07-16T21:36:10+00:00\",\"dateModified\":\"2025-07-17T06:28:55+00:00\",\"mainEntityOfPage\":{\"@id\":\"https:\\\/\\\/infos-droitshumains.net\\\/?p=15668\"},\"wordCount\":420,\"commentCount\":0,\"publisher\":{\"@id\":\"https:\\\/\\\/infos-droitshumains.net\\\/#organization\"},\"image\":{\"@id\":\"https:\\\/\\\/infos-droitshumains.net\\\/?p=15668#primaryimage\"},\"thumbnailUrl\":\"https:\\\/\\\/i0.wp.com\\\/infos-droitshumains.net\\\/wp-content\\\/uploads\\\/2025\\\/07\\\/IMG-20250716-WA0083.jpg?fit=399%2C342&ssl=1\",\"articleSection\":[\"Droits Humains\"],\"inLanguage\":\"fr-FR\",\"potentialAction\":[{\"@type\":\"CommentAction\",\"name\":\"Comment\",\"target\":[\"https:\\\/\\\/infos-droitshumains.net\\\/?p=15668#respond\"]}]},{\"@type\":\"WebPage\",\"@id\":\"https:\\\/\\\/infos-droitshumains.net\\\/?p=15668\",\"url\":\"https:\\\/\\\/infos-droitshumains.net\\\/?p=15668\",\"name\":\"Maintien des filles enceintes dans les \u00e9tablissements scolaires, Me Liliane Kamwiziku qualifie la d\u00e9cision d\u2019une avanc\u00e9e significative en faveur de la jeune fille. - Infos Droits Humains\",\"isPartOf\":{\"@id\":\"https:\\\/\\\/infos-droitshumains.net\\\/#website\"},\"primaryImageOfPage\":{\"@id\":\"https:\\\/\\\/infos-droitshumains.net\\\/?p=15668#primaryimage\"},\"image\":{\"@id\":\"https:\\\/\\\/infos-droitshumains.net\\\/?p=15668#primaryimage\"},\"thumbnailUrl\":\"https:\\\/\\\/i0.wp.com\\\/infos-droitshumains.net\\\/wp-content\\\/uploads\\\/2025\\\/07\\\/IMG-20250716-WA0083.jpg?fit=399%2C342&ssl=1\",\"datePublished\":\"2025-07-16T21:36:10+00:00\",\"dateModified\":\"2025-07-17T06:28:55+00:00\",\"breadcrumb\":{\"@id\":\"https:\\\/\\\/infos-droitshumains.net\\\/?p=15668#breadcrumb\"},\"inLanguage\":\"fr-FR\",\"potentialAction\":[{\"@type\":\"ReadAction\",\"target\":[\"https:\\\/\\\/infos-droitshumains.net\\\/?p=15668\"]}]},{\"@type\":\"ImageObject\",\"inLanguage\":\"fr-FR\",\"@id\":\"https:\\\/\\\/infos-droitshumains.net\\\/?p=15668#primaryimage\",\"url\":\"https:\\\/\\\/i0.wp.com\\\/infos-droitshumains.net\\\/wp-content\\\/uploads\\\/2025\\\/07\\\/IMG-20250716-WA0083.jpg?fit=399%2C342&ssl=1\",\"contentUrl\":\"https:\\\/\\\/i0.wp.com\\\/infos-droitshumains.net\\\/wp-content\\\/uploads\\\/2025\\\/07\\\/IMG-20250716-WA0083.jpg?fit=399%2C342&ssl=1\",\"width\":399,\"height\":342},{\"@type\":\"BreadcrumbList\",\"@id\":\"https:\\\/\\\/infos-droitshumains.net\\\/?p=15668#breadcrumb\",\"itemListElement\":[{\"@type\":\"ListItem\",\"position\":1,\"name\":\"Accueil\",\"item\":\"https:\\\/\\\/infos-droitshumains.net\\\/\"},{\"@type\":\"ListItem\",\"position\":2,\"name\":\"Maintien des filles enceintes dans les \u00e9tablissements scolaires, Me Liliane Kamwiziku qualifie la d\u00e9cision d\u2019une avanc\u00e9e significative en faveur de la jeune fille.\"}]},{\"@type\":\"WebSite\",\"@id\":\"https:\\\/\\\/infos-droitshumains.net\\\/#website\",\"url\":\"https:\\\/\\\/infos-droitshumains.net\\\/\",\"name\":\"Infos Droits Humains\",\"description\":\"S&#039;informer est un droit\",\"publisher\":{\"@id\":\"https:\\\/\\\/infos-droitshumains.net\\\/#organization\"},\"potentialAction\":[{\"@type\":\"SearchAction\",\"target\":{\"@type\":\"EntryPoint\",\"urlTemplate\":\"https:\\\/\\\/infos-droitshumains.net\\\/?s={search_term_string}\"},\"query-input\":{\"@type\":\"PropertyValueSpecification\",\"valueRequired\":true,\"valueName\":\"search_term_string\"}}],\"inLanguage\":\"fr-FR\"},{\"@type\":\"Organization\",\"@id\":\"https:\\\/\\\/infos-droitshumains.net\\\/#organization\",\"name\":\"Infos Droits Humains\",\"url\":\"https:\\\/\\\/infos-droitshumains.net\\\/\",\"logo\":{\"@type\":\"ImageObject\",\"inLanguage\":\"fr-FR\",\"@id\":\"https:\\\/\\\/infos-droitshumains.net\\\/#\\\/schema\\\/logo\\\/image\\\/\",\"url\":\"https:\\\/\\\/i0.wp.com\\\/infos-droitshumains.net\\\/wp-content\\\/uploads\\\/2022\\\/05\\\/Logo.png?fit=333%2C129&ssl=1\",\"contentUrl\":\"https:\\\/\\\/i0.wp.com\\\/infos-droitshumains.net\\\/wp-content\\\/uploads\\\/2022\\\/05\\\/Logo.png?fit=333%2C129&ssl=1\",\"width\":333,\"height\":129,\"caption\":\"Infos Droits Humains\"},\"image\":{\"@id\":\"https:\\\/\\\/infos-droitshumains.net\\\/#\\\/schema\\\/logo\\\/image\\\/\"}},{\"@type\":\"Person\",\"@id\":\"https:\\\/\\\/infos-droitshumains.net\\\/#\\\/schema\\\/person\\\/3dc5e921c3302172e0ed4362f96faab7\",\"name\":\"Jo\u00ebl Diawa\",\"image\":{\"@type\":\"ImageObject\",\"inLanguage\":\"fr-FR\",\"@id\":\"https:\\\/\\\/secure.gravatar.com\\\/avatar\\\/729bea6ff4604c624417803c477363be8e3c7186deaa65713313f9b4b820f41c?s=96&d=mm&r=g\",\"url\":\"https:\\\/\\\/secure.gravatar.com\\\/avatar\\\/729bea6ff4604c624417803c477363be8e3c7186deaa65713313f9b4b820f41c?s=96&d=mm&r=g\",\"contentUrl\":\"https:\\\/\\\/secure.gravatar.com\\\/avatar\\\/729bea6ff4604c624417803c477363be8e3c7186deaa65713313f9b4b820f41c?s=96&d=mm&r=g\",\"caption\":\"Jo\u00ebl Diawa\"},\"sameAs\":[\"https:\\\/\\\/www.infos-droitshumains.net\"],\"url\":\"https:\\\/\\\/infos-droitshumains.net\\\/?author=2\"}]}<\/script>\n<!-- \/ Yoast SEO plugin. -->","yoast_head_json":{"title":"Maintien des filles enceintes dans les \u00e9tablissements scolaires, Me Liliane Kamwiziku qualifie la d\u00e9cision d\u2019une avanc\u00e9e significative en faveur de la jeune fille. - Infos Droits Humains","robots":{"index":"index","follow":"follow","max-snippet":"max-snippet:-1","max-image-preview":"max-image-preview:large","max-video-preview":"max-video-preview:-1"},"canonical":"https:\/\/infos-droitshumains.net\/?p=15668","og_locale":"fr_FR","og_type":"article","og_title":"Maintien des filles enceintes dans les \u00e9tablissements scolaires, Me Liliane Kamwiziku qualifie la d\u00e9cision d\u2019une avanc\u00e9e significative en faveur de la jeune fille. - Infos Droits Humains","og_description":"R\u00e9daction: +243 817 406 088 Sign\u00e9e par le Secr\u00e9taire G\u00e9n\u00e9ral \u00e0 l\u2019\u00e9ducation nationale, la note...","og_url":"https:\/\/infos-droitshumains.net\/?p=15668","og_site_name":"Infos Droits Humains","article_published_time":"2025-07-16T21:36:10+00:00","article_modified_time":"2025-07-17T06:28:55+00:00","og_image":[{"width":399,"height":342,"url":"https:\/\/infos-droitshumains.net\/wp-content\/uploads\/2025\/07\/IMG-20250716-WA0083.jpg","type":"image\/jpeg"}],"author":"Jo\u00ebl Diawa","twitter_card":"summary_large_image","twitter_misc":{"\u00c9crit par":"Jo\u00ebl Diawa","Dur\u00e9e de lecture estim\u00e9e":"2 minutes"},"schema":{"@context":"https:\/\/schema.org","@graph":[{"@type":"Article","@id":"https:\/\/infos-droitshumains.net\/?p=15668#article","isPartOf":{"@id":"https:\/\/infos-droitshumains.net\/?p=15668"},"author":{"name":"Jo\u00ebl Diawa","@id":"https:\/\/infos-droitshumains.net\/#\/schema\/person\/3dc5e921c3302172e0ed4362f96faab7"},"headline":"Maintien des filles enceintes dans les \u00e9tablissements scolaires, Me Liliane Kamwiziku qualifie la d\u00e9cision d\u2019une avanc\u00e9e significative en faveur de la jeune fille.","datePublished":"2025-07-16T21:36:10+00:00","dateModified":"2025-07-17T06:28:55+00:00","mainEntityOfPage":{"@id":"https:\/\/infos-droitshumains.net\/?p=15668"},"wordCount":420,"commentCount":0,"publisher":{"@id":"https:\/\/infos-droitshumains.net\/#organization"},"image":{"@id":"https:\/\/infos-droitshumains.net\/?p=15668#primaryimage"},"thumbnailUrl":"https:\/\/i0.wp.com\/infos-droitshumains.net\/wp-content\/uploads\/2025\/07\/IMG-20250716-WA0083.jpg?fit=399%2C342&ssl=1","articleSection":["Droits Humains"],"inLanguage":"fr-FR","potentialAction":[{"@type":"CommentAction","name":"Comment","target":["https:\/\/infos-droitshumains.net\/?p=15668#respond"]}]},{"@type":"WebPage","@id":"https:\/\/infos-droitshumains.net\/?p=15668","url":"https:\/\/infos-droitshumains.net\/?p=15668","name":"Maintien des filles enceintes dans les \u00e9tablissements scolaires, Me Liliane Kamwiziku qualifie la d\u00e9cision d\u2019une avanc\u00e9e significative en faveur de la jeune fille. - Infos Droits Humains","isPartOf":{"@id":"https:\/\/infos-droitshumains.net\/#website"},"primaryImageOfPage":{"@id":"https:\/\/infos-droitshumains.net\/?p=15668#primaryimage"},"image":{"@id":"https:\/\/infos-droitshumains.net\/?p=15668#primaryimage"},"thumbnailUrl":"https:\/\/i0.wp.com\/infos-droitshumains.net\/wp-content\/uploads\/2025\/07\/IMG-20250716-WA0083.jpg?fit=399%2C342&ssl=1","datePublished":"2025-07-16T21:36:10+00:00","dateModified":"2025-07-17T06:28:55+00:00","breadcrumb":{"@id":"https:\/\/infos-droitshumains.net\/?p=15668#breadcrumb"},"inLanguage":"fr-FR","potentialAction":[{"@type":"ReadAction","target":["https:\/\/infos-droitshumains.net\/?p=15668"]}]},{"@type":"ImageObject","inLanguage":"fr-FR","@id":"https:\/\/infos-droitshumains.net\/?p=15668#primaryimage","url":"https:\/\/i0.wp.com\/infos-droitshumains.net\/wp-content\/uploads\/2025\/07\/IMG-20250716-WA0083.jpg?fit=399%2C342&ssl=1","contentUrl":"https:\/\/i0.wp.com\/infos-droitshumains.net\/wp-content\/uploads\/2025\/07\/IMG-20250716-WA0083.jpg?fit=399%2C342&ssl=1","width":399,"height":342},{"@type":"BreadcrumbList","@id":"https:\/\/infos-droitshumains.net\/?p=15668#breadcrumb","itemListElement":[{"@type":"ListItem","position":1,"name":"Accueil","item":"https:\/\/infos-droitshumains.net\/"},{"@type":"ListItem","position":2,"name":"Maintien des filles enceintes dans les \u00e9tablissements scolaires, Me Liliane Kamwiziku qualifie la d\u00e9cision d\u2019une avanc\u00e9e significative en faveur de la jeune fille."}]},{"@type":"WebSite","@id":"https:\/\/infos-droitshumains.net\/#website","url":"https:\/\/infos-droitshumains.net\/","name":"Infos Droits Humains","description":"S&#039;informer est un droit","publisher":{"@id":"https:\/\/infos-droitshumains.net\/#organization"},"potentialAction":[{"@type":"SearchAction","target":{"@type":"EntryPoint","urlTemplate":"https:\/\/infos-droitshumains.net\/?s={search_term_string}"},"query-input":{"@type":"PropertyValueSpecification","valueRequired":true,"valueName":"search_term_string"}}],"inLanguage":"fr-FR"},{"@type":"Organization","@id":"https:\/\/infos-droitshumains.net\/#organization","name":"Infos Droits Humains","url":"https:\/\/infos-droitshumains.net\/","logo":{"@type":"ImageObject","inLanguage":"fr-FR","@id":"https:\/\/infos-droitshumains.net\/#\/schema\/logo\/image\/","url":"https:\/\/i0.wp.com\/infos-droitshumains.net\/wp-content\/uploads\/2022\/05\/Logo.png?fit=333%2C129&ssl=1","contentUrl":"https:\/\/i0.wp.com\/infos-droitshumains.net\/wp-content\/uploads\/2022\/05\/Logo.png?fit=333%2C129&ssl=1","width":333,"height":129,"caption":"Infos Droits Humains"},"image":{"@id":"https:\/\/infos-droitshumains.net\/#\/schema\/logo\/image\/"}},{"@type":"Person","@id":"https:\/\/infos-droitshumains.net\/#\/schema\/person\/3dc5e921c3302172e0ed4362f96faab7","name":"Jo\u00ebl Diawa","image":{"@type":"ImageObject","inLanguage":"fr-FR","@id":"https:\/\/secure.gravatar.com\/avatar\/729bea6ff4604c624417803c477363be8e3c7186deaa65713313f9b4b820f41c?s=96&d=mm&r=g","url":"https:\/\/secure.gravatar.com\/avatar\/729bea6ff4604c624417803c477363be8e3c7186deaa65713313f9b4b820f41c?s=96&d=mm&r=g","contentUrl":"https:\/\/secure.gravatar.com\/avatar\/729bea6ff4604c624417803c477363be8e3c7186deaa65713313f9b4b820f41c?s=96&d=mm&r=g","caption":"Jo\u00ebl Diawa"},"sameAs":["https:\/\/www.infos-droitshumains.net"],"url":"https:\/\/infos-droitshumains.net\/?author=2"}]}},"featured_image_urls":{"full":["https:\/\/i0.wp.com\/infos-droitshumains.net\/wp-content\/uploads\/2025\/07\/IMG-20250716-WA0083.jpg?fit=399%2C342&ssl=1",399,342,false],"thumbnail":["https:\/\/i0.wp.com\/infos-droitshumains.net\/wp-content\/uploads\/2025\/07\/IMG-20250716-WA0083.jpg?resize=150%2C150&ssl=1",150,150,true],"medium":["https:\/\/i0.wp.com\/infos-droitshumains.net\/wp-content\/uploads\/2025\/07\/IMG-20250716-WA0083.jpg?fit=300%2C257&ssl=1",300,257,true],"medium_large":["https:\/\/i0.wp.com\/infos-droitshumains.net\/wp-content\/uploads\/2025\/07\/IMG-20250716-WA0083.jpg?fit=399%2C342&ssl=1",399,342,true],"large":["https:\/\/i0.wp.com\/infos-droitshumains.net\/wp-content\/uploads\/2025\/07\/IMG-20250716-WA0083.jpg?fit=399%2C342&ssl=1",399,342,true],"1536x1536":["https:\/\/i0.wp.com\/infos-droitshumains.net\/wp-content\/uploads\/2025\/07\/IMG-20250716-WA0083.jpg?fit=399%2C342&ssl=1",399,342,true],"2048x2048":["https:\/\/i0.wp.com\/infos-droitshumains.net\/wp-content\/uploads\/2025\/07\/IMG-20250716-WA0083.jpg?fit=399%2C342&ssl=1",399,342,true],"covernews-slider-full":["https:\/\/i0.wp.com\/infos-droitshumains.net\/wp-content\/uploads\/2025\/07\/IMG-20250716-WA0083.jpg?resize=399%2C342&ssl=1",399,342,true],"covernews-slider-center":["https:\/\/i0.wp.com\/infos-droitshumains.net\/wp-content\/uploads\/2025\/07\/IMG-20250716-WA0083.jpg?resize=399%2C342&ssl=1",399,342,true],"covernews-featured":["https:\/\/i0.wp.com\/infos-droitshumains.net\/wp-content\/uploads\/2025\/07\/IMG-20250716-WA0083.jpg?fit=399%2C342&ssl=1",399,342,true],"covernews-medium":["https:\/\/i0.wp.com\/infos-droitshumains.net\/wp-content\/uploads\/2025\/07\/IMG-20250716-WA0083.jpg?resize=399%2C340&ssl=1",399,340,true],"covernews-medium-square":["https:\/\/i0.wp.com\/infos-droitshumains.net\/wp-content\/uploads\/2025\/07\/IMG-20250716-WA0083.jpg?resize=399%2C250&ssl=1",399,250,true]},"author_info":{"display_name":"Jo\u00ebl Diawa","author_link":"https:\/\/infos-droitshumains.net\/?author=2"},"category_info":"<a href=\"https:\/\/infos-droitshumains.net\/?cat=7\" rel=\"category\">Droits Humains<\/a>","tag_info":"Droits Humains","comment_count":"0","jetpack_featured_media_url":"https:\/\/i0.wp.com\/infos-droitshumains.net\/wp-content\/uploads\/2025\/07\/IMG-20250716-WA0083.jpg?fit=399%2C342&ssl=1","jetpack-related-posts":[],"jetpack_sharing_enabled":true,"_links":{"self":[{"href":"https:\/\/infos-droitshumains.net\/index.php?rest_route=\/wp\/v2\/posts\/15668","targetHints":{"allow":["GET"]}}],"collection":[{"href":"https:\/\/infos-droitshumains.net\/index.php?rest_route=\/wp\/v2\/posts"}],"about":[{"href":"https:\/\/infos-droitshumains.net\/index.php?rest_route=\/wp\/v2\/types\/post"}],"author":[{"embeddable":true,"href":"https:\/\/infos-droitshumains.net\/index.php?rest_route=\/wp\/v2\/users\/2"}],"replies":[{"embeddable":true,"href":"https:\/\/infos-droitshumains.net\/index.php?rest_route=%2Fwp%2Fv2%2Fcomments&post=15668"}],"version-history":[{"count":2,"href":"https:\/\/infos-droitshumains.net\/index.php?rest_route=\/wp\/v2\/posts\/15668\/revisions"}],"predecessor-version":[{"id":15671,"href":"https:\/\/infos-droitshumains.net\/index.php?rest_route=\/wp\/v2\/posts\/15668\/revisions\/15671"}],"wp:featuredmedia":[{"embeddable":true,"href":"https:\/\/infos-droitshumains.net\/index.php?rest_route=\/wp\/v2\/media\/15670"}],"wp:attachment":[{"href":"https:\/\/infos-droitshumains.net\/index.php?rest_route=%2Fwp%2Fv2%2Fmedia&parent=15668"}],"wp:term":[{"taxonomy":"category","embeddable":true,"href":"https:\/\/infos-droitshumains.net\/index.php?rest_route=%2Fwp%2Fv2%2Fcategories&post=15668"},{"taxonomy":"post_tag","embeddable":true,"href":"https:\/\/infos-droitshumains.net\/index.php?rest_route=%2Fwp%2Fv2%2Ftags&post=15668"}],"curies":[{"name":"wp","href":"https:\/\/api.w.org\/{rel}","templated":true}]}}