{"id":1558,"date":"2022-01-15T10:24:08","date_gmt":"2022-01-15T09:24:08","guid":{"rendered":"https:\/\/infos-droitshumains.net\/?p=1558"},"modified":"2023-04-06T12:11:02","modified_gmt":"2023-04-06T10:11:02","slug":"udps-kabund-rupture-consommeedecision-finale-sera-t-elle-officialisee","status":"publish","type":"post","link":"https:\/\/infos-droitshumains.net\/?p=1558","title":{"rendered":"UDPS-Kabund rupture consomm\u00e9e?\u00abD\u00e9cision Finale\u00bb sera-t-elle officialis\u00e9e?"},"content":{"rendered":"\n<p><strong>R\u00e9daction :+243817406088<\/strong><\/p>\n\n\n\n<p>Le vendredi 14 janvier dans la mi-journ\u00e9e, Jean-Marc Kabund annon\u00e7ait sa d\u00e9mission \u00e0 premi\u00e8re vice-pr\u00e9sidence de l\u2019Assembl\u00e9e Nationale via son compte twitter. Bien que le concern\u00e9 n\u2019ait pas motiv\u00e9 sa d\u00e9cision, mais l\u2019on sait que cela fait suite \u00e0 l\u2019assaut de sa r\u00e9sidence par des militaires de la garde pr\u00e9sidentielle, survenu au lendemain d\u2019un incident impliquant sa garde rapproch\u00e9e et un membre de ce corps commis \u00e0 la s\u00e9curit\u00e9 du Pr\u00e9sident de la R\u00e9publique.<\/p>\n\n\n\n<p>Selon certaines sources proches du parti pr\u00e9sidentiel qui se sont confi\u00e9 \u00e0 la r\u00e9daction de infos-droitshumains.net sous le sceau de l\u2019anonymat, il y aurait un grand <strong><em>\u00ab\u00a0d\u00e9saccord entre le pr\u00e9sident F\u00e9lix Tshisekedi et Jean-Marc Kabund\u00a0\u00bb.<\/em><\/strong><\/p>\n\n\n\n<p>\u00c0 la question de savoir l\u2019origine de ce d\u00e9saccord, <strong><em>\u00ab Je n\u2019en sait pas trop, mais il y a un s\u00e9rieux d\u00e9saccord entre les deux personnalit\u00e9s qui risque de fragiliser le parti\u00bb<\/em><\/strong> a poursuivi la m\u00eame source.<\/p>\n\n\n\n<p>\u00c0 l\u2019UDPS, les militants se sont montr\u00e9s hostiles \u00e0 cette d\u00e9cision. Plusieurs d\u2019entre eux ont assi\u00e9g\u00e9 depuis le vendredi, la r\u00e9sidence du pr\u00e9sident de leur parti en lui exigeant de retirer sa d\u00e9cision.<\/p>\n\n\n\n<p>Tard dans la nuit, les d\u00e9l\u00e9gations de l\u2019Assembl\u00e9e Nationale et des cadres de l\u2019UDPS ont tent\u00e9 de convaincre le num\u00e9ro deux de la chambre basse du parlement \u00e0 revoir sa d\u00e9cision.<\/p>\n\n\n\n<p>Malgr\u00e9 ces tentatives, Jean-Marc Kabund serait cat\u00e9gorique, il tient \u00e0 sa d\u00e9cision jusqu\u2019au bout. Il pourra m\u00eame formaliser sa d\u00e9cision d\u2019ici le d\u00e9but de la semaine prochaine. Selon l\u2019un de ses proches, <strong><em>\u00ab il va d\u00e9poser sa d\u00e9mission le mardi au bureau de l\u2019Assembl\u00e9e \u00bb.<\/em><\/strong><\/p>\n\n\n\n<p>M\u00eame la m\u00e9diation d\u2019Augustin Kabuya entre le pr\u00e9sident F\u00e9lix Tshisekedi et Jean-Marc Kabund n\u2019aura pas convaincu ce dernier \u00e0 revoir sa d\u00e9cision.<\/p>\n\n\n\n<p>C\u2019est tr\u00e8s rare de voir l\u2019homme politique congolais abandonner un poste aussi juteux que la premi\u00e8re vice-pr\u00e9sidence de l\u2019Assembl\u00e9e Nationale o\u00f9 il y a tous les avantages possible. Cette d\u00e9cision est tr\u00e8s salu\u00e9e dans la classe politique, mais pourrait avoir des cons\u00e9quences n\u00e9fastes sur le v\u00e9cu de l\u2019UDPS.<\/p>\n\n\n\n<p>Jean-Marc Kabund qui est pr\u00e9sident ai de ce parti, l\u2019est gr\u00e2ce \u00e0 un mandat sp\u00e9cial lui procur\u00e9 par F\u00e9lix Tshisekedi \u00e0 la veille de sa prestation de serment; alors qu\u2019entant que pr\u00e9sident de la R\u00e9publique, il ne pouvait plus assumer des fonctions au sein du parti.<\/p>\n\n\n\n<p>Un mandat sp\u00e9cial qui selon le collectif \u00ab <strong><em>Sauvons UDPS<\/em><\/strong> \u00bb violerait les dispositions de l\u2019article 26 des statuts du parti. Reste \u00e0 savoir si Jean-Marc Kabund va, apr\u00e8s avoir officialiser sa d\u00e9mission, continuer \u00e0 exercer sa fonction de pr\u00e9sident ai au sein du parti, ou va-t-il activer la <strong><em>\u00ab D\u00e9cision Finale \u00bb<\/em><\/strong>, une structure que certains cadre de l\u2019UDPS assimilent \u00e0 un parti politique cr\u00e9\u00e9 par Kabund pour d\u00e9doubler le parti du sphinx de Limete.<\/p>\n\n\n\n<p><\/p>\n\n\n\n<p>Reste \u00e0 savoir si Kabund va-t-il demeurer pr\u00e9sident ai de l&rsquo;UDPS ou va-t-il quitter afin de rendre officiel ce parti d\u00e9nomm\u00e9 <strong><em>\u00ab\u00a0D\u00e9cision Finale\u00a0\u00bb.<\/em><\/strong><br> Wait and see\u2026<\/p>\n\n\n\n<p><br>Jo\u00ebl Diawa<\/p>\n","protected":false},"excerpt":{"rendered":"<p>R\u00e9daction :+243817406088 Le vendredi 14 janvier dans la mi-journ\u00e9e, Jean-Marc Kabund annon\u00e7ait sa d\u00e9mission \u00e0&#8230;<\/p>\n","protected":false},"author":2,"featured_media":0,"comment_status":"closed","ping_status":"open","sticky":false,"template":"","format":"standard","meta":{"_jetpack_memberships_contains_paid_content":false,"footnotes":""},"categories":[1],"tags":[],"class_list":["post-1558","post","type-post","status-publish","format-standard","hentry","category-non-classe"],"yoast_head":"<!-- This site is optimized with the Yoast SEO plugin v27.5 - https:\/\/yoast.com\/product\/yoast-seo-wordpress\/ -->\n<title>UDPS-Kabund rupture consomm\u00e9e?\u00abD\u00e9cision Finale\u00bb sera-t-elle officialis\u00e9e? - Infos Droits Humains<\/title>\n<meta name=\"robots\" content=\"index, follow, max-snippet:-1, max-image-preview:large, max-video-preview:-1\" \/>\n<link rel=\"canonical\" href=\"https:\/\/infos-droitshumains.net\/?p=1558\" \/>\n<meta property=\"og:locale\" content=\"fr_FR\" \/>\n<meta property=\"og:type\" content=\"article\" \/>\n<meta property=\"og:title\" content=\"UDPS-Kabund rupture consomm\u00e9e?\u00abD\u00e9cision Finale\u00bb sera-t-elle officialis\u00e9e? - Infos Droits Humains\" \/>\n<meta property=\"og:description\" content=\"R\u00e9daction :+243817406088 Le vendredi 14 janvier dans la mi-journ\u00e9e, Jean-Marc Kabund annon\u00e7ait sa d\u00e9mission \u00e0...\" \/>\n<meta property=\"og:url\" content=\"https:\/\/infos-droitshumains.net\/?p=1558\" \/>\n<meta property=\"og:site_name\" content=\"Infos Droits Humains\" \/>\n<meta property=\"article:published_time\" content=\"2022-01-15T09:24:08+00:00\" \/>\n<meta property=\"article:modified_time\" content=\"2023-04-06T10:11:02+00:00\" \/>\n<meta name=\"author\" content=\"Jo\u00ebl Diawa\" \/>\n<meta name=\"twitter:card\" content=\"summary_large_image\" \/>\n<meta name=\"twitter:label1\" content=\"\u00c9crit par\" \/>\n\t<meta name=\"twitter:data1\" content=\"Jo\u00ebl Diawa\" \/>\n\t<meta name=\"twitter:label2\" content=\"Dur\u00e9e de lecture estim\u00e9e\" \/>\n\t<meta name=\"twitter:data2\" content=\"3 minutes\" \/>\n<script type=\"application\/ld+json\" class=\"yoast-schema-graph\">{\"@context\":\"https:\\\/\\\/schema.org\",\"@graph\":[{\"@type\":\"Article\",\"@id\":\"https:\\\/\\\/infos-droitshumains.net\\\/?p=1558#article\",\"isPartOf\":{\"@id\":\"https:\\\/\\\/infos-droitshumains.net\\\/?p=1558\"},\"author\":{\"name\":\"Jo\u00ebl Diawa\",\"@id\":\"https:\\\/\\\/infos-droitshumains.net\\\/#\\\/schema\\\/person\\\/3dc5e921c3302172e0ed4362f96faab7\"},\"headline\":\"UDPS-Kabund rupture consomm\u00e9e?\u00abD\u00e9cision Finale\u00bb sera-t-elle officialis\u00e9e?\",\"datePublished\":\"2022-01-15T09:24:08+00:00\",\"dateModified\":\"2023-04-06T10:11:02+00:00\",\"mainEntityOfPage\":{\"@id\":\"https:\\\/\\\/infos-droitshumains.net\\\/?p=1558\"},\"wordCount\":562,\"publisher\":{\"@id\":\"https:\\\/\\\/infos-droitshumains.net\\\/#organization\"},\"inLanguage\":\"fr-FR\"},{\"@type\":\"WebPage\",\"@id\":\"https:\\\/\\\/infos-droitshumains.net\\\/?p=1558\",\"url\":\"https:\\\/\\\/infos-droitshumains.net\\\/?p=1558\",\"name\":\"UDPS-Kabund rupture consomm\u00e9e?\u00abD\u00e9cision Finale\u00bb sera-t-elle officialis\u00e9e? - Infos Droits Humains\",\"isPartOf\":{\"@id\":\"https:\\\/\\\/infos-droitshumains.net\\\/#website\"},\"datePublished\":\"2022-01-15T09:24:08+00:00\",\"dateModified\":\"2023-04-06T10:11:02+00:00\",\"breadcrumb\":{\"@id\":\"https:\\\/\\\/infos-droitshumains.net\\\/?p=1558#breadcrumb\"},\"inLanguage\":\"fr-FR\",\"potentialAction\":[{\"@type\":\"ReadAction\",\"target\":[\"https:\\\/\\\/infos-droitshumains.net\\\/?p=1558\"]}]},{\"@type\":\"BreadcrumbList\",\"@id\":\"https:\\\/\\\/infos-droitshumains.net\\\/?p=1558#breadcrumb\",\"itemListElement\":[{\"@type\":\"ListItem\",\"position\":1,\"name\":\"Accueil\",\"item\":\"https:\\\/\\\/infos-droitshumains.net\\\/\"},{\"@type\":\"ListItem\",\"position\":2,\"name\":\"UDPS-Kabund rupture consomm\u00e9e?\u00abD\u00e9cision Finale\u00bb sera-t-elle officialis\u00e9e?\"}]},{\"@type\":\"WebSite\",\"@id\":\"https:\\\/\\\/infos-droitshumains.net\\\/#website\",\"url\":\"https:\\\/\\\/infos-droitshumains.net\\\/\",\"name\":\"Infos Droits Humains\",\"description\":\"S&#039;informer est un droit\",\"publisher\":{\"@id\":\"https:\\\/\\\/infos-droitshumains.net\\\/#organization\"},\"potentialAction\":[{\"@type\":\"SearchAction\",\"target\":{\"@type\":\"EntryPoint\",\"urlTemplate\":\"https:\\\/\\\/infos-droitshumains.net\\\/?s={search_term_string}\"},\"query-input\":{\"@type\":\"PropertyValueSpecification\",\"valueRequired\":true,\"valueName\":\"search_term_string\"}}],\"inLanguage\":\"fr-FR\"},{\"@type\":\"Organization\",\"@id\":\"https:\\\/\\\/infos-droitshumains.net\\\/#organization\",\"name\":\"Infos Droits Humains\",\"url\":\"https:\\\/\\\/infos-droitshumains.net\\\/\",\"logo\":{\"@type\":\"ImageObject\",\"inLanguage\":\"fr-FR\",\"@id\":\"https:\\\/\\\/infos-droitshumains.net\\\/#\\\/schema\\\/logo\\\/image\\\/\",\"url\":\"https:\\\/\\\/i0.wp.com\\\/infos-droitshumains.net\\\/wp-content\\\/uploads\\\/2022\\\/05\\\/Logo.png?fit=333%2C129&ssl=1\",\"contentUrl\":\"https:\\\/\\\/i0.wp.com\\\/infos-droitshumains.net\\\/wp-content\\\/uploads\\\/2022\\\/05\\\/Logo.png?fit=333%2C129&ssl=1\",\"width\":333,\"height\":129,\"caption\":\"Infos Droits Humains\"},\"image\":{\"@id\":\"https:\\\/\\\/infos-droitshumains.net\\\/#\\\/schema\\\/logo\\\/image\\\/\"}},{\"@type\":\"Person\",\"@id\":\"https:\\\/\\\/infos-droitshumains.net\\\/#\\\/schema\\\/person\\\/3dc5e921c3302172e0ed4362f96faab7\",\"name\":\"Jo\u00ebl Diawa\",\"image\":{\"@type\":\"ImageObject\",\"inLanguage\":\"fr-FR\",\"@id\":\"https:\\\/\\\/secure.gravatar.com\\\/avatar\\\/729bea6ff4604c624417803c477363be8e3c7186deaa65713313f9b4b820f41c?s=96&d=mm&r=g\",\"url\":\"https:\\\/\\\/secure.gravatar.com\\\/avatar\\\/729bea6ff4604c624417803c477363be8e3c7186deaa65713313f9b4b820f41c?s=96&d=mm&r=g\",\"contentUrl\":\"https:\\\/\\\/secure.gravatar.com\\\/avatar\\\/729bea6ff4604c624417803c477363be8e3c7186deaa65713313f9b4b820f41c?s=96&d=mm&r=g\",\"caption\":\"Jo\u00ebl Diawa\"},\"sameAs\":[\"https:\\\/\\\/www.infos-droitshumains.net\"],\"url\":\"https:\\\/\\\/infos-droitshumains.net\\\/?author=2\"}]}<\/script>\n<!-- \/ Yoast SEO plugin. -->","yoast_head_json":{"title":"UDPS-Kabund rupture consomm\u00e9e?\u00abD\u00e9cision Finale\u00bb sera-t-elle officialis\u00e9e? - Infos Droits Humains","robots":{"index":"index","follow":"follow","max-snippet":"max-snippet:-1","max-image-preview":"max-image-preview:large","max-video-preview":"max-video-preview:-1"},"canonical":"https:\/\/infos-droitshumains.net\/?p=1558","og_locale":"fr_FR","og_type":"article","og_title":"UDPS-Kabund rupture consomm\u00e9e?\u00abD\u00e9cision Finale\u00bb sera-t-elle officialis\u00e9e? - Infos Droits Humains","og_description":"R\u00e9daction :+243817406088 Le vendredi 14 janvier dans la mi-journ\u00e9e, Jean-Marc Kabund annon\u00e7ait sa d\u00e9mission \u00e0...","og_url":"https:\/\/infos-droitshumains.net\/?p=1558","og_site_name":"Infos Droits Humains","article_published_time":"2022-01-15T09:24:08+00:00","article_modified_time":"2023-04-06T10:11:02+00:00","author":"Jo\u00ebl Diawa","twitter_card":"summary_large_image","twitter_misc":{"\u00c9crit par":"Jo\u00ebl Diawa","Dur\u00e9e de lecture estim\u00e9e":"3 minutes"},"schema":{"@context":"https:\/\/schema.org","@graph":[{"@type":"Article","@id":"https:\/\/infos-droitshumains.net\/?p=1558#article","isPartOf":{"@id":"https:\/\/infos-droitshumains.net\/?p=1558"},"author":{"name":"Jo\u00ebl Diawa","@id":"https:\/\/infos-droitshumains.net\/#\/schema\/person\/3dc5e921c3302172e0ed4362f96faab7"},"headline":"UDPS-Kabund rupture consomm\u00e9e?\u00abD\u00e9cision Finale\u00bb sera-t-elle officialis\u00e9e?","datePublished":"2022-01-15T09:24:08+00:00","dateModified":"2023-04-06T10:11:02+00:00","mainEntityOfPage":{"@id":"https:\/\/infos-droitshumains.net\/?p=1558"},"wordCount":562,"publisher":{"@id":"https:\/\/infos-droitshumains.net\/#organization"},"inLanguage":"fr-FR"},{"@type":"WebPage","@id":"https:\/\/infos-droitshumains.net\/?p=1558","url":"https:\/\/infos-droitshumains.net\/?p=1558","name":"UDPS-Kabund rupture consomm\u00e9e?\u00abD\u00e9cision Finale\u00bb sera-t-elle officialis\u00e9e? - Infos Droits Humains","isPartOf":{"@id":"https:\/\/infos-droitshumains.net\/#website"},"datePublished":"2022-01-15T09:24:08+00:00","dateModified":"2023-04-06T10:11:02+00:00","breadcrumb":{"@id":"https:\/\/infos-droitshumains.net\/?p=1558#breadcrumb"},"inLanguage":"fr-FR","potentialAction":[{"@type":"ReadAction","target":["https:\/\/infos-droitshumains.net\/?p=1558"]}]},{"@type":"BreadcrumbList","@id":"https:\/\/infos-droitshumains.net\/?p=1558#breadcrumb","itemListElement":[{"@type":"ListItem","position":1,"name":"Accueil","item":"https:\/\/infos-droitshumains.net\/"},{"@type":"ListItem","position":2,"name":"UDPS-Kabund rupture consomm\u00e9e?\u00abD\u00e9cision Finale\u00bb sera-t-elle officialis\u00e9e?"}]},{"@type":"WebSite","@id":"https:\/\/infos-droitshumains.net\/#website","url":"https:\/\/infos-droitshumains.net\/","name":"Infos Droits Humains","description":"S&#039;informer est un droit","publisher":{"@id":"https:\/\/infos-droitshumains.net\/#organization"},"potentialAction":[{"@type":"SearchAction","target":{"@type":"EntryPoint","urlTemplate":"https:\/\/infos-droitshumains.net\/?s={search_term_string}"},"query-input":{"@type":"PropertyValueSpecification","valueRequired":true,"valueName":"search_term_string"}}],"inLanguage":"fr-FR"},{"@type":"Organization","@id":"https:\/\/infos-droitshumains.net\/#organization","name":"Infos Droits Humains","url":"https:\/\/infos-droitshumains.net\/","logo":{"@type":"ImageObject","inLanguage":"fr-FR","@id":"https:\/\/infos-droitshumains.net\/#\/schema\/logo\/image\/","url":"https:\/\/i0.wp.com\/infos-droitshumains.net\/wp-content\/uploads\/2022\/05\/Logo.png?fit=333%2C129&ssl=1","contentUrl":"https:\/\/i0.wp.com\/infos-droitshumains.net\/wp-content\/uploads\/2022\/05\/Logo.png?fit=333%2C129&ssl=1","width":333,"height":129,"caption":"Infos Droits Humains"},"image":{"@id":"https:\/\/infos-droitshumains.net\/#\/schema\/logo\/image\/"}},{"@type":"Person","@id":"https:\/\/infos-droitshumains.net\/#\/schema\/person\/3dc5e921c3302172e0ed4362f96faab7","name":"Jo\u00ebl Diawa","image":{"@type":"ImageObject","inLanguage":"fr-FR","@id":"https:\/\/secure.gravatar.com\/avatar\/729bea6ff4604c624417803c477363be8e3c7186deaa65713313f9b4b820f41c?s=96&d=mm&r=g","url":"https:\/\/secure.gravatar.com\/avatar\/729bea6ff4604c624417803c477363be8e3c7186deaa65713313f9b4b820f41c?s=96&d=mm&r=g","contentUrl":"https:\/\/secure.gravatar.com\/avatar\/729bea6ff4604c624417803c477363be8e3c7186deaa65713313f9b4b820f41c?s=96&d=mm&r=g","caption":"Jo\u00ebl Diawa"},"sameAs":["https:\/\/www.infos-droitshumains.net"],"url":"https:\/\/infos-droitshumains.net\/?author=2"}]}},"featured_image_urls":{"full":"","thumbnail":"","medium":"","medium_large":"","large":"","1536x1536":"","2048x2048":"","covernews-slider-full":"","covernews-slider-center":"","covernews-featured":"","covernews-medium":"","covernews-medium-square":""},"author_info":{"display_name":"Jo\u00ebl Diawa","author_link":"https:\/\/infos-droitshumains.net\/?author=2"},"category_info":"<a href=\"https:\/\/infos-droitshumains.net\/?cat=1\" rel=\"category\">Non class\u00e9<\/a>","tag_info":"Non class\u00e9","comment_count":"0","jetpack_featured_media_url":"","jetpack-related-posts":[],"jetpack_sharing_enabled":true,"_links":{"self":[{"href":"https:\/\/infos-droitshumains.net\/index.php?rest_route=\/wp\/v2\/posts\/1558","targetHints":{"allow":["GET"]}}],"collection":[{"href":"https:\/\/infos-droitshumains.net\/index.php?rest_route=\/wp\/v2\/posts"}],"about":[{"href":"https:\/\/infos-droitshumains.net\/index.php?rest_route=\/wp\/v2\/types\/post"}],"author":[{"embeddable":true,"href":"https:\/\/infos-droitshumains.net\/index.php?rest_route=\/wp\/v2\/users\/2"}],"replies":[{"embeddable":true,"href":"https:\/\/infos-droitshumains.net\/index.php?rest_route=%2Fwp%2Fv2%2Fcomments&post=1558"}],"version-history":[{"count":5,"href":"https:\/\/infos-droitshumains.net\/index.php?rest_route=\/wp\/v2\/posts\/1558\/revisions"}],"predecessor-version":[{"id":1564,"href":"https:\/\/infos-droitshumains.net\/index.php?rest_route=\/wp\/v2\/posts\/1558\/revisions\/1564"}],"wp:attachment":[{"href":"https:\/\/infos-droitshumains.net\/index.php?rest_route=%2Fwp%2Fv2%2Fmedia&parent=1558"}],"wp:term":[{"taxonomy":"category","embeddable":true,"href":"https:\/\/infos-droitshumains.net\/index.php?rest_route=%2Fwp%2Fv2%2Fcategories&post=1558"},{"taxonomy":"post_tag","embeddable":true,"href":"https:\/\/infos-droitshumains.net\/index.php?rest_route=%2Fwp%2Fv2%2Ftags&post=1558"}],"curies":[{"name":"wp","href":"https:\/\/api.w.org\/{rel}","templated":true}]}}