{"id":15368,"date":"2025-07-02T12:14:36","date_gmt":"2025-07-02T10:14:36","guid":{"rendered":"https:\/\/infos-droitshumains.net\/?p=15368"},"modified":"2025-07-02T12:30:58","modified_gmt":"2025-07-02T10:30:58","slug":"assemblee-generale-ordinaire-de-luncc","status":"publish","type":"post","link":"https:\/\/infos-droitshumains.net\/?p=15368","title":{"rendered":"Assembl\u00e9e G\u00e9n\u00e9rale Ordinaire de l\u2019UNCC\u00a0: La prise en charge m\u00e9dicale des op\u00e9rateurs de prise de vue et leurs d\u00e9pendants en passe d&rsquo;\u00eatre formalis\u00e9e"},"content":{"rendered":"\n<p><strong>R\u00e9daction: +243 817 406 088<\/strong><\/p>\n\n\n\n<h3 class=\"wp-block-heading has-vivid-red-color has-text-color has-link-color wp-elements-fd3cd2df5243c7048b5be478e44de360\">Plus de 150 op\u00e9rateurs de prise de vue ont r\u00e9pondu pr\u00e9sents \u00e0 la premi\u00e8re Assembl\u00e9e G\u00e9n\u00e9rale Ordinaire convoqu\u00e9 ce dimanche 29 juin 2025 par l\u2019Union Nationale des Cameramen du Congo. Il \u00e9tait question lors de ces assises, le rapport global des activit\u00e9s organis\u00e9es depuis l\u2019av\u00e8nement du comit\u00e9 Kamalandua.<\/h3>\n\n\n\n<figure class=\"wp-block-image alignfull size-large\"><img data-recalc-dims=\"1\" fetchpriority=\"high\" decoding=\"async\" width=\"640\" height=\"427\" src=\"https:\/\/i0.wp.com\/infos-droitshumains.net\/wp-content\/uploads\/2025\/07\/IMG-20250702-WA0021.jpg?resize=640%2C427&#038;ssl=1\" alt=\"\" class=\"wp-image-15361\" srcset=\"https:\/\/i0.wp.com\/infos-droitshumains.net\/wp-content\/uploads\/2025\/07\/IMG-20250702-WA0021.jpg?resize=1024%2C683&amp;ssl=1 1024w, https:\/\/i0.wp.com\/infos-droitshumains.net\/wp-content\/uploads\/2025\/07\/IMG-20250702-WA0021.jpg?resize=300%2C200&amp;ssl=1 300w, https:\/\/i0.wp.com\/infos-droitshumains.net\/wp-content\/uploads\/2025\/07\/IMG-20250702-WA0021.jpg?resize=768%2C512&amp;ssl=1 768w, https:\/\/i0.wp.com\/infos-droitshumains.net\/wp-content\/uploads\/2025\/07\/IMG-20250702-WA0021.jpg?w=1080&amp;ssl=1 1080w\" sizes=\"(max-width: 640px) 100vw, 640px\" \/><\/figure>\n\n\n\n<p>Au cours de cette Assembl\u00e9e, le comit\u00e9 ex\u00e9cutif de l\u2019UNCC a notamment pr\u00e9sent\u00e9 le rapport financier, le point sur processus d\u2019identification des membres et obtention des cartes et le point sur l\u2019installation du comit\u00e9 provincial du Kongo-Central.<\/p>\n\n\n\n<figure class=\"wp-block-image alignfull size-large\"><img data-recalc-dims=\"1\" decoding=\"async\" width=\"640\" height=\"427\" src=\"https:\/\/i0.wp.com\/infos-droitshumains.net\/wp-content\/uploads\/2025\/07\/IMG-20250702-WA0025.jpg?resize=640%2C427&#038;ssl=1\" alt=\"\" class=\"wp-image-15363\" srcset=\"https:\/\/i0.wp.com\/infos-droitshumains.net\/wp-content\/uploads\/2025\/07\/IMG-20250702-WA0025.jpg?resize=1024%2C683&amp;ssl=1 1024w, https:\/\/i0.wp.com\/infos-droitshumains.net\/wp-content\/uploads\/2025\/07\/IMG-20250702-WA0025.jpg?resize=300%2C200&amp;ssl=1 300w, https:\/\/i0.wp.com\/infos-droitshumains.net\/wp-content\/uploads\/2025\/07\/IMG-20250702-WA0025.jpg?resize=768%2C512&amp;ssl=1 768w, https:\/\/i0.wp.com\/infos-droitshumains.net\/wp-content\/uploads\/2025\/07\/IMG-20250702-WA0025.jpg?w=1080&amp;ssl=1 1080w\" sizes=\"(max-width: 640px) 100vw, 640px\" \/><\/figure>\n\n\n\n<p><em>\u00ab&nbsp;Quand nous avons pris les r\u00eanes de l\u2019UNCC, tout le monde sait dans quelles conditions elle se trouvait : divis\u00e9e, sans rep\u00e8res, et presque invisible. En sept mois, malgr\u00e9 les difficult\u00e9s, nous avons os\u00e9 relever la t\u00eate. Nous avons redonn\u00e9 une forme, une voix, une direction. Nous avons pos\u00e9 les premi\u00e8res pierres d\u2019une Union nouvelle, d\u2019un avenir possible pour le cameraman congolais&nbsp;\u00bb, <\/em>s\u2019est satisfait Merlin Kamalandua.<\/p>\n\n\n\n<figure class=\"wp-block-image alignfull size-large\"><img data-recalc-dims=\"1\" decoding=\"async\" width=\"640\" height=\"960\" src=\"https:\/\/i0.wp.com\/infos-droitshumains.net\/wp-content\/uploads\/2025\/07\/IMG-20250702-WA0010.jpg?resize=640%2C960&#038;ssl=1\" alt=\"\" class=\"wp-image-15372\" srcset=\"https:\/\/i0.wp.com\/infos-droitshumains.net\/wp-content\/uploads\/2025\/07\/IMG-20250702-WA0010.jpg?resize=683%2C1024&amp;ssl=1 683w, https:\/\/i0.wp.com\/infos-droitshumains.net\/wp-content\/uploads\/2025\/07\/IMG-20250702-WA0010.jpg?resize=200%2C300&amp;ssl=1 200w, https:\/\/i0.wp.com\/infos-droitshumains.net\/wp-content\/uploads\/2025\/07\/IMG-20250702-WA0010.jpg?w=720&amp;ssl=1 720w\" sizes=\"(max-width: 640px) 100vw, 640px\" \/><\/figure>\n\n\n\n<p>Le Pr\u00e9sident de l\u2019UNCC entrevoit en outre, un avenir radieux pour le m\u00e9tier d\u2019op\u00e9rateur de prise de vue en R\u00e9\u00fbblque D\u00e9mocratique du Congo&nbsp;:<\/p>\n\n\n\n<p><em>\u00ab&nbsp;Oui, il y a encore du chemin, mais personne ne r\u00e9colte les fruits sans avoir d\u2019abord labour\u00e9 la terre. Il n\u2019y a pas de prix sans sacrifice. Il est temps pour chacun d\u2019entre nous, de se mettre r\u00e9solument au travail. L\u2019avenir de notre profession d\u00e9pend de notre capacit\u00e9 \u00e0 nous sacrifier aujourd\u2019hui pour un lendemain plus radieux.&nbsp;\u00bb<\/em><\/p>\n\n\n\n<figure class=\"wp-block-image alignfull size-large\"><img data-recalc-dims=\"1\" loading=\"lazy\" decoding=\"async\" width=\"640\" height=\"427\" src=\"https:\/\/i0.wp.com\/infos-droitshumains.net\/wp-content\/uploads\/2025\/07\/IMG-20250702-WA0007.jpg?resize=640%2C427&#038;ssl=1\" alt=\"\" class=\"wp-image-15374\" srcset=\"https:\/\/i0.wp.com\/infos-droitshumains.net\/wp-content\/uploads\/2025\/07\/IMG-20250702-WA0007.jpg?resize=1024%2C683&amp;ssl=1 1024w, https:\/\/i0.wp.com\/infos-droitshumains.net\/wp-content\/uploads\/2025\/07\/IMG-20250702-WA0007.jpg?resize=300%2C200&amp;ssl=1 300w, https:\/\/i0.wp.com\/infos-droitshumains.net\/wp-content\/uploads\/2025\/07\/IMG-20250702-WA0007.jpg?resize=768%2C512&amp;ssl=1 768w, https:\/\/i0.wp.com\/infos-droitshumains.net\/wp-content\/uploads\/2025\/07\/IMG-20250702-WA0007.jpg?w=1080&amp;ssl=1 1080w\" sizes=\"(max-width: 640px) 100vw, 640px\" \/><\/figure>\n\n\n\n<p>Dans le cadre des perspectives d\u2019avenir, le Pr\u00e9sident de l\u2019UNCC a propos\u00e9 la mise place d\u2019une commission charg\u00e9e de revoir les textes de cette association.<\/p>\n\n\n\n<p><em>\u00ab&nbsp;Nos statuts sont muets sur plusieurs points essentiels. Il est temps d\u2019actualiser notre cadre juridique pour l\u2019adapter aux d\u00e9fis de notre \u00e9poque&nbsp;\u00bb, <\/em>l\u2019a-t-il justifi\u00e9.<\/p>\n\n\n\n<figure class=\"wp-block-image alignfull size-large\"><img data-recalc-dims=\"1\" loading=\"lazy\" decoding=\"async\" width=\"640\" height=\"427\" src=\"https:\/\/i0.wp.com\/infos-droitshumains.net\/wp-content\/uploads\/2025\/07\/IMG-20250702-WA0024.jpg?resize=640%2C427&#038;ssl=1\" alt=\"\" class=\"wp-image-15376\" srcset=\"https:\/\/i0.wp.com\/infos-droitshumains.net\/wp-content\/uploads\/2025\/07\/IMG-20250702-WA0024.jpg?resize=1024%2C683&amp;ssl=1 1024w, https:\/\/i0.wp.com\/infos-droitshumains.net\/wp-content\/uploads\/2025\/07\/IMG-20250702-WA0024.jpg?resize=300%2C200&amp;ssl=1 300w, https:\/\/i0.wp.com\/infos-droitshumains.net\/wp-content\/uploads\/2025\/07\/IMG-20250702-WA0024.jpg?resize=768%2C512&amp;ssl=1 768w, https:\/\/i0.wp.com\/infos-droitshumains.net\/wp-content\/uploads\/2025\/07\/IMG-20250702-WA0024.jpg?w=1080&amp;ssl=1 1080w\" sizes=\"(max-width: 640px) 100vw, 640px\" \/><\/figure>\n\n\n\n<p>Le comit\u00e9 de l\u2019UNCC projette cependant un partenariat avec le centre Hospitalier Likabo pour la prise en charge m\u00e9dicale de ses membres. Sur ce, le staff de cet \u00e9tablissement m\u00e9dical a \u00e9t\u00e9 convi\u00e9 \u00e0 cette Assembl\u00e9e G\u00e9n\u00e9rale afin d\u2019expliquer le contour dudit projet, \u00e0 la grande satisfaction de tous les membres.<\/p>\n\n\n\n<figure class=\"wp-block-image alignfull size-large\"><img data-recalc-dims=\"1\" loading=\"lazy\" decoding=\"async\" width=\"640\" height=\"427\" src=\"https:\/\/i0.wp.com\/infos-droitshumains.net\/wp-content\/uploads\/2025\/07\/IMG-20250702-WA0023.jpg?resize=640%2C427&#038;ssl=1\" alt=\"\" class=\"wp-image-15382\" srcset=\"https:\/\/i0.wp.com\/infos-droitshumains.net\/wp-content\/uploads\/2025\/07\/IMG-20250702-WA0023.jpg?resize=1024%2C683&amp;ssl=1 1024w, https:\/\/i0.wp.com\/infos-droitshumains.net\/wp-content\/uploads\/2025\/07\/IMG-20250702-WA0023.jpg?resize=300%2C200&amp;ssl=1 300w, https:\/\/i0.wp.com\/infos-droitshumains.net\/wp-content\/uploads\/2025\/07\/IMG-20250702-WA0023.jpg?resize=768%2C512&amp;ssl=1 768w, https:\/\/i0.wp.com\/infos-droitshumains.net\/wp-content\/uploads\/2025\/07\/IMG-20250702-WA0023.jpg?w=1080&amp;ssl=1 1080w\" sizes=\"(max-width: 640px) 100vw, 640px\" \/><\/figure>\n\n\n\n<figure class=\"wp-block-image alignfull size-large\"><img data-recalc-dims=\"1\" loading=\"lazy\" decoding=\"async\" width=\"640\" height=\"427\" src=\"https:\/\/i0.wp.com\/infos-droitshumains.net\/wp-content\/uploads\/2025\/07\/IMG-20250702-WA0012.jpg?resize=640%2C427&#038;ssl=1\" alt=\"\" class=\"wp-image-15377\" srcset=\"https:\/\/i0.wp.com\/infos-droitshumains.net\/wp-content\/uploads\/2025\/07\/IMG-20250702-WA0012.jpg?resize=1024%2C683&amp;ssl=1 1024w, https:\/\/i0.wp.com\/infos-droitshumains.net\/wp-content\/uploads\/2025\/07\/IMG-20250702-WA0012.jpg?resize=300%2C200&amp;ssl=1 300w, https:\/\/i0.wp.com\/infos-droitshumains.net\/wp-content\/uploads\/2025\/07\/IMG-20250702-WA0012.jpg?resize=768%2C512&amp;ssl=1 768w, https:\/\/i0.wp.com\/infos-droitshumains.net\/wp-content\/uploads\/2025\/07\/IMG-20250702-WA0012.jpg?w=1080&amp;ssl=1 1080w\" sizes=\"(max-width: 640px) 100vw, 640px\" \/><\/figure>\n\n\n\n<figure class=\"wp-block-image alignfull size-large\"><img data-recalc-dims=\"1\" loading=\"lazy\" decoding=\"async\" width=\"640\" height=\"960\" src=\"https:\/\/i0.wp.com\/infos-droitshumains.net\/wp-content\/uploads\/2025\/07\/IMG-20250702-WA0017.jpg?resize=640%2C960&#038;ssl=1\" alt=\"\" class=\"wp-image-15380\" srcset=\"https:\/\/i0.wp.com\/infos-droitshumains.net\/wp-content\/uploads\/2025\/07\/IMG-20250702-WA0017.jpg?resize=683%2C1024&amp;ssl=1 683w, https:\/\/i0.wp.com\/infos-droitshumains.net\/wp-content\/uploads\/2025\/07\/IMG-20250702-WA0017.jpg?resize=200%2C300&amp;ssl=1 200w, https:\/\/i0.wp.com\/infos-droitshumains.net\/wp-content\/uploads\/2025\/07\/IMG-20250702-WA0017.jpg?w=720&amp;ssl=1 720w\" sizes=\"(max-width: 640px) 100vw, 640px\" \/><\/figure>\n\n\n\n<p>En d\u00e9pit de ces perspectives, Merlin Kamalandua regrette toutefois que certains membres de l\u2019UNCC continuent d\u2019\u00e9voluer \u2018\u2019dans la distraction, la futilit\u00e9 et la division\u2019\u2019<em>. \u00ab&nbsp;Le combat que nous menons demande une force commune\u2026 C\u2019est ensemble, dans l\u2019unit\u00e9, que nous gagnerons&nbsp;\u00bb, <\/em>a rappel\u00e9 le Pr\u00e9sident de l\u2019UNCC.<\/p>\n\n\n\n<figure class=\"wp-block-image alignfull size-large\"><img data-recalc-dims=\"1\" loading=\"lazy\" decoding=\"async\" width=\"640\" height=\"427\" src=\"https:\/\/i0.wp.com\/infos-droitshumains.net\/wp-content\/uploads\/2025\/07\/IMG-20250702-WA0015.jpg?resize=640%2C427&#038;ssl=1\" alt=\"\" class=\"wp-image-15378\" srcset=\"https:\/\/i0.wp.com\/infos-droitshumains.net\/wp-content\/uploads\/2025\/07\/IMG-20250702-WA0015.jpg?resize=1024%2C683&amp;ssl=1 1024w, https:\/\/i0.wp.com\/infos-droitshumains.net\/wp-content\/uploads\/2025\/07\/IMG-20250702-WA0015.jpg?resize=300%2C200&amp;ssl=1 300w, https:\/\/i0.wp.com\/infos-droitshumains.net\/wp-content\/uploads\/2025\/07\/IMG-20250702-WA0015.jpg?resize=768%2C512&amp;ssl=1 768w, https:\/\/i0.wp.com\/infos-droitshumains.net\/wp-content\/uploads\/2025\/07\/IMG-20250702-WA0015.jpg?w=1080&amp;ssl=1 1080w\" sizes=\"(max-width: 640px) 100vw, 640px\" \/><\/figure>\n\n\n\n<figure class=\"wp-block-image alignfull size-large\"><img data-recalc-dims=\"1\" loading=\"lazy\" decoding=\"async\" width=\"640\" height=\"960\" src=\"https:\/\/i0.wp.com\/infos-droitshumains.net\/wp-content\/uploads\/2025\/07\/IMG-20250702-WA0020.jpg?resize=640%2C960&#038;ssl=1\" alt=\"\" class=\"wp-image-15381\" srcset=\"https:\/\/i0.wp.com\/infos-droitshumains.net\/wp-content\/uploads\/2025\/07\/IMG-20250702-WA0020.jpg?resize=683%2C1024&amp;ssl=1 683w, https:\/\/i0.wp.com\/infos-droitshumains.net\/wp-content\/uploads\/2025\/07\/IMG-20250702-WA0020.jpg?resize=200%2C300&amp;ssl=1 200w, https:\/\/i0.wp.com\/infos-droitshumains.net\/wp-content\/uploads\/2025\/07\/IMG-20250702-WA0020.jpg?w=720&amp;ssl=1 720w\" sizes=\"(max-width: 640px) 100vw, 640px\" \/><\/figure>\n\n\n\n<p>Les participants ont pris le temps de poser toutes les questions relatives \u00e0 la bonne marche de l\u2019UNCC. C\u2019est sur une note de grande satisfaction que s\u2019est cl\u00f4tur\u00e9e cette premi\u00e8re Assembl\u00e9e G\u00e9n\u00e9ral Ordinaire qui augure un avenir meilleur, un \u00e9v\u00e8nement qui entrera \u00e0 jamais dans les annales de l\u2019Union Nationale des Cameramen du Congo.<\/p>\n\n\n\n<p>Jo\u00ebl Diawa<\/p>\n","protected":false},"excerpt":{"rendered":"<p>R\u00e9daction: +243 817 406 088 Plus de 150 op\u00e9rateurs de prise de vue ont r\u00e9pondu&#8230;<\/p>\n","protected":false},"author":2,"featured_media":15356,"comment_status":"open","ping_status":"open","sticky":false,"template":"","format":"standard","meta":{"_jetpack_memberships_contains_paid_content":false,"footnotes":""},"categories":[8],"tags":[],"class_list":["post-15368","post","type-post","status-publish","format-standard","has-post-thumbnail","hentry","category-societe"],"yoast_head":"<!-- This site is optimized with the Yoast SEO plugin v27.5 - https:\/\/yoast.com\/product\/yoast-seo-wordpress\/ -->\n<title>Assembl\u00e9e G\u00e9n\u00e9rale Ordinaire de l\u2019UNCC\u00a0: La prise en charge m\u00e9dicale des op\u00e9rateurs de prise de vue et leurs d\u00e9pendants en passe d&#039;\u00eatre formalis\u00e9e - Infos Droits Humains<\/title>\n<meta name=\"robots\" content=\"index, follow, max-snippet:-1, max-image-preview:large, max-video-preview:-1\" \/>\n<link rel=\"canonical\" href=\"https:\/\/infos-droitshumains.net\/?p=15368\" \/>\n<meta property=\"og:locale\" content=\"fr_FR\" \/>\n<meta property=\"og:type\" content=\"article\" \/>\n<meta property=\"og:title\" content=\"Assembl\u00e9e G\u00e9n\u00e9rale Ordinaire de l\u2019UNCC\u00a0: La prise en charge m\u00e9dicale des op\u00e9rateurs de prise de vue et leurs d\u00e9pendants en passe d&#039;\u00eatre formalis\u00e9e - Infos Droits Humains\" \/>\n<meta property=\"og:description\" content=\"R\u00e9daction: +243 817 406 088 Plus de 150 op\u00e9rateurs de prise de vue ont r\u00e9pondu...\" \/>\n<meta property=\"og:url\" content=\"https:\/\/infos-droitshumains.net\/?p=15368\" \/>\n<meta property=\"og:site_name\" content=\"Infos Droits Humains\" \/>\n<meta property=\"article:published_time\" content=\"2025-07-02T10:14:36+00:00\" \/>\n<meta property=\"article:modified_time\" content=\"2025-07-02T10:30:58+00:00\" \/>\n<meta property=\"og:image\" content=\"https:\/\/infos-droitshumains.net\/wp-content\/uploads\/2025\/07\/IMG-20250702-WA0005.jpg\" \/>\n\t<meta property=\"og:image:width\" content=\"1080\" \/>\n\t<meta property=\"og:image:height\" content=\"720\" \/>\n\t<meta property=\"og:image:type\" content=\"image\/jpeg\" \/>\n<meta name=\"author\" content=\"Jo\u00ebl Diawa\" \/>\n<meta name=\"twitter:card\" content=\"summary_large_image\" \/>\n<meta name=\"twitter:label1\" content=\"\u00c9crit par\" \/>\n\t<meta name=\"twitter:data1\" content=\"Jo\u00ebl Diawa\" \/>\n\t<meta name=\"twitter:label2\" content=\"Dur\u00e9e de lecture estim\u00e9e\" \/>\n\t<meta name=\"twitter:data2\" content=\"5 minutes\" \/>\n<script type=\"application\/ld+json\" class=\"yoast-schema-graph\">{\"@context\":\"https:\\\/\\\/schema.org\",\"@graph\":[{\"@type\":\"Article\",\"@id\":\"https:\\\/\\\/infos-droitshumains.net\\\/?p=15368#article\",\"isPartOf\":{\"@id\":\"https:\\\/\\\/infos-droitshumains.net\\\/?p=15368\"},\"author\":{\"name\":\"Jo\u00ebl Diawa\",\"@id\":\"https:\\\/\\\/infos-droitshumains.net\\\/#\\\/schema\\\/person\\\/3dc5e921c3302172e0ed4362f96faab7\"},\"headline\":\"Assembl\u00e9e G\u00e9n\u00e9rale Ordinaire de l\u2019UNCC\u00a0: La prise en charge m\u00e9dicale des op\u00e9rateurs de prise de vue et leurs d\u00e9pendants en passe d&rsquo;\u00eatre formalis\u00e9e\",\"datePublished\":\"2025-07-02T10:14:36+00:00\",\"dateModified\":\"2025-07-02T10:30:58+00:00\",\"mainEntityOfPage\":{\"@id\":\"https:\\\/\\\/infos-droitshumains.net\\\/?p=15368\"},\"wordCount\":544,\"commentCount\":0,\"publisher\":{\"@id\":\"https:\\\/\\\/infos-droitshumains.net\\\/#organization\"},\"image\":{\"@id\":\"https:\\\/\\\/infos-droitshumains.net\\\/?p=15368#primaryimage\"},\"thumbnailUrl\":\"https:\\\/\\\/i0.wp.com\\\/infos-droitshumains.net\\\/wp-content\\\/uploads\\\/2025\\\/07\\\/IMG-20250702-WA0005.jpg?fit=1080%2C720&ssl=1\",\"articleSection\":[\"Soci\u00e9t\u00e9\"],\"inLanguage\":\"fr-FR\",\"potentialAction\":[{\"@type\":\"CommentAction\",\"name\":\"Comment\",\"target\":[\"https:\\\/\\\/infos-droitshumains.net\\\/?p=15368#respond\"]}]},{\"@type\":\"WebPage\",\"@id\":\"https:\\\/\\\/infos-droitshumains.net\\\/?p=15368\",\"url\":\"https:\\\/\\\/infos-droitshumains.net\\\/?p=15368\",\"name\":\"Assembl\u00e9e G\u00e9n\u00e9rale Ordinaire de l\u2019UNCC\u00a0: La prise en charge m\u00e9dicale des op\u00e9rateurs de prise de vue et leurs d\u00e9pendants en passe d'\u00eatre formalis\u00e9e - Infos Droits Humains\",\"isPartOf\":{\"@id\":\"https:\\\/\\\/infos-droitshumains.net\\\/#website\"},\"primaryImageOfPage\":{\"@id\":\"https:\\\/\\\/infos-droitshumains.net\\\/?p=15368#primaryimage\"},\"image\":{\"@id\":\"https:\\\/\\\/infos-droitshumains.net\\\/?p=15368#primaryimage\"},\"thumbnailUrl\":\"https:\\\/\\\/i0.wp.com\\\/infos-droitshumains.net\\\/wp-content\\\/uploads\\\/2025\\\/07\\\/IMG-20250702-WA0005.jpg?fit=1080%2C720&ssl=1\",\"datePublished\":\"2025-07-02T10:14:36+00:00\",\"dateModified\":\"2025-07-02T10:30:58+00:00\",\"breadcrumb\":{\"@id\":\"https:\\\/\\\/infos-droitshumains.net\\\/?p=15368#breadcrumb\"},\"inLanguage\":\"fr-FR\",\"potentialAction\":[{\"@type\":\"ReadAction\",\"target\":[\"https:\\\/\\\/infos-droitshumains.net\\\/?p=15368\"]}]},{\"@type\":\"ImageObject\",\"inLanguage\":\"fr-FR\",\"@id\":\"https:\\\/\\\/infos-droitshumains.net\\\/?p=15368#primaryimage\",\"url\":\"https:\\\/\\\/i0.wp.com\\\/infos-droitshumains.net\\\/wp-content\\\/uploads\\\/2025\\\/07\\\/IMG-20250702-WA0005.jpg?fit=1080%2C720&ssl=1\",\"contentUrl\":\"https:\\\/\\\/i0.wp.com\\\/infos-droitshumains.net\\\/wp-content\\\/uploads\\\/2025\\\/07\\\/IMG-20250702-WA0005.jpg?fit=1080%2C720&ssl=1\",\"width\":1080,\"height\":720},{\"@type\":\"BreadcrumbList\",\"@id\":\"https:\\\/\\\/infos-droitshumains.net\\\/?p=15368#breadcrumb\",\"itemListElement\":[{\"@type\":\"ListItem\",\"position\":1,\"name\":\"Accueil\",\"item\":\"https:\\\/\\\/infos-droitshumains.net\\\/\"},{\"@type\":\"ListItem\",\"position\":2,\"name\":\"Assembl\u00e9e G\u00e9n\u00e9rale Ordinaire de l\u2019UNCC\u00a0: La prise en charge m\u00e9dicale des op\u00e9rateurs de prise de vue et leurs d\u00e9pendants en passe d&rsquo;\u00eatre formalis\u00e9e\"}]},{\"@type\":\"WebSite\",\"@id\":\"https:\\\/\\\/infos-droitshumains.net\\\/#website\",\"url\":\"https:\\\/\\\/infos-droitshumains.net\\\/\",\"name\":\"Infos Droits Humains\",\"description\":\"S&#039;informer est un droit\",\"publisher\":{\"@id\":\"https:\\\/\\\/infos-droitshumains.net\\\/#organization\"},\"potentialAction\":[{\"@type\":\"SearchAction\",\"target\":{\"@type\":\"EntryPoint\",\"urlTemplate\":\"https:\\\/\\\/infos-droitshumains.net\\\/?s={search_term_string}\"},\"query-input\":{\"@type\":\"PropertyValueSpecification\",\"valueRequired\":true,\"valueName\":\"search_term_string\"}}],\"inLanguage\":\"fr-FR\"},{\"@type\":\"Organization\",\"@id\":\"https:\\\/\\\/infos-droitshumains.net\\\/#organization\",\"name\":\"Infos Droits Humains\",\"url\":\"https:\\\/\\\/infos-droitshumains.net\\\/\",\"logo\":{\"@type\":\"ImageObject\",\"inLanguage\":\"fr-FR\",\"@id\":\"https:\\\/\\\/infos-droitshumains.net\\\/#\\\/schema\\\/logo\\\/image\\\/\",\"url\":\"https:\\\/\\\/i0.wp.com\\\/infos-droitshumains.net\\\/wp-content\\\/uploads\\\/2022\\\/05\\\/Logo.png?fit=333%2C129&ssl=1\",\"contentUrl\":\"https:\\\/\\\/i0.wp.com\\\/infos-droitshumains.net\\\/wp-content\\\/uploads\\\/2022\\\/05\\\/Logo.png?fit=333%2C129&ssl=1\",\"width\":333,\"height\":129,\"caption\":\"Infos Droits Humains\"},\"image\":{\"@id\":\"https:\\\/\\\/infos-droitshumains.net\\\/#\\\/schema\\\/logo\\\/image\\\/\"}},{\"@type\":\"Person\",\"@id\":\"https:\\\/\\\/infos-droitshumains.net\\\/#\\\/schema\\\/person\\\/3dc5e921c3302172e0ed4362f96faab7\",\"name\":\"Jo\u00ebl Diawa\",\"image\":{\"@type\":\"ImageObject\",\"inLanguage\":\"fr-FR\",\"@id\":\"https:\\\/\\\/secure.gravatar.com\\\/avatar\\\/729bea6ff4604c624417803c477363be8e3c7186deaa65713313f9b4b820f41c?s=96&d=mm&r=g\",\"url\":\"https:\\\/\\\/secure.gravatar.com\\\/avatar\\\/729bea6ff4604c624417803c477363be8e3c7186deaa65713313f9b4b820f41c?s=96&d=mm&r=g\",\"contentUrl\":\"https:\\\/\\\/secure.gravatar.com\\\/avatar\\\/729bea6ff4604c624417803c477363be8e3c7186deaa65713313f9b4b820f41c?s=96&d=mm&r=g\",\"caption\":\"Jo\u00ebl Diawa\"},\"sameAs\":[\"https:\\\/\\\/www.infos-droitshumains.net\"],\"url\":\"https:\\\/\\\/infos-droitshumains.net\\\/?author=2\"}]}<\/script>\n<!-- \/ Yoast SEO plugin. -->","yoast_head_json":{"title":"Assembl\u00e9e G\u00e9n\u00e9rale Ordinaire de l\u2019UNCC\u00a0: La prise en charge m\u00e9dicale des op\u00e9rateurs de prise de vue et leurs d\u00e9pendants en passe d'\u00eatre formalis\u00e9e - Infos Droits Humains","robots":{"index":"index","follow":"follow","max-snippet":"max-snippet:-1","max-image-preview":"max-image-preview:large","max-video-preview":"max-video-preview:-1"},"canonical":"https:\/\/infos-droitshumains.net\/?p=15368","og_locale":"fr_FR","og_type":"article","og_title":"Assembl\u00e9e G\u00e9n\u00e9rale Ordinaire de l\u2019UNCC\u00a0: La prise en charge m\u00e9dicale des op\u00e9rateurs de prise de vue et leurs d\u00e9pendants en passe d'\u00eatre formalis\u00e9e - Infos Droits Humains","og_description":"R\u00e9daction: +243 817 406 088 Plus de 150 op\u00e9rateurs de prise de vue ont r\u00e9pondu...","og_url":"https:\/\/infos-droitshumains.net\/?p=15368","og_site_name":"Infos Droits Humains","article_published_time":"2025-07-02T10:14:36+00:00","article_modified_time":"2025-07-02T10:30:58+00:00","og_image":[{"width":1080,"height":720,"url":"https:\/\/infos-droitshumains.net\/wp-content\/uploads\/2025\/07\/IMG-20250702-WA0005.jpg","type":"image\/jpeg"}],"author":"Jo\u00ebl Diawa","twitter_card":"summary_large_image","twitter_misc":{"\u00c9crit par":"Jo\u00ebl Diawa","Dur\u00e9e de lecture estim\u00e9e":"5 minutes"},"schema":{"@context":"https:\/\/schema.org","@graph":[{"@type":"Article","@id":"https:\/\/infos-droitshumains.net\/?p=15368#article","isPartOf":{"@id":"https:\/\/infos-droitshumains.net\/?p=15368"},"author":{"name":"Jo\u00ebl Diawa","@id":"https:\/\/infos-droitshumains.net\/#\/schema\/person\/3dc5e921c3302172e0ed4362f96faab7"},"headline":"Assembl\u00e9e G\u00e9n\u00e9rale Ordinaire de l\u2019UNCC\u00a0: La prise en charge m\u00e9dicale des op\u00e9rateurs de prise de vue et leurs d\u00e9pendants en passe d&rsquo;\u00eatre formalis\u00e9e","datePublished":"2025-07-02T10:14:36+00:00","dateModified":"2025-07-02T10:30:58+00:00","mainEntityOfPage":{"@id":"https:\/\/infos-droitshumains.net\/?p=15368"},"wordCount":544,"commentCount":0,"publisher":{"@id":"https:\/\/infos-droitshumains.net\/#organization"},"image":{"@id":"https:\/\/infos-droitshumains.net\/?p=15368#primaryimage"},"thumbnailUrl":"https:\/\/i0.wp.com\/infos-droitshumains.net\/wp-content\/uploads\/2025\/07\/IMG-20250702-WA0005.jpg?fit=1080%2C720&ssl=1","articleSection":["Soci\u00e9t\u00e9"],"inLanguage":"fr-FR","potentialAction":[{"@type":"CommentAction","name":"Comment","target":["https:\/\/infos-droitshumains.net\/?p=15368#respond"]}]},{"@type":"WebPage","@id":"https:\/\/infos-droitshumains.net\/?p=15368","url":"https:\/\/infos-droitshumains.net\/?p=15368","name":"Assembl\u00e9e G\u00e9n\u00e9rale Ordinaire de l\u2019UNCC\u00a0: La prise en charge m\u00e9dicale des op\u00e9rateurs de prise de vue et leurs d\u00e9pendants en passe d'\u00eatre formalis\u00e9e - Infos Droits Humains","isPartOf":{"@id":"https:\/\/infos-droitshumains.net\/#website"},"primaryImageOfPage":{"@id":"https:\/\/infos-droitshumains.net\/?p=15368#primaryimage"},"image":{"@id":"https:\/\/infos-droitshumains.net\/?p=15368#primaryimage"},"thumbnailUrl":"https:\/\/i0.wp.com\/infos-droitshumains.net\/wp-content\/uploads\/2025\/07\/IMG-20250702-WA0005.jpg?fit=1080%2C720&ssl=1","datePublished":"2025-07-02T10:14:36+00:00","dateModified":"2025-07-02T10:30:58+00:00","breadcrumb":{"@id":"https:\/\/infos-droitshumains.net\/?p=15368#breadcrumb"},"inLanguage":"fr-FR","potentialAction":[{"@type":"ReadAction","target":["https:\/\/infos-droitshumains.net\/?p=15368"]}]},{"@type":"ImageObject","inLanguage":"fr-FR","@id":"https:\/\/infos-droitshumains.net\/?p=15368#primaryimage","url":"https:\/\/i0.wp.com\/infos-droitshumains.net\/wp-content\/uploads\/2025\/07\/IMG-20250702-WA0005.jpg?fit=1080%2C720&ssl=1","contentUrl":"https:\/\/i0.wp.com\/infos-droitshumains.net\/wp-content\/uploads\/2025\/07\/IMG-20250702-WA0005.jpg?fit=1080%2C720&ssl=1","width":1080,"height":720},{"@type":"BreadcrumbList","@id":"https:\/\/infos-droitshumains.net\/?p=15368#breadcrumb","itemListElement":[{"@type":"ListItem","position":1,"name":"Accueil","item":"https:\/\/infos-droitshumains.net\/"},{"@type":"ListItem","position":2,"name":"Assembl\u00e9e G\u00e9n\u00e9rale Ordinaire de l\u2019UNCC\u00a0: La prise en charge m\u00e9dicale des op\u00e9rateurs de prise de vue et leurs d\u00e9pendants en passe d&rsquo;\u00eatre formalis\u00e9e"}]},{"@type":"WebSite","@id":"https:\/\/infos-droitshumains.net\/#website","url":"https:\/\/infos-droitshumains.net\/","name":"Infos Droits Humains","description":"S&#039;informer est un droit","publisher":{"@id":"https:\/\/infos-droitshumains.net\/#organization"},"potentialAction":[{"@type":"SearchAction","target":{"@type":"EntryPoint","urlTemplate":"https:\/\/infos-droitshumains.net\/?s={search_term_string}"},"query-input":{"@type":"PropertyValueSpecification","valueRequired":true,"valueName":"search_term_string"}}],"inLanguage":"fr-FR"},{"@type":"Organization","@id":"https:\/\/infos-droitshumains.net\/#organization","name":"Infos Droits Humains","url":"https:\/\/infos-droitshumains.net\/","logo":{"@type":"ImageObject","inLanguage":"fr-FR","@id":"https:\/\/infos-droitshumains.net\/#\/schema\/logo\/image\/","url":"https:\/\/i0.wp.com\/infos-droitshumains.net\/wp-content\/uploads\/2022\/05\/Logo.png?fit=333%2C129&ssl=1","contentUrl":"https:\/\/i0.wp.com\/infos-droitshumains.net\/wp-content\/uploads\/2022\/05\/Logo.png?fit=333%2C129&ssl=1","width":333,"height":129,"caption":"Infos Droits Humains"},"image":{"@id":"https:\/\/infos-droitshumains.net\/#\/schema\/logo\/image\/"}},{"@type":"Person","@id":"https:\/\/infos-droitshumains.net\/#\/schema\/person\/3dc5e921c3302172e0ed4362f96faab7","name":"Jo\u00ebl Diawa","image":{"@type":"ImageObject","inLanguage":"fr-FR","@id":"https:\/\/secure.gravatar.com\/avatar\/729bea6ff4604c624417803c477363be8e3c7186deaa65713313f9b4b820f41c?s=96&d=mm&r=g","url":"https:\/\/secure.gravatar.com\/avatar\/729bea6ff4604c624417803c477363be8e3c7186deaa65713313f9b4b820f41c?s=96&d=mm&r=g","contentUrl":"https:\/\/secure.gravatar.com\/avatar\/729bea6ff4604c624417803c477363be8e3c7186deaa65713313f9b4b820f41c?s=96&d=mm&r=g","caption":"Jo\u00ebl Diawa"},"sameAs":["https:\/\/www.infos-droitshumains.net"],"url":"https:\/\/infos-droitshumains.net\/?author=2"}]}},"featured_image_urls":{"full":["https:\/\/i0.wp.com\/infos-droitshumains.net\/wp-content\/uploads\/2025\/07\/IMG-20250702-WA0005.jpg?fit=1080%2C720&ssl=1",1080,720,false],"thumbnail":["https:\/\/i0.wp.com\/infos-droitshumains.net\/wp-content\/uploads\/2025\/07\/IMG-20250702-WA0005.jpg?resize=150%2C150&ssl=1",150,150,true],"medium":["https:\/\/i0.wp.com\/infos-droitshumains.net\/wp-content\/uploads\/2025\/07\/IMG-20250702-WA0005.jpg?fit=300%2C200&ssl=1",300,200,true],"medium_large":["https:\/\/i0.wp.com\/infos-droitshumains.net\/wp-content\/uploads\/2025\/07\/IMG-20250702-WA0005.jpg?fit=640%2C427&ssl=1",640,427,true],"large":["https:\/\/i0.wp.com\/infos-droitshumains.net\/wp-content\/uploads\/2025\/07\/IMG-20250702-WA0005.jpg?fit=640%2C427&ssl=1",640,427,true],"1536x1536":["https:\/\/i0.wp.com\/infos-droitshumains.net\/wp-content\/uploads\/2025\/07\/IMG-20250702-WA0005.jpg?fit=1080%2C720&ssl=1",1080,720,true],"2048x2048":["https:\/\/i0.wp.com\/infos-droitshumains.net\/wp-content\/uploads\/2025\/07\/IMG-20250702-WA0005.jpg?fit=1080%2C720&ssl=1",1080,720,true],"covernews-slider-full":["https:\/\/i0.wp.com\/infos-droitshumains.net\/wp-content\/uploads\/2025\/07\/IMG-20250702-WA0005.jpg?resize=1080%2C715&ssl=1",1080,715,true],"covernews-slider-center":["https:\/\/i0.wp.com\/infos-droitshumains.net\/wp-content\/uploads\/2025\/07\/IMG-20250702-WA0005.jpg?resize=800%2C500&ssl=1",800,500,true],"covernews-featured":["https:\/\/i0.wp.com\/infos-droitshumains.net\/wp-content\/uploads\/2025\/07\/IMG-20250702-WA0005.jpg?fit=1024%2C683&ssl=1",1024,683,true],"covernews-medium":["https:\/\/i0.wp.com\/infos-droitshumains.net\/wp-content\/uploads\/2025\/07\/IMG-20250702-WA0005.jpg?resize=540%2C340&ssl=1",540,340,true],"covernews-medium-square":["https:\/\/i0.wp.com\/infos-droitshumains.net\/wp-content\/uploads\/2025\/07\/IMG-20250702-WA0005.jpg?resize=400%2C250&ssl=1",400,250,true]},"author_info":{"display_name":"Jo\u00ebl Diawa","author_link":"https:\/\/infos-droitshumains.net\/?author=2"},"category_info":"<a href=\"https:\/\/infos-droitshumains.net\/?cat=8\" rel=\"category\">Soci\u00e9t\u00e9<\/a>","tag_info":"Soci\u00e9t\u00e9","comment_count":"0","jetpack_featured_media_url":"https:\/\/i0.wp.com\/infos-droitshumains.net\/wp-content\/uploads\/2025\/07\/IMG-20250702-WA0005.jpg?fit=1080%2C720&ssl=1","jetpack-related-posts":[],"jetpack_sharing_enabled":true,"_links":{"self":[{"href":"https:\/\/infos-droitshumains.net\/index.php?rest_route=\/wp\/v2\/posts\/15368","targetHints":{"allow":["GET"]}}],"collection":[{"href":"https:\/\/infos-droitshumains.net\/index.php?rest_route=\/wp\/v2\/posts"}],"about":[{"href":"https:\/\/infos-droitshumains.net\/index.php?rest_route=\/wp\/v2\/types\/post"}],"author":[{"embeddable":true,"href":"https:\/\/infos-droitshumains.net\/index.php?rest_route=\/wp\/v2\/users\/2"}],"replies":[{"embeddable":true,"href":"https:\/\/infos-droitshumains.net\/index.php?rest_route=%2Fwp%2Fv2%2Fcomments&post=15368"}],"version-history":[{"count":11,"href":"https:\/\/infos-droitshumains.net\/index.php?rest_route=\/wp\/v2\/posts\/15368\/revisions"}],"predecessor-version":[{"id":15429,"href":"https:\/\/infos-droitshumains.net\/index.php?rest_route=\/wp\/v2\/posts\/15368\/revisions\/15429"}],"wp:featuredmedia":[{"embeddable":true,"href":"https:\/\/infos-droitshumains.net\/index.php?rest_route=\/wp\/v2\/media\/15356"}],"wp:attachment":[{"href":"https:\/\/infos-droitshumains.net\/index.php?rest_route=%2Fwp%2Fv2%2Fmedia&parent=15368"}],"wp:term":[{"taxonomy":"category","embeddable":true,"href":"https:\/\/infos-droitshumains.net\/index.php?rest_route=%2Fwp%2Fv2%2Fcategories&post=15368"},{"taxonomy":"post_tag","embeddable":true,"href":"https:\/\/infos-droitshumains.net\/index.php?rest_route=%2Fwp%2Fv2%2Ftags&post=15368"}],"curies":[{"name":"wp","href":"https:\/\/api.w.org\/{rel}","templated":true}]}}