{"id":15153,"date":"2025-06-24T19:36:10","date_gmt":"2025-06-24T17:36:10","guid":{"rendered":"https:\/\/infos-droitshumains.net\/?p=15153"},"modified":"2025-06-24T19:37:45","modified_gmt":"2025-06-24T17:37:45","slug":"affaire-12-millions-de-canadiens-destines-aux-enfants-vulnerables-les-ong-saisissent-le-bailleur-des-fonds-lambassade-du-canada-en-rdc","status":"publish","type":"post","link":"https:\/\/infos-droitshumains.net\/?p=15153","title":{"rendered":"Affaire\u00a0 12 Millions de $ canadiens destin\u00e9s aux enfants vuln\u00e9rables\u00a0: Les ONG saisissent le bailleur des fonds, l&rsquo;ambassade du Canada en RDC"},"content":{"rendered":"\n<p><strong>R\u00e9daction: +243 817 406 088<\/strong><\/p>\n\n\n\n<h3 class=\"wp-block-heading has-vivid-red-color has-text-color has-link-color wp-elements-21d1ca0b755becd0607367d4cb5a9ac6\">C&rsquo;est une d\u00e9termination qui est loin de s&rsquo;arr\u00eater pour les ONG impliqu\u00e9es dans la protection de l&rsquo;enfance en RDC. Dans les locaux de l&rsquo;ambassade du Canada ce mardi 24 juin 2025, elles ont d\u00e9pos\u00e9 un m\u00e9mo dans lequel elles exigent&nbsp; la clarification dans l&rsquo;affectation de 12 Millions de dollars canadiens&nbsp; obtenus du bailleur, et&nbsp; initialement destin\u00e9s aux enfants vuln\u00e9rables selon leur affirmation&nbsp;; fonds dont la gestion est assur\u00e9e par l&rsquo;UNICEF.<\/h3>\n\n\n\n<p>Pour ces structures qui \u0153uvrent au quotidien aux c\u00f4t\u00e9s des enfants en situation difficile, l&rsquo;heure n&rsquo;est point aux s\u00e9ances de formations de renforcement des capacit\u00e9s des agents et cadres du minist\u00e8re des affaires sociales, actions humanitaires et solidarit\u00e9 nationale mais plut\u00f4t, \u00e0 l&rsquo;affectation r\u00e9elle de ce pourquoi ces fonds ont \u00e9t\u00e9 allou\u00e9s partant du plaidoyer fait par les ONG en f\u00e9vrier 2023 aupr\u00e8s de l&rsquo;ambassade du Canada.<\/p>\n\n\n\n<p>Fanny Kamweni, quelqu&rsquo;un Mbanza et autres d\u00e9fenseurs qualifient cette d\u00e9saffectation des fonds d\u2019une tentative de d\u00e9tournement alors que destin\u00e9s aux enfants vuln\u00e9rables. Ils invitent plut\u00f4t l&rsquo;UNICEF qui g\u00e8re lesdits fonds \u00e0 privil\u00e9gier la construction des centres socio-professionnels, la construction des homes pour enfants vuln\u00e9rables et la prise en charge des enfants dits de la rue non structurels.<\/p>\n\n\n\n<p>S&rsquo;inscrivant dans la m\u00eame logique de d\u00e9nonciation, Maguy Watshinyi, ancienne de la&nbsp; rue affirme avoir \u00e9t\u00e9 pr\u00e9sente lors du plaidoyer de 2023 et du pourquoi de cette d\u00e9marche :<\/p>\n\n\n\n<p><em>\u00ab&nbsp;Nous avons pris part \u00e0 cette r\u00e9union \u00e0 l&rsquo;ambassade du Canada et f\u00e9vrier 2023. Nous avons pr\u00e9sent\u00e9 notre plaidoyer. Nous avons plaid\u00e9 aupr\u00e8s du bailleur pour un financement devant permettre aux enfants dit de la rue d&rsquo;avoir des formations, de se retrouver dans des centres de formation pour leur permettre d&rsquo;\u00eatre utiles \u00e0 la soci\u00e9t\u00e9. Le plaidoyer avait aussi port\u00e9 sur la cr\u00e9ation d&#8217;emplois des vuln\u00e9rables pour&nbsp; lutter contre la r\u00e9cidive qui pousse plus d&rsquo;un \u00e0 revenir dans la rue et s&rsquo;adonner aux antivaleurs de tout genre. Lors de cette r\u00e9union, nous n&rsquo;avions pas mis l&rsquo;accent sur la formation des agents mais plut\u00f4t sur la prise en charge des enfants vuln\u00e9rables&nbsp;\u00bb<\/em>, a-t-elle affirm\u00e9.<\/p>\n\n\n\n<p>Accompagn\u00e9es d&rsquo;un \u00e9chantillon d&rsquo;enfants qu&rsquo;elles g\u00e8rent au quotidien dans leurs centres d&rsquo;h\u00e9bergement et ceux se trouvant dans les rues, EVAPEV, \u00e9vangile actif aupr\u00e8s des enfants vuln\u00e9rables et l&rsquo;ONG Fraternit\u00e9 anciens et jeunes de la rue promettent de saisir le conseiller du chef de l&rsquo;\u00c9tat en mati\u00e8re des enfants faisant office coordonnateur&nbsp; du conseil national de l&rsquo;enfant.<\/p>\n\n\n\n<p>Chantal Kabasua<\/p>\n","protected":false},"excerpt":{"rendered":"<p>R\u00e9daction: +243 817 406 088 C&rsquo;est une d\u00e9termination qui est loin de s&rsquo;arr\u00eater pour les&#8230;<\/p>\n","protected":false},"author":2,"featured_media":15156,"comment_status":"open","ping_status":"open","sticky":false,"template":"","format":"standard","meta":{"_jetpack_memberships_contains_paid_content":false,"footnotes":""},"categories":[8],"tags":[],"class_list":["post-15153","post","type-post","status-publish","format-standard","has-post-thumbnail","hentry","category-societe"],"yoast_head":"<!-- This site is optimized with the Yoast SEO plugin v27.5 - https:\/\/yoast.com\/product\/yoast-seo-wordpress\/ -->\n<title>Affaire\u00a0 12 Millions de $ canadiens destin\u00e9s aux enfants vuln\u00e9rables\u00a0: Les ONG saisissent le bailleur des fonds, l&#039;ambassade du Canada en RDC - Infos Droits Humains<\/title>\n<meta name=\"robots\" content=\"index, follow, max-snippet:-1, max-image-preview:large, max-video-preview:-1\" \/>\n<link rel=\"canonical\" href=\"https:\/\/infos-droitshumains.net\/?p=15153\" \/>\n<meta property=\"og:locale\" content=\"fr_FR\" \/>\n<meta property=\"og:type\" content=\"article\" \/>\n<meta property=\"og:title\" content=\"Affaire\u00a0 12 Millions de $ canadiens destin\u00e9s aux enfants vuln\u00e9rables\u00a0: Les ONG saisissent le bailleur des fonds, l&#039;ambassade du Canada en RDC - Infos Droits Humains\" \/>\n<meta property=\"og:description\" content=\"R\u00e9daction: +243 817 406 088 C&rsquo;est une d\u00e9termination qui est loin de s&rsquo;arr\u00eater pour les...\" \/>\n<meta property=\"og:url\" content=\"https:\/\/infos-droitshumains.net\/?p=15153\" \/>\n<meta property=\"og:site_name\" content=\"Infos Droits Humains\" \/>\n<meta property=\"article:published_time\" content=\"2025-06-24T17:36:10+00:00\" \/>\n<meta property=\"article:modified_time\" content=\"2025-06-24T17:37:45+00:00\" \/>\n<meta property=\"og:image\" content=\"https:\/\/infos-droitshumains.net\/wp-content\/uploads\/2025\/06\/IMG-20250624-WA0029.jpg\" \/>\n\t<meta property=\"og:image:width\" content=\"2560\" \/>\n\t<meta property=\"og:image:height\" content=\"1920\" \/>\n\t<meta property=\"og:image:type\" content=\"image\/jpeg\" \/>\n<meta name=\"author\" content=\"Jo\u00ebl Diawa\" \/>\n<meta name=\"twitter:card\" content=\"summary_large_image\" \/>\n<meta name=\"twitter:label1\" content=\"\u00c9crit par\" \/>\n\t<meta name=\"twitter:data1\" content=\"Jo\u00ebl Diawa\" \/>\n\t<meta name=\"twitter:label2\" content=\"Dur\u00e9e de lecture estim\u00e9e\" \/>\n\t<meta name=\"twitter:data2\" content=\"3 minutes\" \/>\n<script type=\"application\/ld+json\" class=\"yoast-schema-graph\">{\"@context\":\"https:\\\/\\\/schema.org\",\"@graph\":[{\"@type\":\"Article\",\"@id\":\"https:\\\/\\\/infos-droitshumains.net\\\/?p=15153#article\",\"isPartOf\":{\"@id\":\"https:\\\/\\\/infos-droitshumains.net\\\/?p=15153\"},\"author\":{\"name\":\"Jo\u00ebl Diawa\",\"@id\":\"https:\\\/\\\/infos-droitshumains.net\\\/#\\\/schema\\\/person\\\/3dc5e921c3302172e0ed4362f96faab7\"},\"headline\":\"Affaire\u00a0 12 Millions de $ canadiens destin\u00e9s aux enfants vuln\u00e9rables\u00a0: Les ONG saisissent le bailleur des fonds, l&rsquo;ambassade du Canada en RDC\",\"datePublished\":\"2025-06-24T17:36:10+00:00\",\"dateModified\":\"2025-06-24T17:37:45+00:00\",\"mainEntityOfPage\":{\"@id\":\"https:\\\/\\\/infos-droitshumains.net\\\/?p=15153\"},\"wordCount\":465,\"commentCount\":0,\"publisher\":{\"@id\":\"https:\\\/\\\/infos-droitshumains.net\\\/#organization\"},\"image\":{\"@id\":\"https:\\\/\\\/infos-droitshumains.net\\\/?p=15153#primaryimage\"},\"thumbnailUrl\":\"https:\\\/\\\/i0.wp.com\\\/infos-droitshumains.net\\\/wp-content\\\/uploads\\\/2025\\\/06\\\/IMG-20250624-WA0029.jpg?fit=2560%2C1920&ssl=1\",\"articleSection\":[\"Soci\u00e9t\u00e9\"],\"inLanguage\":\"fr-FR\",\"potentialAction\":[{\"@type\":\"CommentAction\",\"name\":\"Comment\",\"target\":[\"https:\\\/\\\/infos-droitshumains.net\\\/?p=15153#respond\"]}]},{\"@type\":\"WebPage\",\"@id\":\"https:\\\/\\\/infos-droitshumains.net\\\/?p=15153\",\"url\":\"https:\\\/\\\/infos-droitshumains.net\\\/?p=15153\",\"name\":\"Affaire\u00a0 12 Millions de $ canadiens destin\u00e9s aux enfants vuln\u00e9rables\u00a0: Les ONG saisissent le bailleur des fonds, l'ambassade du Canada en RDC - Infos Droits Humains\",\"isPartOf\":{\"@id\":\"https:\\\/\\\/infos-droitshumains.net\\\/#website\"},\"primaryImageOfPage\":{\"@id\":\"https:\\\/\\\/infos-droitshumains.net\\\/?p=15153#primaryimage\"},\"image\":{\"@id\":\"https:\\\/\\\/infos-droitshumains.net\\\/?p=15153#primaryimage\"},\"thumbnailUrl\":\"https:\\\/\\\/i0.wp.com\\\/infos-droitshumains.net\\\/wp-content\\\/uploads\\\/2025\\\/06\\\/IMG-20250624-WA0029.jpg?fit=2560%2C1920&ssl=1\",\"datePublished\":\"2025-06-24T17:36:10+00:00\",\"dateModified\":\"2025-06-24T17:37:45+00:00\",\"breadcrumb\":{\"@id\":\"https:\\\/\\\/infos-droitshumains.net\\\/?p=15153#breadcrumb\"},\"inLanguage\":\"fr-FR\",\"potentialAction\":[{\"@type\":\"ReadAction\",\"target\":[\"https:\\\/\\\/infos-droitshumains.net\\\/?p=15153\"]}]},{\"@type\":\"ImageObject\",\"inLanguage\":\"fr-FR\",\"@id\":\"https:\\\/\\\/infos-droitshumains.net\\\/?p=15153#primaryimage\",\"url\":\"https:\\\/\\\/i0.wp.com\\\/infos-droitshumains.net\\\/wp-content\\\/uploads\\\/2025\\\/06\\\/IMG-20250624-WA0029.jpg?fit=2560%2C1920&ssl=1\",\"contentUrl\":\"https:\\\/\\\/i0.wp.com\\\/infos-droitshumains.net\\\/wp-content\\\/uploads\\\/2025\\\/06\\\/IMG-20250624-WA0029.jpg?fit=2560%2C1920&ssl=1\",\"width\":2560,\"height\":1920},{\"@type\":\"BreadcrumbList\",\"@id\":\"https:\\\/\\\/infos-droitshumains.net\\\/?p=15153#breadcrumb\",\"itemListElement\":[{\"@type\":\"ListItem\",\"position\":1,\"name\":\"Accueil\",\"item\":\"https:\\\/\\\/infos-droitshumains.net\\\/\"},{\"@type\":\"ListItem\",\"position\":2,\"name\":\"Affaire\u00a0 12 Millions de $ canadiens destin\u00e9s aux enfants vuln\u00e9rables\u00a0: Les ONG saisissent le bailleur des fonds, l&rsquo;ambassade du Canada en RDC\"}]},{\"@type\":\"WebSite\",\"@id\":\"https:\\\/\\\/infos-droitshumains.net\\\/#website\",\"url\":\"https:\\\/\\\/infos-droitshumains.net\\\/\",\"name\":\"Infos Droits Humains\",\"description\":\"S&#039;informer est un droit\",\"publisher\":{\"@id\":\"https:\\\/\\\/infos-droitshumains.net\\\/#organization\"},\"potentialAction\":[{\"@type\":\"SearchAction\",\"target\":{\"@type\":\"EntryPoint\",\"urlTemplate\":\"https:\\\/\\\/infos-droitshumains.net\\\/?s={search_term_string}\"},\"query-input\":{\"@type\":\"PropertyValueSpecification\",\"valueRequired\":true,\"valueName\":\"search_term_string\"}}],\"inLanguage\":\"fr-FR\"},{\"@type\":\"Organization\",\"@id\":\"https:\\\/\\\/infos-droitshumains.net\\\/#organization\",\"name\":\"Infos Droits Humains\",\"url\":\"https:\\\/\\\/infos-droitshumains.net\\\/\",\"logo\":{\"@type\":\"ImageObject\",\"inLanguage\":\"fr-FR\",\"@id\":\"https:\\\/\\\/infos-droitshumains.net\\\/#\\\/schema\\\/logo\\\/image\\\/\",\"url\":\"https:\\\/\\\/i0.wp.com\\\/infos-droitshumains.net\\\/wp-content\\\/uploads\\\/2022\\\/05\\\/Logo.png?fit=333%2C129&ssl=1\",\"contentUrl\":\"https:\\\/\\\/i0.wp.com\\\/infos-droitshumains.net\\\/wp-content\\\/uploads\\\/2022\\\/05\\\/Logo.png?fit=333%2C129&ssl=1\",\"width\":333,\"height\":129,\"caption\":\"Infos Droits Humains\"},\"image\":{\"@id\":\"https:\\\/\\\/infos-droitshumains.net\\\/#\\\/schema\\\/logo\\\/image\\\/\"}},{\"@type\":\"Person\",\"@id\":\"https:\\\/\\\/infos-droitshumains.net\\\/#\\\/schema\\\/person\\\/3dc5e921c3302172e0ed4362f96faab7\",\"name\":\"Jo\u00ebl Diawa\",\"image\":{\"@type\":\"ImageObject\",\"inLanguage\":\"fr-FR\",\"@id\":\"https:\\\/\\\/secure.gravatar.com\\\/avatar\\\/729bea6ff4604c624417803c477363be8e3c7186deaa65713313f9b4b820f41c?s=96&d=mm&r=g\",\"url\":\"https:\\\/\\\/secure.gravatar.com\\\/avatar\\\/729bea6ff4604c624417803c477363be8e3c7186deaa65713313f9b4b820f41c?s=96&d=mm&r=g\",\"contentUrl\":\"https:\\\/\\\/secure.gravatar.com\\\/avatar\\\/729bea6ff4604c624417803c477363be8e3c7186deaa65713313f9b4b820f41c?s=96&d=mm&r=g\",\"caption\":\"Jo\u00ebl Diawa\"},\"sameAs\":[\"https:\\\/\\\/www.infos-droitshumains.net\"],\"url\":\"https:\\\/\\\/infos-droitshumains.net\\\/?author=2\"}]}<\/script>\n<!-- \/ Yoast SEO plugin. -->","yoast_head_json":{"title":"Affaire\u00a0 12 Millions de $ canadiens destin\u00e9s aux enfants vuln\u00e9rables\u00a0: Les ONG saisissent le bailleur des fonds, l'ambassade du Canada en RDC - Infos Droits Humains","robots":{"index":"index","follow":"follow","max-snippet":"max-snippet:-1","max-image-preview":"max-image-preview:large","max-video-preview":"max-video-preview:-1"},"canonical":"https:\/\/infos-droitshumains.net\/?p=15153","og_locale":"fr_FR","og_type":"article","og_title":"Affaire\u00a0 12 Millions de $ canadiens destin\u00e9s aux enfants vuln\u00e9rables\u00a0: Les ONG saisissent le bailleur des fonds, l'ambassade du Canada en RDC - Infos Droits Humains","og_description":"R\u00e9daction: +243 817 406 088 C&rsquo;est une d\u00e9termination qui est loin de s&rsquo;arr\u00eater pour les...","og_url":"https:\/\/infos-droitshumains.net\/?p=15153","og_site_name":"Infos Droits Humains","article_published_time":"2025-06-24T17:36:10+00:00","article_modified_time":"2025-06-24T17:37:45+00:00","og_image":[{"width":2560,"height":1920,"url":"https:\/\/infos-droitshumains.net\/wp-content\/uploads\/2025\/06\/IMG-20250624-WA0029.jpg","type":"image\/jpeg"}],"author":"Jo\u00ebl Diawa","twitter_card":"summary_large_image","twitter_misc":{"\u00c9crit par":"Jo\u00ebl Diawa","Dur\u00e9e de lecture estim\u00e9e":"3 minutes"},"schema":{"@context":"https:\/\/schema.org","@graph":[{"@type":"Article","@id":"https:\/\/infos-droitshumains.net\/?p=15153#article","isPartOf":{"@id":"https:\/\/infos-droitshumains.net\/?p=15153"},"author":{"name":"Jo\u00ebl Diawa","@id":"https:\/\/infos-droitshumains.net\/#\/schema\/person\/3dc5e921c3302172e0ed4362f96faab7"},"headline":"Affaire\u00a0 12 Millions de $ canadiens destin\u00e9s aux enfants vuln\u00e9rables\u00a0: Les ONG saisissent le bailleur des fonds, l&rsquo;ambassade du Canada en RDC","datePublished":"2025-06-24T17:36:10+00:00","dateModified":"2025-06-24T17:37:45+00:00","mainEntityOfPage":{"@id":"https:\/\/infos-droitshumains.net\/?p=15153"},"wordCount":465,"commentCount":0,"publisher":{"@id":"https:\/\/infos-droitshumains.net\/#organization"},"image":{"@id":"https:\/\/infos-droitshumains.net\/?p=15153#primaryimage"},"thumbnailUrl":"https:\/\/i0.wp.com\/infos-droitshumains.net\/wp-content\/uploads\/2025\/06\/IMG-20250624-WA0029.jpg?fit=2560%2C1920&ssl=1","articleSection":["Soci\u00e9t\u00e9"],"inLanguage":"fr-FR","potentialAction":[{"@type":"CommentAction","name":"Comment","target":["https:\/\/infos-droitshumains.net\/?p=15153#respond"]}]},{"@type":"WebPage","@id":"https:\/\/infos-droitshumains.net\/?p=15153","url":"https:\/\/infos-droitshumains.net\/?p=15153","name":"Affaire\u00a0 12 Millions de $ canadiens destin\u00e9s aux enfants vuln\u00e9rables\u00a0: Les ONG saisissent le bailleur des fonds, l'ambassade du Canada en RDC - Infos Droits Humains","isPartOf":{"@id":"https:\/\/infos-droitshumains.net\/#website"},"primaryImageOfPage":{"@id":"https:\/\/infos-droitshumains.net\/?p=15153#primaryimage"},"image":{"@id":"https:\/\/infos-droitshumains.net\/?p=15153#primaryimage"},"thumbnailUrl":"https:\/\/i0.wp.com\/infos-droitshumains.net\/wp-content\/uploads\/2025\/06\/IMG-20250624-WA0029.jpg?fit=2560%2C1920&ssl=1","datePublished":"2025-06-24T17:36:10+00:00","dateModified":"2025-06-24T17:37:45+00:00","breadcrumb":{"@id":"https:\/\/infos-droitshumains.net\/?p=15153#breadcrumb"},"inLanguage":"fr-FR","potentialAction":[{"@type":"ReadAction","target":["https:\/\/infos-droitshumains.net\/?p=15153"]}]},{"@type":"ImageObject","inLanguage":"fr-FR","@id":"https:\/\/infos-droitshumains.net\/?p=15153#primaryimage","url":"https:\/\/i0.wp.com\/infos-droitshumains.net\/wp-content\/uploads\/2025\/06\/IMG-20250624-WA0029.jpg?fit=2560%2C1920&ssl=1","contentUrl":"https:\/\/i0.wp.com\/infos-droitshumains.net\/wp-content\/uploads\/2025\/06\/IMG-20250624-WA0029.jpg?fit=2560%2C1920&ssl=1","width":2560,"height":1920},{"@type":"BreadcrumbList","@id":"https:\/\/infos-droitshumains.net\/?p=15153#breadcrumb","itemListElement":[{"@type":"ListItem","position":1,"name":"Accueil","item":"https:\/\/infos-droitshumains.net\/"},{"@type":"ListItem","position":2,"name":"Affaire\u00a0 12 Millions de $ canadiens destin\u00e9s aux enfants vuln\u00e9rables\u00a0: Les ONG saisissent le bailleur des fonds, l&rsquo;ambassade du Canada en RDC"}]},{"@type":"WebSite","@id":"https:\/\/infos-droitshumains.net\/#website","url":"https:\/\/infos-droitshumains.net\/","name":"Infos Droits Humains","description":"S&#039;informer est un droit","publisher":{"@id":"https:\/\/infos-droitshumains.net\/#organization"},"potentialAction":[{"@type":"SearchAction","target":{"@type":"EntryPoint","urlTemplate":"https:\/\/infos-droitshumains.net\/?s={search_term_string}"},"query-input":{"@type":"PropertyValueSpecification","valueRequired":true,"valueName":"search_term_string"}}],"inLanguage":"fr-FR"},{"@type":"Organization","@id":"https:\/\/infos-droitshumains.net\/#organization","name":"Infos Droits Humains","url":"https:\/\/infos-droitshumains.net\/","logo":{"@type":"ImageObject","inLanguage":"fr-FR","@id":"https:\/\/infos-droitshumains.net\/#\/schema\/logo\/image\/","url":"https:\/\/i0.wp.com\/infos-droitshumains.net\/wp-content\/uploads\/2022\/05\/Logo.png?fit=333%2C129&ssl=1","contentUrl":"https:\/\/i0.wp.com\/infos-droitshumains.net\/wp-content\/uploads\/2022\/05\/Logo.png?fit=333%2C129&ssl=1","width":333,"height":129,"caption":"Infos Droits Humains"},"image":{"@id":"https:\/\/infos-droitshumains.net\/#\/schema\/logo\/image\/"}},{"@type":"Person","@id":"https:\/\/infos-droitshumains.net\/#\/schema\/person\/3dc5e921c3302172e0ed4362f96faab7","name":"Jo\u00ebl Diawa","image":{"@type":"ImageObject","inLanguage":"fr-FR","@id":"https:\/\/secure.gravatar.com\/avatar\/729bea6ff4604c624417803c477363be8e3c7186deaa65713313f9b4b820f41c?s=96&d=mm&r=g","url":"https:\/\/secure.gravatar.com\/avatar\/729bea6ff4604c624417803c477363be8e3c7186deaa65713313f9b4b820f41c?s=96&d=mm&r=g","contentUrl":"https:\/\/secure.gravatar.com\/avatar\/729bea6ff4604c624417803c477363be8e3c7186deaa65713313f9b4b820f41c?s=96&d=mm&r=g","caption":"Jo\u00ebl Diawa"},"sameAs":["https:\/\/www.infos-droitshumains.net"],"url":"https:\/\/infos-droitshumains.net\/?author=2"}]}},"featured_image_urls":{"full":["https:\/\/i0.wp.com\/infos-droitshumains.net\/wp-content\/uploads\/2025\/06\/IMG-20250624-WA0029.jpg?fit=2560%2C1920&ssl=1",2560,1920,false],"thumbnail":["https:\/\/i0.wp.com\/infos-droitshumains.net\/wp-content\/uploads\/2025\/06\/IMG-20250624-WA0029.jpg?resize=150%2C150&ssl=1",150,150,true],"medium":["https:\/\/i0.wp.com\/infos-droitshumains.net\/wp-content\/uploads\/2025\/06\/IMG-20250624-WA0029.jpg?fit=300%2C225&ssl=1",300,225,true],"medium_large":["https:\/\/i0.wp.com\/infos-droitshumains.net\/wp-content\/uploads\/2025\/06\/IMG-20250624-WA0029.jpg?fit=640%2C480&ssl=1",640,480,true],"large":["https:\/\/i0.wp.com\/infos-droitshumains.net\/wp-content\/uploads\/2025\/06\/IMG-20250624-WA0029.jpg?fit=640%2C480&ssl=1",640,480,true],"1536x1536":["https:\/\/i0.wp.com\/infos-droitshumains.net\/wp-content\/uploads\/2025\/06\/IMG-20250624-WA0029.jpg?fit=1536%2C1152&ssl=1",1536,1152,true],"2048x2048":["https:\/\/i0.wp.com\/infos-droitshumains.net\/wp-content\/uploads\/2025\/06\/IMG-20250624-WA0029.jpg?fit=2048%2C1536&ssl=1",2048,1536,true],"covernews-slider-full":["https:\/\/i0.wp.com\/infos-droitshumains.net\/wp-content\/uploads\/2025\/06\/IMG-20250624-WA0029.jpg?resize=1115%2C715&ssl=1",1115,715,true],"covernews-slider-center":["https:\/\/i0.wp.com\/infos-droitshumains.net\/wp-content\/uploads\/2025\/06\/IMG-20250624-WA0029.jpg?resize=800%2C500&ssl=1",800,500,true],"covernews-featured":["https:\/\/i0.wp.com\/infos-droitshumains.net\/wp-content\/uploads\/2025\/06\/IMG-20250624-WA0029.jpg?fit=1024%2C768&ssl=1",1024,768,true],"covernews-medium":["https:\/\/i0.wp.com\/infos-droitshumains.net\/wp-content\/uploads\/2025\/06\/IMG-20250624-WA0029.jpg?resize=540%2C340&ssl=1",540,340,true],"covernews-medium-square":["https:\/\/i0.wp.com\/infos-droitshumains.net\/wp-content\/uploads\/2025\/06\/IMG-20250624-WA0029.jpg?resize=400%2C250&ssl=1",400,250,true]},"author_info":{"display_name":"Jo\u00ebl Diawa","author_link":"https:\/\/infos-droitshumains.net\/?author=2"},"category_info":"<a href=\"https:\/\/infos-droitshumains.net\/?cat=8\" rel=\"category\">Soci\u00e9t\u00e9<\/a>","tag_info":"Soci\u00e9t\u00e9","comment_count":"0","jetpack_featured_media_url":"https:\/\/i0.wp.com\/infos-droitshumains.net\/wp-content\/uploads\/2025\/06\/IMG-20250624-WA0029.jpg?fit=2560%2C1920&ssl=1","jetpack-related-posts":[],"jetpack_sharing_enabled":true,"_links":{"self":[{"href":"https:\/\/infos-droitshumains.net\/index.php?rest_route=\/wp\/v2\/posts\/15153","targetHints":{"allow":["GET"]}}],"collection":[{"href":"https:\/\/infos-droitshumains.net\/index.php?rest_route=\/wp\/v2\/posts"}],"about":[{"href":"https:\/\/infos-droitshumains.net\/index.php?rest_route=\/wp\/v2\/types\/post"}],"author":[{"embeddable":true,"href":"https:\/\/infos-droitshumains.net\/index.php?rest_route=\/wp\/v2\/users\/2"}],"replies":[{"embeddable":true,"href":"https:\/\/infos-droitshumains.net\/index.php?rest_route=%2Fwp%2Fv2%2Fcomments&post=15153"}],"version-history":[{"count":2,"href":"https:\/\/infos-droitshumains.net\/index.php?rest_route=\/wp\/v2\/posts\/15153\/revisions"}],"predecessor-version":[{"id":15155,"href":"https:\/\/infos-droitshumains.net\/index.php?rest_route=\/wp\/v2\/posts\/15153\/revisions\/15155"}],"wp:featuredmedia":[{"embeddable":true,"href":"https:\/\/infos-droitshumains.net\/index.php?rest_route=\/wp\/v2\/media\/15156"}],"wp:attachment":[{"href":"https:\/\/infos-droitshumains.net\/index.php?rest_route=%2Fwp%2Fv2%2Fmedia&parent=15153"}],"wp:term":[{"taxonomy":"category","embeddable":true,"href":"https:\/\/infos-droitshumains.net\/index.php?rest_route=%2Fwp%2Fv2%2Fcategories&post=15153"},{"taxonomy":"post_tag","embeddable":true,"href":"https:\/\/infos-droitshumains.net\/index.php?rest_route=%2Fwp%2Fv2%2Ftags&post=15153"}],"curies":[{"name":"wp","href":"https:\/\/api.w.org\/{rel}","templated":true}]}}