{"id":15096,"date":"2025-06-23T07:00:00","date_gmt":"2025-06-23T05:00:00","guid":{"rendered":"https:\/\/infos-droitshumains.net\/?p=15096"},"modified":"2025-06-23T08:20:15","modified_gmt":"2025-06-23T06:20:15","slug":"vad-mecum-de-survie-du-jeune-avocat-me-daniel-ngos-et-me-junior-kapuya-offrent-aux-praticiens-du-droit-un-guide-qui-vient-resoudre-la-problematique-de-la-garde-a-vue","status":"publish","type":"post","link":"https:\/\/infos-droitshumains.net\/?p=15096","title":{"rendered":"Vad-Mecum de survie du jeune avocat\u00a0: Me. Daniel Ngos et Me. Junior Kapuya offrent aux praticiens du droit, un guide qui vient r\u00e9soudre la probl\u00e9matique de la garde \u00e0 vue"},"content":{"rendered":"\n<p><strong>R\u00e9daction: +243 817 406 088<\/strong><\/p>\n\n\n\n<h3 class=\"wp-block-heading has-vivid-red-color has-text-color has-link-color wp-elements-414d67ab042b551f4508cdab108af15a\">C\u2019est un ouvrage qui vient non seulement garnir les rayons des biblioth\u00e8ques, mais surtout, aider les praticiens du droit et autres intervenants \u00e0 orienter leur proc\u00e9dure en cas de garde \u00e0 vue. \u2018<strong><em>\u2019Vade-Mecum de survie du jeune avocat. Intervenant dans le cadre de la garde \u00e0 vue\u2019\u2019<\/em><\/strong> a \u00e9t\u00e9 port\u00e9 sur les fonts baptismaux ce samedi 21 juin 2025 au cours d\u2019une c\u00e9r\u00e9monie haute en couleur.<\/h3>\n\n\n\n<figure class=\"wp-block-image alignfull size-large\"><img data-recalc-dims=\"1\" fetchpriority=\"high\" decoding=\"async\" width=\"640\" height=\"427\" src=\"https:\/\/i0.wp.com\/infos-droitshumains.net\/wp-content\/uploads\/2025\/06\/DSC_8433.jpg?resize=640%2C427&#038;ssl=1\" alt=\"\" class=\"wp-image-15100\" srcset=\"https:\/\/i0.wp.com\/infos-droitshumains.net\/wp-content\/uploads\/2025\/06\/DSC_8433-scaled.jpg?resize=1024%2C683&amp;ssl=1 1024w, https:\/\/i0.wp.com\/infos-droitshumains.net\/wp-content\/uploads\/2025\/06\/DSC_8433-scaled.jpg?resize=300%2C200&amp;ssl=1 300w, https:\/\/i0.wp.com\/infos-droitshumains.net\/wp-content\/uploads\/2025\/06\/DSC_8433-scaled.jpg?resize=768%2C512&amp;ssl=1 768w, https:\/\/i0.wp.com\/infos-droitshumains.net\/wp-content\/uploads\/2025\/06\/DSC_8433-scaled.jpg?resize=1536%2C1024&amp;ssl=1 1536w, https:\/\/i0.wp.com\/infos-droitshumains.net\/wp-content\/uploads\/2025\/06\/DSC_8433-scaled.jpg?resize=2048%2C1365&amp;ssl=1 2048w, https:\/\/i0.wp.com\/infos-droitshumains.net\/wp-content\/uploads\/2025\/06\/DSC_8433-scaled.jpg?w=1280&amp;ssl=1 1280w, https:\/\/i0.wp.com\/infos-droitshumains.net\/wp-content\/uploads\/2025\/06\/DSC_8433-scaled.jpg?w=1920&amp;ssl=1 1920w\" sizes=\"(max-width: 640px) 100vw, 640px\" \/><figcaption class=\"wp-element-caption\">FabriceLEReporter+243895663730<\/figcaption><\/figure>\n\n\n\n<figure class=\"wp-block-image alignfull size-large\"><img data-recalc-dims=\"1\" decoding=\"async\" width=\"640\" height=\"427\" src=\"https:\/\/i0.wp.com\/infos-droitshumains.net\/wp-content\/uploads\/2025\/06\/DSC_8442.jpg?resize=640%2C427&#038;ssl=1\" alt=\"\" class=\"wp-image-15101\" srcset=\"https:\/\/i0.wp.com\/infos-droitshumains.net\/wp-content\/uploads\/2025\/06\/DSC_8442-scaled.jpg?resize=1024%2C683&amp;ssl=1 1024w, https:\/\/i0.wp.com\/infos-droitshumains.net\/wp-content\/uploads\/2025\/06\/DSC_8442-scaled.jpg?resize=300%2C200&amp;ssl=1 300w, https:\/\/i0.wp.com\/infos-droitshumains.net\/wp-content\/uploads\/2025\/06\/DSC_8442-scaled.jpg?resize=768%2C512&amp;ssl=1 768w, https:\/\/i0.wp.com\/infos-droitshumains.net\/wp-content\/uploads\/2025\/06\/DSC_8442-scaled.jpg?resize=1536%2C1024&amp;ssl=1 1536w, https:\/\/i0.wp.com\/infos-droitshumains.net\/wp-content\/uploads\/2025\/06\/DSC_8442-scaled.jpg?resize=2048%2C1365&amp;ssl=1 2048w, https:\/\/i0.wp.com\/infos-droitshumains.net\/wp-content\/uploads\/2025\/06\/DSC_8442-scaled.jpg?w=1280&amp;ssl=1 1280w, https:\/\/i0.wp.com\/infos-droitshumains.net\/wp-content\/uploads\/2025\/06\/DSC_8442-scaled.jpg?w=1920&amp;ssl=1 1920w\" sizes=\"(max-width: 640px) 100vw, 640px\" \/><figcaption class=\"wp-element-caption\">FabriceLEReporter+243895663730<\/figcaption><\/figure>\n\n\n\n<p>L\u2019ouvrage est Co-\u00e9crit par Ma\u00eetre Daniel Blaise Ngos (avocat au Barreau du Cameroun) et Ma\u00eetre Junior Kapuya Meleka (avocat au Barreau de Kinshasa\/Gombe), deux \u00e9minents juristes immerg\u00e9s dans le quotidien du jeune avocat.<\/p>\n\n\n\n<figure class=\"wp-block-image alignfull size-large\"><img data-recalc-dims=\"1\" decoding=\"async\" width=\"640\" height=\"427\" src=\"https:\/\/i0.wp.com\/infos-droitshumains.net\/wp-content\/uploads\/2025\/06\/DSC_8133.jpg?resize=640%2C427&#038;ssl=1\" alt=\"\" class=\"wp-image-15098\" srcset=\"https:\/\/i0.wp.com\/infos-droitshumains.net\/wp-content\/uploads\/2025\/06\/DSC_8133-scaled.jpg?resize=1024%2C683&amp;ssl=1 1024w, https:\/\/i0.wp.com\/infos-droitshumains.net\/wp-content\/uploads\/2025\/06\/DSC_8133-scaled.jpg?resize=300%2C200&amp;ssl=1 300w, https:\/\/i0.wp.com\/infos-droitshumains.net\/wp-content\/uploads\/2025\/06\/DSC_8133-scaled.jpg?resize=768%2C512&amp;ssl=1 768w, https:\/\/i0.wp.com\/infos-droitshumains.net\/wp-content\/uploads\/2025\/06\/DSC_8133-scaled.jpg?resize=1536%2C1024&amp;ssl=1 1536w, https:\/\/i0.wp.com\/infos-droitshumains.net\/wp-content\/uploads\/2025\/06\/DSC_8133-scaled.jpg?resize=2048%2C1365&amp;ssl=1 2048w, https:\/\/i0.wp.com\/infos-droitshumains.net\/wp-content\/uploads\/2025\/06\/DSC_8133-scaled.jpg?w=1280&amp;ssl=1 1280w, https:\/\/i0.wp.com\/infos-droitshumains.net\/wp-content\/uploads\/2025\/06\/DSC_8133-scaled.jpg?w=1920&amp;ssl=1 1920w\" sizes=\"(max-width: 640px) 100vw, 640px\" \/><figcaption class=\"wp-element-caption\">FabriceLEReporter+243895663730<\/figcaption><\/figure>\n\n\n\n<p>Partant de l\u2019exp\u00e9rience v\u00e9cue selon laquelle, les principes sacr\u00e9s de la loi sont mis \u00e0 rude \u00e9preuve par le tumulte du quotidien, les auteurs rappellent dans l\u2019ouvrage, les exigences l\u00e9gales en mati\u00e8re de garde \u00e0 vue&nbsp;:<\/p>\n\n\n\n<p><em>\u00ab\u00a0\u2026C\u2019est un livre qui s\u2019adresse \u00e0 tous acteurs du syst\u00e8me judiciaire de la R\u00e9publique D\u00e9mocratique du Congo. Ces acteurs sont\u00a0: les victimes ou les pr\u00e9venus, les officiers de police judiciaire, les avocats, les familles des personnes interpell\u00e9es, les m\u00e9decins, les interpr\u00e8tes etc\u2026 Mais comme chacun doit d\u2019abord pr\u00eacher dans sa propre chapelle, nous nous adressons d\u2019abord aux avocats. Et comme nous n\u2019avons pas la pr\u00e9tention d\u2019enseigner \u00e0 nos devanciers, humblement, nous nous adressons \u00e0 nos jeunes confr\u00e8res. Nous constatons que ce soit au Cameroun ou en RDC, c\u2019est un sujet qui int\u00e9resse tout le monde, tous les avocats de quelques \u00e2ges\u00a0 qu\u2019ils soient\u00a0\u00bb<\/em>, a indiqu\u00e9 Me. Daniel Blaise Ngos.<\/p>\n\n\n\n<figure class=\"wp-block-image alignfull size-large\"><img data-recalc-dims=\"1\" loading=\"lazy\" decoding=\"async\" width=\"640\" height=\"960\" src=\"https:\/\/i0.wp.com\/infos-droitshumains.net\/wp-content\/uploads\/2025\/06\/DSC_8218.jpg?resize=640%2C960&#038;ssl=1\" alt=\"\" class=\"wp-image-15103\" srcset=\"https:\/\/i0.wp.com\/infos-droitshumains.net\/wp-content\/uploads\/2025\/06\/DSC_8218-scaled.jpg?resize=683%2C1024&amp;ssl=1 683w, https:\/\/i0.wp.com\/infos-droitshumains.net\/wp-content\/uploads\/2025\/06\/DSC_8218-scaled.jpg?resize=200%2C300&amp;ssl=1 200w, https:\/\/i0.wp.com\/infos-droitshumains.net\/wp-content\/uploads\/2025\/06\/DSC_8218-scaled.jpg?resize=768%2C1152&amp;ssl=1 768w, https:\/\/i0.wp.com\/infos-droitshumains.net\/wp-content\/uploads\/2025\/06\/DSC_8218-scaled.jpg?resize=1024%2C1536&amp;ssl=1 1024w, https:\/\/i0.wp.com\/infos-droitshumains.net\/wp-content\/uploads\/2025\/06\/DSC_8218-scaled.jpg?resize=1365%2C2048&amp;ssl=1 1365w, https:\/\/i0.wp.com\/infos-droitshumains.net\/wp-content\/uploads\/2025\/06\/DSC_8218-scaled.jpg?w=1707&amp;ssl=1 1707w, https:\/\/i0.wp.com\/infos-droitshumains.net\/wp-content\/uploads\/2025\/06\/DSC_8218-scaled.jpg?w=1280&amp;ssl=1 1280w\" sizes=\"(max-width: 640px) 100vw, 640px\" \/><figcaption class=\"wp-element-caption\">FabriceLEReporter+243895663730<\/figcaption><\/figure>\n\n\n\n<p>Cet avocat au Barreau du Cameroun explique le choix port\u00e9 singuli\u00e8rement sur le jeune avocat par le probl\u00e8me de connaissance et de client\u00e8le auxquels ce dernier doit faire face&nbsp;:<\/p>\n\n\n\n<p><em>\u00ab&nbsp;Nous pensons que \u00e7a (la client\u00e8le Ndlr) ne passe pas par les r\u00e9seaux, les&nbsp; connaissances et autres, \u00e7a passe par la qualit\u00e9 des services qu&rsquo;on offre aux usagers qui, d\u00e9pend de la mati\u00e8re dont on dispose&nbsp;; et cette mati\u00e8re on la dispose que lorsqu&rsquo;on est form\u00e9. Donc, c\u2019est dans cette logique que nous nous adressons aux jeunes avocats pour leur donner le n\u00e9cessaire qui leur permettra, lorsqu\u2019ils vont se trouver dans une situation d\u2019enqu\u00eate pr\u00e9liminaire, de savoir exactement qu\u2019est-ce qu\u2019il y a \u00e0 faire, chacun dans son r\u00f4le&nbsp;\u00bb<\/em>, a-t-il rench\u00e9ri.<\/p>\n\n\n\n<p>Me. Junior Kapuya rappelle cependant que l\u2019id\u00e9e de concevoir cette production scientifique a \u00e9t\u00e9 nourrie au fil des rencontres au sein des associations des jeunes avocats&nbsp;:<\/p>\n\n\n\n<p><em>\u00ab&nbsp;Dans le cadre des mouvements associatifs auxquels nous avons pris part, cette probl\u00e9matique est souvent revenue, cela nous a inspir\u00e9 et motiv\u00e9 \u00e0 pouvoir mettre sur pied un guide qui va s&rsquo;inscrire dans une s\u00e9rie d&rsquo;autres guides en rapport avec d&rsquo;autres probl\u00e9matiques. Mais l\u00e0, nous avons voulu \u00e9pingler exactement la question de la garde \u00e0 vue puisque tr\u00e8s souvent, les avocats, du moins les jeunes avocats, sont confront\u00e9s au m\u00e9pris des diff\u00e9rents enqu\u00eateurs avec les cons\u00e9quences que nous connaissons&nbsp;\u00bb<\/em>, a pr\u00e9cis\u00e9 Me. Kapuya qui dit avoir partag\u00e9 dans l\u2019ouvrage, sa propre exp\u00e9rience&nbsp;:<\/p>\n\n\n\n<figure class=\"wp-block-image alignfull size-large\"><img data-recalc-dims=\"1\" loading=\"lazy\" decoding=\"async\" width=\"640\" height=\"427\" src=\"https:\/\/i0.wp.com\/infos-droitshumains.net\/wp-content\/uploads\/2025\/06\/DSC_8281.jpg?resize=640%2C427&#038;ssl=1\" alt=\"\" class=\"wp-image-15104\" srcset=\"https:\/\/i0.wp.com\/infos-droitshumains.net\/wp-content\/uploads\/2025\/06\/DSC_8281-scaled.jpg?resize=1024%2C683&amp;ssl=1 1024w, https:\/\/i0.wp.com\/infos-droitshumains.net\/wp-content\/uploads\/2025\/06\/DSC_8281-scaled.jpg?resize=300%2C200&amp;ssl=1 300w, https:\/\/i0.wp.com\/infos-droitshumains.net\/wp-content\/uploads\/2025\/06\/DSC_8281-scaled.jpg?resize=768%2C512&amp;ssl=1 768w, https:\/\/i0.wp.com\/infos-droitshumains.net\/wp-content\/uploads\/2025\/06\/DSC_8281-scaled.jpg?resize=1536%2C1024&amp;ssl=1 1536w, https:\/\/i0.wp.com\/infos-droitshumains.net\/wp-content\/uploads\/2025\/06\/DSC_8281-scaled.jpg?resize=2048%2C1365&amp;ssl=1 2048w, https:\/\/i0.wp.com\/infos-droitshumains.net\/wp-content\/uploads\/2025\/06\/DSC_8281-scaled.jpg?w=1280&amp;ssl=1 1280w, https:\/\/i0.wp.com\/infos-droitshumains.net\/wp-content\/uploads\/2025\/06\/DSC_8281-scaled.jpg?w=1920&amp;ssl=1 1920w\" sizes=\"(max-width: 640px) 100vw, 640px\" \/><figcaption class=\"wp-element-caption\">FabriceLEReporter+243895663730<\/figcaption><\/figure>\n\n\n\n<p><em>\u00ab&nbsp;Si vous le parcourez, vous verrez dans la lettre aux lecteurs, que j\u2019ai parl\u00e9 justement de cette exp\u00e9rience et de l\u2019apport cons\u00e9quent de mon patron de l\u2019\u00e9poque qui a r\u00e9ussi \u00e0 intervenir pour calmer les tensions qui \u00e9taient inutilement cr\u00e9\u00e9es \u00e0 travers une intervention que j\u2019avais effectu\u00e9e sur le terrain \u00e0 aupr\u00e8s d\u2019un service de l\u2019Etat avec un OPJ&nbsp;\u00bb.<\/em><\/p>\n\n\n\n<p>Les jeunes avocats \u00e0 qui le contenu est singuli\u00e8rement r\u00e9serv\u00e9, voient en cette \u0153uvre, un guide essentiel pour la perfection professionnelle&nbsp;:<\/p>\n\n\n\n<p><em>\u00ab&nbsp;Il est tr\u00e8s important de pr\u00e9ciser qu\u2019il n\u2019est pas \u00e0 destination uniquement des jeunes avocats malgr\u00e9 ce qui est \u00e9crit sur la couverture. C\u2019est un outil de travail utile \u00e0 tout avocat de tous \u00e2ges confront\u00e9 \u00e0 une client\u00e8le qui serait en difficult\u00e9 en garde \u00e0 vue. Il est important de s\u2019en impr\u00e9gner pour bien faire son travail. Nous venons d\u2019arriver dans une profession o\u00f9 il y a des anciens qui mettent \u00e0 notre disposition un outil de travail de cette importance, le minimum \u00e0 faire, c\u2019est de l\u2019acqu\u00e9rir. Il est important de l\u2019avoir, de le lire jour et nuit, de le ma\u00eetriser tant que possible parce que, nous sommes consulter, nous jeunes, beaucoup plus, dans les questions de garde \u00e0 vue que nos a\u00een\u00e9s&nbsp;\u00bb<\/em>, s\u2019est r\u00e9joui Me. Jean-Claude Kakura, Pr\u00e9sident de l\u2019Union des Jeunes Avocats du Barreau de Kinshasa\/Gombe.<\/p>\n\n\n\n<figure class=\"wp-block-image alignfull size-large\"><img data-recalc-dims=\"1\" loading=\"lazy\" decoding=\"async\" width=\"640\" height=\"427\" src=\"https:\/\/i0.wp.com\/infos-droitshumains.net\/wp-content\/uploads\/2025\/06\/DSC_8297.jpg?resize=640%2C427&#038;ssl=1\" alt=\"\" class=\"wp-image-15105\" srcset=\"https:\/\/i0.wp.com\/infos-droitshumains.net\/wp-content\/uploads\/2025\/06\/DSC_8297-scaled.jpg?resize=1024%2C683&amp;ssl=1 1024w, https:\/\/i0.wp.com\/infos-droitshumains.net\/wp-content\/uploads\/2025\/06\/DSC_8297-scaled.jpg?resize=300%2C200&amp;ssl=1 300w, https:\/\/i0.wp.com\/infos-droitshumains.net\/wp-content\/uploads\/2025\/06\/DSC_8297-scaled.jpg?resize=768%2C512&amp;ssl=1 768w, https:\/\/i0.wp.com\/infos-droitshumains.net\/wp-content\/uploads\/2025\/06\/DSC_8297-scaled.jpg?resize=1536%2C1024&amp;ssl=1 1536w, https:\/\/i0.wp.com\/infos-droitshumains.net\/wp-content\/uploads\/2025\/06\/DSC_8297-scaled.jpg?resize=2048%2C1365&amp;ssl=1 2048w, https:\/\/i0.wp.com\/infos-droitshumains.net\/wp-content\/uploads\/2025\/06\/DSC_8297-scaled.jpg?w=1280&amp;ssl=1 1280w, https:\/\/i0.wp.com\/infos-droitshumains.net\/wp-content\/uploads\/2025\/06\/DSC_8297-scaled.jpg?w=1920&amp;ssl=1 1920w\" sizes=\"(max-width: 640px) 100vw, 640px\" \/><figcaption class=\"wp-element-caption\">FabriceLEReporter+243895663730<\/figcaption><\/figure>\n\n\n\n<figure class=\"wp-block-image alignfull size-large\"><img data-recalc-dims=\"1\" loading=\"lazy\" decoding=\"async\" width=\"640\" height=\"427\" src=\"https:\/\/i0.wp.com\/infos-droitshumains.net\/wp-content\/uploads\/2025\/06\/DSC_8473.jpg?resize=640%2C427&#038;ssl=1\" alt=\"\" class=\"wp-image-15106\" srcset=\"https:\/\/i0.wp.com\/infos-droitshumains.net\/wp-content\/uploads\/2025\/06\/DSC_8473-scaled.jpg?resize=1024%2C683&amp;ssl=1 1024w, https:\/\/i0.wp.com\/infos-droitshumains.net\/wp-content\/uploads\/2025\/06\/DSC_8473-scaled.jpg?resize=300%2C200&amp;ssl=1 300w, https:\/\/i0.wp.com\/infos-droitshumains.net\/wp-content\/uploads\/2025\/06\/DSC_8473-scaled.jpg?resize=768%2C512&amp;ssl=1 768w, https:\/\/i0.wp.com\/infos-droitshumains.net\/wp-content\/uploads\/2025\/06\/DSC_8473-scaled.jpg?resize=1536%2C1024&amp;ssl=1 1536w, https:\/\/i0.wp.com\/infos-droitshumains.net\/wp-content\/uploads\/2025\/06\/DSC_8473-scaled.jpg?resize=2048%2C1365&amp;ssl=1 2048w, https:\/\/i0.wp.com\/infos-droitshumains.net\/wp-content\/uploads\/2025\/06\/DSC_8473-scaled.jpg?w=1280&amp;ssl=1 1280w, https:\/\/i0.wp.com\/infos-droitshumains.net\/wp-content\/uploads\/2025\/06\/DSC_8473-scaled.jpg?w=1920&amp;ssl=1 1920w\" sizes=\"(max-width: 640px) 100vw, 640px\" \/><figcaption class=\"wp-element-caption\">FabriceLEReporter+243895663730<\/figcaption><\/figure>\n\n\n\n<p>Vade-Mecum de survie du jeune avocat se veut aussi un guide essentiel pour tous les acteurs du syst\u00e8me judiciaire. Il est en outre une invitation \u00e0 la r\u00e9flexion, un miroir tendu vers les pratiques et les pouvoirs des officiers de Police judiciaire. Il interroge les conditions inacceptables, les interpellations brutales, et le placement au cachot sans audition qui parfois, \u00e9branlent les fondations du syst\u00e8me judiciaire.<\/p>\n\n\n\n<p>Jo\u00ebl Diawa<\/p>\n","protected":false},"excerpt":{"rendered":"<p>R\u00e9daction: +243 817 406 088 C\u2019est un ouvrage qui vient non seulement garnir les rayons&#8230;<\/p>\n","protected":false},"author":2,"featured_media":15099,"comment_status":"open","ping_status":"open","sticky":false,"template":"","format":"standard","meta":{"_jetpack_memberships_contains_paid_content":false,"footnotes":""},"categories":[6],"tags":[],"class_list":["post-15096","post","type-post","status-publish","format-standard","has-post-thumbnail","hentry","category-justice"],"yoast_head":"<!-- This site is optimized with the Yoast SEO plugin v27.5 - https:\/\/yoast.com\/product\/yoast-seo-wordpress\/ -->\n<title>Vad-Mecum de survie du jeune avocat\u00a0: Me. Daniel Ngos et Me. Junior Kapuya offrent aux praticiens du droit, un guide qui vient r\u00e9soudre la probl\u00e9matique de la garde \u00e0 vue - Infos Droits Humains<\/title>\n<meta name=\"robots\" content=\"index, follow, max-snippet:-1, max-image-preview:large, max-video-preview:-1\" \/>\n<link rel=\"canonical\" href=\"https:\/\/infos-droitshumains.net\/?p=15096\" \/>\n<meta property=\"og:locale\" content=\"fr_FR\" \/>\n<meta property=\"og:type\" content=\"article\" \/>\n<meta property=\"og:title\" content=\"Vad-Mecum de survie du jeune avocat\u00a0: Me. Daniel Ngos et Me. Junior Kapuya offrent aux praticiens du droit, un guide qui vient r\u00e9soudre la probl\u00e9matique de la garde \u00e0 vue - Infos Droits Humains\" \/>\n<meta property=\"og:description\" content=\"R\u00e9daction: +243 817 406 088 C\u2019est un ouvrage qui vient non seulement garnir les rayons...\" \/>\n<meta property=\"og:url\" content=\"https:\/\/infos-droitshumains.net\/?p=15096\" \/>\n<meta property=\"og:site_name\" content=\"Infos Droits Humains\" \/>\n<meta property=\"article:published_time\" content=\"2025-06-23T05:00:00+00:00\" \/>\n<meta property=\"article:modified_time\" content=\"2025-06-23T06:20:15+00:00\" \/>\n<meta property=\"og:image\" content=\"https:\/\/infos-droitshumains.net\/wp-content\/uploads\/2025\/06\/DSC_8457-scaled.jpg\" \/>\n\t<meta property=\"og:image:width\" content=\"2560\" \/>\n\t<meta property=\"og:image:height\" content=\"1384\" \/>\n\t<meta property=\"og:image:type\" content=\"image\/jpeg\" \/>\n<meta name=\"author\" content=\"Jo\u00ebl Diawa\" \/>\n<meta name=\"twitter:card\" content=\"summary_large_image\" \/>\n<meta name=\"twitter:label1\" content=\"\u00c9crit par\" \/>\n\t<meta name=\"twitter:data1\" content=\"Jo\u00ebl Diawa\" \/>\n\t<meta name=\"twitter:label2\" content=\"Dur\u00e9e de lecture estim\u00e9e\" \/>\n\t<meta name=\"twitter:data2\" content=\"6 minutes\" \/>\n<script type=\"application\/ld+json\" class=\"yoast-schema-graph\">{\"@context\":\"https:\\\/\\\/schema.org\",\"@graph\":[{\"@type\":\"Article\",\"@id\":\"https:\\\/\\\/infos-droitshumains.net\\\/?p=15096#article\",\"isPartOf\":{\"@id\":\"https:\\\/\\\/infos-droitshumains.net\\\/?p=15096\"},\"author\":{\"name\":\"Jo\u00ebl Diawa\",\"@id\":\"https:\\\/\\\/infos-droitshumains.net\\\/#\\\/schema\\\/person\\\/3dc5e921c3302172e0ed4362f96faab7\"},\"headline\":\"Vad-Mecum de survie du jeune avocat\u00a0: Me. Daniel Ngos et Me. Junior Kapuya offrent aux praticiens du droit, un guide qui vient r\u00e9soudre la probl\u00e9matique de la garde \u00e0 vue\",\"datePublished\":\"2025-06-23T05:00:00+00:00\",\"dateModified\":\"2025-06-23T06:20:15+00:00\",\"mainEntityOfPage\":{\"@id\":\"https:\\\/\\\/infos-droitshumains.net\\\/?p=15096\"},\"wordCount\":907,\"commentCount\":1,\"publisher\":{\"@id\":\"https:\\\/\\\/infos-droitshumains.net\\\/#organization\"},\"image\":{\"@id\":\"https:\\\/\\\/infos-droitshumains.net\\\/?p=15096#primaryimage\"},\"thumbnailUrl\":\"https:\\\/\\\/i0.wp.com\\\/infos-droitshumains.net\\\/wp-content\\\/uploads\\\/2025\\\/06\\\/DSC_8457-scaled.jpg?fit=2560%2C1384&ssl=1\",\"articleSection\":[\"Justice\"],\"inLanguage\":\"fr-FR\",\"potentialAction\":[{\"@type\":\"CommentAction\",\"name\":\"Comment\",\"target\":[\"https:\\\/\\\/infos-droitshumains.net\\\/?p=15096#respond\"]}]},{\"@type\":\"WebPage\",\"@id\":\"https:\\\/\\\/infos-droitshumains.net\\\/?p=15096\",\"url\":\"https:\\\/\\\/infos-droitshumains.net\\\/?p=15096\",\"name\":\"Vad-Mecum de survie du jeune avocat\u00a0: Me. Daniel Ngos et Me. Junior Kapuya offrent aux praticiens du droit, un guide qui vient r\u00e9soudre la probl\u00e9matique de la garde \u00e0 vue - Infos Droits Humains\",\"isPartOf\":{\"@id\":\"https:\\\/\\\/infos-droitshumains.net\\\/#website\"},\"primaryImageOfPage\":{\"@id\":\"https:\\\/\\\/infos-droitshumains.net\\\/?p=15096#primaryimage\"},\"image\":{\"@id\":\"https:\\\/\\\/infos-droitshumains.net\\\/?p=15096#primaryimage\"},\"thumbnailUrl\":\"https:\\\/\\\/i0.wp.com\\\/infos-droitshumains.net\\\/wp-content\\\/uploads\\\/2025\\\/06\\\/DSC_8457-scaled.jpg?fit=2560%2C1384&ssl=1\",\"datePublished\":\"2025-06-23T05:00:00+00:00\",\"dateModified\":\"2025-06-23T06:20:15+00:00\",\"breadcrumb\":{\"@id\":\"https:\\\/\\\/infos-droitshumains.net\\\/?p=15096#breadcrumb\"},\"inLanguage\":\"fr-FR\",\"potentialAction\":[{\"@type\":\"ReadAction\",\"target\":[\"https:\\\/\\\/infos-droitshumains.net\\\/?p=15096\"]}]},{\"@type\":\"ImageObject\",\"inLanguage\":\"fr-FR\",\"@id\":\"https:\\\/\\\/infos-droitshumains.net\\\/?p=15096#primaryimage\",\"url\":\"https:\\\/\\\/i0.wp.com\\\/infos-droitshumains.net\\\/wp-content\\\/uploads\\\/2025\\\/06\\\/DSC_8457-scaled.jpg?fit=2560%2C1384&ssl=1\",\"contentUrl\":\"https:\\\/\\\/i0.wp.com\\\/infos-droitshumains.net\\\/wp-content\\\/uploads\\\/2025\\\/06\\\/DSC_8457-scaled.jpg?fit=2560%2C1384&ssl=1\",\"width\":2560,\"height\":1384,\"caption\":\"FabriceLEReporter+243895663730\"},{\"@type\":\"BreadcrumbList\",\"@id\":\"https:\\\/\\\/infos-droitshumains.net\\\/?p=15096#breadcrumb\",\"itemListElement\":[{\"@type\":\"ListItem\",\"position\":1,\"name\":\"Accueil\",\"item\":\"https:\\\/\\\/infos-droitshumains.net\\\/\"},{\"@type\":\"ListItem\",\"position\":2,\"name\":\"Vad-Mecum de survie du jeune avocat\u00a0: Me. Daniel Ngos et Me. Junior Kapuya offrent aux praticiens du droit, un guide qui vient r\u00e9soudre la probl\u00e9matique de la garde \u00e0 vue\"}]},{\"@type\":\"WebSite\",\"@id\":\"https:\\\/\\\/infos-droitshumains.net\\\/#website\",\"url\":\"https:\\\/\\\/infos-droitshumains.net\\\/\",\"name\":\"Infos Droits Humains\",\"description\":\"S&#039;informer est un droit\",\"publisher\":{\"@id\":\"https:\\\/\\\/infos-droitshumains.net\\\/#organization\"},\"potentialAction\":[{\"@type\":\"SearchAction\",\"target\":{\"@type\":\"EntryPoint\",\"urlTemplate\":\"https:\\\/\\\/infos-droitshumains.net\\\/?s={search_term_string}\"},\"query-input\":{\"@type\":\"PropertyValueSpecification\",\"valueRequired\":true,\"valueName\":\"search_term_string\"}}],\"inLanguage\":\"fr-FR\"},{\"@type\":\"Organization\",\"@id\":\"https:\\\/\\\/infos-droitshumains.net\\\/#organization\",\"name\":\"Infos Droits Humains\",\"url\":\"https:\\\/\\\/infos-droitshumains.net\\\/\",\"logo\":{\"@type\":\"ImageObject\",\"inLanguage\":\"fr-FR\",\"@id\":\"https:\\\/\\\/infos-droitshumains.net\\\/#\\\/schema\\\/logo\\\/image\\\/\",\"url\":\"https:\\\/\\\/i0.wp.com\\\/infos-droitshumains.net\\\/wp-content\\\/uploads\\\/2022\\\/05\\\/Logo.png?fit=333%2C129&ssl=1\",\"contentUrl\":\"https:\\\/\\\/i0.wp.com\\\/infos-droitshumains.net\\\/wp-content\\\/uploads\\\/2022\\\/05\\\/Logo.png?fit=333%2C129&ssl=1\",\"width\":333,\"height\":129,\"caption\":\"Infos Droits Humains\"},\"image\":{\"@id\":\"https:\\\/\\\/infos-droitshumains.net\\\/#\\\/schema\\\/logo\\\/image\\\/\"}},{\"@type\":\"Person\",\"@id\":\"https:\\\/\\\/infos-droitshumains.net\\\/#\\\/schema\\\/person\\\/3dc5e921c3302172e0ed4362f96faab7\",\"name\":\"Jo\u00ebl Diawa\",\"image\":{\"@type\":\"ImageObject\",\"inLanguage\":\"fr-FR\",\"@id\":\"https:\\\/\\\/secure.gravatar.com\\\/avatar\\\/729bea6ff4604c624417803c477363be8e3c7186deaa65713313f9b4b820f41c?s=96&d=mm&r=g\",\"url\":\"https:\\\/\\\/secure.gravatar.com\\\/avatar\\\/729bea6ff4604c624417803c477363be8e3c7186deaa65713313f9b4b820f41c?s=96&d=mm&r=g\",\"contentUrl\":\"https:\\\/\\\/secure.gravatar.com\\\/avatar\\\/729bea6ff4604c624417803c477363be8e3c7186deaa65713313f9b4b820f41c?s=96&d=mm&r=g\",\"caption\":\"Jo\u00ebl Diawa\"},\"sameAs\":[\"https:\\\/\\\/www.infos-droitshumains.net\"],\"url\":\"https:\\\/\\\/infos-droitshumains.net\\\/?author=2\"}]}<\/script>\n<!-- \/ Yoast SEO plugin. -->","yoast_head_json":{"title":"Vad-Mecum de survie du jeune avocat\u00a0: Me. Daniel Ngos et Me. Junior Kapuya offrent aux praticiens du droit, un guide qui vient r\u00e9soudre la probl\u00e9matique de la garde \u00e0 vue - Infos Droits Humains","robots":{"index":"index","follow":"follow","max-snippet":"max-snippet:-1","max-image-preview":"max-image-preview:large","max-video-preview":"max-video-preview:-1"},"canonical":"https:\/\/infos-droitshumains.net\/?p=15096","og_locale":"fr_FR","og_type":"article","og_title":"Vad-Mecum de survie du jeune avocat\u00a0: Me. Daniel Ngos et Me. Junior Kapuya offrent aux praticiens du droit, un guide qui vient r\u00e9soudre la probl\u00e9matique de la garde \u00e0 vue - Infos Droits Humains","og_description":"R\u00e9daction: +243 817 406 088 C\u2019est un ouvrage qui vient non seulement garnir les rayons...","og_url":"https:\/\/infos-droitshumains.net\/?p=15096","og_site_name":"Infos Droits Humains","article_published_time":"2025-06-23T05:00:00+00:00","article_modified_time":"2025-06-23T06:20:15+00:00","og_image":[{"width":2560,"height":1384,"url":"https:\/\/infos-droitshumains.net\/wp-content\/uploads\/2025\/06\/DSC_8457-scaled.jpg","type":"image\/jpeg"}],"author":"Jo\u00ebl Diawa","twitter_card":"summary_large_image","twitter_misc":{"\u00c9crit par":"Jo\u00ebl Diawa","Dur\u00e9e de lecture estim\u00e9e":"6 minutes"},"schema":{"@context":"https:\/\/schema.org","@graph":[{"@type":"Article","@id":"https:\/\/infos-droitshumains.net\/?p=15096#article","isPartOf":{"@id":"https:\/\/infos-droitshumains.net\/?p=15096"},"author":{"name":"Jo\u00ebl Diawa","@id":"https:\/\/infos-droitshumains.net\/#\/schema\/person\/3dc5e921c3302172e0ed4362f96faab7"},"headline":"Vad-Mecum de survie du jeune avocat\u00a0: Me. Daniel Ngos et Me. Junior Kapuya offrent aux praticiens du droit, un guide qui vient r\u00e9soudre la probl\u00e9matique de la garde \u00e0 vue","datePublished":"2025-06-23T05:00:00+00:00","dateModified":"2025-06-23T06:20:15+00:00","mainEntityOfPage":{"@id":"https:\/\/infos-droitshumains.net\/?p=15096"},"wordCount":907,"commentCount":1,"publisher":{"@id":"https:\/\/infos-droitshumains.net\/#organization"},"image":{"@id":"https:\/\/infos-droitshumains.net\/?p=15096#primaryimage"},"thumbnailUrl":"https:\/\/i0.wp.com\/infos-droitshumains.net\/wp-content\/uploads\/2025\/06\/DSC_8457-scaled.jpg?fit=2560%2C1384&ssl=1","articleSection":["Justice"],"inLanguage":"fr-FR","potentialAction":[{"@type":"CommentAction","name":"Comment","target":["https:\/\/infos-droitshumains.net\/?p=15096#respond"]}]},{"@type":"WebPage","@id":"https:\/\/infos-droitshumains.net\/?p=15096","url":"https:\/\/infos-droitshumains.net\/?p=15096","name":"Vad-Mecum de survie du jeune avocat\u00a0: Me. Daniel Ngos et Me. Junior Kapuya offrent aux praticiens du droit, un guide qui vient r\u00e9soudre la probl\u00e9matique de la garde \u00e0 vue - Infos Droits Humains","isPartOf":{"@id":"https:\/\/infos-droitshumains.net\/#website"},"primaryImageOfPage":{"@id":"https:\/\/infos-droitshumains.net\/?p=15096#primaryimage"},"image":{"@id":"https:\/\/infos-droitshumains.net\/?p=15096#primaryimage"},"thumbnailUrl":"https:\/\/i0.wp.com\/infos-droitshumains.net\/wp-content\/uploads\/2025\/06\/DSC_8457-scaled.jpg?fit=2560%2C1384&ssl=1","datePublished":"2025-06-23T05:00:00+00:00","dateModified":"2025-06-23T06:20:15+00:00","breadcrumb":{"@id":"https:\/\/infos-droitshumains.net\/?p=15096#breadcrumb"},"inLanguage":"fr-FR","potentialAction":[{"@type":"ReadAction","target":["https:\/\/infos-droitshumains.net\/?p=15096"]}]},{"@type":"ImageObject","inLanguage":"fr-FR","@id":"https:\/\/infos-droitshumains.net\/?p=15096#primaryimage","url":"https:\/\/i0.wp.com\/infos-droitshumains.net\/wp-content\/uploads\/2025\/06\/DSC_8457-scaled.jpg?fit=2560%2C1384&ssl=1","contentUrl":"https:\/\/i0.wp.com\/infos-droitshumains.net\/wp-content\/uploads\/2025\/06\/DSC_8457-scaled.jpg?fit=2560%2C1384&ssl=1","width":2560,"height":1384,"caption":"FabriceLEReporter+243895663730"},{"@type":"BreadcrumbList","@id":"https:\/\/infos-droitshumains.net\/?p=15096#breadcrumb","itemListElement":[{"@type":"ListItem","position":1,"name":"Accueil","item":"https:\/\/infos-droitshumains.net\/"},{"@type":"ListItem","position":2,"name":"Vad-Mecum de survie du jeune avocat\u00a0: Me. Daniel Ngos et Me. Junior Kapuya offrent aux praticiens du droit, un guide qui vient r\u00e9soudre la probl\u00e9matique de la garde \u00e0 vue"}]},{"@type":"WebSite","@id":"https:\/\/infos-droitshumains.net\/#website","url":"https:\/\/infos-droitshumains.net\/","name":"Infos Droits Humains","description":"S&#039;informer est un droit","publisher":{"@id":"https:\/\/infos-droitshumains.net\/#organization"},"potentialAction":[{"@type":"SearchAction","target":{"@type":"EntryPoint","urlTemplate":"https:\/\/infos-droitshumains.net\/?s={search_term_string}"},"query-input":{"@type":"PropertyValueSpecification","valueRequired":true,"valueName":"search_term_string"}}],"inLanguage":"fr-FR"},{"@type":"Organization","@id":"https:\/\/infos-droitshumains.net\/#organization","name":"Infos Droits Humains","url":"https:\/\/infos-droitshumains.net\/","logo":{"@type":"ImageObject","inLanguage":"fr-FR","@id":"https:\/\/infos-droitshumains.net\/#\/schema\/logo\/image\/","url":"https:\/\/i0.wp.com\/infos-droitshumains.net\/wp-content\/uploads\/2022\/05\/Logo.png?fit=333%2C129&ssl=1","contentUrl":"https:\/\/i0.wp.com\/infos-droitshumains.net\/wp-content\/uploads\/2022\/05\/Logo.png?fit=333%2C129&ssl=1","width":333,"height":129,"caption":"Infos Droits Humains"},"image":{"@id":"https:\/\/infos-droitshumains.net\/#\/schema\/logo\/image\/"}},{"@type":"Person","@id":"https:\/\/infos-droitshumains.net\/#\/schema\/person\/3dc5e921c3302172e0ed4362f96faab7","name":"Jo\u00ebl Diawa","image":{"@type":"ImageObject","inLanguage":"fr-FR","@id":"https:\/\/secure.gravatar.com\/avatar\/729bea6ff4604c624417803c477363be8e3c7186deaa65713313f9b4b820f41c?s=96&d=mm&r=g","url":"https:\/\/secure.gravatar.com\/avatar\/729bea6ff4604c624417803c477363be8e3c7186deaa65713313f9b4b820f41c?s=96&d=mm&r=g","contentUrl":"https:\/\/secure.gravatar.com\/avatar\/729bea6ff4604c624417803c477363be8e3c7186deaa65713313f9b4b820f41c?s=96&d=mm&r=g","caption":"Jo\u00ebl Diawa"},"sameAs":["https:\/\/www.infos-droitshumains.net"],"url":"https:\/\/infos-droitshumains.net\/?author=2"}]}},"featured_image_urls":{"full":["https:\/\/i0.wp.com\/infos-droitshumains.net\/wp-content\/uploads\/2025\/06\/DSC_8457-scaled.jpg?fit=2560%2C1384&ssl=1",2560,1384,false],"thumbnail":["https:\/\/i0.wp.com\/infos-droitshumains.net\/wp-content\/uploads\/2025\/06\/DSC_8457-scaled.jpg?resize=150%2C150&ssl=1",150,150,true],"medium":["https:\/\/i0.wp.com\/infos-droitshumains.net\/wp-content\/uploads\/2025\/06\/DSC_8457-scaled.jpg?fit=300%2C162&ssl=1",300,162,true],"medium_large":["https:\/\/i0.wp.com\/infos-droitshumains.net\/wp-content\/uploads\/2025\/06\/DSC_8457-scaled.jpg?fit=640%2C346&ssl=1",640,346,true],"large":["https:\/\/i0.wp.com\/infos-droitshumains.net\/wp-content\/uploads\/2025\/06\/DSC_8457-scaled.jpg?fit=640%2C346&ssl=1",640,346,true],"1536x1536":["https:\/\/i0.wp.com\/infos-droitshumains.net\/wp-content\/uploads\/2025\/06\/DSC_8457-scaled.jpg?fit=1536%2C830&ssl=1",1536,830,true],"2048x2048":["https:\/\/i0.wp.com\/infos-droitshumains.net\/wp-content\/uploads\/2025\/06\/DSC_8457-scaled.jpg?fit=2048%2C1107&ssl=1",2048,1107,true],"covernews-slider-full":["https:\/\/i0.wp.com\/infos-droitshumains.net\/wp-content\/uploads\/2025\/06\/DSC_8457-scaled.jpg?resize=1115%2C715&ssl=1",1115,715,true],"covernews-slider-center":["https:\/\/i0.wp.com\/infos-droitshumains.net\/wp-content\/uploads\/2025\/06\/DSC_8457-scaled.jpg?resize=800%2C500&ssl=1",800,500,true],"covernews-featured":["https:\/\/i0.wp.com\/infos-droitshumains.net\/wp-content\/uploads\/2025\/06\/DSC_8457-scaled.jpg?fit=1024%2C553&ssl=1",1024,553,true],"covernews-medium":["https:\/\/i0.wp.com\/infos-droitshumains.net\/wp-content\/uploads\/2025\/06\/DSC_8457-scaled.jpg?resize=540%2C340&ssl=1",540,340,true],"covernews-medium-square":["https:\/\/i0.wp.com\/infos-droitshumains.net\/wp-content\/uploads\/2025\/06\/DSC_8457-scaled.jpg?resize=400%2C250&ssl=1",400,250,true]},"author_info":{"display_name":"Jo\u00ebl Diawa","author_link":"https:\/\/infos-droitshumains.net\/?author=2"},"category_info":"<a href=\"https:\/\/infos-droitshumains.net\/?cat=6\" rel=\"category\">Justice<\/a>","tag_info":"Justice","comment_count":"1","jetpack_featured_media_url":"https:\/\/i0.wp.com\/infos-droitshumains.net\/wp-content\/uploads\/2025\/06\/DSC_8457-scaled.jpg?fit=2560%2C1384&ssl=1","jetpack-related-posts":[],"jetpack_sharing_enabled":true,"_links":{"self":[{"href":"https:\/\/infos-droitshumains.net\/index.php?rest_route=\/wp\/v2\/posts\/15096","targetHints":{"allow":["GET"]}}],"collection":[{"href":"https:\/\/infos-droitshumains.net\/index.php?rest_route=\/wp\/v2\/posts"}],"about":[{"href":"https:\/\/infos-droitshumains.net\/index.php?rest_route=\/wp\/v2\/types\/post"}],"author":[{"embeddable":true,"href":"https:\/\/infos-droitshumains.net\/index.php?rest_route=\/wp\/v2\/users\/2"}],"replies":[{"embeddable":true,"href":"https:\/\/infos-droitshumains.net\/index.php?rest_route=%2Fwp%2Fv2%2Fcomments&post=15096"}],"version-history":[{"count":11,"href":"https:\/\/infos-droitshumains.net\/index.php?rest_route=\/wp\/v2\/posts\/15096\/revisions"}],"predecessor-version":[{"id":15124,"href":"https:\/\/infos-droitshumains.net\/index.php?rest_route=\/wp\/v2\/posts\/15096\/revisions\/15124"}],"wp:featuredmedia":[{"embeddable":true,"href":"https:\/\/infos-droitshumains.net\/index.php?rest_route=\/wp\/v2\/media\/15099"}],"wp:attachment":[{"href":"https:\/\/infos-droitshumains.net\/index.php?rest_route=%2Fwp%2Fv2%2Fmedia&parent=15096"}],"wp:term":[{"taxonomy":"category","embeddable":true,"href":"https:\/\/infos-droitshumains.net\/index.php?rest_route=%2Fwp%2Fv2%2Fcategories&post=15096"},{"taxonomy":"post_tag","embeddable":true,"href":"https:\/\/infos-droitshumains.net\/index.php?rest_route=%2Fwp%2Fv2%2Ftags&post=15096"}],"curies":[{"name":"wp","href":"https:\/\/api.w.org\/{rel}","templated":true}]}}