{"id":15093,"date":"2025-06-21T00:58:56","date_gmt":"2025-06-20T22:58:56","guid":{"rendered":"https:\/\/infos-droitshumains.net\/?p=15093"},"modified":"2025-06-28T12:05:38","modified_gmt":"2025-06-28T10:05:38","slug":"creation-dun-tribunal-penal-economique-et-financier-et-le-parquet-y-rattache-me-carlos-ngwapitshi-propose-lintroduction-des-mecanismes-de-mediation-comme-alternative-a-la-jus","status":"publish","type":"post","link":"https:\/\/infos-droitshumains.net\/?p=15093","title":{"rendered":"Cr\u00e9ation d\u2019un Tribunal p\u00e9nal Economique et Financier et le Parquet y rattach\u00e9\u00a0: Me. Carlos Ngwapitshi propose l\u2019introduction des m\u00e9canismes de m\u00e9diation comme alternative \u00e0 la justice p\u00e9nale"},"content":{"rendered":"\n<p><strong>R\u00e9daction: +243 817 406 088<\/strong><\/p>\n\n\n\n<h3 class=\"wp-block-heading has-vivid-red-color has-text-color has-link-color wp-elements-ea062ecfb1e8c224ce87a1c0e66c740f\">Au cours de la 39<sup>\u00e8me<\/sup> r\u00e9union du Conseil des ministres, le gouvernement de la R\u00e9publique D\u00e9mocratique du Congo avait adopt\u00e9 un projet de loi portant cr\u00e9ation, organisation, fonctionnement et comp\u00e9tence d\u2019un Tribunal p\u00e9nal Economique et financier avec un parquet y rattach\u00e9 qui se veut un instrument efficace dans la r\u00e9pression de la criminalit\u00e9 \u00e9conomique. Le mode de fonctionnement et les potentialit\u00e9s de ces nouvelles institutions judiciaires ont fait l\u2019objet d\u2019un s\u00e9minaire organis\u00e9 ce vendredi 20 juin 2025 par le Centre de Criminologie et de &nbsp;Pathologie Sociale de l\u2019Universit\u00e9&nbsp;de Kinshasa.<\/h3>\n\n\n\n<p>Me. Carlos Ngwapitshi Ngwamashi, intervenant principal dans ce s\u00e9minaire revenu sur les potentialit\u00e9s et les faiblisse de ce projet de loi. Il a rappel\u00e9 qu\u2019au terme de l\u2019article 7 dudit projet, il a \u00e9t\u00e9 exclu toutes les personnes b\u00e9n\u00e9ficiaires des immunit\u00e9s et privil\u00e8ges des poursuites conform\u00e9ment aux articles 107, 153, 163 et 164 de la constitution.<\/p>\n\n\n\n<p><em>\u00ab&nbsp;Il y a lieu de noter que l\u2019exclusion de ces personnes cens\u00e9es g\u00e9rer la chose publique et susceptibles de d\u00e9tourner les deniers publics, vide l\u2019opportunit\u00e9 de ce tribunal&nbsp;\u00bb<\/em>, a d\u00e9plor\u00e9 Me. Carlos Ngwapitshi qui souhaite \u00e0 ce que la RDC adapte ses dispositions aux r\u00e9alit\u00e9s sur terrain.<\/p>\n\n\n\n<p><em>\u00ab&nbsp;Dans son format actuel, ce projet de loi ne va pas r\u00e9soudre le probl\u00e8me, parce qu\u2019ils n\u2019ont fait que dupliquer le code p\u00e9nal qui existe d\u00e9j\u00e0, avec toutes ses insuffisances, avec toutes ses irr\u00e9gularit\u00e9s. Si ce Tribunal doit \u00eatre mis en place dans son format actuel, il ne faut pas s\u2019attendre \u00e0 un changement dans la r\u00e9pression de cette forme de criminalit\u00e9 \u00e9conomique et financi\u00e8re&nbsp;\u00bb<\/em>, a-t-il soutenu.<\/p>\n\n\n\n<p>Le code p\u00e9nal actuel pr\u00e9voit la peine de 20 ans des travaux forc\u00e9s, la peine de confiscation sp\u00e9ciale et la restitution des biens faisant l\u2019objet de l\u2019infraction. Mais Ma\u00eetre Carlos Ngwapitshi regrette que sur terrain, <em>\u00ab&nbsp;les fonds d\u00e9tourn\u00e9s ne sont jamais restitu\u00e9s apr\u00e8s condamnation&nbsp;\u00bb<\/em>. Pour pallier \u00e0 cette insuffisance, il propose l\u2019introduction des m\u00e9canismes de m\u00e9diation comme alternative \u00e0 la justice p\u00e9nale afin de permettre \u00e0 la R\u00e9publique d\u2019\u00eatre r\u00e9tabli dans ses droits&nbsp;:<\/p>\n\n\n\n<p><em>\u00ab&nbsp;Il est n\u00e9cessaire que l\u2019on puisse adopter le syst\u00e8me de chambres de m\u00e9diation qui vont jouer un r\u00f4le important. Apr\u00e8s que le Procureur ait fini avec l\u2019instruction et constat\u00e9 que les faits sont \u00e9tablis, il mettra l\u2019inculp\u00e9 et la victime en face du &nbsp;m\u00e9diateur pour que l\u2019on essaie de proposer des solutions tendant \u00e0 obtenir un arrangement ou une n\u00e9gociation pour que les fonds dissip\u00e9s soient restitu\u00e9s. A ce moment, la r\u00e9publique sera r\u00e9tablie dans ses droits et le parquet peut appr\u00e9cier le classement du dossier pour inopportunit\u00e9 des poursuites&nbsp;\u00bb<\/em>, a rench\u00e9ri Me. Ngwapitshi pour qui, la m\u00e9diation est une <em>\u2018\u2019solution rapide dans la r\u00e9solution de la criminalit\u00e9 en col blanc\u2019\u2019<\/em>.<\/p>\n\n\n\n<p><em>\u00ab&nbsp;Que gagnons-nous en envoyant les gens en prison pour faire 20 ans sans restituer les fonds d\u00e9tourn\u00e9s&nbsp;?&nbsp;\u00bb<\/em>, s\u2019est-il interrog\u00e9 avant de poursuivre&nbsp;:<\/p>\n\n\n\n<p><em>\u00ab&nbsp;Sachant bien qu\u2019aujourd\u2019hui, lorsque vous \u00eates poursuivi pour d\u00e9tournement des deniers publics, vous pouvez \u00eatre en face d\u2019un juge qui vous condamne \u00e0 5 ans de prison, en appel, la peine est rabattue \u00e0 3 ans. Le condamn\u00e9 passe trois ans en prison puis, il sort alors qu\u2019il a d\u00e9tourn\u00e9 400 millions USD, qui gagne&nbsp;? Qui perd&nbsp;? Nous avons le choix&nbsp;\u00bb<\/em>.<\/p>\n\n\n\n<p>Outre la proposition des m\u00e9canismes de m\u00e9diation, ce chercheur en droit et avocat au Barreau de Kinshasa\/Gombe souhaite que le code p\u00e9nal soit renforc\u00e9 par le caract\u00e8re imprescriptible de cette forme de criminalit\u00e9, la peine de servitude p\u00e9nale soit reconvertie \u00e0 la perp\u00e9tuit\u00e9 et mettre en place la confiscation g\u00e9n\u00e9rale des biens de la personne reconnue coupable. Il propose \u00e9galement l\u2019exclusion aux mesures de la gr\u00e2ce pr\u00e9sidentielle, la lib\u00e9ration conditionnelle et la libert\u00e9 provisoire contre les personnes poursuivies.<\/p>\n\n\n\n<p>Jo\u00ebl Diawa<\/p>\n","protected":false},"excerpt":{"rendered":"<p>R\u00e9daction: +243 817 406 088 Au cours de la 39\u00e8me r\u00e9union du Conseil des ministres,&#8230;<\/p>\n","protected":false},"author":2,"featured_media":15095,"comment_status":"open","ping_status":"open","sticky":false,"template":"","format":"standard","meta":{"_jetpack_memberships_contains_paid_content":false,"footnotes":""},"categories":[6],"tags":[],"class_list":["post-15093","post","type-post","status-publish","format-standard","has-post-thumbnail","hentry","category-justice"],"yoast_head":"<!-- This site is optimized with the Yoast SEO plugin v27.5 - https:\/\/yoast.com\/product\/yoast-seo-wordpress\/ -->\n<title>Cr\u00e9ation d\u2019un Tribunal p\u00e9nal Economique et Financier et le Parquet y rattach\u00e9\u00a0: Me. Carlos Ngwapitshi propose l\u2019introduction des m\u00e9canismes de m\u00e9diation comme alternative \u00e0 la justice p\u00e9nale - Infos Droits Humains<\/title>\n<meta name=\"robots\" content=\"index, follow, max-snippet:-1, max-image-preview:large, max-video-preview:-1\" \/>\n<link rel=\"canonical\" href=\"https:\/\/infos-droitshumains.net\/?p=15093\" \/>\n<meta property=\"og:locale\" content=\"fr_FR\" \/>\n<meta property=\"og:type\" content=\"article\" \/>\n<meta property=\"og:title\" content=\"Cr\u00e9ation d\u2019un Tribunal p\u00e9nal Economique et Financier et le Parquet y rattach\u00e9\u00a0: Me. Carlos Ngwapitshi propose l\u2019introduction des m\u00e9canismes de m\u00e9diation comme alternative \u00e0 la justice p\u00e9nale - Infos Droits Humains\" \/>\n<meta property=\"og:description\" content=\"R\u00e9daction: +243 817 406 088 Au cours de la 39\u00e8me r\u00e9union du Conseil des ministres,...\" \/>\n<meta property=\"og:url\" content=\"https:\/\/infos-droitshumains.net\/?p=15093\" \/>\n<meta property=\"og:site_name\" content=\"Infos Droits Humains\" \/>\n<meta property=\"article:published_time\" content=\"2025-06-20T22:58:56+00:00\" \/>\n<meta property=\"article:modified_time\" content=\"2025-06-28T10:05:38+00:00\" \/>\n<meta property=\"og:image\" content=\"https:\/\/infos-droitshumains.net\/wp-content\/uploads\/2025\/06\/IMG-20250621-WA0015.jpg\" \/>\n\t<meta property=\"og:image:width\" content=\"720\" \/>\n\t<meta property=\"og:image:height\" content=\"715\" \/>\n\t<meta property=\"og:image:type\" content=\"image\/jpeg\" \/>\n<meta name=\"author\" content=\"Jo\u00ebl Diawa\" \/>\n<meta name=\"twitter:card\" content=\"summary_large_image\" \/>\n<meta name=\"twitter:label1\" content=\"\u00c9crit par\" \/>\n\t<meta name=\"twitter:data1\" content=\"Jo\u00ebl Diawa\" \/>\n\t<meta name=\"twitter:label2\" content=\"Dur\u00e9e de lecture estim\u00e9e\" \/>\n\t<meta name=\"twitter:data2\" content=\"4 minutes\" \/>\n<script type=\"application\/ld+json\" class=\"yoast-schema-graph\">{\"@context\":\"https:\\\/\\\/schema.org\",\"@graph\":[{\"@type\":\"Article\",\"@id\":\"https:\\\/\\\/infos-droitshumains.net\\\/?p=15093#article\",\"isPartOf\":{\"@id\":\"https:\\\/\\\/infos-droitshumains.net\\\/?p=15093\"},\"author\":{\"name\":\"Jo\u00ebl Diawa\",\"@id\":\"https:\\\/\\\/infos-droitshumains.net\\\/#\\\/schema\\\/person\\\/3dc5e921c3302172e0ed4362f96faab7\"},\"headline\":\"Cr\u00e9ation d\u2019un Tribunal p\u00e9nal Economique et Financier et le Parquet y rattach\u00e9\u00a0: Me. Carlos Ngwapitshi propose l\u2019introduction des m\u00e9canismes de m\u00e9diation comme alternative \u00e0 la justice p\u00e9nale\",\"datePublished\":\"2025-06-20T22:58:56+00:00\",\"dateModified\":\"2025-06-28T10:05:38+00:00\",\"mainEntityOfPage\":{\"@id\":\"https:\\\/\\\/infos-droitshumains.net\\\/?p=15093\"},\"wordCount\":742,\"commentCount\":0,\"publisher\":{\"@id\":\"https:\\\/\\\/infos-droitshumains.net\\\/#organization\"},\"image\":{\"@id\":\"https:\\\/\\\/infos-droitshumains.net\\\/?p=15093#primaryimage\"},\"thumbnailUrl\":\"https:\\\/\\\/i0.wp.com\\\/infos-droitshumains.net\\\/wp-content\\\/uploads\\\/2025\\\/06\\\/IMG-20250621-WA0015.jpg?fit=720%2C715&ssl=1\",\"articleSection\":[\"Justice\"],\"inLanguage\":\"fr-FR\",\"potentialAction\":[{\"@type\":\"CommentAction\",\"name\":\"Comment\",\"target\":[\"https:\\\/\\\/infos-droitshumains.net\\\/?p=15093#respond\"]}]},{\"@type\":\"WebPage\",\"@id\":\"https:\\\/\\\/infos-droitshumains.net\\\/?p=15093\",\"url\":\"https:\\\/\\\/infos-droitshumains.net\\\/?p=15093\",\"name\":\"Cr\u00e9ation d\u2019un Tribunal p\u00e9nal Economique et Financier et le Parquet y rattach\u00e9\u00a0: Me. Carlos Ngwapitshi propose l\u2019introduction des m\u00e9canismes de m\u00e9diation comme alternative \u00e0 la justice p\u00e9nale - Infos Droits Humains\",\"isPartOf\":{\"@id\":\"https:\\\/\\\/infos-droitshumains.net\\\/#website\"},\"primaryImageOfPage\":{\"@id\":\"https:\\\/\\\/infos-droitshumains.net\\\/?p=15093#primaryimage\"},\"image\":{\"@id\":\"https:\\\/\\\/infos-droitshumains.net\\\/?p=15093#primaryimage\"},\"thumbnailUrl\":\"https:\\\/\\\/i0.wp.com\\\/infos-droitshumains.net\\\/wp-content\\\/uploads\\\/2025\\\/06\\\/IMG-20250621-WA0015.jpg?fit=720%2C715&ssl=1\",\"datePublished\":\"2025-06-20T22:58:56+00:00\",\"dateModified\":\"2025-06-28T10:05:38+00:00\",\"breadcrumb\":{\"@id\":\"https:\\\/\\\/infos-droitshumains.net\\\/?p=15093#breadcrumb\"},\"inLanguage\":\"fr-FR\",\"potentialAction\":[{\"@type\":\"ReadAction\",\"target\":[\"https:\\\/\\\/infos-droitshumains.net\\\/?p=15093\"]}]},{\"@type\":\"ImageObject\",\"inLanguage\":\"fr-FR\",\"@id\":\"https:\\\/\\\/infos-droitshumains.net\\\/?p=15093#primaryimage\",\"url\":\"https:\\\/\\\/i0.wp.com\\\/infos-droitshumains.net\\\/wp-content\\\/uploads\\\/2025\\\/06\\\/IMG-20250621-WA0015.jpg?fit=720%2C715&ssl=1\",\"contentUrl\":\"https:\\\/\\\/i0.wp.com\\\/infos-droitshumains.net\\\/wp-content\\\/uploads\\\/2025\\\/06\\\/IMG-20250621-WA0015.jpg?fit=720%2C715&ssl=1\",\"width\":720,\"height\":715},{\"@type\":\"BreadcrumbList\",\"@id\":\"https:\\\/\\\/infos-droitshumains.net\\\/?p=15093#breadcrumb\",\"itemListElement\":[{\"@type\":\"ListItem\",\"position\":1,\"name\":\"Accueil\",\"item\":\"https:\\\/\\\/infos-droitshumains.net\\\/\"},{\"@type\":\"ListItem\",\"position\":2,\"name\":\"Cr\u00e9ation d\u2019un Tribunal p\u00e9nal Economique et Financier et le Parquet y rattach\u00e9\u00a0: Me. Carlos Ngwapitshi propose l\u2019introduction des m\u00e9canismes de m\u00e9diation comme alternative \u00e0 la justice p\u00e9nale\"}]},{\"@type\":\"WebSite\",\"@id\":\"https:\\\/\\\/infos-droitshumains.net\\\/#website\",\"url\":\"https:\\\/\\\/infos-droitshumains.net\\\/\",\"name\":\"Infos Droits Humains\",\"description\":\"S&#039;informer est un droit\",\"publisher\":{\"@id\":\"https:\\\/\\\/infos-droitshumains.net\\\/#organization\"},\"potentialAction\":[{\"@type\":\"SearchAction\",\"target\":{\"@type\":\"EntryPoint\",\"urlTemplate\":\"https:\\\/\\\/infos-droitshumains.net\\\/?s={search_term_string}\"},\"query-input\":{\"@type\":\"PropertyValueSpecification\",\"valueRequired\":true,\"valueName\":\"search_term_string\"}}],\"inLanguage\":\"fr-FR\"},{\"@type\":\"Organization\",\"@id\":\"https:\\\/\\\/infos-droitshumains.net\\\/#organization\",\"name\":\"Infos Droits Humains\",\"url\":\"https:\\\/\\\/infos-droitshumains.net\\\/\",\"logo\":{\"@type\":\"ImageObject\",\"inLanguage\":\"fr-FR\",\"@id\":\"https:\\\/\\\/infos-droitshumains.net\\\/#\\\/schema\\\/logo\\\/image\\\/\",\"url\":\"https:\\\/\\\/i0.wp.com\\\/infos-droitshumains.net\\\/wp-content\\\/uploads\\\/2022\\\/05\\\/Logo.png?fit=333%2C129&ssl=1\",\"contentUrl\":\"https:\\\/\\\/i0.wp.com\\\/infos-droitshumains.net\\\/wp-content\\\/uploads\\\/2022\\\/05\\\/Logo.png?fit=333%2C129&ssl=1\",\"width\":333,\"height\":129,\"caption\":\"Infos Droits Humains\"},\"image\":{\"@id\":\"https:\\\/\\\/infos-droitshumains.net\\\/#\\\/schema\\\/logo\\\/image\\\/\"}},{\"@type\":\"Person\",\"@id\":\"https:\\\/\\\/infos-droitshumains.net\\\/#\\\/schema\\\/person\\\/3dc5e921c3302172e0ed4362f96faab7\",\"name\":\"Jo\u00ebl Diawa\",\"image\":{\"@type\":\"ImageObject\",\"inLanguage\":\"fr-FR\",\"@id\":\"https:\\\/\\\/secure.gravatar.com\\\/avatar\\\/729bea6ff4604c624417803c477363be8e3c7186deaa65713313f9b4b820f41c?s=96&d=mm&r=g\",\"url\":\"https:\\\/\\\/secure.gravatar.com\\\/avatar\\\/729bea6ff4604c624417803c477363be8e3c7186deaa65713313f9b4b820f41c?s=96&d=mm&r=g\",\"contentUrl\":\"https:\\\/\\\/secure.gravatar.com\\\/avatar\\\/729bea6ff4604c624417803c477363be8e3c7186deaa65713313f9b4b820f41c?s=96&d=mm&r=g\",\"caption\":\"Jo\u00ebl Diawa\"},\"sameAs\":[\"https:\\\/\\\/www.infos-droitshumains.net\"],\"url\":\"https:\\\/\\\/infos-droitshumains.net\\\/?author=2\"}]}<\/script>\n<!-- \/ Yoast SEO plugin. -->","yoast_head_json":{"title":"Cr\u00e9ation d\u2019un Tribunal p\u00e9nal Economique et Financier et le Parquet y rattach\u00e9\u00a0: Me. Carlos Ngwapitshi propose l\u2019introduction des m\u00e9canismes de m\u00e9diation comme alternative \u00e0 la justice p\u00e9nale - Infos Droits Humains","robots":{"index":"index","follow":"follow","max-snippet":"max-snippet:-1","max-image-preview":"max-image-preview:large","max-video-preview":"max-video-preview:-1"},"canonical":"https:\/\/infos-droitshumains.net\/?p=15093","og_locale":"fr_FR","og_type":"article","og_title":"Cr\u00e9ation d\u2019un Tribunal p\u00e9nal Economique et Financier et le Parquet y rattach\u00e9\u00a0: Me. Carlos Ngwapitshi propose l\u2019introduction des m\u00e9canismes de m\u00e9diation comme alternative \u00e0 la justice p\u00e9nale - Infos Droits Humains","og_description":"R\u00e9daction: +243 817 406 088 Au cours de la 39\u00e8me r\u00e9union du Conseil des ministres,...","og_url":"https:\/\/infos-droitshumains.net\/?p=15093","og_site_name":"Infos Droits Humains","article_published_time":"2025-06-20T22:58:56+00:00","article_modified_time":"2025-06-28T10:05:38+00:00","og_image":[{"width":720,"height":715,"url":"https:\/\/infos-droitshumains.net\/wp-content\/uploads\/2025\/06\/IMG-20250621-WA0015.jpg","type":"image\/jpeg"}],"author":"Jo\u00ebl Diawa","twitter_card":"summary_large_image","twitter_misc":{"\u00c9crit par":"Jo\u00ebl Diawa","Dur\u00e9e de lecture estim\u00e9e":"4 minutes"},"schema":{"@context":"https:\/\/schema.org","@graph":[{"@type":"Article","@id":"https:\/\/infos-droitshumains.net\/?p=15093#article","isPartOf":{"@id":"https:\/\/infos-droitshumains.net\/?p=15093"},"author":{"name":"Jo\u00ebl Diawa","@id":"https:\/\/infos-droitshumains.net\/#\/schema\/person\/3dc5e921c3302172e0ed4362f96faab7"},"headline":"Cr\u00e9ation d\u2019un Tribunal p\u00e9nal Economique et Financier et le Parquet y rattach\u00e9\u00a0: Me. Carlos Ngwapitshi propose l\u2019introduction des m\u00e9canismes de m\u00e9diation comme alternative \u00e0 la justice p\u00e9nale","datePublished":"2025-06-20T22:58:56+00:00","dateModified":"2025-06-28T10:05:38+00:00","mainEntityOfPage":{"@id":"https:\/\/infos-droitshumains.net\/?p=15093"},"wordCount":742,"commentCount":0,"publisher":{"@id":"https:\/\/infos-droitshumains.net\/#organization"},"image":{"@id":"https:\/\/infos-droitshumains.net\/?p=15093#primaryimage"},"thumbnailUrl":"https:\/\/i0.wp.com\/infos-droitshumains.net\/wp-content\/uploads\/2025\/06\/IMG-20250621-WA0015.jpg?fit=720%2C715&ssl=1","articleSection":["Justice"],"inLanguage":"fr-FR","potentialAction":[{"@type":"CommentAction","name":"Comment","target":["https:\/\/infos-droitshumains.net\/?p=15093#respond"]}]},{"@type":"WebPage","@id":"https:\/\/infos-droitshumains.net\/?p=15093","url":"https:\/\/infos-droitshumains.net\/?p=15093","name":"Cr\u00e9ation d\u2019un Tribunal p\u00e9nal Economique et Financier et le Parquet y rattach\u00e9\u00a0: Me. Carlos Ngwapitshi propose l\u2019introduction des m\u00e9canismes de m\u00e9diation comme alternative \u00e0 la justice p\u00e9nale - Infos Droits Humains","isPartOf":{"@id":"https:\/\/infos-droitshumains.net\/#website"},"primaryImageOfPage":{"@id":"https:\/\/infos-droitshumains.net\/?p=15093#primaryimage"},"image":{"@id":"https:\/\/infos-droitshumains.net\/?p=15093#primaryimage"},"thumbnailUrl":"https:\/\/i0.wp.com\/infos-droitshumains.net\/wp-content\/uploads\/2025\/06\/IMG-20250621-WA0015.jpg?fit=720%2C715&ssl=1","datePublished":"2025-06-20T22:58:56+00:00","dateModified":"2025-06-28T10:05:38+00:00","breadcrumb":{"@id":"https:\/\/infos-droitshumains.net\/?p=15093#breadcrumb"},"inLanguage":"fr-FR","potentialAction":[{"@type":"ReadAction","target":["https:\/\/infos-droitshumains.net\/?p=15093"]}]},{"@type":"ImageObject","inLanguage":"fr-FR","@id":"https:\/\/infos-droitshumains.net\/?p=15093#primaryimage","url":"https:\/\/i0.wp.com\/infos-droitshumains.net\/wp-content\/uploads\/2025\/06\/IMG-20250621-WA0015.jpg?fit=720%2C715&ssl=1","contentUrl":"https:\/\/i0.wp.com\/infos-droitshumains.net\/wp-content\/uploads\/2025\/06\/IMG-20250621-WA0015.jpg?fit=720%2C715&ssl=1","width":720,"height":715},{"@type":"BreadcrumbList","@id":"https:\/\/infos-droitshumains.net\/?p=15093#breadcrumb","itemListElement":[{"@type":"ListItem","position":1,"name":"Accueil","item":"https:\/\/infos-droitshumains.net\/"},{"@type":"ListItem","position":2,"name":"Cr\u00e9ation d\u2019un Tribunal p\u00e9nal Economique et Financier et le Parquet y rattach\u00e9\u00a0: Me. Carlos Ngwapitshi propose l\u2019introduction des m\u00e9canismes de m\u00e9diation comme alternative \u00e0 la justice p\u00e9nale"}]},{"@type":"WebSite","@id":"https:\/\/infos-droitshumains.net\/#website","url":"https:\/\/infos-droitshumains.net\/","name":"Infos Droits Humains","description":"S&#039;informer est un droit","publisher":{"@id":"https:\/\/infos-droitshumains.net\/#organization"},"potentialAction":[{"@type":"SearchAction","target":{"@type":"EntryPoint","urlTemplate":"https:\/\/infos-droitshumains.net\/?s={search_term_string}"},"query-input":{"@type":"PropertyValueSpecification","valueRequired":true,"valueName":"search_term_string"}}],"inLanguage":"fr-FR"},{"@type":"Organization","@id":"https:\/\/infos-droitshumains.net\/#organization","name":"Infos Droits Humains","url":"https:\/\/infos-droitshumains.net\/","logo":{"@type":"ImageObject","inLanguage":"fr-FR","@id":"https:\/\/infos-droitshumains.net\/#\/schema\/logo\/image\/","url":"https:\/\/i0.wp.com\/infos-droitshumains.net\/wp-content\/uploads\/2022\/05\/Logo.png?fit=333%2C129&ssl=1","contentUrl":"https:\/\/i0.wp.com\/infos-droitshumains.net\/wp-content\/uploads\/2022\/05\/Logo.png?fit=333%2C129&ssl=1","width":333,"height":129,"caption":"Infos Droits Humains"},"image":{"@id":"https:\/\/infos-droitshumains.net\/#\/schema\/logo\/image\/"}},{"@type":"Person","@id":"https:\/\/infos-droitshumains.net\/#\/schema\/person\/3dc5e921c3302172e0ed4362f96faab7","name":"Jo\u00ebl Diawa","image":{"@type":"ImageObject","inLanguage":"fr-FR","@id":"https:\/\/secure.gravatar.com\/avatar\/729bea6ff4604c624417803c477363be8e3c7186deaa65713313f9b4b820f41c?s=96&d=mm&r=g","url":"https:\/\/secure.gravatar.com\/avatar\/729bea6ff4604c624417803c477363be8e3c7186deaa65713313f9b4b820f41c?s=96&d=mm&r=g","contentUrl":"https:\/\/secure.gravatar.com\/avatar\/729bea6ff4604c624417803c477363be8e3c7186deaa65713313f9b4b820f41c?s=96&d=mm&r=g","caption":"Jo\u00ebl Diawa"},"sameAs":["https:\/\/www.infos-droitshumains.net"],"url":"https:\/\/infos-droitshumains.net\/?author=2"}]}},"featured_image_urls":{"full":["https:\/\/i0.wp.com\/infos-droitshumains.net\/wp-content\/uploads\/2025\/06\/IMG-20250621-WA0015.jpg?fit=720%2C715&ssl=1",720,715,false],"thumbnail":["https:\/\/i0.wp.com\/infos-droitshumains.net\/wp-content\/uploads\/2025\/06\/IMG-20250621-WA0015.jpg?resize=150%2C150&ssl=1",150,150,true],"medium":["https:\/\/i0.wp.com\/infos-droitshumains.net\/wp-content\/uploads\/2025\/06\/IMG-20250621-WA0015.jpg?fit=300%2C298&ssl=1",300,298,true],"medium_large":["https:\/\/i0.wp.com\/infos-droitshumains.net\/wp-content\/uploads\/2025\/06\/IMG-20250621-WA0015.jpg?fit=640%2C636&ssl=1",640,636,true],"large":["https:\/\/i0.wp.com\/infos-droitshumains.net\/wp-content\/uploads\/2025\/06\/IMG-20250621-WA0015.jpg?fit=640%2C636&ssl=1",640,636,true],"1536x1536":["https:\/\/i0.wp.com\/infos-droitshumains.net\/wp-content\/uploads\/2025\/06\/IMG-20250621-WA0015.jpg?fit=720%2C715&ssl=1",720,715,true],"2048x2048":["https:\/\/i0.wp.com\/infos-droitshumains.net\/wp-content\/uploads\/2025\/06\/IMG-20250621-WA0015.jpg?fit=720%2C715&ssl=1",720,715,true],"covernews-slider-full":["https:\/\/i0.wp.com\/infos-droitshumains.net\/wp-content\/uploads\/2025\/06\/IMG-20250621-WA0015.jpg?resize=720%2C715&ssl=1",720,715,true],"covernews-slider-center":["https:\/\/i0.wp.com\/infos-droitshumains.net\/wp-content\/uploads\/2025\/06\/IMG-20250621-WA0015.jpg?resize=720%2C500&ssl=1",720,500,true],"covernews-featured":["https:\/\/i0.wp.com\/infos-droitshumains.net\/wp-content\/uploads\/2025\/06\/IMG-20250621-WA0015.jpg?fit=720%2C715&ssl=1",720,715,true],"covernews-medium":["https:\/\/i0.wp.com\/infos-droitshumains.net\/wp-content\/uploads\/2025\/06\/IMG-20250621-WA0015.jpg?resize=540%2C340&ssl=1",540,340,true],"covernews-medium-square":["https:\/\/i0.wp.com\/infos-droitshumains.net\/wp-content\/uploads\/2025\/06\/IMG-20250621-WA0015.jpg?resize=400%2C250&ssl=1",400,250,true]},"author_info":{"display_name":"Jo\u00ebl Diawa","author_link":"https:\/\/infos-droitshumains.net\/?author=2"},"category_info":"<a href=\"https:\/\/infos-droitshumains.net\/?cat=6\" rel=\"category\">Justice<\/a>","tag_info":"Justice","comment_count":"0","jetpack_featured_media_url":"https:\/\/i0.wp.com\/infos-droitshumains.net\/wp-content\/uploads\/2025\/06\/IMG-20250621-WA0015.jpg?fit=720%2C715&ssl=1","jetpack-related-posts":[],"jetpack_sharing_enabled":true,"_links":{"self":[{"href":"https:\/\/infos-droitshumains.net\/index.php?rest_route=\/wp\/v2\/posts\/15093","targetHints":{"allow":["GET"]}}],"collection":[{"href":"https:\/\/infos-droitshumains.net\/index.php?rest_route=\/wp\/v2\/posts"}],"about":[{"href":"https:\/\/infos-droitshumains.net\/index.php?rest_route=\/wp\/v2\/types\/post"}],"author":[{"embeddable":true,"href":"https:\/\/infos-droitshumains.net\/index.php?rest_route=\/wp\/v2\/users\/2"}],"replies":[{"embeddable":true,"href":"https:\/\/infos-droitshumains.net\/index.php?rest_route=%2Fwp%2Fv2%2Fcomments&post=15093"}],"version-history":[{"count":1,"href":"https:\/\/infos-droitshumains.net\/index.php?rest_route=\/wp\/v2\/posts\/15093\/revisions"}],"predecessor-version":[{"id":15094,"href":"https:\/\/infos-droitshumains.net\/index.php?rest_route=\/wp\/v2\/posts\/15093\/revisions\/15094"}],"wp:featuredmedia":[{"embeddable":true,"href":"https:\/\/infos-droitshumains.net\/index.php?rest_route=\/wp\/v2\/media\/15095"}],"wp:attachment":[{"href":"https:\/\/infos-droitshumains.net\/index.php?rest_route=%2Fwp%2Fv2%2Fmedia&parent=15093"}],"wp:term":[{"taxonomy":"category","embeddable":true,"href":"https:\/\/infos-droitshumains.net\/index.php?rest_route=%2Fwp%2Fv2%2Fcategories&post=15093"},{"taxonomy":"post_tag","embeddable":true,"href":"https:\/\/infos-droitshumains.net\/index.php?rest_route=%2Fwp%2Fv2%2Ftags&post=15093"}],"curies":[{"name":"wp","href":"https:\/\/api.w.org\/{rel}","templated":true}]}}