{"id":15086,"date":"2025-06-20T17:06:19","date_gmt":"2025-06-20T15:06:19","guid":{"rendered":"https:\/\/infos-droitshumains.net\/?p=15086"},"modified":"2025-06-20T18:42:03","modified_gmt":"2025-06-20T16:42:03","slug":"rdc-pas-de-fumee-blanche-a-la-cour-constitutionnelle-la-tension-monte-dun-cran","status":"publish","type":"post","link":"https:\/\/infos-droitshumains.net\/?p=15086","title":{"rendered":"RDC : Pas de fum\u00e9e blanche \u00e0 la Cour Constitutionnelle. La tension monte d\u2019un cran"},"content":{"rendered":"<p><strong>R\u00e9daction: +243 817 406 088<\/strong><\/p>\n<p>Initialement pr\u00e9vue pour ce vendredi 20 juin, l\u2019\u00e9lection du nouveau Pr\u00e9sident de la Cour Constitutionnelle n\u2019\u00e0 finalement pas eu lieu. Des sources internes \u00e9voquent le malaise persistant n\u00e9 d\u2019une s\u00e9rie d\u2019irr\u00e9gularit\u00e9s serait \u00e0 la base de ce report.<\/p>\n<p>Par sa lettre adress\u00e9e au Pr\u00e9sident de la R\u00e9publique, le Pr\u00e9sident Kamuleta avait affirm\u00e9 que la d\u00e9cision de proc\u00e9der \u00e0 cette \u00e9lection est une \u00e9manation de la pl\u00e9ni\u00e8re ; hors au sein de la Cour Constitutionnelle, il se murmure qu\u2019aucune pl\u00e9ni\u00e8re n\u2019a \u00e9t\u00e9 convoqu\u00e9e pour ce faire. C\u2019est ce qui justifiait d\u2019ailleurs la convocation de la pl\u00e9ni\u00e8re hier jeudi, qui n\u2019a finalement pas eu lieu.<\/p>\n<p>Plusieurs autres irr\u00e9gularit\u00e9s seraient \u00e0 la base de la non tenue de ce scrutin. Un malaise persistant caract\u00e9rise le processus notamment, la candidature du Pr\u00e9sident sortant, Dieudonn\u00e9 Kamuleta qui poserait probl\u00e8me.<\/p>\n<p>Les autres juges se disent ne pas \u00eatre d\u2019accord avec la mani\u00e8re de proc\u00e9der de l\u2019actuel Pr\u00e9sident qui userait du trafic d\u2019influence pour imposer sa candidature.<\/p>\n<p>Fin mandat en 2027, <em>\u00ab Dieudonn\u00e9 Kamuleta ne peut pas briguer un poste dont le mandat s\u2019ach\u00e8vera en 2028 \u00bb<\/em>, avait d\u00e9nonc\u00e9 une source sous le sceau de l\u2019anonymat.<br \/>\nSuite au malaise qui r\u00e8gne au sein de cette Cour.<\/p>\n<p>Suite \u00e0 toutes ces irr\u00e9gularit\u00e9s qui ont \u00e9t\u00e9 port\u00e9e \u00e0 la connaissance du Magistrat Supr\u00eame, ce dernier, en d\u00e9mocrate et l\u00e9galiste, a propos\u00e9 \u00e0 ce que la Cour proc\u00e8de a la surs\u00e9ance de l\u2019\u00e9lection m, le temps de tirer les choses au clair afin d\u2019organiser un scrutin beaucoup plus apais\u00e9 et en toute l\u00e9galit\u00e9.<\/p>\n<p>Dans l\u2019entre-temps, \u00e0 partir du lundi, \u00e0 l\u2019expiration de son mandat, Dieudonn\u00e9 Kamuleta entrera dans d\u00e9sormais dans une ill\u00e9galit\u00e9.<\/p>\n<p>La R\u00e9daction<\/p>\n","protected":false},"excerpt":{"rendered":"<p>R\u00e9daction: +243 817 406 088 Initialement pr\u00e9vue pour ce vendredi 20 juin, l\u2019\u00e9lection du nouveau&#8230;<\/p>\n","protected":false},"author":3,"featured_media":15070,"comment_status":"open","ping_status":"open","sticky":false,"template":"","format":"standard","meta":{"_jetpack_memberships_contains_paid_content":false,"footnotes":""},"categories":[1],"tags":[],"class_list":["post-15086","post","type-post","status-publish","format-standard","has-post-thumbnail","hentry","category-non-classe"],"yoast_head":"<!-- This site is optimized with the Yoast SEO plugin v27.5 - https:\/\/yoast.com\/product\/yoast-seo-wordpress\/ -->\n<title>RDC : Pas de fum\u00e9e blanche \u00e0 la Cour Constitutionnelle. La tension monte d\u2019un cran - Infos Droits Humains<\/title>\n<meta name=\"robots\" content=\"index, follow, max-snippet:-1, max-image-preview:large, max-video-preview:-1\" \/>\n<link rel=\"canonical\" href=\"https:\/\/infos-droitshumains.net\/?p=15086\" \/>\n<meta property=\"og:locale\" content=\"fr_FR\" \/>\n<meta property=\"og:type\" content=\"article\" \/>\n<meta property=\"og:title\" content=\"RDC : Pas de fum\u00e9e blanche \u00e0 la Cour Constitutionnelle. La tension monte d\u2019un cran - Infos Droits Humains\" \/>\n<meta property=\"og:description\" content=\"R\u00e9daction: +243 817 406 088 Initialement pr\u00e9vue pour ce vendredi 20 juin, l\u2019\u00e9lection du nouveau...\" \/>\n<meta property=\"og:url\" content=\"https:\/\/infos-droitshumains.net\/?p=15086\" \/>\n<meta property=\"og:site_name\" content=\"Infos Droits Humains\" \/>\n<meta property=\"article:published_time\" content=\"2025-06-20T15:06:19+00:00\" \/>\n<meta property=\"article:modified_time\" content=\"2025-06-20T16:42:03+00:00\" \/>\n<meta property=\"og:image\" content=\"https:\/\/infos-droitshumains.net\/wp-content\/uploads\/2025\/06\/COUR-CONS.jpeg\" \/>\n\t<meta property=\"og:image:width\" content=\"1024\" \/>\n\t<meta property=\"og:image:height\" content=\"720\" \/>\n\t<meta property=\"og:image:type\" content=\"image\/jpeg\" \/>\n<meta name=\"author\" content=\"Super\" \/>\n<meta name=\"twitter:card\" content=\"summary_large_image\" \/>\n<meta name=\"twitter:label1\" content=\"\u00c9crit par\" \/>\n\t<meta name=\"twitter:data1\" content=\"Super\" \/>\n\t<meta name=\"twitter:label2\" content=\"Dur\u00e9e de lecture estim\u00e9e\" \/>\n\t<meta name=\"twitter:data2\" content=\"2 minutes\" \/>\n<script type=\"application\/ld+json\" class=\"yoast-schema-graph\">{\"@context\":\"https:\\\/\\\/schema.org\",\"@graph\":[{\"@type\":\"Article\",\"@id\":\"https:\\\/\\\/infos-droitshumains.net\\\/?p=15086#article\",\"isPartOf\":{\"@id\":\"https:\\\/\\\/infos-droitshumains.net\\\/?p=15086\"},\"author\":{\"name\":\"Super\",\"@id\":\"https:\\\/\\\/infos-droitshumains.net\\\/#\\\/schema\\\/person\\\/db4428dbf83d2d51ecdb0cc0aed0c47f\"},\"headline\":\"RDC : Pas de fum\u00e9e blanche \u00e0 la Cour Constitutionnelle. La tension monte d\u2019un cran\",\"datePublished\":\"2025-06-20T15:06:19+00:00\",\"dateModified\":\"2025-06-20T16:42:03+00:00\",\"mainEntityOfPage\":{\"@id\":\"https:\\\/\\\/infos-droitshumains.net\\\/?p=15086\"},\"wordCount\":335,\"commentCount\":0,\"publisher\":{\"@id\":\"https:\\\/\\\/infos-droitshumains.net\\\/#organization\"},\"image\":{\"@id\":\"https:\\\/\\\/infos-droitshumains.net\\\/?p=15086#primaryimage\"},\"thumbnailUrl\":\"https:\\\/\\\/i0.wp.com\\\/infos-droitshumains.net\\\/wp-content\\\/uploads\\\/2025\\\/06\\\/COUR-CONS.jpeg?fit=1024%2C720&ssl=1\",\"inLanguage\":\"fr-FR\",\"potentialAction\":[{\"@type\":\"CommentAction\",\"name\":\"Comment\",\"target\":[\"https:\\\/\\\/infos-droitshumains.net\\\/?p=15086#respond\"]}]},{\"@type\":\"WebPage\",\"@id\":\"https:\\\/\\\/infos-droitshumains.net\\\/?p=15086\",\"url\":\"https:\\\/\\\/infos-droitshumains.net\\\/?p=15086\",\"name\":\"RDC : Pas de fum\u00e9e blanche \u00e0 la Cour Constitutionnelle. La tension monte d\u2019un cran - Infos Droits Humains\",\"isPartOf\":{\"@id\":\"https:\\\/\\\/infos-droitshumains.net\\\/#website\"},\"primaryImageOfPage\":{\"@id\":\"https:\\\/\\\/infos-droitshumains.net\\\/?p=15086#primaryimage\"},\"image\":{\"@id\":\"https:\\\/\\\/infos-droitshumains.net\\\/?p=15086#primaryimage\"},\"thumbnailUrl\":\"https:\\\/\\\/i0.wp.com\\\/infos-droitshumains.net\\\/wp-content\\\/uploads\\\/2025\\\/06\\\/COUR-CONS.jpeg?fit=1024%2C720&ssl=1\",\"datePublished\":\"2025-06-20T15:06:19+00:00\",\"dateModified\":\"2025-06-20T16:42:03+00:00\",\"breadcrumb\":{\"@id\":\"https:\\\/\\\/infos-droitshumains.net\\\/?p=15086#breadcrumb\"},\"inLanguage\":\"fr-FR\",\"potentialAction\":[{\"@type\":\"ReadAction\",\"target\":[\"https:\\\/\\\/infos-droitshumains.net\\\/?p=15086\"]}]},{\"@type\":\"ImageObject\",\"inLanguage\":\"fr-FR\",\"@id\":\"https:\\\/\\\/infos-droitshumains.net\\\/?p=15086#primaryimage\",\"url\":\"https:\\\/\\\/i0.wp.com\\\/infos-droitshumains.net\\\/wp-content\\\/uploads\\\/2025\\\/06\\\/COUR-CONS.jpeg?fit=1024%2C720&ssl=1\",\"contentUrl\":\"https:\\\/\\\/i0.wp.com\\\/infos-droitshumains.net\\\/wp-content\\\/uploads\\\/2025\\\/06\\\/COUR-CONS.jpeg?fit=1024%2C720&ssl=1\",\"width\":1024,\"height\":720},{\"@type\":\"BreadcrumbList\",\"@id\":\"https:\\\/\\\/infos-droitshumains.net\\\/?p=15086#breadcrumb\",\"itemListElement\":[{\"@type\":\"ListItem\",\"position\":1,\"name\":\"Accueil\",\"item\":\"https:\\\/\\\/infos-droitshumains.net\\\/\"},{\"@type\":\"ListItem\",\"position\":2,\"name\":\"RDC : Pas de fum\u00e9e blanche \u00e0 la Cour Constitutionnelle. La tension monte d\u2019un cran\"}]},{\"@type\":\"WebSite\",\"@id\":\"https:\\\/\\\/infos-droitshumains.net\\\/#website\",\"url\":\"https:\\\/\\\/infos-droitshumains.net\\\/\",\"name\":\"Infos Droits Humains\",\"description\":\"S&#039;informer est un droit\",\"publisher\":{\"@id\":\"https:\\\/\\\/infos-droitshumains.net\\\/#organization\"},\"potentialAction\":[{\"@type\":\"SearchAction\",\"target\":{\"@type\":\"EntryPoint\",\"urlTemplate\":\"https:\\\/\\\/infos-droitshumains.net\\\/?s={search_term_string}\"},\"query-input\":{\"@type\":\"PropertyValueSpecification\",\"valueRequired\":true,\"valueName\":\"search_term_string\"}}],\"inLanguage\":\"fr-FR\"},{\"@type\":\"Organization\",\"@id\":\"https:\\\/\\\/infos-droitshumains.net\\\/#organization\",\"name\":\"Infos Droits Humains\",\"url\":\"https:\\\/\\\/infos-droitshumains.net\\\/\",\"logo\":{\"@type\":\"ImageObject\",\"inLanguage\":\"fr-FR\",\"@id\":\"https:\\\/\\\/infos-droitshumains.net\\\/#\\\/schema\\\/logo\\\/image\\\/\",\"url\":\"https:\\\/\\\/i0.wp.com\\\/infos-droitshumains.net\\\/wp-content\\\/uploads\\\/2022\\\/05\\\/Logo.png?fit=333%2C129&ssl=1\",\"contentUrl\":\"https:\\\/\\\/i0.wp.com\\\/infos-droitshumains.net\\\/wp-content\\\/uploads\\\/2022\\\/05\\\/Logo.png?fit=333%2C129&ssl=1\",\"width\":333,\"height\":129,\"caption\":\"Infos Droits Humains\"},\"image\":{\"@id\":\"https:\\\/\\\/infos-droitshumains.net\\\/#\\\/schema\\\/logo\\\/image\\\/\"}},{\"@type\":\"Person\",\"@id\":\"https:\\\/\\\/infos-droitshumains.net\\\/#\\\/schema\\\/person\\\/db4428dbf83d2d51ecdb0cc0aed0c47f\",\"name\":\"Super\",\"image\":{\"@type\":\"ImageObject\",\"inLanguage\":\"fr-FR\",\"@id\":\"https:\\\/\\\/secure.gravatar.com\\\/avatar\\\/a177815e4b161b0d81413b73815c697bc0e3e6e6fe4a06e3147af3c9aa47fd3b?s=96&d=mm&r=g\",\"url\":\"https:\\\/\\\/secure.gravatar.com\\\/avatar\\\/a177815e4b161b0d81413b73815c697bc0e3e6e6fe4a06e3147af3c9aa47fd3b?s=96&d=mm&r=g\",\"contentUrl\":\"https:\\\/\\\/secure.gravatar.com\\\/avatar\\\/a177815e4b161b0d81413b73815c697bc0e3e6e6fe4a06e3147af3c9aa47fd3b?s=96&d=mm&r=g\",\"caption\":\"Super\"},\"url\":\"https:\\\/\\\/infos-droitshumains.net\\\/?author=3\"}]}<\/script>\n<!-- \/ Yoast SEO plugin. -->","yoast_head_json":{"title":"RDC : Pas de fum\u00e9e blanche \u00e0 la Cour Constitutionnelle. La tension monte d\u2019un cran - Infos Droits Humains","robots":{"index":"index","follow":"follow","max-snippet":"max-snippet:-1","max-image-preview":"max-image-preview:large","max-video-preview":"max-video-preview:-1"},"canonical":"https:\/\/infos-droitshumains.net\/?p=15086","og_locale":"fr_FR","og_type":"article","og_title":"RDC : Pas de fum\u00e9e blanche \u00e0 la Cour Constitutionnelle. La tension monte d\u2019un cran - Infos Droits Humains","og_description":"R\u00e9daction: +243 817 406 088 Initialement pr\u00e9vue pour ce vendredi 20 juin, l\u2019\u00e9lection du nouveau...","og_url":"https:\/\/infos-droitshumains.net\/?p=15086","og_site_name":"Infos Droits Humains","article_published_time":"2025-06-20T15:06:19+00:00","article_modified_time":"2025-06-20T16:42:03+00:00","og_image":[{"width":1024,"height":720,"url":"https:\/\/infos-droitshumains.net\/wp-content\/uploads\/2025\/06\/COUR-CONS.jpeg","type":"image\/jpeg"}],"author":"Super","twitter_card":"summary_large_image","twitter_misc":{"\u00c9crit par":"Super","Dur\u00e9e de lecture estim\u00e9e":"2 minutes"},"schema":{"@context":"https:\/\/schema.org","@graph":[{"@type":"Article","@id":"https:\/\/infos-droitshumains.net\/?p=15086#article","isPartOf":{"@id":"https:\/\/infos-droitshumains.net\/?p=15086"},"author":{"name":"Super","@id":"https:\/\/infos-droitshumains.net\/#\/schema\/person\/db4428dbf83d2d51ecdb0cc0aed0c47f"},"headline":"RDC : Pas de fum\u00e9e blanche \u00e0 la Cour Constitutionnelle. La tension monte d\u2019un cran","datePublished":"2025-06-20T15:06:19+00:00","dateModified":"2025-06-20T16:42:03+00:00","mainEntityOfPage":{"@id":"https:\/\/infos-droitshumains.net\/?p=15086"},"wordCount":335,"commentCount":0,"publisher":{"@id":"https:\/\/infos-droitshumains.net\/#organization"},"image":{"@id":"https:\/\/infos-droitshumains.net\/?p=15086#primaryimage"},"thumbnailUrl":"https:\/\/i0.wp.com\/infos-droitshumains.net\/wp-content\/uploads\/2025\/06\/COUR-CONS.jpeg?fit=1024%2C720&ssl=1","inLanguage":"fr-FR","potentialAction":[{"@type":"CommentAction","name":"Comment","target":["https:\/\/infos-droitshumains.net\/?p=15086#respond"]}]},{"@type":"WebPage","@id":"https:\/\/infos-droitshumains.net\/?p=15086","url":"https:\/\/infos-droitshumains.net\/?p=15086","name":"RDC : Pas de fum\u00e9e blanche \u00e0 la Cour Constitutionnelle. La tension monte d\u2019un cran - Infos Droits Humains","isPartOf":{"@id":"https:\/\/infos-droitshumains.net\/#website"},"primaryImageOfPage":{"@id":"https:\/\/infos-droitshumains.net\/?p=15086#primaryimage"},"image":{"@id":"https:\/\/infos-droitshumains.net\/?p=15086#primaryimage"},"thumbnailUrl":"https:\/\/i0.wp.com\/infos-droitshumains.net\/wp-content\/uploads\/2025\/06\/COUR-CONS.jpeg?fit=1024%2C720&ssl=1","datePublished":"2025-06-20T15:06:19+00:00","dateModified":"2025-06-20T16:42:03+00:00","breadcrumb":{"@id":"https:\/\/infos-droitshumains.net\/?p=15086#breadcrumb"},"inLanguage":"fr-FR","potentialAction":[{"@type":"ReadAction","target":["https:\/\/infos-droitshumains.net\/?p=15086"]}]},{"@type":"ImageObject","inLanguage":"fr-FR","@id":"https:\/\/infos-droitshumains.net\/?p=15086#primaryimage","url":"https:\/\/i0.wp.com\/infos-droitshumains.net\/wp-content\/uploads\/2025\/06\/COUR-CONS.jpeg?fit=1024%2C720&ssl=1","contentUrl":"https:\/\/i0.wp.com\/infos-droitshumains.net\/wp-content\/uploads\/2025\/06\/COUR-CONS.jpeg?fit=1024%2C720&ssl=1","width":1024,"height":720},{"@type":"BreadcrumbList","@id":"https:\/\/infos-droitshumains.net\/?p=15086#breadcrumb","itemListElement":[{"@type":"ListItem","position":1,"name":"Accueil","item":"https:\/\/infos-droitshumains.net\/"},{"@type":"ListItem","position":2,"name":"RDC : Pas de fum\u00e9e blanche \u00e0 la Cour Constitutionnelle. La tension monte d\u2019un cran"}]},{"@type":"WebSite","@id":"https:\/\/infos-droitshumains.net\/#website","url":"https:\/\/infos-droitshumains.net\/","name":"Infos Droits Humains","description":"S&#039;informer est un droit","publisher":{"@id":"https:\/\/infos-droitshumains.net\/#organization"},"potentialAction":[{"@type":"SearchAction","target":{"@type":"EntryPoint","urlTemplate":"https:\/\/infos-droitshumains.net\/?s={search_term_string}"},"query-input":{"@type":"PropertyValueSpecification","valueRequired":true,"valueName":"search_term_string"}}],"inLanguage":"fr-FR"},{"@type":"Organization","@id":"https:\/\/infos-droitshumains.net\/#organization","name":"Infos Droits Humains","url":"https:\/\/infos-droitshumains.net\/","logo":{"@type":"ImageObject","inLanguage":"fr-FR","@id":"https:\/\/infos-droitshumains.net\/#\/schema\/logo\/image\/","url":"https:\/\/i0.wp.com\/infos-droitshumains.net\/wp-content\/uploads\/2022\/05\/Logo.png?fit=333%2C129&ssl=1","contentUrl":"https:\/\/i0.wp.com\/infos-droitshumains.net\/wp-content\/uploads\/2022\/05\/Logo.png?fit=333%2C129&ssl=1","width":333,"height":129,"caption":"Infos Droits Humains"},"image":{"@id":"https:\/\/infos-droitshumains.net\/#\/schema\/logo\/image\/"}},{"@type":"Person","@id":"https:\/\/infos-droitshumains.net\/#\/schema\/person\/db4428dbf83d2d51ecdb0cc0aed0c47f","name":"Super","image":{"@type":"ImageObject","inLanguage":"fr-FR","@id":"https:\/\/secure.gravatar.com\/avatar\/a177815e4b161b0d81413b73815c697bc0e3e6e6fe4a06e3147af3c9aa47fd3b?s=96&d=mm&r=g","url":"https:\/\/secure.gravatar.com\/avatar\/a177815e4b161b0d81413b73815c697bc0e3e6e6fe4a06e3147af3c9aa47fd3b?s=96&d=mm&r=g","contentUrl":"https:\/\/secure.gravatar.com\/avatar\/a177815e4b161b0d81413b73815c697bc0e3e6e6fe4a06e3147af3c9aa47fd3b?s=96&d=mm&r=g","caption":"Super"},"url":"https:\/\/infos-droitshumains.net\/?author=3"}]}},"featured_image_urls":{"full":["https:\/\/i0.wp.com\/infos-droitshumains.net\/wp-content\/uploads\/2025\/06\/COUR-CONS.jpeg?fit=1024%2C720&ssl=1",1024,720,false],"thumbnail":["https:\/\/i0.wp.com\/infos-droitshumains.net\/wp-content\/uploads\/2025\/06\/COUR-CONS.jpeg?resize=150%2C150&ssl=1",150,150,true],"medium":["https:\/\/i0.wp.com\/infos-droitshumains.net\/wp-content\/uploads\/2025\/06\/COUR-CONS.jpeg?fit=300%2C211&ssl=1",300,211,true],"medium_large":["https:\/\/i0.wp.com\/infos-droitshumains.net\/wp-content\/uploads\/2025\/06\/COUR-CONS.jpeg?fit=640%2C450&ssl=1",640,450,true],"large":["https:\/\/i0.wp.com\/infos-droitshumains.net\/wp-content\/uploads\/2025\/06\/COUR-CONS.jpeg?fit=640%2C450&ssl=1",640,450,true],"1536x1536":["https:\/\/i0.wp.com\/infos-droitshumains.net\/wp-content\/uploads\/2025\/06\/COUR-CONS.jpeg?fit=1024%2C720&ssl=1",1024,720,true],"2048x2048":["https:\/\/i0.wp.com\/infos-droitshumains.net\/wp-content\/uploads\/2025\/06\/COUR-CONS.jpeg?fit=1024%2C720&ssl=1",1024,720,true],"covernews-slider-full":["https:\/\/i0.wp.com\/infos-droitshumains.net\/wp-content\/uploads\/2025\/06\/COUR-CONS.jpeg?resize=1024%2C715&ssl=1",1024,715,true],"covernews-slider-center":["https:\/\/i0.wp.com\/infos-droitshumains.net\/wp-content\/uploads\/2025\/06\/COUR-CONS.jpeg?resize=800%2C500&ssl=1",800,500,true],"covernews-featured":["https:\/\/i0.wp.com\/infos-droitshumains.net\/wp-content\/uploads\/2025\/06\/COUR-CONS.jpeg?fit=1024%2C720&ssl=1",1024,720,true],"covernews-medium":["https:\/\/i0.wp.com\/infos-droitshumains.net\/wp-content\/uploads\/2025\/06\/COUR-CONS.jpeg?resize=540%2C340&ssl=1",540,340,true],"covernews-medium-square":["https:\/\/i0.wp.com\/infos-droitshumains.net\/wp-content\/uploads\/2025\/06\/COUR-CONS.jpeg?resize=400%2C250&ssl=1",400,250,true]},"author_info":{"display_name":"Super","author_link":"https:\/\/infos-droitshumains.net\/?author=3"},"category_info":"<a href=\"https:\/\/infos-droitshumains.net\/?cat=1\" rel=\"category\">Non class\u00e9<\/a>","tag_info":"Non class\u00e9","comment_count":"0","jetpack_featured_media_url":"https:\/\/i0.wp.com\/infos-droitshumains.net\/wp-content\/uploads\/2025\/06\/COUR-CONS.jpeg?fit=1024%2C720&ssl=1","jetpack-related-posts":[],"jetpack_sharing_enabled":true,"_links":{"self":[{"href":"https:\/\/infos-droitshumains.net\/index.php?rest_route=\/wp\/v2\/posts\/15086","targetHints":{"allow":["GET"]}}],"collection":[{"href":"https:\/\/infos-droitshumains.net\/index.php?rest_route=\/wp\/v2\/posts"}],"about":[{"href":"https:\/\/infos-droitshumains.net\/index.php?rest_route=\/wp\/v2\/types\/post"}],"author":[{"embeddable":true,"href":"https:\/\/infos-droitshumains.net\/index.php?rest_route=\/wp\/v2\/users\/3"}],"replies":[{"embeddable":true,"href":"https:\/\/infos-droitshumains.net\/index.php?rest_route=%2Fwp%2Fv2%2Fcomments&post=15086"}],"version-history":[{"count":4,"href":"https:\/\/infos-droitshumains.net\/index.php?rest_route=\/wp\/v2\/posts\/15086\/revisions"}],"predecessor-version":[{"id":15092,"href":"https:\/\/infos-droitshumains.net\/index.php?rest_route=\/wp\/v2\/posts\/15086\/revisions\/15092"}],"wp:featuredmedia":[{"embeddable":true,"href":"https:\/\/infos-droitshumains.net\/index.php?rest_route=\/wp\/v2\/media\/15070"}],"wp:attachment":[{"href":"https:\/\/infos-droitshumains.net\/index.php?rest_route=%2Fwp%2Fv2%2Fmedia&parent=15086"}],"wp:term":[{"taxonomy":"category","embeddable":true,"href":"https:\/\/infos-droitshumains.net\/index.php?rest_route=%2Fwp%2Fv2%2Fcategories&post=15086"},{"taxonomy":"post_tag","embeddable":true,"href":"https:\/\/infos-droitshumains.net\/index.php?rest_route=%2Fwp%2Fv2%2Ftags&post=15086"}],"curies":[{"name":"wp","href":"https:\/\/api.w.org\/{rel}","templated":true}]}}