{"id":15053,"date":"2025-06-19T15:17:51","date_gmt":"2025-06-19T13:17:51","guid":{"rendered":"https:\/\/infos-droitshumains.net\/?p=15053"},"modified":"2025-06-19T15:20:46","modified_gmt":"2025-06-19T13:20:46","slug":"kinshasa-les-educateurs-des-enfants-en-situation-difficile-en-sit-in-devant-le-siege-de-lunicef-pour-denoncer-la-desorientation-des-12-millions-canadiens-destines-aux-enfants-vulnerables","status":"publish","type":"post","link":"https:\/\/infos-droitshumains.net\/?p=15053","title":{"rendered":"Kinshasa: les \u00e9ducateurs des enfants en situation difficile en sit-in devant le si\u00e8ge de l&rsquo;UNICEF pour d\u00e9noncer la d\u00e9sorientation des 12 millions $ canadiens destin\u00e9s aux enfants vuln\u00e9rables"},"content":{"rendered":"\n<p><strong>R\u00e9daction: +243 817 406 088<\/strong><\/p>\n\n\n\n<h3 class=\"wp-block-heading has-vivid-red-color has-text-color has-link-color wp-elements-f139cc78374184130964ab7e4e80ad7f\">Ils sont loin de d\u00e9sarmer et d\u00e9termin\u00e9s \u00e0 tout conna\u00eetre sur l&rsquo;affectation des fonds offerts par l&rsquo;ambassade du Canada en RDC au b\u00e9n\u00e9fice des enfants vuln\u00e9rables. Les \u00e9ducateurs des enfants en rupture familiale ainsi que les enfants vuln\u00e9rables ont pris d&rsquo;assaut le quartier g\u00e9n\u00e9ral de l&rsquo;UNICEF \u00e0 Kinshasa ce mercredi 18 juin 2025.<\/h3>\n\n\n\n<p>Assis \u00e0 m\u00eame le sol, tableaux en mains, l&rsquo;on pouvait lire les messages exprimant leurs profondes pr\u00e9occupations sur l&rsquo;affectation des fonds allou\u00e9s aux enfants vuln\u00e9rables dont le plaidoyer a \u00e9t\u00e9 port\u00e9 par les \u00e9ducateurs des enfants en situation difficile qui se consid\u00e8rent \u00eatre mis \u00e0 l&rsquo;\u00e9cart dans la mise en ex\u00e9cution du dit projet.<\/p>\n\n\n\n<p>Fanny Kamweni, encadreur et ex de la rue explique que ce sit-in est organis\u00e9 devant le quartier g\u00e9n\u00e9ral de l&rsquo;UNICEF <em>\u00ab&nbsp;pour exprimer notre indignation face \u00e0 la gestion de 12 millions de dollars canadiens destin\u00e9s aux enfants vuln\u00e9rables, fonds g\u00e9r\u00e9s par&nbsp; la section protection de l&rsquo;enfant de l&rsquo;UNICEF&nbsp;\u00bb<\/em>. Nous sommes <strong><em>\u2018\u2019choqu\u00e9s\u2019\u2019<\/em><\/strong> a-t-elle poursuivi, <em>\u00ab&nbsp;d&rsquo;apprendre que ces fonds sont affect\u00e9s \u00e0 la sensibilisation et au renforcement des capacit\u00e9s des agents de l&rsquo;\u00c9tat, une d\u00e9sorientation des fonds que nous d\u00e9non\u00e7ons car, il n&rsquo;en \u00e9tait pas ainsi \u00e0 la conception de ce projet.&nbsp;\u00bb<\/em><\/p>\n\n\n\n<p>Apr\u00e8s plusieurs heures d&rsquo;attentes \u00e0 l&rsquo;ext\u00e9rieur du b\u00e2timent de l&rsquo;UNICEF, une d\u00e9l\u00e9gation de 4 personnes a finalement \u00e9t\u00e9 autoris\u00e9e \u00e0 acc\u00e9der dans l&rsquo;enceinte pour y d\u00e9poser le m\u00e9morandum dans lequel il est r\u00e9clam\u00e9 entre autre, <strong><em>\u2018\u2019la mise en place d&rsquo;une commission mixte\u2019\u2019<\/em><\/strong> de suivi de cette somme destin\u00e9e aux enfants en situation difficile\u2019\u2019.<\/p>\n\n\n\n<p>Apr\u00e8s avoir accus\u00e9 r\u00e9ception du m\u00e9morandum,&nbsp; l&rsquo;UNICEF a promis de r\u00e9pondre end\u00e9ans un d\u00e9lai de trois jours. Un d\u00e9lai qui est pris tr\u00e8s au s\u00e9rieux par les organisateurs de ce sit-in.<\/p>\n\n\n\n<p>Loin de baisser les bras, les organisateurs projettent une forte mobilisation avec toutes les ONG impliqu\u00e9es pour la cause des enfants vuln\u00e9rables en cas des r\u00e9ponses non satisfaisantes. Un sit-in devant l&rsquo;ambassade du Canada en RDC est aussi envisag\u00e9 ainsi que d&rsquo;autres actions de grande envergure&nbsp;; l&rsquo;objectif \u00e9tant de faire entendre leurs voix et de ne surtout pas cautionner les mauvaises habitudes qui tendent \u00e0 d\u00e9tourner l&rsquo;argent destin\u00e9 \u00e0 la prise en charge des personnes vuln\u00e9rables.<\/p>\n\n\n\n<p>Chantal Kabasua<\/p>\n","protected":false},"excerpt":{"rendered":"<p>R\u00e9daction: +243 817 406 088 Ils sont loin de d\u00e9sarmer et d\u00e9termin\u00e9s \u00e0 tout conna\u00eetre&#8230;<\/p>\n","protected":false},"author":2,"featured_media":15055,"comment_status":"open","ping_status":"open","sticky":false,"template":"","format":"standard","meta":{"_jetpack_memberships_contains_paid_content":false,"footnotes":""},"categories":[8],"tags":[],"class_list":["post-15053","post","type-post","status-publish","format-standard","has-post-thumbnail","hentry","category-societe"],"yoast_head":"<!-- This site is optimized with the Yoast SEO plugin v27.5 - https:\/\/yoast.com\/product\/yoast-seo-wordpress\/ -->\n<title>Kinshasa: les \u00e9ducateurs des enfants en situation difficile en sit-in devant le si\u00e8ge de l&#039;UNICEF pour d\u00e9noncer la d\u00e9sorientation des 12 millions $ canadiens destin\u00e9s aux enfants vuln\u00e9rables - Infos Droits Humains<\/title>\n<meta name=\"robots\" content=\"index, follow, max-snippet:-1, max-image-preview:large, max-video-preview:-1\" \/>\n<link rel=\"canonical\" href=\"https:\/\/infos-droitshumains.net\/?p=15053\" \/>\n<meta property=\"og:locale\" content=\"fr_FR\" \/>\n<meta property=\"og:type\" content=\"article\" \/>\n<meta property=\"og:title\" content=\"Kinshasa: les \u00e9ducateurs des enfants en situation difficile en sit-in devant le si\u00e8ge de l&#039;UNICEF pour d\u00e9noncer la d\u00e9sorientation des 12 millions $ canadiens destin\u00e9s aux enfants vuln\u00e9rables - Infos Droits Humains\" \/>\n<meta property=\"og:description\" content=\"R\u00e9daction: +243 817 406 088 Ils sont loin de d\u00e9sarmer et d\u00e9termin\u00e9s \u00e0 tout conna\u00eetre...\" \/>\n<meta property=\"og:url\" content=\"https:\/\/infos-droitshumains.net\/?p=15053\" \/>\n<meta property=\"og:site_name\" content=\"Infos Droits Humains\" \/>\n<meta property=\"article:published_time\" content=\"2025-06-19T13:17:51+00:00\" \/>\n<meta property=\"article:modified_time\" content=\"2025-06-19T13:20:46+00:00\" \/>\n<meta property=\"og:image\" content=\"https:\/\/infos-droitshumains.net\/wp-content\/uploads\/2025\/06\/IMG-20250619-WA0163.jpg\" \/>\n\t<meta property=\"og:image:width\" content=\"745\" \/>\n\t<meta property=\"og:image:height\" content=\"817\" \/>\n\t<meta property=\"og:image:type\" content=\"image\/jpeg\" \/>\n<meta name=\"author\" content=\"Jo\u00ebl Diawa\" \/>\n<meta name=\"twitter:card\" content=\"summary_large_image\" \/>\n<meta name=\"twitter:label1\" content=\"\u00c9crit par\" \/>\n\t<meta name=\"twitter:data1\" content=\"Jo\u00ebl Diawa\" \/>\n\t<meta name=\"twitter:label2\" content=\"Dur\u00e9e de lecture estim\u00e9e\" \/>\n\t<meta name=\"twitter:data2\" content=\"3 minutes\" \/>\n<script type=\"application\/ld+json\" class=\"yoast-schema-graph\">{\"@context\":\"https:\\\/\\\/schema.org\",\"@graph\":[{\"@type\":\"Article\",\"@id\":\"https:\\\/\\\/infos-droitshumains.net\\\/?p=15053#article\",\"isPartOf\":{\"@id\":\"https:\\\/\\\/infos-droitshumains.net\\\/?p=15053\"},\"author\":{\"name\":\"Jo\u00ebl Diawa\",\"@id\":\"https:\\\/\\\/infos-droitshumains.net\\\/#\\\/schema\\\/person\\\/3dc5e921c3302172e0ed4362f96faab7\"},\"headline\":\"Kinshasa: les \u00e9ducateurs des enfants en situation difficile en sit-in devant le si\u00e8ge de l&rsquo;UNICEF pour d\u00e9noncer la d\u00e9sorientation des 12 millions $ canadiens destin\u00e9s aux enfants vuln\u00e9rables\",\"datePublished\":\"2025-06-19T13:17:51+00:00\",\"dateModified\":\"2025-06-19T13:20:46+00:00\",\"mainEntityOfPage\":{\"@id\":\"https:\\\/\\\/infos-droitshumains.net\\\/?p=15053\"},\"wordCount\":439,\"commentCount\":0,\"publisher\":{\"@id\":\"https:\\\/\\\/infos-droitshumains.net\\\/#organization\"},\"image\":{\"@id\":\"https:\\\/\\\/infos-droitshumains.net\\\/?p=15053#primaryimage\"},\"thumbnailUrl\":\"https:\\\/\\\/i0.wp.com\\\/infos-droitshumains.net\\\/wp-content\\\/uploads\\\/2025\\\/06\\\/IMG-20250619-WA0163.jpg?fit=745%2C817&ssl=1\",\"articleSection\":[\"Soci\u00e9t\u00e9\"],\"inLanguage\":\"fr-FR\",\"potentialAction\":[{\"@type\":\"CommentAction\",\"name\":\"Comment\",\"target\":[\"https:\\\/\\\/infos-droitshumains.net\\\/?p=15053#respond\"]}]},{\"@type\":\"WebPage\",\"@id\":\"https:\\\/\\\/infos-droitshumains.net\\\/?p=15053\",\"url\":\"https:\\\/\\\/infos-droitshumains.net\\\/?p=15053\",\"name\":\"Kinshasa: les \u00e9ducateurs des enfants en situation difficile en sit-in devant le si\u00e8ge de l'UNICEF pour d\u00e9noncer la d\u00e9sorientation des 12 millions $ canadiens destin\u00e9s aux enfants vuln\u00e9rables - Infos Droits Humains\",\"isPartOf\":{\"@id\":\"https:\\\/\\\/infos-droitshumains.net\\\/#website\"},\"primaryImageOfPage\":{\"@id\":\"https:\\\/\\\/infos-droitshumains.net\\\/?p=15053#primaryimage\"},\"image\":{\"@id\":\"https:\\\/\\\/infos-droitshumains.net\\\/?p=15053#primaryimage\"},\"thumbnailUrl\":\"https:\\\/\\\/i0.wp.com\\\/infos-droitshumains.net\\\/wp-content\\\/uploads\\\/2025\\\/06\\\/IMG-20250619-WA0163.jpg?fit=745%2C817&ssl=1\",\"datePublished\":\"2025-06-19T13:17:51+00:00\",\"dateModified\":\"2025-06-19T13:20:46+00:00\",\"breadcrumb\":{\"@id\":\"https:\\\/\\\/infos-droitshumains.net\\\/?p=15053#breadcrumb\"},\"inLanguage\":\"fr-FR\",\"potentialAction\":[{\"@type\":\"ReadAction\",\"target\":[\"https:\\\/\\\/infos-droitshumains.net\\\/?p=15053\"]}]},{\"@type\":\"ImageObject\",\"inLanguage\":\"fr-FR\",\"@id\":\"https:\\\/\\\/infos-droitshumains.net\\\/?p=15053#primaryimage\",\"url\":\"https:\\\/\\\/i0.wp.com\\\/infos-droitshumains.net\\\/wp-content\\\/uploads\\\/2025\\\/06\\\/IMG-20250619-WA0163.jpg?fit=745%2C817&ssl=1\",\"contentUrl\":\"https:\\\/\\\/i0.wp.com\\\/infos-droitshumains.net\\\/wp-content\\\/uploads\\\/2025\\\/06\\\/IMG-20250619-WA0163.jpg?fit=745%2C817&ssl=1\",\"width\":745,\"height\":817},{\"@type\":\"BreadcrumbList\",\"@id\":\"https:\\\/\\\/infos-droitshumains.net\\\/?p=15053#breadcrumb\",\"itemListElement\":[{\"@type\":\"ListItem\",\"position\":1,\"name\":\"Accueil\",\"item\":\"https:\\\/\\\/infos-droitshumains.net\\\/\"},{\"@type\":\"ListItem\",\"position\":2,\"name\":\"Kinshasa: les \u00e9ducateurs des enfants en situation difficile en sit-in devant le si\u00e8ge de l&rsquo;UNICEF pour d\u00e9noncer la d\u00e9sorientation des 12 millions $ canadiens destin\u00e9s aux enfants vuln\u00e9rables\"}]},{\"@type\":\"WebSite\",\"@id\":\"https:\\\/\\\/infos-droitshumains.net\\\/#website\",\"url\":\"https:\\\/\\\/infos-droitshumains.net\\\/\",\"name\":\"Infos Droits Humains\",\"description\":\"S&#039;informer est un droit\",\"publisher\":{\"@id\":\"https:\\\/\\\/infos-droitshumains.net\\\/#organization\"},\"potentialAction\":[{\"@type\":\"SearchAction\",\"target\":{\"@type\":\"EntryPoint\",\"urlTemplate\":\"https:\\\/\\\/infos-droitshumains.net\\\/?s={search_term_string}\"},\"query-input\":{\"@type\":\"PropertyValueSpecification\",\"valueRequired\":true,\"valueName\":\"search_term_string\"}}],\"inLanguage\":\"fr-FR\"},{\"@type\":\"Organization\",\"@id\":\"https:\\\/\\\/infos-droitshumains.net\\\/#organization\",\"name\":\"Infos Droits Humains\",\"url\":\"https:\\\/\\\/infos-droitshumains.net\\\/\",\"logo\":{\"@type\":\"ImageObject\",\"inLanguage\":\"fr-FR\",\"@id\":\"https:\\\/\\\/infos-droitshumains.net\\\/#\\\/schema\\\/logo\\\/image\\\/\",\"url\":\"https:\\\/\\\/i0.wp.com\\\/infos-droitshumains.net\\\/wp-content\\\/uploads\\\/2022\\\/05\\\/Logo.png?fit=333%2C129&ssl=1\",\"contentUrl\":\"https:\\\/\\\/i0.wp.com\\\/infos-droitshumains.net\\\/wp-content\\\/uploads\\\/2022\\\/05\\\/Logo.png?fit=333%2C129&ssl=1\",\"width\":333,\"height\":129,\"caption\":\"Infos Droits Humains\"},\"image\":{\"@id\":\"https:\\\/\\\/infos-droitshumains.net\\\/#\\\/schema\\\/logo\\\/image\\\/\"}},{\"@type\":\"Person\",\"@id\":\"https:\\\/\\\/infos-droitshumains.net\\\/#\\\/schema\\\/person\\\/3dc5e921c3302172e0ed4362f96faab7\",\"name\":\"Jo\u00ebl Diawa\",\"image\":{\"@type\":\"ImageObject\",\"inLanguage\":\"fr-FR\",\"@id\":\"https:\\\/\\\/secure.gravatar.com\\\/avatar\\\/729bea6ff4604c624417803c477363be8e3c7186deaa65713313f9b4b820f41c?s=96&d=mm&r=g\",\"url\":\"https:\\\/\\\/secure.gravatar.com\\\/avatar\\\/729bea6ff4604c624417803c477363be8e3c7186deaa65713313f9b4b820f41c?s=96&d=mm&r=g\",\"contentUrl\":\"https:\\\/\\\/secure.gravatar.com\\\/avatar\\\/729bea6ff4604c624417803c477363be8e3c7186deaa65713313f9b4b820f41c?s=96&d=mm&r=g\",\"caption\":\"Jo\u00ebl Diawa\"},\"sameAs\":[\"https:\\\/\\\/www.infos-droitshumains.net\"],\"url\":\"https:\\\/\\\/infos-droitshumains.net\\\/?author=2\"}]}<\/script>\n<!-- \/ Yoast SEO plugin. -->","yoast_head_json":{"title":"Kinshasa: les \u00e9ducateurs des enfants en situation difficile en sit-in devant le si\u00e8ge de l'UNICEF pour d\u00e9noncer la d\u00e9sorientation des 12 millions $ canadiens destin\u00e9s aux enfants vuln\u00e9rables - Infos Droits Humains","robots":{"index":"index","follow":"follow","max-snippet":"max-snippet:-1","max-image-preview":"max-image-preview:large","max-video-preview":"max-video-preview:-1"},"canonical":"https:\/\/infos-droitshumains.net\/?p=15053","og_locale":"fr_FR","og_type":"article","og_title":"Kinshasa: les \u00e9ducateurs des enfants en situation difficile en sit-in devant le si\u00e8ge de l'UNICEF pour d\u00e9noncer la d\u00e9sorientation des 12 millions $ canadiens destin\u00e9s aux enfants vuln\u00e9rables - Infos Droits Humains","og_description":"R\u00e9daction: +243 817 406 088 Ils sont loin de d\u00e9sarmer et d\u00e9termin\u00e9s \u00e0 tout conna\u00eetre...","og_url":"https:\/\/infos-droitshumains.net\/?p=15053","og_site_name":"Infos Droits Humains","article_published_time":"2025-06-19T13:17:51+00:00","article_modified_time":"2025-06-19T13:20:46+00:00","og_image":[{"width":745,"height":817,"url":"https:\/\/infos-droitshumains.net\/wp-content\/uploads\/2025\/06\/IMG-20250619-WA0163.jpg","type":"image\/jpeg"}],"author":"Jo\u00ebl Diawa","twitter_card":"summary_large_image","twitter_misc":{"\u00c9crit par":"Jo\u00ebl Diawa","Dur\u00e9e de lecture estim\u00e9e":"3 minutes"},"schema":{"@context":"https:\/\/schema.org","@graph":[{"@type":"Article","@id":"https:\/\/infos-droitshumains.net\/?p=15053#article","isPartOf":{"@id":"https:\/\/infos-droitshumains.net\/?p=15053"},"author":{"name":"Jo\u00ebl Diawa","@id":"https:\/\/infos-droitshumains.net\/#\/schema\/person\/3dc5e921c3302172e0ed4362f96faab7"},"headline":"Kinshasa: les \u00e9ducateurs des enfants en situation difficile en sit-in devant le si\u00e8ge de l&rsquo;UNICEF pour d\u00e9noncer la d\u00e9sorientation des 12 millions $ canadiens destin\u00e9s aux enfants vuln\u00e9rables","datePublished":"2025-06-19T13:17:51+00:00","dateModified":"2025-06-19T13:20:46+00:00","mainEntityOfPage":{"@id":"https:\/\/infos-droitshumains.net\/?p=15053"},"wordCount":439,"commentCount":0,"publisher":{"@id":"https:\/\/infos-droitshumains.net\/#organization"},"image":{"@id":"https:\/\/infos-droitshumains.net\/?p=15053#primaryimage"},"thumbnailUrl":"https:\/\/i0.wp.com\/infos-droitshumains.net\/wp-content\/uploads\/2025\/06\/IMG-20250619-WA0163.jpg?fit=745%2C817&ssl=1","articleSection":["Soci\u00e9t\u00e9"],"inLanguage":"fr-FR","potentialAction":[{"@type":"CommentAction","name":"Comment","target":["https:\/\/infos-droitshumains.net\/?p=15053#respond"]}]},{"@type":"WebPage","@id":"https:\/\/infos-droitshumains.net\/?p=15053","url":"https:\/\/infos-droitshumains.net\/?p=15053","name":"Kinshasa: les \u00e9ducateurs des enfants en situation difficile en sit-in devant le si\u00e8ge de l'UNICEF pour d\u00e9noncer la d\u00e9sorientation des 12 millions $ canadiens destin\u00e9s aux enfants vuln\u00e9rables - Infos Droits Humains","isPartOf":{"@id":"https:\/\/infos-droitshumains.net\/#website"},"primaryImageOfPage":{"@id":"https:\/\/infos-droitshumains.net\/?p=15053#primaryimage"},"image":{"@id":"https:\/\/infos-droitshumains.net\/?p=15053#primaryimage"},"thumbnailUrl":"https:\/\/i0.wp.com\/infos-droitshumains.net\/wp-content\/uploads\/2025\/06\/IMG-20250619-WA0163.jpg?fit=745%2C817&ssl=1","datePublished":"2025-06-19T13:17:51+00:00","dateModified":"2025-06-19T13:20:46+00:00","breadcrumb":{"@id":"https:\/\/infos-droitshumains.net\/?p=15053#breadcrumb"},"inLanguage":"fr-FR","potentialAction":[{"@type":"ReadAction","target":["https:\/\/infos-droitshumains.net\/?p=15053"]}]},{"@type":"ImageObject","inLanguage":"fr-FR","@id":"https:\/\/infos-droitshumains.net\/?p=15053#primaryimage","url":"https:\/\/i0.wp.com\/infos-droitshumains.net\/wp-content\/uploads\/2025\/06\/IMG-20250619-WA0163.jpg?fit=745%2C817&ssl=1","contentUrl":"https:\/\/i0.wp.com\/infos-droitshumains.net\/wp-content\/uploads\/2025\/06\/IMG-20250619-WA0163.jpg?fit=745%2C817&ssl=1","width":745,"height":817},{"@type":"BreadcrumbList","@id":"https:\/\/infos-droitshumains.net\/?p=15053#breadcrumb","itemListElement":[{"@type":"ListItem","position":1,"name":"Accueil","item":"https:\/\/infos-droitshumains.net\/"},{"@type":"ListItem","position":2,"name":"Kinshasa: les \u00e9ducateurs des enfants en situation difficile en sit-in devant le si\u00e8ge de l&rsquo;UNICEF pour d\u00e9noncer la d\u00e9sorientation des 12 millions $ canadiens destin\u00e9s aux enfants vuln\u00e9rables"}]},{"@type":"WebSite","@id":"https:\/\/infos-droitshumains.net\/#website","url":"https:\/\/infos-droitshumains.net\/","name":"Infos Droits Humains","description":"S&#039;informer est un droit","publisher":{"@id":"https:\/\/infos-droitshumains.net\/#organization"},"potentialAction":[{"@type":"SearchAction","target":{"@type":"EntryPoint","urlTemplate":"https:\/\/infos-droitshumains.net\/?s={search_term_string}"},"query-input":{"@type":"PropertyValueSpecification","valueRequired":true,"valueName":"search_term_string"}}],"inLanguage":"fr-FR"},{"@type":"Organization","@id":"https:\/\/infos-droitshumains.net\/#organization","name":"Infos Droits Humains","url":"https:\/\/infos-droitshumains.net\/","logo":{"@type":"ImageObject","inLanguage":"fr-FR","@id":"https:\/\/infos-droitshumains.net\/#\/schema\/logo\/image\/","url":"https:\/\/i0.wp.com\/infos-droitshumains.net\/wp-content\/uploads\/2022\/05\/Logo.png?fit=333%2C129&ssl=1","contentUrl":"https:\/\/i0.wp.com\/infos-droitshumains.net\/wp-content\/uploads\/2022\/05\/Logo.png?fit=333%2C129&ssl=1","width":333,"height":129,"caption":"Infos Droits Humains"},"image":{"@id":"https:\/\/infos-droitshumains.net\/#\/schema\/logo\/image\/"}},{"@type":"Person","@id":"https:\/\/infos-droitshumains.net\/#\/schema\/person\/3dc5e921c3302172e0ed4362f96faab7","name":"Jo\u00ebl Diawa","image":{"@type":"ImageObject","inLanguage":"fr-FR","@id":"https:\/\/secure.gravatar.com\/avatar\/729bea6ff4604c624417803c477363be8e3c7186deaa65713313f9b4b820f41c?s=96&d=mm&r=g","url":"https:\/\/secure.gravatar.com\/avatar\/729bea6ff4604c624417803c477363be8e3c7186deaa65713313f9b4b820f41c?s=96&d=mm&r=g","contentUrl":"https:\/\/secure.gravatar.com\/avatar\/729bea6ff4604c624417803c477363be8e3c7186deaa65713313f9b4b820f41c?s=96&d=mm&r=g","caption":"Jo\u00ebl Diawa"},"sameAs":["https:\/\/www.infos-droitshumains.net"],"url":"https:\/\/infos-droitshumains.net\/?author=2"}]}},"featured_image_urls":{"full":["https:\/\/i0.wp.com\/infos-droitshumains.net\/wp-content\/uploads\/2025\/06\/IMG-20250619-WA0163.jpg?fit=745%2C817&ssl=1",745,817,false],"thumbnail":["https:\/\/i0.wp.com\/infos-droitshumains.net\/wp-content\/uploads\/2025\/06\/IMG-20250619-WA0163.jpg?resize=150%2C150&ssl=1",150,150,true],"medium":["https:\/\/i0.wp.com\/infos-droitshumains.net\/wp-content\/uploads\/2025\/06\/IMG-20250619-WA0163.jpg?fit=274%2C300&ssl=1",274,300,true],"medium_large":["https:\/\/i0.wp.com\/infos-droitshumains.net\/wp-content\/uploads\/2025\/06\/IMG-20250619-WA0163.jpg?fit=640%2C702&ssl=1",640,702,true],"large":["https:\/\/i0.wp.com\/infos-droitshumains.net\/wp-content\/uploads\/2025\/06\/IMG-20250619-WA0163.jpg?fit=640%2C702&ssl=1",640,702,true],"1536x1536":["https:\/\/i0.wp.com\/infos-droitshumains.net\/wp-content\/uploads\/2025\/06\/IMG-20250619-WA0163.jpg?fit=745%2C817&ssl=1",745,817,true],"2048x2048":["https:\/\/i0.wp.com\/infos-droitshumains.net\/wp-content\/uploads\/2025\/06\/IMG-20250619-WA0163.jpg?fit=745%2C817&ssl=1",745,817,true],"covernews-slider-full":["https:\/\/i0.wp.com\/infos-droitshumains.net\/wp-content\/uploads\/2025\/06\/IMG-20250619-WA0163.jpg?resize=745%2C715&ssl=1",745,715,true],"covernews-slider-center":["https:\/\/i0.wp.com\/infos-droitshumains.net\/wp-content\/uploads\/2025\/06\/IMG-20250619-WA0163.jpg?resize=745%2C500&ssl=1",745,500,true],"covernews-featured":["https:\/\/i0.wp.com\/infos-droitshumains.net\/wp-content\/uploads\/2025\/06\/IMG-20250619-WA0163.jpg?fit=745%2C817&ssl=1",745,817,true],"covernews-medium":["https:\/\/i0.wp.com\/infos-droitshumains.net\/wp-content\/uploads\/2025\/06\/IMG-20250619-WA0163.jpg?resize=540%2C340&ssl=1",540,340,true],"covernews-medium-square":["https:\/\/i0.wp.com\/infos-droitshumains.net\/wp-content\/uploads\/2025\/06\/IMG-20250619-WA0163.jpg?resize=400%2C250&ssl=1",400,250,true]},"author_info":{"display_name":"Jo\u00ebl Diawa","author_link":"https:\/\/infos-droitshumains.net\/?author=2"},"category_info":"<a href=\"https:\/\/infos-droitshumains.net\/?cat=8\" rel=\"category\">Soci\u00e9t\u00e9<\/a>","tag_info":"Soci\u00e9t\u00e9","comment_count":"0","jetpack_featured_media_url":"https:\/\/i0.wp.com\/infos-droitshumains.net\/wp-content\/uploads\/2025\/06\/IMG-20250619-WA0163.jpg?fit=745%2C817&ssl=1","jetpack-related-posts":[],"jetpack_sharing_enabled":true,"_links":{"self":[{"href":"https:\/\/infos-droitshumains.net\/index.php?rest_route=\/wp\/v2\/posts\/15053","targetHints":{"allow":["GET"]}}],"collection":[{"href":"https:\/\/infos-droitshumains.net\/index.php?rest_route=\/wp\/v2\/posts"}],"about":[{"href":"https:\/\/infos-droitshumains.net\/index.php?rest_route=\/wp\/v2\/types\/post"}],"author":[{"embeddable":true,"href":"https:\/\/infos-droitshumains.net\/index.php?rest_route=\/wp\/v2\/users\/2"}],"replies":[{"embeddable":true,"href":"https:\/\/infos-droitshumains.net\/index.php?rest_route=%2Fwp%2Fv2%2Fcomments&post=15053"}],"version-history":[{"count":1,"href":"https:\/\/infos-droitshumains.net\/index.php?rest_route=\/wp\/v2\/posts\/15053\/revisions"}],"predecessor-version":[{"id":15054,"href":"https:\/\/infos-droitshumains.net\/index.php?rest_route=\/wp\/v2\/posts\/15053\/revisions\/15054"}],"wp:featuredmedia":[{"embeddable":true,"href":"https:\/\/infos-droitshumains.net\/index.php?rest_route=\/wp\/v2\/media\/15055"}],"wp:attachment":[{"href":"https:\/\/infos-droitshumains.net\/index.php?rest_route=%2Fwp%2Fv2%2Fmedia&parent=15053"}],"wp:term":[{"taxonomy":"category","embeddable":true,"href":"https:\/\/infos-droitshumains.net\/index.php?rest_route=%2Fwp%2Fv2%2Fcategories&post=15053"},{"taxonomy":"post_tag","embeddable":true,"href":"https:\/\/infos-droitshumains.net\/index.php?rest_route=%2Fwp%2Fv2%2Ftags&post=15053"}],"curies":[{"name":"wp","href":"https:\/\/api.w.org\/{rel}","templated":true}]}}