{"id":1504,"date":"2022-01-06T13:57:41","date_gmt":"2022-01-06T12:57:41","guid":{"rendered":"https:\/\/infos-droitshumains.net\/?p=1504"},"modified":"2023-04-06T12:11:02","modified_gmt":"2023-04-06T10:11:02","slug":"marcelin-bilomba-lexemple-atypique-dun-cabinet-presidentiel-avili","status":"publish","type":"post","link":"https:\/\/infos-droitshumains.net\/?p=1504","title":{"rendered":"Marcelin Bilomba : L&rsquo;exemple atypique d&rsquo;un cabinet pr\u00e9sidentiel avili"},"content":{"rendered":"\n<p><strong>R\u00e9daction :+243817406088<\/strong><\/p>\n\n\n\n<p>La tourn\u00e9e du Chef de l&rsquo;\u00c9tat dans l&rsquo;espace grand Kasa\u00ef est r\u00e9v\u00e9latrice de plusieurs abus commis par certains de ses proches. Les uns se seraient caract\u00e9ris\u00e9 par des d\u00e9tournement des deniers publics, les autres par des trafics d&rsquo;influence ou encore, manque d&rsquo;efficacit\u00e9 \u00e0 accompagner le pr\u00e9sident F\u00e9lix Tshisekedi \u00e0 r\u00e9ussir son premier quinquennat.<\/p>\n\n\n\n<p>Le cas le plus r\u00e9cent est celui de Marcelin Bilomba, conseiller principal au coll\u00e8ge \u00e9conomie et finance \u00e0 la pr\u00e9sidence.<\/p>\n\n\n\n<p>Il a \u00e9t\u00e9 confi\u00e9 a cet \u00e9conomiste de l&rsquo;Universit\u00e9 de Gen\u00e8ve, la charge de la construction des infrastructures de base au Kasa\u00ef Oriental. Ces infrastructures devaient \u00eatre compos\u00e9es des \u00e9coles et h\u00f4pitaux \u00e0 Mbuji-mayi et \u00e0 Mupompa. Le co\u00fbt global de ce projet s&rsquo;\u00e9levait \u00e0 14 millions USD.<\/p>\n\n\n\n<p>Une sommes exorbitant qu&rsquo;Alphonse Ngoyi Kasanji a farouchement remis en cause. Le d\u00e9put\u00e9 national \u00e9lu de Mbuji-mayi et ancien gouverneur de la province du Kasa\u00ef Oriental, d\u00e9nonce la surfacturation et le d\u00e9tournement des deniers publics dans ce projet pilot\u00e9 par Marcelin Bilomba.<\/p>\n\n\n\n<p><em><strong>Bilomba savonne Kasanji<\/strong><\/em><\/p>\n\n\n\n<p>Apr\u00e8s cette d\u00e9nonciation, Ngoyi Kasanji a \u00e9t\u00e9 vivement pris en parti par l&rsquo;homme de l&rsquo;Universit\u00e9 de Gen\u00e8ve. Caract\u00e9ris\u00e9 par des d\u00e9clarations teint\u00e9es de haine et d&rsquo;une arrogance qui ne dit pas son nom, Bilomba n&rsquo;a pas d\u00e9rog\u00e9 \u00e0 sa r\u00e8gle, sans rencontrer Kasanji sur les faits :<\/p>\n\n\n\n<p><em><strong>\u00ab\u00a0Ngoyi Kasanji, \u00e0 peine juriste, assimil\u00e9 \u00e0 un juriste, dipl\u00f4me d&rsquo;une \u00e9cole parall\u00e8le. S&rsquo;il veut rentrer dans la cour des grands, il doit apprendre \u00e0 respecter ceux qui travaillent des proc\u00e9dures ; les gens qui ont l&rsquo;expertise, qui ont l&rsquo;exp\u00e9rience\u2026Je ne peux pas me rabaisser. Je pense que Ngoyi Kasanji a d\u00e9truit cette province. Il n&rsquo;a aucune le\u00e7on \u00e0 donner\u2026\u00a0\u00bb <\/strong><\/em>avait d\u00e9clar\u00e9 Marcelin Bilomba en r\u00e9action \u00e0 la sortie m\u00e9diatique de Ngoyi Kasanji.<\/p>\n\n\n\n<p><strong><em>Kabund au secours de Kasanji<\/em><\/strong><\/p>\n\n\n\n<p>Cette d\u00e9claration de l&rsquo;homme de l&rsquo;Universit\u00e9 de Gen\u00e8ve n&rsquo;a visiblement pas \u00e9t\u00e9 appr\u00e9ci\u00e9 dans les \u00e9tats majors de l&rsquo;Union pour la D\u00e9mocratie et le Progr\u00e8s Social, UDPS. Jean-Marc Kabund-A-Kabund, pr\u00e9sident ai du parti pr\u00e9sidentiel, a publiquement pr\u00e9sent\u00e9 ses excuses \u00e0 Ngoyi Kasanji et a invit\u00e9 la justice \u00e0 saisir la balle au bond:<\/p>\n\n\n\n<p><em><strong>\u00ab\u00a0L\u2019honorable NGOKAS qui n\u2019a fait que son travail de contr\u00f4leur de l\u2019action de l\u2019ex\u00e9cutif m\u00e9rite mieux que des insultes. Au nom de l\u2019UDPS et au mien propre,je tiens \u00e0 lui pr\u00e9senter des excuses et prie \u00e0 la justice de se saisir de la d\u00e9nonciation pour \u00e9tablir des responsabilit\u00e9s\u00a0\u00bb <\/strong><\/em>a-t-il l\u00e2ch\u00e9 sur son compte twitter.<\/p>\n\n\n\n<figure class=\"wp-block-image alignfull size-large\"><img data-recalc-dims=\"1\" decoding=\"async\" src=\"https:\/\/i0.wp.com\/infos-droitshumains.net\/wp-content\/uploads\/2022\/01\/Screenshot_20220106-102623_1.jpg?w=640&#038;ssl=1\" alt=\"\" class=\"wp-image-1507\" \/><\/figure>\n\n\n\n<p>Depuis un certain temps, les membres du cabinet du chef de l&rsquo;\u00c9tat agissent comme un gouvernement parall\u00e8le en g\u00e9rant des fonds publics destin\u00e9s \u00e0 la r\u00e9alisation de certains projets qui rel\u00e8vent de la comp\u00e9tence du  gouvernement. En ont-ils le droit?<\/p>\n\n\n\n<p>Me Victor Ebenya Molangi r\u00e9pond par le n\u00e9gatit. Le pr\u00e9sident de l&rsquo;asbl Droit Plus fonde son argumentaire sur base de l\u2019article 91 de la Constitution dispose:<\/p>\n\n\n\n<p><em>\u00ab\u00a0Le Gouvernement d\u00e9finit, en concertation avec le Pr\u00e9sident de la R\u00e9publique, la politique de la Nation et en assume la responsabilit\u00e9. Le Gouvernement conduit la politique de la nation. La d\u00e9fense, la s\u00e9curit\u00e9 et les affaires \u00e9trang\u00e8res sont des domaines de collaboration entre le Pr\u00e9sident de la R\u00e9publique et le Gouvernement\u00a0\u00bb.<\/em><\/p>\n\n\n\n<p>Selon son interpr\u00e9tation de cet article,<em><strong> \u00ab\u00a0le Gouvernement ne collabore avec le Pr\u00e9sident de la R\u00e9publique que dans les domaines de la d\u00e9fense, de la s\u00e9curit\u00e9 et des affaires \u00e9trang\u00e8res\u00a0\u00bb.<\/strong><\/em><\/p>\n\n\n\n<p>Me Victor Molangi Ebenya \u00e9voque \u00e9galement les dispositions de l\u2019article 93 de la m\u00eame Constitution:<\/p>\n\n\n\n<p><em>\u00ab\u00a0Le Ministre est responsable de son d\u00e9partement. Il applique le programme gouvernemental dans son minist\u00e8re, sous la direction et la coordination du Premier Ministre\u00a0\u00bb.<\/em><\/p>\n\n\n\n<p>C\u2019est-\u00e0-dire \u00ab\u00a0en mati\u00e8re d\u2019infrastructures par exemple, c\u2019est le Ministre des Travaux Publics et Infrastructures qui en est le patron pour toute l\u2019\u00e9tendue de la R\u00e9publique\u00a0\u00bb.<\/p>\n\n\n\n<p>Il a enfin \u00e9voqu\u00e9 l\u2019article 2 de l\u2019Ordonnance n\u00b0 09\/003 du 30 janvier 2009 portant organisation et fonctionnement du Cabinet du Pr\u00e9sident de la R\u00e9publique, telle que modifi\u00e9e et compl\u00e9t\u00e9e par l\u2019Ordonnance n\u00b0 19\/008 du 05 mars 2019:<\/p>\n\n\n\n<p>\u00ab\u00a0les Conseillers du Pr\u00e9sident de la R\u00e9publique, qui font partie int\u00e9grante de son Cabinet, n\u2019ont pour mission que d\u2019assister le Pr\u00e9sident de la R\u00e9publique dans l\u2019exercice de ses pr\u00e9rogatives de Chef de l\u2019Etat, notamment en \u00e9tudiant les questions qui leur sont soumises par le Pr\u00e9sident de la R\u00e9publique et en proposant au Pr\u00e9sident de la R\u00e9publique toute mesure jug\u00e9e n\u00e9cessaire ou opportune pour la bonne marche des affaires de l\u2019Etat. Pour ce faire, la m\u00eame Ordonnance impose auxdits Conseillers, le devoir de resserve et de discr\u00e9tion (article 16 de l\u2019Ordonnance pr\u00e9cit\u00e9e).<\/p>\n\n\n\n<p>Me Victor Ebenya Molangi conclu que le Pr\u00e9sident de la R\u00e9publique a <em><strong>\u00ab\u00a0cr\u00e9e,  en violation des textes juridiques en la mati\u00e8re, un Gouvernement parall\u00e8le, en confiant \u00e0 ses Conseillers les charges qui doivent normalement revenir au Gouvernement\u00a0\u00bb.<\/strong><\/em><\/p>\n\n\n\n<p>Les actes pos\u00e9s par certains membres du cabinet de F\u00e9lix Tshisekedi sont vivement critiqu\u00e9s par l&rsquo;opinion publique. Des voix s&rsquo;\u00e9l\u00e8vent pour que le premier des congolais fasse un coup de balai au sein de son cabinet.<\/p>\n\n\n\n<p>Jo\u00ebl Diawa<\/p>\n","protected":false},"excerpt":{"rendered":"<p>R\u00e9daction :+243817406088 La tourn\u00e9e du Chef de l&rsquo;\u00c9tat dans l&rsquo;espace grand Kasa\u00ef est r\u00e9v\u00e9latrice de&#8230;<\/p>\n","protected":false},"author":2,"featured_media":0,"comment_status":"closed","ping_status":"open","sticky":false,"template":"","format":"standard","meta":{"_jetpack_memberships_contains_paid_content":false,"footnotes":""},"categories":[1],"tags":[],"class_list":["post-1504","post","type-post","status-publish","format-standard","hentry","category-non-classe"],"yoast_head":"<!-- This site is optimized with the Yoast SEO plugin v27.5 - https:\/\/yoast.com\/product\/yoast-seo-wordpress\/ -->\n<title>Marcelin Bilomba : L&#039;exemple atypique d&#039;un cabinet pr\u00e9sidentiel avili - Infos Droits Humains<\/title>\n<meta name=\"robots\" content=\"index, follow, max-snippet:-1, max-image-preview:large, max-video-preview:-1\" \/>\n<link rel=\"canonical\" href=\"https:\/\/infos-droitshumains.net\/?p=1504\" \/>\n<meta property=\"og:locale\" content=\"fr_FR\" \/>\n<meta property=\"og:type\" content=\"article\" \/>\n<meta property=\"og:title\" content=\"Marcelin Bilomba : L&#039;exemple atypique d&#039;un cabinet pr\u00e9sidentiel avili - Infos Droits Humains\" \/>\n<meta property=\"og:description\" content=\"R\u00e9daction :+243817406088 La tourn\u00e9e du Chef de l&rsquo;\u00c9tat dans l&rsquo;espace grand Kasa\u00ef est r\u00e9v\u00e9latrice de...\" \/>\n<meta property=\"og:url\" content=\"https:\/\/infos-droitshumains.net\/?p=1504\" \/>\n<meta property=\"og:site_name\" content=\"Infos Droits Humains\" \/>\n<meta property=\"article:published_time\" content=\"2022-01-06T12:57:41+00:00\" \/>\n<meta property=\"article:modified_time\" content=\"2023-04-06T10:11:02+00:00\" \/>\n<meta property=\"og:image\" content=\"https:\/\/infos-droitshumains.net\/wp-content\/uploads\/2022\/01\/Screenshot_20220106-102623_1.jpg\" \/>\n<meta name=\"author\" content=\"Jo\u00ebl Diawa\" \/>\n<meta name=\"twitter:card\" content=\"summary_large_image\" \/>\n<meta name=\"twitter:label1\" content=\"\u00c9crit par\" \/>\n\t<meta name=\"twitter:data1\" content=\"Jo\u00ebl Diawa\" \/>\n\t<meta name=\"twitter:label2\" content=\"Dur\u00e9e de lecture estim\u00e9e\" \/>\n\t<meta name=\"twitter:data2\" content=\"5 minutes\" \/>\n<script type=\"application\/ld+json\" class=\"yoast-schema-graph\">{\"@context\":\"https:\\\/\\\/schema.org\",\"@graph\":[{\"@type\":\"Article\",\"@id\":\"https:\\\/\\\/infos-droitshumains.net\\\/?p=1504#article\",\"isPartOf\":{\"@id\":\"https:\\\/\\\/infos-droitshumains.net\\\/?p=1504\"},\"author\":{\"name\":\"Jo\u00ebl Diawa\",\"@id\":\"https:\\\/\\\/infos-droitshumains.net\\\/#\\\/schema\\\/person\\\/3dc5e921c3302172e0ed4362f96faab7\"},\"headline\":\"Marcelin Bilomba : L&rsquo;exemple atypique d&rsquo;un cabinet pr\u00e9sidentiel avili\",\"datePublished\":\"2022-01-06T12:57:41+00:00\",\"dateModified\":\"2023-04-06T10:11:02+00:00\",\"mainEntityOfPage\":{\"@id\":\"https:\\\/\\\/infos-droitshumains.net\\\/?p=1504\"},\"wordCount\":929,\"publisher\":{\"@id\":\"https:\\\/\\\/infos-droitshumains.net\\\/#organization\"},\"image\":{\"@id\":\"https:\\\/\\\/infos-droitshumains.net\\\/?p=1504#primaryimage\"},\"thumbnailUrl\":\"https:\\\/\\\/infos-droitshumains.net\\\/wp-content\\\/uploads\\\/2022\\\/01\\\/Screenshot_20220106-102623_1.jpg\",\"inLanguage\":\"fr-FR\"},{\"@type\":\"WebPage\",\"@id\":\"https:\\\/\\\/infos-droitshumains.net\\\/?p=1504\",\"url\":\"https:\\\/\\\/infos-droitshumains.net\\\/?p=1504\",\"name\":\"Marcelin Bilomba : L'exemple atypique d'un cabinet pr\u00e9sidentiel avili - Infos Droits Humains\",\"isPartOf\":{\"@id\":\"https:\\\/\\\/infos-droitshumains.net\\\/#website\"},\"primaryImageOfPage\":{\"@id\":\"https:\\\/\\\/infos-droitshumains.net\\\/?p=1504#primaryimage\"},\"image\":{\"@id\":\"https:\\\/\\\/infos-droitshumains.net\\\/?p=1504#primaryimage\"},\"thumbnailUrl\":\"https:\\\/\\\/infos-droitshumains.net\\\/wp-content\\\/uploads\\\/2022\\\/01\\\/Screenshot_20220106-102623_1.jpg\",\"datePublished\":\"2022-01-06T12:57:41+00:00\",\"dateModified\":\"2023-04-06T10:11:02+00:00\",\"breadcrumb\":{\"@id\":\"https:\\\/\\\/infos-droitshumains.net\\\/?p=1504#breadcrumb\"},\"inLanguage\":\"fr-FR\",\"potentialAction\":[{\"@type\":\"ReadAction\",\"target\":[\"https:\\\/\\\/infos-droitshumains.net\\\/?p=1504\"]}]},{\"@type\":\"ImageObject\",\"inLanguage\":\"fr-FR\",\"@id\":\"https:\\\/\\\/infos-droitshumains.net\\\/?p=1504#primaryimage\",\"url\":\"https:\\\/\\\/infos-droitshumains.net\\\/wp-content\\\/uploads\\\/2022\\\/01\\\/Screenshot_20220106-102623_1.jpg\",\"contentUrl\":\"https:\\\/\\\/infos-droitshumains.net\\\/wp-content\\\/uploads\\\/2022\\\/01\\\/Screenshot_20220106-102623_1.jpg\"},{\"@type\":\"BreadcrumbList\",\"@id\":\"https:\\\/\\\/infos-droitshumains.net\\\/?p=1504#breadcrumb\",\"itemListElement\":[{\"@type\":\"ListItem\",\"position\":1,\"name\":\"Accueil\",\"item\":\"https:\\\/\\\/infos-droitshumains.net\\\/\"},{\"@type\":\"ListItem\",\"position\":2,\"name\":\"Marcelin Bilomba : L&rsquo;exemple atypique d&rsquo;un cabinet pr\u00e9sidentiel avili\"}]},{\"@type\":\"WebSite\",\"@id\":\"https:\\\/\\\/infos-droitshumains.net\\\/#website\",\"url\":\"https:\\\/\\\/infos-droitshumains.net\\\/\",\"name\":\"Infos Droits Humains\",\"description\":\"S&#039;informer est un droit\",\"publisher\":{\"@id\":\"https:\\\/\\\/infos-droitshumains.net\\\/#organization\"},\"potentialAction\":[{\"@type\":\"SearchAction\",\"target\":{\"@type\":\"EntryPoint\",\"urlTemplate\":\"https:\\\/\\\/infos-droitshumains.net\\\/?s={search_term_string}\"},\"query-input\":{\"@type\":\"PropertyValueSpecification\",\"valueRequired\":true,\"valueName\":\"search_term_string\"}}],\"inLanguage\":\"fr-FR\"},{\"@type\":\"Organization\",\"@id\":\"https:\\\/\\\/infos-droitshumains.net\\\/#organization\",\"name\":\"Infos Droits Humains\",\"url\":\"https:\\\/\\\/infos-droitshumains.net\\\/\",\"logo\":{\"@type\":\"ImageObject\",\"inLanguage\":\"fr-FR\",\"@id\":\"https:\\\/\\\/infos-droitshumains.net\\\/#\\\/schema\\\/logo\\\/image\\\/\",\"url\":\"https:\\\/\\\/i0.wp.com\\\/infos-droitshumains.net\\\/wp-content\\\/uploads\\\/2022\\\/05\\\/Logo.png?fit=333%2C129&ssl=1\",\"contentUrl\":\"https:\\\/\\\/i0.wp.com\\\/infos-droitshumains.net\\\/wp-content\\\/uploads\\\/2022\\\/05\\\/Logo.png?fit=333%2C129&ssl=1\",\"width\":333,\"height\":129,\"caption\":\"Infos Droits Humains\"},\"image\":{\"@id\":\"https:\\\/\\\/infos-droitshumains.net\\\/#\\\/schema\\\/logo\\\/image\\\/\"}},{\"@type\":\"Person\",\"@id\":\"https:\\\/\\\/infos-droitshumains.net\\\/#\\\/schema\\\/person\\\/3dc5e921c3302172e0ed4362f96faab7\",\"name\":\"Jo\u00ebl Diawa\",\"image\":{\"@type\":\"ImageObject\",\"inLanguage\":\"fr-FR\",\"@id\":\"https:\\\/\\\/secure.gravatar.com\\\/avatar\\\/729bea6ff4604c624417803c477363be8e3c7186deaa65713313f9b4b820f41c?s=96&d=mm&r=g\",\"url\":\"https:\\\/\\\/secure.gravatar.com\\\/avatar\\\/729bea6ff4604c624417803c477363be8e3c7186deaa65713313f9b4b820f41c?s=96&d=mm&r=g\",\"contentUrl\":\"https:\\\/\\\/secure.gravatar.com\\\/avatar\\\/729bea6ff4604c624417803c477363be8e3c7186deaa65713313f9b4b820f41c?s=96&d=mm&r=g\",\"caption\":\"Jo\u00ebl Diawa\"},\"sameAs\":[\"https:\\\/\\\/www.infos-droitshumains.net\"],\"url\":\"https:\\\/\\\/infos-droitshumains.net\\\/?author=2\"}]}<\/script>\n<!-- \/ Yoast SEO plugin. -->","yoast_head_json":{"title":"Marcelin Bilomba : L'exemple atypique d'un cabinet pr\u00e9sidentiel avili - Infos Droits Humains","robots":{"index":"index","follow":"follow","max-snippet":"max-snippet:-1","max-image-preview":"max-image-preview:large","max-video-preview":"max-video-preview:-1"},"canonical":"https:\/\/infos-droitshumains.net\/?p=1504","og_locale":"fr_FR","og_type":"article","og_title":"Marcelin Bilomba : L'exemple atypique d'un cabinet pr\u00e9sidentiel avili - Infos Droits Humains","og_description":"R\u00e9daction :+243817406088 La tourn\u00e9e du Chef de l&rsquo;\u00c9tat dans l&rsquo;espace grand Kasa\u00ef est r\u00e9v\u00e9latrice de...","og_url":"https:\/\/infos-droitshumains.net\/?p=1504","og_site_name":"Infos Droits Humains","article_published_time":"2022-01-06T12:57:41+00:00","article_modified_time":"2023-04-06T10:11:02+00:00","og_image":[{"url":"https:\/\/infos-droitshumains.net\/wp-content\/uploads\/2022\/01\/Screenshot_20220106-102623_1.jpg","type":"","width":"","height":""}],"author":"Jo\u00ebl Diawa","twitter_card":"summary_large_image","twitter_misc":{"\u00c9crit par":"Jo\u00ebl Diawa","Dur\u00e9e de lecture estim\u00e9e":"5 minutes"},"schema":{"@context":"https:\/\/schema.org","@graph":[{"@type":"Article","@id":"https:\/\/infos-droitshumains.net\/?p=1504#article","isPartOf":{"@id":"https:\/\/infos-droitshumains.net\/?p=1504"},"author":{"name":"Jo\u00ebl Diawa","@id":"https:\/\/infos-droitshumains.net\/#\/schema\/person\/3dc5e921c3302172e0ed4362f96faab7"},"headline":"Marcelin Bilomba : L&rsquo;exemple atypique d&rsquo;un cabinet pr\u00e9sidentiel avili","datePublished":"2022-01-06T12:57:41+00:00","dateModified":"2023-04-06T10:11:02+00:00","mainEntityOfPage":{"@id":"https:\/\/infos-droitshumains.net\/?p=1504"},"wordCount":929,"publisher":{"@id":"https:\/\/infos-droitshumains.net\/#organization"},"image":{"@id":"https:\/\/infos-droitshumains.net\/?p=1504#primaryimage"},"thumbnailUrl":"https:\/\/infos-droitshumains.net\/wp-content\/uploads\/2022\/01\/Screenshot_20220106-102623_1.jpg","inLanguage":"fr-FR"},{"@type":"WebPage","@id":"https:\/\/infos-droitshumains.net\/?p=1504","url":"https:\/\/infos-droitshumains.net\/?p=1504","name":"Marcelin Bilomba : L'exemple atypique d'un cabinet pr\u00e9sidentiel avili - Infos Droits Humains","isPartOf":{"@id":"https:\/\/infos-droitshumains.net\/#website"},"primaryImageOfPage":{"@id":"https:\/\/infos-droitshumains.net\/?p=1504#primaryimage"},"image":{"@id":"https:\/\/infos-droitshumains.net\/?p=1504#primaryimage"},"thumbnailUrl":"https:\/\/infos-droitshumains.net\/wp-content\/uploads\/2022\/01\/Screenshot_20220106-102623_1.jpg","datePublished":"2022-01-06T12:57:41+00:00","dateModified":"2023-04-06T10:11:02+00:00","breadcrumb":{"@id":"https:\/\/infos-droitshumains.net\/?p=1504#breadcrumb"},"inLanguage":"fr-FR","potentialAction":[{"@type":"ReadAction","target":["https:\/\/infos-droitshumains.net\/?p=1504"]}]},{"@type":"ImageObject","inLanguage":"fr-FR","@id":"https:\/\/infos-droitshumains.net\/?p=1504#primaryimage","url":"https:\/\/infos-droitshumains.net\/wp-content\/uploads\/2022\/01\/Screenshot_20220106-102623_1.jpg","contentUrl":"https:\/\/infos-droitshumains.net\/wp-content\/uploads\/2022\/01\/Screenshot_20220106-102623_1.jpg"},{"@type":"BreadcrumbList","@id":"https:\/\/infos-droitshumains.net\/?p=1504#breadcrumb","itemListElement":[{"@type":"ListItem","position":1,"name":"Accueil","item":"https:\/\/infos-droitshumains.net\/"},{"@type":"ListItem","position":2,"name":"Marcelin Bilomba : L&rsquo;exemple atypique d&rsquo;un cabinet pr\u00e9sidentiel avili"}]},{"@type":"WebSite","@id":"https:\/\/infos-droitshumains.net\/#website","url":"https:\/\/infos-droitshumains.net\/","name":"Infos Droits Humains","description":"S&#039;informer est un droit","publisher":{"@id":"https:\/\/infos-droitshumains.net\/#organization"},"potentialAction":[{"@type":"SearchAction","target":{"@type":"EntryPoint","urlTemplate":"https:\/\/infos-droitshumains.net\/?s={search_term_string}"},"query-input":{"@type":"PropertyValueSpecification","valueRequired":true,"valueName":"search_term_string"}}],"inLanguage":"fr-FR"},{"@type":"Organization","@id":"https:\/\/infos-droitshumains.net\/#organization","name":"Infos Droits Humains","url":"https:\/\/infos-droitshumains.net\/","logo":{"@type":"ImageObject","inLanguage":"fr-FR","@id":"https:\/\/infos-droitshumains.net\/#\/schema\/logo\/image\/","url":"https:\/\/i0.wp.com\/infos-droitshumains.net\/wp-content\/uploads\/2022\/05\/Logo.png?fit=333%2C129&ssl=1","contentUrl":"https:\/\/i0.wp.com\/infos-droitshumains.net\/wp-content\/uploads\/2022\/05\/Logo.png?fit=333%2C129&ssl=1","width":333,"height":129,"caption":"Infos Droits Humains"},"image":{"@id":"https:\/\/infos-droitshumains.net\/#\/schema\/logo\/image\/"}},{"@type":"Person","@id":"https:\/\/infos-droitshumains.net\/#\/schema\/person\/3dc5e921c3302172e0ed4362f96faab7","name":"Jo\u00ebl Diawa","image":{"@type":"ImageObject","inLanguage":"fr-FR","@id":"https:\/\/secure.gravatar.com\/avatar\/729bea6ff4604c624417803c477363be8e3c7186deaa65713313f9b4b820f41c?s=96&d=mm&r=g","url":"https:\/\/secure.gravatar.com\/avatar\/729bea6ff4604c624417803c477363be8e3c7186deaa65713313f9b4b820f41c?s=96&d=mm&r=g","contentUrl":"https:\/\/secure.gravatar.com\/avatar\/729bea6ff4604c624417803c477363be8e3c7186deaa65713313f9b4b820f41c?s=96&d=mm&r=g","caption":"Jo\u00ebl Diawa"},"sameAs":["https:\/\/www.infos-droitshumains.net"],"url":"https:\/\/infos-droitshumains.net\/?author=2"}]}},"featured_image_urls":{"full":"","thumbnail":"","medium":"","medium_large":"","large":"","1536x1536":"","2048x2048":"","covernews-slider-full":"","covernews-slider-center":"","covernews-featured":"","covernews-medium":"","covernews-medium-square":""},"author_info":{"display_name":"Jo\u00ebl Diawa","author_link":"https:\/\/infos-droitshumains.net\/?author=2"},"category_info":"<a href=\"https:\/\/infos-droitshumains.net\/?cat=1\" rel=\"category\">Non class\u00e9<\/a>","tag_info":"Non class\u00e9","comment_count":"0","jetpack_featured_media_url":"","jetpack-related-posts":[],"jetpack_sharing_enabled":true,"_links":{"self":[{"href":"https:\/\/infos-droitshumains.net\/index.php?rest_route=\/wp\/v2\/posts\/1504","targetHints":{"allow":["GET"]}}],"collection":[{"href":"https:\/\/infos-droitshumains.net\/index.php?rest_route=\/wp\/v2\/posts"}],"about":[{"href":"https:\/\/infos-droitshumains.net\/index.php?rest_route=\/wp\/v2\/types\/post"}],"author":[{"embeddable":true,"href":"https:\/\/infos-droitshumains.net\/index.php?rest_route=\/wp\/v2\/users\/2"}],"replies":[{"embeddable":true,"href":"https:\/\/infos-droitshumains.net\/index.php?rest_route=%2Fwp%2Fv2%2Fcomments&post=1504"}],"version-history":[{"count":5,"href":"https:\/\/infos-droitshumains.net\/index.php?rest_route=\/wp\/v2\/posts\/1504\/revisions"}],"predecessor-version":[{"id":1510,"href":"https:\/\/infos-droitshumains.net\/index.php?rest_route=\/wp\/v2\/posts\/1504\/revisions\/1510"}],"wp:attachment":[{"href":"https:\/\/infos-droitshumains.net\/index.php?rest_route=%2Fwp%2Fv2%2Fmedia&parent=1504"}],"wp:term":[{"taxonomy":"category","embeddable":true,"href":"https:\/\/infos-droitshumains.net\/index.php?rest_route=%2Fwp%2Fv2%2Fcategories&post=1504"},{"taxonomy":"post_tag","embeddable":true,"href":"https:\/\/infos-droitshumains.net\/index.php?rest_route=%2Fwp%2Fv2%2Ftags&post=1504"}],"curies":[{"name":"wp","href":"https:\/\/api.w.org\/{rel}","templated":true}]}}