{"id":14997,"date":"2025-06-18T00:19:28","date_gmt":"2025-06-17T22:19:28","guid":{"rendered":"https:\/\/infos-droitshumains.net\/?p=14997"},"modified":"2025-06-18T00:30:54","modified_gmt":"2025-06-17T22:30:54","slug":"journee-internationale-de-sensibilisation-a-lalbinisme-les-bcnudh-et-ses-partenaires-sensibilisent-sur-les-droits-a-la-sante-des-personnes-atteintes-dalbinisme-et-le-mieux-vivre-ensemble","status":"publish","type":"post","link":"https:\/\/infos-droitshumains.net\/?p=14997","title":{"rendered":"Journ\u00e9e internationale de sensibilisation \u00e0 l&rsquo;albinisme: le BCNUDH et ses partenaires sensibilisent sur les droits \u00e0 la sant\u00e9 des personnes atteintes d\u2019albinisme et le mieux vivre ensemble"},"content":{"rendered":"\n<p><strong>R\u00e9daction: +243 817 406 088<\/strong><\/p>\n\n\n\n<h3 class=\"wp-block-heading has-vivid-red-color has-text-color has-link-color wp-elements-39ea742a0a81229cf1b5a687c1a5b484\"><strong><em>\u00abRevendiquer nos droits, prot\u00e9ger notre peau, pr\u00e9server nos vies&nbsp;\u00bb<\/em><\/strong>, tel est le th\u00e8me sous lequel est c\u00e9l\u00e9br\u00e9e la Journ\u00e9e internationale de sensibilisation \u00e0 l\u2019albinisme 2025. \u00c0 l&rsquo;occasion, une conf\u00e9rence sur les droits \u00e0 la sant\u00e9 des personnes atteintes d\u2019albinisme et le mieux vivre ensemble a \u00e9t\u00e9 organis\u00e9e ce mardi 17 juin \u00e0 Kinshasa par le Bureau Conjoint des Nations Unies aux Droits de l&rsquo;Homme (BCNUDH), en collaboration avec le minist\u00e8re en charge des personnes vivant avec handicap et autres personnes vuln\u00e9rables et les organisations de d\u00e9fense des droits des personnes atteintes d&rsquo;albinisme.<\/h3>\n\n\n\n<figure class=\"wp-block-image alignfull size-full\"><img data-recalc-dims=\"1\" fetchpriority=\"high\" decoding=\"async\" width=\"640\" height=\"853\" src=\"https:\/\/i0.wp.com\/infos-droitshumains.net\/wp-content\/uploads\/2025\/06\/IMG-20250617-WA0080.jpg?resize=640%2C853&#038;ssl=1\" alt=\"\" class=\"wp-image-15002\" srcset=\"https:\/\/i0.wp.com\/infos-droitshumains.net\/wp-content\/uploads\/2025\/06\/IMG-20250617-WA0080.jpg?w=768&amp;ssl=1 768w, https:\/\/i0.wp.com\/infos-droitshumains.net\/wp-content\/uploads\/2025\/06\/IMG-20250617-WA0080.jpg?resize=225%2C300&amp;ssl=1 225w\" sizes=\"(max-width: 640px) 100vw, 640px\" \/><\/figure>\n\n\n\n<p><em>\u00ab&nbsp;Le th\u00e8me de la JISA 2025 souligne le besoin urgent de pr\u00e9venir le cancer de la peau chez les personnes atteintes d&rsquo;albinisme par la sensibilisation, le d\u00e9pistage et l&rsquo;acc\u00e8s \u00e0 la cr\u00e8me solaire. Cette conf\u00e9rence, comme mentionn\u00e9 plus t\u00f4t, vise \u00e9galement \u00e0 nous sensibiliser pour notre contribution \u00e0 la coh\u00e9sion sociale et au mieux vivre ensemble. Les personnes atteintes d\u2019albinisme et les personnes handicap\u00e9es en g\u00e9n\u00e9ral continuent de faire l\u2019objet de discrimination et de stigmatisation dans la soci\u00e9t\u00e9&nbsp;\u00bb<\/em>, a d\u00e9clar\u00e9 Mama Guindo, repr\u00e9sentant du directeur du BCNUDH.<\/p>\n\n\n\n<figure class=\"wp-block-image alignfull size-full\"><img data-recalc-dims=\"1\" decoding=\"async\" width=\"640\" height=\"480\" src=\"https:\/\/i0.wp.com\/infos-droitshumains.net\/wp-content\/uploads\/2025\/06\/IMG-20250617-WA0075.jpg?resize=640%2C480&#038;ssl=1\" alt=\"\" class=\"wp-image-15003\" srcset=\"https:\/\/i0.wp.com\/infos-droitshumains.net\/wp-content\/uploads\/2025\/06\/IMG-20250617-WA0075.jpg?w=1024&amp;ssl=1 1024w, https:\/\/i0.wp.com\/infos-droitshumains.net\/wp-content\/uploads\/2025\/06\/IMG-20250617-WA0075.jpg?resize=300%2C225&amp;ssl=1 300w, https:\/\/i0.wp.com\/infos-droitshumains.net\/wp-content\/uploads\/2025\/06\/IMG-20250617-WA0075.jpg?resize=768%2C576&amp;ssl=1 768w\" sizes=\"(max-width: 640px) 100vw, 640px\" \/><\/figure>\n\n\n\n<p>\u00c0 en croire Jules Kalala, repr\u00e9sentant des organisations de d\u00e9fense des droits des personnes atteintes d&rsquo;albinisme, Il y&rsquo;a peu d&rsquo;avanc\u00e9e en terme de promotion des droits de cette cat\u00e9gorie des personnes. Il propose par ailleurs plus d&rsquo;actions concr\u00e8tes et d&rsquo;engagement pour faire valoir pleinement ces droits en R\u00e9publique D\u00e9mocratique du Congo.<\/p>\n\n\n\n<p><em>\u00ab&nbsp;Plus de dix ann\u00e9es se sont \u00e9coul\u00e9es depuis l&rsquo;instauration de cette journ\u00e9e internationale, mais que constatons-nous? Beaucoup de c\u00e9r\u00e9monies, peu d&rsquo;actions concr\u00e8tes. Beaucoup de discours, peu de subventions. Beaucoup de compassions, peu d&rsquo;engagement durable. Nous devons transformer cette d\u00e9cennie de silence \u00e0 celle d&rsquo;actions. Cela passe par des activit\u00e9s de grande envergure ancr\u00e9es dans des strat\u00e9gies nationales financ\u00e9es, structur\u00e9es autour de la protection des droits des personnes atteintes d&rsquo;albinisme&nbsp;\u00bb<\/em>, a-t-il indiqu\u00e9.<\/p>\n\n\n\n<figure class=\"wp-block-image alignfull size-full\"><img data-recalc-dims=\"1\" decoding=\"async\" width=\"640\" height=\"480\" src=\"https:\/\/i0.wp.com\/infos-droitshumains.net\/wp-content\/uploads\/2025\/06\/IMG-20250617-WA0074.jpg?resize=640%2C480&#038;ssl=1\" alt=\"\" class=\"wp-image-15004\" srcset=\"https:\/\/i0.wp.com\/infos-droitshumains.net\/wp-content\/uploads\/2025\/06\/IMG-20250617-WA0074.jpg?w=1024&amp;ssl=1 1024w, https:\/\/i0.wp.com\/infos-droitshumains.net\/wp-content\/uploads\/2025\/06\/IMG-20250617-WA0074.jpg?resize=300%2C225&amp;ssl=1 300w, https:\/\/i0.wp.com\/infos-droitshumains.net\/wp-content\/uploads\/2025\/06\/IMG-20250617-WA0074.jpg?resize=768%2C576&amp;ssl=1 768w\" sizes=\"(max-width: 640px) 100vw, 640px\" \/><\/figure>\n\n\n\n<p>De son c\u00f4t\u00e9, Ma\u00eetre Henri Wembolua, repr\u00e9sentant de la ministre d\u00e9l\u00e9gu\u00e9e en charge des personnes vivant avec handicap et autres personnes vuln\u00e9rables, a annonc\u00e9 la mise sur pied des textes juridiques incriminant les actes de stigmatisation et de discrimination dont font souvent objet des personnes atteintes d&rsquo;albinisme. Question, de garantir les droits de cette frange des personnes.<\/p>\n\n\n\n<p><em>\u00ab&nbsp;Nous voudrons dire que la stigmatisation aujourd&rsquo;hui et les actes de discrimination sont \u00e9rig\u00e9s en infractions. Dans les jours \u00e0 venir, la vulgarisation de nos textes juridiques sera faite. Et toute personne qui commettra des actes de nature \u00e0 attaquer, \u00e0 d\u00e9truire, \u00e0 d\u00e9ranger, \u00e0 emp\u00eacher la jouissance de tous les droits des personnes atteintes d&rsquo;albinisme et toute autre personne vuln\u00e9rable pourra \u00eatre poursuivi en justice&nbsp;\u00bb<\/em>, a fait savoir maitre Henri Wembolua.<\/p>\n\n\n\n<figure class=\"wp-block-image alignfull size-full\"><img data-recalc-dims=\"1\" loading=\"lazy\" decoding=\"async\" width=\"640\" height=\"480\" src=\"https:\/\/i0.wp.com\/infos-droitshumains.net\/wp-content\/uploads\/2025\/06\/IMG-20250617-WA0073.jpg?resize=640%2C480&#038;ssl=1\" alt=\"\" class=\"wp-image-15007\" srcset=\"https:\/\/i0.wp.com\/infos-droitshumains.net\/wp-content\/uploads\/2025\/06\/IMG-20250617-WA0073.jpg?w=1024&amp;ssl=1 1024w, https:\/\/i0.wp.com\/infos-droitshumains.net\/wp-content\/uploads\/2025\/06\/IMG-20250617-WA0073.jpg?resize=300%2C225&amp;ssl=1 300w, https:\/\/i0.wp.com\/infos-droitshumains.net\/wp-content\/uploads\/2025\/06\/IMG-20250617-WA0073.jpg?resize=768%2C576&amp;ssl=1 768w\" sizes=\"(max-width: 640px) 100vw, 640px\" \/><\/figure>\n\n\n\n<p>Les droits des personnes atteintes d&rsquo;albinisme, la protection de leur peau, leurs sant\u00e9s mentale et visuelle et les actions du gouvernement pour la prise en charge des droits des personnes atteintes d&rsquo;albinisme sont des sujets abord\u00e9s lors de cette journ\u00e9e de sensibilisation et d&rsquo;\u00e9changes.<\/p>\n\n\n\n<p>Par la m\u00eame circonstance, le BCNUDH a sensibilis\u00e9 sur la campagne de la coh\u00e9sion sociale lanc\u00e9e par la MONUSCO il y a quelques semaines sous le th\u00e8me <strong><em>\u00ab&nbsp;Mieux vivre ensemble&nbsp;\u00bb.<\/em><\/strong><\/p>\n\n\n\n<figure class=\"wp-block-image alignfull size-full\"><img data-recalc-dims=\"1\" loading=\"lazy\" decoding=\"async\" width=\"640\" height=\"480\" src=\"https:\/\/i0.wp.com\/infos-droitshumains.net\/wp-content\/uploads\/2025\/06\/IMG-20250617-WA0079.jpg?resize=640%2C480&#038;ssl=1\" alt=\"\" class=\"wp-image-15009\" srcset=\"https:\/\/i0.wp.com\/infos-droitshumains.net\/wp-content\/uploads\/2025\/06\/IMG-20250617-WA0079.jpg?w=1024&amp;ssl=1 1024w, https:\/\/i0.wp.com\/infos-droitshumains.net\/wp-content\/uploads\/2025\/06\/IMG-20250617-WA0079.jpg?resize=300%2C225&amp;ssl=1 300w, https:\/\/i0.wp.com\/infos-droitshumains.net\/wp-content\/uploads\/2025\/06\/IMG-20250617-WA0079.jpg?resize=768%2C576&amp;ssl=1 768w\" sizes=\"(max-width: 640px) 100vw, 640px\" \/><\/figure>\n\n\n\n<p>\u00c0 la fin de cette activit\u00e9, quelques produits expos\u00e9s notamment les savons fabriqu\u00e9s par les personnes atteintes d&rsquo;albinisme ont \u00e9t\u00e9 visit\u00e9s par les participants.<\/p>\n\n\n\n<p>AM<\/p>\n","protected":false},"excerpt":{"rendered":"<p>R\u00e9daction: +243 817 406 088 \u00abRevendiquer nos droits, prot\u00e9ger notre peau, pr\u00e9server nos vies&nbsp;\u00bb, tel&#8230;<\/p>\n","protected":false},"author":2,"featured_media":15000,"comment_status":"open","ping_status":"open","sticky":false,"template":"","format":"standard","meta":{"_jetpack_memberships_contains_paid_content":false,"footnotes":""},"categories":[7],"tags":[],"class_list":["post-14997","post","type-post","status-publish","format-standard","has-post-thumbnail","hentry","category-droits-humains"],"yoast_head":"<!-- This site is optimized with the Yoast SEO plugin v27.5 - https:\/\/yoast.com\/product\/yoast-seo-wordpress\/ -->\n<title>Journ\u00e9e internationale de sensibilisation \u00e0 l&#039;albinisme: le BCNUDH et ses partenaires sensibilisent sur les droits \u00e0 la sant\u00e9 des personnes atteintes d\u2019albinisme et le mieux vivre ensemble - Infos Droits Humains<\/title>\n<meta name=\"robots\" content=\"index, follow, max-snippet:-1, max-image-preview:large, max-video-preview:-1\" \/>\n<link rel=\"canonical\" href=\"https:\/\/infos-droitshumains.net\/?p=14997\" \/>\n<meta property=\"og:locale\" content=\"fr_FR\" \/>\n<meta property=\"og:type\" content=\"article\" \/>\n<meta property=\"og:title\" content=\"Journ\u00e9e internationale de sensibilisation \u00e0 l&#039;albinisme: le BCNUDH et ses partenaires sensibilisent sur les droits \u00e0 la sant\u00e9 des personnes atteintes d\u2019albinisme et le mieux vivre ensemble - Infos Droits Humains\" \/>\n<meta property=\"og:description\" content=\"R\u00e9daction: +243 817 406 088 \u00abRevendiquer nos droits, prot\u00e9ger notre peau, pr\u00e9server nos vies&nbsp;\u00bb, tel...\" \/>\n<meta property=\"og:url\" content=\"https:\/\/infos-droitshumains.net\/?p=14997\" \/>\n<meta property=\"og:site_name\" content=\"Infos Droits Humains\" \/>\n<meta property=\"article:published_time\" content=\"2025-06-17T22:19:28+00:00\" \/>\n<meta property=\"article:modified_time\" content=\"2025-06-17T22:30:54+00:00\" \/>\n<meta property=\"og:image\" content=\"https:\/\/infos-droitshumains.net\/wp-content\/uploads\/2025\/06\/IMG-20250617-WA0077.jpg\" \/>\n\t<meta property=\"og:image:width\" content=\"1024\" \/>\n\t<meta property=\"og:image:height\" content=\"768\" \/>\n\t<meta property=\"og:image:type\" content=\"image\/jpeg\" \/>\n<meta name=\"author\" content=\"Jo\u00ebl Diawa\" \/>\n<meta name=\"twitter:card\" content=\"summary_large_image\" \/>\n<meta name=\"twitter:label1\" content=\"\u00c9crit par\" \/>\n\t<meta name=\"twitter:data1\" content=\"Jo\u00ebl Diawa\" \/>\n\t<meta name=\"twitter:label2\" content=\"Dur\u00e9e de lecture estim\u00e9e\" \/>\n\t<meta name=\"twitter:data2\" content=\"4 minutes\" \/>\n<script type=\"application\/ld+json\" class=\"yoast-schema-graph\">{\"@context\":\"https:\\\/\\\/schema.org\",\"@graph\":[{\"@type\":\"Article\",\"@id\":\"https:\\\/\\\/infos-droitshumains.net\\\/?p=14997#article\",\"isPartOf\":{\"@id\":\"https:\\\/\\\/infos-droitshumains.net\\\/?p=14997\"},\"author\":{\"name\":\"Jo\u00ebl Diawa\",\"@id\":\"https:\\\/\\\/infos-droitshumains.net\\\/#\\\/schema\\\/person\\\/3dc5e921c3302172e0ed4362f96faab7\"},\"headline\":\"Journ\u00e9e internationale de sensibilisation \u00e0 l&rsquo;albinisme: le BCNUDH et ses partenaires sensibilisent sur les droits \u00e0 la sant\u00e9 des personnes atteintes d\u2019albinisme et le mieux vivre ensemble\",\"datePublished\":\"2025-06-17T22:19:28+00:00\",\"dateModified\":\"2025-06-17T22:30:54+00:00\",\"mainEntityOfPage\":{\"@id\":\"https:\\\/\\\/infos-droitshumains.net\\\/?p=14997\"},\"wordCount\":621,\"commentCount\":0,\"publisher\":{\"@id\":\"https:\\\/\\\/infos-droitshumains.net\\\/#organization\"},\"image\":{\"@id\":\"https:\\\/\\\/infos-droitshumains.net\\\/?p=14997#primaryimage\"},\"thumbnailUrl\":\"https:\\\/\\\/i0.wp.com\\\/infos-droitshumains.net\\\/wp-content\\\/uploads\\\/2025\\\/06\\\/IMG-20250617-WA0077.jpg?fit=1024%2C768&ssl=1\",\"articleSection\":[\"Droits Humains\"],\"inLanguage\":\"fr-FR\",\"potentialAction\":[{\"@type\":\"CommentAction\",\"name\":\"Comment\",\"target\":[\"https:\\\/\\\/infos-droitshumains.net\\\/?p=14997#respond\"]}]},{\"@type\":\"WebPage\",\"@id\":\"https:\\\/\\\/infos-droitshumains.net\\\/?p=14997\",\"url\":\"https:\\\/\\\/infos-droitshumains.net\\\/?p=14997\",\"name\":\"Journ\u00e9e internationale de sensibilisation \u00e0 l'albinisme: le BCNUDH et ses partenaires sensibilisent sur les droits \u00e0 la sant\u00e9 des personnes atteintes d\u2019albinisme et le mieux vivre ensemble - Infos Droits Humains\",\"isPartOf\":{\"@id\":\"https:\\\/\\\/infos-droitshumains.net\\\/#website\"},\"primaryImageOfPage\":{\"@id\":\"https:\\\/\\\/infos-droitshumains.net\\\/?p=14997#primaryimage\"},\"image\":{\"@id\":\"https:\\\/\\\/infos-droitshumains.net\\\/?p=14997#primaryimage\"},\"thumbnailUrl\":\"https:\\\/\\\/i0.wp.com\\\/infos-droitshumains.net\\\/wp-content\\\/uploads\\\/2025\\\/06\\\/IMG-20250617-WA0077.jpg?fit=1024%2C768&ssl=1\",\"datePublished\":\"2025-06-17T22:19:28+00:00\",\"dateModified\":\"2025-06-17T22:30:54+00:00\",\"breadcrumb\":{\"@id\":\"https:\\\/\\\/infos-droitshumains.net\\\/?p=14997#breadcrumb\"},\"inLanguage\":\"fr-FR\",\"potentialAction\":[{\"@type\":\"ReadAction\",\"target\":[\"https:\\\/\\\/infos-droitshumains.net\\\/?p=14997\"]}]},{\"@type\":\"ImageObject\",\"inLanguage\":\"fr-FR\",\"@id\":\"https:\\\/\\\/infos-droitshumains.net\\\/?p=14997#primaryimage\",\"url\":\"https:\\\/\\\/i0.wp.com\\\/infos-droitshumains.net\\\/wp-content\\\/uploads\\\/2025\\\/06\\\/IMG-20250617-WA0077.jpg?fit=1024%2C768&ssl=1\",\"contentUrl\":\"https:\\\/\\\/i0.wp.com\\\/infos-droitshumains.net\\\/wp-content\\\/uploads\\\/2025\\\/06\\\/IMG-20250617-WA0077.jpg?fit=1024%2C768&ssl=1\",\"width\":1024,\"height\":768},{\"@type\":\"BreadcrumbList\",\"@id\":\"https:\\\/\\\/infos-droitshumains.net\\\/?p=14997#breadcrumb\",\"itemListElement\":[{\"@type\":\"ListItem\",\"position\":1,\"name\":\"Accueil\",\"item\":\"https:\\\/\\\/infos-droitshumains.net\\\/\"},{\"@type\":\"ListItem\",\"position\":2,\"name\":\"Journ\u00e9e internationale de sensibilisation \u00e0 l&rsquo;albinisme: le BCNUDH et ses partenaires sensibilisent sur les droits \u00e0 la sant\u00e9 des personnes atteintes d\u2019albinisme et le mieux vivre ensemble\"}]},{\"@type\":\"WebSite\",\"@id\":\"https:\\\/\\\/infos-droitshumains.net\\\/#website\",\"url\":\"https:\\\/\\\/infos-droitshumains.net\\\/\",\"name\":\"Infos Droits Humains\",\"description\":\"S&#039;informer est un droit\",\"publisher\":{\"@id\":\"https:\\\/\\\/infos-droitshumains.net\\\/#organization\"},\"potentialAction\":[{\"@type\":\"SearchAction\",\"target\":{\"@type\":\"EntryPoint\",\"urlTemplate\":\"https:\\\/\\\/infos-droitshumains.net\\\/?s={search_term_string}\"},\"query-input\":{\"@type\":\"PropertyValueSpecification\",\"valueRequired\":true,\"valueName\":\"search_term_string\"}}],\"inLanguage\":\"fr-FR\"},{\"@type\":\"Organization\",\"@id\":\"https:\\\/\\\/infos-droitshumains.net\\\/#organization\",\"name\":\"Infos Droits Humains\",\"url\":\"https:\\\/\\\/infos-droitshumains.net\\\/\",\"logo\":{\"@type\":\"ImageObject\",\"inLanguage\":\"fr-FR\",\"@id\":\"https:\\\/\\\/infos-droitshumains.net\\\/#\\\/schema\\\/logo\\\/image\\\/\",\"url\":\"https:\\\/\\\/i0.wp.com\\\/infos-droitshumains.net\\\/wp-content\\\/uploads\\\/2022\\\/05\\\/Logo.png?fit=333%2C129&ssl=1\",\"contentUrl\":\"https:\\\/\\\/i0.wp.com\\\/infos-droitshumains.net\\\/wp-content\\\/uploads\\\/2022\\\/05\\\/Logo.png?fit=333%2C129&ssl=1\",\"width\":333,\"height\":129,\"caption\":\"Infos Droits Humains\"},\"image\":{\"@id\":\"https:\\\/\\\/infos-droitshumains.net\\\/#\\\/schema\\\/logo\\\/image\\\/\"}},{\"@type\":\"Person\",\"@id\":\"https:\\\/\\\/infos-droitshumains.net\\\/#\\\/schema\\\/person\\\/3dc5e921c3302172e0ed4362f96faab7\",\"name\":\"Jo\u00ebl Diawa\",\"image\":{\"@type\":\"ImageObject\",\"inLanguage\":\"fr-FR\",\"@id\":\"https:\\\/\\\/secure.gravatar.com\\\/avatar\\\/729bea6ff4604c624417803c477363be8e3c7186deaa65713313f9b4b820f41c?s=96&d=mm&r=g\",\"url\":\"https:\\\/\\\/secure.gravatar.com\\\/avatar\\\/729bea6ff4604c624417803c477363be8e3c7186deaa65713313f9b4b820f41c?s=96&d=mm&r=g\",\"contentUrl\":\"https:\\\/\\\/secure.gravatar.com\\\/avatar\\\/729bea6ff4604c624417803c477363be8e3c7186deaa65713313f9b4b820f41c?s=96&d=mm&r=g\",\"caption\":\"Jo\u00ebl Diawa\"},\"sameAs\":[\"https:\\\/\\\/www.infos-droitshumains.net\"],\"url\":\"https:\\\/\\\/infos-droitshumains.net\\\/?author=2\"}]}<\/script>\n<!-- \/ Yoast SEO plugin. -->","yoast_head_json":{"title":"Journ\u00e9e internationale de sensibilisation \u00e0 l'albinisme: le BCNUDH et ses partenaires sensibilisent sur les droits \u00e0 la sant\u00e9 des personnes atteintes d\u2019albinisme et le mieux vivre ensemble - Infos Droits Humains","robots":{"index":"index","follow":"follow","max-snippet":"max-snippet:-1","max-image-preview":"max-image-preview:large","max-video-preview":"max-video-preview:-1"},"canonical":"https:\/\/infos-droitshumains.net\/?p=14997","og_locale":"fr_FR","og_type":"article","og_title":"Journ\u00e9e internationale de sensibilisation \u00e0 l'albinisme: le BCNUDH et ses partenaires sensibilisent sur les droits \u00e0 la sant\u00e9 des personnes atteintes d\u2019albinisme et le mieux vivre ensemble - Infos Droits Humains","og_description":"R\u00e9daction: +243 817 406 088 \u00abRevendiquer nos droits, prot\u00e9ger notre peau, pr\u00e9server nos vies&nbsp;\u00bb, tel...","og_url":"https:\/\/infos-droitshumains.net\/?p=14997","og_site_name":"Infos Droits Humains","article_published_time":"2025-06-17T22:19:28+00:00","article_modified_time":"2025-06-17T22:30:54+00:00","og_image":[{"width":1024,"height":768,"url":"https:\/\/infos-droitshumains.net\/wp-content\/uploads\/2025\/06\/IMG-20250617-WA0077.jpg","type":"image\/jpeg"}],"author":"Jo\u00ebl Diawa","twitter_card":"summary_large_image","twitter_misc":{"\u00c9crit par":"Jo\u00ebl Diawa","Dur\u00e9e de lecture estim\u00e9e":"4 minutes"},"schema":{"@context":"https:\/\/schema.org","@graph":[{"@type":"Article","@id":"https:\/\/infos-droitshumains.net\/?p=14997#article","isPartOf":{"@id":"https:\/\/infos-droitshumains.net\/?p=14997"},"author":{"name":"Jo\u00ebl Diawa","@id":"https:\/\/infos-droitshumains.net\/#\/schema\/person\/3dc5e921c3302172e0ed4362f96faab7"},"headline":"Journ\u00e9e internationale de sensibilisation \u00e0 l&rsquo;albinisme: le BCNUDH et ses partenaires sensibilisent sur les droits \u00e0 la sant\u00e9 des personnes atteintes d\u2019albinisme et le mieux vivre ensemble","datePublished":"2025-06-17T22:19:28+00:00","dateModified":"2025-06-17T22:30:54+00:00","mainEntityOfPage":{"@id":"https:\/\/infos-droitshumains.net\/?p=14997"},"wordCount":621,"commentCount":0,"publisher":{"@id":"https:\/\/infos-droitshumains.net\/#organization"},"image":{"@id":"https:\/\/infos-droitshumains.net\/?p=14997#primaryimage"},"thumbnailUrl":"https:\/\/i0.wp.com\/infos-droitshumains.net\/wp-content\/uploads\/2025\/06\/IMG-20250617-WA0077.jpg?fit=1024%2C768&ssl=1","articleSection":["Droits Humains"],"inLanguage":"fr-FR","potentialAction":[{"@type":"CommentAction","name":"Comment","target":["https:\/\/infos-droitshumains.net\/?p=14997#respond"]}]},{"@type":"WebPage","@id":"https:\/\/infos-droitshumains.net\/?p=14997","url":"https:\/\/infos-droitshumains.net\/?p=14997","name":"Journ\u00e9e internationale de sensibilisation \u00e0 l'albinisme: le BCNUDH et ses partenaires sensibilisent sur les droits \u00e0 la sant\u00e9 des personnes atteintes d\u2019albinisme et le mieux vivre ensemble - Infos Droits Humains","isPartOf":{"@id":"https:\/\/infos-droitshumains.net\/#website"},"primaryImageOfPage":{"@id":"https:\/\/infos-droitshumains.net\/?p=14997#primaryimage"},"image":{"@id":"https:\/\/infos-droitshumains.net\/?p=14997#primaryimage"},"thumbnailUrl":"https:\/\/i0.wp.com\/infos-droitshumains.net\/wp-content\/uploads\/2025\/06\/IMG-20250617-WA0077.jpg?fit=1024%2C768&ssl=1","datePublished":"2025-06-17T22:19:28+00:00","dateModified":"2025-06-17T22:30:54+00:00","breadcrumb":{"@id":"https:\/\/infos-droitshumains.net\/?p=14997#breadcrumb"},"inLanguage":"fr-FR","potentialAction":[{"@type":"ReadAction","target":["https:\/\/infos-droitshumains.net\/?p=14997"]}]},{"@type":"ImageObject","inLanguage":"fr-FR","@id":"https:\/\/infos-droitshumains.net\/?p=14997#primaryimage","url":"https:\/\/i0.wp.com\/infos-droitshumains.net\/wp-content\/uploads\/2025\/06\/IMG-20250617-WA0077.jpg?fit=1024%2C768&ssl=1","contentUrl":"https:\/\/i0.wp.com\/infos-droitshumains.net\/wp-content\/uploads\/2025\/06\/IMG-20250617-WA0077.jpg?fit=1024%2C768&ssl=1","width":1024,"height":768},{"@type":"BreadcrumbList","@id":"https:\/\/infos-droitshumains.net\/?p=14997#breadcrumb","itemListElement":[{"@type":"ListItem","position":1,"name":"Accueil","item":"https:\/\/infos-droitshumains.net\/"},{"@type":"ListItem","position":2,"name":"Journ\u00e9e internationale de sensibilisation \u00e0 l&rsquo;albinisme: le BCNUDH et ses partenaires sensibilisent sur les droits \u00e0 la sant\u00e9 des personnes atteintes d\u2019albinisme et le mieux vivre ensemble"}]},{"@type":"WebSite","@id":"https:\/\/infos-droitshumains.net\/#website","url":"https:\/\/infos-droitshumains.net\/","name":"Infos Droits Humains","description":"S&#039;informer est un droit","publisher":{"@id":"https:\/\/infos-droitshumains.net\/#organization"},"potentialAction":[{"@type":"SearchAction","target":{"@type":"EntryPoint","urlTemplate":"https:\/\/infos-droitshumains.net\/?s={search_term_string}"},"query-input":{"@type":"PropertyValueSpecification","valueRequired":true,"valueName":"search_term_string"}}],"inLanguage":"fr-FR"},{"@type":"Organization","@id":"https:\/\/infos-droitshumains.net\/#organization","name":"Infos Droits Humains","url":"https:\/\/infos-droitshumains.net\/","logo":{"@type":"ImageObject","inLanguage":"fr-FR","@id":"https:\/\/infos-droitshumains.net\/#\/schema\/logo\/image\/","url":"https:\/\/i0.wp.com\/infos-droitshumains.net\/wp-content\/uploads\/2022\/05\/Logo.png?fit=333%2C129&ssl=1","contentUrl":"https:\/\/i0.wp.com\/infos-droitshumains.net\/wp-content\/uploads\/2022\/05\/Logo.png?fit=333%2C129&ssl=1","width":333,"height":129,"caption":"Infos Droits Humains"},"image":{"@id":"https:\/\/infos-droitshumains.net\/#\/schema\/logo\/image\/"}},{"@type":"Person","@id":"https:\/\/infos-droitshumains.net\/#\/schema\/person\/3dc5e921c3302172e0ed4362f96faab7","name":"Jo\u00ebl Diawa","image":{"@type":"ImageObject","inLanguage":"fr-FR","@id":"https:\/\/secure.gravatar.com\/avatar\/729bea6ff4604c624417803c477363be8e3c7186deaa65713313f9b4b820f41c?s=96&d=mm&r=g","url":"https:\/\/secure.gravatar.com\/avatar\/729bea6ff4604c624417803c477363be8e3c7186deaa65713313f9b4b820f41c?s=96&d=mm&r=g","contentUrl":"https:\/\/secure.gravatar.com\/avatar\/729bea6ff4604c624417803c477363be8e3c7186deaa65713313f9b4b820f41c?s=96&d=mm&r=g","caption":"Jo\u00ebl Diawa"},"sameAs":["https:\/\/www.infos-droitshumains.net"],"url":"https:\/\/infos-droitshumains.net\/?author=2"}]}},"featured_image_urls":{"full":["https:\/\/i0.wp.com\/infos-droitshumains.net\/wp-content\/uploads\/2025\/06\/IMG-20250617-WA0077.jpg?fit=1024%2C768&ssl=1",1024,768,false],"thumbnail":["https:\/\/i0.wp.com\/infos-droitshumains.net\/wp-content\/uploads\/2025\/06\/IMG-20250617-WA0077.jpg?resize=150%2C150&ssl=1",150,150,true],"medium":["https:\/\/i0.wp.com\/infos-droitshumains.net\/wp-content\/uploads\/2025\/06\/IMG-20250617-WA0077.jpg?fit=300%2C225&ssl=1",300,225,true],"medium_large":["https:\/\/i0.wp.com\/infos-droitshumains.net\/wp-content\/uploads\/2025\/06\/IMG-20250617-WA0077.jpg?fit=640%2C480&ssl=1",640,480,true],"large":["https:\/\/i0.wp.com\/infos-droitshumains.net\/wp-content\/uploads\/2025\/06\/IMG-20250617-WA0077.jpg?fit=640%2C480&ssl=1",640,480,true],"1536x1536":["https:\/\/i0.wp.com\/infos-droitshumains.net\/wp-content\/uploads\/2025\/06\/IMG-20250617-WA0077.jpg?fit=1024%2C768&ssl=1",1024,768,true],"2048x2048":["https:\/\/i0.wp.com\/infos-droitshumains.net\/wp-content\/uploads\/2025\/06\/IMG-20250617-WA0077.jpg?fit=1024%2C768&ssl=1",1024,768,true],"covernews-slider-full":["https:\/\/i0.wp.com\/infos-droitshumains.net\/wp-content\/uploads\/2025\/06\/IMG-20250617-WA0077.jpg?resize=1024%2C715&ssl=1",1024,715,true],"covernews-slider-center":["https:\/\/i0.wp.com\/infos-droitshumains.net\/wp-content\/uploads\/2025\/06\/IMG-20250617-WA0077.jpg?resize=800%2C500&ssl=1",800,500,true],"covernews-featured":["https:\/\/i0.wp.com\/infos-droitshumains.net\/wp-content\/uploads\/2025\/06\/IMG-20250617-WA0077.jpg?fit=1024%2C768&ssl=1",1024,768,true],"covernews-medium":["https:\/\/i0.wp.com\/infos-droitshumains.net\/wp-content\/uploads\/2025\/06\/IMG-20250617-WA0077.jpg?resize=540%2C340&ssl=1",540,340,true],"covernews-medium-square":["https:\/\/i0.wp.com\/infos-droitshumains.net\/wp-content\/uploads\/2025\/06\/IMG-20250617-WA0077.jpg?resize=400%2C250&ssl=1",400,250,true]},"author_info":{"display_name":"Jo\u00ebl Diawa","author_link":"https:\/\/infos-droitshumains.net\/?author=2"},"category_info":"<a href=\"https:\/\/infos-droitshumains.net\/?cat=7\" rel=\"category\">Droits Humains<\/a>","tag_info":"Droits Humains","comment_count":"0","jetpack_featured_media_url":"https:\/\/i0.wp.com\/infos-droitshumains.net\/wp-content\/uploads\/2025\/06\/IMG-20250617-WA0077.jpg?fit=1024%2C768&ssl=1","jetpack-related-posts":[],"jetpack_sharing_enabled":true,"_links":{"self":[{"href":"https:\/\/infos-droitshumains.net\/index.php?rest_route=\/wp\/v2\/posts\/14997","targetHints":{"allow":["GET"]}}],"collection":[{"href":"https:\/\/infos-droitshumains.net\/index.php?rest_route=\/wp\/v2\/posts"}],"about":[{"href":"https:\/\/infos-droitshumains.net\/index.php?rest_route=\/wp\/v2\/types\/post"}],"author":[{"embeddable":true,"href":"https:\/\/infos-droitshumains.net\/index.php?rest_route=\/wp\/v2\/users\/2"}],"replies":[{"embeddable":true,"href":"https:\/\/infos-droitshumains.net\/index.php?rest_route=%2Fwp%2Fv2%2Fcomments&post=14997"}],"version-history":[{"count":5,"href":"https:\/\/infos-droitshumains.net\/index.php?rest_route=\/wp\/v2\/posts\/14997\/revisions"}],"predecessor-version":[{"id":15012,"href":"https:\/\/infos-droitshumains.net\/index.php?rest_route=\/wp\/v2\/posts\/14997\/revisions\/15012"}],"wp:featuredmedia":[{"embeddable":true,"href":"https:\/\/infos-droitshumains.net\/index.php?rest_route=\/wp\/v2\/media\/15000"}],"wp:attachment":[{"href":"https:\/\/infos-droitshumains.net\/index.php?rest_route=%2Fwp%2Fv2%2Fmedia&parent=14997"}],"wp:term":[{"taxonomy":"category","embeddable":true,"href":"https:\/\/infos-droitshumains.net\/index.php?rest_route=%2Fwp%2Fv2%2Fcategories&post=14997"},{"taxonomy":"post_tag","embeddable":true,"href":"https:\/\/infos-droitshumains.net\/index.php?rest_route=%2Fwp%2Fv2%2Ftags&post=14997"}],"curies":[{"name":"wp","href":"https:\/\/api.w.org\/{rel}","templated":true}]}}