{"id":14988,"date":"2025-06-17T22:13:56","date_gmt":"2025-06-17T20:13:56","guid":{"rendered":"https:\/\/infos-droitshumains.net\/?p=14988"},"modified":"2025-06-17T22:29:05","modified_gmt":"2025-06-17T20:29:05","slug":"election-du-president-de-la-cour-constitutionnelle-un-scrutin-irregulier-kamuleta-controverse","status":"publish","type":"post","link":"https:\/\/infos-droitshumains.net\/?p=14988","title":{"rendered":"Election du Pr\u00e9sident de la Cour Constitutionnelle : Scrutin irr\u00e9gulier, Kamuleta controvers\u00e9"},"content":{"rendered":"<p>R\u00e9daction: +243 817 406 088<\/p>\n<p>La Cour Constitutionnelle s\u2019appr\u00eate \u00e0 \u00e9lire son nouveau Pr\u00e9sident en remplacement de Dieudonn\u00e9 Kamauleta Badibanga, investi en 2022. Sauf que, l\u2019organisation de ces scrutins est caract\u00e9ris\u00e9e par certaines irr\u00e9gularit\u00e9s d\u00e9noncent des sources internes.<\/p>\n<p><em>\u00ab J\u2019ai l\u2019honneur de porter \u00e0 la connaissance de votre Haute Autorit\u00e9 les informations ci-apr\u00e8s, relative \u00e0 l\u2019\u00e9lection du Pr\u00e9sident de la Cour Constitutionnelle\u2026 En effet, la pl\u00e9ni\u00e8re des membres de la Cour a d\u00e9cid\u00e9 de proc\u00e9der \u00e0 l\u2019\u00e9lection du Pr\u00e9sident de la Cour Constitutionnelle. Celle-ci se tiendra, le 20 juin 2025, dans les conditions pr\u00e9vues par les dispositions des articles 12 \u00e0 15 du R\u00e8glement int\u00e9rieur de la Cour\u2026 \u00bb<\/em>, lit-on dans une correspondance de Dieudonn\u00e9 Kamuleta adress\u00e9e au Chef de l\u2019Etat.<\/p>\n<p>Si le calendrier ne pose aucun probl\u00e8me, c\u2019est plut\u00f4t la personne de Kamuleta qui serait le point d\u2019achoppement. Des sources du Journal T\u00e9l\u00e9vis\u00e9 des Droits Humains renseignent que le Pr\u00e9sident sortant de la Cour Constitutionnelle aurait confi\u00e9 au Pr\u00e9sident Tshisekedi qui serait choisi par la pl\u00e9ni\u00e8re pour se succ\u00e9der \u00e0 lui-m\u00eame. En m\u00eame temps, il aurait confi\u00e9 \u00e0 ses coll\u00e8gues qu\u2019il serait le candidat du Chef de l\u2019Etat.<\/p>\n<p><em>\u00ab Faux et archi faux ! Qui vous a fait aval\u00e9 ce gros mensonge \u00bb<\/em>, a r\u00e9torqu\u00e9 une source dans les ar\u00e8nes de F\u00e9lix Tshisekedi selon laquelle : <em>\u00ab Kamuleta n\u2019est pas le choix du Pr\u00e9sident \u00bb<\/em>. <em>\u00ab Ce dernier, \u00e9tant d\u00e9mocrate et l\u00e9galiste, il est par ailleurs partisan d\u2019une \u00e9lection ouverte \u00e0 tous les membres de la Cour Constitutionnelle sans exception \u00bb<\/em>, pr\u00e9cise la m\u00eame source.<\/p>\n<p>Une autre irr\u00e9gularit\u00e9 qui devrait entacher ce scrutin, c\u2019est la participation du juge Kalume. Ce dernier avait en 2024, remplac\u00e9 le juge Kilomba dont le mandat a expir\u00e9 en 2024. Sa participation serait consid\u00e9r\u00e9e comme une irr\u00e9gularit\u00e9 susceptible de faire annuler l\u2019\u00e9lection.<\/p>\n<p>Dieudonn\u00e9 Kamuleta est magistrat de carri\u00e8re. Il avait \u00e9t\u00e9 investi Pr\u00e9sident de la Cour Constitutionnelle par Ordonnance Pr\u00e9sidentielle n\u00b022\/064 du 22 juin 2022 en remplacement de Dieudonn\u00e9 Kaluba. Lors des contentieux de l\u2019\u00e9lection l\u00e9gislative de 2023, plusieurs candidats ont d\u00e9nonc\u00e9 ce qu\u2019ils ont qualifi\u00e9 de \u2018\u2019cambriolage du processus \u00e9lectoral\u2019\u2019 avec des validations et invalidations tr\u00e8s controvers\u00e9es.<\/p>\n<p>La R\u00e9daction<\/p>\n","protected":false},"excerpt":{"rendered":"<p>R\u00e9daction: +243 817 406 088 La Cour Constitutionnelle s\u2019appr\u00eate \u00e0 \u00e9lire son nouveau Pr\u00e9sident en&#8230;<\/p>\n","protected":false},"author":3,"featured_media":14992,"comment_status":"open","ping_status":"open","sticky":false,"template":"","format":"standard","meta":{"_jetpack_memberships_contains_paid_content":false,"footnotes":""},"categories":[6],"tags":[],"class_list":["post-14988","post","type-post","status-publish","format-standard","has-post-thumbnail","hentry","category-justice"],"yoast_head":"<!-- This site is optimized with the Yoast SEO plugin v27.5 - https:\/\/yoast.com\/product\/yoast-seo-wordpress\/ -->\n<title>Election du Pr\u00e9sident de la Cour Constitutionnelle : Scrutin irr\u00e9gulier, Kamuleta controvers\u00e9 - Infos Droits Humains<\/title>\n<meta name=\"robots\" content=\"index, follow, max-snippet:-1, max-image-preview:large, max-video-preview:-1\" \/>\n<link rel=\"canonical\" href=\"https:\/\/infos-droitshumains.net\/?p=14988\" \/>\n<meta property=\"og:locale\" content=\"fr_FR\" \/>\n<meta property=\"og:type\" content=\"article\" \/>\n<meta property=\"og:title\" content=\"Election du Pr\u00e9sident de la Cour Constitutionnelle : Scrutin irr\u00e9gulier, Kamuleta controvers\u00e9 - Infos Droits Humains\" \/>\n<meta property=\"og:description\" content=\"R\u00e9daction: +243 817 406 088 La Cour Constitutionnelle s\u2019appr\u00eate \u00e0 \u00e9lire son nouveau Pr\u00e9sident en...\" \/>\n<meta property=\"og:url\" content=\"https:\/\/infos-droitshumains.net\/?p=14988\" \/>\n<meta property=\"og:site_name\" content=\"Infos Droits Humains\" \/>\n<meta property=\"article:published_time\" content=\"2025-06-17T20:13:56+00:00\" \/>\n<meta property=\"article:modified_time\" content=\"2025-06-17T20:29:05+00:00\" \/>\n<meta property=\"og:image\" content=\"https:\/\/infos-droitshumains.net\/wp-content\/uploads\/2025\/06\/IMG-20250617-WA0064.jpg\" \/>\n\t<meta property=\"og:image:width\" content=\"727\" \/>\n\t<meta property=\"og:image:height\" content=\"539\" \/>\n\t<meta property=\"og:image:type\" content=\"image\/jpeg\" \/>\n<meta name=\"author\" content=\"Super\" \/>\n<meta name=\"twitter:card\" content=\"summary_large_image\" \/>\n<meta name=\"twitter:label1\" content=\"\u00c9crit par\" \/>\n\t<meta name=\"twitter:data1\" content=\"Super\" \/>\n\t<meta name=\"twitter:label2\" content=\"Dur\u00e9e de lecture estim\u00e9e\" \/>\n\t<meta name=\"twitter:data2\" content=\"2 minutes\" \/>\n<script type=\"application\/ld+json\" class=\"yoast-schema-graph\">{\"@context\":\"https:\\\/\\\/schema.org\",\"@graph\":[{\"@type\":\"Article\",\"@id\":\"https:\\\/\\\/infos-droitshumains.net\\\/?p=14988#article\",\"isPartOf\":{\"@id\":\"https:\\\/\\\/infos-droitshumains.net\\\/?p=14988\"},\"author\":{\"name\":\"Super\",\"@id\":\"https:\\\/\\\/infos-droitshumains.net\\\/#\\\/schema\\\/person\\\/db4428dbf83d2d51ecdb0cc0aed0c47f\"},\"headline\":\"Election du Pr\u00e9sident de la Cour Constitutionnelle : Scrutin irr\u00e9gulier, Kamuleta controvers\u00e9\",\"datePublished\":\"2025-06-17T20:13:56+00:00\",\"dateModified\":\"2025-06-17T20:29:05+00:00\",\"mainEntityOfPage\":{\"@id\":\"https:\\\/\\\/infos-droitshumains.net\\\/?p=14988\"},\"wordCount\":405,\"commentCount\":0,\"publisher\":{\"@id\":\"https:\\\/\\\/infos-droitshumains.net\\\/#organization\"},\"image\":{\"@id\":\"https:\\\/\\\/infos-droitshumains.net\\\/?p=14988#primaryimage\"},\"thumbnailUrl\":\"https:\\\/\\\/i0.wp.com\\\/infos-droitshumains.net\\\/wp-content\\\/uploads\\\/2025\\\/06\\\/IMG-20250617-WA0064.jpg?fit=727%2C539&ssl=1\",\"articleSection\":[\"Justice\"],\"inLanguage\":\"fr-FR\",\"potentialAction\":[{\"@type\":\"CommentAction\",\"name\":\"Comment\",\"target\":[\"https:\\\/\\\/infos-droitshumains.net\\\/?p=14988#respond\"]}]},{\"@type\":\"WebPage\",\"@id\":\"https:\\\/\\\/infos-droitshumains.net\\\/?p=14988\",\"url\":\"https:\\\/\\\/infos-droitshumains.net\\\/?p=14988\",\"name\":\"Election du Pr\u00e9sident de la Cour Constitutionnelle : Scrutin irr\u00e9gulier, Kamuleta controvers\u00e9 - Infos Droits Humains\",\"isPartOf\":{\"@id\":\"https:\\\/\\\/infos-droitshumains.net\\\/#website\"},\"primaryImageOfPage\":{\"@id\":\"https:\\\/\\\/infos-droitshumains.net\\\/?p=14988#primaryimage\"},\"image\":{\"@id\":\"https:\\\/\\\/infos-droitshumains.net\\\/?p=14988#primaryimage\"},\"thumbnailUrl\":\"https:\\\/\\\/i0.wp.com\\\/infos-droitshumains.net\\\/wp-content\\\/uploads\\\/2025\\\/06\\\/IMG-20250617-WA0064.jpg?fit=727%2C539&ssl=1\",\"datePublished\":\"2025-06-17T20:13:56+00:00\",\"dateModified\":\"2025-06-17T20:29:05+00:00\",\"breadcrumb\":{\"@id\":\"https:\\\/\\\/infos-droitshumains.net\\\/?p=14988#breadcrumb\"},\"inLanguage\":\"fr-FR\",\"potentialAction\":[{\"@type\":\"ReadAction\",\"target\":[\"https:\\\/\\\/infos-droitshumains.net\\\/?p=14988\"]}]},{\"@type\":\"ImageObject\",\"inLanguage\":\"fr-FR\",\"@id\":\"https:\\\/\\\/infos-droitshumains.net\\\/?p=14988#primaryimage\",\"url\":\"https:\\\/\\\/i0.wp.com\\\/infos-droitshumains.net\\\/wp-content\\\/uploads\\\/2025\\\/06\\\/IMG-20250617-WA0064.jpg?fit=727%2C539&ssl=1\",\"contentUrl\":\"https:\\\/\\\/i0.wp.com\\\/infos-droitshumains.net\\\/wp-content\\\/uploads\\\/2025\\\/06\\\/IMG-20250617-WA0064.jpg?fit=727%2C539&ssl=1\",\"width\":727,\"height\":539},{\"@type\":\"BreadcrumbList\",\"@id\":\"https:\\\/\\\/infos-droitshumains.net\\\/?p=14988#breadcrumb\",\"itemListElement\":[{\"@type\":\"ListItem\",\"position\":1,\"name\":\"Accueil\",\"item\":\"https:\\\/\\\/infos-droitshumains.net\\\/\"},{\"@type\":\"ListItem\",\"position\":2,\"name\":\"Election du Pr\u00e9sident de la Cour Constitutionnelle : Scrutin irr\u00e9gulier, Kamuleta controvers\u00e9\"}]},{\"@type\":\"WebSite\",\"@id\":\"https:\\\/\\\/infos-droitshumains.net\\\/#website\",\"url\":\"https:\\\/\\\/infos-droitshumains.net\\\/\",\"name\":\"Infos Droits Humains\",\"description\":\"S&#039;informer est un droit\",\"publisher\":{\"@id\":\"https:\\\/\\\/infos-droitshumains.net\\\/#organization\"},\"potentialAction\":[{\"@type\":\"SearchAction\",\"target\":{\"@type\":\"EntryPoint\",\"urlTemplate\":\"https:\\\/\\\/infos-droitshumains.net\\\/?s={search_term_string}\"},\"query-input\":{\"@type\":\"PropertyValueSpecification\",\"valueRequired\":true,\"valueName\":\"search_term_string\"}}],\"inLanguage\":\"fr-FR\"},{\"@type\":\"Organization\",\"@id\":\"https:\\\/\\\/infos-droitshumains.net\\\/#organization\",\"name\":\"Infos Droits Humains\",\"url\":\"https:\\\/\\\/infos-droitshumains.net\\\/\",\"logo\":{\"@type\":\"ImageObject\",\"inLanguage\":\"fr-FR\",\"@id\":\"https:\\\/\\\/infos-droitshumains.net\\\/#\\\/schema\\\/logo\\\/image\\\/\",\"url\":\"https:\\\/\\\/i0.wp.com\\\/infos-droitshumains.net\\\/wp-content\\\/uploads\\\/2022\\\/05\\\/Logo.png?fit=333%2C129&ssl=1\",\"contentUrl\":\"https:\\\/\\\/i0.wp.com\\\/infos-droitshumains.net\\\/wp-content\\\/uploads\\\/2022\\\/05\\\/Logo.png?fit=333%2C129&ssl=1\",\"width\":333,\"height\":129,\"caption\":\"Infos Droits Humains\"},\"image\":{\"@id\":\"https:\\\/\\\/infos-droitshumains.net\\\/#\\\/schema\\\/logo\\\/image\\\/\"}},{\"@type\":\"Person\",\"@id\":\"https:\\\/\\\/infos-droitshumains.net\\\/#\\\/schema\\\/person\\\/db4428dbf83d2d51ecdb0cc0aed0c47f\",\"name\":\"Super\",\"image\":{\"@type\":\"ImageObject\",\"inLanguage\":\"fr-FR\",\"@id\":\"https:\\\/\\\/secure.gravatar.com\\\/avatar\\\/a177815e4b161b0d81413b73815c697bc0e3e6e6fe4a06e3147af3c9aa47fd3b?s=96&d=mm&r=g\",\"url\":\"https:\\\/\\\/secure.gravatar.com\\\/avatar\\\/a177815e4b161b0d81413b73815c697bc0e3e6e6fe4a06e3147af3c9aa47fd3b?s=96&d=mm&r=g\",\"contentUrl\":\"https:\\\/\\\/secure.gravatar.com\\\/avatar\\\/a177815e4b161b0d81413b73815c697bc0e3e6e6fe4a06e3147af3c9aa47fd3b?s=96&d=mm&r=g\",\"caption\":\"Super\"},\"url\":\"https:\\\/\\\/infos-droitshumains.net\\\/?author=3\"}]}<\/script>\n<!-- \/ Yoast SEO plugin. -->","yoast_head_json":{"title":"Election du Pr\u00e9sident de la Cour Constitutionnelle : Scrutin irr\u00e9gulier, Kamuleta controvers\u00e9 - Infos Droits Humains","robots":{"index":"index","follow":"follow","max-snippet":"max-snippet:-1","max-image-preview":"max-image-preview:large","max-video-preview":"max-video-preview:-1"},"canonical":"https:\/\/infos-droitshumains.net\/?p=14988","og_locale":"fr_FR","og_type":"article","og_title":"Election du Pr\u00e9sident de la Cour Constitutionnelle : Scrutin irr\u00e9gulier, Kamuleta controvers\u00e9 - Infos Droits Humains","og_description":"R\u00e9daction: +243 817 406 088 La Cour Constitutionnelle s\u2019appr\u00eate \u00e0 \u00e9lire son nouveau Pr\u00e9sident en...","og_url":"https:\/\/infos-droitshumains.net\/?p=14988","og_site_name":"Infos Droits Humains","article_published_time":"2025-06-17T20:13:56+00:00","article_modified_time":"2025-06-17T20:29:05+00:00","og_image":[{"width":727,"height":539,"url":"https:\/\/infos-droitshumains.net\/wp-content\/uploads\/2025\/06\/IMG-20250617-WA0064.jpg","type":"image\/jpeg"}],"author":"Super","twitter_card":"summary_large_image","twitter_misc":{"\u00c9crit par":"Super","Dur\u00e9e de lecture estim\u00e9e":"2 minutes"},"schema":{"@context":"https:\/\/schema.org","@graph":[{"@type":"Article","@id":"https:\/\/infos-droitshumains.net\/?p=14988#article","isPartOf":{"@id":"https:\/\/infos-droitshumains.net\/?p=14988"},"author":{"name":"Super","@id":"https:\/\/infos-droitshumains.net\/#\/schema\/person\/db4428dbf83d2d51ecdb0cc0aed0c47f"},"headline":"Election du Pr\u00e9sident de la Cour Constitutionnelle : Scrutin irr\u00e9gulier, Kamuleta controvers\u00e9","datePublished":"2025-06-17T20:13:56+00:00","dateModified":"2025-06-17T20:29:05+00:00","mainEntityOfPage":{"@id":"https:\/\/infos-droitshumains.net\/?p=14988"},"wordCount":405,"commentCount":0,"publisher":{"@id":"https:\/\/infos-droitshumains.net\/#organization"},"image":{"@id":"https:\/\/infos-droitshumains.net\/?p=14988#primaryimage"},"thumbnailUrl":"https:\/\/i0.wp.com\/infos-droitshumains.net\/wp-content\/uploads\/2025\/06\/IMG-20250617-WA0064.jpg?fit=727%2C539&ssl=1","articleSection":["Justice"],"inLanguage":"fr-FR","potentialAction":[{"@type":"CommentAction","name":"Comment","target":["https:\/\/infos-droitshumains.net\/?p=14988#respond"]}]},{"@type":"WebPage","@id":"https:\/\/infos-droitshumains.net\/?p=14988","url":"https:\/\/infos-droitshumains.net\/?p=14988","name":"Election du Pr\u00e9sident de la Cour Constitutionnelle : Scrutin irr\u00e9gulier, Kamuleta controvers\u00e9 - Infos Droits Humains","isPartOf":{"@id":"https:\/\/infos-droitshumains.net\/#website"},"primaryImageOfPage":{"@id":"https:\/\/infos-droitshumains.net\/?p=14988#primaryimage"},"image":{"@id":"https:\/\/infos-droitshumains.net\/?p=14988#primaryimage"},"thumbnailUrl":"https:\/\/i0.wp.com\/infos-droitshumains.net\/wp-content\/uploads\/2025\/06\/IMG-20250617-WA0064.jpg?fit=727%2C539&ssl=1","datePublished":"2025-06-17T20:13:56+00:00","dateModified":"2025-06-17T20:29:05+00:00","breadcrumb":{"@id":"https:\/\/infos-droitshumains.net\/?p=14988#breadcrumb"},"inLanguage":"fr-FR","potentialAction":[{"@type":"ReadAction","target":["https:\/\/infos-droitshumains.net\/?p=14988"]}]},{"@type":"ImageObject","inLanguage":"fr-FR","@id":"https:\/\/infos-droitshumains.net\/?p=14988#primaryimage","url":"https:\/\/i0.wp.com\/infos-droitshumains.net\/wp-content\/uploads\/2025\/06\/IMG-20250617-WA0064.jpg?fit=727%2C539&ssl=1","contentUrl":"https:\/\/i0.wp.com\/infos-droitshumains.net\/wp-content\/uploads\/2025\/06\/IMG-20250617-WA0064.jpg?fit=727%2C539&ssl=1","width":727,"height":539},{"@type":"BreadcrumbList","@id":"https:\/\/infos-droitshumains.net\/?p=14988#breadcrumb","itemListElement":[{"@type":"ListItem","position":1,"name":"Accueil","item":"https:\/\/infos-droitshumains.net\/"},{"@type":"ListItem","position":2,"name":"Election du Pr\u00e9sident de la Cour Constitutionnelle : Scrutin irr\u00e9gulier, Kamuleta controvers\u00e9"}]},{"@type":"WebSite","@id":"https:\/\/infos-droitshumains.net\/#website","url":"https:\/\/infos-droitshumains.net\/","name":"Infos Droits Humains","description":"S&#039;informer est un droit","publisher":{"@id":"https:\/\/infos-droitshumains.net\/#organization"},"potentialAction":[{"@type":"SearchAction","target":{"@type":"EntryPoint","urlTemplate":"https:\/\/infos-droitshumains.net\/?s={search_term_string}"},"query-input":{"@type":"PropertyValueSpecification","valueRequired":true,"valueName":"search_term_string"}}],"inLanguage":"fr-FR"},{"@type":"Organization","@id":"https:\/\/infos-droitshumains.net\/#organization","name":"Infos Droits Humains","url":"https:\/\/infos-droitshumains.net\/","logo":{"@type":"ImageObject","inLanguage":"fr-FR","@id":"https:\/\/infos-droitshumains.net\/#\/schema\/logo\/image\/","url":"https:\/\/i0.wp.com\/infos-droitshumains.net\/wp-content\/uploads\/2022\/05\/Logo.png?fit=333%2C129&ssl=1","contentUrl":"https:\/\/i0.wp.com\/infos-droitshumains.net\/wp-content\/uploads\/2022\/05\/Logo.png?fit=333%2C129&ssl=1","width":333,"height":129,"caption":"Infos Droits Humains"},"image":{"@id":"https:\/\/infos-droitshumains.net\/#\/schema\/logo\/image\/"}},{"@type":"Person","@id":"https:\/\/infos-droitshumains.net\/#\/schema\/person\/db4428dbf83d2d51ecdb0cc0aed0c47f","name":"Super","image":{"@type":"ImageObject","inLanguage":"fr-FR","@id":"https:\/\/secure.gravatar.com\/avatar\/a177815e4b161b0d81413b73815c697bc0e3e6e6fe4a06e3147af3c9aa47fd3b?s=96&d=mm&r=g","url":"https:\/\/secure.gravatar.com\/avatar\/a177815e4b161b0d81413b73815c697bc0e3e6e6fe4a06e3147af3c9aa47fd3b?s=96&d=mm&r=g","contentUrl":"https:\/\/secure.gravatar.com\/avatar\/a177815e4b161b0d81413b73815c697bc0e3e6e6fe4a06e3147af3c9aa47fd3b?s=96&d=mm&r=g","caption":"Super"},"url":"https:\/\/infos-droitshumains.net\/?author=3"}]}},"featured_image_urls":{"full":["https:\/\/i0.wp.com\/infos-droitshumains.net\/wp-content\/uploads\/2025\/06\/IMG-20250617-WA0064.jpg?fit=727%2C539&ssl=1",727,539,false],"thumbnail":["https:\/\/i0.wp.com\/infos-droitshumains.net\/wp-content\/uploads\/2025\/06\/IMG-20250617-WA0064.jpg?resize=150%2C150&ssl=1",150,150,true],"medium":["https:\/\/i0.wp.com\/infos-droitshumains.net\/wp-content\/uploads\/2025\/06\/IMG-20250617-WA0064.jpg?fit=300%2C222&ssl=1",300,222,true],"medium_large":["https:\/\/i0.wp.com\/infos-droitshumains.net\/wp-content\/uploads\/2025\/06\/IMG-20250617-WA0064.jpg?fit=640%2C474&ssl=1",640,474,true],"large":["https:\/\/i0.wp.com\/infos-droitshumains.net\/wp-content\/uploads\/2025\/06\/IMG-20250617-WA0064.jpg?fit=640%2C474&ssl=1",640,474,true],"1536x1536":["https:\/\/i0.wp.com\/infos-droitshumains.net\/wp-content\/uploads\/2025\/06\/IMG-20250617-WA0064.jpg?fit=727%2C539&ssl=1",727,539,true],"2048x2048":["https:\/\/i0.wp.com\/infos-droitshumains.net\/wp-content\/uploads\/2025\/06\/IMG-20250617-WA0064.jpg?fit=727%2C539&ssl=1",727,539,true],"covernews-slider-full":["https:\/\/i0.wp.com\/infos-droitshumains.net\/wp-content\/uploads\/2025\/06\/IMG-20250617-WA0064.jpg?resize=727%2C539&ssl=1",727,539,true],"covernews-slider-center":["https:\/\/i0.wp.com\/infos-droitshumains.net\/wp-content\/uploads\/2025\/06\/IMG-20250617-WA0064.jpg?resize=727%2C500&ssl=1",727,500,true],"covernews-featured":["https:\/\/i0.wp.com\/infos-droitshumains.net\/wp-content\/uploads\/2025\/06\/IMG-20250617-WA0064.jpg?fit=727%2C539&ssl=1",727,539,true],"covernews-medium":["https:\/\/i0.wp.com\/infos-droitshumains.net\/wp-content\/uploads\/2025\/06\/IMG-20250617-WA0064.jpg?resize=540%2C340&ssl=1",540,340,true],"covernews-medium-square":["https:\/\/i0.wp.com\/infos-droitshumains.net\/wp-content\/uploads\/2025\/06\/IMG-20250617-WA0064.jpg?resize=400%2C250&ssl=1",400,250,true]},"author_info":{"display_name":"Super","author_link":"https:\/\/infos-droitshumains.net\/?author=3"},"category_info":"<a href=\"https:\/\/infos-droitshumains.net\/?cat=6\" rel=\"category\">Justice<\/a>","tag_info":"Justice","comment_count":"0","jetpack_featured_media_url":"https:\/\/i0.wp.com\/infos-droitshumains.net\/wp-content\/uploads\/2025\/06\/IMG-20250617-WA0064.jpg?fit=727%2C539&ssl=1","jetpack-related-posts":[],"jetpack_sharing_enabled":true,"_links":{"self":[{"href":"https:\/\/infos-droitshumains.net\/index.php?rest_route=\/wp\/v2\/posts\/14988","targetHints":{"allow":["GET"]}}],"collection":[{"href":"https:\/\/infos-droitshumains.net\/index.php?rest_route=\/wp\/v2\/posts"}],"about":[{"href":"https:\/\/infos-droitshumains.net\/index.php?rest_route=\/wp\/v2\/types\/post"}],"author":[{"embeddable":true,"href":"https:\/\/infos-droitshumains.net\/index.php?rest_route=\/wp\/v2\/users\/3"}],"replies":[{"embeddable":true,"href":"https:\/\/infos-droitshumains.net\/index.php?rest_route=%2Fwp%2Fv2%2Fcomments&post=14988"}],"version-history":[{"count":5,"href":"https:\/\/infos-droitshumains.net\/index.php?rest_route=\/wp\/v2\/posts\/14988\/revisions"}],"predecessor-version":[{"id":14996,"href":"https:\/\/infos-droitshumains.net\/index.php?rest_route=\/wp\/v2\/posts\/14988\/revisions\/14996"}],"wp:featuredmedia":[{"embeddable":true,"href":"https:\/\/infos-droitshumains.net\/index.php?rest_route=\/wp\/v2\/media\/14992"}],"wp:attachment":[{"href":"https:\/\/infos-droitshumains.net\/index.php?rest_route=%2Fwp%2Fv2%2Fmedia&parent=14988"}],"wp:term":[{"taxonomy":"category","embeddable":true,"href":"https:\/\/infos-droitshumains.net\/index.php?rest_route=%2Fwp%2Fv2%2Fcategories&post=14988"},{"taxonomy":"post_tag","embeddable":true,"href":"https:\/\/infos-droitshumains.net\/index.php?rest_route=%2Fwp%2Fv2%2Ftags&post=14988"}],"curies":[{"name":"wp","href":"https:\/\/api.w.org\/{rel}","templated":true}]}}