{"id":14912,"date":"2025-06-15T09:40:20","date_gmt":"2025-06-15T07:40:20","guid":{"rendered":"https:\/\/infos-droitshumains.net\/?p=14912"},"modified":"2025-06-15T09:48:19","modified_gmt":"2025-06-15T07:48:19","slug":"rdc-12-millions-de-dollars-canadien-pour-la-prise-en-charge-des-enfants-vulnerables-les-ex-enfants-de-la-rue-tirent-la-sonnette-dalarme-sur-laffectation-de-ces-fonds","status":"publish","type":"post","link":"https:\/\/infos-droitshumains.net\/?p=14912","title":{"rendered":"RDC\u00a0: 12 millions de dollars  canadien pour la prise en charge des enfants vuln\u00e9rables, les ex enfants de la rue tirent la sonnette d\u2019alarme sur l\u2019affectation de ces fonds."},"content":{"rendered":"\n<p><strong>R\u00e9daction: +243 817 406 088<\/strong><\/p>\n\n\n\n<h3 class=\"wp-block-heading has-vivid-red-color has-text-color has-link-color wp-elements-1883e36b3b20ca42b26f839f5a02fd04\">Au cours d\u2019une d\u00e9claration faite ce samedi 14 juin 2025,&nbsp; les&nbsp; anciens enfants de la rue sont mont\u00e9s au cr\u00e9neau pour d\u00e9noncer une probable d\u00e9sorientation des fonds leurs allou\u00e9s par l\u2019ambassade du Canada sur base d\u2019un projet port\u00e9 et d\u00e9fendu par eux avec succ\u00e8s.<\/h3>\n\n\n\n<p>Surpris d\u2019apprendre dans les r\u00e9seaux sociaux la disponibilit\u00e9 desdits fonds, ces anciens enfants de la rue se disent indign\u00e9s de constater leur mise \u00e0 l\u2019\u00e9cart pendant qu\u2019ils avaient,&nbsp; en son temps, port\u00e9 ce projet aupr\u00e8s du bailleur pour son financement.<\/p>\n\n\n\n<p>Quelqu\u2019un Manza, pr\u00e9sident des anciens jeunes de la rue ne cache pas sa d\u00e9solation&nbsp;:<\/p>\n\n\n\n<p><em>\u00ab&nbsp;Nous sommes indign\u00e9s de constater que nous soyons mis de c\u00f4t\u00e9 pour un plaidoyer que nous avons men\u00e9. En effet, le 24 f\u00e9vrier 2023, nous avons formul\u00e9 une demande \u00e0 l\u2019ambassade du Canada pour qu\u2019elle revoie&nbsp; \u00e0 la hausse le financement vu la taille du besoin pour une prise en charge efficace des enfants en situation difficile. Aujourd\u2019hui, cette somme a \u00e9t\u00e9 lib\u00e9r\u00e9e,&nbsp; nous r\u00e9clamons la&nbsp; participation dans l\u2019ex\u00e9cution de ce projet&nbsp; pour avoir men\u00e9 un&nbsp; plaidoyer qui \u00e0 ce jour, a port\u00e9 du fruit mais aussi et surtout, en notre qualit\u00e9 d\u2019ancien enfant de la rue. Nous connaissons mieux ce milieu pour y avoir v\u00e9cu et pouvons affirmer que&nbsp; ce qui se fait sans nous est contre nous&nbsp;\u00bb<\/em> a d\u00e9nonc\u00e9 Quelq\u2019un Manza.<\/p>\n\n\n\n<p>Dans ce registre des frustrations figure \u00e9galement celles de Fanny Kamweni, ex de la rue et fruit de la r\u00e9insertion sociale. Actuellement, elle est coordinatrice des travailleurs para sociaux. Elle d\u00e9nonce la gestion opaque de ces&nbsp; fonds par&nbsp; l\u2019UNICEF et en appelle \u00e0 la vigilance des parties prenantes&nbsp;:<\/p>\n\n\n\n<p><em>\u00ab\u00a0Je pense qu\u2019il est temps en RDC qu\u2019on arr\u00eate de manger l\u2019argent au nom des enfants vuln\u00e9rables. Il est temps de dire \u00e0 la vraie soci\u00e9t\u00e9 civile de se lever pour faire le suivi et l\u2019\u00e9valuation de ces sommes qui sont d\u00e9vers\u00e9es pour ces enfants\u00a0\u00bb<\/em>, a-t-elle insist\u00e9.<\/p>\n\n\n\n<p>La coordinatrice des travailleurs para sociaux a \u00e9galement fustig\u00e9 le manque de transparence sur la r\u00e9partition des parts des diff\u00e9rentes structures \u0153uvrant dans ce secteur qui du reste ne b\u00e9n\u00e9ficie nullement de subvention du c\u00f4t\u00e9 de l\u2019\u00c9tat congolais.&nbsp; Pourtant, ces structures sont oblig\u00e9es d\u2019aller m\u00eame au-del\u00e0 de leurs pr\u00e9visions en prenant en charge les enfants provenant de la police de protection, ceux des services sociaux mais aussi, du reste de la communaut\u00e9. Cependant, beaucoup de ceux qui b\u00e9n\u00e9ficient de ces fonds sont des ong mallettes, qui n\u2019existent que de nom dont le travail sur terrain est inexistant a-t-elle conclu.<\/p>\n\n\n\n<p>Chantal Kabasua<\/p>\n","protected":false},"excerpt":{"rendered":"<p>R\u00e9daction: +243 817 406 088 Au cours d\u2019une d\u00e9claration faite ce samedi 14 juin 2025,&nbsp;&#8230;<\/p>\n","protected":false},"author":2,"featured_media":14916,"comment_status":"open","ping_status":"open","sticky":false,"template":"","format":"standard","meta":{"_jetpack_memberships_contains_paid_content":false,"footnotes":""},"categories":[8],"tags":[],"class_list":["post-14912","post","type-post","status-publish","format-standard","has-post-thumbnail","hentry","category-societe"],"yoast_head":"<!-- This site is optimized with the Yoast SEO plugin v27.5 - https:\/\/yoast.com\/product\/yoast-seo-wordpress\/ -->\n<title>RDC\u00a0: 12 millions de dollars canadien pour la prise en charge des enfants vuln\u00e9rables, les ex enfants de la rue tirent la sonnette d\u2019alarme sur l\u2019affectation de ces fonds. - Infos Droits Humains<\/title>\n<meta name=\"robots\" content=\"index, follow, max-snippet:-1, max-image-preview:large, max-video-preview:-1\" \/>\n<link rel=\"canonical\" href=\"https:\/\/infos-droitshumains.net\/?p=14912\" \/>\n<meta property=\"og:locale\" content=\"fr_FR\" \/>\n<meta property=\"og:type\" content=\"article\" \/>\n<meta property=\"og:title\" content=\"RDC\u00a0: 12 millions de dollars canadien pour la prise en charge des enfants vuln\u00e9rables, les ex enfants de la rue tirent la sonnette d\u2019alarme sur l\u2019affectation de ces fonds. - Infos Droits Humains\" \/>\n<meta property=\"og:description\" content=\"R\u00e9daction: +243 817 406 088 Au cours d\u2019une d\u00e9claration faite ce samedi 14 juin 2025,&nbsp;...\" \/>\n<meta property=\"og:url\" content=\"https:\/\/infos-droitshumains.net\/?p=14912\" \/>\n<meta property=\"og:site_name\" content=\"Infos Droits Humains\" \/>\n<meta property=\"article:published_time\" content=\"2025-06-15T07:40:20+00:00\" \/>\n<meta property=\"article:modified_time\" content=\"2025-06-15T07:48:19+00:00\" \/>\n<meta property=\"og:image\" content=\"https:\/\/infos-droitshumains.net\/wp-content\/uploads\/2025\/06\/Composition2-1.jpg\" \/>\n\t<meta property=\"og:image:width\" content=\"1613\" \/>\n\t<meta property=\"og:image:height\" content=\"1101\" \/>\n\t<meta property=\"og:image:type\" content=\"image\/jpeg\" \/>\n<meta name=\"author\" content=\"Jo\u00ebl Diawa\" \/>\n<meta name=\"twitter:card\" content=\"summary_large_image\" \/>\n<meta name=\"twitter:label1\" content=\"\u00c9crit par\" \/>\n\t<meta name=\"twitter:data1\" content=\"Jo\u00ebl Diawa\" \/>\n\t<meta name=\"twitter:label2\" content=\"Dur\u00e9e de lecture estim\u00e9e\" \/>\n\t<meta name=\"twitter:data2\" content=\"3 minutes\" \/>\n<script type=\"application\/ld+json\" class=\"yoast-schema-graph\">{\"@context\":\"https:\\\/\\\/schema.org\",\"@graph\":[{\"@type\":\"Article\",\"@id\":\"https:\\\/\\\/infos-droitshumains.net\\\/?p=14912#article\",\"isPartOf\":{\"@id\":\"https:\\\/\\\/infos-droitshumains.net\\\/?p=14912\"},\"author\":{\"name\":\"Jo\u00ebl Diawa\",\"@id\":\"https:\\\/\\\/infos-droitshumains.net\\\/#\\\/schema\\\/person\\\/3dc5e921c3302172e0ed4362f96faab7\"},\"headline\":\"RDC\u00a0: 12 millions de dollars canadien pour la prise en charge des enfants vuln\u00e9rables, les ex enfants de la rue tirent la sonnette d\u2019alarme sur l\u2019affectation de ces fonds.\",\"datePublished\":\"2025-06-15T07:40:20+00:00\",\"dateModified\":\"2025-06-15T07:48:19+00:00\",\"mainEntityOfPage\":{\"@id\":\"https:\\\/\\\/infos-droitshumains.net\\\/?p=14912\"},\"wordCount\":516,\"commentCount\":0,\"publisher\":{\"@id\":\"https:\\\/\\\/infos-droitshumains.net\\\/#organization\"},\"image\":{\"@id\":\"https:\\\/\\\/infos-droitshumains.net\\\/?p=14912#primaryimage\"},\"thumbnailUrl\":\"https:\\\/\\\/i0.wp.com\\\/infos-droitshumains.net\\\/wp-content\\\/uploads\\\/2025\\\/06\\\/Composition2-1.jpg?fit=1613%2C1101&ssl=1\",\"articleSection\":[\"Soci\u00e9t\u00e9\"],\"inLanguage\":\"fr-FR\",\"potentialAction\":[{\"@type\":\"CommentAction\",\"name\":\"Comment\",\"target\":[\"https:\\\/\\\/infos-droitshumains.net\\\/?p=14912#respond\"]}]},{\"@type\":\"WebPage\",\"@id\":\"https:\\\/\\\/infos-droitshumains.net\\\/?p=14912\",\"url\":\"https:\\\/\\\/infos-droitshumains.net\\\/?p=14912\",\"name\":\"RDC\u00a0: 12 millions de dollars canadien pour la prise en charge des enfants vuln\u00e9rables, les ex enfants de la rue tirent la sonnette d\u2019alarme sur l\u2019affectation de ces fonds. - Infos Droits Humains\",\"isPartOf\":{\"@id\":\"https:\\\/\\\/infos-droitshumains.net\\\/#website\"},\"primaryImageOfPage\":{\"@id\":\"https:\\\/\\\/infos-droitshumains.net\\\/?p=14912#primaryimage\"},\"image\":{\"@id\":\"https:\\\/\\\/infos-droitshumains.net\\\/?p=14912#primaryimage\"},\"thumbnailUrl\":\"https:\\\/\\\/i0.wp.com\\\/infos-droitshumains.net\\\/wp-content\\\/uploads\\\/2025\\\/06\\\/Composition2-1.jpg?fit=1613%2C1101&ssl=1\",\"datePublished\":\"2025-06-15T07:40:20+00:00\",\"dateModified\":\"2025-06-15T07:48:19+00:00\",\"breadcrumb\":{\"@id\":\"https:\\\/\\\/infos-droitshumains.net\\\/?p=14912#breadcrumb\"},\"inLanguage\":\"fr-FR\",\"potentialAction\":[{\"@type\":\"ReadAction\",\"target\":[\"https:\\\/\\\/infos-droitshumains.net\\\/?p=14912\"]}]},{\"@type\":\"ImageObject\",\"inLanguage\":\"fr-FR\",\"@id\":\"https:\\\/\\\/infos-droitshumains.net\\\/?p=14912#primaryimage\",\"url\":\"https:\\\/\\\/i0.wp.com\\\/infos-droitshumains.net\\\/wp-content\\\/uploads\\\/2025\\\/06\\\/Composition2-1.jpg?fit=1613%2C1101&ssl=1\",\"contentUrl\":\"https:\\\/\\\/i0.wp.com\\\/infos-droitshumains.net\\\/wp-content\\\/uploads\\\/2025\\\/06\\\/Composition2-1.jpg?fit=1613%2C1101&ssl=1\",\"width\":1613,\"height\":1101},{\"@type\":\"BreadcrumbList\",\"@id\":\"https:\\\/\\\/infos-droitshumains.net\\\/?p=14912#breadcrumb\",\"itemListElement\":[{\"@type\":\"ListItem\",\"position\":1,\"name\":\"Accueil\",\"item\":\"https:\\\/\\\/infos-droitshumains.net\\\/\"},{\"@type\":\"ListItem\",\"position\":2,\"name\":\"RDC\u00a0: 12 millions de dollars canadien pour la prise en charge des enfants vuln\u00e9rables, les ex enfants de la rue tirent la sonnette d\u2019alarme sur l\u2019affectation de ces fonds.\"}]},{\"@type\":\"WebSite\",\"@id\":\"https:\\\/\\\/infos-droitshumains.net\\\/#website\",\"url\":\"https:\\\/\\\/infos-droitshumains.net\\\/\",\"name\":\"Infos Droits Humains\",\"description\":\"S&#039;informer est un droit\",\"publisher\":{\"@id\":\"https:\\\/\\\/infos-droitshumains.net\\\/#organization\"},\"potentialAction\":[{\"@type\":\"SearchAction\",\"target\":{\"@type\":\"EntryPoint\",\"urlTemplate\":\"https:\\\/\\\/infos-droitshumains.net\\\/?s={search_term_string}\"},\"query-input\":{\"@type\":\"PropertyValueSpecification\",\"valueRequired\":true,\"valueName\":\"search_term_string\"}}],\"inLanguage\":\"fr-FR\"},{\"@type\":\"Organization\",\"@id\":\"https:\\\/\\\/infos-droitshumains.net\\\/#organization\",\"name\":\"Infos Droits Humains\",\"url\":\"https:\\\/\\\/infos-droitshumains.net\\\/\",\"logo\":{\"@type\":\"ImageObject\",\"inLanguage\":\"fr-FR\",\"@id\":\"https:\\\/\\\/infos-droitshumains.net\\\/#\\\/schema\\\/logo\\\/image\\\/\",\"url\":\"https:\\\/\\\/i0.wp.com\\\/infos-droitshumains.net\\\/wp-content\\\/uploads\\\/2022\\\/05\\\/Logo.png?fit=333%2C129&ssl=1\",\"contentUrl\":\"https:\\\/\\\/i0.wp.com\\\/infos-droitshumains.net\\\/wp-content\\\/uploads\\\/2022\\\/05\\\/Logo.png?fit=333%2C129&ssl=1\",\"width\":333,\"height\":129,\"caption\":\"Infos Droits Humains\"},\"image\":{\"@id\":\"https:\\\/\\\/infos-droitshumains.net\\\/#\\\/schema\\\/logo\\\/image\\\/\"}},{\"@type\":\"Person\",\"@id\":\"https:\\\/\\\/infos-droitshumains.net\\\/#\\\/schema\\\/person\\\/3dc5e921c3302172e0ed4362f96faab7\",\"name\":\"Jo\u00ebl Diawa\",\"image\":{\"@type\":\"ImageObject\",\"inLanguage\":\"fr-FR\",\"@id\":\"https:\\\/\\\/secure.gravatar.com\\\/avatar\\\/729bea6ff4604c624417803c477363be8e3c7186deaa65713313f9b4b820f41c?s=96&d=mm&r=g\",\"url\":\"https:\\\/\\\/secure.gravatar.com\\\/avatar\\\/729bea6ff4604c624417803c477363be8e3c7186deaa65713313f9b4b820f41c?s=96&d=mm&r=g\",\"contentUrl\":\"https:\\\/\\\/secure.gravatar.com\\\/avatar\\\/729bea6ff4604c624417803c477363be8e3c7186deaa65713313f9b4b820f41c?s=96&d=mm&r=g\",\"caption\":\"Jo\u00ebl Diawa\"},\"sameAs\":[\"https:\\\/\\\/www.infos-droitshumains.net\"],\"url\":\"https:\\\/\\\/infos-droitshumains.net\\\/?author=2\"}]}<\/script>\n<!-- \/ Yoast SEO plugin. -->","yoast_head_json":{"title":"RDC\u00a0: 12 millions de dollars canadien pour la prise en charge des enfants vuln\u00e9rables, les ex enfants de la rue tirent la sonnette d\u2019alarme sur l\u2019affectation de ces fonds. - Infos Droits Humains","robots":{"index":"index","follow":"follow","max-snippet":"max-snippet:-1","max-image-preview":"max-image-preview:large","max-video-preview":"max-video-preview:-1"},"canonical":"https:\/\/infos-droitshumains.net\/?p=14912","og_locale":"fr_FR","og_type":"article","og_title":"RDC\u00a0: 12 millions de dollars canadien pour la prise en charge des enfants vuln\u00e9rables, les ex enfants de la rue tirent la sonnette d\u2019alarme sur l\u2019affectation de ces fonds. - Infos Droits Humains","og_description":"R\u00e9daction: +243 817 406 088 Au cours d\u2019une d\u00e9claration faite ce samedi 14 juin 2025,&nbsp;...","og_url":"https:\/\/infos-droitshumains.net\/?p=14912","og_site_name":"Infos Droits Humains","article_published_time":"2025-06-15T07:40:20+00:00","article_modified_time":"2025-06-15T07:48:19+00:00","og_image":[{"width":1613,"height":1101,"url":"https:\/\/infos-droitshumains.net\/wp-content\/uploads\/2025\/06\/Composition2-1.jpg","type":"image\/jpeg"}],"author":"Jo\u00ebl Diawa","twitter_card":"summary_large_image","twitter_misc":{"\u00c9crit par":"Jo\u00ebl Diawa","Dur\u00e9e de lecture estim\u00e9e":"3 minutes"},"schema":{"@context":"https:\/\/schema.org","@graph":[{"@type":"Article","@id":"https:\/\/infos-droitshumains.net\/?p=14912#article","isPartOf":{"@id":"https:\/\/infos-droitshumains.net\/?p=14912"},"author":{"name":"Jo\u00ebl Diawa","@id":"https:\/\/infos-droitshumains.net\/#\/schema\/person\/3dc5e921c3302172e0ed4362f96faab7"},"headline":"RDC\u00a0: 12 millions de dollars canadien pour la prise en charge des enfants vuln\u00e9rables, les ex enfants de la rue tirent la sonnette d\u2019alarme sur l\u2019affectation de ces fonds.","datePublished":"2025-06-15T07:40:20+00:00","dateModified":"2025-06-15T07:48:19+00:00","mainEntityOfPage":{"@id":"https:\/\/infos-droitshumains.net\/?p=14912"},"wordCount":516,"commentCount":0,"publisher":{"@id":"https:\/\/infos-droitshumains.net\/#organization"},"image":{"@id":"https:\/\/infos-droitshumains.net\/?p=14912#primaryimage"},"thumbnailUrl":"https:\/\/i0.wp.com\/infos-droitshumains.net\/wp-content\/uploads\/2025\/06\/Composition2-1.jpg?fit=1613%2C1101&ssl=1","articleSection":["Soci\u00e9t\u00e9"],"inLanguage":"fr-FR","potentialAction":[{"@type":"CommentAction","name":"Comment","target":["https:\/\/infos-droitshumains.net\/?p=14912#respond"]}]},{"@type":"WebPage","@id":"https:\/\/infos-droitshumains.net\/?p=14912","url":"https:\/\/infos-droitshumains.net\/?p=14912","name":"RDC\u00a0: 12 millions de dollars canadien pour la prise en charge des enfants vuln\u00e9rables, les ex enfants de la rue tirent la sonnette d\u2019alarme sur l\u2019affectation de ces fonds. - Infos Droits Humains","isPartOf":{"@id":"https:\/\/infos-droitshumains.net\/#website"},"primaryImageOfPage":{"@id":"https:\/\/infos-droitshumains.net\/?p=14912#primaryimage"},"image":{"@id":"https:\/\/infos-droitshumains.net\/?p=14912#primaryimage"},"thumbnailUrl":"https:\/\/i0.wp.com\/infos-droitshumains.net\/wp-content\/uploads\/2025\/06\/Composition2-1.jpg?fit=1613%2C1101&ssl=1","datePublished":"2025-06-15T07:40:20+00:00","dateModified":"2025-06-15T07:48:19+00:00","breadcrumb":{"@id":"https:\/\/infos-droitshumains.net\/?p=14912#breadcrumb"},"inLanguage":"fr-FR","potentialAction":[{"@type":"ReadAction","target":["https:\/\/infos-droitshumains.net\/?p=14912"]}]},{"@type":"ImageObject","inLanguage":"fr-FR","@id":"https:\/\/infos-droitshumains.net\/?p=14912#primaryimage","url":"https:\/\/i0.wp.com\/infos-droitshumains.net\/wp-content\/uploads\/2025\/06\/Composition2-1.jpg?fit=1613%2C1101&ssl=1","contentUrl":"https:\/\/i0.wp.com\/infos-droitshumains.net\/wp-content\/uploads\/2025\/06\/Composition2-1.jpg?fit=1613%2C1101&ssl=1","width":1613,"height":1101},{"@type":"BreadcrumbList","@id":"https:\/\/infos-droitshumains.net\/?p=14912#breadcrumb","itemListElement":[{"@type":"ListItem","position":1,"name":"Accueil","item":"https:\/\/infos-droitshumains.net\/"},{"@type":"ListItem","position":2,"name":"RDC\u00a0: 12 millions de dollars canadien pour la prise en charge des enfants vuln\u00e9rables, les ex enfants de la rue tirent la sonnette d\u2019alarme sur l\u2019affectation de ces fonds."}]},{"@type":"WebSite","@id":"https:\/\/infos-droitshumains.net\/#website","url":"https:\/\/infos-droitshumains.net\/","name":"Infos Droits Humains","description":"S&#039;informer est un droit","publisher":{"@id":"https:\/\/infos-droitshumains.net\/#organization"},"potentialAction":[{"@type":"SearchAction","target":{"@type":"EntryPoint","urlTemplate":"https:\/\/infos-droitshumains.net\/?s={search_term_string}"},"query-input":{"@type":"PropertyValueSpecification","valueRequired":true,"valueName":"search_term_string"}}],"inLanguage":"fr-FR"},{"@type":"Organization","@id":"https:\/\/infos-droitshumains.net\/#organization","name":"Infos Droits Humains","url":"https:\/\/infos-droitshumains.net\/","logo":{"@type":"ImageObject","inLanguage":"fr-FR","@id":"https:\/\/infos-droitshumains.net\/#\/schema\/logo\/image\/","url":"https:\/\/i0.wp.com\/infos-droitshumains.net\/wp-content\/uploads\/2022\/05\/Logo.png?fit=333%2C129&ssl=1","contentUrl":"https:\/\/i0.wp.com\/infos-droitshumains.net\/wp-content\/uploads\/2022\/05\/Logo.png?fit=333%2C129&ssl=1","width":333,"height":129,"caption":"Infos Droits Humains"},"image":{"@id":"https:\/\/infos-droitshumains.net\/#\/schema\/logo\/image\/"}},{"@type":"Person","@id":"https:\/\/infos-droitshumains.net\/#\/schema\/person\/3dc5e921c3302172e0ed4362f96faab7","name":"Jo\u00ebl Diawa","image":{"@type":"ImageObject","inLanguage":"fr-FR","@id":"https:\/\/secure.gravatar.com\/avatar\/729bea6ff4604c624417803c477363be8e3c7186deaa65713313f9b4b820f41c?s=96&d=mm&r=g","url":"https:\/\/secure.gravatar.com\/avatar\/729bea6ff4604c624417803c477363be8e3c7186deaa65713313f9b4b820f41c?s=96&d=mm&r=g","contentUrl":"https:\/\/secure.gravatar.com\/avatar\/729bea6ff4604c624417803c477363be8e3c7186deaa65713313f9b4b820f41c?s=96&d=mm&r=g","caption":"Jo\u00ebl Diawa"},"sameAs":["https:\/\/www.infos-droitshumains.net"],"url":"https:\/\/infos-droitshumains.net\/?author=2"}]}},"featured_image_urls":{"full":["https:\/\/i0.wp.com\/infos-droitshumains.net\/wp-content\/uploads\/2025\/06\/Composition2-1.jpg?fit=1613%2C1101&ssl=1",1613,1101,false],"thumbnail":["https:\/\/i0.wp.com\/infos-droitshumains.net\/wp-content\/uploads\/2025\/06\/Composition2-1.jpg?resize=150%2C150&ssl=1",150,150,true],"medium":["https:\/\/i0.wp.com\/infos-droitshumains.net\/wp-content\/uploads\/2025\/06\/Composition2-1.jpg?fit=300%2C205&ssl=1",300,205,true],"medium_large":["https:\/\/i0.wp.com\/infos-droitshumains.net\/wp-content\/uploads\/2025\/06\/Composition2-1.jpg?fit=640%2C437&ssl=1",640,437,true],"large":["https:\/\/i0.wp.com\/infos-droitshumains.net\/wp-content\/uploads\/2025\/06\/Composition2-1.jpg?fit=640%2C437&ssl=1",640,437,true],"1536x1536":["https:\/\/i0.wp.com\/infos-droitshumains.net\/wp-content\/uploads\/2025\/06\/Composition2-1.jpg?fit=1536%2C1048&ssl=1",1536,1048,true],"2048x2048":["https:\/\/i0.wp.com\/infos-droitshumains.net\/wp-content\/uploads\/2025\/06\/Composition2-1.jpg?fit=1613%2C1101&ssl=1",1613,1101,true],"covernews-slider-full":["https:\/\/i0.wp.com\/infos-droitshumains.net\/wp-content\/uploads\/2025\/06\/Composition2-1.jpg?resize=1115%2C715&ssl=1",1115,715,true],"covernews-slider-center":["https:\/\/i0.wp.com\/infos-droitshumains.net\/wp-content\/uploads\/2025\/06\/Composition2-1.jpg?resize=800%2C500&ssl=1",800,500,true],"covernews-featured":["https:\/\/i0.wp.com\/infos-droitshumains.net\/wp-content\/uploads\/2025\/06\/Composition2-1.jpg?fit=1024%2C699&ssl=1",1024,699,true],"covernews-medium":["https:\/\/i0.wp.com\/infos-droitshumains.net\/wp-content\/uploads\/2025\/06\/Composition2-1.jpg?resize=540%2C340&ssl=1",540,340,true],"covernews-medium-square":["https:\/\/i0.wp.com\/infos-droitshumains.net\/wp-content\/uploads\/2025\/06\/Composition2-1.jpg?resize=400%2C250&ssl=1",400,250,true]},"author_info":{"display_name":"Jo\u00ebl Diawa","author_link":"https:\/\/infos-droitshumains.net\/?author=2"},"category_info":"<a href=\"https:\/\/infos-droitshumains.net\/?cat=8\" rel=\"category\">Soci\u00e9t\u00e9<\/a>","tag_info":"Soci\u00e9t\u00e9","comment_count":"0","jetpack_featured_media_url":"https:\/\/i0.wp.com\/infos-droitshumains.net\/wp-content\/uploads\/2025\/06\/Composition2-1.jpg?fit=1613%2C1101&ssl=1","jetpack-related-posts":[],"jetpack_sharing_enabled":true,"_links":{"self":[{"href":"https:\/\/infos-droitshumains.net\/index.php?rest_route=\/wp\/v2\/posts\/14912","targetHints":{"allow":["GET"]}}],"collection":[{"href":"https:\/\/infos-droitshumains.net\/index.php?rest_route=\/wp\/v2\/posts"}],"about":[{"href":"https:\/\/infos-droitshumains.net\/index.php?rest_route=\/wp\/v2\/types\/post"}],"author":[{"embeddable":true,"href":"https:\/\/infos-droitshumains.net\/index.php?rest_route=\/wp\/v2\/users\/2"}],"replies":[{"embeddable":true,"href":"https:\/\/infos-droitshumains.net\/index.php?rest_route=%2Fwp%2Fv2%2Fcomments&post=14912"}],"version-history":[{"count":2,"href":"https:\/\/infos-droitshumains.net\/index.php?rest_route=\/wp\/v2\/posts\/14912\/revisions"}],"predecessor-version":[{"id":14915,"href":"https:\/\/infos-droitshumains.net\/index.php?rest_route=\/wp\/v2\/posts\/14912\/revisions\/14915"}],"wp:featuredmedia":[{"embeddable":true,"href":"https:\/\/infos-droitshumains.net\/index.php?rest_route=\/wp\/v2\/media\/14916"}],"wp:attachment":[{"href":"https:\/\/infos-droitshumains.net\/index.php?rest_route=%2Fwp%2Fv2%2Fmedia&parent=14912"}],"wp:term":[{"taxonomy":"category","embeddable":true,"href":"https:\/\/infos-droitshumains.net\/index.php?rest_route=%2Fwp%2Fv2%2Fcategories&post=14912"},{"taxonomy":"post_tag","embeddable":true,"href":"https:\/\/infos-droitshumains.net\/index.php?rest_route=%2Fwp%2Fv2%2Ftags&post=14912"}],"curies":[{"name":"wp","href":"https:\/\/api.w.org\/{rel}","templated":true}]}}