{"id":14872,"date":"2025-06-12T14:42:58","date_gmt":"2025-06-12T12:42:58","guid":{"rendered":"https:\/\/infos-droitshumains.net\/?p=14872"},"modified":"2025-06-12T14:43:00","modified_gmt":"2025-06-12T12:43:00","slug":"consultations-pre-budgetaires-exercice-2026-le-reged-signe-une-presence-active-et-remarquable-pour-le-compte-de-la-societe-civile","status":"publish","type":"post","link":"https:\/\/infos-droitshumains.net\/?p=14872","title":{"rendered":"Consultations pr\u00e9-budg\u00e9taires exercice 2026\u00a0: Le REGED signe une pr\u00e9sence active et remarquable pour \u00a0le compte de la soci\u00e9t\u00e9 civile"},"content":{"rendered":"\n<p><strong>R\u00e9daction: +243 817 406 088<\/strong><\/p>\n\n\n\n<h3 class=\"wp-block-heading has-vivid-red-color has-text-color has-link-color wp-elements-c75f6e6bcf926fc31faab41ac4388746\">Le r\u00e9seau gouvernance \u00e9conomique et d\u00e9mocratie, (Reged) a pris part active \u00e0 ce s\u00e9minaire d&rsquo;orientation budg\u00e9taire organis\u00e9 \u00e0 Kinshasa du 9 au 11 juin 2025 par le minist\u00e8re du budget&nbsp; et ce, dans le cadre de l&rsquo;ex\u00e9cution du projet d&rsquo;am\u00e9lioration du recouvrement des recettes et de la gestion des d\u00e9penses en RDC.<\/h3>\n\n\n\n<p>Plusieurs participants venus de diff\u00e9rents secteurs ont pris part \u00e0 ces consultations, aux termes desquels, les&nbsp; membres du gouvernement central, ceux de la pr\u00e9sidence de la r\u00e9publique et des r\u00e9serves strat\u00e9giques sans oublier la soci\u00e9t\u00e9 civile repr\u00e9sent\u00e9e par Me Lilliane Kamwiziku Misemu, point focal genre et charg\u00e9e des programmes du REGED.<\/p>\n\n\n\n<p>En effet, cette grande activit\u00e9 est inscrite&nbsp; dans le processus d&rsquo;\u00e9laboration du budget de l&rsquo;exercice 2026 avec comme objectif final, l&rsquo;analyse et l&rsquo;am\u00e9lioration du projet du&nbsp; cadre budg\u00e9taire \u00e0 moyen terme ( CBMT) et de la d\u00e9claration sur les risques budg\u00e9taires ( DRB) 2026-2028 \u00e0 travers les propositions formul\u00e9es par les parties prenantes ayant port\u00e9 sur les grandes orientations de la politique budg\u00e9taire et les choix des actions des politiques publiques sectorielles \u00e0 mener.<\/p>\n\n\n\n<p>Intervenant ainsi dans les travaux en atelier, Me Lilliane Kamwiziku du REGED a pr\u00e9sid\u00e9 le quatri\u00e8me groupe constitu\u00e9 de cinq minist\u00e8res sectoriels ayant pour focus la femme, les personnes vivant avec handicap et vuln\u00e9rables, les jeunes, le sport ainsi que la culture.<\/p>\n\n\n\n<p>De ce groupe 4, des recommandations sp\u00e9cifiques des d\u00e9penses ont \u00e9t\u00e9 formul\u00e9es aux organisateurs desdites accises \u00e0 savoir, la construction des centres des jeunes d\u00e9s\u0153uvr\u00e9s dans les milieux ruraux, la poursuite des r\u00e9formes du cadre l\u00e9gal et organisationnel des affaires sociales, la promotion de l&rsquo;entrepreneuriat des jeunes et des femmes dans le secteur de la p\u00eache.<\/p>\n\n\n\n<p>Ce m\u00eame groupe a encore recommand\u00e9 la mise en place des programmes des filets sociaux et mesures d&rsquo;accompagnement en faveur des populations vuln\u00e9rables y compris les personnes vivant avec handicap.<\/p>\n\n\n\n<p>Les participants aux consultations pr\u00e9-budg\u00e9taires ont salu\u00e9 cette approche de concertation ce avant d&rsquo;appeler les d\u00e9cideurs \u00e0 fournir des efforts dans le but de favoriser la r\u00e9partition \u00e9quitable du revenu national \u00e0 travers la mise en place des politiques publiques ad\u00e9quates.<\/p>\n\n\n\n<p>Chantal Kabasua<\/p>\n","protected":false},"excerpt":{"rendered":"<p>R\u00e9daction: +243 817 406 088 Le r\u00e9seau gouvernance \u00e9conomique et d\u00e9mocratie, (Reged) a pris part&#8230;<\/p>\n","protected":false},"author":2,"featured_media":14873,"comment_status":"open","ping_status":"open","sticky":false,"template":"","format":"standard","meta":{"_jetpack_memberships_contains_paid_content":false,"footnotes":""},"categories":[8],"tags":[],"class_list":["post-14872","post","type-post","status-publish","format-standard","has-post-thumbnail","hentry","category-societe"],"yoast_head":"<!-- This site is optimized with the Yoast SEO plugin v27.5 - https:\/\/yoast.com\/product\/yoast-seo-wordpress\/ -->\n<title>Consultations pr\u00e9-budg\u00e9taires exercice 2026\u00a0: Le REGED signe une pr\u00e9sence active et remarquable pour \u00a0le compte de la soci\u00e9t\u00e9 civile - Infos Droits Humains<\/title>\n<meta name=\"robots\" content=\"index, follow, max-snippet:-1, max-image-preview:large, max-video-preview:-1\" \/>\n<link rel=\"canonical\" href=\"https:\/\/infos-droitshumains.net\/?p=14872\" \/>\n<meta property=\"og:locale\" content=\"fr_FR\" \/>\n<meta property=\"og:type\" content=\"article\" \/>\n<meta property=\"og:title\" content=\"Consultations pr\u00e9-budg\u00e9taires exercice 2026\u00a0: Le REGED signe une pr\u00e9sence active et remarquable pour \u00a0le compte de la soci\u00e9t\u00e9 civile - Infos Droits Humains\" \/>\n<meta property=\"og:description\" content=\"R\u00e9daction: +243 817 406 088 Le r\u00e9seau gouvernance \u00e9conomique et d\u00e9mocratie, (Reged) a pris part...\" \/>\n<meta property=\"og:url\" content=\"https:\/\/infos-droitshumains.net\/?p=14872\" \/>\n<meta property=\"og:site_name\" content=\"Infos Droits Humains\" \/>\n<meta property=\"article:published_time\" content=\"2025-06-12T12:42:58+00:00\" \/>\n<meta property=\"article:modified_time\" content=\"2025-06-12T12:43:00+00:00\" \/>\n<meta property=\"og:image\" content=\"https:\/\/infos-droitshumains.net\/wp-content\/uploads\/2025\/06\/IMG-20250612-WA0038.jpg\" \/>\n\t<meta property=\"og:image:width\" content=\"1080\" \/>\n\t<meta property=\"og:image:height\" content=\"810\" \/>\n\t<meta property=\"og:image:type\" content=\"image\/jpeg\" \/>\n<meta name=\"author\" content=\"Jo\u00ebl Diawa\" \/>\n<meta name=\"twitter:card\" content=\"summary_large_image\" \/>\n<meta name=\"twitter:label1\" content=\"\u00c9crit par\" \/>\n\t<meta name=\"twitter:data1\" content=\"Jo\u00ebl Diawa\" \/>\n\t<meta name=\"twitter:label2\" content=\"Dur\u00e9e de lecture estim\u00e9e\" \/>\n\t<meta name=\"twitter:data2\" content=\"2 minutes\" \/>\n<script type=\"application\/ld+json\" class=\"yoast-schema-graph\">{\"@context\":\"https:\\\/\\\/schema.org\",\"@graph\":[{\"@type\":\"Article\",\"@id\":\"https:\\\/\\\/infos-droitshumains.net\\\/?p=14872#article\",\"isPartOf\":{\"@id\":\"https:\\\/\\\/infos-droitshumains.net\\\/?p=14872\"},\"author\":{\"name\":\"Jo\u00ebl Diawa\",\"@id\":\"https:\\\/\\\/infos-droitshumains.net\\\/#\\\/schema\\\/person\\\/3dc5e921c3302172e0ed4362f96faab7\"},\"headline\":\"Consultations pr\u00e9-budg\u00e9taires exercice 2026\u00a0: Le REGED signe une pr\u00e9sence active et remarquable pour \u00a0le compte de la soci\u00e9t\u00e9 civile\",\"datePublished\":\"2025-06-12T12:42:58+00:00\",\"dateModified\":\"2025-06-12T12:43:00+00:00\",\"mainEntityOfPage\":{\"@id\":\"https:\\\/\\\/infos-droitshumains.net\\\/?p=14872\"},\"wordCount\":404,\"commentCount\":1,\"publisher\":{\"@id\":\"https:\\\/\\\/infos-droitshumains.net\\\/#organization\"},\"image\":{\"@id\":\"https:\\\/\\\/infos-droitshumains.net\\\/?p=14872#primaryimage\"},\"thumbnailUrl\":\"https:\\\/\\\/i0.wp.com\\\/infos-droitshumains.net\\\/wp-content\\\/uploads\\\/2025\\\/06\\\/IMG-20250612-WA0038.jpg?fit=1080%2C810&ssl=1\",\"articleSection\":[\"Soci\u00e9t\u00e9\"],\"inLanguage\":\"fr-FR\",\"potentialAction\":[{\"@type\":\"CommentAction\",\"name\":\"Comment\",\"target\":[\"https:\\\/\\\/infos-droitshumains.net\\\/?p=14872#respond\"]}]},{\"@type\":\"WebPage\",\"@id\":\"https:\\\/\\\/infos-droitshumains.net\\\/?p=14872\",\"url\":\"https:\\\/\\\/infos-droitshumains.net\\\/?p=14872\",\"name\":\"Consultations pr\u00e9-budg\u00e9taires exercice 2026\u00a0: Le REGED signe une pr\u00e9sence active et remarquable pour \u00a0le compte de la soci\u00e9t\u00e9 civile - Infos Droits Humains\",\"isPartOf\":{\"@id\":\"https:\\\/\\\/infos-droitshumains.net\\\/#website\"},\"primaryImageOfPage\":{\"@id\":\"https:\\\/\\\/infos-droitshumains.net\\\/?p=14872#primaryimage\"},\"image\":{\"@id\":\"https:\\\/\\\/infos-droitshumains.net\\\/?p=14872#primaryimage\"},\"thumbnailUrl\":\"https:\\\/\\\/i0.wp.com\\\/infos-droitshumains.net\\\/wp-content\\\/uploads\\\/2025\\\/06\\\/IMG-20250612-WA0038.jpg?fit=1080%2C810&ssl=1\",\"datePublished\":\"2025-06-12T12:42:58+00:00\",\"dateModified\":\"2025-06-12T12:43:00+00:00\",\"breadcrumb\":{\"@id\":\"https:\\\/\\\/infos-droitshumains.net\\\/?p=14872#breadcrumb\"},\"inLanguage\":\"fr-FR\",\"potentialAction\":[{\"@type\":\"ReadAction\",\"target\":[\"https:\\\/\\\/infos-droitshumains.net\\\/?p=14872\"]}]},{\"@type\":\"ImageObject\",\"inLanguage\":\"fr-FR\",\"@id\":\"https:\\\/\\\/infos-droitshumains.net\\\/?p=14872#primaryimage\",\"url\":\"https:\\\/\\\/i0.wp.com\\\/infos-droitshumains.net\\\/wp-content\\\/uploads\\\/2025\\\/06\\\/IMG-20250612-WA0038.jpg?fit=1080%2C810&ssl=1\",\"contentUrl\":\"https:\\\/\\\/i0.wp.com\\\/infos-droitshumains.net\\\/wp-content\\\/uploads\\\/2025\\\/06\\\/IMG-20250612-WA0038.jpg?fit=1080%2C810&ssl=1\",\"width\":1080,\"height\":810},{\"@type\":\"BreadcrumbList\",\"@id\":\"https:\\\/\\\/infos-droitshumains.net\\\/?p=14872#breadcrumb\",\"itemListElement\":[{\"@type\":\"ListItem\",\"position\":1,\"name\":\"Accueil\",\"item\":\"https:\\\/\\\/infos-droitshumains.net\\\/\"},{\"@type\":\"ListItem\",\"position\":2,\"name\":\"Consultations pr\u00e9-budg\u00e9taires exercice 2026\u00a0: Le REGED signe une pr\u00e9sence active et remarquable pour \u00a0le compte de la soci\u00e9t\u00e9 civile\"}]},{\"@type\":\"WebSite\",\"@id\":\"https:\\\/\\\/infos-droitshumains.net\\\/#website\",\"url\":\"https:\\\/\\\/infos-droitshumains.net\\\/\",\"name\":\"Infos Droits Humains\",\"description\":\"S&#039;informer est un droit\",\"publisher\":{\"@id\":\"https:\\\/\\\/infos-droitshumains.net\\\/#organization\"},\"potentialAction\":[{\"@type\":\"SearchAction\",\"target\":{\"@type\":\"EntryPoint\",\"urlTemplate\":\"https:\\\/\\\/infos-droitshumains.net\\\/?s={search_term_string}\"},\"query-input\":{\"@type\":\"PropertyValueSpecification\",\"valueRequired\":true,\"valueName\":\"search_term_string\"}}],\"inLanguage\":\"fr-FR\"},{\"@type\":\"Organization\",\"@id\":\"https:\\\/\\\/infos-droitshumains.net\\\/#organization\",\"name\":\"Infos Droits Humains\",\"url\":\"https:\\\/\\\/infos-droitshumains.net\\\/\",\"logo\":{\"@type\":\"ImageObject\",\"inLanguage\":\"fr-FR\",\"@id\":\"https:\\\/\\\/infos-droitshumains.net\\\/#\\\/schema\\\/logo\\\/image\\\/\",\"url\":\"https:\\\/\\\/i0.wp.com\\\/infos-droitshumains.net\\\/wp-content\\\/uploads\\\/2022\\\/05\\\/Logo.png?fit=333%2C129&ssl=1\",\"contentUrl\":\"https:\\\/\\\/i0.wp.com\\\/infos-droitshumains.net\\\/wp-content\\\/uploads\\\/2022\\\/05\\\/Logo.png?fit=333%2C129&ssl=1\",\"width\":333,\"height\":129,\"caption\":\"Infos Droits Humains\"},\"image\":{\"@id\":\"https:\\\/\\\/infos-droitshumains.net\\\/#\\\/schema\\\/logo\\\/image\\\/\"}},{\"@type\":\"Person\",\"@id\":\"https:\\\/\\\/infos-droitshumains.net\\\/#\\\/schema\\\/person\\\/3dc5e921c3302172e0ed4362f96faab7\",\"name\":\"Jo\u00ebl Diawa\",\"image\":{\"@type\":\"ImageObject\",\"inLanguage\":\"fr-FR\",\"@id\":\"https:\\\/\\\/secure.gravatar.com\\\/avatar\\\/729bea6ff4604c624417803c477363be8e3c7186deaa65713313f9b4b820f41c?s=96&d=mm&r=g\",\"url\":\"https:\\\/\\\/secure.gravatar.com\\\/avatar\\\/729bea6ff4604c624417803c477363be8e3c7186deaa65713313f9b4b820f41c?s=96&d=mm&r=g\",\"contentUrl\":\"https:\\\/\\\/secure.gravatar.com\\\/avatar\\\/729bea6ff4604c624417803c477363be8e3c7186deaa65713313f9b4b820f41c?s=96&d=mm&r=g\",\"caption\":\"Jo\u00ebl Diawa\"},\"sameAs\":[\"https:\\\/\\\/www.infos-droitshumains.net\"],\"url\":\"https:\\\/\\\/infos-droitshumains.net\\\/?author=2\"}]}<\/script>\n<!-- \/ Yoast SEO plugin. -->","yoast_head_json":{"title":"Consultations pr\u00e9-budg\u00e9taires exercice 2026\u00a0: Le REGED signe une pr\u00e9sence active et remarquable pour \u00a0le compte de la soci\u00e9t\u00e9 civile - Infos Droits Humains","robots":{"index":"index","follow":"follow","max-snippet":"max-snippet:-1","max-image-preview":"max-image-preview:large","max-video-preview":"max-video-preview:-1"},"canonical":"https:\/\/infos-droitshumains.net\/?p=14872","og_locale":"fr_FR","og_type":"article","og_title":"Consultations pr\u00e9-budg\u00e9taires exercice 2026\u00a0: Le REGED signe une pr\u00e9sence active et remarquable pour \u00a0le compte de la soci\u00e9t\u00e9 civile - Infos Droits Humains","og_description":"R\u00e9daction: +243 817 406 088 Le r\u00e9seau gouvernance \u00e9conomique et d\u00e9mocratie, (Reged) a pris part...","og_url":"https:\/\/infos-droitshumains.net\/?p=14872","og_site_name":"Infos Droits Humains","article_published_time":"2025-06-12T12:42:58+00:00","article_modified_time":"2025-06-12T12:43:00+00:00","og_image":[{"width":1080,"height":810,"url":"https:\/\/infos-droitshumains.net\/wp-content\/uploads\/2025\/06\/IMG-20250612-WA0038.jpg","type":"image\/jpeg"}],"author":"Jo\u00ebl Diawa","twitter_card":"summary_large_image","twitter_misc":{"\u00c9crit par":"Jo\u00ebl Diawa","Dur\u00e9e de lecture estim\u00e9e":"2 minutes"},"schema":{"@context":"https:\/\/schema.org","@graph":[{"@type":"Article","@id":"https:\/\/infos-droitshumains.net\/?p=14872#article","isPartOf":{"@id":"https:\/\/infos-droitshumains.net\/?p=14872"},"author":{"name":"Jo\u00ebl Diawa","@id":"https:\/\/infos-droitshumains.net\/#\/schema\/person\/3dc5e921c3302172e0ed4362f96faab7"},"headline":"Consultations pr\u00e9-budg\u00e9taires exercice 2026\u00a0: Le REGED signe une pr\u00e9sence active et remarquable pour \u00a0le compte de la soci\u00e9t\u00e9 civile","datePublished":"2025-06-12T12:42:58+00:00","dateModified":"2025-06-12T12:43:00+00:00","mainEntityOfPage":{"@id":"https:\/\/infos-droitshumains.net\/?p=14872"},"wordCount":404,"commentCount":1,"publisher":{"@id":"https:\/\/infos-droitshumains.net\/#organization"},"image":{"@id":"https:\/\/infos-droitshumains.net\/?p=14872#primaryimage"},"thumbnailUrl":"https:\/\/i0.wp.com\/infos-droitshumains.net\/wp-content\/uploads\/2025\/06\/IMG-20250612-WA0038.jpg?fit=1080%2C810&ssl=1","articleSection":["Soci\u00e9t\u00e9"],"inLanguage":"fr-FR","potentialAction":[{"@type":"CommentAction","name":"Comment","target":["https:\/\/infos-droitshumains.net\/?p=14872#respond"]}]},{"@type":"WebPage","@id":"https:\/\/infos-droitshumains.net\/?p=14872","url":"https:\/\/infos-droitshumains.net\/?p=14872","name":"Consultations pr\u00e9-budg\u00e9taires exercice 2026\u00a0: Le REGED signe une pr\u00e9sence active et remarquable pour \u00a0le compte de la soci\u00e9t\u00e9 civile - Infos Droits Humains","isPartOf":{"@id":"https:\/\/infos-droitshumains.net\/#website"},"primaryImageOfPage":{"@id":"https:\/\/infos-droitshumains.net\/?p=14872#primaryimage"},"image":{"@id":"https:\/\/infos-droitshumains.net\/?p=14872#primaryimage"},"thumbnailUrl":"https:\/\/i0.wp.com\/infos-droitshumains.net\/wp-content\/uploads\/2025\/06\/IMG-20250612-WA0038.jpg?fit=1080%2C810&ssl=1","datePublished":"2025-06-12T12:42:58+00:00","dateModified":"2025-06-12T12:43:00+00:00","breadcrumb":{"@id":"https:\/\/infos-droitshumains.net\/?p=14872#breadcrumb"},"inLanguage":"fr-FR","potentialAction":[{"@type":"ReadAction","target":["https:\/\/infos-droitshumains.net\/?p=14872"]}]},{"@type":"ImageObject","inLanguage":"fr-FR","@id":"https:\/\/infos-droitshumains.net\/?p=14872#primaryimage","url":"https:\/\/i0.wp.com\/infos-droitshumains.net\/wp-content\/uploads\/2025\/06\/IMG-20250612-WA0038.jpg?fit=1080%2C810&ssl=1","contentUrl":"https:\/\/i0.wp.com\/infos-droitshumains.net\/wp-content\/uploads\/2025\/06\/IMG-20250612-WA0038.jpg?fit=1080%2C810&ssl=1","width":1080,"height":810},{"@type":"BreadcrumbList","@id":"https:\/\/infos-droitshumains.net\/?p=14872#breadcrumb","itemListElement":[{"@type":"ListItem","position":1,"name":"Accueil","item":"https:\/\/infos-droitshumains.net\/"},{"@type":"ListItem","position":2,"name":"Consultations pr\u00e9-budg\u00e9taires exercice 2026\u00a0: Le REGED signe une pr\u00e9sence active et remarquable pour \u00a0le compte de la soci\u00e9t\u00e9 civile"}]},{"@type":"WebSite","@id":"https:\/\/infos-droitshumains.net\/#website","url":"https:\/\/infos-droitshumains.net\/","name":"Infos Droits Humains","description":"S&#039;informer est un droit","publisher":{"@id":"https:\/\/infos-droitshumains.net\/#organization"},"potentialAction":[{"@type":"SearchAction","target":{"@type":"EntryPoint","urlTemplate":"https:\/\/infos-droitshumains.net\/?s={search_term_string}"},"query-input":{"@type":"PropertyValueSpecification","valueRequired":true,"valueName":"search_term_string"}}],"inLanguage":"fr-FR"},{"@type":"Organization","@id":"https:\/\/infos-droitshumains.net\/#organization","name":"Infos Droits Humains","url":"https:\/\/infos-droitshumains.net\/","logo":{"@type":"ImageObject","inLanguage":"fr-FR","@id":"https:\/\/infos-droitshumains.net\/#\/schema\/logo\/image\/","url":"https:\/\/i0.wp.com\/infos-droitshumains.net\/wp-content\/uploads\/2022\/05\/Logo.png?fit=333%2C129&ssl=1","contentUrl":"https:\/\/i0.wp.com\/infos-droitshumains.net\/wp-content\/uploads\/2022\/05\/Logo.png?fit=333%2C129&ssl=1","width":333,"height":129,"caption":"Infos Droits Humains"},"image":{"@id":"https:\/\/infos-droitshumains.net\/#\/schema\/logo\/image\/"}},{"@type":"Person","@id":"https:\/\/infos-droitshumains.net\/#\/schema\/person\/3dc5e921c3302172e0ed4362f96faab7","name":"Jo\u00ebl Diawa","image":{"@type":"ImageObject","inLanguage":"fr-FR","@id":"https:\/\/secure.gravatar.com\/avatar\/729bea6ff4604c624417803c477363be8e3c7186deaa65713313f9b4b820f41c?s=96&d=mm&r=g","url":"https:\/\/secure.gravatar.com\/avatar\/729bea6ff4604c624417803c477363be8e3c7186deaa65713313f9b4b820f41c?s=96&d=mm&r=g","contentUrl":"https:\/\/secure.gravatar.com\/avatar\/729bea6ff4604c624417803c477363be8e3c7186deaa65713313f9b4b820f41c?s=96&d=mm&r=g","caption":"Jo\u00ebl Diawa"},"sameAs":["https:\/\/www.infos-droitshumains.net"],"url":"https:\/\/infos-droitshumains.net\/?author=2"}]}},"featured_image_urls":{"full":["https:\/\/i0.wp.com\/infos-droitshumains.net\/wp-content\/uploads\/2025\/06\/IMG-20250612-WA0038.jpg?fit=1080%2C810&ssl=1",1080,810,false],"thumbnail":["https:\/\/i0.wp.com\/infos-droitshumains.net\/wp-content\/uploads\/2025\/06\/IMG-20250612-WA0038.jpg?resize=150%2C150&ssl=1",150,150,true],"medium":["https:\/\/i0.wp.com\/infos-droitshumains.net\/wp-content\/uploads\/2025\/06\/IMG-20250612-WA0038.jpg?fit=300%2C225&ssl=1",300,225,true],"medium_large":["https:\/\/i0.wp.com\/infos-droitshumains.net\/wp-content\/uploads\/2025\/06\/IMG-20250612-WA0038.jpg?fit=640%2C480&ssl=1",640,480,true],"large":["https:\/\/i0.wp.com\/infos-droitshumains.net\/wp-content\/uploads\/2025\/06\/IMG-20250612-WA0038.jpg?fit=640%2C480&ssl=1",640,480,true],"1536x1536":["https:\/\/i0.wp.com\/infos-droitshumains.net\/wp-content\/uploads\/2025\/06\/IMG-20250612-WA0038.jpg?fit=1080%2C810&ssl=1",1080,810,true],"2048x2048":["https:\/\/i0.wp.com\/infos-droitshumains.net\/wp-content\/uploads\/2025\/06\/IMG-20250612-WA0038.jpg?fit=1080%2C810&ssl=1",1080,810,true],"covernews-slider-full":["https:\/\/i0.wp.com\/infos-droitshumains.net\/wp-content\/uploads\/2025\/06\/IMG-20250612-WA0038.jpg?resize=1080%2C715&ssl=1",1080,715,true],"covernews-slider-center":["https:\/\/i0.wp.com\/infos-droitshumains.net\/wp-content\/uploads\/2025\/06\/IMG-20250612-WA0038.jpg?resize=800%2C500&ssl=1",800,500,true],"covernews-featured":["https:\/\/i0.wp.com\/infos-droitshumains.net\/wp-content\/uploads\/2025\/06\/IMG-20250612-WA0038.jpg?fit=1024%2C768&ssl=1",1024,768,true],"covernews-medium":["https:\/\/i0.wp.com\/infos-droitshumains.net\/wp-content\/uploads\/2025\/06\/IMG-20250612-WA0038.jpg?resize=540%2C340&ssl=1",540,340,true],"covernews-medium-square":["https:\/\/i0.wp.com\/infos-droitshumains.net\/wp-content\/uploads\/2025\/06\/IMG-20250612-WA0038.jpg?resize=400%2C250&ssl=1",400,250,true]},"author_info":{"display_name":"Jo\u00ebl Diawa","author_link":"https:\/\/infos-droitshumains.net\/?author=2"},"category_info":"<a href=\"https:\/\/infos-droitshumains.net\/?cat=8\" rel=\"category\">Soci\u00e9t\u00e9<\/a>","tag_info":"Soci\u00e9t\u00e9","comment_count":"1","jetpack_featured_media_url":"https:\/\/i0.wp.com\/infos-droitshumains.net\/wp-content\/uploads\/2025\/06\/IMG-20250612-WA0038.jpg?fit=1080%2C810&ssl=1","jetpack-related-posts":[],"jetpack_sharing_enabled":true,"_links":{"self":[{"href":"https:\/\/infos-droitshumains.net\/index.php?rest_route=\/wp\/v2\/posts\/14872","targetHints":{"allow":["GET"]}}],"collection":[{"href":"https:\/\/infos-droitshumains.net\/index.php?rest_route=\/wp\/v2\/posts"}],"about":[{"href":"https:\/\/infos-droitshumains.net\/index.php?rest_route=\/wp\/v2\/types\/post"}],"author":[{"embeddable":true,"href":"https:\/\/infos-droitshumains.net\/index.php?rest_route=\/wp\/v2\/users\/2"}],"replies":[{"embeddable":true,"href":"https:\/\/infos-droitshumains.net\/index.php?rest_route=%2Fwp%2Fv2%2Fcomments&post=14872"}],"version-history":[{"count":1,"href":"https:\/\/infos-droitshumains.net\/index.php?rest_route=\/wp\/v2\/posts\/14872\/revisions"}],"predecessor-version":[{"id":14874,"href":"https:\/\/infos-droitshumains.net\/index.php?rest_route=\/wp\/v2\/posts\/14872\/revisions\/14874"}],"wp:featuredmedia":[{"embeddable":true,"href":"https:\/\/infos-droitshumains.net\/index.php?rest_route=\/wp\/v2\/media\/14873"}],"wp:attachment":[{"href":"https:\/\/infos-droitshumains.net\/index.php?rest_route=%2Fwp%2Fv2%2Fmedia&parent=14872"}],"wp:term":[{"taxonomy":"category","embeddable":true,"href":"https:\/\/infos-droitshumains.net\/index.php?rest_route=%2Fwp%2Fv2%2Fcategories&post=14872"},{"taxonomy":"post_tag","embeddable":true,"href":"https:\/\/infos-droitshumains.net\/index.php?rest_route=%2Fwp%2Fv2%2Ftags&post=14872"}],"curies":[{"name":"wp","href":"https:\/\/api.w.org\/{rel}","templated":true}]}}