{"id":1483,"date":"2021-12-30T22:14:52","date_gmt":"2021-12-30T21:14:52","guid":{"rendered":"https:\/\/infos-droitshumains.net\/?p=1483"},"modified":"2023-04-06T12:11:02","modified_gmt":"2023-04-06T10:11:02","slug":"justice-les-chefs-coutumiers-du-plateau-de-bateke-plaident-pour-la-creation-dun-tribunal-de-paix-a-mbakana","status":"publish","type":"post","link":"https:\/\/infos-droitshumains.net\/?p=1483","title":{"rendered":"Justice : Les chefs coutumiers du plateau de Bateke plaident pour la cr\u00e9ation d\u2019un tribunal de Paix \u00e0 Mbakana"},"content":{"rendered":"\n<p><strong>R\u00e9daction :+243817406088<\/strong><\/p>\n\n\n\n<p>C\u2019est depuis 2018 que le conseil sup\u00e9rieur de la magistrature a lev\u00e9 l\u2019option de mettre en place l&rsquo;extension du parquet de grande instance de Kinkole \u00e0 Mbakana pour rapprocher le justiciable \u00e0 la justice. Tr\u00e8s satisfaite de cette mesure, et surtout du travail abattu par Tathy Mungende Sangumpamba, chef du dit parquet, la population locale plaide pour la mise en place d\u2019un tribunal de Paix  \u00e0 Mbankana.<\/p>\n\n\n\n<figure class=\"wp-block-image alignfull size-large\"><img data-recalc-dims=\"1\" height=\"853\" width=\"640\" decoding=\"async\" src=\"https:\/\/i0.wp.com\/infos-droitshumains.net\/wp-content\/uploads\/2021\/12\/IMG-20211230-WA0040_1-1-768x1024.jpg?resize=640%2C853&#038;ssl=1\" alt=\"\" class=\"wp-image-1488\" \/><figcaption>Tathy Mungende, chef du parquet de Mbankana<\/figcaption><\/figure>\n\n\n\n<p>Dans une correspondance adress\u00e9e au pr\u00e9sident du conseil sup\u00e9rieur de la magistrature, dont la copie est parvenue \u00e0 la r\u00e9daction de infos-droitshuamains.net, Sa Majest\u00e9 Labi Mbama Mukonsu a, au nom de tous les chefs des groupements et chefs coutumiers du plateau de Bateke, justifi\u00e9 les raisons de cette demande.<br> Pour lui, premi\u00e8rement, <em><strong>\u00abla population du plateau atteindrait d\u00e9j\u00e0 plus de 500.000 habitants \u00bb.<\/strong><\/em><\/p>\n\n\n\n<p>En suite,<strong><em> \u00ab cette population qui se r\u00e9jouit de la pr\u00e9sence de l\u2019extension \u00e0 Mbankana, se retrouve dans la case du d\u00e9part quand son dossier est envoy\u00e9 en fixation aux tribunaux de Kinkole \u00bb<\/em><\/strong>, cons\u00e9quence,<em><strong> \u00abcette proximit\u00e9 de la justice aux justiciables ne se justifie plus \u00bb<\/strong><\/em> ; surtout que la population doit parcourir une tr\u00e8s grande distance avec tous les risques d\u2019accident de circulation routi\u00e8re, le co\u00fbt de transport \u00e9lev\u00e9, la fatigue de la ; <em>\u00abfacteurs qui peuvent l\u2019indisposer \u00e0 bien se d\u00e9fendre aux tribunaux de Kinkole\u00bb.<\/em><\/p>\n\n\n\n<p>Les chef coutumier souhaitent en outre que cette extensions du parquet de grande instance de Kinkole \u00ab soit mu\u00e9 en parquet pr\u00e8s le tribunal \u00e0 cr\u00e9er \u00bb.<\/p>\n\n\n\n<p>Dans le soucis d\u2019accompagner la mat\u00e9rialisation de ce projet, ces chefs coutumiers ont disponibilis\u00e9  l\u2019espace o\u00f9 les b\u00e2timents dudit tribunal devrait \u00eatre construits.<\/p>\n\n\n\n<figure class=\"wp-block-image alignfull size-large\"><img data-recalc-dims=\"1\" decoding=\"async\" src=\"https:\/\/i0.wp.com\/infos-droitshumains.net\/wp-content\/uploads\/2021\/12\/IMG-20211230-WA0001_1.jpg?w=640&#038;ssl=1\" alt=\"\" class=\"wp-image-1487\" \/><\/figure>\n\n\n\n<figure class=\"wp-block-image alignfull size-large\"><img data-recalc-dims=\"1\" height=\"853\" width=\"640\" decoding=\"async\" src=\"https:\/\/i0.wp.com\/infos-droitshumains.net\/wp-content\/uploads\/2021\/12\/IMG-20211230-WA0043_1-768x1024.jpg?resize=640%2C853&#038;ssl=1\" alt=\"\" class=\"wp-image-1490\" \/><figcaption>Terrain disponibilis\u00e9 pour la construction du tripaix Mbankana<\/figcaption><\/figure>\n\n\n\n<p>Mais en attendant,  <em>\u00ab le b\u00e2timent de Vision mondiale \u00e0 Mbankana peux d\u00e9j\u00e0 servir pour abriter le dit tribunal\u00bb<\/em> a rench\u00e9rit la correspondance.<\/p>\n\n\n\n<figure class=\"wp-block-image alignfull size-large\"><img data-recalc-dims=\"1\" height=\"853\" width=\"640\" decoding=\"async\" src=\"https:\/\/i0.wp.com\/infos-droitshumains.net\/wp-content\/uploads\/2021\/12\/IMG-20211230-WA0042_1-768x1024.jpg?resize=640%2C853&#038;ssl=1\" alt=\"\" class=\"wp-image-1492\" \/><figcaption>B\u00e2timents administratifs du parquet de Mbankana en cours de construction<\/figcaption><\/figure>\n\n\n\n<p>Tathy Mungende Sangumpamba qui est chef de l\u2019extension du parquet de grande instance de Kinkole \u00e0 Mbankana est parvenue \u00e0 instaurer une r\u00e9pression corrective faisons na\u00eetre la peur de la sanction dans le chef des r\u00e9fractaires. Il a dot\u00e9 l\u2019extension d\u2019un amigo au respect des conditions carc\u00e9rales, des installations hygi\u00e9niques, et un b\u00e2timent administratif en cours de construction.<\/p>\n\n\n\n<p>Merlin Kamalandua<\/p>\n","protected":false},"excerpt":{"rendered":"<p>R\u00e9daction :+243817406088 C\u2019est depuis 2018 que le conseil sup\u00e9rieur de la magistrature a lev\u00e9 l\u2019option&#8230;<\/p>\n","protected":false},"author":2,"featured_media":0,"comment_status":"closed","ping_status":"open","sticky":false,"template":"","format":"standard","meta":{"_jetpack_memberships_contains_paid_content":false,"footnotes":""},"categories":[1],"tags":[],"class_list":["post-1483","post","type-post","status-publish","format-standard","hentry","category-non-classe"],"yoast_head":"<!-- This site is optimized with the Yoast SEO plugin v27.5 - https:\/\/yoast.com\/product\/yoast-seo-wordpress\/ -->\n<title>Justice : Les chefs coutumiers du plateau de Bateke plaident pour la cr\u00e9ation d\u2019un tribunal de Paix \u00e0 Mbakana - Infos Droits Humains<\/title>\n<meta name=\"robots\" content=\"index, follow, max-snippet:-1, max-image-preview:large, max-video-preview:-1\" \/>\n<link rel=\"canonical\" href=\"https:\/\/infos-droitshumains.net\/?p=1483\" \/>\n<meta property=\"og:locale\" content=\"fr_FR\" \/>\n<meta property=\"og:type\" content=\"article\" \/>\n<meta property=\"og:title\" content=\"Justice : Les chefs coutumiers du plateau de Bateke plaident pour la cr\u00e9ation d\u2019un tribunal de Paix \u00e0 Mbakana - Infos Droits Humains\" \/>\n<meta property=\"og:description\" content=\"R\u00e9daction :+243817406088 C\u2019est depuis 2018 que le conseil sup\u00e9rieur de la magistrature a lev\u00e9 l\u2019option...\" \/>\n<meta property=\"og:url\" content=\"https:\/\/infos-droitshumains.net\/?p=1483\" \/>\n<meta property=\"og:site_name\" content=\"Infos Droits Humains\" \/>\n<meta property=\"article:published_time\" content=\"2021-12-30T21:14:52+00:00\" \/>\n<meta property=\"article:modified_time\" content=\"2023-04-06T10:11:02+00:00\" \/>\n<meta property=\"og:image\" content=\"https:\/\/infos-droitshumains.net\/wp-content\/uploads\/2021\/12\/IMG-20211230-WA0040_1-1-768x1024.jpg\" \/>\n<meta name=\"author\" content=\"Jo\u00ebl Diawa\" \/>\n<meta name=\"twitter:card\" content=\"summary_large_image\" \/>\n<meta name=\"twitter:label1\" content=\"\u00c9crit par\" \/>\n\t<meta name=\"twitter:data1\" content=\"Jo\u00ebl Diawa\" \/>\n\t<meta name=\"twitter:label2\" content=\"Dur\u00e9e de lecture estim\u00e9e\" \/>\n\t<meta name=\"twitter:data2\" content=\"2 minutes\" \/>\n<script type=\"application\/ld+json\" class=\"yoast-schema-graph\">{\"@context\":\"https:\\\/\\\/schema.org\",\"@graph\":[{\"@type\":\"Article\",\"@id\":\"https:\\\/\\\/infos-droitshumains.net\\\/?p=1483#article\",\"isPartOf\":{\"@id\":\"https:\\\/\\\/infos-droitshumains.net\\\/?p=1483\"},\"author\":{\"name\":\"Jo\u00ebl Diawa\",\"@id\":\"https:\\\/\\\/infos-droitshumains.net\\\/#\\\/schema\\\/person\\\/3dc5e921c3302172e0ed4362f96faab7\"},\"headline\":\"Justice : Les chefs coutumiers du plateau de Bateke plaident pour la cr\u00e9ation d\u2019un tribunal de Paix \u00e0 Mbakana\",\"datePublished\":\"2021-12-30T21:14:52+00:00\",\"dateModified\":\"2023-04-06T10:11:02+00:00\",\"mainEntityOfPage\":{\"@id\":\"https:\\\/\\\/infos-droitshumains.net\\\/?p=1483\"},\"wordCount\":418,\"publisher\":{\"@id\":\"https:\\\/\\\/infos-droitshumains.net\\\/#organization\"},\"image\":{\"@id\":\"https:\\\/\\\/infos-droitshumains.net\\\/?p=1483#primaryimage\"},\"thumbnailUrl\":\"https:\\\/\\\/infos-droitshumains.net\\\/wp-content\\\/uploads\\\/2021\\\/12\\\/IMG-20211230-WA0040_1-1-768x1024.jpg\",\"inLanguage\":\"fr-FR\"},{\"@type\":\"WebPage\",\"@id\":\"https:\\\/\\\/infos-droitshumains.net\\\/?p=1483\",\"url\":\"https:\\\/\\\/infos-droitshumains.net\\\/?p=1483\",\"name\":\"Justice : Les chefs coutumiers du plateau de Bateke plaident pour la cr\u00e9ation d\u2019un tribunal de Paix \u00e0 Mbakana - Infos Droits Humains\",\"isPartOf\":{\"@id\":\"https:\\\/\\\/infos-droitshumains.net\\\/#website\"},\"primaryImageOfPage\":{\"@id\":\"https:\\\/\\\/infos-droitshumains.net\\\/?p=1483#primaryimage\"},\"image\":{\"@id\":\"https:\\\/\\\/infos-droitshumains.net\\\/?p=1483#primaryimage\"},\"thumbnailUrl\":\"https:\\\/\\\/infos-droitshumains.net\\\/wp-content\\\/uploads\\\/2021\\\/12\\\/IMG-20211230-WA0040_1-1-768x1024.jpg\",\"datePublished\":\"2021-12-30T21:14:52+00:00\",\"dateModified\":\"2023-04-06T10:11:02+00:00\",\"breadcrumb\":{\"@id\":\"https:\\\/\\\/infos-droitshumains.net\\\/?p=1483#breadcrumb\"},\"inLanguage\":\"fr-FR\",\"potentialAction\":[{\"@type\":\"ReadAction\",\"target\":[\"https:\\\/\\\/infos-droitshumains.net\\\/?p=1483\"]}]},{\"@type\":\"ImageObject\",\"inLanguage\":\"fr-FR\",\"@id\":\"https:\\\/\\\/infos-droitshumains.net\\\/?p=1483#primaryimage\",\"url\":\"https:\\\/\\\/infos-droitshumains.net\\\/wp-content\\\/uploads\\\/2021\\\/12\\\/IMG-20211230-WA0040_1-1-768x1024.jpg\",\"contentUrl\":\"https:\\\/\\\/infos-droitshumains.net\\\/wp-content\\\/uploads\\\/2021\\\/12\\\/IMG-20211230-WA0040_1-1-768x1024.jpg\"},{\"@type\":\"BreadcrumbList\",\"@id\":\"https:\\\/\\\/infos-droitshumains.net\\\/?p=1483#breadcrumb\",\"itemListElement\":[{\"@type\":\"ListItem\",\"position\":1,\"name\":\"Accueil\",\"item\":\"https:\\\/\\\/infos-droitshumains.net\\\/\"},{\"@type\":\"ListItem\",\"position\":2,\"name\":\"Justice : Les chefs coutumiers du plateau de Bateke plaident pour la cr\u00e9ation d\u2019un tribunal de Paix \u00e0 Mbakana\"}]},{\"@type\":\"WebSite\",\"@id\":\"https:\\\/\\\/infos-droitshumains.net\\\/#website\",\"url\":\"https:\\\/\\\/infos-droitshumains.net\\\/\",\"name\":\"Infos Droits Humains\",\"description\":\"S&#039;informer est un droit\",\"publisher\":{\"@id\":\"https:\\\/\\\/infos-droitshumains.net\\\/#organization\"},\"potentialAction\":[{\"@type\":\"SearchAction\",\"target\":{\"@type\":\"EntryPoint\",\"urlTemplate\":\"https:\\\/\\\/infos-droitshumains.net\\\/?s={search_term_string}\"},\"query-input\":{\"@type\":\"PropertyValueSpecification\",\"valueRequired\":true,\"valueName\":\"search_term_string\"}}],\"inLanguage\":\"fr-FR\"},{\"@type\":\"Organization\",\"@id\":\"https:\\\/\\\/infos-droitshumains.net\\\/#organization\",\"name\":\"Infos Droits Humains\",\"url\":\"https:\\\/\\\/infos-droitshumains.net\\\/\",\"logo\":{\"@type\":\"ImageObject\",\"inLanguage\":\"fr-FR\",\"@id\":\"https:\\\/\\\/infos-droitshumains.net\\\/#\\\/schema\\\/logo\\\/image\\\/\",\"url\":\"https:\\\/\\\/i0.wp.com\\\/infos-droitshumains.net\\\/wp-content\\\/uploads\\\/2022\\\/05\\\/Logo.png?fit=333%2C129&ssl=1\",\"contentUrl\":\"https:\\\/\\\/i0.wp.com\\\/infos-droitshumains.net\\\/wp-content\\\/uploads\\\/2022\\\/05\\\/Logo.png?fit=333%2C129&ssl=1\",\"width\":333,\"height\":129,\"caption\":\"Infos Droits Humains\"},\"image\":{\"@id\":\"https:\\\/\\\/infos-droitshumains.net\\\/#\\\/schema\\\/logo\\\/image\\\/\"}},{\"@type\":\"Person\",\"@id\":\"https:\\\/\\\/infos-droitshumains.net\\\/#\\\/schema\\\/person\\\/3dc5e921c3302172e0ed4362f96faab7\",\"name\":\"Jo\u00ebl Diawa\",\"image\":{\"@type\":\"ImageObject\",\"inLanguage\":\"fr-FR\",\"@id\":\"https:\\\/\\\/secure.gravatar.com\\\/avatar\\\/729bea6ff4604c624417803c477363be8e3c7186deaa65713313f9b4b820f41c?s=96&d=mm&r=g\",\"url\":\"https:\\\/\\\/secure.gravatar.com\\\/avatar\\\/729bea6ff4604c624417803c477363be8e3c7186deaa65713313f9b4b820f41c?s=96&d=mm&r=g\",\"contentUrl\":\"https:\\\/\\\/secure.gravatar.com\\\/avatar\\\/729bea6ff4604c624417803c477363be8e3c7186deaa65713313f9b4b820f41c?s=96&d=mm&r=g\",\"caption\":\"Jo\u00ebl Diawa\"},\"sameAs\":[\"https:\\\/\\\/www.infos-droitshumains.net\"],\"url\":\"https:\\\/\\\/infos-droitshumains.net\\\/?author=2\"}]}<\/script>\n<!-- \/ Yoast SEO plugin. -->","yoast_head_json":{"title":"Justice : Les chefs coutumiers du plateau de Bateke plaident pour la cr\u00e9ation d\u2019un tribunal de Paix \u00e0 Mbakana - Infos Droits Humains","robots":{"index":"index","follow":"follow","max-snippet":"max-snippet:-1","max-image-preview":"max-image-preview:large","max-video-preview":"max-video-preview:-1"},"canonical":"https:\/\/infos-droitshumains.net\/?p=1483","og_locale":"fr_FR","og_type":"article","og_title":"Justice : Les chefs coutumiers du plateau de Bateke plaident pour la cr\u00e9ation d\u2019un tribunal de Paix \u00e0 Mbakana - Infos Droits Humains","og_description":"R\u00e9daction :+243817406088 C\u2019est depuis 2018 que le conseil sup\u00e9rieur de la magistrature a lev\u00e9 l\u2019option...","og_url":"https:\/\/infos-droitshumains.net\/?p=1483","og_site_name":"Infos Droits Humains","article_published_time":"2021-12-30T21:14:52+00:00","article_modified_time":"2023-04-06T10:11:02+00:00","og_image":[{"url":"https:\/\/infos-droitshumains.net\/wp-content\/uploads\/2021\/12\/IMG-20211230-WA0040_1-1-768x1024.jpg","type":"","width":"","height":""}],"author":"Jo\u00ebl Diawa","twitter_card":"summary_large_image","twitter_misc":{"\u00c9crit par":"Jo\u00ebl Diawa","Dur\u00e9e de lecture estim\u00e9e":"2 minutes"},"schema":{"@context":"https:\/\/schema.org","@graph":[{"@type":"Article","@id":"https:\/\/infos-droitshumains.net\/?p=1483#article","isPartOf":{"@id":"https:\/\/infos-droitshumains.net\/?p=1483"},"author":{"name":"Jo\u00ebl Diawa","@id":"https:\/\/infos-droitshumains.net\/#\/schema\/person\/3dc5e921c3302172e0ed4362f96faab7"},"headline":"Justice : Les chefs coutumiers du plateau de Bateke plaident pour la cr\u00e9ation d\u2019un tribunal de Paix \u00e0 Mbakana","datePublished":"2021-12-30T21:14:52+00:00","dateModified":"2023-04-06T10:11:02+00:00","mainEntityOfPage":{"@id":"https:\/\/infos-droitshumains.net\/?p=1483"},"wordCount":418,"publisher":{"@id":"https:\/\/infos-droitshumains.net\/#organization"},"image":{"@id":"https:\/\/infos-droitshumains.net\/?p=1483#primaryimage"},"thumbnailUrl":"https:\/\/infos-droitshumains.net\/wp-content\/uploads\/2021\/12\/IMG-20211230-WA0040_1-1-768x1024.jpg","inLanguage":"fr-FR"},{"@type":"WebPage","@id":"https:\/\/infos-droitshumains.net\/?p=1483","url":"https:\/\/infos-droitshumains.net\/?p=1483","name":"Justice : Les chefs coutumiers du plateau de Bateke plaident pour la cr\u00e9ation d\u2019un tribunal de Paix \u00e0 Mbakana - Infos Droits Humains","isPartOf":{"@id":"https:\/\/infos-droitshumains.net\/#website"},"primaryImageOfPage":{"@id":"https:\/\/infos-droitshumains.net\/?p=1483#primaryimage"},"image":{"@id":"https:\/\/infos-droitshumains.net\/?p=1483#primaryimage"},"thumbnailUrl":"https:\/\/infos-droitshumains.net\/wp-content\/uploads\/2021\/12\/IMG-20211230-WA0040_1-1-768x1024.jpg","datePublished":"2021-12-30T21:14:52+00:00","dateModified":"2023-04-06T10:11:02+00:00","breadcrumb":{"@id":"https:\/\/infos-droitshumains.net\/?p=1483#breadcrumb"},"inLanguage":"fr-FR","potentialAction":[{"@type":"ReadAction","target":["https:\/\/infos-droitshumains.net\/?p=1483"]}]},{"@type":"ImageObject","inLanguage":"fr-FR","@id":"https:\/\/infos-droitshumains.net\/?p=1483#primaryimage","url":"https:\/\/infos-droitshumains.net\/wp-content\/uploads\/2021\/12\/IMG-20211230-WA0040_1-1-768x1024.jpg","contentUrl":"https:\/\/infos-droitshumains.net\/wp-content\/uploads\/2021\/12\/IMG-20211230-WA0040_1-1-768x1024.jpg"},{"@type":"BreadcrumbList","@id":"https:\/\/infos-droitshumains.net\/?p=1483#breadcrumb","itemListElement":[{"@type":"ListItem","position":1,"name":"Accueil","item":"https:\/\/infos-droitshumains.net\/"},{"@type":"ListItem","position":2,"name":"Justice : Les chefs coutumiers du plateau de Bateke plaident pour la cr\u00e9ation d\u2019un tribunal de Paix \u00e0 Mbakana"}]},{"@type":"WebSite","@id":"https:\/\/infos-droitshumains.net\/#website","url":"https:\/\/infos-droitshumains.net\/","name":"Infos Droits Humains","description":"S&#039;informer est un droit","publisher":{"@id":"https:\/\/infos-droitshumains.net\/#organization"},"potentialAction":[{"@type":"SearchAction","target":{"@type":"EntryPoint","urlTemplate":"https:\/\/infos-droitshumains.net\/?s={search_term_string}"},"query-input":{"@type":"PropertyValueSpecification","valueRequired":true,"valueName":"search_term_string"}}],"inLanguage":"fr-FR"},{"@type":"Organization","@id":"https:\/\/infos-droitshumains.net\/#organization","name":"Infos Droits Humains","url":"https:\/\/infos-droitshumains.net\/","logo":{"@type":"ImageObject","inLanguage":"fr-FR","@id":"https:\/\/infos-droitshumains.net\/#\/schema\/logo\/image\/","url":"https:\/\/i0.wp.com\/infos-droitshumains.net\/wp-content\/uploads\/2022\/05\/Logo.png?fit=333%2C129&ssl=1","contentUrl":"https:\/\/i0.wp.com\/infos-droitshumains.net\/wp-content\/uploads\/2022\/05\/Logo.png?fit=333%2C129&ssl=1","width":333,"height":129,"caption":"Infos Droits Humains"},"image":{"@id":"https:\/\/infos-droitshumains.net\/#\/schema\/logo\/image\/"}},{"@type":"Person","@id":"https:\/\/infos-droitshumains.net\/#\/schema\/person\/3dc5e921c3302172e0ed4362f96faab7","name":"Jo\u00ebl Diawa","image":{"@type":"ImageObject","inLanguage":"fr-FR","@id":"https:\/\/secure.gravatar.com\/avatar\/729bea6ff4604c624417803c477363be8e3c7186deaa65713313f9b4b820f41c?s=96&d=mm&r=g","url":"https:\/\/secure.gravatar.com\/avatar\/729bea6ff4604c624417803c477363be8e3c7186deaa65713313f9b4b820f41c?s=96&d=mm&r=g","contentUrl":"https:\/\/secure.gravatar.com\/avatar\/729bea6ff4604c624417803c477363be8e3c7186deaa65713313f9b4b820f41c?s=96&d=mm&r=g","caption":"Jo\u00ebl Diawa"},"sameAs":["https:\/\/www.infos-droitshumains.net"],"url":"https:\/\/infos-droitshumains.net\/?author=2"}]}},"featured_image_urls":{"full":"","thumbnail":"","medium":"","medium_large":"","large":"","1536x1536":"","2048x2048":"","covernews-slider-full":"","covernews-slider-center":"","covernews-featured":"","covernews-medium":"","covernews-medium-square":""},"author_info":{"display_name":"Jo\u00ebl Diawa","author_link":"https:\/\/infos-droitshumains.net\/?author=2"},"category_info":"<a href=\"https:\/\/infos-droitshumains.net\/?cat=1\" rel=\"category\">Non class\u00e9<\/a>","tag_info":"Non class\u00e9","comment_count":"0","jetpack_featured_media_url":"","jetpack-related-posts":[],"jetpack_sharing_enabled":true,"_links":{"self":[{"href":"https:\/\/infos-droitshumains.net\/index.php?rest_route=\/wp\/v2\/posts\/1483","targetHints":{"allow":["GET"]}}],"collection":[{"href":"https:\/\/infos-droitshumains.net\/index.php?rest_route=\/wp\/v2\/posts"}],"about":[{"href":"https:\/\/infos-droitshumains.net\/index.php?rest_route=\/wp\/v2\/types\/post"}],"author":[{"embeddable":true,"href":"https:\/\/infos-droitshumains.net\/index.php?rest_route=\/wp\/v2\/users\/2"}],"replies":[{"embeddable":true,"href":"https:\/\/infos-droitshumains.net\/index.php?rest_route=%2Fwp%2Fv2%2Fcomments&post=1483"}],"version-history":[{"count":6,"href":"https:\/\/infos-droitshumains.net\/index.php?rest_route=\/wp\/v2\/posts\/1483\/revisions"}],"predecessor-version":[{"id":1495,"href":"https:\/\/infos-droitshumains.net\/index.php?rest_route=\/wp\/v2\/posts\/1483\/revisions\/1495"}],"wp:attachment":[{"href":"https:\/\/infos-droitshumains.net\/index.php?rest_route=%2Fwp%2Fv2%2Fmedia&parent=1483"}],"wp:term":[{"taxonomy":"category","embeddable":true,"href":"https:\/\/infos-droitshumains.net\/index.php?rest_route=%2Fwp%2Fv2%2Fcategories&post=1483"},{"taxonomy":"post_tag","embeddable":true,"href":"https:\/\/infos-droitshumains.net\/index.php?rest_route=%2Fwp%2Fv2%2Ftags&post=1483"}],"curies":[{"name":"wp","href":"https:\/\/api.w.org\/{rel}","templated":true}]}}