{"id":1478,"date":"2021-12-30T17:28:55","date_gmt":"2021-12-30T16:28:55","guid":{"rendered":"https:\/\/infos-droitshumains.net\/?p=1478"},"modified":"2023-04-06T12:11:02","modified_gmt":"2023-04-06T10:11:02","slug":"aux-cotes-du-chef-de-letat-le-premier-vice-president-du-senat-eddy-mundela-kanku-apporte-son-expertise-pour-relancer-la-miba","status":"publish","type":"post","link":"https:\/\/infos-droitshumains.net\/?p=1478","title":{"rendered":"Aux c\u00f4t\u00e9s du Chef de l\u2019\u00c9tat, Le premier vice-pr\u00e9sident du s\u00e9nat Eddy Mundela Kanku apporte son expertise pour relancer la Miba"},"content":{"rendered":"\n<p><strong>R\u00e9daction :+243817406088<\/strong><\/p>\n\n\n\n<p>La relance de la mini\u00e8re de Bakwanga, MIBA, fait partie des priorit\u00e9s du pr\u00e9sident de la R\u00e9publique. Pendant sa tourn\u00e9e dans l\u2019espace grand Kasa\u00ef, F\u00e9lix Tshisekedi garde un \u0153il regardant sur cette soci\u00e9t\u00e9. En date du 24 d\u00e9cembre 2021 \u00e0 Mbuji-Mayi, il avait promis la relance des activit\u00e9s au sein de la MIBA.<\/p>\n\n\n\n<p><em>\u00abJ\u2019ai suivi vos pleurs. Vous pleurez pour les souffrances, vous pleurez pour la faim, vous pleurez pour la MIBA, vous pleurez pour l\u2019\u00e9lectricit\u00e9, vous pleurez pour l\u2019eau. J\u2019ai suivi tout \u00e7a. Je suis venu vous dire que j\u2019ai suivi le probl\u00e8me de la MIBA. Je vous promets que nous allons relancer la MIBA. Notre MIBA sera relanc\u00e9e parce-que la MIBA a encore des richesses \u00bb <\/em>disait le chef de l\u2019\u00c9tat devant la population de Mbuji-mayi.<\/p>\n\n\n\n<p>Voulant passer de la parole \u00e0 l\u2019acte, le premier des congolais a effectu\u00e9 une descente ce jeudi 30 d\u00e9cembre dans les installations de cette soci\u00e9t\u00e9.<\/p>\n\n\n\n<p>A ses c\u00f4t\u00e9s, nous avons remarqu\u00e9 la pr\u00e9sence des membres du gouvernement Sama Lukonde, mais surtout celle d&rsquo;Eddy Mundela Kanku, premier vice-pr\u00e9sident du s\u00e9nat.<\/p>\n\n\n\n<p>En sa qualit\u00e9 de repr\u00e9sentant de la chambre haute du parlement, Eddy Mundela Kanku, a assist\u00e9 \u00e0 la rencontre en huit clos entre le chef  l\u2019\u00c9tat et le personnel de la Miba. Aux c\u00f4t\u00e9s du chef de l\u2019Etat, \u00ab\u00a0<strong><em>il a apport\u00e9 son expertise et son savoir faire dans les discussions pour la relance de ce g\u00e9ant d\u2019exploitation du diamant en RDC\u00a0\u00bb.<\/em><\/strong><\/p>\n\n\n\n<p>La MIBA est toujours consid\u00e9r\u00e9e comme l&rsquo;une des fleurons de l&rsquo;\u00e9conomie de la RDC, mais fait malheureusement face \u00e0 plusieurs difficult\u00e9s et peine \u00e0 se relancer.<\/p>\n\n\n\n<p>Elle figure parmi les projets prioritaires qui vont b\u00e9n\u00e9ficier de l\u2019appui financier du gouvernement en 2022, selon une annonce faite \u00e0 l\u2019assembl\u00e9e nationale par le Premier ministre Sama Lukonde lorsqu\u2019il pr\u00e9sentait le projet de loi des finances exercice 2022.<\/p>\n\n\n\n<p>En septembre 2020, la soci\u00e9t\u00e9 avait obtenu un financement de 5 millions USD du gouvernement pour payer son personnel et renforcer son outil de production. D\u00e9j\u00e0, le 16 f\u00e9vrier 2020, elle avait obtenu la promesse d\u2019un financement de 200 millions USD pour relancer l\u2019exploitation mini\u00e8re, aux termes d\u2019un accord sign\u00e9 avec la firme roumaine AM D\u00e9veloppements International, sp\u00e9cialis\u00e9e en construction et exploitation mini\u00e8re. Sur ces ressources, un ch\u00e8que de 30 millions USD non remboursables avait \u00e9t\u00e9 remis \u00e0 la MIBA pour apurer, notamment, les arri\u00e9r\u00e9s de salaires des agents et travailleurs.<\/p>\n\n\n\n<p>Le passage du chef de l&rsquo;\u00c9tat, en compagnie de l\u2019expertise du premier vice-pr\u00e9sident du s\u00e9nat est sans aucun doute, une pr\u00e9monition pour la relance de la Mini\u00e8re de Bakwanga.<\/p>\n\n\n\n<p>Jo\u00ebl Diawa<\/p>\n","protected":false},"excerpt":{"rendered":"<p>R\u00e9daction :+243817406088 La relance de la mini\u00e8re de Bakwanga, MIBA, fait partie des priorit\u00e9s du&#8230;<\/p>\n","protected":false},"author":2,"featured_media":0,"comment_status":"closed","ping_status":"open","sticky":false,"template":"","format":"standard","meta":{"_jetpack_memberships_contains_paid_content":false,"footnotes":""},"categories":[1],"tags":[],"class_list":["post-1478","post","type-post","status-publish","format-standard","hentry","category-non-classe"],"yoast_head":"<!-- This site is optimized with the Yoast SEO plugin v27.5 - https:\/\/yoast.com\/product\/yoast-seo-wordpress\/ -->\n<title>Aux c\u00f4t\u00e9s du Chef de l\u2019\u00c9tat, Le premier vice-pr\u00e9sident du s\u00e9nat Eddy Mundela Kanku apporte son expertise pour relancer la Miba - Infos Droits Humains<\/title>\n<meta name=\"robots\" content=\"index, follow, max-snippet:-1, max-image-preview:large, max-video-preview:-1\" \/>\n<link rel=\"canonical\" href=\"https:\/\/infos-droitshumains.net\/?p=1478\" \/>\n<meta property=\"og:locale\" content=\"fr_FR\" \/>\n<meta property=\"og:type\" content=\"article\" \/>\n<meta property=\"og:title\" content=\"Aux c\u00f4t\u00e9s du Chef de l\u2019\u00c9tat, Le premier vice-pr\u00e9sident du s\u00e9nat Eddy Mundela Kanku apporte son expertise pour relancer la Miba - Infos Droits Humains\" \/>\n<meta property=\"og:description\" content=\"R\u00e9daction :+243817406088 La relance de la mini\u00e8re de Bakwanga, MIBA, fait partie des priorit\u00e9s du...\" \/>\n<meta property=\"og:url\" content=\"https:\/\/infos-droitshumains.net\/?p=1478\" \/>\n<meta property=\"og:site_name\" content=\"Infos Droits Humains\" \/>\n<meta property=\"article:published_time\" content=\"2021-12-30T16:28:55+00:00\" \/>\n<meta property=\"article:modified_time\" content=\"2023-04-06T10:11:02+00:00\" \/>\n<meta name=\"author\" content=\"Jo\u00ebl Diawa\" \/>\n<meta name=\"twitter:card\" content=\"summary_large_image\" \/>\n<meta name=\"twitter:label1\" content=\"\u00c9crit par\" \/>\n\t<meta name=\"twitter:data1\" content=\"Jo\u00ebl Diawa\" \/>\n\t<meta name=\"twitter:label2\" content=\"Dur\u00e9e de lecture estim\u00e9e\" \/>\n\t<meta name=\"twitter:data2\" content=\"2 minutes\" \/>\n<script type=\"application\/ld+json\" class=\"yoast-schema-graph\">{\"@context\":\"https:\\\/\\\/schema.org\",\"@graph\":[{\"@type\":\"Article\",\"@id\":\"https:\\\/\\\/infos-droitshumains.net\\\/?p=1478#article\",\"isPartOf\":{\"@id\":\"https:\\\/\\\/infos-droitshumains.net\\\/?p=1478\"},\"author\":{\"name\":\"Jo\u00ebl Diawa\",\"@id\":\"https:\\\/\\\/infos-droitshumains.net\\\/#\\\/schema\\\/person\\\/3dc5e921c3302172e0ed4362f96faab7\"},\"headline\":\"Aux c\u00f4t\u00e9s du Chef de l\u2019\u00c9tat, Le premier vice-pr\u00e9sident du s\u00e9nat Eddy Mundela Kanku apporte son expertise pour relancer la Miba\",\"datePublished\":\"2021-12-30T16:28:55+00:00\",\"dateModified\":\"2023-04-06T10:11:02+00:00\",\"mainEntityOfPage\":{\"@id\":\"https:\\\/\\\/infos-droitshumains.net\\\/?p=1478\"},\"wordCount\":499,\"publisher\":{\"@id\":\"https:\\\/\\\/infos-droitshumains.net\\\/#organization\"},\"inLanguage\":\"fr-FR\"},{\"@type\":\"WebPage\",\"@id\":\"https:\\\/\\\/infos-droitshumains.net\\\/?p=1478\",\"url\":\"https:\\\/\\\/infos-droitshumains.net\\\/?p=1478\",\"name\":\"Aux c\u00f4t\u00e9s du Chef de l\u2019\u00c9tat, Le premier vice-pr\u00e9sident du s\u00e9nat Eddy Mundela Kanku apporte son expertise pour relancer la Miba - Infos Droits Humains\",\"isPartOf\":{\"@id\":\"https:\\\/\\\/infos-droitshumains.net\\\/#website\"},\"datePublished\":\"2021-12-30T16:28:55+00:00\",\"dateModified\":\"2023-04-06T10:11:02+00:00\",\"breadcrumb\":{\"@id\":\"https:\\\/\\\/infos-droitshumains.net\\\/?p=1478#breadcrumb\"},\"inLanguage\":\"fr-FR\",\"potentialAction\":[{\"@type\":\"ReadAction\",\"target\":[\"https:\\\/\\\/infos-droitshumains.net\\\/?p=1478\"]}]},{\"@type\":\"BreadcrumbList\",\"@id\":\"https:\\\/\\\/infos-droitshumains.net\\\/?p=1478#breadcrumb\",\"itemListElement\":[{\"@type\":\"ListItem\",\"position\":1,\"name\":\"Accueil\",\"item\":\"https:\\\/\\\/infos-droitshumains.net\\\/\"},{\"@type\":\"ListItem\",\"position\":2,\"name\":\"Aux c\u00f4t\u00e9s du Chef de l\u2019\u00c9tat, Le premier vice-pr\u00e9sident du s\u00e9nat Eddy Mundela Kanku apporte son expertise pour relancer la Miba\"}]},{\"@type\":\"WebSite\",\"@id\":\"https:\\\/\\\/infos-droitshumains.net\\\/#website\",\"url\":\"https:\\\/\\\/infos-droitshumains.net\\\/\",\"name\":\"Infos Droits Humains\",\"description\":\"S&#039;informer est un droit\",\"publisher\":{\"@id\":\"https:\\\/\\\/infos-droitshumains.net\\\/#organization\"},\"potentialAction\":[{\"@type\":\"SearchAction\",\"target\":{\"@type\":\"EntryPoint\",\"urlTemplate\":\"https:\\\/\\\/infos-droitshumains.net\\\/?s={search_term_string}\"},\"query-input\":{\"@type\":\"PropertyValueSpecification\",\"valueRequired\":true,\"valueName\":\"search_term_string\"}}],\"inLanguage\":\"fr-FR\"},{\"@type\":\"Organization\",\"@id\":\"https:\\\/\\\/infos-droitshumains.net\\\/#organization\",\"name\":\"Infos Droits Humains\",\"url\":\"https:\\\/\\\/infos-droitshumains.net\\\/\",\"logo\":{\"@type\":\"ImageObject\",\"inLanguage\":\"fr-FR\",\"@id\":\"https:\\\/\\\/infos-droitshumains.net\\\/#\\\/schema\\\/logo\\\/image\\\/\",\"url\":\"https:\\\/\\\/i0.wp.com\\\/infos-droitshumains.net\\\/wp-content\\\/uploads\\\/2022\\\/05\\\/Logo.png?fit=333%2C129&ssl=1\",\"contentUrl\":\"https:\\\/\\\/i0.wp.com\\\/infos-droitshumains.net\\\/wp-content\\\/uploads\\\/2022\\\/05\\\/Logo.png?fit=333%2C129&ssl=1\",\"width\":333,\"height\":129,\"caption\":\"Infos Droits Humains\"},\"image\":{\"@id\":\"https:\\\/\\\/infos-droitshumains.net\\\/#\\\/schema\\\/logo\\\/image\\\/\"}},{\"@type\":\"Person\",\"@id\":\"https:\\\/\\\/infos-droitshumains.net\\\/#\\\/schema\\\/person\\\/3dc5e921c3302172e0ed4362f96faab7\",\"name\":\"Jo\u00ebl Diawa\",\"image\":{\"@type\":\"ImageObject\",\"inLanguage\":\"fr-FR\",\"@id\":\"https:\\\/\\\/secure.gravatar.com\\\/avatar\\\/729bea6ff4604c624417803c477363be8e3c7186deaa65713313f9b4b820f41c?s=96&d=mm&r=g\",\"url\":\"https:\\\/\\\/secure.gravatar.com\\\/avatar\\\/729bea6ff4604c624417803c477363be8e3c7186deaa65713313f9b4b820f41c?s=96&d=mm&r=g\",\"contentUrl\":\"https:\\\/\\\/secure.gravatar.com\\\/avatar\\\/729bea6ff4604c624417803c477363be8e3c7186deaa65713313f9b4b820f41c?s=96&d=mm&r=g\",\"caption\":\"Jo\u00ebl Diawa\"},\"sameAs\":[\"https:\\\/\\\/www.infos-droitshumains.net\"],\"url\":\"https:\\\/\\\/infos-droitshumains.net\\\/?author=2\"}]}<\/script>\n<!-- \/ Yoast SEO plugin. -->","yoast_head_json":{"title":"Aux c\u00f4t\u00e9s du Chef de l\u2019\u00c9tat, Le premier vice-pr\u00e9sident du s\u00e9nat Eddy Mundela Kanku apporte son expertise pour relancer la Miba - Infos Droits Humains","robots":{"index":"index","follow":"follow","max-snippet":"max-snippet:-1","max-image-preview":"max-image-preview:large","max-video-preview":"max-video-preview:-1"},"canonical":"https:\/\/infos-droitshumains.net\/?p=1478","og_locale":"fr_FR","og_type":"article","og_title":"Aux c\u00f4t\u00e9s du Chef de l\u2019\u00c9tat, Le premier vice-pr\u00e9sident du s\u00e9nat Eddy Mundela Kanku apporte son expertise pour relancer la Miba - Infos Droits Humains","og_description":"R\u00e9daction :+243817406088 La relance de la mini\u00e8re de Bakwanga, MIBA, fait partie des priorit\u00e9s du...","og_url":"https:\/\/infos-droitshumains.net\/?p=1478","og_site_name":"Infos Droits Humains","article_published_time":"2021-12-30T16:28:55+00:00","article_modified_time":"2023-04-06T10:11:02+00:00","author":"Jo\u00ebl Diawa","twitter_card":"summary_large_image","twitter_misc":{"\u00c9crit par":"Jo\u00ebl Diawa","Dur\u00e9e de lecture estim\u00e9e":"2 minutes"},"schema":{"@context":"https:\/\/schema.org","@graph":[{"@type":"Article","@id":"https:\/\/infos-droitshumains.net\/?p=1478#article","isPartOf":{"@id":"https:\/\/infos-droitshumains.net\/?p=1478"},"author":{"name":"Jo\u00ebl Diawa","@id":"https:\/\/infos-droitshumains.net\/#\/schema\/person\/3dc5e921c3302172e0ed4362f96faab7"},"headline":"Aux c\u00f4t\u00e9s du Chef de l\u2019\u00c9tat, Le premier vice-pr\u00e9sident du s\u00e9nat Eddy Mundela Kanku apporte son expertise pour relancer la Miba","datePublished":"2021-12-30T16:28:55+00:00","dateModified":"2023-04-06T10:11:02+00:00","mainEntityOfPage":{"@id":"https:\/\/infos-droitshumains.net\/?p=1478"},"wordCount":499,"publisher":{"@id":"https:\/\/infos-droitshumains.net\/#organization"},"inLanguage":"fr-FR"},{"@type":"WebPage","@id":"https:\/\/infos-droitshumains.net\/?p=1478","url":"https:\/\/infos-droitshumains.net\/?p=1478","name":"Aux c\u00f4t\u00e9s du Chef de l\u2019\u00c9tat, Le premier vice-pr\u00e9sident du s\u00e9nat Eddy Mundela Kanku apporte son expertise pour relancer la Miba - Infos Droits Humains","isPartOf":{"@id":"https:\/\/infos-droitshumains.net\/#website"},"datePublished":"2021-12-30T16:28:55+00:00","dateModified":"2023-04-06T10:11:02+00:00","breadcrumb":{"@id":"https:\/\/infos-droitshumains.net\/?p=1478#breadcrumb"},"inLanguage":"fr-FR","potentialAction":[{"@type":"ReadAction","target":["https:\/\/infos-droitshumains.net\/?p=1478"]}]},{"@type":"BreadcrumbList","@id":"https:\/\/infos-droitshumains.net\/?p=1478#breadcrumb","itemListElement":[{"@type":"ListItem","position":1,"name":"Accueil","item":"https:\/\/infos-droitshumains.net\/"},{"@type":"ListItem","position":2,"name":"Aux c\u00f4t\u00e9s du Chef de l\u2019\u00c9tat, Le premier vice-pr\u00e9sident du s\u00e9nat Eddy Mundela Kanku apporte son expertise pour relancer la Miba"}]},{"@type":"WebSite","@id":"https:\/\/infos-droitshumains.net\/#website","url":"https:\/\/infos-droitshumains.net\/","name":"Infos Droits Humains","description":"S&#039;informer est un droit","publisher":{"@id":"https:\/\/infos-droitshumains.net\/#organization"},"potentialAction":[{"@type":"SearchAction","target":{"@type":"EntryPoint","urlTemplate":"https:\/\/infos-droitshumains.net\/?s={search_term_string}"},"query-input":{"@type":"PropertyValueSpecification","valueRequired":true,"valueName":"search_term_string"}}],"inLanguage":"fr-FR"},{"@type":"Organization","@id":"https:\/\/infos-droitshumains.net\/#organization","name":"Infos Droits Humains","url":"https:\/\/infos-droitshumains.net\/","logo":{"@type":"ImageObject","inLanguage":"fr-FR","@id":"https:\/\/infos-droitshumains.net\/#\/schema\/logo\/image\/","url":"https:\/\/i0.wp.com\/infos-droitshumains.net\/wp-content\/uploads\/2022\/05\/Logo.png?fit=333%2C129&ssl=1","contentUrl":"https:\/\/i0.wp.com\/infos-droitshumains.net\/wp-content\/uploads\/2022\/05\/Logo.png?fit=333%2C129&ssl=1","width":333,"height":129,"caption":"Infos Droits Humains"},"image":{"@id":"https:\/\/infos-droitshumains.net\/#\/schema\/logo\/image\/"}},{"@type":"Person","@id":"https:\/\/infos-droitshumains.net\/#\/schema\/person\/3dc5e921c3302172e0ed4362f96faab7","name":"Jo\u00ebl Diawa","image":{"@type":"ImageObject","inLanguage":"fr-FR","@id":"https:\/\/secure.gravatar.com\/avatar\/729bea6ff4604c624417803c477363be8e3c7186deaa65713313f9b4b820f41c?s=96&d=mm&r=g","url":"https:\/\/secure.gravatar.com\/avatar\/729bea6ff4604c624417803c477363be8e3c7186deaa65713313f9b4b820f41c?s=96&d=mm&r=g","contentUrl":"https:\/\/secure.gravatar.com\/avatar\/729bea6ff4604c624417803c477363be8e3c7186deaa65713313f9b4b820f41c?s=96&d=mm&r=g","caption":"Jo\u00ebl Diawa"},"sameAs":["https:\/\/www.infos-droitshumains.net"],"url":"https:\/\/infos-droitshumains.net\/?author=2"}]}},"featured_image_urls":{"full":"","thumbnail":"","medium":"","medium_large":"","large":"","1536x1536":"","2048x2048":"","covernews-slider-full":"","covernews-slider-center":"","covernews-featured":"","covernews-medium":"","covernews-medium-square":""},"author_info":{"display_name":"Jo\u00ebl Diawa","author_link":"https:\/\/infos-droitshumains.net\/?author=2"},"category_info":"<a href=\"https:\/\/infos-droitshumains.net\/?cat=1\" rel=\"category\">Non class\u00e9<\/a>","tag_info":"Non class\u00e9","comment_count":"0","jetpack_featured_media_url":"","jetpack-related-posts":[],"jetpack_sharing_enabled":true,"_links":{"self":[{"href":"https:\/\/infos-droitshumains.net\/index.php?rest_route=\/wp\/v2\/posts\/1478","targetHints":{"allow":["GET"]}}],"collection":[{"href":"https:\/\/infos-droitshumains.net\/index.php?rest_route=\/wp\/v2\/posts"}],"about":[{"href":"https:\/\/infos-droitshumains.net\/index.php?rest_route=\/wp\/v2\/types\/post"}],"author":[{"embeddable":true,"href":"https:\/\/infos-droitshumains.net\/index.php?rest_route=\/wp\/v2\/users\/2"}],"replies":[{"embeddable":true,"href":"https:\/\/infos-droitshumains.net\/index.php?rest_route=%2Fwp%2Fv2%2Fcomments&post=1478"}],"version-history":[{"count":3,"href":"https:\/\/infos-droitshumains.net\/index.php?rest_route=\/wp\/v2\/posts\/1478\/revisions"}],"predecessor-version":[{"id":1481,"href":"https:\/\/infos-droitshumains.net\/index.php?rest_route=\/wp\/v2\/posts\/1478\/revisions\/1481"}],"wp:attachment":[{"href":"https:\/\/infos-droitshumains.net\/index.php?rest_route=%2Fwp%2Fv2%2Fmedia&parent=1478"}],"wp:term":[{"taxonomy":"category","embeddable":true,"href":"https:\/\/infos-droitshumains.net\/index.php?rest_route=%2Fwp%2Fv2%2Fcategories&post=1478"},{"taxonomy":"post_tag","embeddable":true,"href":"https:\/\/infos-droitshumains.net\/index.php?rest_route=%2Fwp%2Fv2%2Ftags&post=1478"}],"curies":[{"name":"wp","href":"https:\/\/api.w.org\/{rel}","templated":true}]}}