{"id":14761,"date":"2025-06-09T01:16:30","date_gmt":"2025-06-08T23:16:30","guid":{"rendered":"https:\/\/infos-droitshumains.net\/?p=14761"},"modified":"2025-06-11T09:56:23","modified_gmt":"2025-06-11T07:56:23","slug":"installation-du-comite-provincial-de-luncc-kongo-central-merlin-kamalandua-invite-les-cameramen-a-etre-les-acteurs-du-changement-et-de-lexcellence","status":"publish","type":"post","link":"https:\/\/infos-droitshumains.net\/?p=14761","title":{"rendered":"Installation du comit\u00e9 provincial de l\u2019UNCC\/ Kongo-Central\u00a0: Merlin Kamalandua invite les cameramen \u00e0 \u00eatre les acteurs du changement et de l\u2019excellence"},"content":{"rendered":"\n<p><strong>R\u00e9daction: +243 817 406 088<\/strong><\/p>\n\n\n\n<h3 class=\"wp-block-heading has-vivid-red-color has-text-color has-link-color wp-elements-c749c903f79b6946983add9c75026e8f\">Implanter l\u2019Union Nationale des Cameramen du Congo dans toutes les 26 provinces du pays, c\u2019est l\u2019un des objectifs que s\u2019est assign\u00e9 le comit\u00e9 ex\u00e9cutif dirig\u00e9 par Merlin Kamalandua lors de son \u00e9lection le dimanche 29 septembre 2024. Sept mois plus tard, cet objectif couch\u00e9 sur papier est en train de prendre corps avec l\u2019installation du comit\u00e9 provincial du Kongo-Central qui a eu lieu ce dimanche 8 juin 2025.<\/h3>\n\n\n\n<figure class=\"wp-block-image alignfull size-large\"><img data-recalc-dims=\"1\" fetchpriority=\"high\" decoding=\"async\" width=\"640\" height=\"436\" src=\"https:\/\/i0.wp.com\/infos-droitshumains.net\/wp-content\/uploads\/2025\/06\/2.jpg?resize=640%2C436&#038;ssl=1\" alt=\"\" class=\"wp-image-14836\" srcset=\"https:\/\/i0.wp.com\/infos-droitshumains.net\/wp-content\/uploads\/2025\/06\/2.jpg?resize=1024%2C698&amp;ssl=1 1024w, https:\/\/i0.wp.com\/infos-droitshumains.net\/wp-content\/uploads\/2025\/06\/2.jpg?resize=300%2C204&amp;ssl=1 300w, https:\/\/i0.wp.com\/infos-droitshumains.net\/wp-content\/uploads\/2025\/06\/2.jpg?resize=768%2C523&amp;ssl=1 768w, https:\/\/i0.wp.com\/infos-droitshumains.net\/wp-content\/uploads\/2025\/06\/2.jpg?w=1080&amp;ssl=1 1080w\" sizes=\"(max-width: 640px) 100vw, 640px\" \/><\/figure>\n\n\n\n<p>La ville de Matadi dans la Province du Kongo-Central a accueilli ce dimanche 8 juin, la c\u00e9r\u00e9monie d\u2019installation du comit\u00e9 provincial de l\u2019Union Nationale des Cameramen du Congo. Pour le Pr\u00e9sident de l\u2019UNCC, cette c\u00e9r\u00e9monie marque un tournant tr\u00e8s d\u00e9cisif et entre dans les annales de cette association.<\/p>\n\n\n\n<figure class=\"wp-block-image alignfull size-large\"><img data-recalc-dims=\"1\" decoding=\"async\" width=\"640\" height=\"491\" src=\"https:\/\/i0.wp.com\/infos-droitshumains.net\/wp-content\/uploads\/2025\/06\/4-1.jpg?resize=640%2C491&#038;ssl=1\" alt=\"\" class=\"wp-image-14837\" srcset=\"https:\/\/i0.wp.com\/infos-droitshumains.net\/wp-content\/uploads\/2025\/06\/4-1.jpg?resize=1024%2C785&amp;ssl=1 1024w, https:\/\/i0.wp.com\/infos-droitshumains.net\/wp-content\/uploads\/2025\/06\/4-1.jpg?resize=300%2C230&amp;ssl=1 300w, https:\/\/i0.wp.com\/infos-droitshumains.net\/wp-content\/uploads\/2025\/06\/4-1.jpg?resize=768%2C589&amp;ssl=1 768w, https:\/\/i0.wp.com\/infos-droitshumains.net\/wp-content\/uploads\/2025\/06\/4-1.jpg?w=1040&amp;ssl=1 1040w\" sizes=\"(max-width: 640px) 100vw, 640px\" \/><\/figure>\n\n\n\n<p>Merlin Kamalandua a rappel\u00e9 le contexte dans lequel il a h\u00e9rit\u00e9 de cette structure, se f\u00e9licitant cependant des avanc\u00e9es tr\u00e8s significatives r\u00e9alis\u00e9es en sept mois d\u2019exercice&nbsp;:<\/p>\n\n\n\n<p><em>\u00ab&nbsp;<\/em><em>A notre av\u00e8nement, nous avons h\u00e9rit\u00e9 d\u2019un canard boiteux, d\u2019une structure tr\u00e8s malade et paralys\u00e9e par des querelles intestines. Nous nous sommes assign\u00e9s pour objectif, de redresser ce g\u00e9ant aux pieds d\u2019argile en l\u2019administrant une th\u00e9rapie efficace. Pour ce faire, nous avons commenc\u00e9 par la r\u00e9unification des diff\u00e9rentes fractions, la dotation d\u2019un si\u00e8ge administratif \u00e0 l\u2019UNCC avant de lancer l\u2019op\u00e9ration d\u2019identification de tous les membres. L\u2019objectif de cette op\u00e9ration \u00e9tait de savoir qui est cameraman et qui ne l\u2019est pas, afin d\u2019\u00e9viter les moutons noirs. Un autre objectif que nous nous sommes assign\u00e9s, c\u2019\u00e9tait l\u2019extension de l\u2019UNCC sur l\u2019ensemble du territoire national. En ce jour, nous ne pouvons \u00eatre que fier d\u2019avoir mat\u00e9rialis\u00e9 cet objectif par sa premi\u00e8re phase ici au Kongo-Central&nbsp;\u00bb<\/em>, a indiqu\u00e9 le Pr\u00e9sident de l\u2019UNCC.<\/p>\n\n\n\n<figure class=\"wp-block-image alignfull size-full\"><img data-recalc-dims=\"1\" decoding=\"async\" width=\"640\" height=\"817\" src=\"https:\/\/i0.wp.com\/infos-droitshumains.net\/wp-content\/uploads\/2025\/06\/10.jpg?resize=640%2C817&#038;ssl=1\" alt=\"\" class=\"wp-image-14839\" srcset=\"https:\/\/i0.wp.com\/infos-droitshumains.net\/wp-content\/uploads\/2025\/06\/10.jpg?w=729&amp;ssl=1 729w, https:\/\/i0.wp.com\/infos-droitshumains.net\/wp-content\/uploads\/2025\/06\/10.jpg?resize=235%2C300&amp;ssl=1 235w\" sizes=\"(max-width: 640px) 100vw, 640px\" \/><\/figure>\n\n\n\n<p>Au comit\u00e9 nouvellement install\u00e9, Merlin Kamakandua a rappel\u00e9 que les responsabilit\u00e9s qui sont d\u00e9sormais les leurs, ne sont pas un privil\u00e8ge mais par contre, un devoir&nbsp;:<\/p>\n\n\n\n<p><em>\u00ab&nbsp;Vous avez le devoir de porter plus haut l\u2019\u00e9tendard de l\u2019UNCC ici au Kongo-Central, valoriser notre m\u00e9tier et d\u00e9fendre les int\u00e9r\u00eats des tous les cameramen qui \u00e9voluent tant dans le secteur m\u00e9diatique, institutionnel que priv\u00e9. Avec l\u2019av\u00e8nement du num\u00e9rique, le m\u00e9tier d\u2019op\u00e9rateur de prise de vue est menac\u00e9 de disparition. Tout le monde aujourd\u2019hui, journaliste ou pas, cameraman professionnel ou pas, avec son t\u00e9l\u00e9phone peut prendre des images et balancer sur n\u2019importe quelle plateforme. Et si nous les op\u00e9rateurs de prise de vue, ne faisons pas attention, nous risquons de voir notre beau m\u00e9tier disparaitre. \u00catre cameraman, ce n\u2019est pas seulement capturer des images, c\u2019est un m\u00e9tier, un art, une technique, une responsabilit\u00e9. C\u2019est pourquoi je lance un appel solennel \u00e0 tous les op\u00e9rateurs de prise de vue&nbsp;: Formez-vous, recyclez-vous. Ne restez pas statiques. Soyez des acteurs du changement et de l\u2019excellence. Le cameraman n\u2019est pas un petit homme, le cameraman est un grand monsieur au sein de la soci\u00e9t\u00e9<\/em>. <em>C\u2019est ici que je nous invite \u00e0 valoriser notre m\u00e9tier, \u00e0 pr\u00eacher par un bon exemple partout o\u00f9 nous sommes pour qu\u2019en contrepartie, nous soyons respect\u00e9s.\u00bb<\/em>, a-t-il pr\u00e9cis\u00e9.<\/p>\n\n\n\n<figure class=\"wp-block-image alignfull size-full\"><img data-recalc-dims=\"1\" loading=\"lazy\" decoding=\"async\" width=\"640\" height=\"391\" src=\"https:\/\/i0.wp.com\/infos-droitshumains.net\/wp-content\/uploads\/2025\/06\/8.jpg?resize=640%2C391&#038;ssl=1\" alt=\"\" class=\"wp-image-14841\" srcset=\"https:\/\/i0.wp.com\/infos-droitshumains.net\/wp-content\/uploads\/2025\/06\/8.jpg?w=996&amp;ssl=1 996w, https:\/\/i0.wp.com\/infos-droitshumains.net\/wp-content\/uploads\/2025\/06\/8.jpg?resize=300%2C183&amp;ssl=1 300w, https:\/\/i0.wp.com\/infos-droitshumains.net\/wp-content\/uploads\/2025\/06\/8.jpg?resize=768%2C469&amp;ssl=1 768w\" sizes=\"(max-width: 640px) 100vw, 640px\" \/><\/figure>\n\n\n\n<p>Merlin Kamalandua a par ailleurs invit\u00e9 ses coll\u00e8gues au patriotisme, en ne vendant que <em>\u00ab&nbsp;l\u2019image positive de notre pays, \u00e0 travers notre travail, notre professionnalisme et notre \u00e9thique&nbsp;\u00bb<\/em> avant de les inviter au professionnalisme dans l&rsquo;exercice du m\u00e9tier:<\/p>\n\n\n\n<p><em>\u00ab&nbsp;Ne dit-on pas que le cameraman est un faiseur des rois&nbsp;? N\u2019est-ce que les cameramen sont des h\u00e9ros dans l\u2019ombre&nbsp;? Mais pour notre m\u00e9tier est souvent m\u00e9pris\u00e9 par les autres corps de la chaine m\u00e9diatique&nbsp;? C\u2019est parce que nous m\u00eame, nous ne nous sommes pas investis \u00e0 donner de la valeur \u00e0 ce que nous faisons. Le cameraman est un grand monsieur au sein de la soci\u00e9t\u00e9. C\u2019est ici que je nous invite \u00e0 valoriser notre m\u00e9tier, \u00e0 pr\u00eacher par un bon exemple partout o\u00f9 nous sommes pour qu\u2019en contrepartie, nous soyons respect\u00e9s. Bannissons cette mauvaise pratique de \u2018\u2019KITEMBE TEMBE\u2019\u2019, qui consiste, pour ceux qui ne le savent pas, \u00e0 se pr\u00e9senter \u00e0 une activit\u00e9 sans y avoir \u00e9t\u00e9 invit\u00e9, dans le seul but de qu\u00e9mander de l\u2019argent. Evitons \u00e9galement cette nouvelle pratique \u00e9mergente, que certains appellent \u2018\u2019MATALANA\u2019\u2019&nbsp;\u00bb<\/em>&nbsp;; a-t-il interpell\u00e9.<\/p>\n\n\n\n<p>Notons par ailleurs qu\u2019une forte d\u00e9l\u00e9gation de l\u2019UNCC conduite par son Pr\u00e9sident Merlin Kamalandua \u00e9tait partie de Kinshasa pour participer \u00e0 cette grande c\u00e9r\u00e9monie. Apr\u00e8s le Kongo-Central, le cap sera mis vers Tshopo pour la poursuite de l\u2019op\u00e9ration <em>\u2018\u2019implantation de l\u2019UNCC dans toutes les provinces du pays\u2019\u2019<\/em>.<\/p>\n\n\n\n<p>Jo\u00ebl Diawa<\/p>\n","protected":false},"excerpt":{"rendered":"<p>R\u00e9daction: +243 817 406 088 Implanter l\u2019Union Nationale des Cameramen du Congo dans toutes les&#8230;<\/p>\n","protected":false},"author":2,"featured_media":14834,"comment_status":"open","ping_status":"open","sticky":false,"template":"","format":"standard","meta":{"_jetpack_memberships_contains_paid_content":false,"footnotes":""},"categories":[8],"tags":[],"class_list":["post-14761","post","type-post","status-publish","format-standard","has-post-thumbnail","hentry","category-societe"],"yoast_head":"<!-- This site is optimized with the Yoast SEO plugin v27.5 - https:\/\/yoast.com\/product\/yoast-seo-wordpress\/ -->\n<title>Installation du comit\u00e9 provincial de l\u2019UNCC\/ Kongo-Central\u00a0: Merlin Kamalandua invite les cameramen \u00e0 \u00eatre les acteurs du changement et de l\u2019excellence - Infos Droits Humains<\/title>\n<meta name=\"robots\" content=\"index, follow, max-snippet:-1, max-image-preview:large, max-video-preview:-1\" \/>\n<link rel=\"canonical\" href=\"https:\/\/infos-droitshumains.net\/?p=14761\" \/>\n<meta property=\"og:locale\" content=\"fr_FR\" \/>\n<meta property=\"og:type\" content=\"article\" \/>\n<meta property=\"og:title\" content=\"Installation du comit\u00e9 provincial de l\u2019UNCC\/ Kongo-Central\u00a0: Merlin Kamalandua invite les cameramen \u00e0 \u00eatre les acteurs du changement et de l\u2019excellence - Infos Droits Humains\" \/>\n<meta property=\"og:description\" content=\"R\u00e9daction: +243 817 406 088 Implanter l\u2019Union Nationale des Cameramen du Congo dans toutes les...\" \/>\n<meta property=\"og:url\" content=\"https:\/\/infos-droitshumains.net\/?p=14761\" \/>\n<meta property=\"og:site_name\" content=\"Infos Droits Humains\" \/>\n<meta property=\"article:published_time\" content=\"2025-06-08T23:16:30+00:00\" \/>\n<meta property=\"article:modified_time\" content=\"2025-06-11T07:56:23+00:00\" \/>\n<meta property=\"og:image\" content=\"https:\/\/infos-droitshumains.net\/wp-content\/uploads\/2025\/06\/11.jpg\" \/>\n\t<meta property=\"og:image:width\" content=\"1080\" \/>\n\t<meta property=\"og:image:height\" content=\"607\" \/>\n\t<meta property=\"og:image:type\" content=\"image\/jpeg\" \/>\n<meta name=\"author\" content=\"Jo\u00ebl Diawa\" \/>\n<meta name=\"twitter:card\" content=\"summary_large_image\" \/>\n<meta name=\"twitter:label1\" content=\"\u00c9crit par\" \/>\n\t<meta name=\"twitter:data1\" content=\"Jo\u00ebl Diawa\" \/>\n\t<meta name=\"twitter:label2\" content=\"Dur\u00e9e de lecture estim\u00e9e\" \/>\n\t<meta name=\"twitter:data2\" content=\"5 minutes\" \/>\n<script type=\"application\/ld+json\" class=\"yoast-schema-graph\">{\"@context\":\"https:\\\/\\\/schema.org\",\"@graph\":[{\"@type\":\"Article\",\"@id\":\"https:\\\/\\\/infos-droitshumains.net\\\/?p=14761#article\",\"isPartOf\":{\"@id\":\"https:\\\/\\\/infos-droitshumains.net\\\/?p=14761\"},\"author\":{\"name\":\"Jo\u00ebl Diawa\",\"@id\":\"https:\\\/\\\/infos-droitshumains.net\\\/#\\\/schema\\\/person\\\/3dc5e921c3302172e0ed4362f96faab7\"},\"headline\":\"Installation du comit\u00e9 provincial de l\u2019UNCC\\\/ Kongo-Central\u00a0: Merlin Kamalandua invite les cameramen \u00e0 \u00eatre les acteurs du changement et de l\u2019excellence\",\"datePublished\":\"2025-06-08T23:16:30+00:00\",\"dateModified\":\"2025-06-11T07:56:23+00:00\",\"mainEntityOfPage\":{\"@id\":\"https:\\\/\\\/infos-droitshumains.net\\\/?p=14761\"},\"wordCount\":855,\"commentCount\":0,\"publisher\":{\"@id\":\"https:\\\/\\\/infos-droitshumains.net\\\/#organization\"},\"image\":{\"@id\":\"https:\\\/\\\/infos-droitshumains.net\\\/?p=14761#primaryimage\"},\"thumbnailUrl\":\"https:\\\/\\\/i0.wp.com\\\/infos-droitshumains.net\\\/wp-content\\\/uploads\\\/2025\\\/06\\\/11.jpg?fit=1080%2C607&ssl=1\",\"articleSection\":[\"Soci\u00e9t\u00e9\"],\"inLanguage\":\"fr-FR\",\"potentialAction\":[{\"@type\":\"CommentAction\",\"name\":\"Comment\",\"target\":[\"https:\\\/\\\/infos-droitshumains.net\\\/?p=14761#respond\"]}]},{\"@type\":\"WebPage\",\"@id\":\"https:\\\/\\\/infos-droitshumains.net\\\/?p=14761\",\"url\":\"https:\\\/\\\/infos-droitshumains.net\\\/?p=14761\",\"name\":\"Installation du comit\u00e9 provincial de l\u2019UNCC\\\/ Kongo-Central\u00a0: Merlin Kamalandua invite les cameramen \u00e0 \u00eatre les acteurs du changement et de l\u2019excellence - Infos Droits Humains\",\"isPartOf\":{\"@id\":\"https:\\\/\\\/infos-droitshumains.net\\\/#website\"},\"primaryImageOfPage\":{\"@id\":\"https:\\\/\\\/infos-droitshumains.net\\\/?p=14761#primaryimage\"},\"image\":{\"@id\":\"https:\\\/\\\/infos-droitshumains.net\\\/?p=14761#primaryimage\"},\"thumbnailUrl\":\"https:\\\/\\\/i0.wp.com\\\/infos-droitshumains.net\\\/wp-content\\\/uploads\\\/2025\\\/06\\\/11.jpg?fit=1080%2C607&ssl=1\",\"datePublished\":\"2025-06-08T23:16:30+00:00\",\"dateModified\":\"2025-06-11T07:56:23+00:00\",\"breadcrumb\":{\"@id\":\"https:\\\/\\\/infos-droitshumains.net\\\/?p=14761#breadcrumb\"},\"inLanguage\":\"fr-FR\",\"potentialAction\":[{\"@type\":\"ReadAction\",\"target\":[\"https:\\\/\\\/infos-droitshumains.net\\\/?p=14761\"]}]},{\"@type\":\"ImageObject\",\"inLanguage\":\"fr-FR\",\"@id\":\"https:\\\/\\\/infos-droitshumains.net\\\/?p=14761#primaryimage\",\"url\":\"https:\\\/\\\/i0.wp.com\\\/infos-droitshumains.net\\\/wp-content\\\/uploads\\\/2025\\\/06\\\/11.jpg?fit=1080%2C607&ssl=1\",\"contentUrl\":\"https:\\\/\\\/i0.wp.com\\\/infos-droitshumains.net\\\/wp-content\\\/uploads\\\/2025\\\/06\\\/11.jpg?fit=1080%2C607&ssl=1\",\"width\":1080,\"height\":607},{\"@type\":\"BreadcrumbList\",\"@id\":\"https:\\\/\\\/infos-droitshumains.net\\\/?p=14761#breadcrumb\",\"itemListElement\":[{\"@type\":\"ListItem\",\"position\":1,\"name\":\"Accueil\",\"item\":\"https:\\\/\\\/infos-droitshumains.net\\\/\"},{\"@type\":\"ListItem\",\"position\":2,\"name\":\"Installation du comit\u00e9 provincial de l\u2019UNCC\\\/ Kongo-Central\u00a0: Merlin Kamalandua invite les cameramen \u00e0 \u00eatre les acteurs du changement et de l\u2019excellence\"}]},{\"@type\":\"WebSite\",\"@id\":\"https:\\\/\\\/infos-droitshumains.net\\\/#website\",\"url\":\"https:\\\/\\\/infos-droitshumains.net\\\/\",\"name\":\"Infos Droits Humains\",\"description\":\"S&#039;informer est un droit\",\"publisher\":{\"@id\":\"https:\\\/\\\/infos-droitshumains.net\\\/#organization\"},\"potentialAction\":[{\"@type\":\"SearchAction\",\"target\":{\"@type\":\"EntryPoint\",\"urlTemplate\":\"https:\\\/\\\/infos-droitshumains.net\\\/?s={search_term_string}\"},\"query-input\":{\"@type\":\"PropertyValueSpecification\",\"valueRequired\":true,\"valueName\":\"search_term_string\"}}],\"inLanguage\":\"fr-FR\"},{\"@type\":\"Organization\",\"@id\":\"https:\\\/\\\/infos-droitshumains.net\\\/#organization\",\"name\":\"Infos Droits Humains\",\"url\":\"https:\\\/\\\/infos-droitshumains.net\\\/\",\"logo\":{\"@type\":\"ImageObject\",\"inLanguage\":\"fr-FR\",\"@id\":\"https:\\\/\\\/infos-droitshumains.net\\\/#\\\/schema\\\/logo\\\/image\\\/\",\"url\":\"https:\\\/\\\/i0.wp.com\\\/infos-droitshumains.net\\\/wp-content\\\/uploads\\\/2022\\\/05\\\/Logo.png?fit=333%2C129&ssl=1\",\"contentUrl\":\"https:\\\/\\\/i0.wp.com\\\/infos-droitshumains.net\\\/wp-content\\\/uploads\\\/2022\\\/05\\\/Logo.png?fit=333%2C129&ssl=1\",\"width\":333,\"height\":129,\"caption\":\"Infos Droits Humains\"},\"image\":{\"@id\":\"https:\\\/\\\/infos-droitshumains.net\\\/#\\\/schema\\\/logo\\\/image\\\/\"}},{\"@type\":\"Person\",\"@id\":\"https:\\\/\\\/infos-droitshumains.net\\\/#\\\/schema\\\/person\\\/3dc5e921c3302172e0ed4362f96faab7\",\"name\":\"Jo\u00ebl Diawa\",\"image\":{\"@type\":\"ImageObject\",\"inLanguage\":\"fr-FR\",\"@id\":\"https:\\\/\\\/secure.gravatar.com\\\/avatar\\\/729bea6ff4604c624417803c477363be8e3c7186deaa65713313f9b4b820f41c?s=96&d=mm&r=g\",\"url\":\"https:\\\/\\\/secure.gravatar.com\\\/avatar\\\/729bea6ff4604c624417803c477363be8e3c7186deaa65713313f9b4b820f41c?s=96&d=mm&r=g\",\"contentUrl\":\"https:\\\/\\\/secure.gravatar.com\\\/avatar\\\/729bea6ff4604c624417803c477363be8e3c7186deaa65713313f9b4b820f41c?s=96&d=mm&r=g\",\"caption\":\"Jo\u00ebl Diawa\"},\"sameAs\":[\"https:\\\/\\\/www.infos-droitshumains.net\"],\"url\":\"https:\\\/\\\/infos-droitshumains.net\\\/?author=2\"}]}<\/script>\n<!-- \/ Yoast SEO plugin. -->","yoast_head_json":{"title":"Installation du comit\u00e9 provincial de l\u2019UNCC\/ Kongo-Central\u00a0: Merlin Kamalandua invite les cameramen \u00e0 \u00eatre les acteurs du changement et de l\u2019excellence - Infos Droits Humains","robots":{"index":"index","follow":"follow","max-snippet":"max-snippet:-1","max-image-preview":"max-image-preview:large","max-video-preview":"max-video-preview:-1"},"canonical":"https:\/\/infos-droitshumains.net\/?p=14761","og_locale":"fr_FR","og_type":"article","og_title":"Installation du comit\u00e9 provincial de l\u2019UNCC\/ Kongo-Central\u00a0: Merlin Kamalandua invite les cameramen \u00e0 \u00eatre les acteurs du changement et de l\u2019excellence - Infos Droits Humains","og_description":"R\u00e9daction: +243 817 406 088 Implanter l\u2019Union Nationale des Cameramen du Congo dans toutes les...","og_url":"https:\/\/infos-droitshumains.net\/?p=14761","og_site_name":"Infos Droits Humains","article_published_time":"2025-06-08T23:16:30+00:00","article_modified_time":"2025-06-11T07:56:23+00:00","og_image":[{"width":1080,"height":607,"url":"https:\/\/infos-droitshumains.net\/wp-content\/uploads\/2025\/06\/11.jpg","type":"image\/jpeg"}],"author":"Jo\u00ebl Diawa","twitter_card":"summary_large_image","twitter_misc":{"\u00c9crit par":"Jo\u00ebl Diawa","Dur\u00e9e de lecture estim\u00e9e":"5 minutes"},"schema":{"@context":"https:\/\/schema.org","@graph":[{"@type":"Article","@id":"https:\/\/infos-droitshumains.net\/?p=14761#article","isPartOf":{"@id":"https:\/\/infos-droitshumains.net\/?p=14761"},"author":{"name":"Jo\u00ebl Diawa","@id":"https:\/\/infos-droitshumains.net\/#\/schema\/person\/3dc5e921c3302172e0ed4362f96faab7"},"headline":"Installation du comit\u00e9 provincial de l\u2019UNCC\/ Kongo-Central\u00a0: Merlin Kamalandua invite les cameramen \u00e0 \u00eatre les acteurs du changement et de l\u2019excellence","datePublished":"2025-06-08T23:16:30+00:00","dateModified":"2025-06-11T07:56:23+00:00","mainEntityOfPage":{"@id":"https:\/\/infos-droitshumains.net\/?p=14761"},"wordCount":855,"commentCount":0,"publisher":{"@id":"https:\/\/infos-droitshumains.net\/#organization"},"image":{"@id":"https:\/\/infos-droitshumains.net\/?p=14761#primaryimage"},"thumbnailUrl":"https:\/\/i0.wp.com\/infos-droitshumains.net\/wp-content\/uploads\/2025\/06\/11.jpg?fit=1080%2C607&ssl=1","articleSection":["Soci\u00e9t\u00e9"],"inLanguage":"fr-FR","potentialAction":[{"@type":"CommentAction","name":"Comment","target":["https:\/\/infos-droitshumains.net\/?p=14761#respond"]}]},{"@type":"WebPage","@id":"https:\/\/infos-droitshumains.net\/?p=14761","url":"https:\/\/infos-droitshumains.net\/?p=14761","name":"Installation du comit\u00e9 provincial de l\u2019UNCC\/ Kongo-Central\u00a0: Merlin Kamalandua invite les cameramen \u00e0 \u00eatre les acteurs du changement et de l\u2019excellence - Infos Droits Humains","isPartOf":{"@id":"https:\/\/infos-droitshumains.net\/#website"},"primaryImageOfPage":{"@id":"https:\/\/infos-droitshumains.net\/?p=14761#primaryimage"},"image":{"@id":"https:\/\/infos-droitshumains.net\/?p=14761#primaryimage"},"thumbnailUrl":"https:\/\/i0.wp.com\/infos-droitshumains.net\/wp-content\/uploads\/2025\/06\/11.jpg?fit=1080%2C607&ssl=1","datePublished":"2025-06-08T23:16:30+00:00","dateModified":"2025-06-11T07:56:23+00:00","breadcrumb":{"@id":"https:\/\/infos-droitshumains.net\/?p=14761#breadcrumb"},"inLanguage":"fr-FR","potentialAction":[{"@type":"ReadAction","target":["https:\/\/infos-droitshumains.net\/?p=14761"]}]},{"@type":"ImageObject","inLanguage":"fr-FR","@id":"https:\/\/infos-droitshumains.net\/?p=14761#primaryimage","url":"https:\/\/i0.wp.com\/infos-droitshumains.net\/wp-content\/uploads\/2025\/06\/11.jpg?fit=1080%2C607&ssl=1","contentUrl":"https:\/\/i0.wp.com\/infos-droitshumains.net\/wp-content\/uploads\/2025\/06\/11.jpg?fit=1080%2C607&ssl=1","width":1080,"height":607},{"@type":"BreadcrumbList","@id":"https:\/\/infos-droitshumains.net\/?p=14761#breadcrumb","itemListElement":[{"@type":"ListItem","position":1,"name":"Accueil","item":"https:\/\/infos-droitshumains.net\/"},{"@type":"ListItem","position":2,"name":"Installation du comit\u00e9 provincial de l\u2019UNCC\/ Kongo-Central\u00a0: Merlin Kamalandua invite les cameramen \u00e0 \u00eatre les acteurs du changement et de l\u2019excellence"}]},{"@type":"WebSite","@id":"https:\/\/infos-droitshumains.net\/#website","url":"https:\/\/infos-droitshumains.net\/","name":"Infos Droits Humains","description":"S&#039;informer est un droit","publisher":{"@id":"https:\/\/infos-droitshumains.net\/#organization"},"potentialAction":[{"@type":"SearchAction","target":{"@type":"EntryPoint","urlTemplate":"https:\/\/infos-droitshumains.net\/?s={search_term_string}"},"query-input":{"@type":"PropertyValueSpecification","valueRequired":true,"valueName":"search_term_string"}}],"inLanguage":"fr-FR"},{"@type":"Organization","@id":"https:\/\/infos-droitshumains.net\/#organization","name":"Infos Droits Humains","url":"https:\/\/infos-droitshumains.net\/","logo":{"@type":"ImageObject","inLanguage":"fr-FR","@id":"https:\/\/infos-droitshumains.net\/#\/schema\/logo\/image\/","url":"https:\/\/i0.wp.com\/infos-droitshumains.net\/wp-content\/uploads\/2022\/05\/Logo.png?fit=333%2C129&ssl=1","contentUrl":"https:\/\/i0.wp.com\/infos-droitshumains.net\/wp-content\/uploads\/2022\/05\/Logo.png?fit=333%2C129&ssl=1","width":333,"height":129,"caption":"Infos Droits Humains"},"image":{"@id":"https:\/\/infos-droitshumains.net\/#\/schema\/logo\/image\/"}},{"@type":"Person","@id":"https:\/\/infos-droitshumains.net\/#\/schema\/person\/3dc5e921c3302172e0ed4362f96faab7","name":"Jo\u00ebl Diawa","image":{"@type":"ImageObject","inLanguage":"fr-FR","@id":"https:\/\/secure.gravatar.com\/avatar\/729bea6ff4604c624417803c477363be8e3c7186deaa65713313f9b4b820f41c?s=96&d=mm&r=g","url":"https:\/\/secure.gravatar.com\/avatar\/729bea6ff4604c624417803c477363be8e3c7186deaa65713313f9b4b820f41c?s=96&d=mm&r=g","contentUrl":"https:\/\/secure.gravatar.com\/avatar\/729bea6ff4604c624417803c477363be8e3c7186deaa65713313f9b4b820f41c?s=96&d=mm&r=g","caption":"Jo\u00ebl Diawa"},"sameAs":["https:\/\/www.infos-droitshumains.net"],"url":"https:\/\/infos-droitshumains.net\/?author=2"}]}},"featured_image_urls":{"full":["https:\/\/i0.wp.com\/infos-droitshumains.net\/wp-content\/uploads\/2025\/06\/11.jpg?fit=1080%2C607&ssl=1",1080,607,false],"thumbnail":["https:\/\/i0.wp.com\/infos-droitshumains.net\/wp-content\/uploads\/2025\/06\/11.jpg?resize=150%2C150&ssl=1",150,150,true],"medium":["https:\/\/i0.wp.com\/infos-droitshumains.net\/wp-content\/uploads\/2025\/06\/11.jpg?fit=300%2C169&ssl=1",300,169,true],"medium_large":["https:\/\/i0.wp.com\/infos-droitshumains.net\/wp-content\/uploads\/2025\/06\/11.jpg?fit=640%2C360&ssl=1",640,360,true],"large":["https:\/\/i0.wp.com\/infos-droitshumains.net\/wp-content\/uploads\/2025\/06\/11.jpg?fit=640%2C360&ssl=1",640,360,true],"1536x1536":["https:\/\/i0.wp.com\/infos-droitshumains.net\/wp-content\/uploads\/2025\/06\/11.jpg?fit=1080%2C607&ssl=1",1080,607,true],"2048x2048":["https:\/\/i0.wp.com\/infos-droitshumains.net\/wp-content\/uploads\/2025\/06\/11.jpg?fit=1080%2C607&ssl=1",1080,607,true],"covernews-slider-full":["https:\/\/i0.wp.com\/infos-droitshumains.net\/wp-content\/uploads\/2025\/06\/11.jpg?resize=1080%2C607&ssl=1",1080,607,true],"covernews-slider-center":["https:\/\/i0.wp.com\/infos-droitshumains.net\/wp-content\/uploads\/2025\/06\/11.jpg?resize=800%2C500&ssl=1",800,500,true],"covernews-featured":["https:\/\/i0.wp.com\/infos-droitshumains.net\/wp-content\/uploads\/2025\/06\/11.jpg?fit=1024%2C576&ssl=1",1024,576,true],"covernews-medium":["https:\/\/i0.wp.com\/infos-droitshumains.net\/wp-content\/uploads\/2025\/06\/11.jpg?resize=540%2C340&ssl=1",540,340,true],"covernews-medium-square":["https:\/\/i0.wp.com\/infos-droitshumains.net\/wp-content\/uploads\/2025\/06\/11.jpg?resize=400%2C250&ssl=1",400,250,true]},"author_info":{"display_name":"Jo\u00ebl Diawa","author_link":"https:\/\/infos-droitshumains.net\/?author=2"},"category_info":"<a href=\"https:\/\/infos-droitshumains.net\/?cat=8\" rel=\"category\">Soci\u00e9t\u00e9<\/a>","tag_info":"Soci\u00e9t\u00e9","comment_count":"0","jetpack_featured_media_url":"https:\/\/i0.wp.com\/infos-droitshumains.net\/wp-content\/uploads\/2025\/06\/11.jpg?fit=1080%2C607&ssl=1","jetpack-related-posts":[],"jetpack_sharing_enabled":true,"_links":{"self":[{"href":"https:\/\/infos-droitshumains.net\/index.php?rest_route=\/wp\/v2\/posts\/14761","targetHints":{"allow":["GET"]}}],"collection":[{"href":"https:\/\/infos-droitshumains.net\/index.php?rest_route=\/wp\/v2\/posts"}],"about":[{"href":"https:\/\/infos-droitshumains.net\/index.php?rest_route=\/wp\/v2\/types\/post"}],"author":[{"embeddable":true,"href":"https:\/\/infos-droitshumains.net\/index.php?rest_route=\/wp\/v2\/users\/2"}],"replies":[{"embeddable":true,"href":"https:\/\/infos-droitshumains.net\/index.php?rest_route=%2Fwp%2Fv2%2Fcomments&post=14761"}],"version-history":[{"count":8,"href":"https:\/\/infos-droitshumains.net\/index.php?rest_route=\/wp\/v2\/posts\/14761\/revisions"}],"predecessor-version":[{"id":14848,"href":"https:\/\/infos-droitshumains.net\/index.php?rest_route=\/wp\/v2\/posts\/14761\/revisions\/14848"}],"wp:featuredmedia":[{"embeddable":true,"href":"https:\/\/infos-droitshumains.net\/index.php?rest_route=\/wp\/v2\/media\/14834"}],"wp:attachment":[{"href":"https:\/\/infos-droitshumains.net\/index.php?rest_route=%2Fwp%2Fv2%2Fmedia&parent=14761"}],"wp:term":[{"taxonomy":"category","embeddable":true,"href":"https:\/\/infos-droitshumains.net\/index.php?rest_route=%2Fwp%2Fv2%2Fcategories&post=14761"},{"taxonomy":"post_tag","embeddable":true,"href":"https:\/\/infos-droitshumains.net\/index.php?rest_route=%2Fwp%2Fv2%2Ftags&post=14761"}],"curies":[{"name":"wp","href":"https:\/\/api.w.org\/{rel}","templated":true}]}}