{"id":14715,"date":"2025-06-06T23:52:08","date_gmt":"2025-06-06T21:52:08","guid":{"rendered":"https:\/\/infos-droitshumains.net\/?p=14715"},"modified":"2025-06-07T12:06:55","modified_gmt":"2025-06-07T10:06:55","slug":"journee-mondiale-de-lenvironnement-en-rdc-jurec-lance-un-mega-projet-visant-a-contribuer-a-lemergence-du-droit-de-lenvironnement-dans-les-universites","status":"publish","type":"post","link":"https:\/\/infos-droitshumains.net\/?p=14715","title":{"rendered":"RDC: JUREC lance un m\u00e9ga projet visant \u00e0 contribuer \u00e0 l\u2019\u00e9mergence du droit de l\u2019environnement dans les universit\u00e9s"},"content":{"rendered":"\n<p><strong>R\u00e9daction: +243 817 406 088<\/strong><\/p>\n\n\n\n<h3 class=\"wp-block-heading has-vivid-red-color has-text-color has-link-color wp-elements-05b39a7a3226ce955199e5751ea4c563\">Susciter le gout du droit de l\u2019environnement aux \u00e9tudiants et aux juristes, c\u2019est l\u2019un des objectifs poursuivis par le projet \u2018\u2019Contribuer \u00e0 l\u2019\u00e9mergence du droit de l\u2019environnement dans les universit\u00e9s de la RDC. Ce projet initi\u00e9 par l\u2019ONG Juristes pour l\u2019Environnement au Congo, (JUREC) a \u00e9t\u00e9 lanc\u00e9 ce jeudi 05 juin 2025 \u00e0 Kinshasa en pr\u00e9sence de plusieurs personnalit\u00e9s tant du secteur judiciaire qu\u2019environnemental.<\/h3>\n\n\n\n<figure class=\"wp-block-image alignfull size-large\"><img data-recalc-dims=\"1\" fetchpriority=\"high\" decoding=\"async\" width=\"640\" height=\"427\" src=\"https:\/\/i0.wp.com\/infos-droitshumains.net\/wp-content\/uploads\/2025\/06\/RHS_7620.jpg?resize=640%2C427&#038;ssl=1\" alt=\"\" class=\"wp-image-14721\" srcset=\"https:\/\/i0.wp.com\/infos-droitshumains.net\/wp-content\/uploads\/2025\/06\/RHS_7620-scaled.jpg?resize=1024%2C683&amp;ssl=1 1024w, https:\/\/i0.wp.com\/infos-droitshumains.net\/wp-content\/uploads\/2025\/06\/RHS_7620-scaled.jpg?resize=300%2C200&amp;ssl=1 300w, https:\/\/i0.wp.com\/infos-droitshumains.net\/wp-content\/uploads\/2025\/06\/RHS_7620-scaled.jpg?resize=768%2C512&amp;ssl=1 768w, https:\/\/i0.wp.com\/infos-droitshumains.net\/wp-content\/uploads\/2025\/06\/RHS_7620-scaled.jpg?resize=1536%2C1024&amp;ssl=1 1536w, https:\/\/i0.wp.com\/infos-droitshumains.net\/wp-content\/uploads\/2025\/06\/RHS_7620-scaled.jpg?resize=2048%2C1365&amp;ssl=1 2048w, https:\/\/i0.wp.com\/infos-droitshumains.net\/wp-content\/uploads\/2025\/06\/RHS_7620-scaled.jpg?w=1280&amp;ssl=1 1280w, https:\/\/i0.wp.com\/infos-droitshumains.net\/wp-content\/uploads\/2025\/06\/RHS_7620-scaled.jpg?w=1920&amp;ssl=1 1920w\" sizes=\"(max-width: 640px) 100vw, 640px\" \/><\/figure>\n\n\n\n<figure class=\"wp-block-image alignfull size-large\"><img data-recalc-dims=\"1\" decoding=\"async\" width=\"640\" height=\"427\" src=\"https:\/\/i0.wp.com\/infos-droitshumains.net\/wp-content\/uploads\/2025\/06\/RHS_7692.jpg?resize=640%2C427&#038;ssl=1\" alt=\"\" class=\"wp-image-14726\" srcset=\"https:\/\/i0.wp.com\/infos-droitshumains.net\/wp-content\/uploads\/2025\/06\/RHS_7692-scaled.jpg?resize=1024%2C683&amp;ssl=1 1024w, https:\/\/i0.wp.com\/infos-droitshumains.net\/wp-content\/uploads\/2025\/06\/RHS_7692-scaled.jpg?resize=300%2C200&amp;ssl=1 300w, https:\/\/i0.wp.com\/infos-droitshumains.net\/wp-content\/uploads\/2025\/06\/RHS_7692-scaled.jpg?resize=768%2C512&amp;ssl=1 768w, https:\/\/i0.wp.com\/infos-droitshumains.net\/wp-content\/uploads\/2025\/06\/RHS_7692-scaled.jpg?resize=1536%2C1024&amp;ssl=1 1536w, https:\/\/i0.wp.com\/infos-droitshumains.net\/wp-content\/uploads\/2025\/06\/RHS_7692-scaled.jpg?resize=2048%2C1365&amp;ssl=1 2048w, https:\/\/i0.wp.com\/infos-droitshumains.net\/wp-content\/uploads\/2025\/06\/RHS_7692-scaled.jpg?w=1280&amp;ssl=1 1280w, https:\/\/i0.wp.com\/infos-droitshumains.net\/wp-content\/uploads\/2025\/06\/RHS_7692-scaled.jpg?w=1920&amp;ssl=1 1920w\" sizes=\"(max-width: 640px) 100vw, 640px\" \/><\/figure>\n\n\n\n<p>Le projet est ex\u00e9cut\u00e9 aux travers l\u2019organisation des proc\u00e8s fictifs en droit de l\u2019environnement. Pour la phase de Kinshasa, dix universit\u00e9s ont \u00e9t\u00e9 s\u00e9lectionn\u00e9es.<\/p>\n\n\n\n<figure class=\"wp-block-image alignfull size-large\"><img data-recalc-dims=\"1\" decoding=\"async\" width=\"640\" height=\"426\" src=\"https:\/\/i0.wp.com\/infos-droitshumains.net\/wp-content\/uploads\/2025\/06\/IMG-20250607-WA0013.jpg?resize=640%2C426&#038;ssl=1\" alt=\"\" class=\"wp-image-14749\" srcset=\"https:\/\/i0.wp.com\/infos-droitshumains.net\/wp-content\/uploads\/2025\/06\/IMG-20250607-WA0013.jpg?resize=1024%2C682&amp;ssl=1 1024w, https:\/\/i0.wp.com\/infos-droitshumains.net\/wp-content\/uploads\/2025\/06\/IMG-20250607-WA0013.jpg?resize=300%2C200&amp;ssl=1 300w, https:\/\/i0.wp.com\/infos-droitshumains.net\/wp-content\/uploads\/2025\/06\/IMG-20250607-WA0013.jpg?resize=768%2C512&amp;ssl=1 768w, https:\/\/i0.wp.com\/infos-droitshumains.net\/wp-content\/uploads\/2025\/06\/IMG-20250607-WA0013.jpg?w=1280&amp;ssl=1 1280w\" sizes=\"(max-width: 640px) 100vw, 640px\" \/><\/figure>\n\n\n\n<figure class=\"wp-block-image alignfull size-large\"><img data-recalc-dims=\"1\" loading=\"lazy\" decoding=\"async\" width=\"640\" height=\"426\" src=\"https:\/\/i0.wp.com\/infos-droitshumains.net\/wp-content\/uploads\/2025\/06\/IMG-20250607-WA0012.jpg?resize=640%2C426&#038;ssl=1\" alt=\"\" class=\"wp-image-14750\" srcset=\"https:\/\/i0.wp.com\/infos-droitshumains.net\/wp-content\/uploads\/2025\/06\/IMG-20250607-WA0012.jpg?resize=1024%2C682&amp;ssl=1 1024w, https:\/\/i0.wp.com\/infos-droitshumains.net\/wp-content\/uploads\/2025\/06\/IMG-20250607-WA0012.jpg?resize=300%2C200&amp;ssl=1 300w, https:\/\/i0.wp.com\/infos-droitshumains.net\/wp-content\/uploads\/2025\/06\/IMG-20250607-WA0012.jpg?resize=768%2C512&amp;ssl=1 768w, https:\/\/i0.wp.com\/infos-droitshumains.net\/wp-content\/uploads\/2025\/06\/IMG-20250607-WA0012.jpg?w=1280&amp;ssl=1 1280w\" sizes=\"(max-width: 640px) 100vw, 640px\" \/><\/figure>\n\n\n\n<figure class=\"wp-block-image alignfull size-large\"><img data-recalc-dims=\"1\" loading=\"lazy\" decoding=\"async\" width=\"640\" height=\"426\" src=\"https:\/\/i0.wp.com\/infos-droitshumains.net\/wp-content\/uploads\/2025\/06\/IMG-20250607-WA0014.jpg?resize=640%2C426&#038;ssl=1\" alt=\"\" class=\"wp-image-14752\" srcset=\"https:\/\/i0.wp.com\/infos-droitshumains.net\/wp-content\/uploads\/2025\/06\/IMG-20250607-WA0014.jpg?resize=1024%2C682&amp;ssl=1 1024w, https:\/\/i0.wp.com\/infos-droitshumains.net\/wp-content\/uploads\/2025\/06\/IMG-20250607-WA0014.jpg?resize=300%2C200&amp;ssl=1 300w, https:\/\/i0.wp.com\/infos-droitshumains.net\/wp-content\/uploads\/2025\/06\/IMG-20250607-WA0014.jpg?resize=768%2C512&amp;ssl=1 768w, https:\/\/i0.wp.com\/infos-droitshumains.net\/wp-content\/uploads\/2025\/06\/IMG-20250607-WA0014.jpg?w=1280&amp;ssl=1 1280w\" sizes=\"(max-width: 640px) 100vw, 640px\" \/><\/figure>\n\n\n\n<p><em>\u00ab&nbsp;Nous sommes partis d\u2019un constat, c\u2019est qu\u2019il y a plusieurs cas de violation des droits de l\u2019environnement qui sont document\u00e9s \u00e7\u00e0 et l\u00e0, mais ces cas n\u2019ont pas encore connu des d\u00e9cisions assez importantes. Dans l\u2019entretemps, nous sommes aussi partis du constat selon lequel, dans le monde des juristes, il y a une n\u00e9cessit\u00e9 de doter les juristes des connaissances en mati\u00e8re de droit de l\u2019environnement, c\u2019est la raison pour laquelle nous avons lanc\u00e9 ce projet \u00e0 vocation double&nbsp;; d\u2019abord, de contribuer au renforcement des connaissances des juristes notamment, des \u00e9tudiants qui finissent l\u2019universit\u00e9, sur des questions environnementales, des questions \u00e9mergentes, des questions d\u2019actualit\u00e9 mais aussi, de les initier \u00e0 la pratique judiciaire environnementale. D\u2019aider les \u00e9tudiants \u00e0 comprendre ce qui dit le droit de l\u2019environnement, mais aussi \u00e0 savoir comment se pr\u00e9parer \u00e0 des grands proc\u00e8s, \u00e0 des grands d\u00e9fis li\u00e9s \u00e0 l\u2019application du droit de l\u2019environnement en RDC&nbsp;\u00bb<\/em>, a d\u00e9clar\u00e9 Me. F\u00e9lix Lilakako Pr\u00e9sident du JUREC.<\/p>\n\n\n\n<p>Ce projet qui est lanc\u00e9 en ce jour par le Secr\u00e9taire G\u00e9n\u00e9ral \u00e0 l\u2019Environnement et D\u00e9veloppement devra s\u2019\u00e9tendre sur l\u2019ensemble du territoire national. L\u2019approche adopt\u00e9e par JUREC permettra aux \u00e9tudiants d\u2019apprendre rapidement&nbsp;:<\/p>\n\n\n\n<figure class=\"wp-block-image alignfull size-large\"><img data-recalc-dims=\"1\" loading=\"lazy\" decoding=\"async\" width=\"640\" height=\"960\" src=\"https:\/\/i0.wp.com\/infos-droitshumains.net\/wp-content\/uploads\/2025\/06\/RHS_7634.jpg?resize=640%2C960&#038;ssl=1\" alt=\"\" class=\"wp-image-14722\" srcset=\"https:\/\/i0.wp.com\/infos-droitshumains.net\/wp-content\/uploads\/2025\/06\/RHS_7634-scaled.jpg?resize=683%2C1024&amp;ssl=1 683w, https:\/\/i0.wp.com\/infos-droitshumains.net\/wp-content\/uploads\/2025\/06\/RHS_7634-scaled.jpg?resize=200%2C300&amp;ssl=1 200w, https:\/\/i0.wp.com\/infos-droitshumains.net\/wp-content\/uploads\/2025\/06\/RHS_7634-scaled.jpg?resize=768%2C1152&amp;ssl=1 768w, https:\/\/i0.wp.com\/infos-droitshumains.net\/wp-content\/uploads\/2025\/06\/RHS_7634-scaled.jpg?resize=1024%2C1536&amp;ssl=1 1024w, https:\/\/i0.wp.com\/infos-droitshumains.net\/wp-content\/uploads\/2025\/06\/RHS_7634-scaled.jpg?resize=1365%2C2048&amp;ssl=1 1365w, https:\/\/i0.wp.com\/infos-droitshumains.net\/wp-content\/uploads\/2025\/06\/RHS_7634-scaled.jpg?w=1707&amp;ssl=1 1707w, https:\/\/i0.wp.com\/infos-droitshumains.net\/wp-content\/uploads\/2025\/06\/RHS_7634-scaled.jpg?w=1280&amp;ssl=1 1280w\" sizes=\"(max-width: 640px) 100vw, 640px\" \/><\/figure>\n\n\n\n<p><em>\u00ab&nbsp;\u2026C\u2019est un projet \u00e0 caract\u00e8re national qui va s\u2019impl\u00e9menter dans toutes les provinces de la RDC, sp\u00e9cifiquement, dans des universit\u00e9s qui organisent des facult\u00e9s de droit. Aujourd\u2019hui c\u2019\u00e9tait le lancement par le Secr\u00e9taire G\u00e9n\u00e9ral \u00e0 l\u2019Environnement et D\u00e9veloppement Durable, les prochaines \u00e9tapes sont les suivantes&nbsp;: nous aurons \u00e0 organiser des formations avec ces \u00e9tudiants qui sont s\u00e9lectionn\u00e9s&nbsp;; nous allons les apprendre les B a Ba du droit de l\u2019environnement partant des conventions internationales jusqu\u2019aux textes internes&nbsp;; et par la suite, nous allons les initier \u00e0 la plaidoirie\u2026 A partir de ces th\u00e9matiques, ils vont pr\u00e9parer le proc\u00e8s et viendront pour partager \u00e0 travers les plaidoiries. L\u2019avantage de cette approche c\u2019est que, les \u00e9tudiants apprennent par essai et erreur. Ils apprennent sur le plan th\u00e9orique et se mettent \u00e9galement \u00e0 pratiquer le droit de l\u2019environnement&nbsp;\u00bb<\/em>, a pr\u00e9cis\u00e9 Me. F\u00e9lix Lilakako.<\/p>\n\n\n\n<p>La c\u00e9r\u00e9monie du lancement a connu la participation de plusieurs acteurs judiciaires dont, les magistrats et avocats. De mani\u00e8re unanime, ils ont salu\u00e9 l\u2019initiative et encourag\u00e9 les \u00e9tudiants \u00e0 s\u2019int\u00e9resser au droit de l\u2019environnement.<\/p>\n\n\n\n<figure class=\"wp-block-image alignfull size-large\"><img data-recalc-dims=\"1\" loading=\"lazy\" decoding=\"async\" width=\"640\" height=\"960\" src=\"https:\/\/i0.wp.com\/infos-droitshumains.net\/wp-content\/uploads\/2025\/06\/RHS_7719.jpg?resize=640%2C960&#038;ssl=1\" alt=\"\" class=\"wp-image-14723\" srcset=\"https:\/\/i0.wp.com\/infos-droitshumains.net\/wp-content\/uploads\/2025\/06\/RHS_7719-scaled.jpg?resize=683%2C1024&amp;ssl=1 683w, https:\/\/i0.wp.com\/infos-droitshumains.net\/wp-content\/uploads\/2025\/06\/RHS_7719-scaled.jpg?resize=200%2C300&amp;ssl=1 200w, https:\/\/i0.wp.com\/infos-droitshumains.net\/wp-content\/uploads\/2025\/06\/RHS_7719-scaled.jpg?resize=768%2C1152&amp;ssl=1 768w, https:\/\/i0.wp.com\/infos-droitshumains.net\/wp-content\/uploads\/2025\/06\/RHS_7719-scaled.jpg?resize=1024%2C1536&amp;ssl=1 1024w, https:\/\/i0.wp.com\/infos-droitshumains.net\/wp-content\/uploads\/2025\/06\/RHS_7719-scaled.jpg?resize=1365%2C2048&amp;ssl=1 1365w, https:\/\/i0.wp.com\/infos-droitshumains.net\/wp-content\/uploads\/2025\/06\/RHS_7719-scaled.jpg?w=1707&amp;ssl=1 1707w, https:\/\/i0.wp.com\/infos-droitshumains.net\/wp-content\/uploads\/2025\/06\/RHS_7719-scaled.jpg?w=1280&amp;ssl=1 1280w\" sizes=\"(max-width: 640px) 100vw, 640px\" \/><\/figure>\n\n\n\n<p>La mat\u00e9rialisation du projet \u2018\u2019contribuer \u00e0 l\u2019\u00e9mergence du droit de l\u2019environnement dans les universit\u00e9s de la RDC\u2019\u2019 est rendu possible gr\u00e2ce \u00e0 l\u2019appui technique et financier de certains partenaires au nombre desquels, le cabinet d\u2019avocat Kapuya. L\u2019associ\u00e9 g\u00e9rant de ce cabinet a rappel\u00e9 le bien fond\u00e9 d\u2019accompagner un tel projet&nbsp;:<\/p>\n\n\n\n<p><em>\u00ab&nbsp;Nous avons tous conscience que la probl\u00e9matique de l\u2019environnement est maintenant une donn\u00e9e qui est li\u00e9e \u00e0 la survie \u00e0 la foi des humains et de la plan\u00e8te. Donc, il \u00e9tait important pour nous d\u2019accompagner cet \u00e9v\u00e8nement d\u2019autant plus qu\u2019on s\u2019adressait plus \u00e0 des jeunes \u00e9tudiants \u00e0 qui on devait inoculer la passion de l\u2019environnement pour qu\u2019ils en soient les d\u00e9fenseurs demain. Je les (\u00e9tudiants Ndlr) ai exhort\u00e9s \u00e0 int\u00e9grer la dimension existentielle entant qu\u2019avocats, dans la d\u00e9fense des causes li\u00e9es \u00e0 l\u2019environnement. Comme vous le savez, le geste li\u00e9 \u00e0 la cause de la d\u00e9fense du droit environnemental peut \u00eatre insignifiant puis que fait \u00e0 Kinshasa, mais pris collectivement sur l\u2019ensemble du pays et du monde, peut booster la probl\u00e9matique de mani\u00e8re \u00e0 ce que les attentes soient tenues&nbsp;\u00bb<\/em>, a rappel\u00e9 Me. Junior Kapuya.<\/p>\n\n\n\n<figure class=\"wp-block-image alignfull size-large\"><img data-recalc-dims=\"1\" loading=\"lazy\" decoding=\"async\" width=\"640\" height=\"960\" src=\"https:\/\/i0.wp.com\/infos-droitshumains.net\/wp-content\/uploads\/2025\/06\/RHS_7758.jpg?resize=640%2C960&#038;ssl=1\" alt=\"\" class=\"wp-image-14724\" srcset=\"https:\/\/i0.wp.com\/infos-droitshumains.net\/wp-content\/uploads\/2025\/06\/RHS_7758-scaled.jpg?resize=683%2C1024&amp;ssl=1 683w, https:\/\/i0.wp.com\/infos-droitshumains.net\/wp-content\/uploads\/2025\/06\/RHS_7758-scaled.jpg?resize=200%2C300&amp;ssl=1 200w, https:\/\/i0.wp.com\/infos-droitshumains.net\/wp-content\/uploads\/2025\/06\/RHS_7758-scaled.jpg?resize=768%2C1152&amp;ssl=1 768w, https:\/\/i0.wp.com\/infos-droitshumains.net\/wp-content\/uploads\/2025\/06\/RHS_7758-scaled.jpg?resize=1024%2C1536&amp;ssl=1 1024w, https:\/\/i0.wp.com\/infos-droitshumains.net\/wp-content\/uploads\/2025\/06\/RHS_7758-scaled.jpg?resize=1365%2C2048&amp;ssl=1 1365w, https:\/\/i0.wp.com\/infos-droitshumains.net\/wp-content\/uploads\/2025\/06\/RHS_7758-scaled.jpg?w=1707&amp;ssl=1 1707w, https:\/\/i0.wp.com\/infos-droitshumains.net\/wp-content\/uploads\/2025\/06\/RHS_7758-scaled.jpg?w=1280&amp;ssl=1 1280w\" sizes=\"(max-width: 640px) 100vw, 640px\" \/><\/figure>\n\n\n\n<p>Le cabinet DBZ Conseil a aussi jou\u00e9 un r\u00f4le crucial pour la r\u00e9ussite de cette c\u00e9r\u00e9monie. Sa participation est consid\u00e9r\u00e9e comme une sonnette d\u2019alarme. Pour Me. Jean Kaputo Samba, membre de ce cabinet, le but de ce projet \u00e9tant de vulgariser les questions des environnementales dans le milieu des juristes et particuli\u00e8rement de la jeunesse, &nbsp;il est important de <em>\u00ab&nbsp;faire savoir au monde que la RDC est un pays solution certes&nbsp;\u00bb<\/em>, mais tant que les juristes ne prendrons pas cette question au s\u00e9rieux, <em>\u00ab&nbsp;il sera difficile de faire valoir nos droits et de faire valoir notre expertise en mati\u00e8re environnementale&nbsp;\u00bb<\/em>, a-t-il rench\u00e9ri.<\/p>\n\n\n\n<figure class=\"wp-block-image alignfull size-large\"><img data-recalc-dims=\"1\" loading=\"lazy\" decoding=\"async\" width=\"640\" height=\"960\" src=\"https:\/\/i0.wp.com\/infos-droitshumains.net\/wp-content\/uploads\/2025\/06\/RHS_7640.jpg?resize=640%2C960&#038;ssl=1\" alt=\"\" class=\"wp-image-14728\" srcset=\"https:\/\/i0.wp.com\/infos-droitshumains.net\/wp-content\/uploads\/2025\/06\/RHS_7640-scaled.jpg?resize=683%2C1024&amp;ssl=1 683w, https:\/\/i0.wp.com\/infos-droitshumains.net\/wp-content\/uploads\/2025\/06\/RHS_7640-scaled.jpg?resize=200%2C300&amp;ssl=1 200w, https:\/\/i0.wp.com\/infos-droitshumains.net\/wp-content\/uploads\/2025\/06\/RHS_7640-scaled.jpg?resize=768%2C1152&amp;ssl=1 768w, https:\/\/i0.wp.com\/infos-droitshumains.net\/wp-content\/uploads\/2025\/06\/RHS_7640-scaled.jpg?resize=1024%2C1536&amp;ssl=1 1024w, https:\/\/i0.wp.com\/infos-droitshumains.net\/wp-content\/uploads\/2025\/06\/RHS_7640-scaled.jpg?resize=1365%2C2048&amp;ssl=1 1365w, https:\/\/i0.wp.com\/infos-droitshumains.net\/wp-content\/uploads\/2025\/06\/RHS_7640-scaled.jpg?w=1707&amp;ssl=1 1707w, https:\/\/i0.wp.com\/infos-droitshumains.net\/wp-content\/uploads\/2025\/06\/RHS_7640-scaled.jpg?w=1280&amp;ssl=1 1280w\" sizes=\"(max-width: 640px) 100vw, 640px\" \/><\/figure>\n\n\n\n<p>Un accompagnement vivement salu\u00e9 par le Pr\u00e9sident du JUREC. Me. F\u00e9lix Lilakako invite par ailleurs les bailleurs des fonds, les partenaires techniques et financiers qui \u00e9jectent plusieurs moyens pour la sauvegarde de l\u2019environnement et la sauvegarde de la biodiversit\u00e9, \u00e0&nbsp; <em>\u00ab&nbsp;s\u2019engager par rapport \u00e0 ce projet&nbsp;\u00bb<\/em>. <em>\u00ab&nbsp;On peut beau financer, on peut beau mobiliser des millions pour la protection de l\u2019environnement. Mais si le volet application, contr\u00f4le des diff\u00e9rentes conventions et engagements pris par l\u2019Etat n\u2019est pas op\u00e9rationnel, \u00e7a sera des efforts en vain. Nous lan\u00e7ons un cri d\u2019alarme au niveau des partenaires de se joindre \u00e0 nous pour voir comment pousser ce projet, non seulement \u00e0 Kinshasa, mais aussi au niveau d\u2019autres provinces&nbsp;\u00bb<\/em>, a-t-il rench\u00e9ri.<\/p>\n\n\n\n<p>Ledit projet a \u00e9t\u00e9 lanc\u00e9 en marche de la journ\u00e9e mondiale de l\u2019environnement c\u00e9l\u00e9br\u00e9e le 05 juin sous le th\u00e8me&nbsp;: \u2018\u2019Lutte contre la pollution plastique\u2019\u2019.<\/p>\n\n\n\n<p>Jo\u00ebl Diawa<\/p>\n","protected":false},"excerpt":{"rendered":"<p>R\u00e9daction: +243 817 406 088 Susciter le gout du droit de l\u2019environnement aux \u00e9tudiants et&#8230;<\/p>\n","protected":false},"author":2,"featured_media":14754,"comment_status":"open","ping_status":"open","sticky":false,"template":"","format":"standard","meta":{"_jetpack_memberships_contains_paid_content":false,"footnotes":""},"categories":[6],"tags":[],"class_list":["post-14715","post","type-post","status-publish","format-standard","has-post-thumbnail","hentry","category-justice"],"yoast_head":"<!-- This site is optimized with the Yoast SEO plugin v27.5 - https:\/\/yoast.com\/product\/yoast-seo-wordpress\/ -->\n<title>RDC: JUREC lance un m\u00e9ga projet visant \u00e0 contribuer \u00e0 l\u2019\u00e9mergence du droit de l\u2019environnement dans les universit\u00e9s - Infos Droits Humains<\/title>\n<meta name=\"robots\" content=\"index, follow, max-snippet:-1, max-image-preview:large, max-video-preview:-1\" \/>\n<link rel=\"canonical\" href=\"https:\/\/infos-droitshumains.net\/?p=14715\" \/>\n<meta property=\"og:locale\" content=\"fr_FR\" \/>\n<meta property=\"og:type\" content=\"article\" \/>\n<meta property=\"og:title\" content=\"RDC: JUREC lance un m\u00e9ga projet visant \u00e0 contribuer \u00e0 l\u2019\u00e9mergence du droit de l\u2019environnement dans les universit\u00e9s - Infos Droits Humains\" \/>\n<meta property=\"og:description\" content=\"R\u00e9daction: +243 817 406 088 Susciter le gout du droit de l\u2019environnement aux \u00e9tudiants et...\" \/>\n<meta property=\"og:url\" content=\"https:\/\/infos-droitshumains.net\/?p=14715\" \/>\n<meta property=\"og:site_name\" content=\"Infos Droits Humains\" \/>\n<meta property=\"article:published_time\" content=\"2025-06-06T21:52:08+00:00\" \/>\n<meta property=\"article:modified_time\" content=\"2025-06-07T10:06:55+00:00\" \/>\n<meta property=\"og:image\" content=\"https:\/\/infos-droitshumains.net\/wp-content\/uploads\/2025\/06\/Composition2.jpg\" \/>\n\t<meta property=\"og:image:width\" content=\"1573\" \/>\n\t<meta property=\"og:image:height\" content=\"1081\" \/>\n\t<meta property=\"og:image:type\" content=\"image\/jpeg\" \/>\n<meta name=\"author\" content=\"Jo\u00ebl Diawa\" \/>\n<meta name=\"twitter:card\" content=\"summary_large_image\" \/>\n<meta name=\"twitter:label1\" content=\"\u00c9crit par\" \/>\n\t<meta name=\"twitter:data1\" content=\"Jo\u00ebl Diawa\" \/>\n\t<meta name=\"twitter:label2\" content=\"Dur\u00e9e de lecture estim\u00e9e\" \/>\n\t<meta name=\"twitter:data2\" content=\"7 minutes\" \/>\n<script type=\"application\/ld+json\" class=\"yoast-schema-graph\">{\"@context\":\"https:\\\/\\\/schema.org\",\"@graph\":[{\"@type\":\"Article\",\"@id\":\"https:\\\/\\\/infos-droitshumains.net\\\/?p=14715#article\",\"isPartOf\":{\"@id\":\"https:\\\/\\\/infos-droitshumains.net\\\/?p=14715\"},\"author\":{\"name\":\"Jo\u00ebl Diawa\",\"@id\":\"https:\\\/\\\/infos-droitshumains.net\\\/#\\\/schema\\\/person\\\/3dc5e921c3302172e0ed4362f96faab7\"},\"headline\":\"RDC: JUREC lance un m\u00e9ga projet visant \u00e0 contribuer \u00e0 l\u2019\u00e9mergence du droit de l\u2019environnement dans les universit\u00e9s\",\"datePublished\":\"2025-06-06T21:52:08+00:00\",\"dateModified\":\"2025-06-07T10:06:55+00:00\",\"mainEntityOfPage\":{\"@id\":\"https:\\\/\\\/infos-droitshumains.net\\\/?p=14715\"},\"wordCount\":1043,\"commentCount\":0,\"publisher\":{\"@id\":\"https:\\\/\\\/infos-droitshumains.net\\\/#organization\"},\"image\":{\"@id\":\"https:\\\/\\\/infos-droitshumains.net\\\/?p=14715#primaryimage\"},\"thumbnailUrl\":\"https:\\\/\\\/i0.wp.com\\\/infos-droitshumains.net\\\/wp-content\\\/uploads\\\/2025\\\/06\\\/Composition2.jpg?fit=1573%2C1081&ssl=1\",\"articleSection\":[\"Justice\"],\"inLanguage\":\"fr-FR\",\"potentialAction\":[{\"@type\":\"CommentAction\",\"name\":\"Comment\",\"target\":[\"https:\\\/\\\/infos-droitshumains.net\\\/?p=14715#respond\"]}]},{\"@type\":\"WebPage\",\"@id\":\"https:\\\/\\\/infos-droitshumains.net\\\/?p=14715\",\"url\":\"https:\\\/\\\/infos-droitshumains.net\\\/?p=14715\",\"name\":\"RDC: JUREC lance un m\u00e9ga projet visant \u00e0 contribuer \u00e0 l\u2019\u00e9mergence du droit de l\u2019environnement dans les universit\u00e9s - Infos Droits Humains\",\"isPartOf\":{\"@id\":\"https:\\\/\\\/infos-droitshumains.net\\\/#website\"},\"primaryImageOfPage\":{\"@id\":\"https:\\\/\\\/infos-droitshumains.net\\\/?p=14715#primaryimage\"},\"image\":{\"@id\":\"https:\\\/\\\/infos-droitshumains.net\\\/?p=14715#primaryimage\"},\"thumbnailUrl\":\"https:\\\/\\\/i0.wp.com\\\/infos-droitshumains.net\\\/wp-content\\\/uploads\\\/2025\\\/06\\\/Composition2.jpg?fit=1573%2C1081&ssl=1\",\"datePublished\":\"2025-06-06T21:52:08+00:00\",\"dateModified\":\"2025-06-07T10:06:55+00:00\",\"breadcrumb\":{\"@id\":\"https:\\\/\\\/infos-droitshumains.net\\\/?p=14715#breadcrumb\"},\"inLanguage\":\"fr-FR\",\"potentialAction\":[{\"@type\":\"ReadAction\",\"target\":[\"https:\\\/\\\/infos-droitshumains.net\\\/?p=14715\"]}]},{\"@type\":\"ImageObject\",\"inLanguage\":\"fr-FR\",\"@id\":\"https:\\\/\\\/infos-droitshumains.net\\\/?p=14715#primaryimage\",\"url\":\"https:\\\/\\\/i0.wp.com\\\/infos-droitshumains.net\\\/wp-content\\\/uploads\\\/2025\\\/06\\\/Composition2.jpg?fit=1573%2C1081&ssl=1\",\"contentUrl\":\"https:\\\/\\\/i0.wp.com\\\/infos-droitshumains.net\\\/wp-content\\\/uploads\\\/2025\\\/06\\\/Composition2.jpg?fit=1573%2C1081&ssl=1\",\"width\":1573,\"height\":1081},{\"@type\":\"BreadcrumbList\",\"@id\":\"https:\\\/\\\/infos-droitshumains.net\\\/?p=14715#breadcrumb\",\"itemListElement\":[{\"@type\":\"ListItem\",\"position\":1,\"name\":\"Accueil\",\"item\":\"https:\\\/\\\/infos-droitshumains.net\\\/\"},{\"@type\":\"ListItem\",\"position\":2,\"name\":\"RDC: JUREC lance un m\u00e9ga projet visant \u00e0 contribuer \u00e0 l\u2019\u00e9mergence du droit de l\u2019environnement dans les universit\u00e9s\"}]},{\"@type\":\"WebSite\",\"@id\":\"https:\\\/\\\/infos-droitshumains.net\\\/#website\",\"url\":\"https:\\\/\\\/infos-droitshumains.net\\\/\",\"name\":\"Infos Droits Humains\",\"description\":\"S&#039;informer est un droit\",\"publisher\":{\"@id\":\"https:\\\/\\\/infos-droitshumains.net\\\/#organization\"},\"potentialAction\":[{\"@type\":\"SearchAction\",\"target\":{\"@type\":\"EntryPoint\",\"urlTemplate\":\"https:\\\/\\\/infos-droitshumains.net\\\/?s={search_term_string}\"},\"query-input\":{\"@type\":\"PropertyValueSpecification\",\"valueRequired\":true,\"valueName\":\"search_term_string\"}}],\"inLanguage\":\"fr-FR\"},{\"@type\":\"Organization\",\"@id\":\"https:\\\/\\\/infos-droitshumains.net\\\/#organization\",\"name\":\"Infos Droits Humains\",\"url\":\"https:\\\/\\\/infos-droitshumains.net\\\/\",\"logo\":{\"@type\":\"ImageObject\",\"inLanguage\":\"fr-FR\",\"@id\":\"https:\\\/\\\/infos-droitshumains.net\\\/#\\\/schema\\\/logo\\\/image\\\/\",\"url\":\"https:\\\/\\\/i0.wp.com\\\/infos-droitshumains.net\\\/wp-content\\\/uploads\\\/2022\\\/05\\\/Logo.png?fit=333%2C129&ssl=1\",\"contentUrl\":\"https:\\\/\\\/i0.wp.com\\\/infos-droitshumains.net\\\/wp-content\\\/uploads\\\/2022\\\/05\\\/Logo.png?fit=333%2C129&ssl=1\",\"width\":333,\"height\":129,\"caption\":\"Infos Droits Humains\"},\"image\":{\"@id\":\"https:\\\/\\\/infos-droitshumains.net\\\/#\\\/schema\\\/logo\\\/image\\\/\"}},{\"@type\":\"Person\",\"@id\":\"https:\\\/\\\/infos-droitshumains.net\\\/#\\\/schema\\\/person\\\/3dc5e921c3302172e0ed4362f96faab7\",\"name\":\"Jo\u00ebl Diawa\",\"image\":{\"@type\":\"ImageObject\",\"inLanguage\":\"fr-FR\",\"@id\":\"https:\\\/\\\/secure.gravatar.com\\\/avatar\\\/729bea6ff4604c624417803c477363be8e3c7186deaa65713313f9b4b820f41c?s=96&d=mm&r=g\",\"url\":\"https:\\\/\\\/secure.gravatar.com\\\/avatar\\\/729bea6ff4604c624417803c477363be8e3c7186deaa65713313f9b4b820f41c?s=96&d=mm&r=g\",\"contentUrl\":\"https:\\\/\\\/secure.gravatar.com\\\/avatar\\\/729bea6ff4604c624417803c477363be8e3c7186deaa65713313f9b4b820f41c?s=96&d=mm&r=g\",\"caption\":\"Jo\u00ebl Diawa\"},\"sameAs\":[\"https:\\\/\\\/www.infos-droitshumains.net\"],\"url\":\"https:\\\/\\\/infos-droitshumains.net\\\/?author=2\"}]}<\/script>\n<!-- \/ Yoast SEO plugin. -->","yoast_head_json":{"title":"RDC: JUREC lance un m\u00e9ga projet visant \u00e0 contribuer \u00e0 l\u2019\u00e9mergence du droit de l\u2019environnement dans les universit\u00e9s - Infos Droits Humains","robots":{"index":"index","follow":"follow","max-snippet":"max-snippet:-1","max-image-preview":"max-image-preview:large","max-video-preview":"max-video-preview:-1"},"canonical":"https:\/\/infos-droitshumains.net\/?p=14715","og_locale":"fr_FR","og_type":"article","og_title":"RDC: JUREC lance un m\u00e9ga projet visant \u00e0 contribuer \u00e0 l\u2019\u00e9mergence du droit de l\u2019environnement dans les universit\u00e9s - Infos Droits Humains","og_description":"R\u00e9daction: +243 817 406 088 Susciter le gout du droit de l\u2019environnement aux \u00e9tudiants et...","og_url":"https:\/\/infos-droitshumains.net\/?p=14715","og_site_name":"Infos Droits Humains","article_published_time":"2025-06-06T21:52:08+00:00","article_modified_time":"2025-06-07T10:06:55+00:00","og_image":[{"width":1573,"height":1081,"url":"https:\/\/infos-droitshumains.net\/wp-content\/uploads\/2025\/06\/Composition2.jpg","type":"image\/jpeg"}],"author":"Jo\u00ebl Diawa","twitter_card":"summary_large_image","twitter_misc":{"\u00c9crit par":"Jo\u00ebl Diawa","Dur\u00e9e de lecture estim\u00e9e":"7 minutes"},"schema":{"@context":"https:\/\/schema.org","@graph":[{"@type":"Article","@id":"https:\/\/infos-droitshumains.net\/?p=14715#article","isPartOf":{"@id":"https:\/\/infos-droitshumains.net\/?p=14715"},"author":{"name":"Jo\u00ebl Diawa","@id":"https:\/\/infos-droitshumains.net\/#\/schema\/person\/3dc5e921c3302172e0ed4362f96faab7"},"headline":"RDC: JUREC lance un m\u00e9ga projet visant \u00e0 contribuer \u00e0 l\u2019\u00e9mergence du droit de l\u2019environnement dans les universit\u00e9s","datePublished":"2025-06-06T21:52:08+00:00","dateModified":"2025-06-07T10:06:55+00:00","mainEntityOfPage":{"@id":"https:\/\/infos-droitshumains.net\/?p=14715"},"wordCount":1043,"commentCount":0,"publisher":{"@id":"https:\/\/infos-droitshumains.net\/#organization"},"image":{"@id":"https:\/\/infos-droitshumains.net\/?p=14715#primaryimage"},"thumbnailUrl":"https:\/\/i0.wp.com\/infos-droitshumains.net\/wp-content\/uploads\/2025\/06\/Composition2.jpg?fit=1573%2C1081&ssl=1","articleSection":["Justice"],"inLanguage":"fr-FR","potentialAction":[{"@type":"CommentAction","name":"Comment","target":["https:\/\/infos-droitshumains.net\/?p=14715#respond"]}]},{"@type":"WebPage","@id":"https:\/\/infos-droitshumains.net\/?p=14715","url":"https:\/\/infos-droitshumains.net\/?p=14715","name":"RDC: JUREC lance un m\u00e9ga projet visant \u00e0 contribuer \u00e0 l\u2019\u00e9mergence du droit de l\u2019environnement dans les universit\u00e9s - Infos Droits Humains","isPartOf":{"@id":"https:\/\/infos-droitshumains.net\/#website"},"primaryImageOfPage":{"@id":"https:\/\/infos-droitshumains.net\/?p=14715#primaryimage"},"image":{"@id":"https:\/\/infos-droitshumains.net\/?p=14715#primaryimage"},"thumbnailUrl":"https:\/\/i0.wp.com\/infos-droitshumains.net\/wp-content\/uploads\/2025\/06\/Composition2.jpg?fit=1573%2C1081&ssl=1","datePublished":"2025-06-06T21:52:08+00:00","dateModified":"2025-06-07T10:06:55+00:00","breadcrumb":{"@id":"https:\/\/infos-droitshumains.net\/?p=14715#breadcrumb"},"inLanguage":"fr-FR","potentialAction":[{"@type":"ReadAction","target":["https:\/\/infos-droitshumains.net\/?p=14715"]}]},{"@type":"ImageObject","inLanguage":"fr-FR","@id":"https:\/\/infos-droitshumains.net\/?p=14715#primaryimage","url":"https:\/\/i0.wp.com\/infos-droitshumains.net\/wp-content\/uploads\/2025\/06\/Composition2.jpg?fit=1573%2C1081&ssl=1","contentUrl":"https:\/\/i0.wp.com\/infos-droitshumains.net\/wp-content\/uploads\/2025\/06\/Composition2.jpg?fit=1573%2C1081&ssl=1","width":1573,"height":1081},{"@type":"BreadcrumbList","@id":"https:\/\/infos-droitshumains.net\/?p=14715#breadcrumb","itemListElement":[{"@type":"ListItem","position":1,"name":"Accueil","item":"https:\/\/infos-droitshumains.net\/"},{"@type":"ListItem","position":2,"name":"RDC: JUREC lance un m\u00e9ga projet visant \u00e0 contribuer \u00e0 l\u2019\u00e9mergence du droit de l\u2019environnement dans les universit\u00e9s"}]},{"@type":"WebSite","@id":"https:\/\/infos-droitshumains.net\/#website","url":"https:\/\/infos-droitshumains.net\/","name":"Infos Droits Humains","description":"S&#039;informer est un droit","publisher":{"@id":"https:\/\/infos-droitshumains.net\/#organization"},"potentialAction":[{"@type":"SearchAction","target":{"@type":"EntryPoint","urlTemplate":"https:\/\/infos-droitshumains.net\/?s={search_term_string}"},"query-input":{"@type":"PropertyValueSpecification","valueRequired":true,"valueName":"search_term_string"}}],"inLanguage":"fr-FR"},{"@type":"Organization","@id":"https:\/\/infos-droitshumains.net\/#organization","name":"Infos Droits Humains","url":"https:\/\/infos-droitshumains.net\/","logo":{"@type":"ImageObject","inLanguage":"fr-FR","@id":"https:\/\/infos-droitshumains.net\/#\/schema\/logo\/image\/","url":"https:\/\/i0.wp.com\/infos-droitshumains.net\/wp-content\/uploads\/2022\/05\/Logo.png?fit=333%2C129&ssl=1","contentUrl":"https:\/\/i0.wp.com\/infos-droitshumains.net\/wp-content\/uploads\/2022\/05\/Logo.png?fit=333%2C129&ssl=1","width":333,"height":129,"caption":"Infos Droits Humains"},"image":{"@id":"https:\/\/infos-droitshumains.net\/#\/schema\/logo\/image\/"}},{"@type":"Person","@id":"https:\/\/infos-droitshumains.net\/#\/schema\/person\/3dc5e921c3302172e0ed4362f96faab7","name":"Jo\u00ebl Diawa","image":{"@type":"ImageObject","inLanguage":"fr-FR","@id":"https:\/\/secure.gravatar.com\/avatar\/729bea6ff4604c624417803c477363be8e3c7186deaa65713313f9b4b820f41c?s=96&d=mm&r=g","url":"https:\/\/secure.gravatar.com\/avatar\/729bea6ff4604c624417803c477363be8e3c7186deaa65713313f9b4b820f41c?s=96&d=mm&r=g","contentUrl":"https:\/\/secure.gravatar.com\/avatar\/729bea6ff4604c624417803c477363be8e3c7186deaa65713313f9b4b820f41c?s=96&d=mm&r=g","caption":"Jo\u00ebl Diawa"},"sameAs":["https:\/\/www.infos-droitshumains.net"],"url":"https:\/\/infos-droitshumains.net\/?author=2"}]}},"featured_image_urls":{"full":["https:\/\/i0.wp.com\/infos-droitshumains.net\/wp-content\/uploads\/2025\/06\/Composition2.jpg?fit=1573%2C1081&ssl=1",1573,1081,false],"thumbnail":["https:\/\/i0.wp.com\/infos-droitshumains.net\/wp-content\/uploads\/2025\/06\/Composition2.jpg?resize=150%2C150&ssl=1",150,150,true],"medium":["https:\/\/i0.wp.com\/infos-droitshumains.net\/wp-content\/uploads\/2025\/06\/Composition2.jpg?fit=300%2C206&ssl=1",300,206,true],"medium_large":["https:\/\/i0.wp.com\/infos-droitshumains.net\/wp-content\/uploads\/2025\/06\/Composition2.jpg?fit=640%2C440&ssl=1",640,440,true],"large":["https:\/\/i0.wp.com\/infos-droitshumains.net\/wp-content\/uploads\/2025\/06\/Composition2.jpg?fit=640%2C440&ssl=1",640,440,true],"1536x1536":["https:\/\/i0.wp.com\/infos-droitshumains.net\/wp-content\/uploads\/2025\/06\/Composition2.jpg?fit=1536%2C1056&ssl=1",1536,1056,true],"2048x2048":["https:\/\/i0.wp.com\/infos-droitshumains.net\/wp-content\/uploads\/2025\/06\/Composition2.jpg?fit=1573%2C1081&ssl=1",1573,1081,true],"covernews-slider-full":["https:\/\/i0.wp.com\/infos-droitshumains.net\/wp-content\/uploads\/2025\/06\/Composition2.jpg?resize=1115%2C715&ssl=1",1115,715,true],"covernews-slider-center":["https:\/\/i0.wp.com\/infos-droitshumains.net\/wp-content\/uploads\/2025\/06\/Composition2.jpg?resize=800%2C500&ssl=1",800,500,true],"covernews-featured":["https:\/\/i0.wp.com\/infos-droitshumains.net\/wp-content\/uploads\/2025\/06\/Composition2.jpg?fit=1024%2C704&ssl=1",1024,704,true],"covernews-medium":["https:\/\/i0.wp.com\/infos-droitshumains.net\/wp-content\/uploads\/2025\/06\/Composition2.jpg?resize=540%2C340&ssl=1",540,340,true],"covernews-medium-square":["https:\/\/i0.wp.com\/infos-droitshumains.net\/wp-content\/uploads\/2025\/06\/Composition2.jpg?resize=400%2C250&ssl=1",400,250,true]},"author_info":{"display_name":"Jo\u00ebl Diawa","author_link":"https:\/\/infos-droitshumains.net\/?author=2"},"category_info":"<a href=\"https:\/\/infos-droitshumains.net\/?cat=6\" rel=\"category\">Justice<\/a>","tag_info":"Justice","comment_count":"0","jetpack_featured_media_url":"https:\/\/i0.wp.com\/infos-droitshumains.net\/wp-content\/uploads\/2025\/06\/Composition2.jpg?fit=1573%2C1081&ssl=1","jetpack-related-posts":[],"jetpack_sharing_enabled":true,"_links":{"self":[{"href":"https:\/\/infos-droitshumains.net\/index.php?rest_route=\/wp\/v2\/posts\/14715","targetHints":{"allow":["GET"]}}],"collection":[{"href":"https:\/\/infos-droitshumains.net\/index.php?rest_route=\/wp\/v2\/posts"}],"about":[{"href":"https:\/\/infos-droitshumains.net\/index.php?rest_route=\/wp\/v2\/types\/post"}],"author":[{"embeddable":true,"href":"https:\/\/infos-droitshumains.net\/index.php?rest_route=\/wp\/v2\/users\/2"}],"replies":[{"embeddable":true,"href":"https:\/\/infos-droitshumains.net\/index.php?rest_route=%2Fwp%2Fv2%2Fcomments&post=14715"}],"version-history":[{"count":7,"href":"https:\/\/infos-droitshumains.net\/index.php?rest_route=\/wp\/v2\/posts\/14715\/revisions"}],"predecessor-version":[{"id":14756,"href":"https:\/\/infos-droitshumains.net\/index.php?rest_route=\/wp\/v2\/posts\/14715\/revisions\/14756"}],"wp:featuredmedia":[{"embeddable":true,"href":"https:\/\/infos-droitshumains.net\/index.php?rest_route=\/wp\/v2\/media\/14754"}],"wp:attachment":[{"href":"https:\/\/infos-droitshumains.net\/index.php?rest_route=%2Fwp%2Fv2%2Fmedia&parent=14715"}],"wp:term":[{"taxonomy":"category","embeddable":true,"href":"https:\/\/infos-droitshumains.net\/index.php?rest_route=%2Fwp%2Fv2%2Fcategories&post=14715"},{"taxonomy":"post_tag","embeddable":true,"href":"https:\/\/infos-droitshumains.net\/index.php?rest_route=%2Fwp%2Fv2%2Ftags&post=14715"}],"curies":[{"name":"wp","href":"https:\/\/api.w.org\/{rel}","templated":true}]}}