{"id":14684,"date":"2025-06-05T00:56:02","date_gmt":"2025-06-04T22:56:02","guid":{"rendered":"https:\/\/infos-droitshumains.net\/?p=14684"},"modified":"2025-06-05T01:03:09","modified_gmt":"2025-06-04T23:03:09","slug":"uncc-a-la-veille-de-son-voyage-pour-matadi-le-president-merlin-kamalandua-confere-avec-le-president-de-lunpc","status":"publish","type":"post","link":"https:\/\/infos-droitshumains.net\/?p=14684","title":{"rendered":"UNCC\u00a0: A la veille de son voyage pour Matadi, le Pr\u00e9sident Merlin Kamalandua conf\u00e8re avec le Pr\u00e9sident de l\u2019UNPC"},"content":{"rendered":"\n<p><strong>R\u00e9daction: +243 817 406 088<\/strong><\/p>\n\n\n\n<h3 class=\"wp-block-heading has-vivid-red-color has-text-color has-link-color wp-elements-1dd1d4a9772d18193df8b5f08dfc7538\">A 24h de son voyage pour le Kongo-Central pour l&rsquo;installation de la coordination provinciale de l&rsquo;Union Nationale Cameramen du Congo, Merlin Kamalandua, pr\u00e9sident de cette structure a rencontr\u00e9 le Pr\u00e9sident de l&rsquo;Union Nationale de la Presse du Congo, UNPC ce mercredi 04 juin.<\/h3>\n\n\n\n<p>Les deux personnes ont \u00e9chang\u00e9 sur plusieurs sujets notamment, celui relatif aux modalit\u00e9s de d\u00e9livrance des cartes de l&rsquo;UNPC aux cameramen.<\/p>\n\n\n\n<p>Merlin Kamalandua a expliqu\u00e9 \u00e0 son interlocuteur que dans le cadre d\u2019une parfaite collaboration entre les deux structures, il souhaitait que la d\u00e9livrance d\u2019une carte de l\u2019UNPC \u00e0 tout cameraman soit pr\u00e9alablement filtr\u00e9e par l\u2019UNCC.<\/p>\n\n\n\n<p><em>\u00ab&nbsp;L\u2019objectif de cette d\u00e9marche est d\u2019\u00e9viter les infiltrations car, il a \u00e9t\u00e9 r\u00e9v\u00e9l\u00e9 qu\u2019avec la mont\u00e9e fulgurante du num\u00e9rique, n\u2019importe qui se pr\u00e9vaut de la qualit\u00e9 de journaliste ou de cameraman dans des activit\u00e9s officielles, au pr\u00e9judice des professionnels que nous sommes. Pour essayer d\u2019endiguer ce ph\u00e9nom\u00e8ne, le filtrage de d\u00e9livrance des cartes s\u2019av\u00e8re l\u2019une des solutions en moyen terme&nbsp;\u00bb<\/em>, a-t-il indiqu\u00e9.<\/p>\n\n\n\n<p>Autre sujet ayant fait objet des \u00e9changes, l\u2019installation de la coordination provinciale de l\u2019UNCC au Kongo-Central pr\u00e9vue pour le dimanche 8 Juin. Dans un cadre de franche collaboration, le Pr\u00e9sident des Cameramen du Congo a fait part au Pr\u00e9sident Kamanda Wa Kamanda, de cette grande activit\u00e9.<\/p>\n\n\n\n<p>Des initiatives vivement salu\u00e9es par le Pr\u00e9sident de l\u2019UNPC qui les a encourag\u00e9 tout en f\u00e9licitant le comit\u00e9 ex\u00e9cutif de l\u2019UNCC pour leurs r\u00e9alisations en si peu de temps.<\/p>\n\n\n\n<p>Rappelons que Merlin Kamalandua quitte Kinshasa avec une forte d\u00e9l\u00e9gation pour rejoindre la premi\u00e8re \u00e9quipe d\u00e9j\u00e0 sur place \u00e0 Matadi o\u00f9 est pr\u00e9vue ce dimanche, l\u2019installation de la coordination provinciale.<\/p>\n\n\n\n<p>Cette c\u00e9r\u00e9monie entre dans le compte des r\u00e9alisations du comit\u00e9 Kamalandua, sept mois seulement apr\u00e8s sa prise des fonctions. Une prouesse qui a d\u00e9j\u00e0 \u00e9t\u00e9 encourag\u00e9e par le Ministre de communication et m\u00e9dias, Patrick Muyaya.<\/p>\n\n\n\n<p>Jo\u00ebl Diawa<\/p>\n","protected":false},"excerpt":{"rendered":"<p>R\u00e9daction: +243 817 406 088 A 24h de son voyage pour le Kongo-Central pour l&rsquo;installation&#8230;<\/p>\n","protected":false},"author":2,"featured_media":14688,"comment_status":"open","ping_status":"open","sticky":false,"template":"","format":"standard","meta":{"_jetpack_memberships_contains_paid_content":false,"footnotes":""},"categories":[8],"tags":[],"class_list":["post-14684","post","type-post","status-publish","format-standard","has-post-thumbnail","hentry","category-societe"],"yoast_head":"<!-- This site is optimized with the Yoast SEO plugin v27.5 - https:\/\/yoast.com\/product\/yoast-seo-wordpress\/ -->\n<title>UNCC\u00a0: A la veille de son voyage pour Matadi, le Pr\u00e9sident Merlin Kamalandua conf\u00e8re avec le Pr\u00e9sident de l\u2019UNPC - Infos Droits Humains<\/title>\n<meta name=\"robots\" content=\"index, follow, max-snippet:-1, max-image-preview:large, max-video-preview:-1\" \/>\n<link rel=\"canonical\" href=\"https:\/\/infos-droitshumains.net\/?p=14684\" \/>\n<meta property=\"og:locale\" content=\"fr_FR\" \/>\n<meta property=\"og:type\" content=\"article\" \/>\n<meta property=\"og:title\" content=\"UNCC\u00a0: A la veille de son voyage pour Matadi, le Pr\u00e9sident Merlin Kamalandua conf\u00e8re avec le Pr\u00e9sident de l\u2019UNPC - Infos Droits Humains\" \/>\n<meta property=\"og:description\" content=\"R\u00e9daction: +243 817 406 088 A 24h de son voyage pour le Kongo-Central pour l&rsquo;installation...\" \/>\n<meta property=\"og:url\" content=\"https:\/\/infos-droitshumains.net\/?p=14684\" \/>\n<meta property=\"og:site_name\" content=\"Infos Droits Humains\" \/>\n<meta property=\"article:published_time\" content=\"2025-06-04T22:56:02+00:00\" \/>\n<meta property=\"article:modified_time\" content=\"2025-06-04T23:03:09+00:00\" \/>\n<meta property=\"og:image\" content=\"https:\/\/infos-droitshumains.net\/wp-content\/uploads\/2025\/06\/IMG-20250604-WA0015_1.jpg\" \/>\n\t<meta property=\"og:image:width\" content=\"1020\" \/>\n\t<meta property=\"og:image:height\" content=\"765\" \/>\n\t<meta property=\"og:image:type\" content=\"image\/jpeg\" \/>\n<meta name=\"author\" content=\"Jo\u00ebl Diawa\" \/>\n<meta name=\"twitter:card\" content=\"summary_large_image\" \/>\n<meta name=\"twitter:label1\" content=\"\u00c9crit par\" \/>\n\t<meta name=\"twitter:data1\" content=\"Jo\u00ebl Diawa\" \/>\n\t<meta name=\"twitter:label2\" content=\"Dur\u00e9e de lecture estim\u00e9e\" \/>\n\t<meta name=\"twitter:data2\" content=\"2 minutes\" \/>\n<script type=\"application\/ld+json\" class=\"yoast-schema-graph\">{\"@context\":\"https:\\\/\\\/schema.org\",\"@graph\":[{\"@type\":\"Article\",\"@id\":\"https:\\\/\\\/infos-droitshumains.net\\\/?p=14684#article\",\"isPartOf\":{\"@id\":\"https:\\\/\\\/infos-droitshumains.net\\\/?p=14684\"},\"author\":{\"name\":\"Jo\u00ebl Diawa\",\"@id\":\"https:\\\/\\\/infos-droitshumains.net\\\/#\\\/schema\\\/person\\\/3dc5e921c3302172e0ed4362f96faab7\"},\"headline\":\"UNCC\u00a0: A la veille de son voyage pour Matadi, le Pr\u00e9sident Merlin Kamalandua conf\u00e8re avec le Pr\u00e9sident de l\u2019UNPC\",\"datePublished\":\"2025-06-04T22:56:02+00:00\",\"dateModified\":\"2025-06-04T23:03:09+00:00\",\"mainEntityOfPage\":{\"@id\":\"https:\\\/\\\/infos-droitshumains.net\\\/?p=14684\"},\"wordCount\":381,\"commentCount\":0,\"publisher\":{\"@id\":\"https:\\\/\\\/infos-droitshumains.net\\\/#organization\"},\"image\":{\"@id\":\"https:\\\/\\\/infos-droitshumains.net\\\/?p=14684#primaryimage\"},\"thumbnailUrl\":\"https:\\\/\\\/i0.wp.com\\\/infos-droitshumains.net\\\/wp-content\\\/uploads\\\/2025\\\/06\\\/IMG-20250604-WA0015_1.jpg?fit=1020%2C765&ssl=1\",\"articleSection\":[\"Soci\u00e9t\u00e9\"],\"inLanguage\":\"fr-FR\",\"potentialAction\":[{\"@type\":\"CommentAction\",\"name\":\"Comment\",\"target\":[\"https:\\\/\\\/infos-droitshumains.net\\\/?p=14684#respond\"]}]},{\"@type\":\"WebPage\",\"@id\":\"https:\\\/\\\/infos-droitshumains.net\\\/?p=14684\",\"url\":\"https:\\\/\\\/infos-droitshumains.net\\\/?p=14684\",\"name\":\"UNCC\u00a0: A la veille de son voyage pour Matadi, le Pr\u00e9sident Merlin Kamalandua conf\u00e8re avec le Pr\u00e9sident de l\u2019UNPC - Infos Droits Humains\",\"isPartOf\":{\"@id\":\"https:\\\/\\\/infos-droitshumains.net\\\/#website\"},\"primaryImageOfPage\":{\"@id\":\"https:\\\/\\\/infos-droitshumains.net\\\/?p=14684#primaryimage\"},\"image\":{\"@id\":\"https:\\\/\\\/infos-droitshumains.net\\\/?p=14684#primaryimage\"},\"thumbnailUrl\":\"https:\\\/\\\/i0.wp.com\\\/infos-droitshumains.net\\\/wp-content\\\/uploads\\\/2025\\\/06\\\/IMG-20250604-WA0015_1.jpg?fit=1020%2C765&ssl=1\",\"datePublished\":\"2025-06-04T22:56:02+00:00\",\"dateModified\":\"2025-06-04T23:03:09+00:00\",\"breadcrumb\":{\"@id\":\"https:\\\/\\\/infos-droitshumains.net\\\/?p=14684#breadcrumb\"},\"inLanguage\":\"fr-FR\",\"potentialAction\":[{\"@type\":\"ReadAction\",\"target\":[\"https:\\\/\\\/infos-droitshumains.net\\\/?p=14684\"]}]},{\"@type\":\"ImageObject\",\"inLanguage\":\"fr-FR\",\"@id\":\"https:\\\/\\\/infos-droitshumains.net\\\/?p=14684#primaryimage\",\"url\":\"https:\\\/\\\/i0.wp.com\\\/infos-droitshumains.net\\\/wp-content\\\/uploads\\\/2025\\\/06\\\/IMG-20250604-WA0015_1.jpg?fit=1020%2C765&ssl=1\",\"contentUrl\":\"https:\\\/\\\/i0.wp.com\\\/infos-droitshumains.net\\\/wp-content\\\/uploads\\\/2025\\\/06\\\/IMG-20250604-WA0015_1.jpg?fit=1020%2C765&ssl=1\",\"width\":1020,\"height\":765},{\"@type\":\"BreadcrumbList\",\"@id\":\"https:\\\/\\\/infos-droitshumains.net\\\/?p=14684#breadcrumb\",\"itemListElement\":[{\"@type\":\"ListItem\",\"position\":1,\"name\":\"Accueil\",\"item\":\"https:\\\/\\\/infos-droitshumains.net\\\/\"},{\"@type\":\"ListItem\",\"position\":2,\"name\":\"UNCC\u00a0: A la veille de son voyage pour Matadi, le Pr\u00e9sident Merlin Kamalandua conf\u00e8re avec le Pr\u00e9sident de l\u2019UNPC\"}]},{\"@type\":\"WebSite\",\"@id\":\"https:\\\/\\\/infos-droitshumains.net\\\/#website\",\"url\":\"https:\\\/\\\/infos-droitshumains.net\\\/\",\"name\":\"Infos Droits Humains\",\"description\":\"S&#039;informer est un droit\",\"publisher\":{\"@id\":\"https:\\\/\\\/infos-droitshumains.net\\\/#organization\"},\"potentialAction\":[{\"@type\":\"SearchAction\",\"target\":{\"@type\":\"EntryPoint\",\"urlTemplate\":\"https:\\\/\\\/infos-droitshumains.net\\\/?s={search_term_string}\"},\"query-input\":{\"@type\":\"PropertyValueSpecification\",\"valueRequired\":true,\"valueName\":\"search_term_string\"}}],\"inLanguage\":\"fr-FR\"},{\"@type\":\"Organization\",\"@id\":\"https:\\\/\\\/infos-droitshumains.net\\\/#organization\",\"name\":\"Infos Droits Humains\",\"url\":\"https:\\\/\\\/infos-droitshumains.net\\\/\",\"logo\":{\"@type\":\"ImageObject\",\"inLanguage\":\"fr-FR\",\"@id\":\"https:\\\/\\\/infos-droitshumains.net\\\/#\\\/schema\\\/logo\\\/image\\\/\",\"url\":\"https:\\\/\\\/i0.wp.com\\\/infos-droitshumains.net\\\/wp-content\\\/uploads\\\/2022\\\/05\\\/Logo.png?fit=333%2C129&ssl=1\",\"contentUrl\":\"https:\\\/\\\/i0.wp.com\\\/infos-droitshumains.net\\\/wp-content\\\/uploads\\\/2022\\\/05\\\/Logo.png?fit=333%2C129&ssl=1\",\"width\":333,\"height\":129,\"caption\":\"Infos Droits Humains\"},\"image\":{\"@id\":\"https:\\\/\\\/infos-droitshumains.net\\\/#\\\/schema\\\/logo\\\/image\\\/\"}},{\"@type\":\"Person\",\"@id\":\"https:\\\/\\\/infos-droitshumains.net\\\/#\\\/schema\\\/person\\\/3dc5e921c3302172e0ed4362f96faab7\",\"name\":\"Jo\u00ebl Diawa\",\"image\":{\"@type\":\"ImageObject\",\"inLanguage\":\"fr-FR\",\"@id\":\"https:\\\/\\\/secure.gravatar.com\\\/avatar\\\/729bea6ff4604c624417803c477363be8e3c7186deaa65713313f9b4b820f41c?s=96&d=mm&r=g\",\"url\":\"https:\\\/\\\/secure.gravatar.com\\\/avatar\\\/729bea6ff4604c624417803c477363be8e3c7186deaa65713313f9b4b820f41c?s=96&d=mm&r=g\",\"contentUrl\":\"https:\\\/\\\/secure.gravatar.com\\\/avatar\\\/729bea6ff4604c624417803c477363be8e3c7186deaa65713313f9b4b820f41c?s=96&d=mm&r=g\",\"caption\":\"Jo\u00ebl Diawa\"},\"sameAs\":[\"https:\\\/\\\/www.infos-droitshumains.net\"],\"url\":\"https:\\\/\\\/infos-droitshumains.net\\\/?author=2\"}]}<\/script>\n<!-- \/ Yoast SEO plugin. -->","yoast_head_json":{"title":"UNCC\u00a0: A la veille de son voyage pour Matadi, le Pr\u00e9sident Merlin Kamalandua conf\u00e8re avec le Pr\u00e9sident de l\u2019UNPC - Infos Droits Humains","robots":{"index":"index","follow":"follow","max-snippet":"max-snippet:-1","max-image-preview":"max-image-preview:large","max-video-preview":"max-video-preview:-1"},"canonical":"https:\/\/infos-droitshumains.net\/?p=14684","og_locale":"fr_FR","og_type":"article","og_title":"UNCC\u00a0: A la veille de son voyage pour Matadi, le Pr\u00e9sident Merlin Kamalandua conf\u00e8re avec le Pr\u00e9sident de l\u2019UNPC - Infos Droits Humains","og_description":"R\u00e9daction: +243 817 406 088 A 24h de son voyage pour le Kongo-Central pour l&rsquo;installation...","og_url":"https:\/\/infos-droitshumains.net\/?p=14684","og_site_name":"Infos Droits Humains","article_published_time":"2025-06-04T22:56:02+00:00","article_modified_time":"2025-06-04T23:03:09+00:00","og_image":[{"width":1020,"height":765,"url":"https:\/\/infos-droitshumains.net\/wp-content\/uploads\/2025\/06\/IMG-20250604-WA0015_1.jpg","type":"image\/jpeg"}],"author":"Jo\u00ebl Diawa","twitter_card":"summary_large_image","twitter_misc":{"\u00c9crit par":"Jo\u00ebl Diawa","Dur\u00e9e de lecture estim\u00e9e":"2 minutes"},"schema":{"@context":"https:\/\/schema.org","@graph":[{"@type":"Article","@id":"https:\/\/infos-droitshumains.net\/?p=14684#article","isPartOf":{"@id":"https:\/\/infos-droitshumains.net\/?p=14684"},"author":{"name":"Jo\u00ebl Diawa","@id":"https:\/\/infos-droitshumains.net\/#\/schema\/person\/3dc5e921c3302172e0ed4362f96faab7"},"headline":"UNCC\u00a0: A la veille de son voyage pour Matadi, le Pr\u00e9sident Merlin Kamalandua conf\u00e8re avec le Pr\u00e9sident de l\u2019UNPC","datePublished":"2025-06-04T22:56:02+00:00","dateModified":"2025-06-04T23:03:09+00:00","mainEntityOfPage":{"@id":"https:\/\/infos-droitshumains.net\/?p=14684"},"wordCount":381,"commentCount":0,"publisher":{"@id":"https:\/\/infos-droitshumains.net\/#organization"},"image":{"@id":"https:\/\/infos-droitshumains.net\/?p=14684#primaryimage"},"thumbnailUrl":"https:\/\/i0.wp.com\/infos-droitshumains.net\/wp-content\/uploads\/2025\/06\/IMG-20250604-WA0015_1.jpg?fit=1020%2C765&ssl=1","articleSection":["Soci\u00e9t\u00e9"],"inLanguage":"fr-FR","potentialAction":[{"@type":"CommentAction","name":"Comment","target":["https:\/\/infos-droitshumains.net\/?p=14684#respond"]}]},{"@type":"WebPage","@id":"https:\/\/infos-droitshumains.net\/?p=14684","url":"https:\/\/infos-droitshumains.net\/?p=14684","name":"UNCC\u00a0: A la veille de son voyage pour Matadi, le Pr\u00e9sident Merlin Kamalandua conf\u00e8re avec le Pr\u00e9sident de l\u2019UNPC - Infos Droits Humains","isPartOf":{"@id":"https:\/\/infos-droitshumains.net\/#website"},"primaryImageOfPage":{"@id":"https:\/\/infos-droitshumains.net\/?p=14684#primaryimage"},"image":{"@id":"https:\/\/infos-droitshumains.net\/?p=14684#primaryimage"},"thumbnailUrl":"https:\/\/i0.wp.com\/infos-droitshumains.net\/wp-content\/uploads\/2025\/06\/IMG-20250604-WA0015_1.jpg?fit=1020%2C765&ssl=1","datePublished":"2025-06-04T22:56:02+00:00","dateModified":"2025-06-04T23:03:09+00:00","breadcrumb":{"@id":"https:\/\/infos-droitshumains.net\/?p=14684#breadcrumb"},"inLanguage":"fr-FR","potentialAction":[{"@type":"ReadAction","target":["https:\/\/infos-droitshumains.net\/?p=14684"]}]},{"@type":"ImageObject","inLanguage":"fr-FR","@id":"https:\/\/infos-droitshumains.net\/?p=14684#primaryimage","url":"https:\/\/i0.wp.com\/infos-droitshumains.net\/wp-content\/uploads\/2025\/06\/IMG-20250604-WA0015_1.jpg?fit=1020%2C765&ssl=1","contentUrl":"https:\/\/i0.wp.com\/infos-droitshumains.net\/wp-content\/uploads\/2025\/06\/IMG-20250604-WA0015_1.jpg?fit=1020%2C765&ssl=1","width":1020,"height":765},{"@type":"BreadcrumbList","@id":"https:\/\/infos-droitshumains.net\/?p=14684#breadcrumb","itemListElement":[{"@type":"ListItem","position":1,"name":"Accueil","item":"https:\/\/infos-droitshumains.net\/"},{"@type":"ListItem","position":2,"name":"UNCC\u00a0: A la veille de son voyage pour Matadi, le Pr\u00e9sident Merlin Kamalandua conf\u00e8re avec le Pr\u00e9sident de l\u2019UNPC"}]},{"@type":"WebSite","@id":"https:\/\/infos-droitshumains.net\/#website","url":"https:\/\/infos-droitshumains.net\/","name":"Infos Droits Humains","description":"S&#039;informer est un droit","publisher":{"@id":"https:\/\/infos-droitshumains.net\/#organization"},"potentialAction":[{"@type":"SearchAction","target":{"@type":"EntryPoint","urlTemplate":"https:\/\/infos-droitshumains.net\/?s={search_term_string}"},"query-input":{"@type":"PropertyValueSpecification","valueRequired":true,"valueName":"search_term_string"}}],"inLanguage":"fr-FR"},{"@type":"Organization","@id":"https:\/\/infos-droitshumains.net\/#organization","name":"Infos Droits Humains","url":"https:\/\/infos-droitshumains.net\/","logo":{"@type":"ImageObject","inLanguage":"fr-FR","@id":"https:\/\/infos-droitshumains.net\/#\/schema\/logo\/image\/","url":"https:\/\/i0.wp.com\/infos-droitshumains.net\/wp-content\/uploads\/2022\/05\/Logo.png?fit=333%2C129&ssl=1","contentUrl":"https:\/\/i0.wp.com\/infos-droitshumains.net\/wp-content\/uploads\/2022\/05\/Logo.png?fit=333%2C129&ssl=1","width":333,"height":129,"caption":"Infos Droits Humains"},"image":{"@id":"https:\/\/infos-droitshumains.net\/#\/schema\/logo\/image\/"}},{"@type":"Person","@id":"https:\/\/infos-droitshumains.net\/#\/schema\/person\/3dc5e921c3302172e0ed4362f96faab7","name":"Jo\u00ebl Diawa","image":{"@type":"ImageObject","inLanguage":"fr-FR","@id":"https:\/\/secure.gravatar.com\/avatar\/729bea6ff4604c624417803c477363be8e3c7186deaa65713313f9b4b820f41c?s=96&d=mm&r=g","url":"https:\/\/secure.gravatar.com\/avatar\/729bea6ff4604c624417803c477363be8e3c7186deaa65713313f9b4b820f41c?s=96&d=mm&r=g","contentUrl":"https:\/\/secure.gravatar.com\/avatar\/729bea6ff4604c624417803c477363be8e3c7186deaa65713313f9b4b820f41c?s=96&d=mm&r=g","caption":"Jo\u00ebl Diawa"},"sameAs":["https:\/\/www.infos-droitshumains.net"],"url":"https:\/\/infos-droitshumains.net\/?author=2"}]}},"featured_image_urls":{"full":["https:\/\/i0.wp.com\/infos-droitshumains.net\/wp-content\/uploads\/2025\/06\/IMG-20250604-WA0015_1.jpg?fit=1020%2C765&ssl=1",1020,765,false],"thumbnail":["https:\/\/i0.wp.com\/infos-droitshumains.net\/wp-content\/uploads\/2025\/06\/IMG-20250604-WA0015_1.jpg?resize=150%2C150&ssl=1",150,150,true],"medium":["https:\/\/i0.wp.com\/infos-droitshumains.net\/wp-content\/uploads\/2025\/06\/IMG-20250604-WA0015_1.jpg?fit=300%2C225&ssl=1",300,225,true],"medium_large":["https:\/\/i0.wp.com\/infos-droitshumains.net\/wp-content\/uploads\/2025\/06\/IMG-20250604-WA0015_1.jpg?fit=640%2C480&ssl=1",640,480,true],"large":["https:\/\/i0.wp.com\/infos-droitshumains.net\/wp-content\/uploads\/2025\/06\/IMG-20250604-WA0015_1.jpg?fit=640%2C480&ssl=1",640,480,true],"1536x1536":["https:\/\/i0.wp.com\/infos-droitshumains.net\/wp-content\/uploads\/2025\/06\/IMG-20250604-WA0015_1.jpg?fit=1020%2C765&ssl=1",1020,765,true],"2048x2048":["https:\/\/i0.wp.com\/infos-droitshumains.net\/wp-content\/uploads\/2025\/06\/IMG-20250604-WA0015_1.jpg?fit=1020%2C765&ssl=1",1020,765,true],"covernews-slider-full":["https:\/\/i0.wp.com\/infos-droitshumains.net\/wp-content\/uploads\/2025\/06\/IMG-20250604-WA0015_1.jpg?resize=1020%2C715&ssl=1",1020,715,true],"covernews-slider-center":["https:\/\/i0.wp.com\/infos-droitshumains.net\/wp-content\/uploads\/2025\/06\/IMG-20250604-WA0015_1.jpg?resize=800%2C500&ssl=1",800,500,true],"covernews-featured":["https:\/\/i0.wp.com\/infos-droitshumains.net\/wp-content\/uploads\/2025\/06\/IMG-20250604-WA0015_1.jpg?fit=1020%2C765&ssl=1",1020,765,true],"covernews-medium":["https:\/\/i0.wp.com\/infos-droitshumains.net\/wp-content\/uploads\/2025\/06\/IMG-20250604-WA0015_1.jpg?resize=540%2C340&ssl=1",540,340,true],"covernews-medium-square":["https:\/\/i0.wp.com\/infos-droitshumains.net\/wp-content\/uploads\/2025\/06\/IMG-20250604-WA0015_1.jpg?resize=400%2C250&ssl=1",400,250,true]},"author_info":{"display_name":"Jo\u00ebl Diawa","author_link":"https:\/\/infos-droitshumains.net\/?author=2"},"category_info":"<a href=\"https:\/\/infos-droitshumains.net\/?cat=8\" rel=\"category\">Soci\u00e9t\u00e9<\/a>","tag_info":"Soci\u00e9t\u00e9","comment_count":"0","jetpack_featured_media_url":"https:\/\/i0.wp.com\/infos-droitshumains.net\/wp-content\/uploads\/2025\/06\/IMG-20250604-WA0015_1.jpg?fit=1020%2C765&ssl=1","jetpack-related-posts":[],"jetpack_sharing_enabled":true,"_links":{"self":[{"href":"https:\/\/infos-droitshumains.net\/index.php?rest_route=\/wp\/v2\/posts\/14684","targetHints":{"allow":["GET"]}}],"collection":[{"href":"https:\/\/infos-droitshumains.net\/index.php?rest_route=\/wp\/v2\/posts"}],"about":[{"href":"https:\/\/infos-droitshumains.net\/index.php?rest_route=\/wp\/v2\/types\/post"}],"author":[{"embeddable":true,"href":"https:\/\/infos-droitshumains.net\/index.php?rest_route=\/wp\/v2\/users\/2"}],"replies":[{"embeddable":true,"href":"https:\/\/infos-droitshumains.net\/index.php?rest_route=%2Fwp%2Fv2%2Fcomments&post=14684"}],"version-history":[{"count":2,"href":"https:\/\/infos-droitshumains.net\/index.php?rest_route=\/wp\/v2\/posts\/14684\/revisions"}],"predecessor-version":[{"id":14687,"href":"https:\/\/infos-droitshumains.net\/index.php?rest_route=\/wp\/v2\/posts\/14684\/revisions\/14687"}],"wp:featuredmedia":[{"embeddable":true,"href":"https:\/\/infos-droitshumains.net\/index.php?rest_route=\/wp\/v2\/media\/14688"}],"wp:attachment":[{"href":"https:\/\/infos-droitshumains.net\/index.php?rest_route=%2Fwp%2Fv2%2Fmedia&parent=14684"}],"wp:term":[{"taxonomy":"category","embeddable":true,"href":"https:\/\/infos-droitshumains.net\/index.php?rest_route=%2Fwp%2Fv2%2Fcategories&post=14684"},{"taxonomy":"post_tag","embeddable":true,"href":"https:\/\/infos-droitshumains.net\/index.php?rest_route=%2Fwp%2Fv2%2Ftags&post=14684"}],"curies":[{"name":"wp","href":"https:\/\/api.w.org\/{rel}","templated":true}]}}