{"id":14604,"date":"2025-06-02T15:44:39","date_gmt":"2025-06-02T13:44:39","guid":{"rendered":"https:\/\/infos-droitshumains.net\/?p=14604"},"modified":"2025-06-02T16:08:07","modified_gmt":"2025-06-02T14:08:07","slug":"rdc-constant-mutamba-invite-a-comparaitre-au-parquet-general-pres-la-cour-de-cassation-voici-la-date","status":"publish","type":"post","link":"https:\/\/infos-droitshumains.net\/?p=14604","title":{"rendered":"RDC : Constant Mutamba invit\u00e9 \u00e0 compara\u00eetre au Parquet G\u00e9n\u00e9ral pr\u00e8s la Cour de Cassation. Voici la date"},"content":{"rendered":"\n<p><strong>R\u00e9daction: +243 817 406 088<\/strong><\/p>\n\n\n\n<h3 class=\"wp-block-heading has-vivid-red-color has-text-color has-link-color wp-elements-9746ec280b0e484053cbbc5514edaf5e\">Apr\u00e8s que l\u2019Assembl\u00e9e Nationale l\u2019ait autoris\u00e9 \u00e0 ouvrir une information judiciaire contre le Ministre de la justice et Garde des sceaux, le Procureur G\u00e9n\u00e9ral pr\u00e8s la Cour de Cassation a aussit\u00f4t \u00e9mis un mandat de comparution.<\/h3>\n\n\n\n<p>\u00ab\u00a0Constant Mutamba devrait compara\u00eetre devant le Procureur G\u00e9n\u00e9ral pr\u00e8s la Cour de Cassation ce mardi 03 juin 2025\u00a0\u00bb, indiquent des sources dignes de foi. Un mandat de comparution a \u00e9t\u00e9 \u00e9mis \u00e0 son encontre pour ce faire.<\/p>\n\n\n\n<p>Impliqu\u00e9 dans un pr\u00e9sum\u00e9 d\u00e9tournement de 39 millions USD, Constant Mutamba avait sign\u00e9 un contrat de gr\u00e9 \u00e0 gr\u00e9 pour la construction d\u2019une maison d\u2019arr\u00eat \u00e0 Kisangani. A en croire les enqu\u00eates du Parquet G\u00e9n\u00e9ral, ce contrat est truff\u00e9  de plusieurs irr\u00e9gularit\u00e9 et n\u2019a pas respect\u00e9 la proc\u00e9dure en la mati\u00e8re; une irr\u00e9gularit\u00e9 <strong>\u00ab voulu \u00bb<\/strong> pour faciliter le d\u00e9tournement.<\/p>\n\n\n\n<p>Il s\u2019av\u00e8re en outre que, Zion Construction SARL,  soci\u00e9t\u00e9 \u00e0 qui le march\u00e9 a \u00e9t\u00e9 attribu\u00e9, n\u2019a ni capacit\u00e9 financi\u00e8re, ni technique, moins encore une qualification en la mati\u00e8re pour qu\u2019un tel march\u00e9 lui soit attribu\u00e9 sans suivre la proc\u00e9dure.<\/p>\n\n\n\n<p>Les fonds utilis\u00e9s dans ce contrat, r\u00e9serv\u00e9 \u00e0 l\u2019indemnisation des victimes de la guerre de Kisangani ont cependant \u00e9t\u00e9 d\u00e9saffect\u00e9s sans aucune proc\u00e9dure suivie. Le premier paiement aurait d\u00fb s\u2019\u00e9lever \u00e0 30% du total du march\u00e9, mais les 19.900.000U USD pay\u00e9s, repr\u00e9sentent plus de 60%; autant d\u2019irr\u00e9gularit\u00e9 qui ont \u00e9t\u00e9 \u00e9pingl\u00e9 dans ce march\u00e9.<\/p>\n\n\n\n<p>Outrage \u00e0 Magistrat et au membre du gouvernement, incitation \u00e0 la d\u00e9sob\u00e9issance sont \u00e9galement d\u2019autres pr\u00e9ventions mises \u00e0 charge de Constant Mutamba pour lesquelles, le Procureur G\u00e9n\u00e9ral n\u2019a pas encore obtenu l\u2019autorisation d\u2019instruction.<\/p>\n\n\n\n<p>Dans un meeting tenu devant le palais de justice, le Ministre Constant Mutamba avait d\u00e9fi\u00e9 la justice en promettant de ne pas r\u00e9pondre \u00e0 une quelconque invitation du Procureur G\u00e9n\u00e9ral qualifiant sa d\u00e9marche d\u2019acharnement et de r\u00e8glement des comptes. Reste \u00e0 savoir s\u2019il r\u00e9pondra o\u00f9 pas au mandat de comparution de ce mardi.<\/p>\n\n\n\n<p>Jo\u00ebl Diawa <\/p>\n","protected":false},"excerpt":{"rendered":"<p>R\u00e9daction: +243 817 406 088 Apr\u00e8s que l\u2019Assembl\u00e9e Nationale l\u2019ait autoris\u00e9 \u00e0 ouvrir une information&#8230;<\/p>\n","protected":false},"author":2,"featured_media":14618,"comment_status":"open","ping_status":"open","sticky":false,"template":"","format":"standard","meta":{"_jetpack_memberships_contains_paid_content":false,"footnotes":""},"categories":[6],"tags":[],"class_list":["post-14604","post","type-post","status-publish","format-standard","has-post-thumbnail","hentry","category-justice"],"yoast_head":"<!-- This site is optimized with the Yoast SEO plugin v27.5 - https:\/\/yoast.com\/product\/yoast-seo-wordpress\/ -->\n<title>RDC : Constant Mutamba invit\u00e9 \u00e0 compara\u00eetre au Parquet G\u00e9n\u00e9ral pr\u00e8s la Cour de Cassation. Voici la date - Infos Droits Humains<\/title>\n<meta name=\"robots\" content=\"index, follow, max-snippet:-1, max-image-preview:large, max-video-preview:-1\" \/>\n<link rel=\"canonical\" href=\"https:\/\/infos-droitshumains.net\/?p=14604\" \/>\n<meta property=\"og:locale\" content=\"fr_FR\" \/>\n<meta property=\"og:type\" content=\"article\" \/>\n<meta property=\"og:title\" content=\"RDC : Constant Mutamba invit\u00e9 \u00e0 compara\u00eetre au Parquet G\u00e9n\u00e9ral pr\u00e8s la Cour de Cassation. Voici la date - Infos Droits Humains\" \/>\n<meta property=\"og:description\" content=\"R\u00e9daction: +243 817 406 088 Apr\u00e8s que l\u2019Assembl\u00e9e Nationale l\u2019ait autoris\u00e9 \u00e0 ouvrir une information...\" \/>\n<meta property=\"og:url\" content=\"https:\/\/infos-droitshumains.net\/?p=14604\" \/>\n<meta property=\"og:site_name\" content=\"Infos Droits Humains\" \/>\n<meta property=\"article:published_time\" content=\"2025-06-02T13:44:39+00:00\" \/>\n<meta property=\"article:modified_time\" content=\"2025-06-02T14:08:07+00:00\" \/>\n<meta property=\"og:image\" content=\"https:\/\/infos-droitshumains.net\/wp-content\/uploads\/2025\/06\/20241105_135241.jpg\" \/>\n\t<meta property=\"og:image:width\" content=\"792\" \/>\n\t<meta property=\"og:image:height\" content=\"679\" \/>\n\t<meta property=\"og:image:type\" content=\"image\/jpeg\" \/>\n<meta name=\"author\" content=\"Jo\u00ebl Diawa\" \/>\n<meta name=\"twitter:card\" content=\"summary_large_image\" \/>\n<meta name=\"twitter:label1\" content=\"\u00c9crit par\" \/>\n\t<meta name=\"twitter:data1\" content=\"Jo\u00ebl Diawa\" \/>\n\t<meta name=\"twitter:label2\" content=\"Dur\u00e9e de lecture estim\u00e9e\" \/>\n\t<meta name=\"twitter:data2\" content=\"2 minutes\" \/>\n<script type=\"application\/ld+json\" class=\"yoast-schema-graph\">{\"@context\":\"https:\\\/\\\/schema.org\",\"@graph\":[{\"@type\":\"Article\",\"@id\":\"https:\\\/\\\/infos-droitshumains.net\\\/?p=14604#article\",\"isPartOf\":{\"@id\":\"https:\\\/\\\/infos-droitshumains.net\\\/?p=14604\"},\"author\":{\"name\":\"Jo\u00ebl Diawa\",\"@id\":\"https:\\\/\\\/infos-droitshumains.net\\\/#\\\/schema\\\/person\\\/3dc5e921c3302172e0ed4362f96faab7\"},\"headline\":\"RDC : Constant Mutamba invit\u00e9 \u00e0 compara\u00eetre au Parquet G\u00e9n\u00e9ral pr\u00e8s la Cour de Cassation. Voici la date\",\"datePublished\":\"2025-06-02T13:44:39+00:00\",\"dateModified\":\"2025-06-02T14:08:07+00:00\",\"mainEntityOfPage\":{\"@id\":\"https:\\\/\\\/infos-droitshumains.net\\\/?p=14604\"},\"wordCount\":382,\"commentCount\":0,\"publisher\":{\"@id\":\"https:\\\/\\\/infos-droitshumains.net\\\/#organization\"},\"image\":{\"@id\":\"https:\\\/\\\/infos-droitshumains.net\\\/?p=14604#primaryimage\"},\"thumbnailUrl\":\"https:\\\/\\\/i0.wp.com\\\/infos-droitshumains.net\\\/wp-content\\\/uploads\\\/2025\\\/06\\\/20241105_135241.jpg?fit=792%2C679&ssl=1\",\"articleSection\":[\"Justice\"],\"inLanguage\":\"fr-FR\",\"potentialAction\":[{\"@type\":\"CommentAction\",\"name\":\"Comment\",\"target\":[\"https:\\\/\\\/infos-droitshumains.net\\\/?p=14604#respond\"]}]},{\"@type\":\"WebPage\",\"@id\":\"https:\\\/\\\/infos-droitshumains.net\\\/?p=14604\",\"url\":\"https:\\\/\\\/infos-droitshumains.net\\\/?p=14604\",\"name\":\"RDC : Constant Mutamba invit\u00e9 \u00e0 compara\u00eetre au Parquet G\u00e9n\u00e9ral pr\u00e8s la Cour de Cassation. Voici la date - Infos Droits Humains\",\"isPartOf\":{\"@id\":\"https:\\\/\\\/infos-droitshumains.net\\\/#website\"},\"primaryImageOfPage\":{\"@id\":\"https:\\\/\\\/infos-droitshumains.net\\\/?p=14604#primaryimage\"},\"image\":{\"@id\":\"https:\\\/\\\/infos-droitshumains.net\\\/?p=14604#primaryimage\"},\"thumbnailUrl\":\"https:\\\/\\\/i0.wp.com\\\/infos-droitshumains.net\\\/wp-content\\\/uploads\\\/2025\\\/06\\\/20241105_135241.jpg?fit=792%2C679&ssl=1\",\"datePublished\":\"2025-06-02T13:44:39+00:00\",\"dateModified\":\"2025-06-02T14:08:07+00:00\",\"breadcrumb\":{\"@id\":\"https:\\\/\\\/infos-droitshumains.net\\\/?p=14604#breadcrumb\"},\"inLanguage\":\"fr-FR\",\"potentialAction\":[{\"@type\":\"ReadAction\",\"target\":[\"https:\\\/\\\/infos-droitshumains.net\\\/?p=14604\"]}]},{\"@type\":\"ImageObject\",\"inLanguage\":\"fr-FR\",\"@id\":\"https:\\\/\\\/infos-droitshumains.net\\\/?p=14604#primaryimage\",\"url\":\"https:\\\/\\\/i0.wp.com\\\/infos-droitshumains.net\\\/wp-content\\\/uploads\\\/2025\\\/06\\\/20241105_135241.jpg?fit=792%2C679&ssl=1\",\"contentUrl\":\"https:\\\/\\\/i0.wp.com\\\/infos-droitshumains.net\\\/wp-content\\\/uploads\\\/2025\\\/06\\\/20241105_135241.jpg?fit=792%2C679&ssl=1\",\"width\":792,\"height\":679},{\"@type\":\"BreadcrumbList\",\"@id\":\"https:\\\/\\\/infos-droitshumains.net\\\/?p=14604#breadcrumb\",\"itemListElement\":[{\"@type\":\"ListItem\",\"position\":1,\"name\":\"Accueil\",\"item\":\"https:\\\/\\\/infos-droitshumains.net\\\/\"},{\"@type\":\"ListItem\",\"position\":2,\"name\":\"RDC : Constant Mutamba invit\u00e9 \u00e0 compara\u00eetre au Parquet G\u00e9n\u00e9ral pr\u00e8s la Cour de Cassation. Voici la date\"}]},{\"@type\":\"WebSite\",\"@id\":\"https:\\\/\\\/infos-droitshumains.net\\\/#website\",\"url\":\"https:\\\/\\\/infos-droitshumains.net\\\/\",\"name\":\"Infos Droits Humains\",\"description\":\"S&#039;informer est un droit\",\"publisher\":{\"@id\":\"https:\\\/\\\/infos-droitshumains.net\\\/#organization\"},\"potentialAction\":[{\"@type\":\"SearchAction\",\"target\":{\"@type\":\"EntryPoint\",\"urlTemplate\":\"https:\\\/\\\/infos-droitshumains.net\\\/?s={search_term_string}\"},\"query-input\":{\"@type\":\"PropertyValueSpecification\",\"valueRequired\":true,\"valueName\":\"search_term_string\"}}],\"inLanguage\":\"fr-FR\"},{\"@type\":\"Organization\",\"@id\":\"https:\\\/\\\/infos-droitshumains.net\\\/#organization\",\"name\":\"Infos Droits Humains\",\"url\":\"https:\\\/\\\/infos-droitshumains.net\\\/\",\"logo\":{\"@type\":\"ImageObject\",\"inLanguage\":\"fr-FR\",\"@id\":\"https:\\\/\\\/infos-droitshumains.net\\\/#\\\/schema\\\/logo\\\/image\\\/\",\"url\":\"https:\\\/\\\/i0.wp.com\\\/infos-droitshumains.net\\\/wp-content\\\/uploads\\\/2022\\\/05\\\/Logo.png?fit=333%2C129&ssl=1\",\"contentUrl\":\"https:\\\/\\\/i0.wp.com\\\/infos-droitshumains.net\\\/wp-content\\\/uploads\\\/2022\\\/05\\\/Logo.png?fit=333%2C129&ssl=1\",\"width\":333,\"height\":129,\"caption\":\"Infos Droits Humains\"},\"image\":{\"@id\":\"https:\\\/\\\/infos-droitshumains.net\\\/#\\\/schema\\\/logo\\\/image\\\/\"}},{\"@type\":\"Person\",\"@id\":\"https:\\\/\\\/infos-droitshumains.net\\\/#\\\/schema\\\/person\\\/3dc5e921c3302172e0ed4362f96faab7\",\"name\":\"Jo\u00ebl Diawa\",\"image\":{\"@type\":\"ImageObject\",\"inLanguage\":\"fr-FR\",\"@id\":\"https:\\\/\\\/secure.gravatar.com\\\/avatar\\\/729bea6ff4604c624417803c477363be8e3c7186deaa65713313f9b4b820f41c?s=96&d=mm&r=g\",\"url\":\"https:\\\/\\\/secure.gravatar.com\\\/avatar\\\/729bea6ff4604c624417803c477363be8e3c7186deaa65713313f9b4b820f41c?s=96&d=mm&r=g\",\"contentUrl\":\"https:\\\/\\\/secure.gravatar.com\\\/avatar\\\/729bea6ff4604c624417803c477363be8e3c7186deaa65713313f9b4b820f41c?s=96&d=mm&r=g\",\"caption\":\"Jo\u00ebl Diawa\"},\"sameAs\":[\"https:\\\/\\\/www.infos-droitshumains.net\"],\"url\":\"https:\\\/\\\/infos-droitshumains.net\\\/?author=2\"}]}<\/script>\n<!-- \/ Yoast SEO plugin. -->","yoast_head_json":{"title":"RDC : Constant Mutamba invit\u00e9 \u00e0 compara\u00eetre au Parquet G\u00e9n\u00e9ral pr\u00e8s la Cour de Cassation. Voici la date - Infos Droits Humains","robots":{"index":"index","follow":"follow","max-snippet":"max-snippet:-1","max-image-preview":"max-image-preview:large","max-video-preview":"max-video-preview:-1"},"canonical":"https:\/\/infos-droitshumains.net\/?p=14604","og_locale":"fr_FR","og_type":"article","og_title":"RDC : Constant Mutamba invit\u00e9 \u00e0 compara\u00eetre au Parquet G\u00e9n\u00e9ral pr\u00e8s la Cour de Cassation. Voici la date - Infos Droits Humains","og_description":"R\u00e9daction: +243 817 406 088 Apr\u00e8s que l\u2019Assembl\u00e9e Nationale l\u2019ait autoris\u00e9 \u00e0 ouvrir une information...","og_url":"https:\/\/infos-droitshumains.net\/?p=14604","og_site_name":"Infos Droits Humains","article_published_time":"2025-06-02T13:44:39+00:00","article_modified_time":"2025-06-02T14:08:07+00:00","og_image":[{"width":792,"height":679,"url":"https:\/\/infos-droitshumains.net\/wp-content\/uploads\/2025\/06\/20241105_135241.jpg","type":"image\/jpeg"}],"author":"Jo\u00ebl Diawa","twitter_card":"summary_large_image","twitter_misc":{"\u00c9crit par":"Jo\u00ebl Diawa","Dur\u00e9e de lecture estim\u00e9e":"2 minutes"},"schema":{"@context":"https:\/\/schema.org","@graph":[{"@type":"Article","@id":"https:\/\/infos-droitshumains.net\/?p=14604#article","isPartOf":{"@id":"https:\/\/infos-droitshumains.net\/?p=14604"},"author":{"name":"Jo\u00ebl Diawa","@id":"https:\/\/infos-droitshumains.net\/#\/schema\/person\/3dc5e921c3302172e0ed4362f96faab7"},"headline":"RDC : Constant Mutamba invit\u00e9 \u00e0 compara\u00eetre au Parquet G\u00e9n\u00e9ral pr\u00e8s la Cour de Cassation. Voici la date","datePublished":"2025-06-02T13:44:39+00:00","dateModified":"2025-06-02T14:08:07+00:00","mainEntityOfPage":{"@id":"https:\/\/infos-droitshumains.net\/?p=14604"},"wordCount":382,"commentCount":0,"publisher":{"@id":"https:\/\/infos-droitshumains.net\/#organization"},"image":{"@id":"https:\/\/infos-droitshumains.net\/?p=14604#primaryimage"},"thumbnailUrl":"https:\/\/i0.wp.com\/infos-droitshumains.net\/wp-content\/uploads\/2025\/06\/20241105_135241.jpg?fit=792%2C679&ssl=1","articleSection":["Justice"],"inLanguage":"fr-FR","potentialAction":[{"@type":"CommentAction","name":"Comment","target":["https:\/\/infos-droitshumains.net\/?p=14604#respond"]}]},{"@type":"WebPage","@id":"https:\/\/infos-droitshumains.net\/?p=14604","url":"https:\/\/infos-droitshumains.net\/?p=14604","name":"RDC : Constant Mutamba invit\u00e9 \u00e0 compara\u00eetre au Parquet G\u00e9n\u00e9ral pr\u00e8s la Cour de Cassation. Voici la date - Infos Droits Humains","isPartOf":{"@id":"https:\/\/infos-droitshumains.net\/#website"},"primaryImageOfPage":{"@id":"https:\/\/infos-droitshumains.net\/?p=14604#primaryimage"},"image":{"@id":"https:\/\/infos-droitshumains.net\/?p=14604#primaryimage"},"thumbnailUrl":"https:\/\/i0.wp.com\/infos-droitshumains.net\/wp-content\/uploads\/2025\/06\/20241105_135241.jpg?fit=792%2C679&ssl=1","datePublished":"2025-06-02T13:44:39+00:00","dateModified":"2025-06-02T14:08:07+00:00","breadcrumb":{"@id":"https:\/\/infos-droitshumains.net\/?p=14604#breadcrumb"},"inLanguage":"fr-FR","potentialAction":[{"@type":"ReadAction","target":["https:\/\/infos-droitshumains.net\/?p=14604"]}]},{"@type":"ImageObject","inLanguage":"fr-FR","@id":"https:\/\/infos-droitshumains.net\/?p=14604#primaryimage","url":"https:\/\/i0.wp.com\/infos-droitshumains.net\/wp-content\/uploads\/2025\/06\/20241105_135241.jpg?fit=792%2C679&ssl=1","contentUrl":"https:\/\/i0.wp.com\/infos-droitshumains.net\/wp-content\/uploads\/2025\/06\/20241105_135241.jpg?fit=792%2C679&ssl=1","width":792,"height":679},{"@type":"BreadcrumbList","@id":"https:\/\/infos-droitshumains.net\/?p=14604#breadcrumb","itemListElement":[{"@type":"ListItem","position":1,"name":"Accueil","item":"https:\/\/infos-droitshumains.net\/"},{"@type":"ListItem","position":2,"name":"RDC : Constant Mutamba invit\u00e9 \u00e0 compara\u00eetre au Parquet G\u00e9n\u00e9ral pr\u00e8s la Cour de Cassation. Voici la date"}]},{"@type":"WebSite","@id":"https:\/\/infos-droitshumains.net\/#website","url":"https:\/\/infos-droitshumains.net\/","name":"Infos Droits Humains","description":"S&#039;informer est un droit","publisher":{"@id":"https:\/\/infos-droitshumains.net\/#organization"},"potentialAction":[{"@type":"SearchAction","target":{"@type":"EntryPoint","urlTemplate":"https:\/\/infos-droitshumains.net\/?s={search_term_string}"},"query-input":{"@type":"PropertyValueSpecification","valueRequired":true,"valueName":"search_term_string"}}],"inLanguage":"fr-FR"},{"@type":"Organization","@id":"https:\/\/infos-droitshumains.net\/#organization","name":"Infos Droits Humains","url":"https:\/\/infos-droitshumains.net\/","logo":{"@type":"ImageObject","inLanguage":"fr-FR","@id":"https:\/\/infos-droitshumains.net\/#\/schema\/logo\/image\/","url":"https:\/\/i0.wp.com\/infos-droitshumains.net\/wp-content\/uploads\/2022\/05\/Logo.png?fit=333%2C129&ssl=1","contentUrl":"https:\/\/i0.wp.com\/infos-droitshumains.net\/wp-content\/uploads\/2022\/05\/Logo.png?fit=333%2C129&ssl=1","width":333,"height":129,"caption":"Infos Droits Humains"},"image":{"@id":"https:\/\/infos-droitshumains.net\/#\/schema\/logo\/image\/"}},{"@type":"Person","@id":"https:\/\/infos-droitshumains.net\/#\/schema\/person\/3dc5e921c3302172e0ed4362f96faab7","name":"Jo\u00ebl Diawa","image":{"@type":"ImageObject","inLanguage":"fr-FR","@id":"https:\/\/secure.gravatar.com\/avatar\/729bea6ff4604c624417803c477363be8e3c7186deaa65713313f9b4b820f41c?s=96&d=mm&r=g","url":"https:\/\/secure.gravatar.com\/avatar\/729bea6ff4604c624417803c477363be8e3c7186deaa65713313f9b4b820f41c?s=96&d=mm&r=g","contentUrl":"https:\/\/secure.gravatar.com\/avatar\/729bea6ff4604c624417803c477363be8e3c7186deaa65713313f9b4b820f41c?s=96&d=mm&r=g","caption":"Jo\u00ebl Diawa"},"sameAs":["https:\/\/www.infos-droitshumains.net"],"url":"https:\/\/infos-droitshumains.net\/?author=2"}]}},"featured_image_urls":{"full":["https:\/\/i0.wp.com\/infos-droitshumains.net\/wp-content\/uploads\/2025\/06\/20241105_135241.jpg?fit=792%2C679&ssl=1",792,679,false],"thumbnail":["https:\/\/i0.wp.com\/infos-droitshumains.net\/wp-content\/uploads\/2025\/06\/20241105_135241.jpg?resize=150%2C150&ssl=1",150,150,true],"medium":["https:\/\/i0.wp.com\/infos-droitshumains.net\/wp-content\/uploads\/2025\/06\/20241105_135241.jpg?fit=300%2C257&ssl=1",300,257,true],"medium_large":["https:\/\/i0.wp.com\/infos-droitshumains.net\/wp-content\/uploads\/2025\/06\/20241105_135241.jpg?fit=640%2C548&ssl=1",640,548,true],"large":["https:\/\/i0.wp.com\/infos-droitshumains.net\/wp-content\/uploads\/2025\/06\/20241105_135241.jpg?fit=640%2C549&ssl=1",640,549,true],"1536x1536":["https:\/\/i0.wp.com\/infos-droitshumains.net\/wp-content\/uploads\/2025\/06\/20241105_135241.jpg?fit=792%2C679&ssl=1",792,679,true],"2048x2048":["https:\/\/i0.wp.com\/infos-droitshumains.net\/wp-content\/uploads\/2025\/06\/20241105_135241.jpg?fit=792%2C679&ssl=1",792,679,true],"covernews-slider-full":["https:\/\/i0.wp.com\/infos-droitshumains.net\/wp-content\/uploads\/2025\/06\/20241105_135241.jpg?resize=792%2C679&ssl=1",792,679,true],"covernews-slider-center":["https:\/\/i0.wp.com\/infos-droitshumains.net\/wp-content\/uploads\/2025\/06\/20241105_135241.jpg?resize=792%2C500&ssl=1",792,500,true],"covernews-featured":["https:\/\/i0.wp.com\/infos-droitshumains.net\/wp-content\/uploads\/2025\/06\/20241105_135241.jpg?fit=792%2C679&ssl=1",792,679,true],"covernews-medium":["https:\/\/i0.wp.com\/infos-droitshumains.net\/wp-content\/uploads\/2025\/06\/20241105_135241.jpg?resize=540%2C340&ssl=1",540,340,true],"covernews-medium-square":["https:\/\/i0.wp.com\/infos-droitshumains.net\/wp-content\/uploads\/2025\/06\/20241105_135241.jpg?resize=400%2C250&ssl=1",400,250,true]},"author_info":{"display_name":"Jo\u00ebl Diawa","author_link":"https:\/\/infos-droitshumains.net\/?author=2"},"category_info":"<a href=\"https:\/\/infos-droitshumains.net\/?cat=6\" rel=\"category\">Justice<\/a>","tag_info":"Justice","comment_count":"0","jetpack_featured_media_url":"https:\/\/i0.wp.com\/infos-droitshumains.net\/wp-content\/uploads\/2025\/06\/20241105_135241.jpg?fit=792%2C679&ssl=1","jetpack-related-posts":[],"jetpack_sharing_enabled":true,"_links":{"self":[{"href":"https:\/\/infos-droitshumains.net\/index.php?rest_route=\/wp\/v2\/posts\/14604","targetHints":{"allow":["GET"]}}],"collection":[{"href":"https:\/\/infos-droitshumains.net\/index.php?rest_route=\/wp\/v2\/posts"}],"about":[{"href":"https:\/\/infos-droitshumains.net\/index.php?rest_route=\/wp\/v2\/types\/post"}],"author":[{"embeddable":true,"href":"https:\/\/infos-droitshumains.net\/index.php?rest_route=\/wp\/v2\/users\/2"}],"replies":[{"embeddable":true,"href":"https:\/\/infos-droitshumains.net\/index.php?rest_route=%2Fwp%2Fv2%2Fcomments&post=14604"}],"version-history":[{"count":9,"href":"https:\/\/infos-droitshumains.net\/index.php?rest_route=\/wp\/v2\/posts\/14604\/revisions"}],"predecessor-version":[{"id":14617,"href":"https:\/\/infos-droitshumains.net\/index.php?rest_route=\/wp\/v2\/posts\/14604\/revisions\/14617"}],"wp:featuredmedia":[{"embeddable":true,"href":"https:\/\/infos-droitshumains.net\/index.php?rest_route=\/wp\/v2\/media\/14618"}],"wp:attachment":[{"href":"https:\/\/infos-droitshumains.net\/index.php?rest_route=%2Fwp%2Fv2%2Fmedia&parent=14604"}],"wp:term":[{"taxonomy":"category","embeddable":true,"href":"https:\/\/infos-droitshumains.net\/index.php?rest_route=%2Fwp%2Fv2%2Fcategories&post=14604"},{"taxonomy":"post_tag","embeddable":true,"href":"https:\/\/infos-droitshumains.net\/index.php?rest_route=%2Fwp%2Fv2%2Ftags&post=14604"}],"curies":[{"name":"wp","href":"https:\/\/api.w.org\/{rel}","templated":true}]}}