{"id":14466,"date":"2025-05-23T20:16:33","date_gmt":"2025-05-23T18:16:33","guid":{"rendered":"https:\/\/infos-droitshumains.net\/?p=14466"},"modified":"2025-05-23T23:11:56","modified_gmt":"2025-05-23T21:11:56","slug":"marche-public-opaque-39-millions-usd-detournes-au-ministere-de-la-justice-le-coalition-le-congo-nest-pas-a-vendre-exige-transparence-audit-et-poursuites","status":"publish","type":"post","link":"https:\/\/infos-droitshumains.net\/?p=14466","title":{"rendered":"March\u00e9 public opaque: 39 millions USD d\u00e9tourn\u00e9s au Minist\u00e8re de la Justice, la Coalition \u2018\u2019Le Congo N\u2019est Pas \u00e0 Vendre\u2019\u2019 exige transparence, audit et poursuites judiciaire"},"content":{"rendered":"\n<p><strong>R\u00e9daction: +243 817 406 088<\/strong><\/p>\n\n\n\n<h3 class=\"wp-block-heading has-vivid-red-color has-text-color has-link-color wp-elements-0de3843a272673173e91b6546b2e513f\">L\u2019Assembl\u00e9e Nationale a mis en place une commission qui devra examiner le r\u00e9quisitoire du Procureur G\u00e9n\u00e9ral pr\u00e8s la Cour de Cassation sollicitant l\u2019autorisation d\u2019ouvrir une information judiciaire contre le Ministre d\u2019Etat, Ministre de la Justice et Garde des Sceaux impliqu\u00e9 dans un pr\u00e9sum\u00e9 d\u00e9tournement des fonds publics dans le cadre d\u2019un march\u00e9 de construction d\u2019une maison d\u2019arr\u00eat \u00e0 Kisangani. Cette affaire pr\u00e9occupe au plus haut point tout congolais \u00e9pris d\u2019une gestion transparente de la chose publique.<\/h3>\n\n\n\n<p>Dans un communiqu\u00e9, la Coalition Le Congo N\u2019est Pas \u00e0 Vendre \u2018\u2019CNPAV\u2019\u2019 condamne avec fermet\u00e9 l\u2019attribution de ce march\u00e9 public de <strong>\u2018\u2019gr\u00e9 \u00e0 gr\u00e9\u2019\u2019 <\/strong>entre le Minist\u00e8re de la Justice et l\u2019entreprise ZION CONSTRUCTION SARL, une soci\u00e9t\u00e9 cr\u00e9\u00e9e, pr\u00e9cise le communiqu\u00e9, <em>\u00ab&nbsp;sans exp\u00e9rience notable dans la r\u00e9alisation des projets d\u2019envergure\u00bb.<\/em><\/p>\n\n\n\n<p>Ce contrat, entach\u00e9 de graves irr\u00e9gularit\u00e9s poursuit le communiqu\u00e9, <em>\u00ab&nbsp;t\u00e9moigne d\u2019un m\u00e9pris flagrant des proc\u00e9dures \u00e9tablies par la loi n\u00b010\/10 du 27 avril 2010 relative aux march\u00e9s publics&nbsp;\u00bb<\/em>.<\/p>\n\n\n\n<p>Face \u00e0 l\u2019accumulation des dysfonctionnements&nbsp;dans ce march\u00e9 notamment, <em>\u00ab&nbsp;paiement douteux, opacit\u00e9 bancaire et violation des proc\u00e9dures&nbsp;\u00bb<\/em>, Le Congo n\u2019est pas \u00e0 vendre exige un <em>\u00ab&nbsp;<strong>audit financier ind\u00e9pendant et public&nbsp;\u00bb<\/strong><\/em> portant sur l\u2019ensemble des comptes et d\u00e9penses du Minist\u00e8re de la Justice li\u00e9s \u00e0 ce projet. Cet audit insiste-t-il, <em>\u00ab&nbsp;doit \u00eatre men\u00e9 par des experts impartiaux, et ses conclusions rendues publiques afin de lever toute ambig\u00fcit\u00e9&nbsp;\u00bb.<\/em><\/p>\n\n\n\n<p>A en croire ce consortium des organisations de la soci\u00e9t\u00e9 civile, ce scandale (dit Mutamba gate Ndlr) met en lumi\u00e8re la n\u00e9cessit\u00e9 de <em>\u00ab\u00a0r\u00e9examiner l\u2019ensemble des comptes g\u00e9r\u00e9s directement par le Minist\u00e8re de la Justice\u00a0\u00bb<\/em>.<\/p>\n\n\n\n<p><em>\u00ab&nbsp;Cette investigation doit inclure un audit de toutes les transactions effectu\u00e9es sur les trois derni\u00e8res ann\u00e9es afin d\u2019identifier d\u2019\u00e9ventuelles op\u00e9rations frauduleuses similaires&nbsp;\u00bb<\/em>, poursuit le communiqu\u00e9.<\/p>\n\n\n\n<p>Pour un retour \u00e0 la transparence et \u00e0 la l\u00e9galit\u00e9, le CNPAV exige&nbsp;:<\/p>\n\n\n\n<ul class=\"wp-block-list\">\n<li>La publication int\u00e9grale de tous les documents relatifs \u00e0 l\u2019attribution de ce march\u00e9&nbsp;;<\/li>\n\n\n\n<li>La suspension imm\u00e9diate de ce contrat en attendant une enqu\u00eate ind\u00e9pendante et transparente&nbsp;;<\/li>\n\n\n\n<li>L\u2019ouverture des poursuites judiciaires contre les responsables de cette fraude manifeste&nbsp;;<\/li>\n\n\n\n<li>Un audit exhaustif des comptes g\u00e9r\u00e9s par le Minist\u00e8re de la Justice.<\/li>\n<\/ul>\n\n\n\n<p>Nous rappelons que la lutte contre&nbsp; la corruption passe par le respect strict des proc\u00e9dures l\u00e9gales et la transparence dans la gestion des fonds publics, le Congo n\u2019est pas vendre estime en outre que, le Minist\u00e8re de la Justice, garant de l\u2019Etat de droit, doit imp\u00e9rativement donner l\u2019exemple en mati\u00e8re de <strong><em>\u2018\u2019probit\u00e9\u2019\u2019<\/em><\/strong> et de <strong><em>\u2018\u2019responsabilit\u00e9\u2019\u2019<\/em><\/strong>.<\/p>\n\n\n\n<p>En d\u00e9pit des \u00e9vidences des faits, le Ministre de la Justice, Contant Mutamba a, dans une d\u00e9claration sign\u00e9e par son cabinet un certain dimanche 11 mai 2025, jour non ouvrable, qualifi\u00e9 les documents incriminant ce contrat de \u2018\u2019fake news\u2019\u2019 tout en promettant des poursuites judiciaires \u00e0 tout celui qui oserait d\u00e9noncer.<\/p>\n\n\n\n<p>Pour le Congo N\u2019est Pas \u00e0 Vendre, cette initiative <strong><em>\u2018\u2019d\u2019intimidation\u2019\u2019<\/em><\/strong> vise clairement \u00e0 <em>\u00ab&nbsp;d\u00e9courager la vigilance citoyenne et \u00e0 dissuader toute d\u00e9nonciation des pratiques opaques qui entourent ce march\u00e9 public\u00bb.<\/em> Malgr\u00e9 ces man\u0153uvres, le CNPAV affirme avec force que ces pressions ne feront que renforcer <em>\u00ab&nbsp;notre d\u00e9termination \u00e0 d\u00e9noncer cet acte de corruption flagrante&nbsp;\u00bb<\/em>.<\/p>\n\n\n\n<p>Jo\u00ebl Diawa<\/p>\n","protected":false},"excerpt":{"rendered":"<p>R\u00e9daction: +243 817 406 088 L\u2019Assembl\u00e9e Nationale a mis en place une commission qui devra&#8230;<\/p>\n","protected":false},"author":2,"featured_media":14467,"comment_status":"open","ping_status":"open","sticky":false,"template":"","format":"standard","meta":{"_jetpack_memberships_contains_paid_content":false,"footnotes":""},"categories":[6],"tags":[],"class_list":["post-14466","post","type-post","status-publish","format-standard","has-post-thumbnail","hentry","category-justice"],"yoast_head":"<!-- This site is optimized with the Yoast SEO plugin v27.5 - https:\/\/yoast.com\/product\/yoast-seo-wordpress\/ -->\n<title>March\u00e9 public opaque: 39 millions USD d\u00e9tourn\u00e9s au Minist\u00e8re de la Justice, la Coalition \u2018\u2019Le Congo N\u2019est Pas \u00e0 Vendre\u2019\u2019 exige transparence, audit et poursuites judiciaire - Infos Droits Humains<\/title>\n<meta name=\"robots\" content=\"index, follow, max-snippet:-1, max-image-preview:large, max-video-preview:-1\" \/>\n<link rel=\"canonical\" href=\"https:\/\/infos-droitshumains.net\/?p=14466\" \/>\n<meta property=\"og:locale\" content=\"fr_FR\" \/>\n<meta property=\"og:type\" content=\"article\" \/>\n<meta property=\"og:title\" content=\"March\u00e9 public opaque: 39 millions USD d\u00e9tourn\u00e9s au Minist\u00e8re de la Justice, la Coalition \u2018\u2019Le Congo N\u2019est Pas \u00e0 Vendre\u2019\u2019 exige transparence, audit et poursuites judiciaire - Infos Droits Humains\" \/>\n<meta property=\"og:description\" content=\"R\u00e9daction: +243 817 406 088 L\u2019Assembl\u00e9e Nationale a mis en place une commission qui devra...\" \/>\n<meta property=\"og:url\" content=\"https:\/\/infos-droitshumains.net\/?p=14466\" \/>\n<meta property=\"og:site_name\" content=\"Infos Droits Humains\" \/>\n<meta property=\"article:published_time\" content=\"2025-05-23T18:16:33+00:00\" \/>\n<meta property=\"article:modified_time\" content=\"2025-05-23T21:11:56+00:00\" \/>\n<meta property=\"og:image\" content=\"https:\/\/infos-droitshumains.net\/wp-content\/uploads\/2025\/05\/MUTAMBA.jpg\" \/>\n\t<meta property=\"og:image:width\" content=\"838\" \/>\n\t<meta property=\"og:image:height\" content=\"581\" \/>\n\t<meta property=\"og:image:type\" content=\"image\/jpeg\" \/>\n<meta name=\"author\" content=\"Jo\u00ebl Diawa\" \/>\n<meta name=\"twitter:card\" content=\"summary_large_image\" \/>\n<meta name=\"twitter:label1\" content=\"\u00c9crit par\" \/>\n\t<meta name=\"twitter:data1\" content=\"Jo\u00ebl Diawa\" \/>\n\t<meta name=\"twitter:label2\" content=\"Dur\u00e9e de lecture estim\u00e9e\" \/>\n\t<meta name=\"twitter:data2\" content=\"3 minutes\" \/>\n<script type=\"application\/ld+json\" class=\"yoast-schema-graph\">{\"@context\":\"https:\\\/\\\/schema.org\",\"@graph\":[{\"@type\":\"Article\",\"@id\":\"https:\\\/\\\/infos-droitshumains.net\\\/?p=14466#article\",\"isPartOf\":{\"@id\":\"https:\\\/\\\/infos-droitshumains.net\\\/?p=14466\"},\"author\":{\"name\":\"Jo\u00ebl Diawa\",\"@id\":\"https:\\\/\\\/infos-droitshumains.net\\\/#\\\/schema\\\/person\\\/3dc5e921c3302172e0ed4362f96faab7\"},\"headline\":\"March\u00e9 public opaque: 39 millions USD d\u00e9tourn\u00e9s au Minist\u00e8re de la Justice, la Coalition \u2018\u2019Le Congo N\u2019est Pas \u00e0 Vendre\u2019\u2019 exige transparence, audit et poursuites judiciaire\",\"datePublished\":\"2025-05-23T18:16:33+00:00\",\"dateModified\":\"2025-05-23T21:11:56+00:00\",\"mainEntityOfPage\":{\"@id\":\"https:\\\/\\\/infos-droitshumains.net\\\/?p=14466\"},\"wordCount\":623,\"commentCount\":0,\"publisher\":{\"@id\":\"https:\\\/\\\/infos-droitshumains.net\\\/#organization\"},\"image\":{\"@id\":\"https:\\\/\\\/infos-droitshumains.net\\\/?p=14466#primaryimage\"},\"thumbnailUrl\":\"https:\\\/\\\/i0.wp.com\\\/infos-droitshumains.net\\\/wp-content\\\/uploads\\\/2025\\\/05\\\/MUTAMBA.jpg?fit=838%2C581&ssl=1\",\"articleSection\":[\"Justice\"],\"inLanguage\":\"fr-FR\",\"potentialAction\":[{\"@type\":\"CommentAction\",\"name\":\"Comment\",\"target\":[\"https:\\\/\\\/infos-droitshumains.net\\\/?p=14466#respond\"]}]},{\"@type\":\"WebPage\",\"@id\":\"https:\\\/\\\/infos-droitshumains.net\\\/?p=14466\",\"url\":\"https:\\\/\\\/infos-droitshumains.net\\\/?p=14466\",\"name\":\"March\u00e9 public opaque: 39 millions USD d\u00e9tourn\u00e9s au Minist\u00e8re de la Justice, la Coalition \u2018\u2019Le Congo N\u2019est Pas \u00e0 Vendre\u2019\u2019 exige transparence, audit et poursuites judiciaire - Infos Droits Humains\",\"isPartOf\":{\"@id\":\"https:\\\/\\\/infos-droitshumains.net\\\/#website\"},\"primaryImageOfPage\":{\"@id\":\"https:\\\/\\\/infos-droitshumains.net\\\/?p=14466#primaryimage\"},\"image\":{\"@id\":\"https:\\\/\\\/infos-droitshumains.net\\\/?p=14466#primaryimage\"},\"thumbnailUrl\":\"https:\\\/\\\/i0.wp.com\\\/infos-droitshumains.net\\\/wp-content\\\/uploads\\\/2025\\\/05\\\/MUTAMBA.jpg?fit=838%2C581&ssl=1\",\"datePublished\":\"2025-05-23T18:16:33+00:00\",\"dateModified\":\"2025-05-23T21:11:56+00:00\",\"breadcrumb\":{\"@id\":\"https:\\\/\\\/infos-droitshumains.net\\\/?p=14466#breadcrumb\"},\"inLanguage\":\"fr-FR\",\"potentialAction\":[{\"@type\":\"ReadAction\",\"target\":[\"https:\\\/\\\/infos-droitshumains.net\\\/?p=14466\"]}]},{\"@type\":\"ImageObject\",\"inLanguage\":\"fr-FR\",\"@id\":\"https:\\\/\\\/infos-droitshumains.net\\\/?p=14466#primaryimage\",\"url\":\"https:\\\/\\\/i0.wp.com\\\/infos-droitshumains.net\\\/wp-content\\\/uploads\\\/2025\\\/05\\\/MUTAMBA.jpg?fit=838%2C581&ssl=1\",\"contentUrl\":\"https:\\\/\\\/i0.wp.com\\\/infos-droitshumains.net\\\/wp-content\\\/uploads\\\/2025\\\/05\\\/MUTAMBA.jpg?fit=838%2C581&ssl=1\",\"width\":838,\"height\":581},{\"@type\":\"BreadcrumbList\",\"@id\":\"https:\\\/\\\/infos-droitshumains.net\\\/?p=14466#breadcrumb\",\"itemListElement\":[{\"@type\":\"ListItem\",\"position\":1,\"name\":\"Accueil\",\"item\":\"https:\\\/\\\/infos-droitshumains.net\\\/\"},{\"@type\":\"ListItem\",\"position\":2,\"name\":\"March\u00e9 public opaque: 39 millions USD d\u00e9tourn\u00e9s au Minist\u00e8re de la Justice, la Coalition \u2018\u2019Le Congo N\u2019est Pas \u00e0 Vendre\u2019\u2019 exige transparence, audit et poursuites judiciaire\"}]},{\"@type\":\"WebSite\",\"@id\":\"https:\\\/\\\/infos-droitshumains.net\\\/#website\",\"url\":\"https:\\\/\\\/infos-droitshumains.net\\\/\",\"name\":\"Infos Droits Humains\",\"description\":\"S&#039;informer est un droit\",\"publisher\":{\"@id\":\"https:\\\/\\\/infos-droitshumains.net\\\/#organization\"},\"potentialAction\":[{\"@type\":\"SearchAction\",\"target\":{\"@type\":\"EntryPoint\",\"urlTemplate\":\"https:\\\/\\\/infos-droitshumains.net\\\/?s={search_term_string}\"},\"query-input\":{\"@type\":\"PropertyValueSpecification\",\"valueRequired\":true,\"valueName\":\"search_term_string\"}}],\"inLanguage\":\"fr-FR\"},{\"@type\":\"Organization\",\"@id\":\"https:\\\/\\\/infos-droitshumains.net\\\/#organization\",\"name\":\"Infos Droits Humains\",\"url\":\"https:\\\/\\\/infos-droitshumains.net\\\/\",\"logo\":{\"@type\":\"ImageObject\",\"inLanguage\":\"fr-FR\",\"@id\":\"https:\\\/\\\/infos-droitshumains.net\\\/#\\\/schema\\\/logo\\\/image\\\/\",\"url\":\"https:\\\/\\\/i0.wp.com\\\/infos-droitshumains.net\\\/wp-content\\\/uploads\\\/2022\\\/05\\\/Logo.png?fit=333%2C129&ssl=1\",\"contentUrl\":\"https:\\\/\\\/i0.wp.com\\\/infos-droitshumains.net\\\/wp-content\\\/uploads\\\/2022\\\/05\\\/Logo.png?fit=333%2C129&ssl=1\",\"width\":333,\"height\":129,\"caption\":\"Infos Droits Humains\"},\"image\":{\"@id\":\"https:\\\/\\\/infos-droitshumains.net\\\/#\\\/schema\\\/logo\\\/image\\\/\"}},{\"@type\":\"Person\",\"@id\":\"https:\\\/\\\/infos-droitshumains.net\\\/#\\\/schema\\\/person\\\/3dc5e921c3302172e0ed4362f96faab7\",\"name\":\"Jo\u00ebl Diawa\",\"image\":{\"@type\":\"ImageObject\",\"inLanguage\":\"fr-FR\",\"@id\":\"https:\\\/\\\/secure.gravatar.com\\\/avatar\\\/729bea6ff4604c624417803c477363be8e3c7186deaa65713313f9b4b820f41c?s=96&d=mm&r=g\",\"url\":\"https:\\\/\\\/secure.gravatar.com\\\/avatar\\\/729bea6ff4604c624417803c477363be8e3c7186deaa65713313f9b4b820f41c?s=96&d=mm&r=g\",\"contentUrl\":\"https:\\\/\\\/secure.gravatar.com\\\/avatar\\\/729bea6ff4604c624417803c477363be8e3c7186deaa65713313f9b4b820f41c?s=96&d=mm&r=g\",\"caption\":\"Jo\u00ebl Diawa\"},\"sameAs\":[\"https:\\\/\\\/www.infos-droitshumains.net\"],\"url\":\"https:\\\/\\\/infos-droitshumains.net\\\/?author=2\"}]}<\/script>\n<!-- \/ Yoast SEO plugin. -->","yoast_head_json":{"title":"March\u00e9 public opaque: 39 millions USD d\u00e9tourn\u00e9s au Minist\u00e8re de la Justice, la Coalition \u2018\u2019Le Congo N\u2019est Pas \u00e0 Vendre\u2019\u2019 exige transparence, audit et poursuites judiciaire - Infos Droits Humains","robots":{"index":"index","follow":"follow","max-snippet":"max-snippet:-1","max-image-preview":"max-image-preview:large","max-video-preview":"max-video-preview:-1"},"canonical":"https:\/\/infos-droitshumains.net\/?p=14466","og_locale":"fr_FR","og_type":"article","og_title":"March\u00e9 public opaque: 39 millions USD d\u00e9tourn\u00e9s au Minist\u00e8re de la Justice, la Coalition \u2018\u2019Le Congo N\u2019est Pas \u00e0 Vendre\u2019\u2019 exige transparence, audit et poursuites judiciaire - Infos Droits Humains","og_description":"R\u00e9daction: +243 817 406 088 L\u2019Assembl\u00e9e Nationale a mis en place une commission qui devra...","og_url":"https:\/\/infos-droitshumains.net\/?p=14466","og_site_name":"Infos Droits Humains","article_published_time":"2025-05-23T18:16:33+00:00","article_modified_time":"2025-05-23T21:11:56+00:00","og_image":[{"width":838,"height":581,"url":"https:\/\/infos-droitshumains.net\/wp-content\/uploads\/2025\/05\/MUTAMBA.jpg","type":"image\/jpeg"}],"author":"Jo\u00ebl Diawa","twitter_card":"summary_large_image","twitter_misc":{"\u00c9crit par":"Jo\u00ebl Diawa","Dur\u00e9e de lecture estim\u00e9e":"3 minutes"},"schema":{"@context":"https:\/\/schema.org","@graph":[{"@type":"Article","@id":"https:\/\/infos-droitshumains.net\/?p=14466#article","isPartOf":{"@id":"https:\/\/infos-droitshumains.net\/?p=14466"},"author":{"name":"Jo\u00ebl Diawa","@id":"https:\/\/infos-droitshumains.net\/#\/schema\/person\/3dc5e921c3302172e0ed4362f96faab7"},"headline":"March\u00e9 public opaque: 39 millions USD d\u00e9tourn\u00e9s au Minist\u00e8re de la Justice, la Coalition \u2018\u2019Le Congo N\u2019est Pas \u00e0 Vendre\u2019\u2019 exige transparence, audit et poursuites judiciaire","datePublished":"2025-05-23T18:16:33+00:00","dateModified":"2025-05-23T21:11:56+00:00","mainEntityOfPage":{"@id":"https:\/\/infos-droitshumains.net\/?p=14466"},"wordCount":623,"commentCount":0,"publisher":{"@id":"https:\/\/infos-droitshumains.net\/#organization"},"image":{"@id":"https:\/\/infos-droitshumains.net\/?p=14466#primaryimage"},"thumbnailUrl":"https:\/\/i0.wp.com\/infos-droitshumains.net\/wp-content\/uploads\/2025\/05\/MUTAMBA.jpg?fit=838%2C581&ssl=1","articleSection":["Justice"],"inLanguage":"fr-FR","potentialAction":[{"@type":"CommentAction","name":"Comment","target":["https:\/\/infos-droitshumains.net\/?p=14466#respond"]}]},{"@type":"WebPage","@id":"https:\/\/infos-droitshumains.net\/?p=14466","url":"https:\/\/infos-droitshumains.net\/?p=14466","name":"March\u00e9 public opaque: 39 millions USD d\u00e9tourn\u00e9s au Minist\u00e8re de la Justice, la Coalition \u2018\u2019Le Congo N\u2019est Pas \u00e0 Vendre\u2019\u2019 exige transparence, audit et poursuites judiciaire - Infos Droits Humains","isPartOf":{"@id":"https:\/\/infos-droitshumains.net\/#website"},"primaryImageOfPage":{"@id":"https:\/\/infos-droitshumains.net\/?p=14466#primaryimage"},"image":{"@id":"https:\/\/infos-droitshumains.net\/?p=14466#primaryimage"},"thumbnailUrl":"https:\/\/i0.wp.com\/infos-droitshumains.net\/wp-content\/uploads\/2025\/05\/MUTAMBA.jpg?fit=838%2C581&ssl=1","datePublished":"2025-05-23T18:16:33+00:00","dateModified":"2025-05-23T21:11:56+00:00","breadcrumb":{"@id":"https:\/\/infos-droitshumains.net\/?p=14466#breadcrumb"},"inLanguage":"fr-FR","potentialAction":[{"@type":"ReadAction","target":["https:\/\/infos-droitshumains.net\/?p=14466"]}]},{"@type":"ImageObject","inLanguage":"fr-FR","@id":"https:\/\/infos-droitshumains.net\/?p=14466#primaryimage","url":"https:\/\/i0.wp.com\/infos-droitshumains.net\/wp-content\/uploads\/2025\/05\/MUTAMBA.jpg?fit=838%2C581&ssl=1","contentUrl":"https:\/\/i0.wp.com\/infos-droitshumains.net\/wp-content\/uploads\/2025\/05\/MUTAMBA.jpg?fit=838%2C581&ssl=1","width":838,"height":581},{"@type":"BreadcrumbList","@id":"https:\/\/infos-droitshumains.net\/?p=14466#breadcrumb","itemListElement":[{"@type":"ListItem","position":1,"name":"Accueil","item":"https:\/\/infos-droitshumains.net\/"},{"@type":"ListItem","position":2,"name":"March\u00e9 public opaque: 39 millions USD d\u00e9tourn\u00e9s au Minist\u00e8re de la Justice, la Coalition \u2018\u2019Le Congo N\u2019est Pas \u00e0 Vendre\u2019\u2019 exige transparence, audit et poursuites judiciaire"}]},{"@type":"WebSite","@id":"https:\/\/infos-droitshumains.net\/#website","url":"https:\/\/infos-droitshumains.net\/","name":"Infos Droits Humains","description":"S&#039;informer est un droit","publisher":{"@id":"https:\/\/infos-droitshumains.net\/#organization"},"potentialAction":[{"@type":"SearchAction","target":{"@type":"EntryPoint","urlTemplate":"https:\/\/infos-droitshumains.net\/?s={search_term_string}"},"query-input":{"@type":"PropertyValueSpecification","valueRequired":true,"valueName":"search_term_string"}}],"inLanguage":"fr-FR"},{"@type":"Organization","@id":"https:\/\/infos-droitshumains.net\/#organization","name":"Infos Droits Humains","url":"https:\/\/infos-droitshumains.net\/","logo":{"@type":"ImageObject","inLanguage":"fr-FR","@id":"https:\/\/infos-droitshumains.net\/#\/schema\/logo\/image\/","url":"https:\/\/i0.wp.com\/infos-droitshumains.net\/wp-content\/uploads\/2022\/05\/Logo.png?fit=333%2C129&ssl=1","contentUrl":"https:\/\/i0.wp.com\/infos-droitshumains.net\/wp-content\/uploads\/2022\/05\/Logo.png?fit=333%2C129&ssl=1","width":333,"height":129,"caption":"Infos Droits Humains"},"image":{"@id":"https:\/\/infos-droitshumains.net\/#\/schema\/logo\/image\/"}},{"@type":"Person","@id":"https:\/\/infos-droitshumains.net\/#\/schema\/person\/3dc5e921c3302172e0ed4362f96faab7","name":"Jo\u00ebl Diawa","image":{"@type":"ImageObject","inLanguage":"fr-FR","@id":"https:\/\/secure.gravatar.com\/avatar\/729bea6ff4604c624417803c477363be8e3c7186deaa65713313f9b4b820f41c?s=96&d=mm&r=g","url":"https:\/\/secure.gravatar.com\/avatar\/729bea6ff4604c624417803c477363be8e3c7186deaa65713313f9b4b820f41c?s=96&d=mm&r=g","contentUrl":"https:\/\/secure.gravatar.com\/avatar\/729bea6ff4604c624417803c477363be8e3c7186deaa65713313f9b4b820f41c?s=96&d=mm&r=g","caption":"Jo\u00ebl Diawa"},"sameAs":["https:\/\/www.infos-droitshumains.net"],"url":"https:\/\/infos-droitshumains.net\/?author=2"}]}},"featured_image_urls":{"full":["https:\/\/i0.wp.com\/infos-droitshumains.net\/wp-content\/uploads\/2025\/05\/MUTAMBA.jpg?fit=838%2C581&ssl=1",838,581,false],"thumbnail":["https:\/\/i0.wp.com\/infos-droitshumains.net\/wp-content\/uploads\/2025\/05\/MUTAMBA.jpg?resize=150%2C150&ssl=1",150,150,true],"medium":["https:\/\/i0.wp.com\/infos-droitshumains.net\/wp-content\/uploads\/2025\/05\/MUTAMBA.jpg?fit=300%2C208&ssl=1",300,208,true],"medium_large":["https:\/\/i0.wp.com\/infos-droitshumains.net\/wp-content\/uploads\/2025\/05\/MUTAMBA.jpg?fit=640%2C443&ssl=1",640,443,true],"large":["https:\/\/i0.wp.com\/infos-droitshumains.net\/wp-content\/uploads\/2025\/05\/MUTAMBA.jpg?fit=640%2C444&ssl=1",640,444,true],"1536x1536":["https:\/\/i0.wp.com\/infos-droitshumains.net\/wp-content\/uploads\/2025\/05\/MUTAMBA.jpg?fit=838%2C581&ssl=1",838,581,true],"2048x2048":["https:\/\/i0.wp.com\/infos-droitshumains.net\/wp-content\/uploads\/2025\/05\/MUTAMBA.jpg?fit=838%2C581&ssl=1",838,581,true],"covernews-slider-full":["https:\/\/i0.wp.com\/infos-droitshumains.net\/wp-content\/uploads\/2025\/05\/MUTAMBA.jpg?resize=838%2C581&ssl=1",838,581,true],"covernews-slider-center":["https:\/\/i0.wp.com\/infos-droitshumains.net\/wp-content\/uploads\/2025\/05\/MUTAMBA.jpg?resize=800%2C500&ssl=1",800,500,true],"covernews-featured":["https:\/\/i0.wp.com\/infos-droitshumains.net\/wp-content\/uploads\/2025\/05\/MUTAMBA.jpg?fit=838%2C581&ssl=1",838,581,true],"covernews-medium":["https:\/\/i0.wp.com\/infos-droitshumains.net\/wp-content\/uploads\/2025\/05\/MUTAMBA.jpg?resize=540%2C340&ssl=1",540,340,true],"covernews-medium-square":["https:\/\/i0.wp.com\/infos-droitshumains.net\/wp-content\/uploads\/2025\/05\/MUTAMBA.jpg?resize=400%2C250&ssl=1",400,250,true]},"author_info":{"display_name":"Jo\u00ebl Diawa","author_link":"https:\/\/infos-droitshumains.net\/?author=2"},"category_info":"<a href=\"https:\/\/infos-droitshumains.net\/?cat=6\" rel=\"category\">Justice<\/a>","tag_info":"Justice","comment_count":"0","jetpack_featured_media_url":"https:\/\/i0.wp.com\/infos-droitshumains.net\/wp-content\/uploads\/2025\/05\/MUTAMBA.jpg?fit=838%2C581&ssl=1","jetpack-related-posts":[],"jetpack_sharing_enabled":true,"_links":{"self":[{"href":"https:\/\/infos-droitshumains.net\/index.php?rest_route=\/wp\/v2\/posts\/14466","targetHints":{"allow":["GET"]}}],"collection":[{"href":"https:\/\/infos-droitshumains.net\/index.php?rest_route=\/wp\/v2\/posts"}],"about":[{"href":"https:\/\/infos-droitshumains.net\/index.php?rest_route=\/wp\/v2\/types\/post"}],"author":[{"embeddable":true,"href":"https:\/\/infos-droitshumains.net\/index.php?rest_route=\/wp\/v2\/users\/2"}],"replies":[{"embeddable":true,"href":"https:\/\/infos-droitshumains.net\/index.php?rest_route=%2Fwp%2Fv2%2Fcomments&post=14466"}],"version-history":[{"count":3,"href":"https:\/\/infos-droitshumains.net\/index.php?rest_route=\/wp\/v2\/posts\/14466\/revisions"}],"predecessor-version":[{"id":14471,"href":"https:\/\/infos-droitshumains.net\/index.php?rest_route=\/wp\/v2\/posts\/14466\/revisions\/14471"}],"wp:featuredmedia":[{"embeddable":true,"href":"https:\/\/infos-droitshumains.net\/index.php?rest_route=\/wp\/v2\/media\/14467"}],"wp:attachment":[{"href":"https:\/\/infos-droitshumains.net\/index.php?rest_route=%2Fwp%2Fv2%2Fmedia&parent=14466"}],"wp:term":[{"taxonomy":"category","embeddable":true,"href":"https:\/\/infos-droitshumains.net\/index.php?rest_route=%2Fwp%2Fv2%2Fcategories&post=14466"},{"taxonomy":"post_tag","embeddable":true,"href":"https:\/\/infos-droitshumains.net\/index.php?rest_route=%2Fwp%2Fv2%2Ftags&post=14466"}],"curies":[{"name":"wp","href":"https:\/\/api.w.org\/{rel}","templated":true}]}}