{"id":14460,"date":"2025-05-22T20:55:13","date_gmt":"2025-05-22T18:55:13","guid":{"rendered":"https:\/\/infos-droitshumains.net\/?p=14460"},"modified":"2025-05-22T20:55:15","modified_gmt":"2025-05-22T18:55:15","slug":"mesures-provisoires-en-droit-judiciaire-congolais-4-ans-dodyssee-dun-chef-doeuvre-referentiel","status":"publish","type":"post","link":"https:\/\/infos-droitshumains.net\/?p=14460","title":{"rendered":"\u00a0\u00bbMesures provisoires en droit judiciaire congolais\u00a0\u00bb\u00a0: 4 ans d\u2019Odyss\u00e9e d\u2019un chef-d\u2019\u0153uvre r\u00e9f\u00e9rentiel"},"content":{"rendered":"\n<p><strong>R\u00e9daction: +243 817 406 088<\/strong><\/p>\n\n\n\n<h3 class=\"wp-block-heading has-vivid-red-color has-text-color has-link-color wp-elements-fc6157968d06584592398c04073a62e8\">Il y a trois ans soit en 2022 paraissait la deuxi\u00e8me \u00e9dition de l\u2019ouvrage intitul\u00e9 <strong><em>\u2018\u2019Les Mesures provisoires en droit judiciaire congolais \u2018\u2019. <\/em><\/strong>Cette production scientifique, sign\u00e9e Emmanuel AMOURI KITENGE est en fait, la version perfectionn\u00e9e de la premi\u00e8re \u00e9dition publi\u00e9e une ann\u00e9e avant. Depuis sa parution dans les rayons des biblioth\u00e8ques, ce chef-d\u2019\u0153uvre plausible a conquis les esprits des scientifiques et praticiens du droit jusqu\u2019\u00e0 devenir une r\u00e9f\u00e9rence doctrinale en la mati\u00e8re.<\/h3>\n\n\n\n<p>En quatre chapitres, l\u2019auteur a d\u00e9gag\u00e9 dans cet ouvrage, la complexit\u00e9 de la notion des <strong>\u2018\u2019mesures provisoires\u2019\u2019<\/strong> en essayant d\u2019en pr\u00e9senter tous les contours. De la d\u00e9finition aux cat\u00e9gories en passant par les caract\u00e8res, il a \u00e9galement pr\u00e9sent\u00e9 les mesures provisoires confront\u00e9es aux exigences processuelles passant par l\u2019examen sp\u00e9cifique de quelques cas, avant d\u2019aborder la question des voies de recours contre les d\u00e9cisions sur les mesures provisoires.<\/p>\n\n\n\n<p>Le doctrinaire Emmanuel Amouri Kitenge a rappel\u00e9 que les mesures provisoires sont prises en mati\u00e8re contentieuse pour la dur\u00e9e du proc\u00e8s, afin de r\u00e9gler momentan\u00e9ment une situation urgente en attendant une d\u00e9cision d\u00e9finitive. Il \u00e9tablit la diff\u00e9rence entre <strong><em>les mesures provisoires<\/em><\/strong> et <strong>les mesures conservatoires<\/strong>. Selon lui, <em>\u00ab toute mesure conservatoire est provisoire et non l\u2019inverse car, la conservation n\u2019est qu\u2019une cat\u00e9gorie de mesures provisoires&nbsp;\u00bb.<\/em><\/p>\n\n\n\n<p>Il pr\u00e9cise cette d\u00e9marcation \u00e0 la page 13 de l\u2019ouvrage o\u00f9 il diff\u00e9rentie&nbsp;:<\/p>\n\n\n\n<ol class=\"wp-block-list\">\n<li>Les mesures provisoires de caract\u00e8re conservatoire\u00a0;<\/li>\n\n\n\n<li>Les mesures provisoires de caract\u00e8re proprement provisionnel\u00a0;<\/li>\n\n\n\n<li>Les mesures provisoires de caract\u00e8re accessoire.<\/li>\n<\/ol>\n\n\n\n<p>L\u2019auteur a fourni un effort consid\u00e9rable pour faire comprendre aux lecteurs que les deux notions n\u2019ont pas la m\u00eame port\u00e9e ni les m\u00eames cons\u00e9quences en droit processuel.<\/p>\n\n\n\n<p>Plusieurs autres notions sont abord\u00e9es dans cet ouvrage telles que, l\u2019ex\u00e9cution provisoire d\u2019un jugement, mesures provisoires sollicit\u00e9es \u00e0 titre principal, par voie d\u2019assignation, ou par voie des conclusions comme demandes incidentes, les implications des incidents de proc\u00e9dure sur les mesures provisoires dont la violation du d\u00e9lai d\u2019assignation, le principe <strong>\u2018\u2019le criminel tient le civil en \u00e9tat\u2019\u2019<\/strong>, le renvoi de juridiction, la prise \u00e0 partie, des exceptions et fins de non-recevoir.<\/p>\n\n\n\n<p>L\u2019ouvrage soul\u00e8ve \u00e9galement la probl\u00e9matique r\u00e9currente de la c\u00e9l\u00e9rit\u00e9 de la justice, notamment pour des questions aussi importantes et urgentes qui sont les <strong><em>\u2018\u2019mesures provisoires \u2018\u2019<\/em><\/strong> car, Emmanuel Amouri Kitenge soutient en effet que, <strong><em>\u2018\u2019les mesures provisoires ne valent que si le juge se prononce t\u00f4t, en raison de la nature et de la pertinence des questions qui lui sont soumises. Au cas contraire, il serait inutile que pareilles demandes soient sollicit\u00e9es du juge\u2026\u2019\u2019<\/em><\/strong><\/p>\n\n\n\n<p>L\u2019auteur fait constater par ailleurs qu\u2019\u00e0 c\u00f4t\u00e9 d\u2019une certaine carence doctrinale et l\u00e9gislative, la pratique \u00e0 contrario foisonne. Etant dans la famille romano-germanique o\u00f9 la loi est et demeure la source la plus importante du droit, il appelle, avec insistance, le l\u00e9gislateur \u00e0 \u00e9dicter des lois, aux fins de mettre fin \u00e0 cette importante carence.<\/p>\n\n\n\n<p>Depuis sa parution, les praticiens du droit se l\u2019arrache comme le petit&nbsp; pain au lait vendu \u00e0 la sauvette. A ce jour, <strong>\u2018\u2019les Mesures provisoires en droit judiciaire congolais \u2018\u2019<\/strong> s\u2019est vendu \u00e0 des milliers d\u2019exemplaires \u00e0 cause notamment de sa pertinence sans conteste et de son caract\u00e8re in\u00e9dit.<\/p>\n\n\n\n<p>La question des mesures provisoires est abord\u00e9e dans plusieurs ouvrages de droit judiciaire priv\u00e9 comme une simple <strong>\u2018\u2019rubrique\u2019\u2019<\/strong>&nbsp;; mais il faut signaler que l\u2019ouvrage d\u2019Emmanuel Amouri Kitenge a le m\u00e9rite de s\u2019\u00eatre exclusivement consacr\u00e9 sur cette question. Au regard de la carence doctrinale et l\u00e9gale en la mati\u00e8re, cet ouvrage est donc la premi\u00e8re et l\u2019unique production scientifique jusque-l\u00e0 \u00e0 se consacrer sur la doctrine relative aux mesures provisoires en droit judiciaire et est appel\u00e9 sans aucun doute, \u00e0 traverser toutes les g\u00e9n\u00e9rations et marquer l\u2019histoire.<\/p>\n\n\n\n<p>Jo\u00ebl Diawa<\/p>\n","protected":false},"excerpt":{"rendered":"<p>R\u00e9daction: +243 817 406 088 Il y a trois ans soit en 2022 paraissait la&#8230;<\/p>\n","protected":false},"author":2,"featured_media":14461,"comment_status":"open","ping_status":"open","sticky":false,"template":"","format":"standard","meta":{"_jetpack_memberships_contains_paid_content":false,"footnotes":""},"categories":[6],"tags":[],"class_list":["post-14460","post","type-post","status-publish","format-standard","has-post-thumbnail","hentry","category-justice"],"yoast_head":"<!-- This site is optimized with the Yoast SEO plugin v27.5 - https:\/\/yoast.com\/product\/yoast-seo-wordpress\/ -->\n<title>&#039;&#039;Mesures provisoires en droit judiciaire congolais&#039;&#039;\u00a0: 4 ans d\u2019Odyss\u00e9e d\u2019un chef-d\u2019\u0153uvre r\u00e9f\u00e9rentiel - Infos Droits Humains<\/title>\n<meta name=\"robots\" content=\"index, follow, max-snippet:-1, max-image-preview:large, max-video-preview:-1\" \/>\n<link rel=\"canonical\" href=\"https:\/\/infos-droitshumains.net\/?p=14460\" \/>\n<meta property=\"og:locale\" content=\"fr_FR\" \/>\n<meta property=\"og:type\" content=\"article\" \/>\n<meta property=\"og:title\" content=\"&#039;&#039;Mesures provisoires en droit judiciaire congolais&#039;&#039;\u00a0: 4 ans d\u2019Odyss\u00e9e d\u2019un chef-d\u2019\u0153uvre r\u00e9f\u00e9rentiel - Infos Droits Humains\" \/>\n<meta property=\"og:description\" content=\"R\u00e9daction: +243 817 406 088 Il y a trois ans soit en 2022 paraissait la...\" \/>\n<meta property=\"og:url\" content=\"https:\/\/infos-droitshumains.net\/?p=14460\" \/>\n<meta property=\"og:site_name\" content=\"Infos Droits Humains\" \/>\n<meta property=\"article:published_time\" content=\"2025-05-22T18:55:13+00:00\" \/>\n<meta property=\"article:modified_time\" content=\"2025-05-22T18:55:15+00:00\" \/>\n<meta property=\"og:image\" content=\"https:\/\/infos-droitshumains.net\/wp-content\/uploads\/2025\/05\/AMOURI.jpg\" \/>\n\t<meta property=\"og:image:width\" content=\"720\" \/>\n\t<meta property=\"og:image:height\" content=\"512\" \/>\n\t<meta property=\"og:image:type\" content=\"image\/jpeg\" \/>\n<meta name=\"author\" content=\"Jo\u00ebl Diawa\" \/>\n<meta name=\"twitter:card\" content=\"summary_large_image\" \/>\n<meta name=\"twitter:label1\" content=\"\u00c9crit par\" \/>\n\t<meta name=\"twitter:data1\" content=\"Jo\u00ebl Diawa\" \/>\n\t<meta name=\"twitter:label2\" content=\"Dur\u00e9e de lecture estim\u00e9e\" \/>\n\t<meta name=\"twitter:data2\" content=\"3 minutes\" \/>\n<script type=\"application\/ld+json\" class=\"yoast-schema-graph\">{\"@context\":\"https:\\\/\\\/schema.org\",\"@graph\":[{\"@type\":\"Article\",\"@id\":\"https:\\\/\\\/infos-droitshumains.net\\\/?p=14460#article\",\"isPartOf\":{\"@id\":\"https:\\\/\\\/infos-droitshumains.net\\\/?p=14460\"},\"author\":{\"name\":\"Jo\u00ebl Diawa\",\"@id\":\"https:\\\/\\\/infos-droitshumains.net\\\/#\\\/schema\\\/person\\\/3dc5e921c3302172e0ed4362f96faab7\"},\"headline\":\"\u00a0\u00bbMesures provisoires en droit judiciaire congolais\u00a0\u00bb\u00a0: 4 ans d\u2019Odyss\u00e9e d\u2019un chef-d\u2019\u0153uvre r\u00e9f\u00e9rentiel\",\"datePublished\":\"2025-05-22T18:55:13+00:00\",\"dateModified\":\"2025-05-22T18:55:15+00:00\",\"mainEntityOfPage\":{\"@id\":\"https:\\\/\\\/infos-droitshumains.net\\\/?p=14460\"},\"wordCount\":697,\"commentCount\":0,\"publisher\":{\"@id\":\"https:\\\/\\\/infos-droitshumains.net\\\/#organization\"},\"image\":{\"@id\":\"https:\\\/\\\/infos-droitshumains.net\\\/?p=14460#primaryimage\"},\"thumbnailUrl\":\"https:\\\/\\\/i0.wp.com\\\/infos-droitshumains.net\\\/wp-content\\\/uploads\\\/2025\\\/05\\\/AMOURI.jpg?fit=720%2C512&ssl=1\",\"articleSection\":[\"Justice\"],\"inLanguage\":\"fr-FR\",\"potentialAction\":[{\"@type\":\"CommentAction\",\"name\":\"Comment\",\"target\":[\"https:\\\/\\\/infos-droitshumains.net\\\/?p=14460#respond\"]}]},{\"@type\":\"WebPage\",\"@id\":\"https:\\\/\\\/infos-droitshumains.net\\\/?p=14460\",\"url\":\"https:\\\/\\\/infos-droitshumains.net\\\/?p=14460\",\"name\":\"''Mesures provisoires en droit judiciaire congolais''\u00a0: 4 ans d\u2019Odyss\u00e9e d\u2019un chef-d\u2019\u0153uvre r\u00e9f\u00e9rentiel - Infos Droits Humains\",\"isPartOf\":{\"@id\":\"https:\\\/\\\/infos-droitshumains.net\\\/#website\"},\"primaryImageOfPage\":{\"@id\":\"https:\\\/\\\/infos-droitshumains.net\\\/?p=14460#primaryimage\"},\"image\":{\"@id\":\"https:\\\/\\\/infos-droitshumains.net\\\/?p=14460#primaryimage\"},\"thumbnailUrl\":\"https:\\\/\\\/i0.wp.com\\\/infos-droitshumains.net\\\/wp-content\\\/uploads\\\/2025\\\/05\\\/AMOURI.jpg?fit=720%2C512&ssl=1\",\"datePublished\":\"2025-05-22T18:55:13+00:00\",\"dateModified\":\"2025-05-22T18:55:15+00:00\",\"breadcrumb\":{\"@id\":\"https:\\\/\\\/infos-droitshumains.net\\\/?p=14460#breadcrumb\"},\"inLanguage\":\"fr-FR\",\"potentialAction\":[{\"@type\":\"ReadAction\",\"target\":[\"https:\\\/\\\/infos-droitshumains.net\\\/?p=14460\"]}]},{\"@type\":\"ImageObject\",\"inLanguage\":\"fr-FR\",\"@id\":\"https:\\\/\\\/infos-droitshumains.net\\\/?p=14460#primaryimage\",\"url\":\"https:\\\/\\\/i0.wp.com\\\/infos-droitshumains.net\\\/wp-content\\\/uploads\\\/2025\\\/05\\\/AMOURI.jpg?fit=720%2C512&ssl=1\",\"contentUrl\":\"https:\\\/\\\/i0.wp.com\\\/infos-droitshumains.net\\\/wp-content\\\/uploads\\\/2025\\\/05\\\/AMOURI.jpg?fit=720%2C512&ssl=1\",\"width\":720,\"height\":512},{\"@type\":\"BreadcrumbList\",\"@id\":\"https:\\\/\\\/infos-droitshumains.net\\\/?p=14460#breadcrumb\",\"itemListElement\":[{\"@type\":\"ListItem\",\"position\":1,\"name\":\"Accueil\",\"item\":\"https:\\\/\\\/infos-droitshumains.net\\\/\"},{\"@type\":\"ListItem\",\"position\":2,\"name\":\"\u00a0\u00bbMesures provisoires en droit judiciaire congolais\u00a0\u00bb\u00a0: 4 ans d\u2019Odyss\u00e9e d\u2019un chef-d\u2019\u0153uvre r\u00e9f\u00e9rentiel\"}]},{\"@type\":\"WebSite\",\"@id\":\"https:\\\/\\\/infos-droitshumains.net\\\/#website\",\"url\":\"https:\\\/\\\/infos-droitshumains.net\\\/\",\"name\":\"Infos Droits Humains\",\"description\":\"S&#039;informer est un droit\",\"publisher\":{\"@id\":\"https:\\\/\\\/infos-droitshumains.net\\\/#organization\"},\"potentialAction\":[{\"@type\":\"SearchAction\",\"target\":{\"@type\":\"EntryPoint\",\"urlTemplate\":\"https:\\\/\\\/infos-droitshumains.net\\\/?s={search_term_string}\"},\"query-input\":{\"@type\":\"PropertyValueSpecification\",\"valueRequired\":true,\"valueName\":\"search_term_string\"}}],\"inLanguage\":\"fr-FR\"},{\"@type\":\"Organization\",\"@id\":\"https:\\\/\\\/infos-droitshumains.net\\\/#organization\",\"name\":\"Infos Droits Humains\",\"url\":\"https:\\\/\\\/infos-droitshumains.net\\\/\",\"logo\":{\"@type\":\"ImageObject\",\"inLanguage\":\"fr-FR\",\"@id\":\"https:\\\/\\\/infos-droitshumains.net\\\/#\\\/schema\\\/logo\\\/image\\\/\",\"url\":\"https:\\\/\\\/i0.wp.com\\\/infos-droitshumains.net\\\/wp-content\\\/uploads\\\/2022\\\/05\\\/Logo.png?fit=333%2C129&ssl=1\",\"contentUrl\":\"https:\\\/\\\/i0.wp.com\\\/infos-droitshumains.net\\\/wp-content\\\/uploads\\\/2022\\\/05\\\/Logo.png?fit=333%2C129&ssl=1\",\"width\":333,\"height\":129,\"caption\":\"Infos Droits Humains\"},\"image\":{\"@id\":\"https:\\\/\\\/infos-droitshumains.net\\\/#\\\/schema\\\/logo\\\/image\\\/\"}},{\"@type\":\"Person\",\"@id\":\"https:\\\/\\\/infos-droitshumains.net\\\/#\\\/schema\\\/person\\\/3dc5e921c3302172e0ed4362f96faab7\",\"name\":\"Jo\u00ebl Diawa\",\"image\":{\"@type\":\"ImageObject\",\"inLanguage\":\"fr-FR\",\"@id\":\"https:\\\/\\\/secure.gravatar.com\\\/avatar\\\/729bea6ff4604c624417803c477363be8e3c7186deaa65713313f9b4b820f41c?s=96&d=mm&r=g\",\"url\":\"https:\\\/\\\/secure.gravatar.com\\\/avatar\\\/729bea6ff4604c624417803c477363be8e3c7186deaa65713313f9b4b820f41c?s=96&d=mm&r=g\",\"contentUrl\":\"https:\\\/\\\/secure.gravatar.com\\\/avatar\\\/729bea6ff4604c624417803c477363be8e3c7186deaa65713313f9b4b820f41c?s=96&d=mm&r=g\",\"caption\":\"Jo\u00ebl Diawa\"},\"sameAs\":[\"https:\\\/\\\/www.infos-droitshumains.net\"],\"url\":\"https:\\\/\\\/infos-droitshumains.net\\\/?author=2\"}]}<\/script>\n<!-- \/ Yoast SEO plugin. -->","yoast_head_json":{"title":"''Mesures provisoires en droit judiciaire congolais''\u00a0: 4 ans d\u2019Odyss\u00e9e d\u2019un chef-d\u2019\u0153uvre r\u00e9f\u00e9rentiel - Infos Droits Humains","robots":{"index":"index","follow":"follow","max-snippet":"max-snippet:-1","max-image-preview":"max-image-preview:large","max-video-preview":"max-video-preview:-1"},"canonical":"https:\/\/infos-droitshumains.net\/?p=14460","og_locale":"fr_FR","og_type":"article","og_title":"''Mesures provisoires en droit judiciaire congolais''\u00a0: 4 ans d\u2019Odyss\u00e9e d\u2019un chef-d\u2019\u0153uvre r\u00e9f\u00e9rentiel - Infos Droits Humains","og_description":"R\u00e9daction: +243 817 406 088 Il y a trois ans soit en 2022 paraissait la...","og_url":"https:\/\/infos-droitshumains.net\/?p=14460","og_site_name":"Infos Droits Humains","article_published_time":"2025-05-22T18:55:13+00:00","article_modified_time":"2025-05-22T18:55:15+00:00","og_image":[{"width":720,"height":512,"url":"https:\/\/infos-droitshumains.net\/wp-content\/uploads\/2025\/05\/AMOURI.jpg","type":"image\/jpeg"}],"author":"Jo\u00ebl Diawa","twitter_card":"summary_large_image","twitter_misc":{"\u00c9crit par":"Jo\u00ebl Diawa","Dur\u00e9e de lecture estim\u00e9e":"3 minutes"},"schema":{"@context":"https:\/\/schema.org","@graph":[{"@type":"Article","@id":"https:\/\/infos-droitshumains.net\/?p=14460#article","isPartOf":{"@id":"https:\/\/infos-droitshumains.net\/?p=14460"},"author":{"name":"Jo\u00ebl Diawa","@id":"https:\/\/infos-droitshumains.net\/#\/schema\/person\/3dc5e921c3302172e0ed4362f96faab7"},"headline":"\u00a0\u00bbMesures provisoires en droit judiciaire congolais\u00a0\u00bb\u00a0: 4 ans d\u2019Odyss\u00e9e d\u2019un chef-d\u2019\u0153uvre r\u00e9f\u00e9rentiel","datePublished":"2025-05-22T18:55:13+00:00","dateModified":"2025-05-22T18:55:15+00:00","mainEntityOfPage":{"@id":"https:\/\/infos-droitshumains.net\/?p=14460"},"wordCount":697,"commentCount":0,"publisher":{"@id":"https:\/\/infos-droitshumains.net\/#organization"},"image":{"@id":"https:\/\/infos-droitshumains.net\/?p=14460#primaryimage"},"thumbnailUrl":"https:\/\/i0.wp.com\/infos-droitshumains.net\/wp-content\/uploads\/2025\/05\/AMOURI.jpg?fit=720%2C512&ssl=1","articleSection":["Justice"],"inLanguage":"fr-FR","potentialAction":[{"@type":"CommentAction","name":"Comment","target":["https:\/\/infos-droitshumains.net\/?p=14460#respond"]}]},{"@type":"WebPage","@id":"https:\/\/infos-droitshumains.net\/?p=14460","url":"https:\/\/infos-droitshumains.net\/?p=14460","name":"''Mesures provisoires en droit judiciaire congolais''\u00a0: 4 ans d\u2019Odyss\u00e9e d\u2019un chef-d\u2019\u0153uvre r\u00e9f\u00e9rentiel - Infos Droits Humains","isPartOf":{"@id":"https:\/\/infos-droitshumains.net\/#website"},"primaryImageOfPage":{"@id":"https:\/\/infos-droitshumains.net\/?p=14460#primaryimage"},"image":{"@id":"https:\/\/infos-droitshumains.net\/?p=14460#primaryimage"},"thumbnailUrl":"https:\/\/i0.wp.com\/infos-droitshumains.net\/wp-content\/uploads\/2025\/05\/AMOURI.jpg?fit=720%2C512&ssl=1","datePublished":"2025-05-22T18:55:13+00:00","dateModified":"2025-05-22T18:55:15+00:00","breadcrumb":{"@id":"https:\/\/infos-droitshumains.net\/?p=14460#breadcrumb"},"inLanguage":"fr-FR","potentialAction":[{"@type":"ReadAction","target":["https:\/\/infos-droitshumains.net\/?p=14460"]}]},{"@type":"ImageObject","inLanguage":"fr-FR","@id":"https:\/\/infos-droitshumains.net\/?p=14460#primaryimage","url":"https:\/\/i0.wp.com\/infos-droitshumains.net\/wp-content\/uploads\/2025\/05\/AMOURI.jpg?fit=720%2C512&ssl=1","contentUrl":"https:\/\/i0.wp.com\/infos-droitshumains.net\/wp-content\/uploads\/2025\/05\/AMOURI.jpg?fit=720%2C512&ssl=1","width":720,"height":512},{"@type":"BreadcrumbList","@id":"https:\/\/infos-droitshumains.net\/?p=14460#breadcrumb","itemListElement":[{"@type":"ListItem","position":1,"name":"Accueil","item":"https:\/\/infos-droitshumains.net\/"},{"@type":"ListItem","position":2,"name":"\u00a0\u00bbMesures provisoires en droit judiciaire congolais\u00a0\u00bb\u00a0: 4 ans d\u2019Odyss\u00e9e d\u2019un chef-d\u2019\u0153uvre r\u00e9f\u00e9rentiel"}]},{"@type":"WebSite","@id":"https:\/\/infos-droitshumains.net\/#website","url":"https:\/\/infos-droitshumains.net\/","name":"Infos Droits Humains","description":"S&#039;informer est un droit","publisher":{"@id":"https:\/\/infos-droitshumains.net\/#organization"},"potentialAction":[{"@type":"SearchAction","target":{"@type":"EntryPoint","urlTemplate":"https:\/\/infos-droitshumains.net\/?s={search_term_string}"},"query-input":{"@type":"PropertyValueSpecification","valueRequired":true,"valueName":"search_term_string"}}],"inLanguage":"fr-FR"},{"@type":"Organization","@id":"https:\/\/infos-droitshumains.net\/#organization","name":"Infos Droits Humains","url":"https:\/\/infos-droitshumains.net\/","logo":{"@type":"ImageObject","inLanguage":"fr-FR","@id":"https:\/\/infos-droitshumains.net\/#\/schema\/logo\/image\/","url":"https:\/\/i0.wp.com\/infos-droitshumains.net\/wp-content\/uploads\/2022\/05\/Logo.png?fit=333%2C129&ssl=1","contentUrl":"https:\/\/i0.wp.com\/infos-droitshumains.net\/wp-content\/uploads\/2022\/05\/Logo.png?fit=333%2C129&ssl=1","width":333,"height":129,"caption":"Infos Droits Humains"},"image":{"@id":"https:\/\/infos-droitshumains.net\/#\/schema\/logo\/image\/"}},{"@type":"Person","@id":"https:\/\/infos-droitshumains.net\/#\/schema\/person\/3dc5e921c3302172e0ed4362f96faab7","name":"Jo\u00ebl Diawa","image":{"@type":"ImageObject","inLanguage":"fr-FR","@id":"https:\/\/secure.gravatar.com\/avatar\/729bea6ff4604c624417803c477363be8e3c7186deaa65713313f9b4b820f41c?s=96&d=mm&r=g","url":"https:\/\/secure.gravatar.com\/avatar\/729bea6ff4604c624417803c477363be8e3c7186deaa65713313f9b4b820f41c?s=96&d=mm&r=g","contentUrl":"https:\/\/secure.gravatar.com\/avatar\/729bea6ff4604c624417803c477363be8e3c7186deaa65713313f9b4b820f41c?s=96&d=mm&r=g","caption":"Jo\u00ebl Diawa"},"sameAs":["https:\/\/www.infos-droitshumains.net"],"url":"https:\/\/infos-droitshumains.net\/?author=2"}]}},"featured_image_urls":{"full":["https:\/\/i0.wp.com\/infos-droitshumains.net\/wp-content\/uploads\/2025\/05\/AMOURI.jpg?fit=720%2C512&ssl=1",720,512,false],"thumbnail":["https:\/\/i0.wp.com\/infos-droitshumains.net\/wp-content\/uploads\/2025\/05\/AMOURI.jpg?resize=150%2C150&ssl=1",150,150,true],"medium":["https:\/\/i0.wp.com\/infos-droitshumains.net\/wp-content\/uploads\/2025\/05\/AMOURI.jpg?fit=300%2C213&ssl=1",300,213,true],"medium_large":["https:\/\/i0.wp.com\/infos-droitshumains.net\/wp-content\/uploads\/2025\/05\/AMOURI.jpg?fit=640%2C455&ssl=1",640,455,true],"large":["https:\/\/i0.wp.com\/infos-droitshumains.net\/wp-content\/uploads\/2025\/05\/AMOURI.jpg?fit=640%2C455&ssl=1",640,455,true],"1536x1536":["https:\/\/i0.wp.com\/infos-droitshumains.net\/wp-content\/uploads\/2025\/05\/AMOURI.jpg?fit=720%2C512&ssl=1",720,512,true],"2048x2048":["https:\/\/i0.wp.com\/infos-droitshumains.net\/wp-content\/uploads\/2025\/05\/AMOURI.jpg?fit=720%2C512&ssl=1",720,512,true],"covernews-slider-full":["https:\/\/i0.wp.com\/infos-droitshumains.net\/wp-content\/uploads\/2025\/05\/AMOURI.jpg?resize=720%2C512&ssl=1",720,512,true],"covernews-slider-center":["https:\/\/i0.wp.com\/infos-droitshumains.net\/wp-content\/uploads\/2025\/05\/AMOURI.jpg?resize=720%2C500&ssl=1",720,500,true],"covernews-featured":["https:\/\/i0.wp.com\/infos-droitshumains.net\/wp-content\/uploads\/2025\/05\/AMOURI.jpg?fit=720%2C512&ssl=1",720,512,true],"covernews-medium":["https:\/\/i0.wp.com\/infos-droitshumains.net\/wp-content\/uploads\/2025\/05\/AMOURI.jpg?resize=540%2C340&ssl=1",540,340,true],"covernews-medium-square":["https:\/\/i0.wp.com\/infos-droitshumains.net\/wp-content\/uploads\/2025\/05\/AMOURI.jpg?resize=400%2C250&ssl=1",400,250,true]},"author_info":{"display_name":"Jo\u00ebl Diawa","author_link":"https:\/\/infos-droitshumains.net\/?author=2"},"category_info":"<a href=\"https:\/\/infos-droitshumains.net\/?cat=6\" rel=\"category\">Justice<\/a>","tag_info":"Justice","comment_count":"0","jetpack_featured_media_url":"https:\/\/i0.wp.com\/infos-droitshumains.net\/wp-content\/uploads\/2025\/05\/AMOURI.jpg?fit=720%2C512&ssl=1","jetpack-related-posts":[],"jetpack_sharing_enabled":true,"_links":{"self":[{"href":"https:\/\/infos-droitshumains.net\/index.php?rest_route=\/wp\/v2\/posts\/14460","targetHints":{"allow":["GET"]}}],"collection":[{"href":"https:\/\/infos-droitshumains.net\/index.php?rest_route=\/wp\/v2\/posts"}],"about":[{"href":"https:\/\/infos-droitshumains.net\/index.php?rest_route=\/wp\/v2\/types\/post"}],"author":[{"embeddable":true,"href":"https:\/\/infos-droitshumains.net\/index.php?rest_route=\/wp\/v2\/users\/2"}],"replies":[{"embeddable":true,"href":"https:\/\/infos-droitshumains.net\/index.php?rest_route=%2Fwp%2Fv2%2Fcomments&post=14460"}],"version-history":[{"count":1,"href":"https:\/\/infos-droitshumains.net\/index.php?rest_route=\/wp\/v2\/posts\/14460\/revisions"}],"predecessor-version":[{"id":14462,"href":"https:\/\/infos-droitshumains.net\/index.php?rest_route=\/wp\/v2\/posts\/14460\/revisions\/14462"}],"wp:featuredmedia":[{"embeddable":true,"href":"https:\/\/infos-droitshumains.net\/index.php?rest_route=\/wp\/v2\/media\/14461"}],"wp:attachment":[{"href":"https:\/\/infos-droitshumains.net\/index.php?rest_route=%2Fwp%2Fv2%2Fmedia&parent=14460"}],"wp:term":[{"taxonomy":"category","embeddable":true,"href":"https:\/\/infos-droitshumains.net\/index.php?rest_route=%2Fwp%2Fv2%2Fcategories&post=14460"},{"taxonomy":"post_tag","embeddable":true,"href":"https:\/\/infos-droitshumains.net\/index.php?rest_route=%2Fwp%2Fv2%2Ftags&post=14460"}],"curies":[{"name":"wp","href":"https:\/\/api.w.org\/{rel}","templated":true}]}}