{"id":14332,"date":"2025-05-15T20:02:18","date_gmt":"2025-05-15T18:02:18","guid":{"rendered":"https:\/\/infos-droitshumains.net\/?p=14332"},"modified":"2025-05-15T20:40:39","modified_gmt":"2025-05-15T18:40:39","slug":"presume-detournement-de-39-millions-au-ministere-de-la-justice-suminwa-enfonce-mutamba-lassemblee-nationale-sinvite-au-debat","status":"publish","type":"post","link":"https:\/\/infos-droitshumains.net\/?p=14332","title":{"rendered":"Pr\u00e9sum\u00e9 d\u00e9tournement de 39 millions $\u00a0au Minist\u00e8re de la Justice: Suminwa enfonce Mutamba, l\u2019Assembl\u00e9e\u00a0Nationale s\u2019invite au d\u00e9bat"},"content":{"rendered":"\n<p><strong>R\u00e9daction: +243 817 406 088<\/strong><\/p>\n\n\n\n<h3 class=\"wp-block-heading has-vivid-red-color has-text-color has-link-color wp-elements-a20946623d94730006ac9cb25eac2f18\">Chaque jour qui passe apporte un \u00e9l\u00e9ment nouveau dans l\u2019affaire du pr\u00e9sum\u00e9 d\u00e9tournement de 39 millions USD, relatif au march\u00e9 de construction d\u2019une maison d\u2019arr\u00eat \u00e0 Kisangani, avec le Ministre de la Justice Constant Mutamba sur banc des accus\u00e9s.<\/h3>\n\n\n\n<p>Ayant d\u2019abord ni\u00e9, \u00e0 travers son cabinet, la passation d\u2019un march\u00e9 de gr\u00e9 \u00e0 gr\u00e9 de plus de 39 millions USD avec la soci\u00e9t\u00e9 ZION CONSTRUCTION Sarl et le paiement d\u2019une premi\u00e8re tranche de la somme de 19.900.000USD \u00e0 titre d\u2019avance, le Ministre s\u2019est par la suite r\u00e9tract\u00e9 en affirmant devant la Cellule Nationale des Renseignements Financiers, la passation dudit march\u00e9 et le paiement de cette avance.<\/p>\n\n\n\n<p>Sauf que, la signature du contrat n\u2019a pas satisfait \u00e0 certaines exigences l\u00e9gales et proc\u00e9durales et, la Premi\u00e8re Ministre avait exig\u00e9 sa surs\u00e9ance\u00a0:<\/p>\n\n\n\n<p><em>\u00ab\u00a0Y faisant suite, elle (la Premi\u00e8re Ministre ndlr) vous instruit dans un premier temps, de sursoir la proc\u00e9dure d\u2019attribution de ce march\u00e9 en attendant son approbation, conform\u00e9ment \u00e0 l\u2019article 15 de la loi n\u00b010\/10 du 27 avril 2010 relative aux march\u00e9s publics\u00a0\u00bb<\/em>, lit-on dans une correspondance du 08 avril sign\u00e9e par le Directeur de Cabinet de la Premi\u00e8re Ministre r\u00e9pondant \u00e0 celle du Ministre de la Justice lui adress\u00e9e le 01 avril.<\/p>\n\n\n\n<p>Interrog\u00e9, l\u2019article 15 de loi relative aux march\u00e9s publics \u00e9voqu\u00e9 stipule\u00a0:<\/p>\n\n\n\n<p><strong><em>\u00ab&nbsp;Les contrats des march\u00e9s publics et de d\u00e9l\u00e9gations de service public sont approuv\u00e9s par une autorit\u00e9 comp\u00e9tente selon les modalit\u00e9s fix\u00e9es par le d\u00e9cret du Premier ministre d\u00e9lib\u00e9r\u00e9 en conseil des ministres. Un march\u00e9 public ou une d\u00e9l\u00e9gation de service public n\u2019a d\u2019effets que s\u2019il est approuv\u00e9&nbsp;\u00bb<\/em><\/strong>.<\/p>\n\n\n\n<p>La passation du march\u00e9 avec ZION CONSTRUCTION n\u2019avait donc pas \u00e9tait approuv\u00e9 par l\u2019autorit\u00e9 comp\u00e9tente comme le veut l\u2019article 15 de cette loi. Sa surs\u00e9ance avait \u00e9t\u00e9 sollicit\u00e9e afin que le Ministre transmette \u00e0 l\u2019autorit\u00e9 approbatrice (la Premi\u00e8re Ministre), les \u00e9l\u00e9ments suivants\u00a0:<\/p>\n\n\n\n<ul class=\"wp-block-list\">\n<li>Le dossier de passation et les avis y aff\u00e9rents\u00a0;<\/li>\n\n\n\n<li>Le rapport d\u2019analyse des offres, le proc\u00e8s-verbal d\u2019attribution provisoire, le proc\u00e8s-verbal de cl\u00f4ture des n\u00e9gociations\u00a0;<\/li>\n\n\n\n<li>Les preuves de march\u00e9s similaires ex\u00e9cut\u00e9s par l\u2019attributaire\u00a0;<\/li>\n\n\n\n<li>La motivation du choix du mode de passation de gr\u00e9 \u00e0 gr\u00e9 alors que ce march\u00e9 devrait \u00eatre pass\u00e9 en liste restreinte\u00a0;<\/li>\n\n\n\n<li>Les \u00e9tudes du b\u00e2timent.<\/li>\n<\/ul>\n\n\n\n<p>Le Ministre de la Justice a sembl\u00e9 avoir pass\u00e9 outre toutes les consignes de sa Cheffe estimant avoir obtenu <strong><em>\u2018\u2019tacitement\u2019\u2019<\/em><\/strong> l\u2019autorisation de l\u2019autorit\u00e9 approbatrice en application de l\u2019article 20 du D\u00e9cret n\u00b023\/12 du 03 mars 2023 portant manuel de proc\u00e9dure des March\u00e9s Publics. Pour la Premi\u00e8re Ministre, le processus de passation de ce march\u00e9 \u00e9tait entach\u00e9 d\u2019irr\u00e9gularit\u00e9 et d\u2019ambigu\u00eft\u00e9s donc, pas concern\u00e9 par la disposition sus \u00e9voqu\u00e9e\u00a0:<\/p>\n\n\n\n<p><em>\u00ab&nbsp;\u2026le d\u00e9lai de 10 jours &nbsp;pr\u00e9vus \u00e0 l\u2019article 20 alin\u00e9a 2 et 3 du D\u00e9cret n\u00b023\/12 portant manuel de proc\u00e9dures des march\u00e9s publics concerne l\u2019approbation du march\u00e9 dont le processus a \u00e9t\u00e9 r\u00e9guli\u00e8rement suivi et dont il n\u2019existerait aucune ambigu\u00eft\u00e9 devant conduire \u00e0 sa demande d\u2019informations compl\u00e9mentaires&nbsp;; ce qui n\u2019est vraisemblablement pas le cas in specie\u2026&nbsp;\u00bb<\/em><\/p>\n\n\n\n<p>L\u2019affaire a provoqu\u00e9 un effet boule neige, l\u2019Assembl\u00e9e Nationale veut voir clair. C\u2019est ce qui justifie le d\u00e9p\u00f4t ce jeudi 15 mai 2025, par Willy Mishiki, d\u2019une question orale avec d\u00e9bat adress\u00e9e au Ministre de la Justice et ses coll\u00e8gues des Finances et du Budget.<\/p>\n\n\n\n<p>L\u2019initiateur de la question orale avec d\u00e9bat pr\u00e9cise que son initiative est la cons\u00e9quence d\u2019une enqu\u00eate m\u00e9ticuleusement men\u00e9e\u00a0:<\/p>\n\n\n\n<p><em>\u00ab&nbsp;Nous avons \u00e9t\u00e9 \u00e0 Londres, visiter les bureaux de la fameuse soci\u00e9t\u00e9 ZION CONSTRUCTION&nbsp;; une soci\u00e9t\u00e9 de la maffia bulgare install\u00e9e aux Royaume Unis. Il y a 8 associ\u00e9s dont 6 sont d\u00e9missionnaires&nbsp;; les 2 rest\u00e9s n\u2019avaient m\u00eame pas l\u2019argent pour payer le loyer. Ils louent un petit local \u00e0 Londres et sont venus ici au mois de Mars 2024, ils ont ouvert une entreprise qui n\u2019a m\u00eame pas de bureau en RDC. Cette entreprise, sans capacit\u00e9 financi\u00e8re, sans capacit\u00e9 technique, s\u2019est arrog\u00e9 le kilo d\u2019avoir un gros march\u00e9 de gr\u00e9 \u00e0 gr\u00e9 de 39 millions USD accord\u00e9 par le Ministre Constant Mutamba, donneur des le\u00e7ons. Nous avons r\u00e9unis toutes les preuves. Notre question consiste \u00e0 demander \u00e0 Monsieur Mutamba en quoi y a-t-il urgence \u00e0 construire une maison d\u2019arr\u00eat \u00e0 Kisangani qui n\u2019a m\u00eame pas \u00e9t\u00e9 pr\u00e9vu dans le budget 2025&nbsp;\u00bb<\/em>, a d\u00e9clar\u00e9 Willy Mishiki devant la presse.<\/p>\n\n\n\n<p>L\u2019\u00e9lu du territoire de Walikale&nbsp; dans la Province du Nord-Kivu affirme m\u00eame avoir \u00e9t\u00e9 \u00e0 Kisangani o\u00f9 <em>\u00ab&nbsp;aucun site n\u2019est pr\u00e9vu pour la construction d\u2019une prison\u2026&nbsp;\u00bb<\/em><\/p>\n\n\n\n<p><em>\u00ab&nbsp;C\u2019est inacceptable que pendant cette p\u00e9riode de guerre, un montant aussi important puisse sortir du tr\u00e9sor public sans respecter la proc\u00e9dure&nbsp;\u00bb<\/em>, a rench\u00e9ri Willy Mishiki.<\/p>\n\n\n\n<p>Avec le travail implacable r\u00e9alis\u00e9 par la Cellule Nationale des Renseignements Financier qui a alert\u00e9, la justice et l\u2019Assembl\u00e9e Nationale dispose d\u00e9sormais d\u2019\u00e9l\u00e9ments probants et suffisants afin de pouvoir \u00e9tablir la culpabilit\u00e9 ou nom du Ministre Constant Mutamba qu\u2019une certaine opinion pr\u00e9sente comme l\u2019un des Ministres exemplaires au sein du gouvernement Suminwa.<\/p>\n\n\n\n<p>La R\u00e9daction<\/p>\n","protected":false},"excerpt":{"rendered":"<p>R\u00e9daction: +243 817 406 088 Chaque jour qui passe apporte un \u00e9l\u00e9ment nouveau dans l\u2019affaire&#8230;<\/p>\n","protected":false},"author":2,"featured_media":14347,"comment_status":"open","ping_status":"open","sticky":false,"template":"","format":"standard","meta":{"_jetpack_memberships_contains_paid_content":false,"footnotes":""},"categories":[6],"tags":[],"class_list":["post-14332","post","type-post","status-publish","format-standard","has-post-thumbnail","hentry","category-justice"],"yoast_head":"<!-- This site is optimized with the Yoast SEO plugin v27.5 - https:\/\/yoast.com\/product\/yoast-seo-wordpress\/ -->\n<title>Pr\u00e9sum\u00e9 d\u00e9tournement de 39 millions $\u00a0au Minist\u00e8re de la Justice: Suminwa enfonce Mutamba, l\u2019Assembl\u00e9e\u00a0Nationale s\u2019invite au d\u00e9bat - Infos Droits Humains<\/title>\n<meta name=\"robots\" content=\"index, follow, max-snippet:-1, max-image-preview:large, max-video-preview:-1\" \/>\n<link rel=\"canonical\" href=\"https:\/\/infos-droitshumains.net\/?p=14332\" \/>\n<meta property=\"og:locale\" content=\"fr_FR\" \/>\n<meta property=\"og:type\" content=\"article\" \/>\n<meta property=\"og:title\" content=\"Pr\u00e9sum\u00e9 d\u00e9tournement de 39 millions $\u00a0au Minist\u00e8re de la Justice: Suminwa enfonce Mutamba, l\u2019Assembl\u00e9e\u00a0Nationale s\u2019invite au d\u00e9bat - Infos Droits Humains\" \/>\n<meta property=\"og:description\" content=\"R\u00e9daction: +243 817 406 088 Chaque jour qui passe apporte un \u00e9l\u00e9ment nouveau dans l\u2019affaire...\" \/>\n<meta property=\"og:url\" content=\"https:\/\/infos-droitshumains.net\/?p=14332\" \/>\n<meta property=\"og:site_name\" content=\"Infos Droits Humains\" \/>\n<meta property=\"article:published_time\" content=\"2025-05-15T18:02:18+00:00\" \/>\n<meta property=\"article:modified_time\" content=\"2025-05-15T18:40:39+00:00\" \/>\n<meta property=\"og:image\" content=\"https:\/\/infos-droitshumains.net\/wp-content\/uploads\/2025\/05\/Composition2.jpg\" \/>\n\t<meta property=\"og:image:width\" content=\"1603\" \/>\n\t<meta property=\"og:image:height\" content=\"1037\" \/>\n\t<meta property=\"og:image:type\" content=\"image\/jpeg\" \/>\n<meta name=\"author\" content=\"Jo\u00ebl Diawa\" \/>\n<meta name=\"twitter:card\" content=\"summary_large_image\" \/>\n<meta name=\"twitter:label1\" content=\"\u00c9crit par\" \/>\n\t<meta name=\"twitter:data1\" content=\"Jo\u00ebl Diawa\" \/>\n\t<meta name=\"twitter:label2\" content=\"Dur\u00e9e de lecture estim\u00e9e\" \/>\n\t<meta name=\"twitter:data2\" content=\"5 minutes\" \/>\n<script type=\"application\/ld+json\" class=\"yoast-schema-graph\">{\"@context\":\"https:\\\/\\\/schema.org\",\"@graph\":[{\"@type\":\"Article\",\"@id\":\"https:\\\/\\\/infos-droitshumains.net\\\/?p=14332#article\",\"isPartOf\":{\"@id\":\"https:\\\/\\\/infos-droitshumains.net\\\/?p=14332\"},\"author\":{\"name\":\"Jo\u00ebl Diawa\",\"@id\":\"https:\\\/\\\/infos-droitshumains.net\\\/#\\\/schema\\\/person\\\/3dc5e921c3302172e0ed4362f96faab7\"},\"headline\":\"Pr\u00e9sum\u00e9 d\u00e9tournement de 39 millions $\u00a0au Minist\u00e8re de la Justice: Suminwa enfonce Mutamba, l\u2019Assembl\u00e9e\u00a0Nationale s\u2019invite au d\u00e9bat\",\"datePublished\":\"2025-05-15T18:02:18+00:00\",\"dateModified\":\"2025-05-15T18:40:39+00:00\",\"mainEntityOfPage\":{\"@id\":\"https:\\\/\\\/infos-droitshumains.net\\\/?p=14332\"},\"wordCount\":954,\"commentCount\":0,\"publisher\":{\"@id\":\"https:\\\/\\\/infos-droitshumains.net\\\/#organization\"},\"image\":{\"@id\":\"https:\\\/\\\/infos-droitshumains.net\\\/?p=14332#primaryimage\"},\"thumbnailUrl\":\"https:\\\/\\\/i0.wp.com\\\/infos-droitshumains.net\\\/wp-content\\\/uploads\\\/2025\\\/05\\\/Composition2.jpg?fit=1603%2C1037&ssl=1\",\"articleSection\":[\"Justice\"],\"inLanguage\":\"fr-FR\",\"potentialAction\":[{\"@type\":\"CommentAction\",\"name\":\"Comment\",\"target\":[\"https:\\\/\\\/infos-droitshumains.net\\\/?p=14332#respond\"]}]},{\"@type\":\"WebPage\",\"@id\":\"https:\\\/\\\/infos-droitshumains.net\\\/?p=14332\",\"url\":\"https:\\\/\\\/infos-droitshumains.net\\\/?p=14332\",\"name\":\"Pr\u00e9sum\u00e9 d\u00e9tournement de 39 millions $\u00a0au Minist\u00e8re de la Justice: Suminwa enfonce Mutamba, l\u2019Assembl\u00e9e\u00a0Nationale s\u2019invite au d\u00e9bat - Infos Droits Humains\",\"isPartOf\":{\"@id\":\"https:\\\/\\\/infos-droitshumains.net\\\/#website\"},\"primaryImageOfPage\":{\"@id\":\"https:\\\/\\\/infos-droitshumains.net\\\/?p=14332#primaryimage\"},\"image\":{\"@id\":\"https:\\\/\\\/infos-droitshumains.net\\\/?p=14332#primaryimage\"},\"thumbnailUrl\":\"https:\\\/\\\/i0.wp.com\\\/infos-droitshumains.net\\\/wp-content\\\/uploads\\\/2025\\\/05\\\/Composition2.jpg?fit=1603%2C1037&ssl=1\",\"datePublished\":\"2025-05-15T18:02:18+00:00\",\"dateModified\":\"2025-05-15T18:40:39+00:00\",\"breadcrumb\":{\"@id\":\"https:\\\/\\\/infos-droitshumains.net\\\/?p=14332#breadcrumb\"},\"inLanguage\":\"fr-FR\",\"potentialAction\":[{\"@type\":\"ReadAction\",\"target\":[\"https:\\\/\\\/infos-droitshumains.net\\\/?p=14332\"]}]},{\"@type\":\"ImageObject\",\"inLanguage\":\"fr-FR\",\"@id\":\"https:\\\/\\\/infos-droitshumains.net\\\/?p=14332#primaryimage\",\"url\":\"https:\\\/\\\/i0.wp.com\\\/infos-droitshumains.net\\\/wp-content\\\/uploads\\\/2025\\\/05\\\/Composition2.jpg?fit=1603%2C1037&ssl=1\",\"contentUrl\":\"https:\\\/\\\/i0.wp.com\\\/infos-droitshumains.net\\\/wp-content\\\/uploads\\\/2025\\\/05\\\/Composition2.jpg?fit=1603%2C1037&ssl=1\",\"width\":1603,\"height\":1037},{\"@type\":\"BreadcrumbList\",\"@id\":\"https:\\\/\\\/infos-droitshumains.net\\\/?p=14332#breadcrumb\",\"itemListElement\":[{\"@type\":\"ListItem\",\"position\":1,\"name\":\"Accueil\",\"item\":\"https:\\\/\\\/infos-droitshumains.net\\\/\"},{\"@type\":\"ListItem\",\"position\":2,\"name\":\"Pr\u00e9sum\u00e9 d\u00e9tournement de 39 millions $\u00a0au Minist\u00e8re de la Justice: Suminwa enfonce Mutamba, l\u2019Assembl\u00e9e\u00a0Nationale s\u2019invite au d\u00e9bat\"}]},{\"@type\":\"WebSite\",\"@id\":\"https:\\\/\\\/infos-droitshumains.net\\\/#website\",\"url\":\"https:\\\/\\\/infos-droitshumains.net\\\/\",\"name\":\"Infos Droits Humains\",\"description\":\"S&#039;informer est un droit\",\"publisher\":{\"@id\":\"https:\\\/\\\/infos-droitshumains.net\\\/#organization\"},\"potentialAction\":[{\"@type\":\"SearchAction\",\"target\":{\"@type\":\"EntryPoint\",\"urlTemplate\":\"https:\\\/\\\/infos-droitshumains.net\\\/?s={search_term_string}\"},\"query-input\":{\"@type\":\"PropertyValueSpecification\",\"valueRequired\":true,\"valueName\":\"search_term_string\"}}],\"inLanguage\":\"fr-FR\"},{\"@type\":\"Organization\",\"@id\":\"https:\\\/\\\/infos-droitshumains.net\\\/#organization\",\"name\":\"Infos Droits Humains\",\"url\":\"https:\\\/\\\/infos-droitshumains.net\\\/\",\"logo\":{\"@type\":\"ImageObject\",\"inLanguage\":\"fr-FR\",\"@id\":\"https:\\\/\\\/infos-droitshumains.net\\\/#\\\/schema\\\/logo\\\/image\\\/\",\"url\":\"https:\\\/\\\/i0.wp.com\\\/infos-droitshumains.net\\\/wp-content\\\/uploads\\\/2022\\\/05\\\/Logo.png?fit=333%2C129&ssl=1\",\"contentUrl\":\"https:\\\/\\\/i0.wp.com\\\/infos-droitshumains.net\\\/wp-content\\\/uploads\\\/2022\\\/05\\\/Logo.png?fit=333%2C129&ssl=1\",\"width\":333,\"height\":129,\"caption\":\"Infos Droits Humains\"},\"image\":{\"@id\":\"https:\\\/\\\/infos-droitshumains.net\\\/#\\\/schema\\\/logo\\\/image\\\/\"}},{\"@type\":\"Person\",\"@id\":\"https:\\\/\\\/infos-droitshumains.net\\\/#\\\/schema\\\/person\\\/3dc5e921c3302172e0ed4362f96faab7\",\"name\":\"Jo\u00ebl Diawa\",\"image\":{\"@type\":\"ImageObject\",\"inLanguage\":\"fr-FR\",\"@id\":\"https:\\\/\\\/secure.gravatar.com\\\/avatar\\\/729bea6ff4604c624417803c477363be8e3c7186deaa65713313f9b4b820f41c?s=96&d=mm&r=g\",\"url\":\"https:\\\/\\\/secure.gravatar.com\\\/avatar\\\/729bea6ff4604c624417803c477363be8e3c7186deaa65713313f9b4b820f41c?s=96&d=mm&r=g\",\"contentUrl\":\"https:\\\/\\\/secure.gravatar.com\\\/avatar\\\/729bea6ff4604c624417803c477363be8e3c7186deaa65713313f9b4b820f41c?s=96&d=mm&r=g\",\"caption\":\"Jo\u00ebl Diawa\"},\"sameAs\":[\"https:\\\/\\\/www.infos-droitshumains.net\"],\"url\":\"https:\\\/\\\/infos-droitshumains.net\\\/?author=2\"}]}<\/script>\n<!-- \/ Yoast SEO plugin. -->","yoast_head_json":{"title":"Pr\u00e9sum\u00e9 d\u00e9tournement de 39 millions $\u00a0au Minist\u00e8re de la Justice: Suminwa enfonce Mutamba, l\u2019Assembl\u00e9e\u00a0Nationale s\u2019invite au d\u00e9bat - Infos Droits Humains","robots":{"index":"index","follow":"follow","max-snippet":"max-snippet:-1","max-image-preview":"max-image-preview:large","max-video-preview":"max-video-preview:-1"},"canonical":"https:\/\/infos-droitshumains.net\/?p=14332","og_locale":"fr_FR","og_type":"article","og_title":"Pr\u00e9sum\u00e9 d\u00e9tournement de 39 millions $\u00a0au Minist\u00e8re de la Justice: Suminwa enfonce Mutamba, l\u2019Assembl\u00e9e\u00a0Nationale s\u2019invite au d\u00e9bat - Infos Droits Humains","og_description":"R\u00e9daction: +243 817 406 088 Chaque jour qui passe apporte un \u00e9l\u00e9ment nouveau dans l\u2019affaire...","og_url":"https:\/\/infos-droitshumains.net\/?p=14332","og_site_name":"Infos Droits Humains","article_published_time":"2025-05-15T18:02:18+00:00","article_modified_time":"2025-05-15T18:40:39+00:00","og_image":[{"width":1603,"height":1037,"url":"https:\/\/infos-droitshumains.net\/wp-content\/uploads\/2025\/05\/Composition2.jpg","type":"image\/jpeg"}],"author":"Jo\u00ebl Diawa","twitter_card":"summary_large_image","twitter_misc":{"\u00c9crit par":"Jo\u00ebl Diawa","Dur\u00e9e de lecture estim\u00e9e":"5 minutes"},"schema":{"@context":"https:\/\/schema.org","@graph":[{"@type":"Article","@id":"https:\/\/infos-droitshumains.net\/?p=14332#article","isPartOf":{"@id":"https:\/\/infos-droitshumains.net\/?p=14332"},"author":{"name":"Jo\u00ebl Diawa","@id":"https:\/\/infos-droitshumains.net\/#\/schema\/person\/3dc5e921c3302172e0ed4362f96faab7"},"headline":"Pr\u00e9sum\u00e9 d\u00e9tournement de 39 millions $\u00a0au Minist\u00e8re de la Justice: Suminwa enfonce Mutamba, l\u2019Assembl\u00e9e\u00a0Nationale s\u2019invite au d\u00e9bat","datePublished":"2025-05-15T18:02:18+00:00","dateModified":"2025-05-15T18:40:39+00:00","mainEntityOfPage":{"@id":"https:\/\/infos-droitshumains.net\/?p=14332"},"wordCount":954,"commentCount":0,"publisher":{"@id":"https:\/\/infos-droitshumains.net\/#organization"},"image":{"@id":"https:\/\/infos-droitshumains.net\/?p=14332#primaryimage"},"thumbnailUrl":"https:\/\/i0.wp.com\/infos-droitshumains.net\/wp-content\/uploads\/2025\/05\/Composition2.jpg?fit=1603%2C1037&ssl=1","articleSection":["Justice"],"inLanguage":"fr-FR","potentialAction":[{"@type":"CommentAction","name":"Comment","target":["https:\/\/infos-droitshumains.net\/?p=14332#respond"]}]},{"@type":"WebPage","@id":"https:\/\/infos-droitshumains.net\/?p=14332","url":"https:\/\/infos-droitshumains.net\/?p=14332","name":"Pr\u00e9sum\u00e9 d\u00e9tournement de 39 millions $\u00a0au Minist\u00e8re de la Justice: Suminwa enfonce Mutamba, l\u2019Assembl\u00e9e\u00a0Nationale s\u2019invite au d\u00e9bat - Infos Droits Humains","isPartOf":{"@id":"https:\/\/infos-droitshumains.net\/#website"},"primaryImageOfPage":{"@id":"https:\/\/infos-droitshumains.net\/?p=14332#primaryimage"},"image":{"@id":"https:\/\/infos-droitshumains.net\/?p=14332#primaryimage"},"thumbnailUrl":"https:\/\/i0.wp.com\/infos-droitshumains.net\/wp-content\/uploads\/2025\/05\/Composition2.jpg?fit=1603%2C1037&ssl=1","datePublished":"2025-05-15T18:02:18+00:00","dateModified":"2025-05-15T18:40:39+00:00","breadcrumb":{"@id":"https:\/\/infos-droitshumains.net\/?p=14332#breadcrumb"},"inLanguage":"fr-FR","potentialAction":[{"@type":"ReadAction","target":["https:\/\/infos-droitshumains.net\/?p=14332"]}]},{"@type":"ImageObject","inLanguage":"fr-FR","@id":"https:\/\/infos-droitshumains.net\/?p=14332#primaryimage","url":"https:\/\/i0.wp.com\/infos-droitshumains.net\/wp-content\/uploads\/2025\/05\/Composition2.jpg?fit=1603%2C1037&ssl=1","contentUrl":"https:\/\/i0.wp.com\/infos-droitshumains.net\/wp-content\/uploads\/2025\/05\/Composition2.jpg?fit=1603%2C1037&ssl=1","width":1603,"height":1037},{"@type":"BreadcrumbList","@id":"https:\/\/infos-droitshumains.net\/?p=14332#breadcrumb","itemListElement":[{"@type":"ListItem","position":1,"name":"Accueil","item":"https:\/\/infos-droitshumains.net\/"},{"@type":"ListItem","position":2,"name":"Pr\u00e9sum\u00e9 d\u00e9tournement de 39 millions $\u00a0au Minist\u00e8re de la Justice: Suminwa enfonce Mutamba, l\u2019Assembl\u00e9e\u00a0Nationale s\u2019invite au d\u00e9bat"}]},{"@type":"WebSite","@id":"https:\/\/infos-droitshumains.net\/#website","url":"https:\/\/infos-droitshumains.net\/","name":"Infos Droits Humains","description":"S&#039;informer est un droit","publisher":{"@id":"https:\/\/infos-droitshumains.net\/#organization"},"potentialAction":[{"@type":"SearchAction","target":{"@type":"EntryPoint","urlTemplate":"https:\/\/infos-droitshumains.net\/?s={search_term_string}"},"query-input":{"@type":"PropertyValueSpecification","valueRequired":true,"valueName":"search_term_string"}}],"inLanguage":"fr-FR"},{"@type":"Organization","@id":"https:\/\/infos-droitshumains.net\/#organization","name":"Infos Droits Humains","url":"https:\/\/infos-droitshumains.net\/","logo":{"@type":"ImageObject","inLanguage":"fr-FR","@id":"https:\/\/infos-droitshumains.net\/#\/schema\/logo\/image\/","url":"https:\/\/i0.wp.com\/infos-droitshumains.net\/wp-content\/uploads\/2022\/05\/Logo.png?fit=333%2C129&ssl=1","contentUrl":"https:\/\/i0.wp.com\/infos-droitshumains.net\/wp-content\/uploads\/2022\/05\/Logo.png?fit=333%2C129&ssl=1","width":333,"height":129,"caption":"Infos Droits Humains"},"image":{"@id":"https:\/\/infos-droitshumains.net\/#\/schema\/logo\/image\/"}},{"@type":"Person","@id":"https:\/\/infos-droitshumains.net\/#\/schema\/person\/3dc5e921c3302172e0ed4362f96faab7","name":"Jo\u00ebl Diawa","image":{"@type":"ImageObject","inLanguage":"fr-FR","@id":"https:\/\/secure.gravatar.com\/avatar\/729bea6ff4604c624417803c477363be8e3c7186deaa65713313f9b4b820f41c?s=96&d=mm&r=g","url":"https:\/\/secure.gravatar.com\/avatar\/729bea6ff4604c624417803c477363be8e3c7186deaa65713313f9b4b820f41c?s=96&d=mm&r=g","contentUrl":"https:\/\/secure.gravatar.com\/avatar\/729bea6ff4604c624417803c477363be8e3c7186deaa65713313f9b4b820f41c?s=96&d=mm&r=g","caption":"Jo\u00ebl Diawa"},"sameAs":["https:\/\/www.infos-droitshumains.net"],"url":"https:\/\/infos-droitshumains.net\/?author=2"}]}},"featured_image_urls":{"full":["https:\/\/i0.wp.com\/infos-droitshumains.net\/wp-content\/uploads\/2025\/05\/Composition2.jpg?fit=1603%2C1037&ssl=1",1603,1037,false],"thumbnail":["https:\/\/i0.wp.com\/infos-droitshumains.net\/wp-content\/uploads\/2025\/05\/Composition2.jpg?resize=150%2C150&ssl=1",150,150,true],"medium":["https:\/\/i0.wp.com\/infos-droitshumains.net\/wp-content\/uploads\/2025\/05\/Composition2.jpg?fit=300%2C194&ssl=1",300,194,true],"medium_large":["https:\/\/i0.wp.com\/infos-droitshumains.net\/wp-content\/uploads\/2025\/05\/Composition2.jpg?fit=640%2C414&ssl=1",640,414,true],"large":["https:\/\/i0.wp.com\/infos-droitshumains.net\/wp-content\/uploads\/2025\/05\/Composition2.jpg?fit=640%2C414&ssl=1",640,414,true],"1536x1536":["https:\/\/i0.wp.com\/infos-droitshumains.net\/wp-content\/uploads\/2025\/05\/Composition2.jpg?fit=1536%2C994&ssl=1",1536,994,true],"2048x2048":["https:\/\/i0.wp.com\/infos-droitshumains.net\/wp-content\/uploads\/2025\/05\/Composition2.jpg?fit=1603%2C1037&ssl=1",1603,1037,true],"covernews-slider-full":["https:\/\/i0.wp.com\/infos-droitshumains.net\/wp-content\/uploads\/2025\/05\/Composition2.jpg?resize=1115%2C715&ssl=1",1115,715,true],"covernews-slider-center":["https:\/\/i0.wp.com\/infos-droitshumains.net\/wp-content\/uploads\/2025\/05\/Composition2.jpg?resize=800%2C500&ssl=1",800,500,true],"covernews-featured":["https:\/\/i0.wp.com\/infos-droitshumains.net\/wp-content\/uploads\/2025\/05\/Composition2.jpg?fit=1024%2C662&ssl=1",1024,662,true],"covernews-medium":["https:\/\/i0.wp.com\/infos-droitshumains.net\/wp-content\/uploads\/2025\/05\/Composition2.jpg?resize=540%2C340&ssl=1",540,340,true],"covernews-medium-square":["https:\/\/i0.wp.com\/infos-droitshumains.net\/wp-content\/uploads\/2025\/05\/Composition2.jpg?resize=400%2C250&ssl=1",400,250,true]},"author_info":{"display_name":"Jo\u00ebl Diawa","author_link":"https:\/\/infos-droitshumains.net\/?author=2"},"category_info":"<a href=\"https:\/\/infos-droitshumains.net\/?cat=6\" rel=\"category\">Justice<\/a>","tag_info":"Justice","comment_count":"0","jetpack_featured_media_url":"https:\/\/i0.wp.com\/infos-droitshumains.net\/wp-content\/uploads\/2025\/05\/Composition2.jpg?fit=1603%2C1037&ssl=1","jetpack-related-posts":[],"jetpack_sharing_enabled":true,"_links":{"self":[{"href":"https:\/\/infos-droitshumains.net\/index.php?rest_route=\/wp\/v2\/posts\/14332","targetHints":{"allow":["GET"]}}],"collection":[{"href":"https:\/\/infos-droitshumains.net\/index.php?rest_route=\/wp\/v2\/posts"}],"about":[{"href":"https:\/\/infos-droitshumains.net\/index.php?rest_route=\/wp\/v2\/types\/post"}],"author":[{"embeddable":true,"href":"https:\/\/infos-droitshumains.net\/index.php?rest_route=\/wp\/v2\/users\/2"}],"replies":[{"embeddable":true,"href":"https:\/\/infos-droitshumains.net\/index.php?rest_route=%2Fwp%2Fv2%2Fcomments&post=14332"}],"version-history":[{"count":9,"href":"https:\/\/infos-droitshumains.net\/index.php?rest_route=\/wp\/v2\/posts\/14332\/revisions"}],"predecessor-version":[{"id":14348,"href":"https:\/\/infos-droitshumains.net\/index.php?rest_route=\/wp\/v2\/posts\/14332\/revisions\/14348"}],"wp:featuredmedia":[{"embeddable":true,"href":"https:\/\/infos-droitshumains.net\/index.php?rest_route=\/wp\/v2\/media\/14347"}],"wp:attachment":[{"href":"https:\/\/infos-droitshumains.net\/index.php?rest_route=%2Fwp%2Fv2%2Fmedia&parent=14332"}],"wp:term":[{"taxonomy":"category","embeddable":true,"href":"https:\/\/infos-droitshumains.net\/index.php?rest_route=%2Fwp%2Fv2%2Fcategories&post=14332"},{"taxonomy":"post_tag","embeddable":true,"href":"https:\/\/infos-droitshumains.net\/index.php?rest_route=%2Fwp%2Fv2%2Ftags&post=14332"}],"curies":[{"name":"wp","href":"https:\/\/api.w.org\/{rel}","templated":true}]}}