{"id":14320,"date":"2025-05-14T22:47:46","date_gmt":"2025-05-14T20:47:46","guid":{"rendered":"https:\/\/infos-droitshumains.net\/?p=14320"},"modified":"2025-05-14T23:34:32","modified_gmt":"2025-05-14T21:34:32","slug":"rdc-la-maquette-de-formation-en-medecine-legale-est-officiellement-remise-a-la-ministre-de-lenseignement-superieur-et-universitaire","status":"publish","type":"post","link":"https:\/\/infos-droitshumains.net\/?p=14320","title":{"rendered":"RDC: La maquette de formation en m\u00e9decine l\u00e9gale est officiellement remise \u00e0 la Ministre de l&rsquo;Enseignement Sup\u00e9rieur et Universitaire"},"content":{"rendered":"\n<p><strong>R\u00e9daction: +243 817 406 088<\/strong><\/p>\n\n\n\n<h3 class=\"wp-block-heading has-vivid-red-color has-text-color has-link-color wp-elements-f7a5efb7ed5ed354237d73e762b10814\">Apr\u00e8s plusieurs mois d\u2019\u00e9laboration, la maquette de formation en m\u00e9decine l\u00e9gale en R\u00e9publique D\u00e9mocratique du Congo vient officiellement d&rsquo;\u00eatre remise \u00e0 la Ministre de l&rsquo;Enseignement Sup\u00e9rieur et Universitaire par la commission permanente d&rsquo;\u00e9tudes. C&rsquo;\u00e9tait au cours d&rsquo;une c\u00e9r\u00e9monie organis\u00e9e ce mercredi 14 mai 2025 \u00e0 Kinshasa par le Bureau Conjoint des Nations Unies aux Droits de l&rsquo;Homme (BCNUDH).<\/h3>\n\n\n\n<figure class=\"wp-block-image size-full\"><img data-recalc-dims=\"1\" fetchpriority=\"high\" decoding=\"async\" width=\"640\" height=\"480\" src=\"https:\/\/i0.wp.com\/infos-droitshumains.net\/wp-content\/uploads\/2025\/05\/4.jpg?resize=640%2C480&#038;ssl=1\" alt=\"\" class=\"wp-image-14326\" srcset=\"https:\/\/i0.wp.com\/infos-droitshumains.net\/wp-content\/uploads\/2025\/05\/4.jpg?w=1024&amp;ssl=1 1024w, https:\/\/i0.wp.com\/infos-droitshumains.net\/wp-content\/uploads\/2025\/05\/4.jpg?resize=300%2C225&amp;ssl=1 300w, https:\/\/i0.wp.com\/infos-droitshumains.net\/wp-content\/uploads\/2025\/05\/4.jpg?resize=768%2C576&amp;ssl=1 768w\" sizes=\"(max-width: 640px) 100vw, 640px\" \/><\/figure>\n\n\n\n<figure class=\"wp-block-image size-full\"><img data-recalc-dims=\"1\" decoding=\"async\" width=\"640\" height=\"480\" src=\"https:\/\/i0.wp.com\/infos-droitshumains.net\/wp-content\/uploads\/2025\/05\/6.jpg?resize=640%2C480&#038;ssl=1\" alt=\"\" class=\"wp-image-14325\" srcset=\"https:\/\/i0.wp.com\/infos-droitshumains.net\/wp-content\/uploads\/2025\/05\/6.jpg?w=1024&amp;ssl=1 1024w, https:\/\/i0.wp.com\/infos-droitshumains.net\/wp-content\/uploads\/2025\/05\/6.jpg?resize=300%2C225&amp;ssl=1 300w, https:\/\/i0.wp.com\/infos-droitshumains.net\/wp-content\/uploads\/2025\/05\/6.jpg?resize=768%2C576&amp;ssl=1 768w\" sizes=\"(max-width: 640px) 100vw, 640px\" \/><\/figure>\n\n\n\n<p>Le partenaire technique et financier de premi\u00e8re ligne de ce travail, le Bureau Conjoint des Nations Unies aux Droits de l&rsquo;Homme via son Directeur a rappel\u00e9 la n\u00e9cessit\u00e9 de la m\u00e9decine l\u00e9gale, lequel programme qui constitue l&rsquo;aboutissement de la principale recommandation du colloque international sur cette discipline scientifique du 17 au 19 juillet 2023 et qui s&rsquo;inscrit dans le cadre de l&rsquo;impl\u00e9mentation de la justice transitionnelle en RDC.<\/p>\n\n\n\n<p><em>\u00ab&nbsp;Au vu des exactions pass\u00e9es et r\u00e9centes sur le sol de la RDC, la m\u00e9decine l\u00e9gale servira pour la mat\u00e9rialisation de la v\u00e9rit\u00e9. Elle contribue \u00e0 l&rsquo;\u00e9tablissement des preuves en cas d&rsquo;assassinat ou meurtre suspect. La m\u00e9decine l\u00e9gale est un levier fondamental pour non seulement la justice mais aussi et surtout pour la s\u00e9curit\u00e9, les Droits de l&rsquo;homme et la sant\u00e9 publique&nbsp;\u00bb<\/em>, a d\u00e9clar\u00e9 Patrice Vahard.<\/p>\n\n\n\n<figure class=\"wp-block-image size-full\"><img data-recalc-dims=\"1\" decoding=\"async\" width=\"640\" height=\"480\" src=\"https:\/\/i0.wp.com\/infos-droitshumains.net\/wp-content\/uploads\/2025\/05\/1.jpg?resize=640%2C480&#038;ssl=1\" alt=\"\" class=\"wp-image-14324\" srcset=\"https:\/\/i0.wp.com\/infos-droitshumains.net\/wp-content\/uploads\/2025\/05\/1.jpg?w=1024&amp;ssl=1 1024w, https:\/\/i0.wp.com\/infos-droitshumains.net\/wp-content\/uploads\/2025\/05\/1.jpg?resize=300%2C225&amp;ssl=1 300w, https:\/\/i0.wp.com\/infos-droitshumains.net\/wp-content\/uploads\/2025\/05\/1.jpg?resize=768%2C576&amp;ssl=1 768w\" sizes=\"(max-width: 640px) 100vw, 640px\" \/><\/figure>\n\n\n\n<p>L&rsquo;Universit\u00e9 de Kinshasa a \u00e9t\u00e9 choisi comme \u00e9tablissement pilote qui mettra en \u0153uvre cette fili\u00e8re sauf impr\u00e9vu \u00e0 la rentr\u00e9e acad\u00e9mique 2026. Une satisfaction pour&nbsp; son Recteur. Le Professeur Jean-Marie Kayembe a plaid\u00e9 pour le respect du timing cal\u00e9 pour la mise en place de la m\u00e9decine l\u00e9gale. Ce, avant de remercier la commission permanente d&rsquo;\u00e9tudes pour le travail abattu.<\/p>\n\n\n\n<p><em>\u00ab&nbsp;Je me limite \u00e0 remercier tous qui avaient travaill\u00e9 d&rsquo;arrache-pied pour sortir cette maquette, tant\u00f4t sera pr\u00e9sent\u00e9e \u00e0 la tutelle qui, elle, devra nous permettre d&rsquo;aller de l&rsquo;avant&nbsp;\u00bb<\/em>, a indiqu\u00e9 le Recteur de l&rsquo;Universit\u00e9 de Kinshasa.<\/p>\n\n\n\n<figure class=\"wp-block-image size-full\"><img data-recalc-dims=\"1\" loading=\"lazy\" decoding=\"async\" width=\"640\" height=\"480\" src=\"https:\/\/i0.wp.com\/infos-droitshumains.net\/wp-content\/uploads\/2025\/05\/3.jpg?resize=640%2C480&#038;ssl=1\" alt=\"\" class=\"wp-image-14328\" srcset=\"https:\/\/i0.wp.com\/infos-droitshumains.net\/wp-content\/uploads\/2025\/05\/3.jpg?w=1024&amp;ssl=1 1024w, https:\/\/i0.wp.com\/infos-droitshumains.net\/wp-content\/uploads\/2025\/05\/3.jpg?resize=300%2C225&amp;ssl=1 300w, https:\/\/i0.wp.com\/infos-droitshumains.net\/wp-content\/uploads\/2025\/05\/3.jpg?resize=768%2C576&amp;ssl=1 768w\" sizes=\"(max-width: 640px) 100vw, 640px\" \/><\/figure>\n\n\n\n<p>Au nom du gouvernement congolais, la Ministre de l&rsquo;Enseignement Sup\u00e9rieur et Universitaire a invit\u00e9 les congolais et tous les partenaires \u00e0 l&rsquo;appropriation de cette question pour arriver \u00e0 son impl\u00e9mentation effective en RDC.<\/p>\n\n\n\n<p><em>\u00ab&nbsp;Dans un \u00e9lan de son appropriation, nous sommes appel\u00e9s \u00e0 faire de cette fili\u00e8re un mod\u00e8le de r\u00e9ussite nationale et un p\u00f4le d&rsquo;excellence r\u00e9gional. pour ce faire, nous lan\u00e7ons un appel \u00e0 la mobilisation g\u00e9n\u00e9rale afin que toutes les institutions universitaires, les minist\u00e8res partenaires, je vais dire sant\u00e9, justice, droits humains, recherche scientifique, d\u00e9fense et int\u00e9rieur ainsi que les bailleurs des fonds, les ambassades, les partenaires techniques puissent accompagner la mise en oeuvre effective de cette formation et de travailler dans une parfaite collaboration&nbsp;\u00bb<\/em>, a relev\u00e9 Marie-Th\u00e9r\u00e8se Sombo.<\/p>\n\n\n\n<figure class=\"wp-block-image size-full\"><img data-recalc-dims=\"1\" loading=\"lazy\" decoding=\"async\" width=\"640\" height=\"480\" src=\"https:\/\/i0.wp.com\/infos-droitshumains.net\/wp-content\/uploads\/2025\/05\/2.jpg?resize=640%2C480&#038;ssl=1\" alt=\"\" class=\"wp-image-14330\" srcset=\"https:\/\/i0.wp.com\/infos-droitshumains.net\/wp-content\/uploads\/2025\/05\/2.jpg?w=1024&amp;ssl=1 1024w, https:\/\/i0.wp.com\/infos-droitshumains.net\/wp-content\/uploads\/2025\/05\/2.jpg?resize=300%2C225&amp;ssl=1 300w, https:\/\/i0.wp.com\/infos-droitshumains.net\/wp-content\/uploads\/2025\/05\/2.jpg?resize=768%2C576&amp;ssl=1 768w\" sizes=\"(max-width: 640px) 100vw, 640px\" \/><\/figure>\n\n\n\n<p>Le secr\u00e9taire de la commission permanente d&rsquo;\u00e9tudes accompagn\u00e9 du Directeur de BCNUDH a officiellement remis la maquette de formation en m\u00e9decine l\u00e9gale en RDC \u00e0 la Ministre Marie-Th\u00e9r\u00e8se Sombo en pr\u00e9sence de son homologue de la recherche scientifique.<\/p>\n\n\n\n<p>Cette maquette a \u00e9t\u00e9 \u00e9labor\u00e9e par 29 experts nationaux et internationaux notamment les arch\u00e9ologues, sociologues, criminologues, psychologues, avocats et&nbsp; m\u00e9decins. Sa mise en \u0153uvre permettre \u00e0 la RDC de former ses propres m\u00e9decins l\u00e9gistes.<\/p>\n\n\n\n<p>Pour \u00eatre admis \u00e0 cette fili\u00e8re, il faut \u00eatre m\u00e9decin avec le titre de doctorat en m\u00e9decine. A l&rsquo;issue de 5 ans de formation, le r\u00e9cipiendaire obtiendra le dipl\u00f4me de master sp\u00e9cialis\u00e9 en m\u00e9decine l\u00e9gale.<\/p>\n\n\n\n<p>AM<\/p>\n","protected":false},"excerpt":{"rendered":"<p>R\u00e9daction: +243 817 406 088 Apr\u00e8s plusieurs mois d\u2019\u00e9laboration, la maquette de formation en m\u00e9decine&#8230;<\/p>\n","protected":false},"author":2,"featured_media":14321,"comment_status":"open","ping_status":"open","sticky":false,"template":"","format":"standard","meta":{"_jetpack_memberships_contains_paid_content":false,"footnotes":""},"categories":[7],"tags":[],"class_list":["post-14320","post","type-post","status-publish","format-standard","has-post-thumbnail","hentry","category-droits-humains"],"yoast_head":"<!-- This site is optimized with the Yoast SEO plugin v27.5 - https:\/\/yoast.com\/product\/yoast-seo-wordpress\/ -->\n<title>RDC: La maquette de formation en m\u00e9decine l\u00e9gale est officiellement remise \u00e0 la Ministre de l&#039;Enseignement Sup\u00e9rieur et Universitaire - Infos Droits Humains<\/title>\n<meta name=\"robots\" content=\"index, follow, max-snippet:-1, max-image-preview:large, max-video-preview:-1\" \/>\n<link rel=\"canonical\" href=\"https:\/\/infos-droitshumains.net\/?p=14320\" \/>\n<meta property=\"og:locale\" content=\"fr_FR\" \/>\n<meta property=\"og:type\" content=\"article\" \/>\n<meta property=\"og:title\" content=\"RDC: La maquette de formation en m\u00e9decine l\u00e9gale est officiellement remise \u00e0 la Ministre de l&#039;Enseignement Sup\u00e9rieur et Universitaire - Infos Droits Humains\" \/>\n<meta property=\"og:description\" content=\"R\u00e9daction: +243 817 406 088 Apr\u00e8s plusieurs mois d\u2019\u00e9laboration, la maquette de formation en m\u00e9decine...\" \/>\n<meta property=\"og:url\" content=\"https:\/\/infos-droitshumains.net\/?p=14320\" \/>\n<meta property=\"og:site_name\" content=\"Infos Droits Humains\" \/>\n<meta property=\"article:published_time\" content=\"2025-05-14T20:47:46+00:00\" \/>\n<meta property=\"article:modified_time\" content=\"2025-05-14T21:34:32+00:00\" \/>\n<meta property=\"og:image\" content=\"https:\/\/infos-droitshumains.net\/wp-content\/uploads\/2025\/05\/5.jpg\" \/>\n\t<meta property=\"og:image:width\" content=\"768\" \/>\n\t<meta property=\"og:image:height\" content=\"1024\" \/>\n\t<meta property=\"og:image:type\" content=\"image\/jpeg\" \/>\n<meta name=\"author\" content=\"Jo\u00ebl Diawa\" \/>\n<meta name=\"twitter:card\" content=\"summary_large_image\" \/>\n<meta name=\"twitter:label1\" content=\"\u00c9crit par\" \/>\n\t<meta name=\"twitter:data1\" content=\"Jo\u00ebl Diawa\" \/>\n\t<meta name=\"twitter:label2\" content=\"Dur\u00e9e de lecture estim\u00e9e\" \/>\n\t<meta name=\"twitter:data2\" content=\"4 minutes\" \/>\n<script type=\"application\/ld+json\" class=\"yoast-schema-graph\">{\"@context\":\"https:\\\/\\\/schema.org\",\"@graph\":[{\"@type\":\"Article\",\"@id\":\"https:\\\/\\\/infos-droitshumains.net\\\/?p=14320#article\",\"isPartOf\":{\"@id\":\"https:\\\/\\\/infos-droitshumains.net\\\/?p=14320\"},\"author\":{\"name\":\"Jo\u00ebl Diawa\",\"@id\":\"https:\\\/\\\/infos-droitshumains.net\\\/#\\\/schema\\\/person\\\/3dc5e921c3302172e0ed4362f96faab7\"},\"headline\":\"RDC: La maquette de formation en m\u00e9decine l\u00e9gale est officiellement remise \u00e0 la Ministre de l&rsquo;Enseignement Sup\u00e9rieur et Universitaire\",\"datePublished\":\"2025-05-14T20:47:46+00:00\",\"dateModified\":\"2025-05-14T21:34:32+00:00\",\"mainEntityOfPage\":{\"@id\":\"https:\\\/\\\/infos-droitshumains.net\\\/?p=14320\"},\"wordCount\":602,\"commentCount\":0,\"publisher\":{\"@id\":\"https:\\\/\\\/infos-droitshumains.net\\\/#organization\"},\"image\":{\"@id\":\"https:\\\/\\\/infos-droitshumains.net\\\/?p=14320#primaryimage\"},\"thumbnailUrl\":\"https:\\\/\\\/i0.wp.com\\\/infos-droitshumains.net\\\/wp-content\\\/uploads\\\/2025\\\/05\\\/5.jpg?fit=768%2C1024&ssl=1\",\"articleSection\":[\"Droits Humains\"],\"inLanguage\":\"fr-FR\",\"potentialAction\":[{\"@type\":\"CommentAction\",\"name\":\"Comment\",\"target\":[\"https:\\\/\\\/infos-droitshumains.net\\\/?p=14320#respond\"]}]},{\"@type\":\"WebPage\",\"@id\":\"https:\\\/\\\/infos-droitshumains.net\\\/?p=14320\",\"url\":\"https:\\\/\\\/infos-droitshumains.net\\\/?p=14320\",\"name\":\"RDC: La maquette de formation en m\u00e9decine l\u00e9gale est officiellement remise \u00e0 la Ministre de l'Enseignement Sup\u00e9rieur et Universitaire - Infos Droits Humains\",\"isPartOf\":{\"@id\":\"https:\\\/\\\/infos-droitshumains.net\\\/#website\"},\"primaryImageOfPage\":{\"@id\":\"https:\\\/\\\/infos-droitshumains.net\\\/?p=14320#primaryimage\"},\"image\":{\"@id\":\"https:\\\/\\\/infos-droitshumains.net\\\/?p=14320#primaryimage\"},\"thumbnailUrl\":\"https:\\\/\\\/i0.wp.com\\\/infos-droitshumains.net\\\/wp-content\\\/uploads\\\/2025\\\/05\\\/5.jpg?fit=768%2C1024&ssl=1\",\"datePublished\":\"2025-05-14T20:47:46+00:00\",\"dateModified\":\"2025-05-14T21:34:32+00:00\",\"breadcrumb\":{\"@id\":\"https:\\\/\\\/infos-droitshumains.net\\\/?p=14320#breadcrumb\"},\"inLanguage\":\"fr-FR\",\"potentialAction\":[{\"@type\":\"ReadAction\",\"target\":[\"https:\\\/\\\/infos-droitshumains.net\\\/?p=14320\"]}]},{\"@type\":\"ImageObject\",\"inLanguage\":\"fr-FR\",\"@id\":\"https:\\\/\\\/infos-droitshumains.net\\\/?p=14320#primaryimage\",\"url\":\"https:\\\/\\\/i0.wp.com\\\/infos-droitshumains.net\\\/wp-content\\\/uploads\\\/2025\\\/05\\\/5.jpg?fit=768%2C1024&ssl=1\",\"contentUrl\":\"https:\\\/\\\/i0.wp.com\\\/infos-droitshumains.net\\\/wp-content\\\/uploads\\\/2025\\\/05\\\/5.jpg?fit=768%2C1024&ssl=1\",\"width\":768,\"height\":1024},{\"@type\":\"BreadcrumbList\",\"@id\":\"https:\\\/\\\/infos-droitshumains.net\\\/?p=14320#breadcrumb\",\"itemListElement\":[{\"@type\":\"ListItem\",\"position\":1,\"name\":\"Accueil\",\"item\":\"https:\\\/\\\/infos-droitshumains.net\\\/\"},{\"@type\":\"ListItem\",\"position\":2,\"name\":\"RDC: La maquette de formation en m\u00e9decine l\u00e9gale est officiellement remise \u00e0 la Ministre de l&rsquo;Enseignement Sup\u00e9rieur et Universitaire\"}]},{\"@type\":\"WebSite\",\"@id\":\"https:\\\/\\\/infos-droitshumains.net\\\/#website\",\"url\":\"https:\\\/\\\/infos-droitshumains.net\\\/\",\"name\":\"Infos Droits Humains\",\"description\":\"S&#039;informer est un droit\",\"publisher\":{\"@id\":\"https:\\\/\\\/infos-droitshumains.net\\\/#organization\"},\"potentialAction\":[{\"@type\":\"SearchAction\",\"target\":{\"@type\":\"EntryPoint\",\"urlTemplate\":\"https:\\\/\\\/infos-droitshumains.net\\\/?s={search_term_string}\"},\"query-input\":{\"@type\":\"PropertyValueSpecification\",\"valueRequired\":true,\"valueName\":\"search_term_string\"}}],\"inLanguage\":\"fr-FR\"},{\"@type\":\"Organization\",\"@id\":\"https:\\\/\\\/infos-droitshumains.net\\\/#organization\",\"name\":\"Infos Droits Humains\",\"url\":\"https:\\\/\\\/infos-droitshumains.net\\\/\",\"logo\":{\"@type\":\"ImageObject\",\"inLanguage\":\"fr-FR\",\"@id\":\"https:\\\/\\\/infos-droitshumains.net\\\/#\\\/schema\\\/logo\\\/image\\\/\",\"url\":\"https:\\\/\\\/i0.wp.com\\\/infos-droitshumains.net\\\/wp-content\\\/uploads\\\/2022\\\/05\\\/Logo.png?fit=333%2C129&ssl=1\",\"contentUrl\":\"https:\\\/\\\/i0.wp.com\\\/infos-droitshumains.net\\\/wp-content\\\/uploads\\\/2022\\\/05\\\/Logo.png?fit=333%2C129&ssl=1\",\"width\":333,\"height\":129,\"caption\":\"Infos Droits Humains\"},\"image\":{\"@id\":\"https:\\\/\\\/infos-droitshumains.net\\\/#\\\/schema\\\/logo\\\/image\\\/\"}},{\"@type\":\"Person\",\"@id\":\"https:\\\/\\\/infos-droitshumains.net\\\/#\\\/schema\\\/person\\\/3dc5e921c3302172e0ed4362f96faab7\",\"name\":\"Jo\u00ebl Diawa\",\"image\":{\"@type\":\"ImageObject\",\"inLanguage\":\"fr-FR\",\"@id\":\"https:\\\/\\\/secure.gravatar.com\\\/avatar\\\/729bea6ff4604c624417803c477363be8e3c7186deaa65713313f9b4b820f41c?s=96&d=mm&r=g\",\"url\":\"https:\\\/\\\/secure.gravatar.com\\\/avatar\\\/729bea6ff4604c624417803c477363be8e3c7186deaa65713313f9b4b820f41c?s=96&d=mm&r=g\",\"contentUrl\":\"https:\\\/\\\/secure.gravatar.com\\\/avatar\\\/729bea6ff4604c624417803c477363be8e3c7186deaa65713313f9b4b820f41c?s=96&d=mm&r=g\",\"caption\":\"Jo\u00ebl Diawa\"},\"sameAs\":[\"https:\\\/\\\/www.infos-droitshumains.net\"],\"url\":\"https:\\\/\\\/infos-droitshumains.net\\\/?author=2\"}]}<\/script>\n<!-- \/ Yoast SEO plugin. -->","yoast_head_json":{"title":"RDC: La maquette de formation en m\u00e9decine l\u00e9gale est officiellement remise \u00e0 la Ministre de l'Enseignement Sup\u00e9rieur et Universitaire - Infos Droits Humains","robots":{"index":"index","follow":"follow","max-snippet":"max-snippet:-1","max-image-preview":"max-image-preview:large","max-video-preview":"max-video-preview:-1"},"canonical":"https:\/\/infos-droitshumains.net\/?p=14320","og_locale":"fr_FR","og_type":"article","og_title":"RDC: La maquette de formation en m\u00e9decine l\u00e9gale est officiellement remise \u00e0 la Ministre de l'Enseignement Sup\u00e9rieur et Universitaire - Infos Droits Humains","og_description":"R\u00e9daction: +243 817 406 088 Apr\u00e8s plusieurs mois d\u2019\u00e9laboration, la maquette de formation en m\u00e9decine...","og_url":"https:\/\/infos-droitshumains.net\/?p=14320","og_site_name":"Infos Droits Humains","article_published_time":"2025-05-14T20:47:46+00:00","article_modified_time":"2025-05-14T21:34:32+00:00","og_image":[{"width":768,"height":1024,"url":"https:\/\/infos-droitshumains.net\/wp-content\/uploads\/2025\/05\/5.jpg","type":"image\/jpeg"}],"author":"Jo\u00ebl Diawa","twitter_card":"summary_large_image","twitter_misc":{"\u00c9crit par":"Jo\u00ebl Diawa","Dur\u00e9e de lecture estim\u00e9e":"4 minutes"},"schema":{"@context":"https:\/\/schema.org","@graph":[{"@type":"Article","@id":"https:\/\/infos-droitshumains.net\/?p=14320#article","isPartOf":{"@id":"https:\/\/infos-droitshumains.net\/?p=14320"},"author":{"name":"Jo\u00ebl Diawa","@id":"https:\/\/infos-droitshumains.net\/#\/schema\/person\/3dc5e921c3302172e0ed4362f96faab7"},"headline":"RDC: La maquette de formation en m\u00e9decine l\u00e9gale est officiellement remise \u00e0 la Ministre de l&rsquo;Enseignement Sup\u00e9rieur et Universitaire","datePublished":"2025-05-14T20:47:46+00:00","dateModified":"2025-05-14T21:34:32+00:00","mainEntityOfPage":{"@id":"https:\/\/infos-droitshumains.net\/?p=14320"},"wordCount":602,"commentCount":0,"publisher":{"@id":"https:\/\/infos-droitshumains.net\/#organization"},"image":{"@id":"https:\/\/infos-droitshumains.net\/?p=14320#primaryimage"},"thumbnailUrl":"https:\/\/i0.wp.com\/infos-droitshumains.net\/wp-content\/uploads\/2025\/05\/5.jpg?fit=768%2C1024&ssl=1","articleSection":["Droits Humains"],"inLanguage":"fr-FR","potentialAction":[{"@type":"CommentAction","name":"Comment","target":["https:\/\/infos-droitshumains.net\/?p=14320#respond"]}]},{"@type":"WebPage","@id":"https:\/\/infos-droitshumains.net\/?p=14320","url":"https:\/\/infos-droitshumains.net\/?p=14320","name":"RDC: La maquette de formation en m\u00e9decine l\u00e9gale est officiellement remise \u00e0 la Ministre de l'Enseignement Sup\u00e9rieur et Universitaire - Infos Droits Humains","isPartOf":{"@id":"https:\/\/infos-droitshumains.net\/#website"},"primaryImageOfPage":{"@id":"https:\/\/infos-droitshumains.net\/?p=14320#primaryimage"},"image":{"@id":"https:\/\/infos-droitshumains.net\/?p=14320#primaryimage"},"thumbnailUrl":"https:\/\/i0.wp.com\/infos-droitshumains.net\/wp-content\/uploads\/2025\/05\/5.jpg?fit=768%2C1024&ssl=1","datePublished":"2025-05-14T20:47:46+00:00","dateModified":"2025-05-14T21:34:32+00:00","breadcrumb":{"@id":"https:\/\/infos-droitshumains.net\/?p=14320#breadcrumb"},"inLanguage":"fr-FR","potentialAction":[{"@type":"ReadAction","target":["https:\/\/infos-droitshumains.net\/?p=14320"]}]},{"@type":"ImageObject","inLanguage":"fr-FR","@id":"https:\/\/infos-droitshumains.net\/?p=14320#primaryimage","url":"https:\/\/i0.wp.com\/infos-droitshumains.net\/wp-content\/uploads\/2025\/05\/5.jpg?fit=768%2C1024&ssl=1","contentUrl":"https:\/\/i0.wp.com\/infos-droitshumains.net\/wp-content\/uploads\/2025\/05\/5.jpg?fit=768%2C1024&ssl=1","width":768,"height":1024},{"@type":"BreadcrumbList","@id":"https:\/\/infos-droitshumains.net\/?p=14320#breadcrumb","itemListElement":[{"@type":"ListItem","position":1,"name":"Accueil","item":"https:\/\/infos-droitshumains.net\/"},{"@type":"ListItem","position":2,"name":"RDC: La maquette de formation en m\u00e9decine l\u00e9gale est officiellement remise \u00e0 la Ministre de l&rsquo;Enseignement Sup\u00e9rieur et Universitaire"}]},{"@type":"WebSite","@id":"https:\/\/infos-droitshumains.net\/#website","url":"https:\/\/infos-droitshumains.net\/","name":"Infos Droits Humains","description":"S&#039;informer est un droit","publisher":{"@id":"https:\/\/infos-droitshumains.net\/#organization"},"potentialAction":[{"@type":"SearchAction","target":{"@type":"EntryPoint","urlTemplate":"https:\/\/infos-droitshumains.net\/?s={search_term_string}"},"query-input":{"@type":"PropertyValueSpecification","valueRequired":true,"valueName":"search_term_string"}}],"inLanguage":"fr-FR"},{"@type":"Organization","@id":"https:\/\/infos-droitshumains.net\/#organization","name":"Infos Droits Humains","url":"https:\/\/infos-droitshumains.net\/","logo":{"@type":"ImageObject","inLanguage":"fr-FR","@id":"https:\/\/infos-droitshumains.net\/#\/schema\/logo\/image\/","url":"https:\/\/i0.wp.com\/infos-droitshumains.net\/wp-content\/uploads\/2022\/05\/Logo.png?fit=333%2C129&ssl=1","contentUrl":"https:\/\/i0.wp.com\/infos-droitshumains.net\/wp-content\/uploads\/2022\/05\/Logo.png?fit=333%2C129&ssl=1","width":333,"height":129,"caption":"Infos Droits Humains"},"image":{"@id":"https:\/\/infos-droitshumains.net\/#\/schema\/logo\/image\/"}},{"@type":"Person","@id":"https:\/\/infos-droitshumains.net\/#\/schema\/person\/3dc5e921c3302172e0ed4362f96faab7","name":"Jo\u00ebl Diawa","image":{"@type":"ImageObject","inLanguage":"fr-FR","@id":"https:\/\/secure.gravatar.com\/avatar\/729bea6ff4604c624417803c477363be8e3c7186deaa65713313f9b4b820f41c?s=96&d=mm&r=g","url":"https:\/\/secure.gravatar.com\/avatar\/729bea6ff4604c624417803c477363be8e3c7186deaa65713313f9b4b820f41c?s=96&d=mm&r=g","contentUrl":"https:\/\/secure.gravatar.com\/avatar\/729bea6ff4604c624417803c477363be8e3c7186deaa65713313f9b4b820f41c?s=96&d=mm&r=g","caption":"Jo\u00ebl Diawa"},"sameAs":["https:\/\/www.infos-droitshumains.net"],"url":"https:\/\/infos-droitshumains.net\/?author=2"}]}},"featured_image_urls":{"full":["https:\/\/i0.wp.com\/infos-droitshumains.net\/wp-content\/uploads\/2025\/05\/5.jpg?fit=768%2C1024&ssl=1",768,1024,false],"thumbnail":["https:\/\/i0.wp.com\/infos-droitshumains.net\/wp-content\/uploads\/2025\/05\/5.jpg?resize=150%2C150&ssl=1",150,150,true],"medium":["https:\/\/i0.wp.com\/infos-droitshumains.net\/wp-content\/uploads\/2025\/05\/5.jpg?fit=225%2C300&ssl=1",225,300,true],"medium_large":["https:\/\/i0.wp.com\/infos-droitshumains.net\/wp-content\/uploads\/2025\/05\/5.jpg?fit=640%2C853&ssl=1",640,853,true],"large":["https:\/\/i0.wp.com\/infos-droitshumains.net\/wp-content\/uploads\/2025\/05\/5.jpg?fit=640%2C853&ssl=1",640,853,true],"1536x1536":["https:\/\/i0.wp.com\/infos-droitshumains.net\/wp-content\/uploads\/2025\/05\/5.jpg?fit=768%2C1024&ssl=1",768,1024,true],"2048x2048":["https:\/\/i0.wp.com\/infos-droitshumains.net\/wp-content\/uploads\/2025\/05\/5.jpg?fit=768%2C1024&ssl=1",768,1024,true],"covernews-slider-full":["https:\/\/i0.wp.com\/infos-droitshumains.net\/wp-content\/uploads\/2025\/05\/5.jpg?resize=768%2C715&ssl=1",768,715,true],"covernews-slider-center":["https:\/\/i0.wp.com\/infos-droitshumains.net\/wp-content\/uploads\/2025\/05\/5.jpg?resize=768%2C500&ssl=1",768,500,true],"covernews-featured":["https:\/\/i0.wp.com\/infos-droitshumains.net\/wp-content\/uploads\/2025\/05\/5.jpg?fit=768%2C1024&ssl=1",768,1024,true],"covernews-medium":["https:\/\/i0.wp.com\/infos-droitshumains.net\/wp-content\/uploads\/2025\/05\/5.jpg?resize=540%2C340&ssl=1",540,340,true],"covernews-medium-square":["https:\/\/i0.wp.com\/infos-droitshumains.net\/wp-content\/uploads\/2025\/05\/5.jpg?resize=400%2C250&ssl=1",400,250,true]},"author_info":{"display_name":"Jo\u00ebl Diawa","author_link":"https:\/\/infos-droitshumains.net\/?author=2"},"category_info":"<a href=\"https:\/\/infos-droitshumains.net\/?cat=7\" rel=\"category\">Droits Humains<\/a>","tag_info":"Droits Humains","comment_count":"0","jetpack_featured_media_url":"https:\/\/i0.wp.com\/infos-droitshumains.net\/wp-content\/uploads\/2025\/05\/5.jpg?fit=768%2C1024&ssl=1","jetpack-related-posts":[],"jetpack_sharing_enabled":true,"_links":{"self":[{"href":"https:\/\/infos-droitshumains.net\/index.php?rest_route=\/wp\/v2\/posts\/14320","targetHints":{"allow":["GET"]}}],"collection":[{"href":"https:\/\/infos-droitshumains.net\/index.php?rest_route=\/wp\/v2\/posts"}],"about":[{"href":"https:\/\/infos-droitshumains.net\/index.php?rest_route=\/wp\/v2\/types\/post"}],"author":[{"embeddable":true,"href":"https:\/\/infos-droitshumains.net\/index.php?rest_route=\/wp\/v2\/users\/2"}],"replies":[{"embeddable":true,"href":"https:\/\/infos-droitshumains.net\/index.php?rest_route=%2Fwp%2Fv2%2Fcomments&post=14320"}],"version-history":[{"count":3,"href":"https:\/\/infos-droitshumains.net\/index.php?rest_route=\/wp\/v2\/posts\/14320\/revisions"}],"predecessor-version":[{"id":14331,"href":"https:\/\/infos-droitshumains.net\/index.php?rest_route=\/wp\/v2\/posts\/14320\/revisions\/14331"}],"wp:featuredmedia":[{"embeddable":true,"href":"https:\/\/infos-droitshumains.net\/index.php?rest_route=\/wp\/v2\/media\/14321"}],"wp:attachment":[{"href":"https:\/\/infos-droitshumains.net\/index.php?rest_route=%2Fwp%2Fv2%2Fmedia&parent=14320"}],"wp:term":[{"taxonomy":"category","embeddable":true,"href":"https:\/\/infos-droitshumains.net\/index.php?rest_route=%2Fwp%2Fv2%2Fcategories&post=14320"},{"taxonomy":"post_tag","embeddable":true,"href":"https:\/\/infos-droitshumains.net\/index.php?rest_route=%2Fwp%2Fv2%2Ftags&post=14320"}],"curies":[{"name":"wp","href":"https:\/\/api.w.org\/{rel}","templated":true}]}}