{"id":14179,"date":"2025-05-08T09:35:20","date_gmt":"2025-05-08T07:35:20","guid":{"rendered":"https:\/\/infos-droitshumains.net\/?p=14179"},"modified":"2025-05-08T09:38:36","modified_gmt":"2025-05-08T07:38:36","slug":"mise-en-place-de-la-filiere-de-medecine-legale-en-rdc-des-recommandations-sont-formulees-pour-lapplication-efficace-de-la-maquette","status":"publish","type":"post","link":"https:\/\/infos-droitshumains.net\/?p=14179","title":{"rendered":"Mise en place de la fili\u00e8re de m\u00e9decine l\u00e9gale en RDC : des recommandations sont formul\u00e9es pour l&rsquo;application efficace de la maquette"},"content":{"rendered":"\n<p><strong>R\u00e9daction: +243 817 406 088<\/strong><\/p>\n\n\n\n<h3 class=\"wp-block-heading has-vivid-red-color has-text-color has-link-color wp-elements-16eb926eba7cfd623ac3570b8ebf1ec9\">Chaque jour qui passe, le r\u00eave se rapproche \u00e0 la r\u00e9alit\u00e9. L&rsquo;impl\u00e9mentation de l&rsquo;enseignement de la m\u00e9decine l\u00e9gale en R\u00e9publique D\u00e9mocratique du Congo devient de plus en plus effective. Des r\u00e9glages et recommandations ont \u00e9t\u00e9 formul\u00e9s pour la mise en \u0153uvre efficace de la maquette ont \u00e9t\u00e9 finalis\u00e9s. C&rsquo;est ce qui ressort d&rsquo;un atelier organis\u00e9 le mercredi 7 mai 2025 \u00e0 Kinshasa par le Bureau Conjoint des Nations Unies aux Droits de l&rsquo;Homme (BCNUDH).<\/h3>\n\n\n\n<figure class=\"wp-block-image alignfull size-full\"><img data-recalc-dims=\"1\" fetchpriority=\"high\" decoding=\"async\" width=\"640\" height=\"480\" src=\"https:\/\/i0.wp.com\/infos-droitshumains.net\/wp-content\/uploads\/2025\/05\/IMG-20250508-WA0001.jpg?resize=640%2C480&#038;ssl=1\" alt=\"\" class=\"wp-image-14184\" srcset=\"https:\/\/i0.wp.com\/infos-droitshumains.net\/wp-content\/uploads\/2025\/05\/IMG-20250508-WA0001.jpg?w=1024&amp;ssl=1 1024w, https:\/\/i0.wp.com\/infos-droitshumains.net\/wp-content\/uploads\/2025\/05\/IMG-20250508-WA0001.jpg?resize=300%2C225&amp;ssl=1 300w, https:\/\/i0.wp.com\/infos-droitshumains.net\/wp-content\/uploads\/2025\/05\/IMG-20250508-WA0001.jpg?resize=768%2C576&amp;ssl=1 768w\" sizes=\"(max-width: 640px) 100vw, 640px\" \/><\/figure>\n\n\n\n<figure class=\"wp-block-image alignfull size-full\"><img data-recalc-dims=\"1\" decoding=\"async\" width=\"640\" height=\"480\" src=\"https:\/\/i0.wp.com\/infos-droitshumains.net\/wp-content\/uploads\/2025\/05\/IMG-20250508-WA0004.jpg?resize=640%2C480&#038;ssl=1\" alt=\"\" class=\"wp-image-14185\" srcset=\"https:\/\/i0.wp.com\/infos-droitshumains.net\/wp-content\/uploads\/2025\/05\/IMG-20250508-WA0004.jpg?w=1024&amp;ssl=1 1024w, https:\/\/i0.wp.com\/infos-droitshumains.net\/wp-content\/uploads\/2025\/05\/IMG-20250508-WA0004.jpg?resize=300%2C225&amp;ssl=1 300w, https:\/\/i0.wp.com\/infos-droitshumains.net\/wp-content\/uploads\/2025\/05\/IMG-20250508-WA0004.jpg?resize=768%2C576&amp;ssl=1 768w\" sizes=\"(max-width: 640px) 100vw, 640px\" \/><\/figure>\n\n\n\n<p><em>\u00ab&nbsp;Nous avons voulu, avec tous les membres qui ont particip\u00e9 \u00e0 l&rsquo;\u00e9laboration de ce document, nous assurer que la maquette qui sera remise \u00e0 son excellence madame la ministre de l&rsquo;enseignement sup\u00e9rieur et universitaire soit celle qui rencontre toutes les exigences. Nous sommes pass\u00e9s \u00e0 travers la maquette pour r\u00e9aliser des recommandations\u2026 C&rsquo;est une fili\u00e8re sp\u00e9cialis\u00e9e. On ne peut pas l&rsquo;\u00e9laborer comme on l&rsquo;a fait avec d&rsquo;autres maquettes des autres domaines&nbsp;; ici, il doit avoir des recommandations pour que r\u00e9ellement, une fois que le gouvernement re\u00e7oit cette maquette, qu&rsquo;elle puisse \u00eatre utilis\u00e9e et que la formation des m\u00e9decins l\u00e9gistes en R\u00e9publique D\u00e9mocratique du Congo soit men\u00e9e selon les exigences du syst\u00e8me LMD qui caract\u00e9rise notre enseignement sup\u00e9rieur et universitaire&nbsp;\u00bb<\/em>, a d\u00e9clar\u00e9 Professeur Kabule Weva, coordonnateur de ces travaux et secr\u00e9taire permanent de la commission permanente d&rsquo;\u00e9tude du minist\u00e8re de l&rsquo;enseignement sup\u00e9rieur et universitaire.<\/p>\n\n\n\n<figure class=\"wp-block-image alignfull size-full\"><img data-recalc-dims=\"1\" decoding=\"async\" width=\"640\" height=\"480\" src=\"https:\/\/i0.wp.com\/infos-droitshumains.net\/wp-content\/uploads\/2025\/05\/IMG-20250508-WA0005.jpg?resize=640%2C480&#038;ssl=1\" alt=\"\" class=\"wp-image-14183\" srcset=\"https:\/\/i0.wp.com\/infos-droitshumains.net\/wp-content\/uploads\/2025\/05\/IMG-20250508-WA0005.jpg?w=1024&amp;ssl=1 1024w, https:\/\/i0.wp.com\/infos-droitshumains.net\/wp-content\/uploads\/2025\/05\/IMG-20250508-WA0005.jpg?resize=300%2C225&amp;ssl=1 300w, https:\/\/i0.wp.com\/infos-droitshumains.net\/wp-content\/uploads\/2025\/05\/IMG-20250508-WA0005.jpg?resize=768%2C576&amp;ssl=1 768w\" sizes=\"(max-width: 640px) 100vw, 640px\" \/><\/figure>\n\n\n\n<p>A l\u2019en croire, cette maquette renferme plusieurs sp\u00e9cificit\u00e9s&nbsp;:<\/p>\n\n\n\n<p><em>\u00ab&nbsp;C&rsquo;est la premi\u00e8re offre qui va servir \u00e0 former les m\u00e9decins l\u00e9gistes en RDC. C\u2019est une maquette de niveau master, nous l&rsquo;appelons master sp\u00e9cialis\u00e9. Les candidats qui seront admis \u00e0 suivre cette formation doivent \u00eatre des m\u00e9decins qui ont un doctorat en m\u00e9decine g\u00e9n\u00e9rale. La maquette est d\u00e9velopp\u00e9e selon les exigences du syst\u00e8me LMD&nbsp;; c&rsquo;est-\u00e0-dire outre les contenus p\u00e9dagogiques et acad\u00e9miques, elle est accompagn\u00e9e d&rsquo;un r\u00e9f\u00e9rentiel des m\u00e9tiers et d&rsquo;un profil de sortie&nbsp;\u00bb<\/em>, a-t-il pr\u00e9cis\u00e9.<\/p>\n\n\n\n<figure class=\"wp-block-image alignfull size-full\"><img data-recalc-dims=\"1\" loading=\"lazy\" decoding=\"async\" width=\"640\" height=\"480\" src=\"https:\/\/i0.wp.com\/infos-droitshumains.net\/wp-content\/uploads\/2025\/05\/IMG-20250508-WA0003.jpg?resize=640%2C480&#038;ssl=1\" alt=\"\" class=\"wp-image-14186\" srcset=\"https:\/\/i0.wp.com\/infos-droitshumains.net\/wp-content\/uploads\/2025\/05\/IMG-20250508-WA0003.jpg?w=1024&amp;ssl=1 1024w, https:\/\/i0.wp.com\/infos-droitshumains.net\/wp-content\/uploads\/2025\/05\/IMG-20250508-WA0003.jpg?resize=300%2C225&amp;ssl=1 300w, https:\/\/i0.wp.com\/infos-droitshumains.net\/wp-content\/uploads\/2025\/05\/IMG-20250508-WA0003.jpg?resize=768%2C576&amp;ssl=1 768w\" sizes=\"(max-width: 640px) 100vw, 640px\" \/><\/figure>\n\n\n\n<p>Cette commission compos\u00e9e des experts de divers domaines compte officiellement remettre cette maquette le 14 mai prochain \u00e0 la ministre de l&rsquo;enseignement sup\u00e9rieur et universitaire. Et le projet pilote sera ex\u00e9cut\u00e9 dans un \u00e9tablissement qui r\u00e9pond aux exigences minimum de l&rsquo;enseignement de la m\u00e9decine l\u00e9gale.<\/p>\n\n\n\n<p>AM<\/p>\n","protected":false},"excerpt":{"rendered":"<p>R\u00e9daction: +243 817 406 088 Chaque jour qui passe, le r\u00eave se rapproche \u00e0 la&#8230;<\/p>\n","protected":false},"author":2,"featured_media":14180,"comment_status":"open","ping_status":"open","sticky":false,"template":"","format":"standard","meta":{"_jetpack_memberships_contains_paid_content":false,"footnotes":""},"categories":[7],"tags":[],"class_list":["post-14179","post","type-post","status-publish","format-standard","has-post-thumbnail","hentry","category-droits-humains"],"yoast_head":"<!-- This site is optimized with the Yoast SEO plugin v27.5 - https:\/\/yoast.com\/product\/yoast-seo-wordpress\/ -->\n<title>Mise en place de la fili\u00e8re de m\u00e9decine l\u00e9gale en RDC : des recommandations sont formul\u00e9es pour l&#039;application efficace de la maquette - Infos Droits Humains<\/title>\n<meta name=\"robots\" content=\"index, follow, max-snippet:-1, max-image-preview:large, max-video-preview:-1\" \/>\n<link rel=\"canonical\" href=\"https:\/\/infos-droitshumains.net\/?p=14179\" \/>\n<meta property=\"og:locale\" content=\"fr_FR\" \/>\n<meta property=\"og:type\" content=\"article\" \/>\n<meta property=\"og:title\" content=\"Mise en place de la fili\u00e8re de m\u00e9decine l\u00e9gale en RDC : des recommandations sont formul\u00e9es pour l&#039;application efficace de la maquette - Infos Droits Humains\" \/>\n<meta property=\"og:description\" content=\"R\u00e9daction: +243 817 406 088 Chaque jour qui passe, le r\u00eave se rapproche \u00e0 la...\" \/>\n<meta property=\"og:url\" content=\"https:\/\/infos-droitshumains.net\/?p=14179\" \/>\n<meta property=\"og:site_name\" content=\"Infos Droits Humains\" \/>\n<meta property=\"article:published_time\" content=\"2025-05-08T07:35:20+00:00\" \/>\n<meta property=\"article:modified_time\" content=\"2025-05-08T07:38:36+00:00\" \/>\n<meta property=\"og:image\" content=\"https:\/\/infos-droitshumains.net\/wp-content\/uploads\/2025\/05\/IMG-20250508-WA0002.jpg\" \/>\n\t<meta property=\"og:image:width\" content=\"1024\" \/>\n\t<meta property=\"og:image:height\" content=\"768\" \/>\n\t<meta property=\"og:image:type\" content=\"image\/jpeg\" \/>\n<meta name=\"author\" content=\"Jo\u00ebl Diawa\" \/>\n<meta name=\"twitter:card\" content=\"summary_large_image\" \/>\n<meta name=\"twitter:label1\" content=\"\u00c9crit par\" \/>\n\t<meta name=\"twitter:data1\" content=\"Jo\u00ebl Diawa\" \/>\n\t<meta name=\"twitter:label2\" content=\"Dur\u00e9e de lecture estim\u00e9e\" \/>\n\t<meta name=\"twitter:data2\" content=\"3 minutes\" \/>\n<script type=\"application\/ld+json\" class=\"yoast-schema-graph\">{\"@context\":\"https:\\\/\\\/schema.org\",\"@graph\":[{\"@type\":\"Article\",\"@id\":\"https:\\\/\\\/infos-droitshumains.net\\\/?p=14179#article\",\"isPartOf\":{\"@id\":\"https:\\\/\\\/infos-droitshumains.net\\\/?p=14179\"},\"author\":{\"name\":\"Jo\u00ebl Diawa\",\"@id\":\"https:\\\/\\\/infos-droitshumains.net\\\/#\\\/schema\\\/person\\\/3dc5e921c3302172e0ed4362f96faab7\"},\"headline\":\"Mise en place de la fili\u00e8re de m\u00e9decine l\u00e9gale en RDC : des recommandations sont formul\u00e9es pour l&rsquo;application efficace de la maquette\",\"datePublished\":\"2025-05-08T07:35:20+00:00\",\"dateModified\":\"2025-05-08T07:38:36+00:00\",\"mainEntityOfPage\":{\"@id\":\"https:\\\/\\\/infos-droitshumains.net\\\/?p=14179\"},\"wordCount\":432,\"commentCount\":0,\"publisher\":{\"@id\":\"https:\\\/\\\/infos-droitshumains.net\\\/#organization\"},\"image\":{\"@id\":\"https:\\\/\\\/infos-droitshumains.net\\\/?p=14179#primaryimage\"},\"thumbnailUrl\":\"https:\\\/\\\/i0.wp.com\\\/infos-droitshumains.net\\\/wp-content\\\/uploads\\\/2025\\\/05\\\/IMG-20250508-WA0002.jpg?fit=1024%2C768&ssl=1\",\"articleSection\":[\"Droits Humains\"],\"inLanguage\":\"fr-FR\",\"potentialAction\":[{\"@type\":\"CommentAction\",\"name\":\"Comment\",\"target\":[\"https:\\\/\\\/infos-droitshumains.net\\\/?p=14179#respond\"]}]},{\"@type\":\"WebPage\",\"@id\":\"https:\\\/\\\/infos-droitshumains.net\\\/?p=14179\",\"url\":\"https:\\\/\\\/infos-droitshumains.net\\\/?p=14179\",\"name\":\"Mise en place de la fili\u00e8re de m\u00e9decine l\u00e9gale en RDC : des recommandations sont formul\u00e9es pour l'application efficace de la maquette - Infos Droits Humains\",\"isPartOf\":{\"@id\":\"https:\\\/\\\/infos-droitshumains.net\\\/#website\"},\"primaryImageOfPage\":{\"@id\":\"https:\\\/\\\/infos-droitshumains.net\\\/?p=14179#primaryimage\"},\"image\":{\"@id\":\"https:\\\/\\\/infos-droitshumains.net\\\/?p=14179#primaryimage\"},\"thumbnailUrl\":\"https:\\\/\\\/i0.wp.com\\\/infos-droitshumains.net\\\/wp-content\\\/uploads\\\/2025\\\/05\\\/IMG-20250508-WA0002.jpg?fit=1024%2C768&ssl=1\",\"datePublished\":\"2025-05-08T07:35:20+00:00\",\"dateModified\":\"2025-05-08T07:38:36+00:00\",\"breadcrumb\":{\"@id\":\"https:\\\/\\\/infos-droitshumains.net\\\/?p=14179#breadcrumb\"},\"inLanguage\":\"fr-FR\",\"potentialAction\":[{\"@type\":\"ReadAction\",\"target\":[\"https:\\\/\\\/infos-droitshumains.net\\\/?p=14179\"]}]},{\"@type\":\"ImageObject\",\"inLanguage\":\"fr-FR\",\"@id\":\"https:\\\/\\\/infos-droitshumains.net\\\/?p=14179#primaryimage\",\"url\":\"https:\\\/\\\/i0.wp.com\\\/infos-droitshumains.net\\\/wp-content\\\/uploads\\\/2025\\\/05\\\/IMG-20250508-WA0002.jpg?fit=1024%2C768&ssl=1\",\"contentUrl\":\"https:\\\/\\\/i0.wp.com\\\/infos-droitshumains.net\\\/wp-content\\\/uploads\\\/2025\\\/05\\\/IMG-20250508-WA0002.jpg?fit=1024%2C768&ssl=1\",\"width\":1024,\"height\":768},{\"@type\":\"BreadcrumbList\",\"@id\":\"https:\\\/\\\/infos-droitshumains.net\\\/?p=14179#breadcrumb\",\"itemListElement\":[{\"@type\":\"ListItem\",\"position\":1,\"name\":\"Accueil\",\"item\":\"https:\\\/\\\/infos-droitshumains.net\\\/\"},{\"@type\":\"ListItem\",\"position\":2,\"name\":\"Mise en place de la fili\u00e8re de m\u00e9decine l\u00e9gale en RDC : des recommandations sont formul\u00e9es pour l&rsquo;application efficace de la maquette\"}]},{\"@type\":\"WebSite\",\"@id\":\"https:\\\/\\\/infos-droitshumains.net\\\/#website\",\"url\":\"https:\\\/\\\/infos-droitshumains.net\\\/\",\"name\":\"Infos Droits Humains\",\"description\":\"S&#039;informer est un droit\",\"publisher\":{\"@id\":\"https:\\\/\\\/infos-droitshumains.net\\\/#organization\"},\"potentialAction\":[{\"@type\":\"SearchAction\",\"target\":{\"@type\":\"EntryPoint\",\"urlTemplate\":\"https:\\\/\\\/infos-droitshumains.net\\\/?s={search_term_string}\"},\"query-input\":{\"@type\":\"PropertyValueSpecification\",\"valueRequired\":true,\"valueName\":\"search_term_string\"}}],\"inLanguage\":\"fr-FR\"},{\"@type\":\"Organization\",\"@id\":\"https:\\\/\\\/infos-droitshumains.net\\\/#organization\",\"name\":\"Infos Droits Humains\",\"url\":\"https:\\\/\\\/infos-droitshumains.net\\\/\",\"logo\":{\"@type\":\"ImageObject\",\"inLanguage\":\"fr-FR\",\"@id\":\"https:\\\/\\\/infos-droitshumains.net\\\/#\\\/schema\\\/logo\\\/image\\\/\",\"url\":\"https:\\\/\\\/i0.wp.com\\\/infos-droitshumains.net\\\/wp-content\\\/uploads\\\/2022\\\/05\\\/Logo.png?fit=333%2C129&ssl=1\",\"contentUrl\":\"https:\\\/\\\/i0.wp.com\\\/infos-droitshumains.net\\\/wp-content\\\/uploads\\\/2022\\\/05\\\/Logo.png?fit=333%2C129&ssl=1\",\"width\":333,\"height\":129,\"caption\":\"Infos Droits Humains\"},\"image\":{\"@id\":\"https:\\\/\\\/infos-droitshumains.net\\\/#\\\/schema\\\/logo\\\/image\\\/\"}},{\"@type\":\"Person\",\"@id\":\"https:\\\/\\\/infos-droitshumains.net\\\/#\\\/schema\\\/person\\\/3dc5e921c3302172e0ed4362f96faab7\",\"name\":\"Jo\u00ebl Diawa\",\"image\":{\"@type\":\"ImageObject\",\"inLanguage\":\"fr-FR\",\"@id\":\"https:\\\/\\\/secure.gravatar.com\\\/avatar\\\/729bea6ff4604c624417803c477363be8e3c7186deaa65713313f9b4b820f41c?s=96&d=mm&r=g\",\"url\":\"https:\\\/\\\/secure.gravatar.com\\\/avatar\\\/729bea6ff4604c624417803c477363be8e3c7186deaa65713313f9b4b820f41c?s=96&d=mm&r=g\",\"contentUrl\":\"https:\\\/\\\/secure.gravatar.com\\\/avatar\\\/729bea6ff4604c624417803c477363be8e3c7186deaa65713313f9b4b820f41c?s=96&d=mm&r=g\",\"caption\":\"Jo\u00ebl Diawa\"},\"sameAs\":[\"https:\\\/\\\/www.infos-droitshumains.net\"],\"url\":\"https:\\\/\\\/infos-droitshumains.net\\\/?author=2\"}]}<\/script>\n<!-- \/ Yoast SEO plugin. -->","yoast_head_json":{"title":"Mise en place de la fili\u00e8re de m\u00e9decine l\u00e9gale en RDC : des recommandations sont formul\u00e9es pour l'application efficace de la maquette - Infos Droits Humains","robots":{"index":"index","follow":"follow","max-snippet":"max-snippet:-1","max-image-preview":"max-image-preview:large","max-video-preview":"max-video-preview:-1"},"canonical":"https:\/\/infos-droitshumains.net\/?p=14179","og_locale":"fr_FR","og_type":"article","og_title":"Mise en place de la fili\u00e8re de m\u00e9decine l\u00e9gale en RDC : des recommandations sont formul\u00e9es pour l'application efficace de la maquette - Infos Droits Humains","og_description":"R\u00e9daction: +243 817 406 088 Chaque jour qui passe, le r\u00eave se rapproche \u00e0 la...","og_url":"https:\/\/infos-droitshumains.net\/?p=14179","og_site_name":"Infos Droits Humains","article_published_time":"2025-05-08T07:35:20+00:00","article_modified_time":"2025-05-08T07:38:36+00:00","og_image":[{"width":1024,"height":768,"url":"https:\/\/infos-droitshumains.net\/wp-content\/uploads\/2025\/05\/IMG-20250508-WA0002.jpg","type":"image\/jpeg"}],"author":"Jo\u00ebl Diawa","twitter_card":"summary_large_image","twitter_misc":{"\u00c9crit par":"Jo\u00ebl Diawa","Dur\u00e9e de lecture estim\u00e9e":"3 minutes"},"schema":{"@context":"https:\/\/schema.org","@graph":[{"@type":"Article","@id":"https:\/\/infos-droitshumains.net\/?p=14179#article","isPartOf":{"@id":"https:\/\/infos-droitshumains.net\/?p=14179"},"author":{"name":"Jo\u00ebl Diawa","@id":"https:\/\/infos-droitshumains.net\/#\/schema\/person\/3dc5e921c3302172e0ed4362f96faab7"},"headline":"Mise en place de la fili\u00e8re de m\u00e9decine l\u00e9gale en RDC : des recommandations sont formul\u00e9es pour l&rsquo;application efficace de la maquette","datePublished":"2025-05-08T07:35:20+00:00","dateModified":"2025-05-08T07:38:36+00:00","mainEntityOfPage":{"@id":"https:\/\/infos-droitshumains.net\/?p=14179"},"wordCount":432,"commentCount":0,"publisher":{"@id":"https:\/\/infos-droitshumains.net\/#organization"},"image":{"@id":"https:\/\/infos-droitshumains.net\/?p=14179#primaryimage"},"thumbnailUrl":"https:\/\/i0.wp.com\/infos-droitshumains.net\/wp-content\/uploads\/2025\/05\/IMG-20250508-WA0002.jpg?fit=1024%2C768&ssl=1","articleSection":["Droits Humains"],"inLanguage":"fr-FR","potentialAction":[{"@type":"CommentAction","name":"Comment","target":["https:\/\/infos-droitshumains.net\/?p=14179#respond"]}]},{"@type":"WebPage","@id":"https:\/\/infos-droitshumains.net\/?p=14179","url":"https:\/\/infos-droitshumains.net\/?p=14179","name":"Mise en place de la fili\u00e8re de m\u00e9decine l\u00e9gale en RDC : des recommandations sont formul\u00e9es pour l'application efficace de la maquette - Infos Droits Humains","isPartOf":{"@id":"https:\/\/infos-droitshumains.net\/#website"},"primaryImageOfPage":{"@id":"https:\/\/infos-droitshumains.net\/?p=14179#primaryimage"},"image":{"@id":"https:\/\/infos-droitshumains.net\/?p=14179#primaryimage"},"thumbnailUrl":"https:\/\/i0.wp.com\/infos-droitshumains.net\/wp-content\/uploads\/2025\/05\/IMG-20250508-WA0002.jpg?fit=1024%2C768&ssl=1","datePublished":"2025-05-08T07:35:20+00:00","dateModified":"2025-05-08T07:38:36+00:00","breadcrumb":{"@id":"https:\/\/infos-droitshumains.net\/?p=14179#breadcrumb"},"inLanguage":"fr-FR","potentialAction":[{"@type":"ReadAction","target":["https:\/\/infos-droitshumains.net\/?p=14179"]}]},{"@type":"ImageObject","inLanguage":"fr-FR","@id":"https:\/\/infos-droitshumains.net\/?p=14179#primaryimage","url":"https:\/\/i0.wp.com\/infos-droitshumains.net\/wp-content\/uploads\/2025\/05\/IMG-20250508-WA0002.jpg?fit=1024%2C768&ssl=1","contentUrl":"https:\/\/i0.wp.com\/infos-droitshumains.net\/wp-content\/uploads\/2025\/05\/IMG-20250508-WA0002.jpg?fit=1024%2C768&ssl=1","width":1024,"height":768},{"@type":"BreadcrumbList","@id":"https:\/\/infos-droitshumains.net\/?p=14179#breadcrumb","itemListElement":[{"@type":"ListItem","position":1,"name":"Accueil","item":"https:\/\/infos-droitshumains.net\/"},{"@type":"ListItem","position":2,"name":"Mise en place de la fili\u00e8re de m\u00e9decine l\u00e9gale en RDC : des recommandations sont formul\u00e9es pour l&rsquo;application efficace de la maquette"}]},{"@type":"WebSite","@id":"https:\/\/infos-droitshumains.net\/#website","url":"https:\/\/infos-droitshumains.net\/","name":"Infos Droits Humains","description":"S&#039;informer est un droit","publisher":{"@id":"https:\/\/infos-droitshumains.net\/#organization"},"potentialAction":[{"@type":"SearchAction","target":{"@type":"EntryPoint","urlTemplate":"https:\/\/infos-droitshumains.net\/?s={search_term_string}"},"query-input":{"@type":"PropertyValueSpecification","valueRequired":true,"valueName":"search_term_string"}}],"inLanguage":"fr-FR"},{"@type":"Organization","@id":"https:\/\/infos-droitshumains.net\/#organization","name":"Infos Droits Humains","url":"https:\/\/infos-droitshumains.net\/","logo":{"@type":"ImageObject","inLanguage":"fr-FR","@id":"https:\/\/infos-droitshumains.net\/#\/schema\/logo\/image\/","url":"https:\/\/i0.wp.com\/infos-droitshumains.net\/wp-content\/uploads\/2022\/05\/Logo.png?fit=333%2C129&ssl=1","contentUrl":"https:\/\/i0.wp.com\/infos-droitshumains.net\/wp-content\/uploads\/2022\/05\/Logo.png?fit=333%2C129&ssl=1","width":333,"height":129,"caption":"Infos Droits Humains"},"image":{"@id":"https:\/\/infos-droitshumains.net\/#\/schema\/logo\/image\/"}},{"@type":"Person","@id":"https:\/\/infos-droitshumains.net\/#\/schema\/person\/3dc5e921c3302172e0ed4362f96faab7","name":"Jo\u00ebl Diawa","image":{"@type":"ImageObject","inLanguage":"fr-FR","@id":"https:\/\/secure.gravatar.com\/avatar\/729bea6ff4604c624417803c477363be8e3c7186deaa65713313f9b4b820f41c?s=96&d=mm&r=g","url":"https:\/\/secure.gravatar.com\/avatar\/729bea6ff4604c624417803c477363be8e3c7186deaa65713313f9b4b820f41c?s=96&d=mm&r=g","contentUrl":"https:\/\/secure.gravatar.com\/avatar\/729bea6ff4604c624417803c477363be8e3c7186deaa65713313f9b4b820f41c?s=96&d=mm&r=g","caption":"Jo\u00ebl Diawa"},"sameAs":["https:\/\/www.infos-droitshumains.net"],"url":"https:\/\/infos-droitshumains.net\/?author=2"}]}},"featured_image_urls":{"full":["https:\/\/i0.wp.com\/infos-droitshumains.net\/wp-content\/uploads\/2025\/05\/IMG-20250508-WA0002.jpg?fit=1024%2C768&ssl=1",1024,768,false],"thumbnail":["https:\/\/i0.wp.com\/infos-droitshumains.net\/wp-content\/uploads\/2025\/05\/IMG-20250508-WA0002.jpg?resize=150%2C150&ssl=1",150,150,true],"medium":["https:\/\/i0.wp.com\/infos-droitshumains.net\/wp-content\/uploads\/2025\/05\/IMG-20250508-WA0002.jpg?fit=300%2C225&ssl=1",300,225,true],"medium_large":["https:\/\/i0.wp.com\/infos-droitshumains.net\/wp-content\/uploads\/2025\/05\/IMG-20250508-WA0002.jpg?fit=640%2C480&ssl=1",640,480,true],"large":["https:\/\/i0.wp.com\/infos-droitshumains.net\/wp-content\/uploads\/2025\/05\/IMG-20250508-WA0002.jpg?fit=640%2C480&ssl=1",640,480,true],"1536x1536":["https:\/\/i0.wp.com\/infos-droitshumains.net\/wp-content\/uploads\/2025\/05\/IMG-20250508-WA0002.jpg?fit=1024%2C768&ssl=1",1024,768,true],"2048x2048":["https:\/\/i0.wp.com\/infos-droitshumains.net\/wp-content\/uploads\/2025\/05\/IMG-20250508-WA0002.jpg?fit=1024%2C768&ssl=1",1024,768,true],"covernews-slider-full":["https:\/\/i0.wp.com\/infos-droitshumains.net\/wp-content\/uploads\/2025\/05\/IMG-20250508-WA0002.jpg?resize=1024%2C715&ssl=1",1024,715,true],"covernews-slider-center":["https:\/\/i0.wp.com\/infos-droitshumains.net\/wp-content\/uploads\/2025\/05\/IMG-20250508-WA0002.jpg?resize=800%2C500&ssl=1",800,500,true],"covernews-featured":["https:\/\/i0.wp.com\/infos-droitshumains.net\/wp-content\/uploads\/2025\/05\/IMG-20250508-WA0002.jpg?fit=1024%2C768&ssl=1",1024,768,true],"covernews-medium":["https:\/\/i0.wp.com\/infos-droitshumains.net\/wp-content\/uploads\/2025\/05\/IMG-20250508-WA0002.jpg?resize=540%2C340&ssl=1",540,340,true],"covernews-medium-square":["https:\/\/i0.wp.com\/infos-droitshumains.net\/wp-content\/uploads\/2025\/05\/IMG-20250508-WA0002.jpg?resize=400%2C250&ssl=1",400,250,true]},"author_info":{"display_name":"Jo\u00ebl Diawa","author_link":"https:\/\/infos-droitshumains.net\/?author=2"},"category_info":"<a href=\"https:\/\/infos-droitshumains.net\/?cat=7\" rel=\"category\">Droits Humains<\/a>","tag_info":"Droits Humains","comment_count":"0","jetpack_featured_media_url":"https:\/\/i0.wp.com\/infos-droitshumains.net\/wp-content\/uploads\/2025\/05\/IMG-20250508-WA0002.jpg?fit=1024%2C768&ssl=1","jetpack-related-posts":[],"jetpack_sharing_enabled":true,"_links":{"self":[{"href":"https:\/\/infos-droitshumains.net\/index.php?rest_route=\/wp\/v2\/posts\/14179","targetHints":{"allow":["GET"]}}],"collection":[{"href":"https:\/\/infos-droitshumains.net\/index.php?rest_route=\/wp\/v2\/posts"}],"about":[{"href":"https:\/\/infos-droitshumains.net\/index.php?rest_route=\/wp\/v2\/types\/post"}],"author":[{"embeddable":true,"href":"https:\/\/infos-droitshumains.net\/index.php?rest_route=\/wp\/v2\/users\/2"}],"replies":[{"embeddable":true,"href":"https:\/\/infos-droitshumains.net\/index.php?rest_route=%2Fwp%2Fv2%2Fcomments&post=14179"}],"version-history":[{"count":2,"href":"https:\/\/infos-droitshumains.net\/index.php?rest_route=\/wp\/v2\/posts\/14179\/revisions"}],"predecessor-version":[{"id":14187,"href":"https:\/\/infos-droitshumains.net\/index.php?rest_route=\/wp\/v2\/posts\/14179\/revisions\/14187"}],"wp:featuredmedia":[{"embeddable":true,"href":"https:\/\/infos-droitshumains.net\/index.php?rest_route=\/wp\/v2\/media\/14180"}],"wp:attachment":[{"href":"https:\/\/infos-droitshumains.net\/index.php?rest_route=%2Fwp%2Fv2%2Fmedia&parent=14179"}],"wp:term":[{"taxonomy":"category","embeddable":true,"href":"https:\/\/infos-droitshumains.net\/index.php?rest_route=%2Fwp%2Fv2%2Fcategories&post=14179"},{"taxonomy":"post_tag","embeddable":true,"href":"https:\/\/infos-droitshumains.net\/index.php?rest_route=%2Fwp%2Fv2%2Ftags&post=14179"}],"curies":[{"name":"wp","href":"https:\/\/api.w.org\/{rel}","templated":true}]}}