{"id":14076,"date":"2025-05-06T14:53:25","date_gmt":"2025-05-06T12:53:25","guid":{"rendered":"https:\/\/infos-droitshumains.net\/?p=14076"},"modified":"2025-05-07T18:12:17","modified_gmt":"2025-05-07T16:12:17","slug":"14076","status":"publish","type":"post","link":"https:\/\/infos-droitshumains.net\/?p=14076","title":{"rendered":"C\u00e9l\u00e9bration de la journ\u00e9e mondiale de la libert\u00e9 de la presse : \u00abAucun cameraman n\u2019aura droit \u00e0 une carte de presse sans passer par l\u2019UNCC\u00bb (Merlin Kamalandua)"},"content":{"rendered":"\n<p><strong>R\u00e9daction: +243 817 406 088<\/strong><\/p>\n\n\n\n<h3 class=\"wp-block-heading has-vivid-red-color has-text-color has-link-color wp-elements-91603b74408dcfb1f975496c8df3e690\">L\u2019humanit\u00e9 a c\u00e9l\u00e9br\u00e9e le 03 mai dernier, la 32\u00e8me journ\u00e9e mondiale de la libert\u00e9 de la presse. En R\u00e9publique D\u00e9mocratique du Congo, cette journ\u00e9e a \u00e9t\u00e9 c\u00e9l\u00e9br\u00e9e ce lundi 05 mai, sous le th\u00e8me : <em><strong>\u00ab Le journaliste congolais face au d\u00e9fi de l\u2019Intelligence Artificielle : information et d\u00e9sinformation en ce temps de guerre d\u2019agression rwandaise \u00bb<\/strong><\/em>.<\/h3>\n\n\n\n<p>En marge de cette c\u00e9l\u00e9bration organis\u00e9e par la pr\u00e9sidence de la R\u00e9publique et \u00e0 laquelle il a pris part, le Pr\u00e9sident de l\u2019Union Nationale des Cameramen du Congo a accord\u00e9 une interview exclusive \u00e0 t\u00e9l\u00e9vision nationale. Il a remerci\u00e9 le chef de l&rsquo;\u00c9tat pour<strong> \u00ab cette marque de consid\u00e9ration envers les cam\u00e9ramans\u00bb<\/strong> :<\/p>\n\n\n\n<p><em>\u00ab C&rsquo;est la premi\u00e8re fois, lors de journ\u00e9es pareilles, que nous, Cameramen, soyons officiellement repr\u00e9sent\u00e9s. C&rsquo;est un honneur, une preuve qui d\u00e9montre \u00e0 suffisance qu&rsquo;un op\u00e9rateur de prise de vue n&rsquo;est pas un importe qui \u00bb<\/em>, a rappel\u00e9 Merlin Kamalandua.<\/p>\n\n\n\n<p>En cette p\u00e9riode o\u00f9 certains territoires de la R\u00e9publique D\u00e9mocratique du Congo sont sous occupation rwandaise, les op\u00e9rateurs de prise de vue tout comme les journalistes sont expos\u00e9s travaillent dans des conditions extr\u00eames. Dans ce contexte, le Pr\u00e9sident de l\u2019UNCC a invit\u00e9 ses confr\u00e8res \u00e0 ne vendre que l\u2019image positive du pays :<\/p>\n\n\n\n<p><em>\u00ab Nous, op\u00e9rateurs de prise de vue, ces h\u00e9ros dans l\u2019ombre, faisons partie des acteurs principaux, sinon majeurs, du monde de la presse. Il est donc de notre int\u00e9r\u00eat et de notre droit de b\u00e9n\u00e9ficier de cette libert\u00e9 dans l\u2019exercice de notre m\u00e9tier. \u00catre cam\u00e9raman, c\u2019est d\u00e9fendre la v\u00e9rit\u00e9, montrer sans trahir et \u00e9clairer sans d\u00e9truire. C\u2019est une mission noble que nous accomplissons souvent dans des conditions difficiles. C\u2019est aussi l\u2019occasion pour nous, \u00e0 l\u2019Union Nationale des Cam\u00e9ramans du Congo, de r\u00e9it\u00e9rer notre engagement : celui de ne vendre que l\u2019image positive de notre pays, la RDC, en refusant d\u2019\u00eatre les amplificateurs de la haine, de la division ou de la manipulation \u00bb, <\/em>a insist\u00e9 Merlin Kamalandua.<\/p>\n\n\n\n<p>Dans contexte d&rsquo;occupation et o\u00f9 le m\u00e9tier d&rsquo;op\u00e9rateur de prise de vue est menac\u00e9 par la fulgurance du num\u00e9rique, Merlin Kamalandua a fait une proposition afin de pouvoir \u00e9viter les intrus :<\/p>\n\n\n\n<p><em>\u00ab Nous profitons de la pr\u00e9sence d&rsquo;un membre du comit\u00e9 de l&rsquo;UNPC (Union Nationale de la Presse du Congo ndlr) sur ce plateau pour faire une proposition. Aucun cameraman n\u2019aura droit \u00e0 une carte de presse sans passer par l\u2019UNCC. Cel\u00e0 \u00e9viterait des intrus dans notre m\u00e9tier\u00bb<\/em>, a-t-il sugg\u00e9r\u00e9.<\/p>\n\n\n\n<p>Le num\u00e9ro un de Cameramen du Congo a par ailleurs rendu hommage \u00e0 tous les <em>\u00ab vaillants \u00bb<\/em> cam\u00e9ramans tomb\u00e9s sur le terrain, simplement parce qu\u2019ils ne  faisaient que leur travail, de <em>\u00ab rendre les \u00e9v\u00e9nements inoubliables \u00bb<\/em>.<\/p>\n\n\n\n<p>Jo\u00ebl Diawa <\/p>\n","protected":false},"excerpt":{"rendered":"<p>R\u00e9daction: +243 817 406 088 L\u2019humanit\u00e9 a c\u00e9l\u00e9br\u00e9e le 03 mai dernier, la 32\u00e8me journ\u00e9e&#8230;<\/p>\n","protected":false},"author":2,"featured_media":14094,"comment_status":"open","ping_status":"open","sticky":false,"template":"","format":"standard","meta":{"_jetpack_memberships_contains_paid_content":false,"footnotes":""},"categories":[8],"tags":[],"class_list":["post-14076","post","type-post","status-publish","format-standard","has-post-thumbnail","hentry","category-societe"],"yoast_head":"<!-- This site is optimized with the Yoast SEO plugin v27.5 - https:\/\/yoast.com\/product\/yoast-seo-wordpress\/ -->\n<title>C\u00e9l\u00e9bration de la journ\u00e9e mondiale de la libert\u00e9 de la presse : \u00abAucun cameraman n\u2019aura droit \u00e0 une carte de presse sans passer par l\u2019UNCC\u00bb (Merlin Kamalandua) - Infos Droits Humains<\/title>\n<meta name=\"robots\" content=\"index, follow, max-snippet:-1, max-image-preview:large, max-video-preview:-1\" \/>\n<link rel=\"canonical\" href=\"https:\/\/infos-droitshumains.net\/?p=14076\" \/>\n<meta property=\"og:locale\" content=\"fr_FR\" \/>\n<meta property=\"og:type\" content=\"article\" \/>\n<meta property=\"og:title\" content=\"C\u00e9l\u00e9bration de la journ\u00e9e mondiale de la libert\u00e9 de la presse : \u00abAucun cameraman n\u2019aura droit \u00e0 une carte de presse sans passer par l\u2019UNCC\u00bb (Merlin Kamalandua) - Infos Droits Humains\" \/>\n<meta property=\"og:description\" content=\"R\u00e9daction: +243 817 406 088 L\u2019humanit\u00e9 a c\u00e9l\u00e9br\u00e9e le 03 mai dernier, la 32\u00e8me journ\u00e9e...\" \/>\n<meta property=\"og:url\" content=\"https:\/\/infos-droitshumains.net\/?p=14076\" \/>\n<meta property=\"og:site_name\" content=\"Infos Droits Humains\" \/>\n<meta property=\"article:published_time\" content=\"2025-05-06T12:53:25+00:00\" \/>\n<meta property=\"article:modified_time\" content=\"2025-05-07T16:12:17+00:00\" \/>\n<meta property=\"og:image\" content=\"https:\/\/infos-droitshumains.net\/wp-content\/uploads\/2025\/05\/IMG-20250506-WA0008_1.jpg\" \/>\n\t<meta property=\"og:image:width\" content=\"863\" \/>\n\t<meta property=\"og:image:height\" content=\"887\" \/>\n\t<meta property=\"og:image:type\" content=\"image\/jpeg\" \/>\n<meta name=\"author\" content=\"Jo\u00ebl Diawa\" \/>\n<meta name=\"twitter:card\" content=\"summary_large_image\" \/>\n<meta name=\"twitter:label1\" content=\"\u00c9crit par\" \/>\n\t<meta name=\"twitter:data1\" content=\"Jo\u00ebl Diawa\" \/>\n<script type=\"application\/ld+json\" class=\"yoast-schema-graph\">{\"@context\":\"https:\\\/\\\/schema.org\",\"@graph\":[{\"@type\":\"Article\",\"@id\":\"https:\\\/\\\/infos-droitshumains.net\\\/?p=14076#article\",\"isPartOf\":{\"@id\":\"https:\\\/\\\/infos-droitshumains.net\\\/?p=14076\"},\"author\":{\"name\":\"Jo\u00ebl Diawa\",\"@id\":\"https:\\\/\\\/infos-droitshumains.net\\\/#\\\/schema\\\/person\\\/3dc5e921c3302172e0ed4362f96faab7\"},\"headline\":\"C\u00e9l\u00e9bration de la journ\u00e9e mondiale de la libert\u00e9 de la presse : \u00abAucun cameraman n\u2019aura droit \u00e0 une carte de presse sans passer par l\u2019UNCC\u00bb (Merlin Kamalandua)\",\"datePublished\":\"2025-05-06T12:53:25+00:00\",\"dateModified\":\"2025-05-07T16:12:17+00:00\",\"mainEntityOfPage\":{\"@id\":\"https:\\\/\\\/infos-droitshumains.net\\\/?p=14076\"},\"wordCount\":527,\"commentCount\":0,\"publisher\":{\"@id\":\"https:\\\/\\\/infos-droitshumains.net\\\/#organization\"},\"image\":{\"@id\":\"https:\\\/\\\/infos-droitshumains.net\\\/?p=14076#primaryimage\"},\"thumbnailUrl\":\"https:\\\/\\\/i0.wp.com\\\/infos-droitshumains.net\\\/wp-content\\\/uploads\\\/2025\\\/05\\\/IMG-20250506-WA0008_1.jpg?fit=863%2C887&ssl=1\",\"articleSection\":[\"Soci\u00e9t\u00e9\"],\"inLanguage\":\"fr-FR\",\"potentialAction\":[{\"@type\":\"CommentAction\",\"name\":\"Comment\",\"target\":[\"https:\\\/\\\/infos-droitshumains.net\\\/?p=14076#respond\"]}]},{\"@type\":\"WebPage\",\"@id\":\"https:\\\/\\\/infos-droitshumains.net\\\/?p=14076\",\"url\":\"https:\\\/\\\/infos-droitshumains.net\\\/?p=14076\",\"name\":\"C\u00e9l\u00e9bration de la journ\u00e9e mondiale de la libert\u00e9 de la presse : \u00abAucun cameraman n\u2019aura droit \u00e0 une carte de presse sans passer par l\u2019UNCC\u00bb (Merlin Kamalandua) - Infos Droits Humains\",\"isPartOf\":{\"@id\":\"https:\\\/\\\/infos-droitshumains.net\\\/#website\"},\"primaryImageOfPage\":{\"@id\":\"https:\\\/\\\/infos-droitshumains.net\\\/?p=14076#primaryimage\"},\"image\":{\"@id\":\"https:\\\/\\\/infos-droitshumains.net\\\/?p=14076#primaryimage\"},\"thumbnailUrl\":\"https:\\\/\\\/i0.wp.com\\\/infos-droitshumains.net\\\/wp-content\\\/uploads\\\/2025\\\/05\\\/IMG-20250506-WA0008_1.jpg?fit=863%2C887&ssl=1\",\"datePublished\":\"2025-05-06T12:53:25+00:00\",\"dateModified\":\"2025-05-07T16:12:17+00:00\",\"breadcrumb\":{\"@id\":\"https:\\\/\\\/infos-droitshumains.net\\\/?p=14076#breadcrumb\"},\"inLanguage\":\"fr-FR\",\"potentialAction\":[{\"@type\":\"ReadAction\",\"target\":[\"https:\\\/\\\/infos-droitshumains.net\\\/?p=14076\"]}]},{\"@type\":\"ImageObject\",\"inLanguage\":\"fr-FR\",\"@id\":\"https:\\\/\\\/infos-droitshumains.net\\\/?p=14076#primaryimage\",\"url\":\"https:\\\/\\\/i0.wp.com\\\/infos-droitshumains.net\\\/wp-content\\\/uploads\\\/2025\\\/05\\\/IMG-20250506-WA0008_1.jpg?fit=863%2C887&ssl=1\",\"contentUrl\":\"https:\\\/\\\/i0.wp.com\\\/infos-droitshumains.net\\\/wp-content\\\/uploads\\\/2025\\\/05\\\/IMG-20250506-WA0008_1.jpg?fit=863%2C887&ssl=1\",\"width\":863,\"height\":887},{\"@type\":\"BreadcrumbList\",\"@id\":\"https:\\\/\\\/infos-droitshumains.net\\\/?p=14076#breadcrumb\",\"itemListElement\":[{\"@type\":\"ListItem\",\"position\":1,\"name\":\"Accueil\",\"item\":\"https:\\\/\\\/infos-droitshumains.net\\\/\"},{\"@type\":\"ListItem\",\"position\":2,\"name\":\"C\u00e9l\u00e9bration de la journ\u00e9e mondiale de la libert\u00e9 de la presse : \u00abAucun cameraman n\u2019aura droit \u00e0 une carte de presse sans passer par l\u2019UNCC\u00bb (Merlin Kamalandua)\"}]},{\"@type\":\"WebSite\",\"@id\":\"https:\\\/\\\/infos-droitshumains.net\\\/#website\",\"url\":\"https:\\\/\\\/infos-droitshumains.net\\\/\",\"name\":\"Infos Droits Humains\",\"description\":\"S&#039;informer est un droit\",\"publisher\":{\"@id\":\"https:\\\/\\\/infos-droitshumains.net\\\/#organization\"},\"potentialAction\":[{\"@type\":\"SearchAction\",\"target\":{\"@type\":\"EntryPoint\",\"urlTemplate\":\"https:\\\/\\\/infos-droitshumains.net\\\/?s={search_term_string}\"},\"query-input\":{\"@type\":\"PropertyValueSpecification\",\"valueRequired\":true,\"valueName\":\"search_term_string\"}}],\"inLanguage\":\"fr-FR\"},{\"@type\":\"Organization\",\"@id\":\"https:\\\/\\\/infos-droitshumains.net\\\/#organization\",\"name\":\"Infos Droits Humains\",\"url\":\"https:\\\/\\\/infos-droitshumains.net\\\/\",\"logo\":{\"@type\":\"ImageObject\",\"inLanguage\":\"fr-FR\",\"@id\":\"https:\\\/\\\/infos-droitshumains.net\\\/#\\\/schema\\\/logo\\\/image\\\/\",\"url\":\"https:\\\/\\\/i0.wp.com\\\/infos-droitshumains.net\\\/wp-content\\\/uploads\\\/2022\\\/05\\\/Logo.png?fit=333%2C129&ssl=1\",\"contentUrl\":\"https:\\\/\\\/i0.wp.com\\\/infos-droitshumains.net\\\/wp-content\\\/uploads\\\/2022\\\/05\\\/Logo.png?fit=333%2C129&ssl=1\",\"width\":333,\"height\":129,\"caption\":\"Infos Droits Humains\"},\"image\":{\"@id\":\"https:\\\/\\\/infos-droitshumains.net\\\/#\\\/schema\\\/logo\\\/image\\\/\"}},{\"@type\":\"Person\",\"@id\":\"https:\\\/\\\/infos-droitshumains.net\\\/#\\\/schema\\\/person\\\/3dc5e921c3302172e0ed4362f96faab7\",\"name\":\"Jo\u00ebl Diawa\",\"image\":{\"@type\":\"ImageObject\",\"inLanguage\":\"fr-FR\",\"@id\":\"https:\\\/\\\/secure.gravatar.com\\\/avatar\\\/729bea6ff4604c624417803c477363be8e3c7186deaa65713313f9b4b820f41c?s=96&d=mm&r=g\",\"url\":\"https:\\\/\\\/secure.gravatar.com\\\/avatar\\\/729bea6ff4604c624417803c477363be8e3c7186deaa65713313f9b4b820f41c?s=96&d=mm&r=g\",\"contentUrl\":\"https:\\\/\\\/secure.gravatar.com\\\/avatar\\\/729bea6ff4604c624417803c477363be8e3c7186deaa65713313f9b4b820f41c?s=96&d=mm&r=g\",\"caption\":\"Jo\u00ebl Diawa\"},\"sameAs\":[\"https:\\\/\\\/www.infos-droitshumains.net\"],\"url\":\"https:\\\/\\\/infos-droitshumains.net\\\/?author=2\"}]}<\/script>\n<!-- \/ Yoast SEO plugin. -->","yoast_head_json":{"title":"C\u00e9l\u00e9bration de la journ\u00e9e mondiale de la libert\u00e9 de la presse : \u00abAucun cameraman n\u2019aura droit \u00e0 une carte de presse sans passer par l\u2019UNCC\u00bb (Merlin Kamalandua) - Infos Droits Humains","robots":{"index":"index","follow":"follow","max-snippet":"max-snippet:-1","max-image-preview":"max-image-preview:large","max-video-preview":"max-video-preview:-1"},"canonical":"https:\/\/infos-droitshumains.net\/?p=14076","og_locale":"fr_FR","og_type":"article","og_title":"C\u00e9l\u00e9bration de la journ\u00e9e mondiale de la libert\u00e9 de la presse : \u00abAucun cameraman n\u2019aura droit \u00e0 une carte de presse sans passer par l\u2019UNCC\u00bb (Merlin Kamalandua) - Infos Droits Humains","og_description":"R\u00e9daction: +243 817 406 088 L\u2019humanit\u00e9 a c\u00e9l\u00e9br\u00e9e le 03 mai dernier, la 32\u00e8me journ\u00e9e...","og_url":"https:\/\/infos-droitshumains.net\/?p=14076","og_site_name":"Infos Droits Humains","article_published_time":"2025-05-06T12:53:25+00:00","article_modified_time":"2025-05-07T16:12:17+00:00","og_image":[{"width":863,"height":887,"url":"https:\/\/infos-droitshumains.net\/wp-content\/uploads\/2025\/05\/IMG-20250506-WA0008_1.jpg","type":"image\/jpeg"}],"author":"Jo\u00ebl Diawa","twitter_card":"summary_large_image","twitter_misc":{"\u00c9crit par":"Jo\u00ebl Diawa"},"schema":{"@context":"https:\/\/schema.org","@graph":[{"@type":"Article","@id":"https:\/\/infos-droitshumains.net\/?p=14076#article","isPartOf":{"@id":"https:\/\/infos-droitshumains.net\/?p=14076"},"author":{"name":"Jo\u00ebl Diawa","@id":"https:\/\/infos-droitshumains.net\/#\/schema\/person\/3dc5e921c3302172e0ed4362f96faab7"},"headline":"C\u00e9l\u00e9bration de la journ\u00e9e mondiale de la libert\u00e9 de la presse : \u00abAucun cameraman n\u2019aura droit \u00e0 une carte de presse sans passer par l\u2019UNCC\u00bb (Merlin Kamalandua)","datePublished":"2025-05-06T12:53:25+00:00","dateModified":"2025-05-07T16:12:17+00:00","mainEntityOfPage":{"@id":"https:\/\/infos-droitshumains.net\/?p=14076"},"wordCount":527,"commentCount":0,"publisher":{"@id":"https:\/\/infos-droitshumains.net\/#organization"},"image":{"@id":"https:\/\/infos-droitshumains.net\/?p=14076#primaryimage"},"thumbnailUrl":"https:\/\/i0.wp.com\/infos-droitshumains.net\/wp-content\/uploads\/2025\/05\/IMG-20250506-WA0008_1.jpg?fit=863%2C887&ssl=1","articleSection":["Soci\u00e9t\u00e9"],"inLanguage":"fr-FR","potentialAction":[{"@type":"CommentAction","name":"Comment","target":["https:\/\/infos-droitshumains.net\/?p=14076#respond"]}]},{"@type":"WebPage","@id":"https:\/\/infos-droitshumains.net\/?p=14076","url":"https:\/\/infos-droitshumains.net\/?p=14076","name":"C\u00e9l\u00e9bration de la journ\u00e9e mondiale de la libert\u00e9 de la presse : \u00abAucun cameraman n\u2019aura droit \u00e0 une carte de presse sans passer par l\u2019UNCC\u00bb (Merlin Kamalandua) - Infos Droits Humains","isPartOf":{"@id":"https:\/\/infos-droitshumains.net\/#website"},"primaryImageOfPage":{"@id":"https:\/\/infos-droitshumains.net\/?p=14076#primaryimage"},"image":{"@id":"https:\/\/infos-droitshumains.net\/?p=14076#primaryimage"},"thumbnailUrl":"https:\/\/i0.wp.com\/infos-droitshumains.net\/wp-content\/uploads\/2025\/05\/IMG-20250506-WA0008_1.jpg?fit=863%2C887&ssl=1","datePublished":"2025-05-06T12:53:25+00:00","dateModified":"2025-05-07T16:12:17+00:00","breadcrumb":{"@id":"https:\/\/infos-droitshumains.net\/?p=14076#breadcrumb"},"inLanguage":"fr-FR","potentialAction":[{"@type":"ReadAction","target":["https:\/\/infos-droitshumains.net\/?p=14076"]}]},{"@type":"ImageObject","inLanguage":"fr-FR","@id":"https:\/\/infos-droitshumains.net\/?p=14076#primaryimage","url":"https:\/\/i0.wp.com\/infos-droitshumains.net\/wp-content\/uploads\/2025\/05\/IMG-20250506-WA0008_1.jpg?fit=863%2C887&ssl=1","contentUrl":"https:\/\/i0.wp.com\/infos-droitshumains.net\/wp-content\/uploads\/2025\/05\/IMG-20250506-WA0008_1.jpg?fit=863%2C887&ssl=1","width":863,"height":887},{"@type":"BreadcrumbList","@id":"https:\/\/infos-droitshumains.net\/?p=14076#breadcrumb","itemListElement":[{"@type":"ListItem","position":1,"name":"Accueil","item":"https:\/\/infos-droitshumains.net\/"},{"@type":"ListItem","position":2,"name":"C\u00e9l\u00e9bration de la journ\u00e9e mondiale de la libert\u00e9 de la presse : \u00abAucun cameraman n\u2019aura droit \u00e0 une carte de presse sans passer par l\u2019UNCC\u00bb (Merlin Kamalandua)"}]},{"@type":"WebSite","@id":"https:\/\/infos-droitshumains.net\/#website","url":"https:\/\/infos-droitshumains.net\/","name":"Infos Droits Humains","description":"S&#039;informer est un droit","publisher":{"@id":"https:\/\/infos-droitshumains.net\/#organization"},"potentialAction":[{"@type":"SearchAction","target":{"@type":"EntryPoint","urlTemplate":"https:\/\/infos-droitshumains.net\/?s={search_term_string}"},"query-input":{"@type":"PropertyValueSpecification","valueRequired":true,"valueName":"search_term_string"}}],"inLanguage":"fr-FR"},{"@type":"Organization","@id":"https:\/\/infos-droitshumains.net\/#organization","name":"Infos Droits Humains","url":"https:\/\/infos-droitshumains.net\/","logo":{"@type":"ImageObject","inLanguage":"fr-FR","@id":"https:\/\/infos-droitshumains.net\/#\/schema\/logo\/image\/","url":"https:\/\/i0.wp.com\/infos-droitshumains.net\/wp-content\/uploads\/2022\/05\/Logo.png?fit=333%2C129&ssl=1","contentUrl":"https:\/\/i0.wp.com\/infos-droitshumains.net\/wp-content\/uploads\/2022\/05\/Logo.png?fit=333%2C129&ssl=1","width":333,"height":129,"caption":"Infos Droits Humains"},"image":{"@id":"https:\/\/infos-droitshumains.net\/#\/schema\/logo\/image\/"}},{"@type":"Person","@id":"https:\/\/infos-droitshumains.net\/#\/schema\/person\/3dc5e921c3302172e0ed4362f96faab7","name":"Jo\u00ebl Diawa","image":{"@type":"ImageObject","inLanguage":"fr-FR","@id":"https:\/\/secure.gravatar.com\/avatar\/729bea6ff4604c624417803c477363be8e3c7186deaa65713313f9b4b820f41c?s=96&d=mm&r=g","url":"https:\/\/secure.gravatar.com\/avatar\/729bea6ff4604c624417803c477363be8e3c7186deaa65713313f9b4b820f41c?s=96&d=mm&r=g","contentUrl":"https:\/\/secure.gravatar.com\/avatar\/729bea6ff4604c624417803c477363be8e3c7186deaa65713313f9b4b820f41c?s=96&d=mm&r=g","caption":"Jo\u00ebl Diawa"},"sameAs":["https:\/\/www.infos-droitshumains.net"],"url":"https:\/\/infos-droitshumains.net\/?author=2"}]}},"featured_image_urls":{"full":["https:\/\/i0.wp.com\/infos-droitshumains.net\/wp-content\/uploads\/2025\/05\/IMG-20250506-WA0008_1.jpg?fit=863%2C887&ssl=1",863,887,false],"thumbnail":["https:\/\/i0.wp.com\/infos-droitshumains.net\/wp-content\/uploads\/2025\/05\/IMG-20250506-WA0008_1.jpg?resize=150%2C150&ssl=1",150,150,true],"medium":["https:\/\/i0.wp.com\/infos-droitshumains.net\/wp-content\/uploads\/2025\/05\/IMG-20250506-WA0008_1.jpg?fit=292%2C300&ssl=1",292,300,true],"medium_large":["https:\/\/i0.wp.com\/infos-droitshumains.net\/wp-content\/uploads\/2025\/05\/IMG-20250506-WA0008_1.jpg?fit=640%2C658&ssl=1",640,658,true],"large":["https:\/\/i0.wp.com\/infos-droitshumains.net\/wp-content\/uploads\/2025\/05\/IMG-20250506-WA0008_1.jpg?fit=640%2C658&ssl=1",640,658,true],"1536x1536":["https:\/\/i0.wp.com\/infos-droitshumains.net\/wp-content\/uploads\/2025\/05\/IMG-20250506-WA0008_1.jpg?fit=863%2C887&ssl=1",863,887,true],"2048x2048":["https:\/\/i0.wp.com\/infos-droitshumains.net\/wp-content\/uploads\/2025\/05\/IMG-20250506-WA0008_1.jpg?fit=863%2C887&ssl=1",863,887,true],"covernews-slider-full":["https:\/\/i0.wp.com\/infos-droitshumains.net\/wp-content\/uploads\/2025\/05\/IMG-20250506-WA0008_1.jpg?resize=863%2C715&ssl=1",863,715,true],"covernews-slider-center":["https:\/\/i0.wp.com\/infos-droitshumains.net\/wp-content\/uploads\/2025\/05\/IMG-20250506-WA0008_1.jpg?resize=800%2C500&ssl=1",800,500,true],"covernews-featured":["https:\/\/i0.wp.com\/infos-droitshumains.net\/wp-content\/uploads\/2025\/05\/IMG-20250506-WA0008_1.jpg?fit=863%2C887&ssl=1",863,887,true],"covernews-medium":["https:\/\/i0.wp.com\/infos-droitshumains.net\/wp-content\/uploads\/2025\/05\/IMG-20250506-WA0008_1.jpg?resize=540%2C340&ssl=1",540,340,true],"covernews-medium-square":["https:\/\/i0.wp.com\/infos-droitshumains.net\/wp-content\/uploads\/2025\/05\/IMG-20250506-WA0008_1.jpg?resize=400%2C250&ssl=1",400,250,true]},"author_info":{"display_name":"Jo\u00ebl Diawa","author_link":"https:\/\/infos-droitshumains.net\/?author=2"},"category_info":"<a href=\"https:\/\/infos-droitshumains.net\/?cat=8\" rel=\"category\">Soci\u00e9t\u00e9<\/a>","tag_info":"Soci\u00e9t\u00e9","comment_count":"0","jetpack_featured_media_url":"https:\/\/i0.wp.com\/infos-droitshumains.net\/wp-content\/uploads\/2025\/05\/IMG-20250506-WA0008_1.jpg?fit=863%2C887&ssl=1","jetpack-related-posts":[],"jetpack_sharing_enabled":true,"_links":{"self":[{"href":"https:\/\/infos-droitshumains.net\/index.php?rest_route=\/wp\/v2\/posts\/14076","targetHints":{"allow":["GET"]}}],"collection":[{"href":"https:\/\/infos-droitshumains.net\/index.php?rest_route=\/wp\/v2\/posts"}],"about":[{"href":"https:\/\/infos-droitshumains.net\/index.php?rest_route=\/wp\/v2\/types\/post"}],"author":[{"embeddable":true,"href":"https:\/\/infos-droitshumains.net\/index.php?rest_route=\/wp\/v2\/users\/2"}],"replies":[{"embeddable":true,"href":"https:\/\/infos-droitshumains.net\/index.php?rest_route=%2Fwp%2Fv2%2Fcomments&post=14076"}],"version-history":[{"count":16,"href":"https:\/\/infos-droitshumains.net\/index.php?rest_route=\/wp\/v2\/posts\/14076\/revisions"}],"predecessor-version":[{"id":14099,"href":"https:\/\/infos-droitshumains.net\/index.php?rest_route=\/wp\/v2\/posts\/14076\/revisions\/14099"}],"wp:featuredmedia":[{"embeddable":true,"href":"https:\/\/infos-droitshumains.net\/index.php?rest_route=\/wp\/v2\/media\/14094"}],"wp:attachment":[{"href":"https:\/\/infos-droitshumains.net\/index.php?rest_route=%2Fwp%2Fv2%2Fmedia&parent=14076"}],"wp:term":[{"taxonomy":"category","embeddable":true,"href":"https:\/\/infos-droitshumains.net\/index.php?rest_route=%2Fwp%2Fv2%2Fcategories&post=14076"},{"taxonomy":"post_tag","embeddable":true,"href":"https:\/\/infos-droitshumains.net\/index.php?rest_route=%2Fwp%2Fv2%2Ftags&post=14076"}],"curies":[{"name":"wp","href":"https:\/\/api.w.org\/{rel}","templated":true}]}}