{"id":14051,"date":"2025-05-06T14:29:59","date_gmt":"2025-05-06T12:29:59","guid":{"rendered":"https:\/\/infos-droitshumains.net\/?p=14051"},"modified":"2025-05-06T17:55:25","modified_gmt":"2025-05-06T15:55:25","slug":"14051","status":"publish","type":"post","link":"https:\/\/infos-droitshumains.net\/?p=14051","title":{"rendered":"RDC : Lorsque les jeunes avocats b\u00e9n\u00e9ficient d\u2019un environnement propice \u00e0 leur \u00e9panouissement, nous aurons des avocats extr\u00eamement comp\u00e9tents et respectueux des r\u00e8gles d\u00e9ontologiques (Me. Junior Kapuya)"},"content":{"rendered":"\n<p><strong>R\u00e9daction: +243 817 406 088<\/strong><\/p>\n\n\n\n<h3 class=\"wp-block-heading has-vivid-red-color has-text-color has-link-color wp-elements-077d3e2de497f29ee406211b10f40d8f\">L\u2019Union des Jeunes Avocats du Barreau de Kinshasa\/Gombe a organis\u00e9 ce samedi 04 mai 2025, la marche de sant\u00e9 et d\u2019endurance \u00e0 l\u2019intention de tous les avocats se trouvant sur le sol kinois. <\/h3>\n\n\n\n<p>L\u2019activit\u00e9 a connu la participation de plusieurs ain\u00e9s venus t\u00e9moigner leur ind\u00e9fectible soutien \u00e0 la jeunesse montante au nombre desquels, Me. Junior Kapuya Meleka. Ce dernier, par sa pr\u00e9sence, a voulu t\u00e9moigner son ind\u00e9fectible soutien aux jeunes:<\/p>\n\n\n\n<figure class=\"wp-block-image alignfull size-large\"><img data-recalc-dims=\"1\" fetchpriority=\"high\" decoding=\"async\" width=\"640\" height=\"480\" src=\"https:\/\/i0.wp.com\/infos-droitshumains.net\/wp-content\/uploads\/2025\/05\/IMG_20250503_090040_7.jpg?resize=640%2C480&#038;ssl=1\" alt=\"\" class=\"wp-image-14069\" srcset=\"https:\/\/i0.wp.com\/infos-droitshumains.net\/wp-content\/uploads\/2025\/05\/IMG_20250503_090040_7.jpg?resize=1024%2C768&amp;ssl=1 1024w, https:\/\/i0.wp.com\/infos-droitshumains.net\/wp-content\/uploads\/2025\/05\/IMG_20250503_090040_7.jpg?resize=300%2C225&amp;ssl=1 300w, https:\/\/i0.wp.com\/infos-droitshumains.net\/wp-content\/uploads\/2025\/05\/IMG_20250503_090040_7.jpg?resize=768%2C576&amp;ssl=1 768w, https:\/\/i0.wp.com\/infos-droitshumains.net\/wp-content\/uploads\/2025\/05\/IMG_20250503_090040_7.jpg?w=1040&amp;ssl=1 1040w\" sizes=\"(max-width: 640px) 100vw, 640px\" \/><\/figure>\n\n\n\n<p><em>\u00ab C\u2019est toujours un agr\u00e9able moment de partage que de participer \u00e0 des \u00e9v\u00e8nements comme celui-ci. L\u2019Union des Jeunes Avocats du Barreau de Kinshasa\/Gombe m\u2019a fait l\u2019honneur de me convier, et je suis tout autant content de rencontrer d\u2019autres confr\u00e8res et nous passons un agr\u00e9able moment d\u2019\u00e9change et de partage. Vous n\u2019avez qu\u2019\u00e0 voir l\u2019envergure, l\u2019ampleur pour vous rendre compte de la r\u00e9ussite de cette activit\u00e9. J\u2019en profite pour lancer des fleurs au comit\u00e9 et lui t\u00e9moigner tout mon soutient et tous mes encouragements pour la suite \u00bb<\/em>, a-t-il indiqu\u00e9.<\/p>\n\n\n\n<p>Le Secr\u00e9taire honoraire de l\u2019Ordre du Barreau de Kinshasa\/Gombe a cependant insist\u00e9 sur la formation du jeune avocat afin de pr\u00e9parer la rel\u00e8ve :<\/p>\n\n\n\n<p><em>\u00ab Je suis pass\u00e9 par l\u00e0 moi-m\u00eame et je connais les difficult\u00e9s, je connais les ressentis, je connais parfois les frustrations, c\u2019est pour cela que de temps en temps, j\u2019essaie d\u2019offrir ma disponibilit\u00e9 pour profiter de ce genre d\u2019occasion afin de discuter et partager des exp\u00e9riences. Comme je le dis souvent, un bon stagiaire d\u2019aujourd\u2019hui vous fait un bon patron de cabinet demain. Donc il est clair que lorsqu\u2019ils sont tr\u00e8s bien form\u00e9s, lorsqu\u2019ils b\u00e9n\u00e9ficient d\u2019un environnement favorable, propice \u00e0 leur \u00e9panouissement, c\u2019est clair que demain nous aurons des avocats extr\u00eamement comp\u00e9tents et extr\u00eamement respectueux des r\u00e8gles d\u00e9ontologiques \u00bb<\/em>, a affirm\u00e9 Junior Kapuya qui a par ailleurs rappel\u00e9 \u00e0 ses jeunes jeunes confr\u00e8res l\u2019importance d\u2019aimer la profession <em>\u00ab sur toutes ses facettes \u00bb<\/em> et le respect des r\u00e8gles qui sont <em>\u00ab implacables et opposables \u00e0 tous \u00bb<\/em> dans leurs d\u00e9marches quotidiennes.<\/p>\n\n\n\n<figure class=\"wp-block-image alignfull size-full\"><img data-recalc-dims=\"1\" decoding=\"async\" width=\"614\" height=\"485\" src=\"https:\/\/i0.wp.com\/infos-droitshumains.net\/wp-content\/uploads\/2025\/05\/IMG-20250506-WA0021_1-1.jpg?resize=614%2C485&#038;ssl=1\" alt=\"\" class=\"wp-image-14071\" srcset=\"https:\/\/i0.wp.com\/infos-droitshumains.net\/wp-content\/uploads\/2025\/05\/IMG-20250506-WA0021_1-1.jpg?w=614&amp;ssl=1 614w, https:\/\/i0.wp.com\/infos-droitshumains.net\/wp-content\/uploads\/2025\/05\/IMG-20250506-WA0021_1-1.jpg?resize=300%2C237&amp;ssl=1 300w\" sizes=\"(max-width: 614px) 100vw, 614px\" \/><\/figure>\n\n\n\n<p>Au comit\u00e9 de l\u2019UJA\/BKG dirig\u00e9 par le Pr\u00e9sident Kakura Jean-Claude, il a promis un ind\u00e9fectible soutien pour la suite :<\/p>\n\n\n\n<p><em>\u00ab je sais qu\u2019ils se sont donn\u00e9s pour redynamiser cette association et ils peuvent \u00eatre contents du travail qu\u2019ils ont d\u00e9j\u00e0 r\u00e9alis\u00e9 jusqu\u2019\u00e0 pr\u00e9sent, puisqu\u2019on sent que les jeunes avocats de la Gombe d\u00e9sormais ont une structure qui constituera le relai entre eux et le Conseil de l\u2019Ordre \u00bb<\/em>, s\u2019est-il r\u00e9joui.<\/p>\n\n\n\n<figure class=\"wp-block-image alignfull size-full\"><img data-recalc-dims=\"1\" decoding=\"async\" width=\"614\" height=\"920\" src=\"https:\/\/i0.wp.com\/infos-droitshumains.net\/wp-content\/uploads\/2025\/05\/IMG-20250506-WA0018.jpg?resize=614%2C920&#038;ssl=1\" alt=\"\" class=\"wp-image-14074\" srcset=\"https:\/\/i0.wp.com\/infos-droitshumains.net\/wp-content\/uploads\/2025\/05\/IMG-20250506-WA0018.jpg?w=614&amp;ssl=1 614w, https:\/\/i0.wp.com\/infos-droitshumains.net\/wp-content\/uploads\/2025\/05\/IMG-20250506-WA0018.jpg?resize=200%2C300&amp;ssl=1 200w\" sizes=\"(max-width: 614px) 100vw, 614px\" \/><\/figure>\n\n\n\n<p>Avocat et Secr\u00e9taire honoraire de l\u2019Ordre du Barreau de Kinshasa\/Gombe, Me. Junior Kapuya Meleka est \u00e0 l\u2019initiative de plusieurs associations qui r\u00e9unissent les jeunes avocats en Afrique et dans le monde.<\/p>\n\n\n\n<p>Jo\u00ebl Diawa<\/p>\n","protected":false},"excerpt":{"rendered":"<p>R\u00e9daction: +243 817 406 088 L\u2019Union des Jeunes Avocats du Barreau de Kinshasa\/Gombe a organis\u00e9&#8230;<\/p>\n","protected":false},"author":2,"featured_media":14067,"comment_status":"open","ping_status":"open","sticky":false,"template":"","format":"standard","meta":{"_jetpack_memberships_contains_paid_content":false,"footnotes":""},"categories":[6],"tags":[],"class_list":["post-14051","post","type-post","status-publish","format-standard","has-post-thumbnail","hentry","category-justice"],"yoast_head":"<!-- This site is optimized with the Yoast SEO plugin v27.5 - https:\/\/yoast.com\/product\/yoast-seo-wordpress\/ -->\n<title>RDC : Lorsque les jeunes avocats b\u00e9n\u00e9ficient d\u2019un environnement propice \u00e0 leur \u00e9panouissement, nous aurons des avocats extr\u00eamement comp\u00e9tents et respectueux des r\u00e8gles d\u00e9ontologiques (Me. Junior Kapuya) - Infos Droits Humains<\/title>\n<meta name=\"robots\" content=\"index, follow, max-snippet:-1, max-image-preview:large, max-video-preview:-1\" \/>\n<link rel=\"canonical\" href=\"https:\/\/infos-droitshumains.net\/?p=14051\" \/>\n<meta property=\"og:locale\" content=\"fr_FR\" \/>\n<meta property=\"og:type\" content=\"article\" \/>\n<meta property=\"og:title\" content=\"RDC : Lorsque les jeunes avocats b\u00e9n\u00e9ficient d\u2019un environnement propice \u00e0 leur \u00e9panouissement, nous aurons des avocats extr\u00eamement comp\u00e9tents et respectueux des r\u00e8gles d\u00e9ontologiques (Me. Junior Kapuya) - Infos Droits Humains\" \/>\n<meta property=\"og:description\" content=\"R\u00e9daction: +243 817 406 088 L\u2019Union des Jeunes Avocats du Barreau de Kinshasa\/Gombe a organis\u00e9...\" \/>\n<meta property=\"og:url\" content=\"https:\/\/infos-droitshumains.net\/?p=14051\" \/>\n<meta property=\"og:site_name\" content=\"Infos Droits Humains\" \/>\n<meta property=\"article:published_time\" content=\"2025-05-06T12:29:59+00:00\" \/>\n<meta property=\"article:modified_time\" content=\"2025-05-06T15:55:25+00:00\" \/>\n<meta property=\"og:image\" content=\"https:\/\/infos-droitshumains.net\/wp-content\/uploads\/2025\/05\/IMG-20250506-WA0021_1.jpg\" \/>\n\t<meta property=\"og:image:width\" content=\"614\" \/>\n\t<meta property=\"og:image:height\" content=\"485\" \/>\n\t<meta property=\"og:image:type\" content=\"image\/jpeg\" \/>\n<meta name=\"author\" content=\"Jo\u00ebl Diawa\" \/>\n<meta name=\"twitter:card\" content=\"summary_large_image\" \/>\n<meta name=\"twitter:label1\" content=\"\u00c9crit par\" \/>\n\t<meta name=\"twitter:data1\" content=\"Jo\u00ebl Diawa\" \/>\n\t<meta name=\"twitter:label2\" content=\"Dur\u00e9e de lecture estim\u00e9e\" \/>\n\t<meta name=\"twitter:data2\" content=\"3 minutes\" \/>\n<script type=\"application\/ld+json\" class=\"yoast-schema-graph\">{\"@context\":\"https:\\\/\\\/schema.org\",\"@graph\":[{\"@type\":\"Article\",\"@id\":\"https:\\\/\\\/infos-droitshumains.net\\\/?p=14051#article\",\"isPartOf\":{\"@id\":\"https:\\\/\\\/infos-droitshumains.net\\\/?p=14051\"},\"author\":{\"name\":\"Jo\u00ebl Diawa\",\"@id\":\"https:\\\/\\\/infos-droitshumains.net\\\/#\\\/schema\\\/person\\\/3dc5e921c3302172e0ed4362f96faab7\"},\"headline\":\"RDC : Lorsque les jeunes avocats b\u00e9n\u00e9ficient d\u2019un environnement propice \u00e0 leur \u00e9panouissement, nous aurons des avocats extr\u00eamement comp\u00e9tents et respectueux des r\u00e8gles d\u00e9ontologiques (Me. Junior Kapuya)\",\"datePublished\":\"2025-05-06T12:29:59+00:00\",\"dateModified\":\"2025-05-06T15:55:25+00:00\",\"mainEntityOfPage\":{\"@id\":\"https:\\\/\\\/infos-droitshumains.net\\\/?p=14051\"},\"wordCount\":523,\"commentCount\":0,\"publisher\":{\"@id\":\"https:\\\/\\\/infos-droitshumains.net\\\/#organization\"},\"image\":{\"@id\":\"https:\\\/\\\/infos-droitshumains.net\\\/?p=14051#primaryimage\"},\"thumbnailUrl\":\"https:\\\/\\\/i0.wp.com\\\/infos-droitshumains.net\\\/wp-content\\\/uploads\\\/2025\\\/05\\\/IMG-20250506-WA0021_1.jpg?fit=614%2C485&ssl=1\",\"articleSection\":[\"Justice\"],\"inLanguage\":\"fr-FR\",\"potentialAction\":[{\"@type\":\"CommentAction\",\"name\":\"Comment\",\"target\":[\"https:\\\/\\\/infos-droitshumains.net\\\/?p=14051#respond\"]}]},{\"@type\":\"WebPage\",\"@id\":\"https:\\\/\\\/infos-droitshumains.net\\\/?p=14051\",\"url\":\"https:\\\/\\\/infos-droitshumains.net\\\/?p=14051\",\"name\":\"RDC : Lorsque les jeunes avocats b\u00e9n\u00e9ficient d\u2019un environnement propice \u00e0 leur \u00e9panouissement, nous aurons des avocats extr\u00eamement comp\u00e9tents et respectueux des r\u00e8gles d\u00e9ontologiques (Me. Junior Kapuya) - Infos Droits Humains\",\"isPartOf\":{\"@id\":\"https:\\\/\\\/infos-droitshumains.net\\\/#website\"},\"primaryImageOfPage\":{\"@id\":\"https:\\\/\\\/infos-droitshumains.net\\\/?p=14051#primaryimage\"},\"image\":{\"@id\":\"https:\\\/\\\/infos-droitshumains.net\\\/?p=14051#primaryimage\"},\"thumbnailUrl\":\"https:\\\/\\\/i0.wp.com\\\/infos-droitshumains.net\\\/wp-content\\\/uploads\\\/2025\\\/05\\\/IMG-20250506-WA0021_1.jpg?fit=614%2C485&ssl=1\",\"datePublished\":\"2025-05-06T12:29:59+00:00\",\"dateModified\":\"2025-05-06T15:55:25+00:00\",\"breadcrumb\":{\"@id\":\"https:\\\/\\\/infos-droitshumains.net\\\/?p=14051#breadcrumb\"},\"inLanguage\":\"fr-FR\",\"potentialAction\":[{\"@type\":\"ReadAction\",\"target\":[\"https:\\\/\\\/infos-droitshumains.net\\\/?p=14051\"]}]},{\"@type\":\"ImageObject\",\"inLanguage\":\"fr-FR\",\"@id\":\"https:\\\/\\\/infos-droitshumains.net\\\/?p=14051#primaryimage\",\"url\":\"https:\\\/\\\/i0.wp.com\\\/infos-droitshumains.net\\\/wp-content\\\/uploads\\\/2025\\\/05\\\/IMG-20250506-WA0021_1.jpg?fit=614%2C485&ssl=1\",\"contentUrl\":\"https:\\\/\\\/i0.wp.com\\\/infos-droitshumains.net\\\/wp-content\\\/uploads\\\/2025\\\/05\\\/IMG-20250506-WA0021_1.jpg?fit=614%2C485&ssl=1\",\"width\":614,\"height\":485},{\"@type\":\"BreadcrumbList\",\"@id\":\"https:\\\/\\\/infos-droitshumains.net\\\/?p=14051#breadcrumb\",\"itemListElement\":[{\"@type\":\"ListItem\",\"position\":1,\"name\":\"Accueil\",\"item\":\"https:\\\/\\\/infos-droitshumains.net\\\/\"},{\"@type\":\"ListItem\",\"position\":2,\"name\":\"RDC : Lorsque les jeunes avocats b\u00e9n\u00e9ficient d\u2019un environnement propice \u00e0 leur \u00e9panouissement, nous aurons des avocats extr\u00eamement comp\u00e9tents et respectueux des r\u00e8gles d\u00e9ontologiques (Me. Junior Kapuya)\"}]},{\"@type\":\"WebSite\",\"@id\":\"https:\\\/\\\/infos-droitshumains.net\\\/#website\",\"url\":\"https:\\\/\\\/infos-droitshumains.net\\\/\",\"name\":\"Infos Droits Humains\",\"description\":\"S&#039;informer est un droit\",\"publisher\":{\"@id\":\"https:\\\/\\\/infos-droitshumains.net\\\/#organization\"},\"potentialAction\":[{\"@type\":\"SearchAction\",\"target\":{\"@type\":\"EntryPoint\",\"urlTemplate\":\"https:\\\/\\\/infos-droitshumains.net\\\/?s={search_term_string}\"},\"query-input\":{\"@type\":\"PropertyValueSpecification\",\"valueRequired\":true,\"valueName\":\"search_term_string\"}}],\"inLanguage\":\"fr-FR\"},{\"@type\":\"Organization\",\"@id\":\"https:\\\/\\\/infos-droitshumains.net\\\/#organization\",\"name\":\"Infos Droits Humains\",\"url\":\"https:\\\/\\\/infos-droitshumains.net\\\/\",\"logo\":{\"@type\":\"ImageObject\",\"inLanguage\":\"fr-FR\",\"@id\":\"https:\\\/\\\/infos-droitshumains.net\\\/#\\\/schema\\\/logo\\\/image\\\/\",\"url\":\"https:\\\/\\\/i0.wp.com\\\/infos-droitshumains.net\\\/wp-content\\\/uploads\\\/2022\\\/05\\\/Logo.png?fit=333%2C129&ssl=1\",\"contentUrl\":\"https:\\\/\\\/i0.wp.com\\\/infos-droitshumains.net\\\/wp-content\\\/uploads\\\/2022\\\/05\\\/Logo.png?fit=333%2C129&ssl=1\",\"width\":333,\"height\":129,\"caption\":\"Infos Droits Humains\"},\"image\":{\"@id\":\"https:\\\/\\\/infos-droitshumains.net\\\/#\\\/schema\\\/logo\\\/image\\\/\"}},{\"@type\":\"Person\",\"@id\":\"https:\\\/\\\/infos-droitshumains.net\\\/#\\\/schema\\\/person\\\/3dc5e921c3302172e0ed4362f96faab7\",\"name\":\"Jo\u00ebl Diawa\",\"image\":{\"@type\":\"ImageObject\",\"inLanguage\":\"fr-FR\",\"@id\":\"https:\\\/\\\/secure.gravatar.com\\\/avatar\\\/729bea6ff4604c624417803c477363be8e3c7186deaa65713313f9b4b820f41c?s=96&d=mm&r=g\",\"url\":\"https:\\\/\\\/secure.gravatar.com\\\/avatar\\\/729bea6ff4604c624417803c477363be8e3c7186deaa65713313f9b4b820f41c?s=96&d=mm&r=g\",\"contentUrl\":\"https:\\\/\\\/secure.gravatar.com\\\/avatar\\\/729bea6ff4604c624417803c477363be8e3c7186deaa65713313f9b4b820f41c?s=96&d=mm&r=g\",\"caption\":\"Jo\u00ebl Diawa\"},\"sameAs\":[\"https:\\\/\\\/www.infos-droitshumains.net\"],\"url\":\"https:\\\/\\\/infos-droitshumains.net\\\/?author=2\"}]}<\/script>\n<!-- \/ Yoast SEO plugin. -->","yoast_head_json":{"title":"RDC : Lorsque les jeunes avocats b\u00e9n\u00e9ficient d\u2019un environnement propice \u00e0 leur \u00e9panouissement, nous aurons des avocats extr\u00eamement comp\u00e9tents et respectueux des r\u00e8gles d\u00e9ontologiques (Me. Junior Kapuya) - Infos Droits Humains","robots":{"index":"index","follow":"follow","max-snippet":"max-snippet:-1","max-image-preview":"max-image-preview:large","max-video-preview":"max-video-preview:-1"},"canonical":"https:\/\/infos-droitshumains.net\/?p=14051","og_locale":"fr_FR","og_type":"article","og_title":"RDC : Lorsque les jeunes avocats b\u00e9n\u00e9ficient d\u2019un environnement propice \u00e0 leur \u00e9panouissement, nous aurons des avocats extr\u00eamement comp\u00e9tents et respectueux des r\u00e8gles d\u00e9ontologiques (Me. Junior Kapuya) - Infos Droits Humains","og_description":"R\u00e9daction: +243 817 406 088 L\u2019Union des Jeunes Avocats du Barreau de Kinshasa\/Gombe a organis\u00e9...","og_url":"https:\/\/infos-droitshumains.net\/?p=14051","og_site_name":"Infos Droits Humains","article_published_time":"2025-05-06T12:29:59+00:00","article_modified_time":"2025-05-06T15:55:25+00:00","og_image":[{"width":614,"height":485,"url":"https:\/\/infos-droitshumains.net\/wp-content\/uploads\/2025\/05\/IMG-20250506-WA0021_1.jpg","type":"image\/jpeg"}],"author":"Jo\u00ebl Diawa","twitter_card":"summary_large_image","twitter_misc":{"\u00c9crit par":"Jo\u00ebl Diawa","Dur\u00e9e de lecture estim\u00e9e":"3 minutes"},"schema":{"@context":"https:\/\/schema.org","@graph":[{"@type":"Article","@id":"https:\/\/infos-droitshumains.net\/?p=14051#article","isPartOf":{"@id":"https:\/\/infos-droitshumains.net\/?p=14051"},"author":{"name":"Jo\u00ebl Diawa","@id":"https:\/\/infos-droitshumains.net\/#\/schema\/person\/3dc5e921c3302172e0ed4362f96faab7"},"headline":"RDC : Lorsque les jeunes avocats b\u00e9n\u00e9ficient d\u2019un environnement propice \u00e0 leur \u00e9panouissement, nous aurons des avocats extr\u00eamement comp\u00e9tents et respectueux des r\u00e8gles d\u00e9ontologiques (Me. Junior Kapuya)","datePublished":"2025-05-06T12:29:59+00:00","dateModified":"2025-05-06T15:55:25+00:00","mainEntityOfPage":{"@id":"https:\/\/infos-droitshumains.net\/?p=14051"},"wordCount":523,"commentCount":0,"publisher":{"@id":"https:\/\/infos-droitshumains.net\/#organization"},"image":{"@id":"https:\/\/infos-droitshumains.net\/?p=14051#primaryimage"},"thumbnailUrl":"https:\/\/i0.wp.com\/infos-droitshumains.net\/wp-content\/uploads\/2025\/05\/IMG-20250506-WA0021_1.jpg?fit=614%2C485&ssl=1","articleSection":["Justice"],"inLanguage":"fr-FR","potentialAction":[{"@type":"CommentAction","name":"Comment","target":["https:\/\/infos-droitshumains.net\/?p=14051#respond"]}]},{"@type":"WebPage","@id":"https:\/\/infos-droitshumains.net\/?p=14051","url":"https:\/\/infos-droitshumains.net\/?p=14051","name":"RDC : Lorsque les jeunes avocats b\u00e9n\u00e9ficient d\u2019un environnement propice \u00e0 leur \u00e9panouissement, nous aurons des avocats extr\u00eamement comp\u00e9tents et respectueux des r\u00e8gles d\u00e9ontologiques (Me. Junior Kapuya) - Infos Droits Humains","isPartOf":{"@id":"https:\/\/infos-droitshumains.net\/#website"},"primaryImageOfPage":{"@id":"https:\/\/infos-droitshumains.net\/?p=14051#primaryimage"},"image":{"@id":"https:\/\/infos-droitshumains.net\/?p=14051#primaryimage"},"thumbnailUrl":"https:\/\/i0.wp.com\/infos-droitshumains.net\/wp-content\/uploads\/2025\/05\/IMG-20250506-WA0021_1.jpg?fit=614%2C485&ssl=1","datePublished":"2025-05-06T12:29:59+00:00","dateModified":"2025-05-06T15:55:25+00:00","breadcrumb":{"@id":"https:\/\/infos-droitshumains.net\/?p=14051#breadcrumb"},"inLanguage":"fr-FR","potentialAction":[{"@type":"ReadAction","target":["https:\/\/infos-droitshumains.net\/?p=14051"]}]},{"@type":"ImageObject","inLanguage":"fr-FR","@id":"https:\/\/infos-droitshumains.net\/?p=14051#primaryimage","url":"https:\/\/i0.wp.com\/infos-droitshumains.net\/wp-content\/uploads\/2025\/05\/IMG-20250506-WA0021_1.jpg?fit=614%2C485&ssl=1","contentUrl":"https:\/\/i0.wp.com\/infos-droitshumains.net\/wp-content\/uploads\/2025\/05\/IMG-20250506-WA0021_1.jpg?fit=614%2C485&ssl=1","width":614,"height":485},{"@type":"BreadcrumbList","@id":"https:\/\/infos-droitshumains.net\/?p=14051#breadcrumb","itemListElement":[{"@type":"ListItem","position":1,"name":"Accueil","item":"https:\/\/infos-droitshumains.net\/"},{"@type":"ListItem","position":2,"name":"RDC : Lorsque les jeunes avocats b\u00e9n\u00e9ficient d\u2019un environnement propice \u00e0 leur \u00e9panouissement, nous aurons des avocats extr\u00eamement comp\u00e9tents et respectueux des r\u00e8gles d\u00e9ontologiques (Me. Junior Kapuya)"}]},{"@type":"WebSite","@id":"https:\/\/infos-droitshumains.net\/#website","url":"https:\/\/infos-droitshumains.net\/","name":"Infos Droits Humains","description":"S&#039;informer est un droit","publisher":{"@id":"https:\/\/infos-droitshumains.net\/#organization"},"potentialAction":[{"@type":"SearchAction","target":{"@type":"EntryPoint","urlTemplate":"https:\/\/infos-droitshumains.net\/?s={search_term_string}"},"query-input":{"@type":"PropertyValueSpecification","valueRequired":true,"valueName":"search_term_string"}}],"inLanguage":"fr-FR"},{"@type":"Organization","@id":"https:\/\/infos-droitshumains.net\/#organization","name":"Infos Droits Humains","url":"https:\/\/infos-droitshumains.net\/","logo":{"@type":"ImageObject","inLanguage":"fr-FR","@id":"https:\/\/infos-droitshumains.net\/#\/schema\/logo\/image\/","url":"https:\/\/i0.wp.com\/infos-droitshumains.net\/wp-content\/uploads\/2022\/05\/Logo.png?fit=333%2C129&ssl=1","contentUrl":"https:\/\/i0.wp.com\/infos-droitshumains.net\/wp-content\/uploads\/2022\/05\/Logo.png?fit=333%2C129&ssl=1","width":333,"height":129,"caption":"Infos Droits Humains"},"image":{"@id":"https:\/\/infos-droitshumains.net\/#\/schema\/logo\/image\/"}},{"@type":"Person","@id":"https:\/\/infos-droitshumains.net\/#\/schema\/person\/3dc5e921c3302172e0ed4362f96faab7","name":"Jo\u00ebl Diawa","image":{"@type":"ImageObject","inLanguage":"fr-FR","@id":"https:\/\/secure.gravatar.com\/avatar\/729bea6ff4604c624417803c477363be8e3c7186deaa65713313f9b4b820f41c?s=96&d=mm&r=g","url":"https:\/\/secure.gravatar.com\/avatar\/729bea6ff4604c624417803c477363be8e3c7186deaa65713313f9b4b820f41c?s=96&d=mm&r=g","contentUrl":"https:\/\/secure.gravatar.com\/avatar\/729bea6ff4604c624417803c477363be8e3c7186deaa65713313f9b4b820f41c?s=96&d=mm&r=g","caption":"Jo\u00ebl Diawa"},"sameAs":["https:\/\/www.infos-droitshumains.net"],"url":"https:\/\/infos-droitshumains.net\/?author=2"}]}},"featured_image_urls":{"full":["https:\/\/i0.wp.com\/infos-droitshumains.net\/wp-content\/uploads\/2025\/05\/IMG-20250506-WA0021_1.jpg?fit=614%2C485&ssl=1",614,485,false],"thumbnail":["https:\/\/i0.wp.com\/infos-droitshumains.net\/wp-content\/uploads\/2025\/05\/IMG-20250506-WA0021_1.jpg?resize=150%2C150&ssl=1",150,150,true],"medium":["https:\/\/i0.wp.com\/infos-droitshumains.net\/wp-content\/uploads\/2025\/05\/IMG-20250506-WA0021_1.jpg?fit=300%2C237&ssl=1",300,237,true],"medium_large":["https:\/\/i0.wp.com\/infos-droitshumains.net\/wp-content\/uploads\/2025\/05\/IMG-20250506-WA0021_1.jpg?fit=614%2C485&ssl=1",614,485,true],"large":["https:\/\/i0.wp.com\/infos-droitshumains.net\/wp-content\/uploads\/2025\/05\/IMG-20250506-WA0021_1.jpg?fit=614%2C485&ssl=1",614,485,true],"1536x1536":["https:\/\/i0.wp.com\/infos-droitshumains.net\/wp-content\/uploads\/2025\/05\/IMG-20250506-WA0021_1.jpg?fit=614%2C485&ssl=1",614,485,true],"2048x2048":["https:\/\/i0.wp.com\/infos-droitshumains.net\/wp-content\/uploads\/2025\/05\/IMG-20250506-WA0021_1.jpg?fit=614%2C485&ssl=1",614,485,true],"covernews-slider-full":["https:\/\/i0.wp.com\/infos-droitshumains.net\/wp-content\/uploads\/2025\/05\/IMG-20250506-WA0021_1.jpg?resize=614%2C485&ssl=1",614,485,true],"covernews-slider-center":["https:\/\/i0.wp.com\/infos-droitshumains.net\/wp-content\/uploads\/2025\/05\/IMG-20250506-WA0021_1.jpg?resize=614%2C485&ssl=1",614,485,true],"covernews-featured":["https:\/\/i0.wp.com\/infos-droitshumains.net\/wp-content\/uploads\/2025\/05\/IMG-20250506-WA0021_1.jpg?fit=614%2C485&ssl=1",614,485,true],"covernews-medium":["https:\/\/i0.wp.com\/infos-droitshumains.net\/wp-content\/uploads\/2025\/05\/IMG-20250506-WA0021_1.jpg?resize=540%2C340&ssl=1",540,340,true],"covernews-medium-square":["https:\/\/i0.wp.com\/infos-droitshumains.net\/wp-content\/uploads\/2025\/05\/IMG-20250506-WA0021_1.jpg?resize=400%2C250&ssl=1",400,250,true]},"author_info":{"display_name":"Jo\u00ebl Diawa","author_link":"https:\/\/infos-droitshumains.net\/?author=2"},"category_info":"<a href=\"https:\/\/infos-droitshumains.net\/?cat=6\" rel=\"category\">Justice<\/a>","tag_info":"Justice","comment_count":"0","jetpack_featured_media_url":"https:\/\/i0.wp.com\/infos-droitshumains.net\/wp-content\/uploads\/2025\/05\/IMG-20250506-WA0021_1.jpg?fit=614%2C485&ssl=1","jetpack-related-posts":[],"jetpack_sharing_enabled":true,"_links":{"self":[{"href":"https:\/\/infos-droitshumains.net\/index.php?rest_route=\/wp\/v2\/posts\/14051","targetHints":{"allow":["GET"]}}],"collection":[{"href":"https:\/\/infos-droitshumains.net\/index.php?rest_route=\/wp\/v2\/posts"}],"about":[{"href":"https:\/\/infos-droitshumains.net\/index.php?rest_route=\/wp\/v2\/types\/post"}],"author":[{"embeddable":true,"href":"https:\/\/infos-droitshumains.net\/index.php?rest_route=\/wp\/v2\/users\/2"}],"replies":[{"embeddable":true,"href":"https:\/\/infos-droitshumains.net\/index.php?rest_route=%2Fwp%2Fv2%2Fcomments&post=14051"}],"version-history":[{"count":13,"href":"https:\/\/infos-droitshumains.net\/index.php?rest_route=\/wp\/v2\/posts\/14051\/revisions"}],"predecessor-version":[{"id":14075,"href":"https:\/\/infos-droitshumains.net\/index.php?rest_route=\/wp\/v2\/posts\/14051\/revisions\/14075"}],"wp:featuredmedia":[{"embeddable":true,"href":"https:\/\/infos-droitshumains.net\/index.php?rest_route=\/wp\/v2\/media\/14067"}],"wp:attachment":[{"href":"https:\/\/infos-droitshumains.net\/index.php?rest_route=%2Fwp%2Fv2%2Fmedia&parent=14051"}],"wp:term":[{"taxonomy":"category","embeddable":true,"href":"https:\/\/infos-droitshumains.net\/index.php?rest_route=%2Fwp%2Fv2%2Fcategories&post=14051"},{"taxonomy":"post_tag","embeddable":true,"href":"https:\/\/infos-droitshumains.net\/index.php?rest_route=%2Fwp%2Fv2%2Ftags&post=14051"}],"curies":[{"name":"wp","href":"https:\/\/api.w.org\/{rel}","templated":true}]}}