{"id":14010,"date":"2025-05-06T10:44:04","date_gmt":"2025-05-06T08:44:04","guid":{"rendered":"https:\/\/infos-droitshumains.net\/?p=14010"},"modified":"2025-05-06T14:51:27","modified_gmt":"2025-05-06T12:51:27","slug":"14010","status":"publish","type":"post","link":"https:\/\/infos-droitshumains.net\/?p=14010","title":{"rendered":"Marche de sant\u00e9 des avocats \u00e0 Kinshasa : Pari gagn\u00e9 pour l\u2019UJA\/BKG"},"content":{"rendered":"\n<p><strong>R\u00e9daction: +243 817 406 088<\/strong><\/p>\n\n\n\n<h3 class=\"wp-block-heading has-vivid-red-color has-text-color has-link-color wp-elements-2d4621426bd177ebdc7c86296681d5b9\">Un esprit sain dans un corps sain dit-on. Suivant ce principe, l\u2019Union des Jeunes Avocats du Barreau de Kinshasa\/Gombe a organis\u00e9 ce samedi 03 mai 2025, une marche de sant\u00e9 et d\u2019endurance \u00e0 laquelle ont \u00e9t\u00e9 convi\u00e9s tous les avocats r\u00e9sidants actuellement dans la ville de Kinshasa.<\/h3>\n\n\n\n<figure class=\"wp-block-image alignfull size-full\"><img data-recalc-dims=\"1\" fetchpriority=\"high\" decoding=\"async\" width=\"640\" height=\"427\" src=\"https:\/\/i0.wp.com\/infos-droitshumains.net\/wp-content\/uploads\/2025\/05\/IMG-20250505-WA0043.jpg?resize=640%2C427&#038;ssl=1\" alt=\"\" class=\"wp-image-14026\" srcset=\"https:\/\/i0.wp.com\/infos-droitshumains.net\/wp-content\/uploads\/2025\/05\/IMG-20250505-WA0043.jpg?w=920&amp;ssl=1 920w, https:\/\/i0.wp.com\/infos-droitshumains.net\/wp-content\/uploads\/2025\/05\/IMG-20250505-WA0043.jpg?resize=300%2C200&amp;ssl=1 300w, https:\/\/i0.wp.com\/infos-droitshumains.net\/wp-content\/uploads\/2025\/05\/IMG-20250505-WA0043.jpg?resize=768%2C513&amp;ssl=1 768w\" sizes=\"(max-width: 640px) 100vw, 640px\" \/><\/figure>\n\n\n\n<p>Partis de la place de la gare centrale dans la commune de la Gombe, les marcheurs ont long\u00e9 le boulevard du 30 juin, l\u2019avenue de la lib\u00e9ration pour chuter \u00e0 Pullman H\u00f4tel.<\/p>\n\n\n\n<figure class=\"wp-block-image alignfull size-full\"><img data-recalc-dims=\"1\" decoding=\"async\" width=\"614\" height=\"920\" src=\"https:\/\/i0.wp.com\/infos-droitshumains.net\/wp-content\/uploads\/2025\/05\/IMG-20250505-WA0045.jpg?resize=614%2C920&#038;ssl=1\" alt=\"\" class=\"wp-image-14034\" srcset=\"https:\/\/i0.wp.com\/infos-droitshumains.net\/wp-content\/uploads\/2025\/05\/IMG-20250505-WA0045.jpg?w=614&amp;ssl=1 614w, https:\/\/i0.wp.com\/infos-droitshumains.net\/wp-content\/uploads\/2025\/05\/IMG-20250505-WA0045.jpg?resize=200%2C300&amp;ssl=1 200w\" sizes=\"(max-width: 614px) 100vw, 614px\" \/><\/figure>\n\n\n\n<figure class=\"wp-block-image alignfull size-large\"><img data-recalc-dims=\"1\" decoding=\"async\" width=\"640\" height=\"480\" src=\"https:\/\/i0.wp.com\/infos-droitshumains.net\/wp-content\/uploads\/2025\/05\/IMG_20250503_091233_776.jpg?resize=640%2C480&#038;ssl=1\" alt=\"\" class=\"wp-image-14040\" srcset=\"https:\/\/i0.wp.com\/infos-droitshumains.net\/wp-content\/uploads\/2025\/05\/IMG_20250503_091233_776.jpg?resize=1024%2C768&amp;ssl=1 1024w, https:\/\/i0.wp.com\/infos-droitshumains.net\/wp-content\/uploads\/2025\/05\/IMG_20250503_091233_776.jpg?resize=300%2C225&amp;ssl=1 300w, https:\/\/i0.wp.com\/infos-droitshumains.net\/wp-content\/uploads\/2025\/05\/IMG_20250503_091233_776.jpg?resize=768%2C576&amp;ssl=1 768w, https:\/\/i0.wp.com\/infos-droitshumains.net\/wp-content\/uploads\/2025\/05\/IMG_20250503_091233_776.jpg?w=1040&amp;ssl=1 1040w\" sizes=\"(max-width: 640px) 100vw, 640px\" \/><\/figure>\n\n\n\n<p>Au point d\u2019arriv\u00e9e, ils ont \u00e9t\u00e9 soumis, gr\u00e2ce \u00e0 une pr\u00e9paratrice physique qualifi\u00e9e, \u00e0 quelques s\u00e9ances d\u2019\u00e9longation.<\/p>\n\n\n\n<figure class=\"wp-block-image alignfull size-full\"><img data-recalc-dims=\"1\" loading=\"lazy\" decoding=\"async\" width=\"614\" height=\"920\" src=\"https:\/\/i0.wp.com\/infos-droitshumains.net\/wp-content\/uploads\/2025\/05\/IMG-20250505-WA0047.jpg?resize=614%2C920&#038;ssl=1\" alt=\"\" class=\"wp-image-14037\" srcset=\"https:\/\/i0.wp.com\/infos-droitshumains.net\/wp-content\/uploads\/2025\/05\/IMG-20250505-WA0047.jpg?w=614&amp;ssl=1 614w, https:\/\/i0.wp.com\/infos-droitshumains.net\/wp-content\/uploads\/2025\/05\/IMG-20250505-WA0047.jpg?resize=200%2C300&amp;ssl=1 200w\" sizes=\"(max-width: 614px) 100vw, 614px\" \/><\/figure>\n\n\n\n<p>L\u2019objectif \u00e0 en croire le Pr\u00e9sident de l\u2019Union des Jeunes Avocats du Barreau de Kinshasa\/Gombe, \u00e9tait de redonner le gout du sport aux confr\u00e8res. Il fallait <em>\u00ab leur rappeler que la sant\u00e9 n\u2019a pas de prix, par-del\u00e0 l\u2019argent les proc\u00e9dures, toutes occupations, il faut avoir un corps sain pour bien porter sa toge, pour bien porter ses charge \u00bb<\/em>, a rappel\u00e9 Me. Jean-Claude Kakura qui s\u2019est r\u00e9joui en outre de la r\u00e9ussite :<\/p>\n\n\n\n<p><em>\u00ab \u2026nous attendions 100 personnes, nous sommes \u00e0 200 ; au vu du nombre, c\u2019est une r\u00e9ussite totale. Ce moment convivial n\u2019a pas de prix, on est heureux de pouvoir se rencontrer entre amis, entre confr\u00e8res sans toge, sans veste ni cravate. Dans ces moments de relaxation l\u2019homme se reconstruit, l\u2019homme repart neuf pour la prochaine semaine de travail qui va recommencer \u00bb<\/em>, a rench\u00e9ri Me. Kakura.<\/p>\n\n\n\n<figure class=\"wp-block-image alignfull size-full\"><img data-recalc-dims=\"1\" loading=\"lazy\" decoding=\"async\" width=\"614\" height=\"920\" src=\"https:\/\/i0.wp.com\/infos-droitshumains.net\/wp-content\/uploads\/2025\/05\/IMG-20250505-WA0046.jpg?resize=614%2C920&#038;ssl=1\" alt=\"\" class=\"wp-image-14043\" srcset=\"https:\/\/i0.wp.com\/infos-droitshumains.net\/wp-content\/uploads\/2025\/05\/IMG-20250505-WA0046.jpg?w=614&amp;ssl=1 614w, https:\/\/i0.wp.com\/infos-droitshumains.net\/wp-content\/uploads\/2025\/05\/IMG-20250505-WA0046.jpg?resize=200%2C300&amp;ssl=1 200w\" sizes=\"(max-width: 614px) 100vw, 614px\" \/><\/figure>\n\n\n\n<p>A en croire Me. Blaise Lunda, le tout premier Pr\u00e9sident de l\u2019Union des Jeunes Avocats du Barreau de Kinshasa\/Gombe, cette activit\u00e9 r\u00e9cr\u00e9ative rentre dans la droite ligne des id\u00e9aux de cette association :<\/p>\n\n\n\n<p><em>\u00ab A chaque fois qu\u2019il y a regroupement des jeunes avocats pour quelconque activit\u00e9  scientifique ou r\u00e9cr\u00e9ative, \u00e7a me fait \u00e9norm\u00e9ment plaisir parce que l\u2019id\u00e9e c\u2019est celle-l\u00e0, de r\u00e9unir les jeunes pour mieux se connaitre, partager des valeurs pour que l\u2019exercice de la profession soit beaucoup plus fraternelle\u2026 L\u2019UJA c\u2019est des valeurs, \u00e0 la cr\u00e9ation de cette association, nous l\u2019avion fond\u00e9 sur des valeurs. La valeur la plus cardinale c\u2019est l\u2019excellence. On veut que les jeunes avocats de notre Barreau soient excellents et, l\u2019excellence passe par la formation et l\u2019abandon de toute m\u00e9diocrit\u00e9 et antivaleur. Pour entretenir cette excellence, il faut former ces jeunes avocats de mani\u00e8re \u00e0 ce que demain, ils deviennent autonomes et ind\u00e9pendants \u00bb,<\/em> a-t-il dit.<\/p>\n\n\n\n<figure class=\"wp-block-image alignfull size-full\"><img data-recalc-dims=\"1\" loading=\"lazy\" decoding=\"async\" width=\"640\" height=\"427\" src=\"https:\/\/i0.wp.com\/infos-droitshumains.net\/wp-content\/uploads\/2025\/05\/IMG-20250506-WA0019.jpg?resize=640%2C427&#038;ssl=1\" alt=\"\" class=\"wp-image-14046\" srcset=\"https:\/\/i0.wp.com\/infos-droitshumains.net\/wp-content\/uploads\/2025\/05\/IMG-20250506-WA0019.jpg?w=920&amp;ssl=1 920w, https:\/\/i0.wp.com\/infos-droitshumains.net\/wp-content\/uploads\/2025\/05\/IMG-20250506-WA0019.jpg?resize=300%2C200&amp;ssl=1 300w, https:\/\/i0.wp.com\/infos-droitshumains.net\/wp-content\/uploads\/2025\/05\/IMG-20250506-WA0019.jpg?resize=768%2C513&amp;ssl=1 768w\" sizes=\"(max-width: 640px) 100vw, 640px\" \/><\/figure>\n\n\n\n<p>La marche de sant\u00e9 a \u00e9galement connu la participation de certains ain\u00e9s \u00e0 l\u2019instar de Me. Junior Kapuya Meleka qui a tenu \u00e0 exprimer son ind\u00e9fectible soutien aux jeunes:<\/p>\n\n\n\n<p><em>\u00ab C\u2019est toujours un agr\u00e9able moment de partage que de participer \u00e0 des \u00e9v\u00e8nements comme celui-ci. L\u2019Union des Jeunes Avocats du Barreau de Kinshasa\/Gombe m\u2019a fait l\u2019honneur de me convier, et je suis tout autant content de rencontrer d\u2019autres confr\u00e8res avec qui, nous passons un agr\u00e9able moment d\u2019\u00e9change et de partage. Vous n\u2019avez qu\u2019\u00e0 voir l\u2019envergure, l\u2019ampleur pour vous rendre compte de la r\u00e9ussite de cette activit\u00e9. J\u2019en profite pour lancer des fleurs au comit\u00e9 et lui t\u00e9moigner tout mon soutient et tous mes encouragements pour la suite. Je suis pass\u00e9 par l\u00e0 moi-m\u00eame et je connais les difficult\u00e9s, je connais les ressentis, je connais parfois les frustrations ; c\u2019est pour cela que des temps en temps j\u2019essaie d\u2019offrir ma disponibilit\u00e9 pour profiter de ce genre d\u2019occasion, pour discuter partager des exp\u00e9rience. Comme je le dis souvent, un bon stagiaire d\u2019aujourd\u2019hui vous fait un bon patron de cabinet demain \u00bb<\/em>, reconna\u00eet le Secr\u00e9taire honoraire de l\u2019Ordre du Barreau de la Gombe.<\/p>\n\n\n\n<figure class=\"wp-block-image alignfull size-full\"><img data-recalc-dims=\"1\" loading=\"lazy\" decoding=\"async\" width=\"614\" height=\"920\" src=\"https:\/\/i0.wp.com\/infos-droitshumains.net\/wp-content\/uploads\/2025\/05\/IMG-20250506-WA0021.jpg?resize=614%2C920&#038;ssl=1\" alt=\"\" class=\"wp-image-14049\" srcset=\"https:\/\/i0.wp.com\/infos-droitshumains.net\/wp-content\/uploads\/2025\/05\/IMG-20250506-WA0021.jpg?w=614&amp;ssl=1 614w, https:\/\/i0.wp.com\/infos-droitshumains.net\/wp-content\/uploads\/2025\/05\/IMG-20250506-WA0021.jpg?resize=200%2C300&amp;ssl=1 200w\" sizes=\"(max-width: 614px) 100vw, 614px\" \/><\/figure>\n\n\n\n<p>Me. C\u00e9dric Kabanangi, c\u2019est une autre figure embl\u00e9matique du Barreau congolais qui a particip\u00e9 \u00e0 cette marche de sant\u00e9. Il a relev\u00e9 l\u2019importance de passer un tel moment avec ses jeunes confr\u00e8res :<\/p>\n\n\n\n<p><em>\u00ab La jeunesse est un \u00e9tat d\u2019esprit, \u00e7a ne d\u00e9pend pas de l\u2019\u00e2ge biologique\u2026 C\u2019est toujours important de renforcer la confraternit\u00e9 entre avocats de Kinshasa \u00bb<\/em>, a-t-il indiqu\u00e9 consid\u00e9rant en effet que, <em>\u00ab la jeunesse c\u2019est la force motrice d\u2019une soci\u00e9t\u00e9 \u00bb<\/em>.<\/p>\n\n\n\n<p><em>\u00ab On ne peut pas penser b\u00e2tir une soci\u00e9t\u00e9 en mettant de c\u00f4t\u00e9 la jeunesse qui a la vitalit\u00e9, un sang nouveau. Sans cette vitalit\u00e9 on ne peut pas esp\u00e9rer assoir une soci\u00e9t\u00e9. J\u2019invite nos jeunes confr\u00e8res \u00e0 observer la discipline, puisque la corporation est une soci\u00e9t\u00e9 tr\u00e8s disciplin\u00e9e ; on ne peut pas esp\u00e9rer obtenir un r\u00e9sultat si on n\u2019est pas disciplin\u00e9 \u00bb<\/em>, a rench\u00e9ri Me. C\u00e9dric Kabanangi.<\/p>\n\n\n\n<p>L\u2019activit\u00e9 a \u00e9t\u00e9 gratuite et Me. Jean-Claude Kukura a affirm\u00e9 qu\u2019en partie, le Conseil de l\u2019Ordre a pris en charge l\u2019organisation et en partie , certains ain\u00e9s g\u00e9n\u00e9reux. Il dit par contre se battre afin qu\u2019\u00e0 l\u2019instar d\u2019autres Unions des Jeunes Avocats d\u2019Afrique, les charges de l\u2019UJA rentre dans le budget du Conseil de l\u2019Ordre.<\/p>\n\n\n\n<p>Jo\u00ebl Diawa<\/p>\n","protected":false},"excerpt":{"rendered":"<p>R\u00e9daction: +243 817 406 088 Un esprit sain dans un corps sain dit-on. Suivant ce&#8230;<\/p>\n","protected":false},"author":2,"featured_media":14029,"comment_status":"open","ping_status":"open","sticky":false,"template":"","format":"standard","meta":{"_jetpack_memberships_contains_paid_content":false,"footnotes":""},"categories":[6],"tags":[],"class_list":["post-14010","post","type-post","status-publish","format-standard","has-post-thumbnail","hentry","category-justice"],"yoast_head":"<!-- This site is optimized with the Yoast SEO plugin v27.5 - https:\/\/yoast.com\/product\/yoast-seo-wordpress\/ -->\n<title>Marche de sant\u00e9 des avocats \u00e0 Kinshasa : Pari gagn\u00e9 pour l\u2019UJA\/BKG - Infos Droits Humains<\/title>\n<meta name=\"robots\" content=\"index, follow, max-snippet:-1, max-image-preview:large, max-video-preview:-1\" \/>\n<link rel=\"canonical\" href=\"https:\/\/infos-droitshumains.net\/?p=14010\" \/>\n<meta property=\"og:locale\" content=\"fr_FR\" \/>\n<meta property=\"og:type\" content=\"article\" \/>\n<meta property=\"og:title\" content=\"Marche de sant\u00e9 des avocats \u00e0 Kinshasa : Pari gagn\u00e9 pour l\u2019UJA\/BKG - Infos Droits Humains\" \/>\n<meta property=\"og:description\" content=\"R\u00e9daction: +243 817 406 088 Un esprit sain dans un corps sain dit-on. Suivant ce...\" \/>\n<meta property=\"og:url\" content=\"https:\/\/infos-droitshumains.net\/?p=14010\" \/>\n<meta property=\"og:site_name\" content=\"Infos Droits Humains\" \/>\n<meta property=\"article:published_time\" content=\"2025-05-06T08:44:04+00:00\" \/>\n<meta property=\"article:modified_time\" content=\"2025-05-06T12:51:27+00:00\" \/>\n<meta property=\"og:image\" content=\"https:\/\/infos-droitshumains.net\/wp-content\/uploads\/2025\/05\/IMG-20250506-WA0020.jpg\" \/>\n\t<meta property=\"og:image:width\" content=\"920\" \/>\n\t<meta property=\"og:image:height\" content=\"614\" \/>\n\t<meta property=\"og:image:type\" content=\"image\/jpeg\" \/>\n<meta name=\"author\" content=\"Jo\u00ebl Diawa\" \/>\n<meta name=\"twitter:card\" content=\"summary_large_image\" \/>\n<meta name=\"twitter:label1\" content=\"\u00c9crit par\" \/>\n\t<meta name=\"twitter:data1\" content=\"Jo\u00ebl Diawa\" \/>\n<script type=\"application\/ld+json\" class=\"yoast-schema-graph\">{\"@context\":\"https:\\\/\\\/schema.org\",\"@graph\":[{\"@type\":\"Article\",\"@id\":\"https:\\\/\\\/infos-droitshumains.net\\\/?p=14010#article\",\"isPartOf\":{\"@id\":\"https:\\\/\\\/infos-droitshumains.net\\\/?p=14010\"},\"author\":{\"name\":\"Jo\u00ebl Diawa\",\"@id\":\"https:\\\/\\\/infos-droitshumains.net\\\/#\\\/schema\\\/person\\\/3dc5e921c3302172e0ed4362f96faab7\"},\"headline\":\"Marche de sant\u00e9 des avocats \u00e0 Kinshasa : Pari gagn\u00e9 pour l\u2019UJA\\\/BKG\",\"datePublished\":\"2025-05-06T08:44:04+00:00\",\"dateModified\":\"2025-05-06T12:51:27+00:00\",\"mainEntityOfPage\":{\"@id\":\"https:\\\/\\\/infos-droitshumains.net\\\/?p=14010\"},\"wordCount\":886,\"commentCount\":0,\"publisher\":{\"@id\":\"https:\\\/\\\/infos-droitshumains.net\\\/#organization\"},\"image\":{\"@id\":\"https:\\\/\\\/infos-droitshumains.net\\\/?p=14010#primaryimage\"},\"thumbnailUrl\":\"https:\\\/\\\/i0.wp.com\\\/infos-droitshumains.net\\\/wp-content\\\/uploads\\\/2025\\\/05\\\/IMG-20250506-WA0020.jpg?fit=920%2C614&ssl=1\",\"articleSection\":[\"Justice\"],\"inLanguage\":\"fr-FR\",\"potentialAction\":[{\"@type\":\"CommentAction\",\"name\":\"Comment\",\"target\":[\"https:\\\/\\\/infos-droitshumains.net\\\/?p=14010#respond\"]}]},{\"@type\":\"WebPage\",\"@id\":\"https:\\\/\\\/infos-droitshumains.net\\\/?p=14010\",\"url\":\"https:\\\/\\\/infos-droitshumains.net\\\/?p=14010\",\"name\":\"Marche de sant\u00e9 des avocats \u00e0 Kinshasa : Pari gagn\u00e9 pour l\u2019UJA\\\/BKG - Infos Droits Humains\",\"isPartOf\":{\"@id\":\"https:\\\/\\\/infos-droitshumains.net\\\/#website\"},\"primaryImageOfPage\":{\"@id\":\"https:\\\/\\\/infos-droitshumains.net\\\/?p=14010#primaryimage\"},\"image\":{\"@id\":\"https:\\\/\\\/infos-droitshumains.net\\\/?p=14010#primaryimage\"},\"thumbnailUrl\":\"https:\\\/\\\/i0.wp.com\\\/infos-droitshumains.net\\\/wp-content\\\/uploads\\\/2025\\\/05\\\/IMG-20250506-WA0020.jpg?fit=920%2C614&ssl=1\",\"datePublished\":\"2025-05-06T08:44:04+00:00\",\"dateModified\":\"2025-05-06T12:51:27+00:00\",\"breadcrumb\":{\"@id\":\"https:\\\/\\\/infos-droitshumains.net\\\/?p=14010#breadcrumb\"},\"inLanguage\":\"fr-FR\",\"potentialAction\":[{\"@type\":\"ReadAction\",\"target\":[\"https:\\\/\\\/infos-droitshumains.net\\\/?p=14010\"]}]},{\"@type\":\"ImageObject\",\"inLanguage\":\"fr-FR\",\"@id\":\"https:\\\/\\\/infos-droitshumains.net\\\/?p=14010#primaryimage\",\"url\":\"https:\\\/\\\/i0.wp.com\\\/infos-droitshumains.net\\\/wp-content\\\/uploads\\\/2025\\\/05\\\/IMG-20250506-WA0020.jpg?fit=920%2C614&ssl=1\",\"contentUrl\":\"https:\\\/\\\/i0.wp.com\\\/infos-droitshumains.net\\\/wp-content\\\/uploads\\\/2025\\\/05\\\/IMG-20250506-WA0020.jpg?fit=920%2C614&ssl=1\",\"width\":920,\"height\":614},{\"@type\":\"BreadcrumbList\",\"@id\":\"https:\\\/\\\/infos-droitshumains.net\\\/?p=14010#breadcrumb\",\"itemListElement\":[{\"@type\":\"ListItem\",\"position\":1,\"name\":\"Accueil\",\"item\":\"https:\\\/\\\/infos-droitshumains.net\\\/\"},{\"@type\":\"ListItem\",\"position\":2,\"name\":\"Marche de sant\u00e9 des avocats \u00e0 Kinshasa : Pari gagn\u00e9 pour l\u2019UJA\\\/BKG\"}]},{\"@type\":\"WebSite\",\"@id\":\"https:\\\/\\\/infos-droitshumains.net\\\/#website\",\"url\":\"https:\\\/\\\/infos-droitshumains.net\\\/\",\"name\":\"Infos Droits Humains\",\"description\":\"S&#039;informer est un droit\",\"publisher\":{\"@id\":\"https:\\\/\\\/infos-droitshumains.net\\\/#organization\"},\"potentialAction\":[{\"@type\":\"SearchAction\",\"target\":{\"@type\":\"EntryPoint\",\"urlTemplate\":\"https:\\\/\\\/infos-droitshumains.net\\\/?s={search_term_string}\"},\"query-input\":{\"@type\":\"PropertyValueSpecification\",\"valueRequired\":true,\"valueName\":\"search_term_string\"}}],\"inLanguage\":\"fr-FR\"},{\"@type\":\"Organization\",\"@id\":\"https:\\\/\\\/infos-droitshumains.net\\\/#organization\",\"name\":\"Infos Droits Humains\",\"url\":\"https:\\\/\\\/infos-droitshumains.net\\\/\",\"logo\":{\"@type\":\"ImageObject\",\"inLanguage\":\"fr-FR\",\"@id\":\"https:\\\/\\\/infos-droitshumains.net\\\/#\\\/schema\\\/logo\\\/image\\\/\",\"url\":\"https:\\\/\\\/i0.wp.com\\\/infos-droitshumains.net\\\/wp-content\\\/uploads\\\/2022\\\/05\\\/Logo.png?fit=333%2C129&ssl=1\",\"contentUrl\":\"https:\\\/\\\/i0.wp.com\\\/infos-droitshumains.net\\\/wp-content\\\/uploads\\\/2022\\\/05\\\/Logo.png?fit=333%2C129&ssl=1\",\"width\":333,\"height\":129,\"caption\":\"Infos Droits Humains\"},\"image\":{\"@id\":\"https:\\\/\\\/infos-droitshumains.net\\\/#\\\/schema\\\/logo\\\/image\\\/\"}},{\"@type\":\"Person\",\"@id\":\"https:\\\/\\\/infos-droitshumains.net\\\/#\\\/schema\\\/person\\\/3dc5e921c3302172e0ed4362f96faab7\",\"name\":\"Jo\u00ebl Diawa\",\"image\":{\"@type\":\"ImageObject\",\"inLanguage\":\"fr-FR\",\"@id\":\"https:\\\/\\\/secure.gravatar.com\\\/avatar\\\/729bea6ff4604c624417803c477363be8e3c7186deaa65713313f9b4b820f41c?s=96&d=mm&r=g\",\"url\":\"https:\\\/\\\/secure.gravatar.com\\\/avatar\\\/729bea6ff4604c624417803c477363be8e3c7186deaa65713313f9b4b820f41c?s=96&d=mm&r=g\",\"contentUrl\":\"https:\\\/\\\/secure.gravatar.com\\\/avatar\\\/729bea6ff4604c624417803c477363be8e3c7186deaa65713313f9b4b820f41c?s=96&d=mm&r=g\",\"caption\":\"Jo\u00ebl Diawa\"},\"sameAs\":[\"https:\\\/\\\/www.infos-droitshumains.net\"],\"url\":\"https:\\\/\\\/infos-droitshumains.net\\\/?author=2\"}]}<\/script>\n<!-- \/ Yoast SEO plugin. -->","yoast_head_json":{"title":"Marche de sant\u00e9 des avocats \u00e0 Kinshasa : Pari gagn\u00e9 pour l\u2019UJA\/BKG - Infos Droits Humains","robots":{"index":"index","follow":"follow","max-snippet":"max-snippet:-1","max-image-preview":"max-image-preview:large","max-video-preview":"max-video-preview:-1"},"canonical":"https:\/\/infos-droitshumains.net\/?p=14010","og_locale":"fr_FR","og_type":"article","og_title":"Marche de sant\u00e9 des avocats \u00e0 Kinshasa : Pari gagn\u00e9 pour l\u2019UJA\/BKG - Infos Droits Humains","og_description":"R\u00e9daction: +243 817 406 088 Un esprit sain dans un corps sain dit-on. Suivant ce...","og_url":"https:\/\/infos-droitshumains.net\/?p=14010","og_site_name":"Infos Droits Humains","article_published_time":"2025-05-06T08:44:04+00:00","article_modified_time":"2025-05-06T12:51:27+00:00","og_image":[{"width":920,"height":614,"url":"https:\/\/infos-droitshumains.net\/wp-content\/uploads\/2025\/05\/IMG-20250506-WA0020.jpg","type":"image\/jpeg"}],"author":"Jo\u00ebl Diawa","twitter_card":"summary_large_image","twitter_misc":{"\u00c9crit par":"Jo\u00ebl Diawa"},"schema":{"@context":"https:\/\/schema.org","@graph":[{"@type":"Article","@id":"https:\/\/infos-droitshumains.net\/?p=14010#article","isPartOf":{"@id":"https:\/\/infos-droitshumains.net\/?p=14010"},"author":{"name":"Jo\u00ebl Diawa","@id":"https:\/\/infos-droitshumains.net\/#\/schema\/person\/3dc5e921c3302172e0ed4362f96faab7"},"headline":"Marche de sant\u00e9 des avocats \u00e0 Kinshasa : Pari gagn\u00e9 pour l\u2019UJA\/BKG","datePublished":"2025-05-06T08:44:04+00:00","dateModified":"2025-05-06T12:51:27+00:00","mainEntityOfPage":{"@id":"https:\/\/infos-droitshumains.net\/?p=14010"},"wordCount":886,"commentCount":0,"publisher":{"@id":"https:\/\/infos-droitshumains.net\/#organization"},"image":{"@id":"https:\/\/infos-droitshumains.net\/?p=14010#primaryimage"},"thumbnailUrl":"https:\/\/i0.wp.com\/infos-droitshumains.net\/wp-content\/uploads\/2025\/05\/IMG-20250506-WA0020.jpg?fit=920%2C614&ssl=1","articleSection":["Justice"],"inLanguage":"fr-FR","potentialAction":[{"@type":"CommentAction","name":"Comment","target":["https:\/\/infos-droitshumains.net\/?p=14010#respond"]}]},{"@type":"WebPage","@id":"https:\/\/infos-droitshumains.net\/?p=14010","url":"https:\/\/infos-droitshumains.net\/?p=14010","name":"Marche de sant\u00e9 des avocats \u00e0 Kinshasa : Pari gagn\u00e9 pour l\u2019UJA\/BKG - Infos Droits Humains","isPartOf":{"@id":"https:\/\/infos-droitshumains.net\/#website"},"primaryImageOfPage":{"@id":"https:\/\/infos-droitshumains.net\/?p=14010#primaryimage"},"image":{"@id":"https:\/\/infos-droitshumains.net\/?p=14010#primaryimage"},"thumbnailUrl":"https:\/\/i0.wp.com\/infos-droitshumains.net\/wp-content\/uploads\/2025\/05\/IMG-20250506-WA0020.jpg?fit=920%2C614&ssl=1","datePublished":"2025-05-06T08:44:04+00:00","dateModified":"2025-05-06T12:51:27+00:00","breadcrumb":{"@id":"https:\/\/infos-droitshumains.net\/?p=14010#breadcrumb"},"inLanguage":"fr-FR","potentialAction":[{"@type":"ReadAction","target":["https:\/\/infos-droitshumains.net\/?p=14010"]}]},{"@type":"ImageObject","inLanguage":"fr-FR","@id":"https:\/\/infos-droitshumains.net\/?p=14010#primaryimage","url":"https:\/\/i0.wp.com\/infos-droitshumains.net\/wp-content\/uploads\/2025\/05\/IMG-20250506-WA0020.jpg?fit=920%2C614&ssl=1","contentUrl":"https:\/\/i0.wp.com\/infos-droitshumains.net\/wp-content\/uploads\/2025\/05\/IMG-20250506-WA0020.jpg?fit=920%2C614&ssl=1","width":920,"height":614},{"@type":"BreadcrumbList","@id":"https:\/\/infos-droitshumains.net\/?p=14010#breadcrumb","itemListElement":[{"@type":"ListItem","position":1,"name":"Accueil","item":"https:\/\/infos-droitshumains.net\/"},{"@type":"ListItem","position":2,"name":"Marche de sant\u00e9 des avocats \u00e0 Kinshasa : Pari gagn\u00e9 pour l\u2019UJA\/BKG"}]},{"@type":"WebSite","@id":"https:\/\/infos-droitshumains.net\/#website","url":"https:\/\/infos-droitshumains.net\/","name":"Infos Droits Humains","description":"S&#039;informer est un droit","publisher":{"@id":"https:\/\/infos-droitshumains.net\/#organization"},"potentialAction":[{"@type":"SearchAction","target":{"@type":"EntryPoint","urlTemplate":"https:\/\/infos-droitshumains.net\/?s={search_term_string}"},"query-input":{"@type":"PropertyValueSpecification","valueRequired":true,"valueName":"search_term_string"}}],"inLanguage":"fr-FR"},{"@type":"Organization","@id":"https:\/\/infos-droitshumains.net\/#organization","name":"Infos Droits Humains","url":"https:\/\/infos-droitshumains.net\/","logo":{"@type":"ImageObject","inLanguage":"fr-FR","@id":"https:\/\/infos-droitshumains.net\/#\/schema\/logo\/image\/","url":"https:\/\/i0.wp.com\/infos-droitshumains.net\/wp-content\/uploads\/2022\/05\/Logo.png?fit=333%2C129&ssl=1","contentUrl":"https:\/\/i0.wp.com\/infos-droitshumains.net\/wp-content\/uploads\/2022\/05\/Logo.png?fit=333%2C129&ssl=1","width":333,"height":129,"caption":"Infos Droits Humains"},"image":{"@id":"https:\/\/infos-droitshumains.net\/#\/schema\/logo\/image\/"}},{"@type":"Person","@id":"https:\/\/infos-droitshumains.net\/#\/schema\/person\/3dc5e921c3302172e0ed4362f96faab7","name":"Jo\u00ebl Diawa","image":{"@type":"ImageObject","inLanguage":"fr-FR","@id":"https:\/\/secure.gravatar.com\/avatar\/729bea6ff4604c624417803c477363be8e3c7186deaa65713313f9b4b820f41c?s=96&d=mm&r=g","url":"https:\/\/secure.gravatar.com\/avatar\/729bea6ff4604c624417803c477363be8e3c7186deaa65713313f9b4b820f41c?s=96&d=mm&r=g","contentUrl":"https:\/\/secure.gravatar.com\/avatar\/729bea6ff4604c624417803c477363be8e3c7186deaa65713313f9b4b820f41c?s=96&d=mm&r=g","caption":"Jo\u00ebl Diawa"},"sameAs":["https:\/\/www.infos-droitshumains.net"],"url":"https:\/\/infos-droitshumains.net\/?author=2"}]}},"featured_image_urls":{"full":["https:\/\/i0.wp.com\/infos-droitshumains.net\/wp-content\/uploads\/2025\/05\/IMG-20250506-WA0020.jpg?fit=920%2C614&ssl=1",920,614,false],"thumbnail":["https:\/\/i0.wp.com\/infos-droitshumains.net\/wp-content\/uploads\/2025\/05\/IMG-20250506-WA0020.jpg?resize=150%2C150&ssl=1",150,150,true],"medium":["https:\/\/i0.wp.com\/infos-droitshumains.net\/wp-content\/uploads\/2025\/05\/IMG-20250506-WA0020.jpg?fit=300%2C200&ssl=1",300,200,true],"medium_large":["https:\/\/i0.wp.com\/infos-droitshumains.net\/wp-content\/uploads\/2025\/05\/IMG-20250506-WA0020.jpg?fit=640%2C428&ssl=1",640,428,true],"large":["https:\/\/i0.wp.com\/infos-droitshumains.net\/wp-content\/uploads\/2025\/05\/IMG-20250506-WA0020.jpg?fit=640%2C427&ssl=1",640,427,true],"1536x1536":["https:\/\/i0.wp.com\/infos-droitshumains.net\/wp-content\/uploads\/2025\/05\/IMG-20250506-WA0020.jpg?fit=920%2C614&ssl=1",920,614,true],"2048x2048":["https:\/\/i0.wp.com\/infos-droitshumains.net\/wp-content\/uploads\/2025\/05\/IMG-20250506-WA0020.jpg?fit=920%2C614&ssl=1",920,614,true],"covernews-slider-full":["https:\/\/i0.wp.com\/infos-droitshumains.net\/wp-content\/uploads\/2025\/05\/IMG-20250506-WA0020.jpg?resize=920%2C614&ssl=1",920,614,true],"covernews-slider-center":["https:\/\/i0.wp.com\/infos-droitshumains.net\/wp-content\/uploads\/2025\/05\/IMG-20250506-WA0020.jpg?resize=800%2C500&ssl=1",800,500,true],"covernews-featured":["https:\/\/i0.wp.com\/infos-droitshumains.net\/wp-content\/uploads\/2025\/05\/IMG-20250506-WA0020.jpg?fit=920%2C614&ssl=1",920,614,true],"covernews-medium":["https:\/\/i0.wp.com\/infos-droitshumains.net\/wp-content\/uploads\/2025\/05\/IMG-20250506-WA0020.jpg?resize=540%2C340&ssl=1",540,340,true],"covernews-medium-square":["https:\/\/i0.wp.com\/infos-droitshumains.net\/wp-content\/uploads\/2025\/05\/IMG-20250506-WA0020.jpg?resize=400%2C250&ssl=1",400,250,true]},"author_info":{"display_name":"Jo\u00ebl Diawa","author_link":"https:\/\/infos-droitshumains.net\/?author=2"},"category_info":"<a href=\"https:\/\/infos-droitshumains.net\/?cat=6\" rel=\"category\">Justice<\/a>","tag_info":"Justice","comment_count":"0","jetpack_featured_media_url":"https:\/\/i0.wp.com\/infos-droitshumains.net\/wp-content\/uploads\/2025\/05\/IMG-20250506-WA0020.jpg?fit=920%2C614&ssl=1","jetpack-related-posts":[],"jetpack_sharing_enabled":true,"_links":{"self":[{"href":"https:\/\/infos-droitshumains.net\/index.php?rest_route=\/wp\/v2\/posts\/14010","targetHints":{"allow":["GET"]}}],"collection":[{"href":"https:\/\/infos-droitshumains.net\/index.php?rest_route=\/wp\/v2\/posts"}],"about":[{"href":"https:\/\/infos-droitshumains.net\/index.php?rest_route=\/wp\/v2\/types\/post"}],"author":[{"embeddable":true,"href":"https:\/\/infos-droitshumains.net\/index.php?rest_route=\/wp\/v2\/users\/2"}],"replies":[{"embeddable":true,"href":"https:\/\/infos-droitshumains.net\/index.php?rest_route=%2Fwp%2Fv2%2Fcomments&post=14010"}],"version-history":[{"count":20,"href":"https:\/\/infos-droitshumains.net\/index.php?rest_route=\/wp\/v2\/posts\/14010\/revisions"}],"predecessor-version":[{"id":14050,"href":"https:\/\/infos-droitshumains.net\/index.php?rest_route=\/wp\/v2\/posts\/14010\/revisions\/14050"}],"wp:featuredmedia":[{"embeddable":true,"href":"https:\/\/infos-droitshumains.net\/index.php?rest_route=\/wp\/v2\/media\/14029"}],"wp:attachment":[{"href":"https:\/\/infos-droitshumains.net\/index.php?rest_route=%2Fwp%2Fv2%2Fmedia&parent=14010"}],"wp:term":[{"taxonomy":"category","embeddable":true,"href":"https:\/\/infos-droitshumains.net\/index.php?rest_route=%2Fwp%2Fv2%2Fcategories&post=14010"},{"taxonomy":"post_tag","embeddable":true,"href":"https:\/\/infos-droitshumains.net\/index.php?rest_route=%2Fwp%2Fv2%2Ftags&post=14010"}],"curies":[{"name":"wp","href":"https:\/\/api.w.org\/{rel}","templated":true}]}}