{"id":1395,"date":"2021-12-23T17:13:43","date_gmt":"2021-12-23T16:13:43","guid":{"rendered":"https:\/\/infos-droitshumains.net\/?p=1395"},"modified":"2023-04-06T12:11:03","modified_gmt":"2023-04-06T10:11:03","slug":"mbuji-mayi-le-premier-vice-president-du-senat-eddy-mundela-kanku-dans-la-delegation-davance-pour-accueillir-le-chef-de-letat","status":"publish","type":"post","link":"https:\/\/infos-droitshumains.net\/?p=1395","title":{"rendered":"Mbuji-mayi : Le premier vice-pr\u00e9sident du S\u00e9nat Eddy Mundela Kanku dans la d\u00e9l\u00e9gation d&rsquo;avance pour accueillir le chef de l&rsquo;\u00c9tat."},"content":{"rendered":"\n<p><strong>R\u00e9daction :+243817406088<\/strong><\/p>\n\n\n\n<p>Le Chef de l\u2019\u00c9tat F\u00e9lix-Antoine Tshisekedi Tshilombo d\u00e9bute sa longue tourn\u00e9e dans l\u2019espace Grand-Kasa\u00ef, ce vendredi 24 d\u00e9cembre 2021, par la ville de Mbuji-Mayi. Une visite tr\u00e8s attendue par les populations locale, qui vera pour la toute premi\u00e8re fois F\u00e9lix Tshisekedi depuis son accession \u00e0 la magistrature supr\u00eame en janvier 2019.<\/p>\n\n\n\n<p>Les \u00e9quipes d&rsquo;avance sont constitu\u00e9es des membres de son cabinet, mais aussi des chefs de corps. Le s\u00e9nat est officiellement repr\u00e9sent\u00e9 par son premier vice-pr\u00e9sident Eddy Mundela Kanku.<\/p>\n\n\n\n<p>C&rsquo;est \u00e0 13h locale que l&rsquo;avion transportant le premier vice-pr\u00e9sident du s\u00e9nat a atterri sur le tarmac de l&rsquo;a\u00e9roport de Bipemba.<\/p>\n\n\n\n<figure class=\"wp-block-image alignfull size-large\"><img data-recalc-dims=\"1\" decoding=\"async\" src=\"https:\/\/i0.wp.com\/infos-droitshumains.net\/wp-content\/uploads\/2021\/12\/IMG-20211223-WA0017_1.jpg?w=640&#038;ssl=1\" alt=\"\" class=\"wp-image-1399\" \/><\/figure>\n\n\n\n<p>Le repr\u00e9sentant de la chambre haute du parlement a eu droit \u00e0 un accueil chaleureux lui r\u00e9serv\u00e9, aux pieds de l&rsquo;avion, par le pr\u00e9sident de l&rsquo;Assembl\u00e9e provinciale du Kasa\u00ef Oriental Athanase kabongo Kalala,  ainsi que  quelques membres du bureau de cet organe d\u00e9lib\u00e9rant, sans oublier les militants du parti pr\u00e9sidentiel venu pour cette cause. <\/p>\n\n\n\n<figure class=\"wp-block-image alignfull size-large\"><img data-recalc-dims=\"1\" decoding=\"async\" src=\"https:\/\/i0.wp.com\/infos-droitshumains.net\/wp-content\/uploads\/2021\/12\/IMG-20211223-WA0018_1.jpg?w=640&#038;ssl=1\" alt=\"\" class=\"wp-image-1400\" \/><\/figure>\n\n\n\n<p>Le cort\u00e8ge du premier vice-pr\u00e9sident du s\u00e9nat s&rsquo;est par la suite dirig\u00e9 au si\u00e8ge de l&rsquo;assembl\u00e9e provinciale de Mbuji-mayi o\u00f9 il a eu un entretien avec les d\u00e9put\u00e9s provinciaux, des \u00e9changes ax\u00e9s principalement sur leur implication dans la mobilisation pour l&rsquo;accueil du chef de l&rsquo;\u00e9tat F\u00e9lix Antoine Tshisekedi attendu ce week end \u00e0 mbuji-mayi.<\/p>\n\n\n\n<figure class=\"wp-block-image alignfull size-large\"><img data-recalc-dims=\"1\" decoding=\"async\" src=\"https:\/\/i0.wp.com\/infos-droitshumains.net\/wp-content\/uploads\/2021\/12\/IMG-20211223-WA0022_1.jpg?w=640&#038;ssl=1\" alt=\"\" class=\"wp-image-1401\" \/><\/figure>\n\n\n\n<figure class=\"wp-block-image alignfull size-large\"><img data-recalc-dims=\"1\" decoding=\"async\" src=\"https:\/\/i0.wp.com\/infos-droitshumains.net\/wp-content\/uploads\/2021\/12\/IMG-20211223-WA0021_1.jpg?w=640&#038;ssl=1\" alt=\"\" class=\"wp-image-1402\" \/><\/figure>\n\n\n\n<p>En effet , F\u00e9lix Tshisekedi va effectuer une grande tourn\u00e9e dans l&rsquo;espace grand Kasa\u00ef afin de communier avec ses compatriotes pendant ces festivit\u00e9s marquant la fin de l&rsquo;ann\u00e9e 2021. Au del\u00e0 de la communion avec le peuple kasa\u00efen, la visite du Chef de l\u2019\u00c9tat dans le Grand-Kasa\u00ef s\u2019inscrit aussi dans le cadre de son programme d\u00e9di\u00e9 \u00e0 la lutte contre la pauvret\u00e9 et les in\u00e9galit\u00e9s. Eddy Mundela Kanku fait sans aucun doute, partie des autorit\u00e9s qui vont accompagner le chef de l&rsquo;\u00c9tat \u00e0 mat\u00e9rialiser ce projet.<\/p>\n\n\n\n<p>Jo\u00ebl Diawa<\/p>\n","protected":false},"excerpt":{"rendered":"<p>R\u00e9daction :+243817406088 Le Chef de l\u2019\u00c9tat F\u00e9lix-Antoine Tshisekedi Tshilombo d\u00e9bute sa longue tourn\u00e9e dans l\u2019espace&#8230;<\/p>\n","protected":false},"author":2,"featured_media":0,"comment_status":"closed","ping_status":"open","sticky":false,"template":"","format":"standard","meta":{"_jetpack_memberships_contains_paid_content":false,"footnotes":""},"categories":[1],"tags":[],"class_list":["post-1395","post","type-post","status-publish","format-standard","hentry","category-non-classe"],"yoast_head":"<!-- This site is optimized with the Yoast SEO plugin v27.5 - https:\/\/yoast.com\/product\/yoast-seo-wordpress\/ -->\n<title>Mbuji-mayi : Le premier vice-pr\u00e9sident du S\u00e9nat Eddy Mundela Kanku dans la d\u00e9l\u00e9gation d&#039;avance pour accueillir le chef de l&#039;\u00c9tat. - Infos Droits Humains<\/title>\n<meta name=\"robots\" content=\"index, follow, max-snippet:-1, max-image-preview:large, max-video-preview:-1\" \/>\n<link rel=\"canonical\" href=\"https:\/\/infos-droitshumains.net\/?p=1395\" \/>\n<meta property=\"og:locale\" content=\"fr_FR\" \/>\n<meta property=\"og:type\" content=\"article\" \/>\n<meta property=\"og:title\" content=\"Mbuji-mayi : Le premier vice-pr\u00e9sident du S\u00e9nat Eddy Mundela Kanku dans la d\u00e9l\u00e9gation d&#039;avance pour accueillir le chef de l&#039;\u00c9tat. - Infos Droits Humains\" \/>\n<meta property=\"og:description\" content=\"R\u00e9daction :+243817406088 Le Chef de l\u2019\u00c9tat F\u00e9lix-Antoine Tshisekedi Tshilombo d\u00e9bute sa longue tourn\u00e9e dans l\u2019espace...\" \/>\n<meta property=\"og:url\" content=\"https:\/\/infos-droitshumains.net\/?p=1395\" \/>\n<meta property=\"og:site_name\" content=\"Infos Droits Humains\" \/>\n<meta property=\"article:published_time\" content=\"2021-12-23T16:13:43+00:00\" \/>\n<meta property=\"article:modified_time\" content=\"2023-04-06T10:11:03+00:00\" \/>\n<meta property=\"og:image\" content=\"https:\/\/infos-droitshumains.net\/wp-content\/uploads\/2021\/12\/IMG-20211223-WA0017_1.jpg\" \/>\n<meta name=\"author\" content=\"Jo\u00ebl Diawa\" \/>\n<meta name=\"twitter:card\" content=\"summary_large_image\" \/>\n<meta name=\"twitter:label1\" content=\"\u00c9crit par\" \/>\n\t<meta name=\"twitter:data1\" content=\"Jo\u00ebl Diawa\" \/>\n\t<meta name=\"twitter:label2\" content=\"Dur\u00e9e de lecture estim\u00e9e\" \/>\n\t<meta name=\"twitter:data2\" content=\"2 minutes\" \/>\n<script type=\"application\/ld+json\" class=\"yoast-schema-graph\">{\"@context\":\"https:\\\/\\\/schema.org\",\"@graph\":[{\"@type\":\"Article\",\"@id\":\"https:\\\/\\\/infos-droitshumains.net\\\/?p=1395#article\",\"isPartOf\":{\"@id\":\"https:\\\/\\\/infos-droitshumains.net\\\/?p=1395\"},\"author\":{\"name\":\"Jo\u00ebl Diawa\",\"@id\":\"https:\\\/\\\/infos-droitshumains.net\\\/#\\\/schema\\\/person\\\/3dc5e921c3302172e0ed4362f96faab7\"},\"headline\":\"Mbuji-mayi : Le premier vice-pr\u00e9sident du S\u00e9nat Eddy Mundela Kanku dans la d\u00e9l\u00e9gation d&rsquo;avance pour accueillir le chef de l&rsquo;\u00c9tat.\",\"datePublished\":\"2021-12-23T16:13:43+00:00\",\"dateModified\":\"2023-04-06T10:11:03+00:00\",\"mainEntityOfPage\":{\"@id\":\"https:\\\/\\\/infos-droitshumains.net\\\/?p=1395\"},\"wordCount\":359,\"publisher\":{\"@id\":\"https:\\\/\\\/infos-droitshumains.net\\\/#organization\"},\"image\":{\"@id\":\"https:\\\/\\\/infos-droitshumains.net\\\/?p=1395#primaryimage\"},\"thumbnailUrl\":\"https:\\\/\\\/infos-droitshumains.net\\\/wp-content\\\/uploads\\\/2021\\\/12\\\/IMG-20211223-WA0017_1.jpg\",\"inLanguage\":\"fr-FR\"},{\"@type\":\"WebPage\",\"@id\":\"https:\\\/\\\/infos-droitshumains.net\\\/?p=1395\",\"url\":\"https:\\\/\\\/infos-droitshumains.net\\\/?p=1395\",\"name\":\"Mbuji-mayi : Le premier vice-pr\u00e9sident du S\u00e9nat Eddy Mundela Kanku dans la d\u00e9l\u00e9gation d'avance pour accueillir le chef de l'\u00c9tat. - Infos Droits Humains\",\"isPartOf\":{\"@id\":\"https:\\\/\\\/infos-droitshumains.net\\\/#website\"},\"primaryImageOfPage\":{\"@id\":\"https:\\\/\\\/infos-droitshumains.net\\\/?p=1395#primaryimage\"},\"image\":{\"@id\":\"https:\\\/\\\/infos-droitshumains.net\\\/?p=1395#primaryimage\"},\"thumbnailUrl\":\"https:\\\/\\\/infos-droitshumains.net\\\/wp-content\\\/uploads\\\/2021\\\/12\\\/IMG-20211223-WA0017_1.jpg\",\"datePublished\":\"2021-12-23T16:13:43+00:00\",\"dateModified\":\"2023-04-06T10:11:03+00:00\",\"breadcrumb\":{\"@id\":\"https:\\\/\\\/infos-droitshumains.net\\\/?p=1395#breadcrumb\"},\"inLanguage\":\"fr-FR\",\"potentialAction\":[{\"@type\":\"ReadAction\",\"target\":[\"https:\\\/\\\/infos-droitshumains.net\\\/?p=1395\"]}]},{\"@type\":\"ImageObject\",\"inLanguage\":\"fr-FR\",\"@id\":\"https:\\\/\\\/infos-droitshumains.net\\\/?p=1395#primaryimage\",\"url\":\"https:\\\/\\\/infos-droitshumains.net\\\/wp-content\\\/uploads\\\/2021\\\/12\\\/IMG-20211223-WA0017_1.jpg\",\"contentUrl\":\"https:\\\/\\\/infos-droitshumains.net\\\/wp-content\\\/uploads\\\/2021\\\/12\\\/IMG-20211223-WA0017_1.jpg\"},{\"@type\":\"BreadcrumbList\",\"@id\":\"https:\\\/\\\/infos-droitshumains.net\\\/?p=1395#breadcrumb\",\"itemListElement\":[{\"@type\":\"ListItem\",\"position\":1,\"name\":\"Accueil\",\"item\":\"https:\\\/\\\/infos-droitshumains.net\\\/\"},{\"@type\":\"ListItem\",\"position\":2,\"name\":\"Mbuji-mayi : Le premier vice-pr\u00e9sident du S\u00e9nat Eddy Mundela Kanku dans la d\u00e9l\u00e9gation d&rsquo;avance pour accueillir le chef de l&rsquo;\u00c9tat.\"}]},{\"@type\":\"WebSite\",\"@id\":\"https:\\\/\\\/infos-droitshumains.net\\\/#website\",\"url\":\"https:\\\/\\\/infos-droitshumains.net\\\/\",\"name\":\"Infos Droits Humains\",\"description\":\"S&#039;informer est un droit\",\"publisher\":{\"@id\":\"https:\\\/\\\/infos-droitshumains.net\\\/#organization\"},\"potentialAction\":[{\"@type\":\"SearchAction\",\"target\":{\"@type\":\"EntryPoint\",\"urlTemplate\":\"https:\\\/\\\/infos-droitshumains.net\\\/?s={search_term_string}\"},\"query-input\":{\"@type\":\"PropertyValueSpecification\",\"valueRequired\":true,\"valueName\":\"search_term_string\"}}],\"inLanguage\":\"fr-FR\"},{\"@type\":\"Organization\",\"@id\":\"https:\\\/\\\/infos-droitshumains.net\\\/#organization\",\"name\":\"Infos Droits Humains\",\"url\":\"https:\\\/\\\/infos-droitshumains.net\\\/\",\"logo\":{\"@type\":\"ImageObject\",\"inLanguage\":\"fr-FR\",\"@id\":\"https:\\\/\\\/infos-droitshumains.net\\\/#\\\/schema\\\/logo\\\/image\\\/\",\"url\":\"https:\\\/\\\/i0.wp.com\\\/infos-droitshumains.net\\\/wp-content\\\/uploads\\\/2022\\\/05\\\/Logo.png?fit=333%2C129&ssl=1\",\"contentUrl\":\"https:\\\/\\\/i0.wp.com\\\/infos-droitshumains.net\\\/wp-content\\\/uploads\\\/2022\\\/05\\\/Logo.png?fit=333%2C129&ssl=1\",\"width\":333,\"height\":129,\"caption\":\"Infos Droits Humains\"},\"image\":{\"@id\":\"https:\\\/\\\/infos-droitshumains.net\\\/#\\\/schema\\\/logo\\\/image\\\/\"}},{\"@type\":\"Person\",\"@id\":\"https:\\\/\\\/infos-droitshumains.net\\\/#\\\/schema\\\/person\\\/3dc5e921c3302172e0ed4362f96faab7\",\"name\":\"Jo\u00ebl Diawa\",\"image\":{\"@type\":\"ImageObject\",\"inLanguage\":\"fr-FR\",\"@id\":\"https:\\\/\\\/secure.gravatar.com\\\/avatar\\\/729bea6ff4604c624417803c477363be8e3c7186deaa65713313f9b4b820f41c?s=96&d=mm&r=g\",\"url\":\"https:\\\/\\\/secure.gravatar.com\\\/avatar\\\/729bea6ff4604c624417803c477363be8e3c7186deaa65713313f9b4b820f41c?s=96&d=mm&r=g\",\"contentUrl\":\"https:\\\/\\\/secure.gravatar.com\\\/avatar\\\/729bea6ff4604c624417803c477363be8e3c7186deaa65713313f9b4b820f41c?s=96&d=mm&r=g\",\"caption\":\"Jo\u00ebl Diawa\"},\"sameAs\":[\"https:\\\/\\\/www.infos-droitshumains.net\"],\"url\":\"https:\\\/\\\/infos-droitshumains.net\\\/?author=2\"}]}<\/script>\n<!-- \/ Yoast SEO plugin. -->","yoast_head_json":{"title":"Mbuji-mayi : Le premier vice-pr\u00e9sident du S\u00e9nat Eddy Mundela Kanku dans la d\u00e9l\u00e9gation d'avance pour accueillir le chef de l'\u00c9tat. - Infos Droits Humains","robots":{"index":"index","follow":"follow","max-snippet":"max-snippet:-1","max-image-preview":"max-image-preview:large","max-video-preview":"max-video-preview:-1"},"canonical":"https:\/\/infos-droitshumains.net\/?p=1395","og_locale":"fr_FR","og_type":"article","og_title":"Mbuji-mayi : Le premier vice-pr\u00e9sident du S\u00e9nat Eddy Mundela Kanku dans la d\u00e9l\u00e9gation d'avance pour accueillir le chef de l'\u00c9tat. - Infos Droits Humains","og_description":"R\u00e9daction :+243817406088 Le Chef de l\u2019\u00c9tat F\u00e9lix-Antoine Tshisekedi Tshilombo d\u00e9bute sa longue tourn\u00e9e dans l\u2019espace...","og_url":"https:\/\/infos-droitshumains.net\/?p=1395","og_site_name":"Infos Droits Humains","article_published_time":"2021-12-23T16:13:43+00:00","article_modified_time":"2023-04-06T10:11:03+00:00","og_image":[{"url":"https:\/\/infos-droitshumains.net\/wp-content\/uploads\/2021\/12\/IMG-20211223-WA0017_1.jpg","type":"","width":"","height":""}],"author":"Jo\u00ebl Diawa","twitter_card":"summary_large_image","twitter_misc":{"\u00c9crit par":"Jo\u00ebl Diawa","Dur\u00e9e de lecture estim\u00e9e":"2 minutes"},"schema":{"@context":"https:\/\/schema.org","@graph":[{"@type":"Article","@id":"https:\/\/infos-droitshumains.net\/?p=1395#article","isPartOf":{"@id":"https:\/\/infos-droitshumains.net\/?p=1395"},"author":{"name":"Jo\u00ebl Diawa","@id":"https:\/\/infos-droitshumains.net\/#\/schema\/person\/3dc5e921c3302172e0ed4362f96faab7"},"headline":"Mbuji-mayi : Le premier vice-pr\u00e9sident du S\u00e9nat Eddy Mundela Kanku dans la d\u00e9l\u00e9gation d&rsquo;avance pour accueillir le chef de l&rsquo;\u00c9tat.","datePublished":"2021-12-23T16:13:43+00:00","dateModified":"2023-04-06T10:11:03+00:00","mainEntityOfPage":{"@id":"https:\/\/infos-droitshumains.net\/?p=1395"},"wordCount":359,"publisher":{"@id":"https:\/\/infos-droitshumains.net\/#organization"},"image":{"@id":"https:\/\/infos-droitshumains.net\/?p=1395#primaryimage"},"thumbnailUrl":"https:\/\/infos-droitshumains.net\/wp-content\/uploads\/2021\/12\/IMG-20211223-WA0017_1.jpg","inLanguage":"fr-FR"},{"@type":"WebPage","@id":"https:\/\/infos-droitshumains.net\/?p=1395","url":"https:\/\/infos-droitshumains.net\/?p=1395","name":"Mbuji-mayi : Le premier vice-pr\u00e9sident du S\u00e9nat Eddy Mundela Kanku dans la d\u00e9l\u00e9gation d'avance pour accueillir le chef de l'\u00c9tat. - Infos Droits Humains","isPartOf":{"@id":"https:\/\/infos-droitshumains.net\/#website"},"primaryImageOfPage":{"@id":"https:\/\/infos-droitshumains.net\/?p=1395#primaryimage"},"image":{"@id":"https:\/\/infos-droitshumains.net\/?p=1395#primaryimage"},"thumbnailUrl":"https:\/\/infos-droitshumains.net\/wp-content\/uploads\/2021\/12\/IMG-20211223-WA0017_1.jpg","datePublished":"2021-12-23T16:13:43+00:00","dateModified":"2023-04-06T10:11:03+00:00","breadcrumb":{"@id":"https:\/\/infos-droitshumains.net\/?p=1395#breadcrumb"},"inLanguage":"fr-FR","potentialAction":[{"@type":"ReadAction","target":["https:\/\/infos-droitshumains.net\/?p=1395"]}]},{"@type":"ImageObject","inLanguage":"fr-FR","@id":"https:\/\/infos-droitshumains.net\/?p=1395#primaryimage","url":"https:\/\/infos-droitshumains.net\/wp-content\/uploads\/2021\/12\/IMG-20211223-WA0017_1.jpg","contentUrl":"https:\/\/infos-droitshumains.net\/wp-content\/uploads\/2021\/12\/IMG-20211223-WA0017_1.jpg"},{"@type":"BreadcrumbList","@id":"https:\/\/infos-droitshumains.net\/?p=1395#breadcrumb","itemListElement":[{"@type":"ListItem","position":1,"name":"Accueil","item":"https:\/\/infos-droitshumains.net\/"},{"@type":"ListItem","position":2,"name":"Mbuji-mayi : Le premier vice-pr\u00e9sident du S\u00e9nat Eddy Mundela Kanku dans la d\u00e9l\u00e9gation d&rsquo;avance pour accueillir le chef de l&rsquo;\u00c9tat."}]},{"@type":"WebSite","@id":"https:\/\/infos-droitshumains.net\/#website","url":"https:\/\/infos-droitshumains.net\/","name":"Infos Droits Humains","description":"S&#039;informer est un droit","publisher":{"@id":"https:\/\/infos-droitshumains.net\/#organization"},"potentialAction":[{"@type":"SearchAction","target":{"@type":"EntryPoint","urlTemplate":"https:\/\/infos-droitshumains.net\/?s={search_term_string}"},"query-input":{"@type":"PropertyValueSpecification","valueRequired":true,"valueName":"search_term_string"}}],"inLanguage":"fr-FR"},{"@type":"Organization","@id":"https:\/\/infos-droitshumains.net\/#organization","name":"Infos Droits Humains","url":"https:\/\/infos-droitshumains.net\/","logo":{"@type":"ImageObject","inLanguage":"fr-FR","@id":"https:\/\/infos-droitshumains.net\/#\/schema\/logo\/image\/","url":"https:\/\/i0.wp.com\/infos-droitshumains.net\/wp-content\/uploads\/2022\/05\/Logo.png?fit=333%2C129&ssl=1","contentUrl":"https:\/\/i0.wp.com\/infos-droitshumains.net\/wp-content\/uploads\/2022\/05\/Logo.png?fit=333%2C129&ssl=1","width":333,"height":129,"caption":"Infos Droits Humains"},"image":{"@id":"https:\/\/infos-droitshumains.net\/#\/schema\/logo\/image\/"}},{"@type":"Person","@id":"https:\/\/infos-droitshumains.net\/#\/schema\/person\/3dc5e921c3302172e0ed4362f96faab7","name":"Jo\u00ebl Diawa","image":{"@type":"ImageObject","inLanguage":"fr-FR","@id":"https:\/\/secure.gravatar.com\/avatar\/729bea6ff4604c624417803c477363be8e3c7186deaa65713313f9b4b820f41c?s=96&d=mm&r=g","url":"https:\/\/secure.gravatar.com\/avatar\/729bea6ff4604c624417803c477363be8e3c7186deaa65713313f9b4b820f41c?s=96&d=mm&r=g","contentUrl":"https:\/\/secure.gravatar.com\/avatar\/729bea6ff4604c624417803c477363be8e3c7186deaa65713313f9b4b820f41c?s=96&d=mm&r=g","caption":"Jo\u00ebl Diawa"},"sameAs":["https:\/\/www.infos-droitshumains.net"],"url":"https:\/\/infos-droitshumains.net\/?author=2"}]}},"featured_image_urls":{"full":"","thumbnail":"","medium":"","medium_large":"","large":"","1536x1536":"","2048x2048":"","covernews-slider-full":"","covernews-slider-center":"","covernews-featured":"","covernews-medium":"","covernews-medium-square":""},"author_info":{"display_name":"Jo\u00ebl Diawa","author_link":"https:\/\/infos-droitshumains.net\/?author=2"},"category_info":"<a href=\"https:\/\/infos-droitshumains.net\/?cat=1\" rel=\"category\">Non class\u00e9<\/a>","tag_info":"Non class\u00e9","comment_count":"0","jetpack_featured_media_url":"","jetpack-related-posts":[],"jetpack_sharing_enabled":true,"_links":{"self":[{"href":"https:\/\/infos-droitshumains.net\/index.php?rest_route=\/wp\/v2\/posts\/1395","targetHints":{"allow":["GET"]}}],"collection":[{"href":"https:\/\/infos-droitshumains.net\/index.php?rest_route=\/wp\/v2\/posts"}],"about":[{"href":"https:\/\/infos-droitshumains.net\/index.php?rest_route=\/wp\/v2\/types\/post"}],"author":[{"embeddable":true,"href":"https:\/\/infos-droitshumains.net\/index.php?rest_route=\/wp\/v2\/users\/2"}],"replies":[{"embeddable":true,"href":"https:\/\/infos-droitshumains.net\/index.php?rest_route=%2Fwp%2Fv2%2Fcomments&post=1395"}],"version-history":[{"count":4,"href":"https:\/\/infos-droitshumains.net\/index.php?rest_route=\/wp\/v2\/posts\/1395\/revisions"}],"predecessor-version":[{"id":1403,"href":"https:\/\/infos-droitshumains.net\/index.php?rest_route=\/wp\/v2\/posts\/1395\/revisions\/1403"}],"wp:attachment":[{"href":"https:\/\/infos-droitshumains.net\/index.php?rest_route=%2Fwp%2Fv2%2Fmedia&parent=1395"}],"wp:term":[{"taxonomy":"category","embeddable":true,"href":"https:\/\/infos-droitshumains.net\/index.php?rest_route=%2Fwp%2Fv2%2Fcategories&post=1395"},{"taxonomy":"post_tag","embeddable":true,"href":"https:\/\/infos-droitshumains.net\/index.php?rest_route=%2Fwp%2Fv2%2Ftags&post=1395"}],"curies":[{"name":"wp","href":"https:\/\/api.w.org\/{rel}","templated":true}]}}