{"id":1385,"date":"2021-12-23T07:31:28","date_gmt":"2021-12-23T06:31:28","guid":{"rendered":"https:\/\/infos-droitshumains.net\/?p=1385"},"modified":"2023-04-06T12:11:03","modified_gmt":"2023-04-06T10:11:03","slug":"desenclavement-de-la-province-du-bas-uele-la-gouverneure-ai-sollicite-limplication-due-premier-vice-president-du-senat-eddy-mundele-kanku","status":"publish","type":"post","link":"https:\/\/infos-droitshumains.net\/?p=1385","title":{"rendered":"D\u00e9senclavement de la province du Bas-Uel\u00e9, la gouverneure ai sollicite l&rsquo;implication du premier Vice-pr\u00e9sident du s\u00e9nat, Eddy Mundela  Kanku"},"content":{"rendered":"\n<p><strong>R\u00e9daction :+243817406088<\/strong><\/p>\n\n\n\n<p>Les difficult\u00e9s majeures rencontr\u00e9es par la province du Bas-Uel\u00e9 ont \u00e9t\u00e9 au menu des \u00e9changes entre le premier vice-pr\u00e9sident du s\u00e9nat Eddy Mundela Kanku et la gouverneure ad int\u00e9rim de la province Ruth Baduli.<\/p>\n\n\n\n<p>Les deux personnalit\u00e9s se sont rencontr\u00e9es en marge de la huiti\u00e8me conf\u00e9rence des gouverneurs convoqu\u00e9e \u00e0 Kinshasa du 22 au 23 d\u00e9cembre par le pr\u00e9sident de la R\u00e9publique. Ruth  Baduli a profit\u00e9 de son s\u00e9jour \u00e0 Kinshasa pour soumettre les desiderata de sa province sur la table du num\u00e9ro deux de la chambre haute du parlement.<\/p>\n\n\n\n<figure class=\"wp-block-image alignfull size-large\"><img data-recalc-dims=\"1\" height=\"427\" width=\"640\" decoding=\"async\" src=\"https:\/\/i0.wp.com\/infos-droitshumains.net\/wp-content\/uploads\/2021\/12\/IMG-20211222-WA0008_1-1024x683.jpg?resize=640%2C427&#038;ssl=1\" alt=\"\" class=\"wp-image-1389\" \/><figcaption>Eddy Mundela dans son bureau avec Ruth Baduli<\/figcaption><\/figure>\n\n\n\n<p>En toile de fond, le manque des infrastructures ad\u00e9quates qui ne permettent pas \u00e0 la province Bas-Uel\u00e9 de se d\u00e9velopper .<\/p>\n\n\n\n<p>La gouverneure a.i a sollicit\u00e9 l&rsquo;implication personnelle d&rsquo;Eddy Mundela Kanku pour des solutions idoines.<\/p>\n\n\n\n<p>Tr\u00e8s r\u00e9ceptif et pr\u00e9occup\u00e9 par la question autant que la gouverneure ai, le premier  vice-pr\u00e9sident du s\u00e9nat en bon p\u00e8re de famille, a promis de s&rsquo;impliquer pour que des solutions rapides et solides soient trouv\u00e9es dans le souci d&rsquo;apporter un ouff de soulagement aux  compatriotes du Bas-Uel\u00e9.<\/p>\n\n\n\n<p>Jo\u00ebl Diawa<\/p>\n","protected":false},"excerpt":{"rendered":"<p>R\u00e9daction :+243817406088 Les difficult\u00e9s majeures rencontr\u00e9es par la province du Bas-Uel\u00e9 ont \u00e9t\u00e9 au menu&#8230;<\/p>\n","protected":false},"author":2,"featured_media":0,"comment_status":"closed","ping_status":"open","sticky":false,"template":"","format":"standard","meta":{"_jetpack_memberships_contains_paid_content":false,"footnotes":""},"categories":[1],"tags":[],"class_list":["post-1385","post","type-post","status-publish","format-standard","hentry","category-non-classe"],"yoast_head":"<!-- This site is optimized with the Yoast SEO plugin v27.5 - https:\/\/yoast.com\/product\/yoast-seo-wordpress\/ -->\n<title>D\u00e9senclavement de la province du Bas-Uel\u00e9, la gouverneure ai sollicite l&#039;implication du premier Vice-pr\u00e9sident du s\u00e9nat, Eddy Mundela Kanku - Infos Droits Humains<\/title>\n<meta name=\"robots\" content=\"index, follow, max-snippet:-1, max-image-preview:large, max-video-preview:-1\" \/>\n<link rel=\"canonical\" href=\"https:\/\/infos-droitshumains.net\/?p=1385\" \/>\n<meta property=\"og:locale\" content=\"fr_FR\" \/>\n<meta property=\"og:type\" content=\"article\" \/>\n<meta property=\"og:title\" content=\"D\u00e9senclavement de la province du Bas-Uel\u00e9, la gouverneure ai sollicite l&#039;implication du premier Vice-pr\u00e9sident du s\u00e9nat, Eddy Mundela Kanku - Infos Droits Humains\" \/>\n<meta property=\"og:description\" content=\"R\u00e9daction :+243817406088 Les difficult\u00e9s majeures rencontr\u00e9es par la province du Bas-Uel\u00e9 ont \u00e9t\u00e9 au menu...\" \/>\n<meta property=\"og:url\" content=\"https:\/\/infos-droitshumains.net\/?p=1385\" \/>\n<meta property=\"og:site_name\" content=\"Infos Droits Humains\" \/>\n<meta property=\"article:published_time\" content=\"2021-12-23T06:31:28+00:00\" \/>\n<meta property=\"article:modified_time\" content=\"2023-04-06T10:11:03+00:00\" \/>\n<meta property=\"og:image\" content=\"https:\/\/infos-droitshumains.net\/wp-content\/uploads\/2021\/12\/IMG-20211222-WA0008_1-1024x683.jpg\" \/>\n<meta name=\"author\" content=\"Jo\u00ebl Diawa\" \/>\n<meta name=\"twitter:card\" content=\"summary_large_image\" \/>\n<meta name=\"twitter:label1\" content=\"\u00c9crit par\" \/>\n\t<meta name=\"twitter:data1\" content=\"Jo\u00ebl Diawa\" \/>\n\t<meta name=\"twitter:label2\" content=\"Dur\u00e9e de lecture estim\u00e9e\" \/>\n\t<meta name=\"twitter:data2\" content=\"1 minute\" \/>\n<script type=\"application\/ld+json\" class=\"yoast-schema-graph\">{\"@context\":\"https:\\\/\\\/schema.org\",\"@graph\":[{\"@type\":\"Article\",\"@id\":\"https:\\\/\\\/infos-droitshumains.net\\\/?p=1385#article\",\"isPartOf\":{\"@id\":\"https:\\\/\\\/infos-droitshumains.net\\\/?p=1385\"},\"author\":{\"name\":\"Jo\u00ebl Diawa\",\"@id\":\"https:\\\/\\\/infos-droitshumains.net\\\/#\\\/schema\\\/person\\\/3dc5e921c3302172e0ed4362f96faab7\"},\"headline\":\"D\u00e9senclavement de la province du Bas-Uel\u00e9, la gouverneure ai sollicite l&rsquo;implication du premier Vice-pr\u00e9sident du s\u00e9nat, Eddy Mundela Kanku\",\"datePublished\":\"2021-12-23T06:31:28+00:00\",\"dateModified\":\"2023-04-06T10:11:03+00:00\",\"mainEntityOfPage\":{\"@id\":\"https:\\\/\\\/infos-droitshumains.net\\\/?p=1385\"},\"wordCount\":226,\"publisher\":{\"@id\":\"https:\\\/\\\/infos-droitshumains.net\\\/#organization\"},\"image\":{\"@id\":\"https:\\\/\\\/infos-droitshumains.net\\\/?p=1385#primaryimage\"},\"thumbnailUrl\":\"https:\\\/\\\/infos-droitshumains.net\\\/wp-content\\\/uploads\\\/2021\\\/12\\\/IMG-20211222-WA0008_1-1024x683.jpg\",\"inLanguage\":\"fr-FR\"},{\"@type\":\"WebPage\",\"@id\":\"https:\\\/\\\/infos-droitshumains.net\\\/?p=1385\",\"url\":\"https:\\\/\\\/infos-droitshumains.net\\\/?p=1385\",\"name\":\"D\u00e9senclavement de la province du Bas-Uel\u00e9, la gouverneure ai sollicite l'implication du premier Vice-pr\u00e9sident du s\u00e9nat, Eddy Mundela Kanku - Infos Droits Humains\",\"isPartOf\":{\"@id\":\"https:\\\/\\\/infos-droitshumains.net\\\/#website\"},\"primaryImageOfPage\":{\"@id\":\"https:\\\/\\\/infos-droitshumains.net\\\/?p=1385#primaryimage\"},\"image\":{\"@id\":\"https:\\\/\\\/infos-droitshumains.net\\\/?p=1385#primaryimage\"},\"thumbnailUrl\":\"https:\\\/\\\/infos-droitshumains.net\\\/wp-content\\\/uploads\\\/2021\\\/12\\\/IMG-20211222-WA0008_1-1024x683.jpg\",\"datePublished\":\"2021-12-23T06:31:28+00:00\",\"dateModified\":\"2023-04-06T10:11:03+00:00\",\"breadcrumb\":{\"@id\":\"https:\\\/\\\/infos-droitshumains.net\\\/?p=1385#breadcrumb\"},\"inLanguage\":\"fr-FR\",\"potentialAction\":[{\"@type\":\"ReadAction\",\"target\":[\"https:\\\/\\\/infos-droitshumains.net\\\/?p=1385\"]}]},{\"@type\":\"ImageObject\",\"inLanguage\":\"fr-FR\",\"@id\":\"https:\\\/\\\/infos-droitshumains.net\\\/?p=1385#primaryimage\",\"url\":\"https:\\\/\\\/infos-droitshumains.net\\\/wp-content\\\/uploads\\\/2021\\\/12\\\/IMG-20211222-WA0008_1-1024x683.jpg\",\"contentUrl\":\"https:\\\/\\\/infos-droitshumains.net\\\/wp-content\\\/uploads\\\/2021\\\/12\\\/IMG-20211222-WA0008_1-1024x683.jpg\"},{\"@type\":\"BreadcrumbList\",\"@id\":\"https:\\\/\\\/infos-droitshumains.net\\\/?p=1385#breadcrumb\",\"itemListElement\":[{\"@type\":\"ListItem\",\"position\":1,\"name\":\"Accueil\",\"item\":\"https:\\\/\\\/infos-droitshumains.net\\\/\"},{\"@type\":\"ListItem\",\"position\":2,\"name\":\"D\u00e9senclavement de la province du Bas-Uel\u00e9, la gouverneure ai sollicite l&rsquo;implication du premier Vice-pr\u00e9sident du s\u00e9nat, Eddy Mundela Kanku\"}]},{\"@type\":\"WebSite\",\"@id\":\"https:\\\/\\\/infos-droitshumains.net\\\/#website\",\"url\":\"https:\\\/\\\/infos-droitshumains.net\\\/\",\"name\":\"Infos Droits Humains\",\"description\":\"S&#039;informer est un droit\",\"publisher\":{\"@id\":\"https:\\\/\\\/infos-droitshumains.net\\\/#organization\"},\"potentialAction\":[{\"@type\":\"SearchAction\",\"target\":{\"@type\":\"EntryPoint\",\"urlTemplate\":\"https:\\\/\\\/infos-droitshumains.net\\\/?s={search_term_string}\"},\"query-input\":{\"@type\":\"PropertyValueSpecification\",\"valueRequired\":true,\"valueName\":\"search_term_string\"}}],\"inLanguage\":\"fr-FR\"},{\"@type\":\"Organization\",\"@id\":\"https:\\\/\\\/infos-droitshumains.net\\\/#organization\",\"name\":\"Infos Droits Humains\",\"url\":\"https:\\\/\\\/infos-droitshumains.net\\\/\",\"logo\":{\"@type\":\"ImageObject\",\"inLanguage\":\"fr-FR\",\"@id\":\"https:\\\/\\\/infos-droitshumains.net\\\/#\\\/schema\\\/logo\\\/image\\\/\",\"url\":\"https:\\\/\\\/i0.wp.com\\\/infos-droitshumains.net\\\/wp-content\\\/uploads\\\/2022\\\/05\\\/Logo.png?fit=333%2C129&ssl=1\",\"contentUrl\":\"https:\\\/\\\/i0.wp.com\\\/infos-droitshumains.net\\\/wp-content\\\/uploads\\\/2022\\\/05\\\/Logo.png?fit=333%2C129&ssl=1\",\"width\":333,\"height\":129,\"caption\":\"Infos Droits Humains\"},\"image\":{\"@id\":\"https:\\\/\\\/infos-droitshumains.net\\\/#\\\/schema\\\/logo\\\/image\\\/\"}},{\"@type\":\"Person\",\"@id\":\"https:\\\/\\\/infos-droitshumains.net\\\/#\\\/schema\\\/person\\\/3dc5e921c3302172e0ed4362f96faab7\",\"name\":\"Jo\u00ebl Diawa\",\"image\":{\"@type\":\"ImageObject\",\"inLanguage\":\"fr-FR\",\"@id\":\"https:\\\/\\\/secure.gravatar.com\\\/avatar\\\/729bea6ff4604c624417803c477363be8e3c7186deaa65713313f9b4b820f41c?s=96&d=mm&r=g\",\"url\":\"https:\\\/\\\/secure.gravatar.com\\\/avatar\\\/729bea6ff4604c624417803c477363be8e3c7186deaa65713313f9b4b820f41c?s=96&d=mm&r=g\",\"contentUrl\":\"https:\\\/\\\/secure.gravatar.com\\\/avatar\\\/729bea6ff4604c624417803c477363be8e3c7186deaa65713313f9b4b820f41c?s=96&d=mm&r=g\",\"caption\":\"Jo\u00ebl Diawa\"},\"sameAs\":[\"https:\\\/\\\/www.infos-droitshumains.net\"],\"url\":\"https:\\\/\\\/infos-droitshumains.net\\\/?author=2\"}]}<\/script>\n<!-- \/ Yoast SEO plugin. -->","yoast_head_json":{"title":"D\u00e9senclavement de la province du Bas-Uel\u00e9, la gouverneure ai sollicite l'implication du premier Vice-pr\u00e9sident du s\u00e9nat, Eddy Mundela Kanku - Infos Droits Humains","robots":{"index":"index","follow":"follow","max-snippet":"max-snippet:-1","max-image-preview":"max-image-preview:large","max-video-preview":"max-video-preview:-1"},"canonical":"https:\/\/infos-droitshumains.net\/?p=1385","og_locale":"fr_FR","og_type":"article","og_title":"D\u00e9senclavement de la province du Bas-Uel\u00e9, la gouverneure ai sollicite l'implication du premier Vice-pr\u00e9sident du s\u00e9nat, Eddy Mundela Kanku - Infos Droits Humains","og_description":"R\u00e9daction :+243817406088 Les difficult\u00e9s majeures rencontr\u00e9es par la province du Bas-Uel\u00e9 ont \u00e9t\u00e9 au menu...","og_url":"https:\/\/infos-droitshumains.net\/?p=1385","og_site_name":"Infos Droits Humains","article_published_time":"2021-12-23T06:31:28+00:00","article_modified_time":"2023-04-06T10:11:03+00:00","og_image":[{"url":"https:\/\/infos-droitshumains.net\/wp-content\/uploads\/2021\/12\/IMG-20211222-WA0008_1-1024x683.jpg","type":"","width":"","height":""}],"author":"Jo\u00ebl Diawa","twitter_card":"summary_large_image","twitter_misc":{"\u00c9crit par":"Jo\u00ebl Diawa","Dur\u00e9e de lecture estim\u00e9e":"1 minute"},"schema":{"@context":"https:\/\/schema.org","@graph":[{"@type":"Article","@id":"https:\/\/infos-droitshumains.net\/?p=1385#article","isPartOf":{"@id":"https:\/\/infos-droitshumains.net\/?p=1385"},"author":{"name":"Jo\u00ebl Diawa","@id":"https:\/\/infos-droitshumains.net\/#\/schema\/person\/3dc5e921c3302172e0ed4362f96faab7"},"headline":"D\u00e9senclavement de la province du Bas-Uel\u00e9, la gouverneure ai sollicite l&rsquo;implication du premier Vice-pr\u00e9sident du s\u00e9nat, Eddy Mundela Kanku","datePublished":"2021-12-23T06:31:28+00:00","dateModified":"2023-04-06T10:11:03+00:00","mainEntityOfPage":{"@id":"https:\/\/infos-droitshumains.net\/?p=1385"},"wordCount":226,"publisher":{"@id":"https:\/\/infos-droitshumains.net\/#organization"},"image":{"@id":"https:\/\/infos-droitshumains.net\/?p=1385#primaryimage"},"thumbnailUrl":"https:\/\/infos-droitshumains.net\/wp-content\/uploads\/2021\/12\/IMG-20211222-WA0008_1-1024x683.jpg","inLanguage":"fr-FR"},{"@type":"WebPage","@id":"https:\/\/infos-droitshumains.net\/?p=1385","url":"https:\/\/infos-droitshumains.net\/?p=1385","name":"D\u00e9senclavement de la province du Bas-Uel\u00e9, la gouverneure ai sollicite l'implication du premier Vice-pr\u00e9sident du s\u00e9nat, Eddy Mundela Kanku - Infos Droits Humains","isPartOf":{"@id":"https:\/\/infos-droitshumains.net\/#website"},"primaryImageOfPage":{"@id":"https:\/\/infos-droitshumains.net\/?p=1385#primaryimage"},"image":{"@id":"https:\/\/infos-droitshumains.net\/?p=1385#primaryimage"},"thumbnailUrl":"https:\/\/infos-droitshumains.net\/wp-content\/uploads\/2021\/12\/IMG-20211222-WA0008_1-1024x683.jpg","datePublished":"2021-12-23T06:31:28+00:00","dateModified":"2023-04-06T10:11:03+00:00","breadcrumb":{"@id":"https:\/\/infos-droitshumains.net\/?p=1385#breadcrumb"},"inLanguage":"fr-FR","potentialAction":[{"@type":"ReadAction","target":["https:\/\/infos-droitshumains.net\/?p=1385"]}]},{"@type":"ImageObject","inLanguage":"fr-FR","@id":"https:\/\/infos-droitshumains.net\/?p=1385#primaryimage","url":"https:\/\/infos-droitshumains.net\/wp-content\/uploads\/2021\/12\/IMG-20211222-WA0008_1-1024x683.jpg","contentUrl":"https:\/\/infos-droitshumains.net\/wp-content\/uploads\/2021\/12\/IMG-20211222-WA0008_1-1024x683.jpg"},{"@type":"BreadcrumbList","@id":"https:\/\/infos-droitshumains.net\/?p=1385#breadcrumb","itemListElement":[{"@type":"ListItem","position":1,"name":"Accueil","item":"https:\/\/infos-droitshumains.net\/"},{"@type":"ListItem","position":2,"name":"D\u00e9senclavement de la province du Bas-Uel\u00e9, la gouverneure ai sollicite l&rsquo;implication du premier Vice-pr\u00e9sident du s\u00e9nat, Eddy Mundela Kanku"}]},{"@type":"WebSite","@id":"https:\/\/infos-droitshumains.net\/#website","url":"https:\/\/infos-droitshumains.net\/","name":"Infos Droits Humains","description":"S&#039;informer est un droit","publisher":{"@id":"https:\/\/infos-droitshumains.net\/#organization"},"potentialAction":[{"@type":"SearchAction","target":{"@type":"EntryPoint","urlTemplate":"https:\/\/infos-droitshumains.net\/?s={search_term_string}"},"query-input":{"@type":"PropertyValueSpecification","valueRequired":true,"valueName":"search_term_string"}}],"inLanguage":"fr-FR"},{"@type":"Organization","@id":"https:\/\/infos-droitshumains.net\/#organization","name":"Infos Droits Humains","url":"https:\/\/infos-droitshumains.net\/","logo":{"@type":"ImageObject","inLanguage":"fr-FR","@id":"https:\/\/infos-droitshumains.net\/#\/schema\/logo\/image\/","url":"https:\/\/i0.wp.com\/infos-droitshumains.net\/wp-content\/uploads\/2022\/05\/Logo.png?fit=333%2C129&ssl=1","contentUrl":"https:\/\/i0.wp.com\/infos-droitshumains.net\/wp-content\/uploads\/2022\/05\/Logo.png?fit=333%2C129&ssl=1","width":333,"height":129,"caption":"Infos Droits Humains"},"image":{"@id":"https:\/\/infos-droitshumains.net\/#\/schema\/logo\/image\/"}},{"@type":"Person","@id":"https:\/\/infos-droitshumains.net\/#\/schema\/person\/3dc5e921c3302172e0ed4362f96faab7","name":"Jo\u00ebl Diawa","image":{"@type":"ImageObject","inLanguage":"fr-FR","@id":"https:\/\/secure.gravatar.com\/avatar\/729bea6ff4604c624417803c477363be8e3c7186deaa65713313f9b4b820f41c?s=96&d=mm&r=g","url":"https:\/\/secure.gravatar.com\/avatar\/729bea6ff4604c624417803c477363be8e3c7186deaa65713313f9b4b820f41c?s=96&d=mm&r=g","contentUrl":"https:\/\/secure.gravatar.com\/avatar\/729bea6ff4604c624417803c477363be8e3c7186deaa65713313f9b4b820f41c?s=96&d=mm&r=g","caption":"Jo\u00ebl Diawa"},"sameAs":["https:\/\/www.infos-droitshumains.net"],"url":"https:\/\/infos-droitshumains.net\/?author=2"}]}},"featured_image_urls":{"full":"","thumbnail":"","medium":"","medium_large":"","large":"","1536x1536":"","2048x2048":"","covernews-slider-full":"","covernews-slider-center":"","covernews-featured":"","covernews-medium":"","covernews-medium-square":""},"author_info":{"display_name":"Jo\u00ebl Diawa","author_link":"https:\/\/infos-droitshumains.net\/?author=2"},"category_info":"<a href=\"https:\/\/infos-droitshumains.net\/?cat=1\" rel=\"category\">Non class\u00e9<\/a>","tag_info":"Non class\u00e9","comment_count":"0","jetpack_featured_media_url":"","jetpack-related-posts":[],"jetpack_sharing_enabled":true,"_links":{"self":[{"href":"https:\/\/infos-droitshumains.net\/index.php?rest_route=\/wp\/v2\/posts\/1385","targetHints":{"allow":["GET"]}}],"collection":[{"href":"https:\/\/infos-droitshumains.net\/index.php?rest_route=\/wp\/v2\/posts"}],"about":[{"href":"https:\/\/infos-droitshumains.net\/index.php?rest_route=\/wp\/v2\/types\/post"}],"author":[{"embeddable":true,"href":"https:\/\/infos-droitshumains.net\/index.php?rest_route=\/wp\/v2\/users\/2"}],"replies":[{"embeddable":true,"href":"https:\/\/infos-droitshumains.net\/index.php?rest_route=%2Fwp%2Fv2%2Fcomments&post=1385"}],"version-history":[{"count":6,"href":"https:\/\/infos-droitshumains.net\/index.php?rest_route=\/wp\/v2\/posts\/1385\/revisions"}],"predecessor-version":[{"id":1393,"href":"https:\/\/infos-droitshumains.net\/index.php?rest_route=\/wp\/v2\/posts\/1385\/revisions\/1393"}],"wp:attachment":[{"href":"https:\/\/infos-droitshumains.net\/index.php?rest_route=%2Fwp%2Fv2%2Fmedia&parent=1385"}],"wp:term":[{"taxonomy":"category","embeddable":true,"href":"https:\/\/infos-droitshumains.net\/index.php?rest_route=%2Fwp%2Fv2%2Fcategories&post=1385"},{"taxonomy":"post_tag","embeddable":true,"href":"https:\/\/infos-droitshumains.net\/index.php?rest_route=%2Fwp%2Fv2%2Ftags&post=1385"}],"curies":[{"name":"wp","href":"https:\/\/api.w.org\/{rel}","templated":true}]}}