{"id":13527,"date":"2025-04-08T13:07:30","date_gmt":"2025-04-08T11:07:30","guid":{"rendered":"https:\/\/infos-droitshumains.net\/?p=13527"},"modified":"2025-04-08T14:40:34","modified_gmt":"2025-04-08T12:40:34","slug":"inondations-a-kinshasa-garcin-bamoyo-invite-les-autorites-prendre-des-mesures-concretes-pour-ameliorer-les-infrastructures-et-assurer-une-planification-urbaine-respectant-les-normes","status":"publish","type":"post","link":"https:\/\/infos-droitshumains.net\/?p=13527","title":{"rendered":"Inondations \u00e0 Kinshasa\u00a0: Garcin Bamoyo invite les autorit\u00e9s \u00e0 prendre des mesures concr\u00e8tes pour am\u00e9liorer les infrastructures et assurer une planification urbaine respectant les normes"},"content":{"rendered":"\n<p><strong>R\u00e9daction : +243 817 406 088<\/strong><\/p>\n\n\n\n<h3 class=\"wp-block-heading has-vivid-red-color has-text-color has-link-color wp-elements-4cc77bcbaf34a93724719233327768cf\">Le bilan officiel des r\u00e9centes inondations dans la partie Est de Kinshasa fait \u00e9tat de 32 morts \u00e0 en croire le communiqu\u00e9 du Minist\u00e8re de la Sant\u00e9, hygi\u00e8ne et pr\u00e9vention. Il a \u00e9t\u00e9 \u00e9galement enregistr\u00e9 plusieurs d\u00e9g\u00e2ts mat\u00e9riels et plusieurs familles sinistr\u00e9es. Quelques sites ont \u00e9t\u00e9 am\u00e9nag\u00e9s pour accueillir ces derniers.<\/h3>\n\n\n\n<p>Pour Garcin Bamoyo, haut cadre du parti politique CNARC et notable de Tshangu, ces inondations ont une fois de plus mis en lumi\u00e8re \u00ab\u00a0les d\u00e9fis majeurs auxquels la capitale Congolaise est confront\u00e9e\u00a0\u00bb.<\/p>\n\n\n\n<p>Parmi les causes principales de ces d\u00e9g\u00e2ts, Garcin Bamoyo cite notamment <em>\u00ab&nbsp;les constructions anarchiques le long des cours d\u2019eau, en l\u2019occurrence de la rivi\u00e8re N&rsquo;djili&nbsp;\u00bb<\/em>. Ces \u00e9difications ill\u00e9gales \u00e0 l\u2019en croire, <em>\u00ab&nbsp;emp\u00eachent l\u2019\u00e9coulement naturel des eaux, occasionnant ainsi les risques d\u2019inondations&nbsp;\u00bb<\/em>.<\/p>\n\n\n\n<p>A cet effet, Le pr\u00e9sident national de la <strong>Dynamique Garcin Bamoyo<\/strong> et de l\u2019Absl <strong>Kimbanseke chez biso<\/strong> interpelle la population qui est aussi <em>\u00ab&nbsp;fautive d\u2019une certaine mani\u00e8re&nbsp;\u00bb<\/em> En prenant les risques de construire <em>\u00ab&nbsp;trop souvent sans respecter les normes urbanistiques, parfois m\u00eame sur les caniveaux, aggravant encore la situation&nbsp;\u00bb<\/em>.<\/p>\n\n\n\n<p>Si la population a une part de responsabilit\u00e9, Garcin Bamoyo n\u2019\u00e9pargne cependant pas l\u2019Etat dont <em>\u00ab&nbsp;le silence et l\u2019indiff\u00e9rence&nbsp;\u00bb<\/em> \u00e9tonnent&nbsp;:<\/p>\n\n\n\n<p><em>\u00ab&nbsp;Face \u00e0 cette probl\u00e9matique, le Gouvernement Provincial a annonc\u00e9 des mesures telles que la d\u00e9molition des constructions ill\u00e9gales le long des rivi\u00e8res, afin de lib\u00e9rer le domaine public. Cependant ces actions sont per\u00e7ues comme inad\u00e9quates et inefficaces par les sinistr\u00e9s, alors qu\u2019ils attendent des r\u00e9ponses proactives et pr\u00e9ventives, des solutions imm\u00e9diates et adapt\u00e9es de la part des autorit\u00e9s&nbsp;\u00bb<\/em>, a-t-il alert\u00e9 avant de lancer une interpellation&nbsp;:<\/p>\n\n\n\n<p><em>\u00ab&nbsp;\u2026le mauvais \u00e9tat des infrastructures routi\u00e8res complique davantage la situation. Les routes d\u00e9grad\u00e9es entravent non seulement les op\u00e9rations de secours lors des catastrophes, mais contribuent aussi \u00e0 l\u2019aggravation des inondations en emp\u00eachant une \u00e9vacuation efficace des eaux pluviales. Il est donc imp\u00e9ratif que les autorit\u00e9s prennent des mesures concr\u00e8tes pour am\u00e9liorer les infrastructures et assurer une planification urbaine respectant les normes, afin de pr\u00e9venir de telles trag\u00e9dies aux jours \u00e0 venir.&nbsp;\u00bb<\/em><\/p>\n\n\n\n<p>Haut cadre du Congr\u00e8s National Africain pour le R\u00e9veil du Congo, parti cher au D\u00e9put\u00e9 Aim\u00e9 Pascal Mongo Lokonda, Garcin Bamoyo \u00e0 travers la Dynamique des Leaders de Kinshasa dont il est membre de la coordination s\u2019engage \u00e0 d\u00e9fendre l\u2019id\u00e9e d\u2019une soci\u00e9t\u00e9 juste et \u00e9quitable suivant l\u2019id\u00e9ologie du parti.<\/p>\n\n\n\n<p>Jo\u00ebl Diawa<\/p>\n","protected":false},"excerpt":{"rendered":"<p>R\u00e9daction : +243 817 406 088 Le bilan officiel des r\u00e9centes inondations dans la partie&#8230;<\/p>\n","protected":false},"author":2,"featured_media":13528,"comment_status":"open","ping_status":"open","sticky":false,"template":"","format":"standard","meta":{"_jetpack_memberships_contains_paid_content":false,"footnotes":""},"categories":[8],"tags":[],"class_list":["post-13527","post","type-post","status-publish","format-standard","has-post-thumbnail","hentry","category-societe"],"yoast_head":"<!-- This site is optimized with the Yoast SEO plugin v27.5 - https:\/\/yoast.com\/product\/yoast-seo-wordpress\/ -->\n<title>Inondations \u00e0 Kinshasa\u00a0: Garcin Bamoyo invite les autorit\u00e9s \u00e0 prendre des mesures concr\u00e8tes pour am\u00e9liorer les infrastructures et assurer une planification urbaine respectant les normes - Infos Droits Humains<\/title>\n<meta name=\"robots\" content=\"index, follow, max-snippet:-1, max-image-preview:large, max-video-preview:-1\" \/>\n<link rel=\"canonical\" href=\"https:\/\/infos-droitshumains.net\/?p=13527\" \/>\n<meta property=\"og:locale\" content=\"fr_FR\" \/>\n<meta property=\"og:type\" content=\"article\" \/>\n<meta property=\"og:title\" content=\"Inondations \u00e0 Kinshasa\u00a0: Garcin Bamoyo invite les autorit\u00e9s \u00e0 prendre des mesures concr\u00e8tes pour am\u00e9liorer les infrastructures et assurer une planification urbaine respectant les normes - Infos Droits Humains\" \/>\n<meta property=\"og:description\" content=\"R\u00e9daction : +243 817 406 088 Le bilan officiel des r\u00e9centes inondations dans la partie...\" \/>\n<meta property=\"og:url\" content=\"https:\/\/infos-droitshumains.net\/?p=13527\" \/>\n<meta property=\"og:site_name\" content=\"Infos Droits Humains\" \/>\n<meta property=\"article:published_time\" content=\"2025-04-08T11:07:30+00:00\" \/>\n<meta property=\"article:modified_time\" content=\"2025-04-08T12:40:34+00:00\" \/>\n<meta property=\"og:image\" content=\"https:\/\/infos-droitshumains.net\/wp-content\/uploads\/2025\/04\/GARCIN.jpg\" \/>\n\t<meta property=\"og:image:width\" content=\"705\" \/>\n\t<meta property=\"og:image:height\" content=\"823\" \/>\n\t<meta property=\"og:image:type\" content=\"image\/jpeg\" \/>\n<meta name=\"author\" content=\"Jo\u00ebl Diawa\" \/>\n<meta name=\"twitter:card\" content=\"summary_large_image\" \/>\n<meta name=\"twitter:label1\" content=\"\u00c9crit par\" \/>\n\t<meta name=\"twitter:data1\" content=\"Jo\u00ebl Diawa\" \/>\n\t<meta name=\"twitter:label2\" content=\"Dur\u00e9e de lecture estim\u00e9e\" \/>\n\t<meta name=\"twitter:data2\" content=\"3 minutes\" \/>\n<script type=\"application\/ld+json\" class=\"yoast-schema-graph\">{\"@context\":\"https:\\\/\\\/schema.org\",\"@graph\":[{\"@type\":\"Article\",\"@id\":\"https:\\\/\\\/infos-droitshumains.net\\\/?p=13527#article\",\"isPartOf\":{\"@id\":\"https:\\\/\\\/infos-droitshumains.net\\\/?p=13527\"},\"author\":{\"name\":\"Jo\u00ebl Diawa\",\"@id\":\"https:\\\/\\\/infos-droitshumains.net\\\/#\\\/schema\\\/person\\\/3dc5e921c3302172e0ed4362f96faab7\"},\"headline\":\"Inondations \u00e0 Kinshasa\u00a0: Garcin Bamoyo invite les autorit\u00e9s \u00e0 prendre des mesures concr\u00e8tes pour am\u00e9liorer les infrastructures et assurer une planification urbaine respectant les normes\",\"datePublished\":\"2025-04-08T11:07:30+00:00\",\"dateModified\":\"2025-04-08T12:40:34+00:00\",\"mainEntityOfPage\":{\"@id\":\"https:\\\/\\\/infos-droitshumains.net\\\/?p=13527\"},\"wordCount\":486,\"commentCount\":0,\"publisher\":{\"@id\":\"https:\\\/\\\/infos-droitshumains.net\\\/#organization\"},\"image\":{\"@id\":\"https:\\\/\\\/infos-droitshumains.net\\\/?p=13527#primaryimage\"},\"thumbnailUrl\":\"https:\\\/\\\/i0.wp.com\\\/infos-droitshumains.net\\\/wp-content\\\/uploads\\\/2025\\\/04\\\/GARCIN.jpg?fit=705%2C823&ssl=1\",\"articleSection\":[\"Soci\u00e9t\u00e9\"],\"inLanguage\":\"fr-FR\",\"potentialAction\":[{\"@type\":\"CommentAction\",\"name\":\"Comment\",\"target\":[\"https:\\\/\\\/infos-droitshumains.net\\\/?p=13527#respond\"]}]},{\"@type\":\"WebPage\",\"@id\":\"https:\\\/\\\/infos-droitshumains.net\\\/?p=13527\",\"url\":\"https:\\\/\\\/infos-droitshumains.net\\\/?p=13527\",\"name\":\"Inondations \u00e0 Kinshasa\u00a0: Garcin Bamoyo invite les autorit\u00e9s \u00e0 prendre des mesures concr\u00e8tes pour am\u00e9liorer les infrastructures et assurer une planification urbaine respectant les normes - Infos Droits Humains\",\"isPartOf\":{\"@id\":\"https:\\\/\\\/infos-droitshumains.net\\\/#website\"},\"primaryImageOfPage\":{\"@id\":\"https:\\\/\\\/infos-droitshumains.net\\\/?p=13527#primaryimage\"},\"image\":{\"@id\":\"https:\\\/\\\/infos-droitshumains.net\\\/?p=13527#primaryimage\"},\"thumbnailUrl\":\"https:\\\/\\\/i0.wp.com\\\/infos-droitshumains.net\\\/wp-content\\\/uploads\\\/2025\\\/04\\\/GARCIN.jpg?fit=705%2C823&ssl=1\",\"datePublished\":\"2025-04-08T11:07:30+00:00\",\"dateModified\":\"2025-04-08T12:40:34+00:00\",\"breadcrumb\":{\"@id\":\"https:\\\/\\\/infos-droitshumains.net\\\/?p=13527#breadcrumb\"},\"inLanguage\":\"fr-FR\",\"potentialAction\":[{\"@type\":\"ReadAction\",\"target\":[\"https:\\\/\\\/infos-droitshumains.net\\\/?p=13527\"]}]},{\"@type\":\"ImageObject\",\"inLanguage\":\"fr-FR\",\"@id\":\"https:\\\/\\\/infos-droitshumains.net\\\/?p=13527#primaryimage\",\"url\":\"https:\\\/\\\/i0.wp.com\\\/infos-droitshumains.net\\\/wp-content\\\/uploads\\\/2025\\\/04\\\/GARCIN.jpg?fit=705%2C823&ssl=1\",\"contentUrl\":\"https:\\\/\\\/i0.wp.com\\\/infos-droitshumains.net\\\/wp-content\\\/uploads\\\/2025\\\/04\\\/GARCIN.jpg?fit=705%2C823&ssl=1\",\"width\":705,\"height\":823},{\"@type\":\"BreadcrumbList\",\"@id\":\"https:\\\/\\\/infos-droitshumains.net\\\/?p=13527#breadcrumb\",\"itemListElement\":[{\"@type\":\"ListItem\",\"position\":1,\"name\":\"Accueil\",\"item\":\"https:\\\/\\\/infos-droitshumains.net\\\/\"},{\"@type\":\"ListItem\",\"position\":2,\"name\":\"Inondations \u00e0 Kinshasa\u00a0: Garcin Bamoyo invite les autorit\u00e9s \u00e0 prendre des mesures concr\u00e8tes pour am\u00e9liorer les infrastructures et assurer une planification urbaine respectant les normes\"}]},{\"@type\":\"WebSite\",\"@id\":\"https:\\\/\\\/infos-droitshumains.net\\\/#website\",\"url\":\"https:\\\/\\\/infos-droitshumains.net\\\/\",\"name\":\"Infos Droits Humains\",\"description\":\"S&#039;informer est un droit\",\"publisher\":{\"@id\":\"https:\\\/\\\/infos-droitshumains.net\\\/#organization\"},\"potentialAction\":[{\"@type\":\"SearchAction\",\"target\":{\"@type\":\"EntryPoint\",\"urlTemplate\":\"https:\\\/\\\/infos-droitshumains.net\\\/?s={search_term_string}\"},\"query-input\":{\"@type\":\"PropertyValueSpecification\",\"valueRequired\":true,\"valueName\":\"search_term_string\"}}],\"inLanguage\":\"fr-FR\"},{\"@type\":\"Organization\",\"@id\":\"https:\\\/\\\/infos-droitshumains.net\\\/#organization\",\"name\":\"Infos Droits Humains\",\"url\":\"https:\\\/\\\/infos-droitshumains.net\\\/\",\"logo\":{\"@type\":\"ImageObject\",\"inLanguage\":\"fr-FR\",\"@id\":\"https:\\\/\\\/infos-droitshumains.net\\\/#\\\/schema\\\/logo\\\/image\\\/\",\"url\":\"https:\\\/\\\/i0.wp.com\\\/infos-droitshumains.net\\\/wp-content\\\/uploads\\\/2022\\\/05\\\/Logo.png?fit=333%2C129&ssl=1\",\"contentUrl\":\"https:\\\/\\\/i0.wp.com\\\/infos-droitshumains.net\\\/wp-content\\\/uploads\\\/2022\\\/05\\\/Logo.png?fit=333%2C129&ssl=1\",\"width\":333,\"height\":129,\"caption\":\"Infos Droits Humains\"},\"image\":{\"@id\":\"https:\\\/\\\/infos-droitshumains.net\\\/#\\\/schema\\\/logo\\\/image\\\/\"}},{\"@type\":\"Person\",\"@id\":\"https:\\\/\\\/infos-droitshumains.net\\\/#\\\/schema\\\/person\\\/3dc5e921c3302172e0ed4362f96faab7\",\"name\":\"Jo\u00ebl Diawa\",\"image\":{\"@type\":\"ImageObject\",\"inLanguage\":\"fr-FR\",\"@id\":\"https:\\\/\\\/secure.gravatar.com\\\/avatar\\\/729bea6ff4604c624417803c477363be8e3c7186deaa65713313f9b4b820f41c?s=96&d=mm&r=g\",\"url\":\"https:\\\/\\\/secure.gravatar.com\\\/avatar\\\/729bea6ff4604c624417803c477363be8e3c7186deaa65713313f9b4b820f41c?s=96&d=mm&r=g\",\"contentUrl\":\"https:\\\/\\\/secure.gravatar.com\\\/avatar\\\/729bea6ff4604c624417803c477363be8e3c7186deaa65713313f9b4b820f41c?s=96&d=mm&r=g\",\"caption\":\"Jo\u00ebl Diawa\"},\"sameAs\":[\"https:\\\/\\\/www.infos-droitshumains.net\"],\"url\":\"https:\\\/\\\/infos-droitshumains.net\\\/?author=2\"}]}<\/script>\n<!-- \/ Yoast SEO plugin. -->","yoast_head_json":{"title":"Inondations \u00e0 Kinshasa\u00a0: Garcin Bamoyo invite les autorit\u00e9s \u00e0 prendre des mesures concr\u00e8tes pour am\u00e9liorer les infrastructures et assurer une planification urbaine respectant les normes - Infos Droits Humains","robots":{"index":"index","follow":"follow","max-snippet":"max-snippet:-1","max-image-preview":"max-image-preview:large","max-video-preview":"max-video-preview:-1"},"canonical":"https:\/\/infos-droitshumains.net\/?p=13527","og_locale":"fr_FR","og_type":"article","og_title":"Inondations \u00e0 Kinshasa\u00a0: Garcin Bamoyo invite les autorit\u00e9s \u00e0 prendre des mesures concr\u00e8tes pour am\u00e9liorer les infrastructures et assurer une planification urbaine respectant les normes - Infos Droits Humains","og_description":"R\u00e9daction : +243 817 406 088 Le bilan officiel des r\u00e9centes inondations dans la partie...","og_url":"https:\/\/infos-droitshumains.net\/?p=13527","og_site_name":"Infos Droits Humains","article_published_time":"2025-04-08T11:07:30+00:00","article_modified_time":"2025-04-08T12:40:34+00:00","og_image":[{"width":705,"height":823,"url":"https:\/\/infos-droitshumains.net\/wp-content\/uploads\/2025\/04\/GARCIN.jpg","type":"image\/jpeg"}],"author":"Jo\u00ebl Diawa","twitter_card":"summary_large_image","twitter_misc":{"\u00c9crit par":"Jo\u00ebl Diawa","Dur\u00e9e de lecture estim\u00e9e":"3 minutes"},"schema":{"@context":"https:\/\/schema.org","@graph":[{"@type":"Article","@id":"https:\/\/infos-droitshumains.net\/?p=13527#article","isPartOf":{"@id":"https:\/\/infos-droitshumains.net\/?p=13527"},"author":{"name":"Jo\u00ebl Diawa","@id":"https:\/\/infos-droitshumains.net\/#\/schema\/person\/3dc5e921c3302172e0ed4362f96faab7"},"headline":"Inondations \u00e0 Kinshasa\u00a0: Garcin Bamoyo invite les autorit\u00e9s \u00e0 prendre des mesures concr\u00e8tes pour am\u00e9liorer les infrastructures et assurer une planification urbaine respectant les normes","datePublished":"2025-04-08T11:07:30+00:00","dateModified":"2025-04-08T12:40:34+00:00","mainEntityOfPage":{"@id":"https:\/\/infos-droitshumains.net\/?p=13527"},"wordCount":486,"commentCount":0,"publisher":{"@id":"https:\/\/infos-droitshumains.net\/#organization"},"image":{"@id":"https:\/\/infos-droitshumains.net\/?p=13527#primaryimage"},"thumbnailUrl":"https:\/\/i0.wp.com\/infos-droitshumains.net\/wp-content\/uploads\/2025\/04\/GARCIN.jpg?fit=705%2C823&ssl=1","articleSection":["Soci\u00e9t\u00e9"],"inLanguage":"fr-FR","potentialAction":[{"@type":"CommentAction","name":"Comment","target":["https:\/\/infos-droitshumains.net\/?p=13527#respond"]}]},{"@type":"WebPage","@id":"https:\/\/infos-droitshumains.net\/?p=13527","url":"https:\/\/infos-droitshumains.net\/?p=13527","name":"Inondations \u00e0 Kinshasa\u00a0: Garcin Bamoyo invite les autorit\u00e9s \u00e0 prendre des mesures concr\u00e8tes pour am\u00e9liorer les infrastructures et assurer une planification urbaine respectant les normes - Infos Droits Humains","isPartOf":{"@id":"https:\/\/infos-droitshumains.net\/#website"},"primaryImageOfPage":{"@id":"https:\/\/infos-droitshumains.net\/?p=13527#primaryimage"},"image":{"@id":"https:\/\/infos-droitshumains.net\/?p=13527#primaryimage"},"thumbnailUrl":"https:\/\/i0.wp.com\/infos-droitshumains.net\/wp-content\/uploads\/2025\/04\/GARCIN.jpg?fit=705%2C823&ssl=1","datePublished":"2025-04-08T11:07:30+00:00","dateModified":"2025-04-08T12:40:34+00:00","breadcrumb":{"@id":"https:\/\/infos-droitshumains.net\/?p=13527#breadcrumb"},"inLanguage":"fr-FR","potentialAction":[{"@type":"ReadAction","target":["https:\/\/infos-droitshumains.net\/?p=13527"]}]},{"@type":"ImageObject","inLanguage":"fr-FR","@id":"https:\/\/infos-droitshumains.net\/?p=13527#primaryimage","url":"https:\/\/i0.wp.com\/infos-droitshumains.net\/wp-content\/uploads\/2025\/04\/GARCIN.jpg?fit=705%2C823&ssl=1","contentUrl":"https:\/\/i0.wp.com\/infos-droitshumains.net\/wp-content\/uploads\/2025\/04\/GARCIN.jpg?fit=705%2C823&ssl=1","width":705,"height":823},{"@type":"BreadcrumbList","@id":"https:\/\/infos-droitshumains.net\/?p=13527#breadcrumb","itemListElement":[{"@type":"ListItem","position":1,"name":"Accueil","item":"https:\/\/infos-droitshumains.net\/"},{"@type":"ListItem","position":2,"name":"Inondations \u00e0 Kinshasa\u00a0: Garcin Bamoyo invite les autorit\u00e9s \u00e0 prendre des mesures concr\u00e8tes pour am\u00e9liorer les infrastructures et assurer une planification urbaine respectant les normes"}]},{"@type":"WebSite","@id":"https:\/\/infos-droitshumains.net\/#website","url":"https:\/\/infos-droitshumains.net\/","name":"Infos Droits Humains","description":"S&#039;informer est un droit","publisher":{"@id":"https:\/\/infos-droitshumains.net\/#organization"},"potentialAction":[{"@type":"SearchAction","target":{"@type":"EntryPoint","urlTemplate":"https:\/\/infos-droitshumains.net\/?s={search_term_string}"},"query-input":{"@type":"PropertyValueSpecification","valueRequired":true,"valueName":"search_term_string"}}],"inLanguage":"fr-FR"},{"@type":"Organization","@id":"https:\/\/infos-droitshumains.net\/#organization","name":"Infos Droits Humains","url":"https:\/\/infos-droitshumains.net\/","logo":{"@type":"ImageObject","inLanguage":"fr-FR","@id":"https:\/\/infos-droitshumains.net\/#\/schema\/logo\/image\/","url":"https:\/\/i0.wp.com\/infos-droitshumains.net\/wp-content\/uploads\/2022\/05\/Logo.png?fit=333%2C129&ssl=1","contentUrl":"https:\/\/i0.wp.com\/infos-droitshumains.net\/wp-content\/uploads\/2022\/05\/Logo.png?fit=333%2C129&ssl=1","width":333,"height":129,"caption":"Infos Droits Humains"},"image":{"@id":"https:\/\/infos-droitshumains.net\/#\/schema\/logo\/image\/"}},{"@type":"Person","@id":"https:\/\/infos-droitshumains.net\/#\/schema\/person\/3dc5e921c3302172e0ed4362f96faab7","name":"Jo\u00ebl Diawa","image":{"@type":"ImageObject","inLanguage":"fr-FR","@id":"https:\/\/secure.gravatar.com\/avatar\/729bea6ff4604c624417803c477363be8e3c7186deaa65713313f9b4b820f41c?s=96&d=mm&r=g","url":"https:\/\/secure.gravatar.com\/avatar\/729bea6ff4604c624417803c477363be8e3c7186deaa65713313f9b4b820f41c?s=96&d=mm&r=g","contentUrl":"https:\/\/secure.gravatar.com\/avatar\/729bea6ff4604c624417803c477363be8e3c7186deaa65713313f9b4b820f41c?s=96&d=mm&r=g","caption":"Jo\u00ebl Diawa"},"sameAs":["https:\/\/www.infos-droitshumains.net"],"url":"https:\/\/infos-droitshumains.net\/?author=2"}]}},"featured_image_urls":{"full":["https:\/\/i0.wp.com\/infos-droitshumains.net\/wp-content\/uploads\/2025\/04\/GARCIN.jpg?fit=705%2C823&ssl=1",705,823,false],"thumbnail":["https:\/\/i0.wp.com\/infos-droitshumains.net\/wp-content\/uploads\/2025\/04\/GARCIN.jpg?resize=150%2C150&ssl=1",150,150,true],"medium":["https:\/\/i0.wp.com\/infos-droitshumains.net\/wp-content\/uploads\/2025\/04\/GARCIN.jpg?fit=257%2C300&ssl=1",257,300,true],"medium_large":["https:\/\/i0.wp.com\/infos-droitshumains.net\/wp-content\/uploads\/2025\/04\/GARCIN.jpg?fit=640%2C747&ssl=1",640,747,true],"large":["https:\/\/i0.wp.com\/infos-droitshumains.net\/wp-content\/uploads\/2025\/04\/GARCIN.jpg?fit=640%2C747&ssl=1",640,747,true],"1536x1536":["https:\/\/i0.wp.com\/infos-droitshumains.net\/wp-content\/uploads\/2025\/04\/GARCIN.jpg?fit=705%2C823&ssl=1",705,823,true],"2048x2048":["https:\/\/i0.wp.com\/infos-droitshumains.net\/wp-content\/uploads\/2025\/04\/GARCIN.jpg?fit=705%2C823&ssl=1",705,823,true],"covernews-slider-full":["https:\/\/i0.wp.com\/infos-droitshumains.net\/wp-content\/uploads\/2025\/04\/GARCIN.jpg?resize=705%2C715&ssl=1",705,715,true],"covernews-slider-center":["https:\/\/i0.wp.com\/infos-droitshumains.net\/wp-content\/uploads\/2025\/04\/GARCIN.jpg?resize=705%2C500&ssl=1",705,500,true],"covernews-featured":["https:\/\/i0.wp.com\/infos-droitshumains.net\/wp-content\/uploads\/2025\/04\/GARCIN.jpg?fit=705%2C823&ssl=1",705,823,true],"covernews-medium":["https:\/\/i0.wp.com\/infos-droitshumains.net\/wp-content\/uploads\/2025\/04\/GARCIN.jpg?resize=540%2C340&ssl=1",540,340,true],"covernews-medium-square":["https:\/\/i0.wp.com\/infos-droitshumains.net\/wp-content\/uploads\/2025\/04\/GARCIN.jpg?resize=400%2C250&ssl=1",400,250,true]},"author_info":{"display_name":"Jo\u00ebl Diawa","author_link":"https:\/\/infos-droitshumains.net\/?author=2"},"category_info":"<a href=\"https:\/\/infos-droitshumains.net\/?cat=8\" rel=\"category\">Soci\u00e9t\u00e9<\/a>","tag_info":"Soci\u00e9t\u00e9","comment_count":"0","jetpack_featured_media_url":"https:\/\/i0.wp.com\/infos-droitshumains.net\/wp-content\/uploads\/2025\/04\/GARCIN.jpg?fit=705%2C823&ssl=1","jetpack-related-posts":[],"jetpack_sharing_enabled":true,"_links":{"self":[{"href":"https:\/\/infos-droitshumains.net\/index.php?rest_route=\/wp\/v2\/posts\/13527","targetHints":{"allow":["GET"]}}],"collection":[{"href":"https:\/\/infos-droitshumains.net\/index.php?rest_route=\/wp\/v2\/posts"}],"about":[{"href":"https:\/\/infos-droitshumains.net\/index.php?rest_route=\/wp\/v2\/types\/post"}],"author":[{"embeddable":true,"href":"https:\/\/infos-droitshumains.net\/index.php?rest_route=\/wp\/v2\/users\/2"}],"replies":[{"embeddable":true,"href":"https:\/\/infos-droitshumains.net\/index.php?rest_route=%2Fwp%2Fv2%2Fcomments&post=13527"}],"version-history":[{"count":9,"href":"https:\/\/infos-droitshumains.net\/index.php?rest_route=\/wp\/v2\/posts\/13527\/revisions"}],"predecessor-version":[{"id":13540,"href":"https:\/\/infos-droitshumains.net\/index.php?rest_route=\/wp\/v2\/posts\/13527\/revisions\/13540"}],"wp:featuredmedia":[{"embeddable":true,"href":"https:\/\/infos-droitshumains.net\/index.php?rest_route=\/wp\/v2\/media\/13528"}],"wp:attachment":[{"href":"https:\/\/infos-droitshumains.net\/index.php?rest_route=%2Fwp%2Fv2%2Fmedia&parent=13527"}],"wp:term":[{"taxonomy":"category","embeddable":true,"href":"https:\/\/infos-droitshumains.net\/index.php?rest_route=%2Fwp%2Fv2%2Fcategories&post=13527"},{"taxonomy":"post_tag","embeddable":true,"href":"https:\/\/infos-droitshumains.net\/index.php?rest_route=%2Fwp%2Fv2%2Ftags&post=13527"}],"curies":[{"name":"wp","href":"https:\/\/api.w.org\/{rel}","templated":true}]}}