{"id":13513,"date":"2025-04-07T18:47:25","date_gmt":"2025-04-07T16:47:25","guid":{"rendered":"https:\/\/infos-droitshumains.net\/?p=13513"},"modified":"2025-04-07T20:03:06","modified_gmt":"2025-04-07T18:03:06","slug":"assemblee-generale-ordinaire-du-csm-le-president-tshisekedi-insiste-sur-lindependance-constitutionnelle-du-pouvoir-judiciaire-qui-est-non-negociable","status":"publish","type":"post","link":"https:\/\/infos-droitshumains.net\/?p=13513","title":{"rendered":"Assembl\u00e9e G\u00e9n\u00e9rale Ordinaire du CSM\u00a0: Le Pr\u00e9sident Tshisekedi insiste sur l&rsquo;ind\u00e9pendance constitutionnelle du pouvoir judiciaire qui est \u00ab\u00a0non n\u00e9gociable\u00a0\u00bb"},"content":{"rendered":"\n<p><strong>R\u00e9daction : +243 817 406 088<\/strong><\/p>\n\n\n\n<h3 class=\"wp-block-heading has-vivid-red-color has-text-color has-link-color wp-elements-e14d1f0b832675f10d5080e2c9546c48\">Le Pr\u00e9sident de la R\u00e9publique a ouvert ce lundi 7 avril 2025, l\u2019Assembl\u00e9e G\u00e9n\u00e9rale ordinaire du Conseil Sup\u00e9rieur de la Magistrature, (CSM), une session qui se tient pour la premi\u00e8re fois 17 ans apr\u00e8s la cr\u00e9ation de cet organe de gestion des magistrats.<\/h3>\n\n\n\n<p>Dans son mot d\u2019ouverture, le Magistrat Supr\u00eame a insist\u00e9 sur le caract\u00e8re ind\u00e9pendant du pouvoir judiciaire lui reconnu par la constitution&nbsp;:<\/p>\n\n\n\n<p><em>\u00ab&nbsp;L&rsquo;ind\u00e9pendance constitutionnelle du pouvoir judiciaire est non n\u00e9gociable. Entant que garant du bon fonctionnement des institutions, je veillerai personnellement \u00e0 la pr\u00e9servation de cette ind\u00e9pendance&nbsp;\u00bb<\/em>, a-t-il soulign\u00e9 tout en pr\u00e9cisant que cette ind\u00e9pendance <em>\u00ab&nbsp;n&rsquo;est pas un privil\u00e8ge personnel&nbsp;\u00bb<\/em> mais <em>\u00ab&nbsp;une responsabilit\u00e9 collective au service de notre peuple&nbsp;\u00bb<\/em>.<\/p>\n\n\n\n<p>Le Chef de l\u2019Etat a par ailleurs invit\u00e9 les magistrats \u00e0 \u00eatre les garants d\u2019une justice qui rassure et prot\u00e8ge les droits fondamentaux de chaque citoyen\u00a0:<\/p>\n\n\n\n<p><em>\u00ab&nbsp;Je vous appelle \u00e0 faire preuve de rigueur et de courage dans vos d\u00e9cision. La sanction positive ou n\u00e9gative garantit non seulement l\u2019\u00e9quit\u00e9, mais aussi l\u2019int\u00e9grit\u00e9 et l\u2019efficacit\u00e9 dans l\u2019exercice de vos fonctions. C\u2019est ici l\u2019occasion de rappeler le pouvoir disciplinaire sur les magistrats reconnu au Conseil Sup\u00e9rieur de la Magistrature qu\u2019il ne doit pas \u00eatre exerc\u00e9 avec complaisance ou qu\u2019il ne peut \u00eatre \u00e0 g\u00e9om\u00e9trie variable\u2026&nbsp;\u00bb<\/em><\/p>\n\n\n\n<p>Pour une bonne administration de la justice, F\u00e9lix Tshisekedi a \u00e9galement appel\u00e9 \u00e0 un partenariat renforc\u00e9 entre le gouvernement et le Conseil Sup\u00e9rieur de la Magistrature pour poursuivre ensemble, les r\u00e9formes n\u00e9cessaires \u00e0 l\u2019\u00e9l\u00e9vation de la justice.<\/p>\n\n\n\n<p>Jo\u00ebl Diawa<\/p>\n","protected":false},"excerpt":{"rendered":"<p>R\u00e9daction : +243 817 406 088 Le Pr\u00e9sident de la R\u00e9publique a ouvert ce lundi&#8230;<\/p>\n","protected":false},"author":2,"featured_media":13518,"comment_status":"open","ping_status":"open","sticky":false,"template":"","format":"standard","meta":{"_jetpack_memberships_contains_paid_content":false,"footnotes":""},"categories":[6],"tags":[],"class_list":["post-13513","post","type-post","status-publish","format-standard","has-post-thumbnail","hentry","category-justice"],"yoast_head":"<!-- This site is optimized with the Yoast SEO plugin v27.5 - https:\/\/yoast.com\/product\/yoast-seo-wordpress\/ -->\n<title>Assembl\u00e9e G\u00e9n\u00e9rale Ordinaire du CSM\u00a0: Le Pr\u00e9sident Tshisekedi insiste sur l&#039;ind\u00e9pendance constitutionnelle du pouvoir judiciaire qui est \u00ab\u00a0non n\u00e9gociable\u00a0\u00bb - Infos Droits Humains<\/title>\n<meta name=\"robots\" content=\"index, follow, max-snippet:-1, max-image-preview:large, max-video-preview:-1\" \/>\n<link rel=\"canonical\" href=\"https:\/\/infos-droitshumains.net\/?p=13513\" \/>\n<meta property=\"og:locale\" content=\"fr_FR\" \/>\n<meta property=\"og:type\" content=\"article\" \/>\n<meta property=\"og:title\" content=\"Assembl\u00e9e G\u00e9n\u00e9rale Ordinaire du CSM\u00a0: Le Pr\u00e9sident Tshisekedi insiste sur l&#039;ind\u00e9pendance constitutionnelle du pouvoir judiciaire qui est \u00ab\u00a0non n\u00e9gociable\u00a0\u00bb - Infos Droits Humains\" \/>\n<meta property=\"og:description\" content=\"R\u00e9daction : +243 817 406 088 Le Pr\u00e9sident de la R\u00e9publique a ouvert ce lundi...\" \/>\n<meta property=\"og:url\" content=\"https:\/\/infos-droitshumains.net\/?p=13513\" \/>\n<meta property=\"og:site_name\" content=\"Infos Droits Humains\" \/>\n<meta property=\"article:published_time\" content=\"2025-04-07T16:47:25+00:00\" \/>\n<meta property=\"article:modified_time\" content=\"2025-04-07T18:03:06+00:00\" \/>\n<meta property=\"og:image\" content=\"https:\/\/infos-droitshumains.net\/wp-content\/uploads\/2025\/04\/20250407_184520.jpg\" \/>\n\t<meta property=\"og:image:width\" content=\"1024\" \/>\n\t<meta property=\"og:image:height\" content=\"676\" \/>\n\t<meta property=\"og:image:type\" content=\"image\/jpeg\" \/>\n<meta name=\"author\" content=\"Jo\u00ebl Diawa\" \/>\n<meta name=\"twitter:card\" content=\"summary_large_image\" \/>\n<meta name=\"twitter:label1\" content=\"\u00c9crit par\" \/>\n\t<meta name=\"twitter:data1\" content=\"Jo\u00ebl Diawa\" \/>\n\t<meta name=\"twitter:label2\" content=\"Dur\u00e9e de lecture estim\u00e9e\" \/>\n\t<meta name=\"twitter:data2\" content=\"2 minutes\" \/>\n<script type=\"application\/ld+json\" class=\"yoast-schema-graph\">{\"@context\":\"https:\\\/\\\/schema.org\",\"@graph\":[{\"@type\":\"Article\",\"@id\":\"https:\\\/\\\/infos-droitshumains.net\\\/?p=13513#article\",\"isPartOf\":{\"@id\":\"https:\\\/\\\/infos-droitshumains.net\\\/?p=13513\"},\"author\":{\"name\":\"Jo\u00ebl Diawa\",\"@id\":\"https:\\\/\\\/infos-droitshumains.net\\\/#\\\/schema\\\/person\\\/3dc5e921c3302172e0ed4362f96faab7\"},\"headline\":\"Assembl\u00e9e G\u00e9n\u00e9rale Ordinaire du CSM\u00a0: Le Pr\u00e9sident Tshisekedi insiste sur l&rsquo;ind\u00e9pendance constitutionnelle du pouvoir judiciaire qui est \u00ab\u00a0non n\u00e9gociable\u00a0\u00bb\",\"datePublished\":\"2025-04-07T16:47:25+00:00\",\"dateModified\":\"2025-04-07T18:03:06+00:00\",\"mainEntityOfPage\":{\"@id\":\"https:\\\/\\\/infos-droitshumains.net\\\/?p=13513\"},\"wordCount\":315,\"commentCount\":0,\"publisher\":{\"@id\":\"https:\\\/\\\/infos-droitshumains.net\\\/#organization\"},\"image\":{\"@id\":\"https:\\\/\\\/infos-droitshumains.net\\\/?p=13513#primaryimage\"},\"thumbnailUrl\":\"https:\\\/\\\/i0.wp.com\\\/infos-droitshumains.net\\\/wp-content\\\/uploads\\\/2025\\\/04\\\/20250407_184520.jpg?fit=1024%2C676&ssl=1\",\"articleSection\":[\"Justice\"],\"inLanguage\":\"fr-FR\",\"potentialAction\":[{\"@type\":\"CommentAction\",\"name\":\"Comment\",\"target\":[\"https:\\\/\\\/infos-droitshumains.net\\\/?p=13513#respond\"]}]},{\"@type\":\"WebPage\",\"@id\":\"https:\\\/\\\/infos-droitshumains.net\\\/?p=13513\",\"url\":\"https:\\\/\\\/infos-droitshumains.net\\\/?p=13513\",\"name\":\"Assembl\u00e9e G\u00e9n\u00e9rale Ordinaire du CSM\u00a0: Le Pr\u00e9sident Tshisekedi insiste sur l'ind\u00e9pendance constitutionnelle du pouvoir judiciaire qui est \u00ab\u00a0non n\u00e9gociable\u00a0\u00bb - Infos Droits Humains\",\"isPartOf\":{\"@id\":\"https:\\\/\\\/infos-droitshumains.net\\\/#website\"},\"primaryImageOfPage\":{\"@id\":\"https:\\\/\\\/infos-droitshumains.net\\\/?p=13513#primaryimage\"},\"image\":{\"@id\":\"https:\\\/\\\/infos-droitshumains.net\\\/?p=13513#primaryimage\"},\"thumbnailUrl\":\"https:\\\/\\\/i0.wp.com\\\/infos-droitshumains.net\\\/wp-content\\\/uploads\\\/2025\\\/04\\\/20250407_184520.jpg?fit=1024%2C676&ssl=1\",\"datePublished\":\"2025-04-07T16:47:25+00:00\",\"dateModified\":\"2025-04-07T18:03:06+00:00\",\"breadcrumb\":{\"@id\":\"https:\\\/\\\/infos-droitshumains.net\\\/?p=13513#breadcrumb\"},\"inLanguage\":\"fr-FR\",\"potentialAction\":[{\"@type\":\"ReadAction\",\"target\":[\"https:\\\/\\\/infos-droitshumains.net\\\/?p=13513\"]}]},{\"@type\":\"ImageObject\",\"inLanguage\":\"fr-FR\",\"@id\":\"https:\\\/\\\/infos-droitshumains.net\\\/?p=13513#primaryimage\",\"url\":\"https:\\\/\\\/i0.wp.com\\\/infos-droitshumains.net\\\/wp-content\\\/uploads\\\/2025\\\/04\\\/20250407_184520.jpg?fit=1024%2C676&ssl=1\",\"contentUrl\":\"https:\\\/\\\/i0.wp.com\\\/infos-droitshumains.net\\\/wp-content\\\/uploads\\\/2025\\\/04\\\/20250407_184520.jpg?fit=1024%2C676&ssl=1\",\"width\":1024,\"height\":676},{\"@type\":\"BreadcrumbList\",\"@id\":\"https:\\\/\\\/infos-droitshumains.net\\\/?p=13513#breadcrumb\",\"itemListElement\":[{\"@type\":\"ListItem\",\"position\":1,\"name\":\"Accueil\",\"item\":\"https:\\\/\\\/infos-droitshumains.net\\\/\"},{\"@type\":\"ListItem\",\"position\":2,\"name\":\"Assembl\u00e9e G\u00e9n\u00e9rale Ordinaire du CSM\u00a0: Le Pr\u00e9sident Tshisekedi insiste sur l&rsquo;ind\u00e9pendance constitutionnelle du pouvoir judiciaire qui est \u00ab\u00a0non n\u00e9gociable\u00a0\u00bb\"}]},{\"@type\":\"WebSite\",\"@id\":\"https:\\\/\\\/infos-droitshumains.net\\\/#website\",\"url\":\"https:\\\/\\\/infos-droitshumains.net\\\/\",\"name\":\"Infos Droits Humains\",\"description\":\"S&#039;informer est un droit\",\"publisher\":{\"@id\":\"https:\\\/\\\/infos-droitshumains.net\\\/#organization\"},\"potentialAction\":[{\"@type\":\"SearchAction\",\"target\":{\"@type\":\"EntryPoint\",\"urlTemplate\":\"https:\\\/\\\/infos-droitshumains.net\\\/?s={search_term_string}\"},\"query-input\":{\"@type\":\"PropertyValueSpecification\",\"valueRequired\":true,\"valueName\":\"search_term_string\"}}],\"inLanguage\":\"fr-FR\"},{\"@type\":\"Organization\",\"@id\":\"https:\\\/\\\/infos-droitshumains.net\\\/#organization\",\"name\":\"Infos Droits Humains\",\"url\":\"https:\\\/\\\/infos-droitshumains.net\\\/\",\"logo\":{\"@type\":\"ImageObject\",\"inLanguage\":\"fr-FR\",\"@id\":\"https:\\\/\\\/infos-droitshumains.net\\\/#\\\/schema\\\/logo\\\/image\\\/\",\"url\":\"https:\\\/\\\/i0.wp.com\\\/infos-droitshumains.net\\\/wp-content\\\/uploads\\\/2022\\\/05\\\/Logo.png?fit=333%2C129&ssl=1\",\"contentUrl\":\"https:\\\/\\\/i0.wp.com\\\/infos-droitshumains.net\\\/wp-content\\\/uploads\\\/2022\\\/05\\\/Logo.png?fit=333%2C129&ssl=1\",\"width\":333,\"height\":129,\"caption\":\"Infos Droits Humains\"},\"image\":{\"@id\":\"https:\\\/\\\/infos-droitshumains.net\\\/#\\\/schema\\\/logo\\\/image\\\/\"}},{\"@type\":\"Person\",\"@id\":\"https:\\\/\\\/infos-droitshumains.net\\\/#\\\/schema\\\/person\\\/3dc5e921c3302172e0ed4362f96faab7\",\"name\":\"Jo\u00ebl Diawa\",\"image\":{\"@type\":\"ImageObject\",\"inLanguage\":\"fr-FR\",\"@id\":\"https:\\\/\\\/secure.gravatar.com\\\/avatar\\\/729bea6ff4604c624417803c477363be8e3c7186deaa65713313f9b4b820f41c?s=96&d=mm&r=g\",\"url\":\"https:\\\/\\\/secure.gravatar.com\\\/avatar\\\/729bea6ff4604c624417803c477363be8e3c7186deaa65713313f9b4b820f41c?s=96&d=mm&r=g\",\"contentUrl\":\"https:\\\/\\\/secure.gravatar.com\\\/avatar\\\/729bea6ff4604c624417803c477363be8e3c7186deaa65713313f9b4b820f41c?s=96&d=mm&r=g\",\"caption\":\"Jo\u00ebl Diawa\"},\"sameAs\":[\"https:\\\/\\\/www.infos-droitshumains.net\"],\"url\":\"https:\\\/\\\/infos-droitshumains.net\\\/?author=2\"}]}<\/script>\n<!-- \/ Yoast SEO plugin. -->","yoast_head_json":{"title":"Assembl\u00e9e G\u00e9n\u00e9rale Ordinaire du CSM\u00a0: Le Pr\u00e9sident Tshisekedi insiste sur l'ind\u00e9pendance constitutionnelle du pouvoir judiciaire qui est \u00ab\u00a0non n\u00e9gociable\u00a0\u00bb - Infos Droits Humains","robots":{"index":"index","follow":"follow","max-snippet":"max-snippet:-1","max-image-preview":"max-image-preview:large","max-video-preview":"max-video-preview:-1"},"canonical":"https:\/\/infos-droitshumains.net\/?p=13513","og_locale":"fr_FR","og_type":"article","og_title":"Assembl\u00e9e G\u00e9n\u00e9rale Ordinaire du CSM\u00a0: Le Pr\u00e9sident Tshisekedi insiste sur l'ind\u00e9pendance constitutionnelle du pouvoir judiciaire qui est \u00ab\u00a0non n\u00e9gociable\u00a0\u00bb - Infos Droits Humains","og_description":"R\u00e9daction : +243 817 406 088 Le Pr\u00e9sident de la R\u00e9publique a ouvert ce lundi...","og_url":"https:\/\/infos-droitshumains.net\/?p=13513","og_site_name":"Infos Droits Humains","article_published_time":"2025-04-07T16:47:25+00:00","article_modified_time":"2025-04-07T18:03:06+00:00","og_image":[{"width":1024,"height":676,"url":"https:\/\/infos-droitshumains.net\/wp-content\/uploads\/2025\/04\/20250407_184520.jpg","type":"image\/jpeg"}],"author":"Jo\u00ebl Diawa","twitter_card":"summary_large_image","twitter_misc":{"\u00c9crit par":"Jo\u00ebl Diawa","Dur\u00e9e de lecture estim\u00e9e":"2 minutes"},"schema":{"@context":"https:\/\/schema.org","@graph":[{"@type":"Article","@id":"https:\/\/infos-droitshumains.net\/?p=13513#article","isPartOf":{"@id":"https:\/\/infos-droitshumains.net\/?p=13513"},"author":{"name":"Jo\u00ebl Diawa","@id":"https:\/\/infos-droitshumains.net\/#\/schema\/person\/3dc5e921c3302172e0ed4362f96faab7"},"headline":"Assembl\u00e9e G\u00e9n\u00e9rale Ordinaire du CSM\u00a0: Le Pr\u00e9sident Tshisekedi insiste sur l&rsquo;ind\u00e9pendance constitutionnelle du pouvoir judiciaire qui est \u00ab\u00a0non n\u00e9gociable\u00a0\u00bb","datePublished":"2025-04-07T16:47:25+00:00","dateModified":"2025-04-07T18:03:06+00:00","mainEntityOfPage":{"@id":"https:\/\/infos-droitshumains.net\/?p=13513"},"wordCount":315,"commentCount":0,"publisher":{"@id":"https:\/\/infos-droitshumains.net\/#organization"},"image":{"@id":"https:\/\/infos-droitshumains.net\/?p=13513#primaryimage"},"thumbnailUrl":"https:\/\/i0.wp.com\/infos-droitshumains.net\/wp-content\/uploads\/2025\/04\/20250407_184520.jpg?fit=1024%2C676&ssl=1","articleSection":["Justice"],"inLanguage":"fr-FR","potentialAction":[{"@type":"CommentAction","name":"Comment","target":["https:\/\/infos-droitshumains.net\/?p=13513#respond"]}]},{"@type":"WebPage","@id":"https:\/\/infos-droitshumains.net\/?p=13513","url":"https:\/\/infos-droitshumains.net\/?p=13513","name":"Assembl\u00e9e G\u00e9n\u00e9rale Ordinaire du CSM\u00a0: Le Pr\u00e9sident Tshisekedi insiste sur l'ind\u00e9pendance constitutionnelle du pouvoir judiciaire qui est \u00ab\u00a0non n\u00e9gociable\u00a0\u00bb - Infos Droits Humains","isPartOf":{"@id":"https:\/\/infos-droitshumains.net\/#website"},"primaryImageOfPage":{"@id":"https:\/\/infos-droitshumains.net\/?p=13513#primaryimage"},"image":{"@id":"https:\/\/infos-droitshumains.net\/?p=13513#primaryimage"},"thumbnailUrl":"https:\/\/i0.wp.com\/infos-droitshumains.net\/wp-content\/uploads\/2025\/04\/20250407_184520.jpg?fit=1024%2C676&ssl=1","datePublished":"2025-04-07T16:47:25+00:00","dateModified":"2025-04-07T18:03:06+00:00","breadcrumb":{"@id":"https:\/\/infos-droitshumains.net\/?p=13513#breadcrumb"},"inLanguage":"fr-FR","potentialAction":[{"@type":"ReadAction","target":["https:\/\/infos-droitshumains.net\/?p=13513"]}]},{"@type":"ImageObject","inLanguage":"fr-FR","@id":"https:\/\/infos-droitshumains.net\/?p=13513#primaryimage","url":"https:\/\/i0.wp.com\/infos-droitshumains.net\/wp-content\/uploads\/2025\/04\/20250407_184520.jpg?fit=1024%2C676&ssl=1","contentUrl":"https:\/\/i0.wp.com\/infos-droitshumains.net\/wp-content\/uploads\/2025\/04\/20250407_184520.jpg?fit=1024%2C676&ssl=1","width":1024,"height":676},{"@type":"BreadcrumbList","@id":"https:\/\/infos-droitshumains.net\/?p=13513#breadcrumb","itemListElement":[{"@type":"ListItem","position":1,"name":"Accueil","item":"https:\/\/infos-droitshumains.net\/"},{"@type":"ListItem","position":2,"name":"Assembl\u00e9e G\u00e9n\u00e9rale Ordinaire du CSM\u00a0: Le Pr\u00e9sident Tshisekedi insiste sur l&rsquo;ind\u00e9pendance constitutionnelle du pouvoir judiciaire qui est \u00ab\u00a0non n\u00e9gociable\u00a0\u00bb"}]},{"@type":"WebSite","@id":"https:\/\/infos-droitshumains.net\/#website","url":"https:\/\/infos-droitshumains.net\/","name":"Infos Droits Humains","description":"S&#039;informer est un droit","publisher":{"@id":"https:\/\/infos-droitshumains.net\/#organization"},"potentialAction":[{"@type":"SearchAction","target":{"@type":"EntryPoint","urlTemplate":"https:\/\/infos-droitshumains.net\/?s={search_term_string}"},"query-input":{"@type":"PropertyValueSpecification","valueRequired":true,"valueName":"search_term_string"}}],"inLanguage":"fr-FR"},{"@type":"Organization","@id":"https:\/\/infos-droitshumains.net\/#organization","name":"Infos Droits Humains","url":"https:\/\/infos-droitshumains.net\/","logo":{"@type":"ImageObject","inLanguage":"fr-FR","@id":"https:\/\/infos-droitshumains.net\/#\/schema\/logo\/image\/","url":"https:\/\/i0.wp.com\/infos-droitshumains.net\/wp-content\/uploads\/2022\/05\/Logo.png?fit=333%2C129&ssl=1","contentUrl":"https:\/\/i0.wp.com\/infos-droitshumains.net\/wp-content\/uploads\/2022\/05\/Logo.png?fit=333%2C129&ssl=1","width":333,"height":129,"caption":"Infos Droits Humains"},"image":{"@id":"https:\/\/infos-droitshumains.net\/#\/schema\/logo\/image\/"}},{"@type":"Person","@id":"https:\/\/infos-droitshumains.net\/#\/schema\/person\/3dc5e921c3302172e0ed4362f96faab7","name":"Jo\u00ebl Diawa","image":{"@type":"ImageObject","inLanguage":"fr-FR","@id":"https:\/\/secure.gravatar.com\/avatar\/729bea6ff4604c624417803c477363be8e3c7186deaa65713313f9b4b820f41c?s=96&d=mm&r=g","url":"https:\/\/secure.gravatar.com\/avatar\/729bea6ff4604c624417803c477363be8e3c7186deaa65713313f9b4b820f41c?s=96&d=mm&r=g","contentUrl":"https:\/\/secure.gravatar.com\/avatar\/729bea6ff4604c624417803c477363be8e3c7186deaa65713313f9b4b820f41c?s=96&d=mm&r=g","caption":"Jo\u00ebl Diawa"},"sameAs":["https:\/\/www.infos-droitshumains.net"],"url":"https:\/\/infos-droitshumains.net\/?author=2"}]}},"featured_image_urls":{"full":["https:\/\/i0.wp.com\/infos-droitshumains.net\/wp-content\/uploads\/2025\/04\/20250407_184520.jpg?fit=1024%2C676&ssl=1",1024,676,false],"thumbnail":["https:\/\/i0.wp.com\/infos-droitshumains.net\/wp-content\/uploads\/2025\/04\/20250407_184520.jpg?resize=150%2C150&ssl=1",150,150,true],"medium":["https:\/\/i0.wp.com\/infos-droitshumains.net\/wp-content\/uploads\/2025\/04\/20250407_184520.jpg?fit=300%2C198&ssl=1",300,198,true],"medium_large":["https:\/\/i0.wp.com\/infos-droitshumains.net\/wp-content\/uploads\/2025\/04\/20250407_184520.jpg?fit=640%2C423&ssl=1",640,423,true],"large":["https:\/\/i0.wp.com\/infos-droitshumains.net\/wp-content\/uploads\/2025\/04\/20250407_184520.jpg?fit=640%2C423&ssl=1",640,423,true],"1536x1536":["https:\/\/i0.wp.com\/infos-droitshumains.net\/wp-content\/uploads\/2025\/04\/20250407_184520.jpg?fit=1024%2C676&ssl=1",1024,676,true],"2048x2048":["https:\/\/i0.wp.com\/infos-droitshumains.net\/wp-content\/uploads\/2025\/04\/20250407_184520.jpg?fit=1024%2C676&ssl=1",1024,676,true],"covernews-slider-full":["https:\/\/i0.wp.com\/infos-droitshumains.net\/wp-content\/uploads\/2025\/04\/20250407_184520.jpg?resize=1024%2C676&ssl=1",1024,676,true],"covernews-slider-center":["https:\/\/i0.wp.com\/infos-droitshumains.net\/wp-content\/uploads\/2025\/04\/20250407_184520.jpg?resize=800%2C500&ssl=1",800,500,true],"covernews-featured":["https:\/\/i0.wp.com\/infos-droitshumains.net\/wp-content\/uploads\/2025\/04\/20250407_184520.jpg?fit=1024%2C676&ssl=1",1024,676,true],"covernews-medium":["https:\/\/i0.wp.com\/infos-droitshumains.net\/wp-content\/uploads\/2025\/04\/20250407_184520.jpg?resize=540%2C340&ssl=1",540,340,true],"covernews-medium-square":["https:\/\/i0.wp.com\/infos-droitshumains.net\/wp-content\/uploads\/2025\/04\/20250407_184520.jpg?resize=400%2C250&ssl=1",400,250,true]},"author_info":{"display_name":"Jo\u00ebl Diawa","author_link":"https:\/\/infos-droitshumains.net\/?author=2"},"category_info":"<a href=\"https:\/\/infos-droitshumains.net\/?cat=6\" rel=\"category\">Justice<\/a>","tag_info":"Justice","comment_count":"0","jetpack_featured_media_url":"https:\/\/i0.wp.com\/infos-droitshumains.net\/wp-content\/uploads\/2025\/04\/20250407_184520.jpg?fit=1024%2C676&ssl=1","jetpack-related-posts":[],"jetpack_sharing_enabled":true,"_links":{"self":[{"href":"https:\/\/infos-droitshumains.net\/index.php?rest_route=\/wp\/v2\/posts\/13513","targetHints":{"allow":["GET"]}}],"collection":[{"href":"https:\/\/infos-droitshumains.net\/index.php?rest_route=\/wp\/v2\/posts"}],"about":[{"href":"https:\/\/infos-droitshumains.net\/index.php?rest_route=\/wp\/v2\/types\/post"}],"author":[{"embeddable":true,"href":"https:\/\/infos-droitshumains.net\/index.php?rest_route=\/wp\/v2\/users\/2"}],"replies":[{"embeddable":true,"href":"https:\/\/infos-droitshumains.net\/index.php?rest_route=%2Fwp%2Fv2%2Fcomments&post=13513"}],"version-history":[{"count":2,"href":"https:\/\/infos-droitshumains.net\/index.php?rest_route=\/wp\/v2\/posts\/13513\/revisions"}],"predecessor-version":[{"id":13517,"href":"https:\/\/infos-droitshumains.net\/index.php?rest_route=\/wp\/v2\/posts\/13513\/revisions\/13517"}],"wp:featuredmedia":[{"embeddable":true,"href":"https:\/\/infos-droitshumains.net\/index.php?rest_route=\/wp\/v2\/media\/13518"}],"wp:attachment":[{"href":"https:\/\/infos-droitshumains.net\/index.php?rest_route=%2Fwp%2Fv2%2Fmedia&parent=13513"}],"wp:term":[{"taxonomy":"category","embeddable":true,"href":"https:\/\/infos-droitshumains.net\/index.php?rest_route=%2Fwp%2Fv2%2Fcategories&post=13513"},{"taxonomy":"post_tag","embeddable":true,"href":"https:\/\/infos-droitshumains.net\/index.php?rest_route=%2Fwp%2Fv2%2Ftags&post=13513"}],"curies":[{"name":"wp","href":"https:\/\/api.w.org\/{rel}","templated":true}]}}