{"id":13456,"date":"2025-04-03T09:47:22","date_gmt":"2025-04-03T07:47:22","guid":{"rendered":"https:\/\/infos-droitshumains.net\/?p=13456"},"modified":"2025-04-03T12:34:37","modified_gmt":"2025-04-03T10:34:37","slug":"rdc-avec-la-nomination-de-la-deuxieme-vague-des-magistrats-merlin-kalamandua-suggere-au-csm-de-proposer-comme-chefs-des-juridictions-les-magistrats-aux-competences-de-formateur-et-de-manager","status":"publish","type":"post","link":"https:\/\/infos-droitshumains.net\/?p=13456","title":{"rendered":"RDC\u00a0: Avec la nomination de la deuxi\u00e8me vague des magistrats, Merlin Kalamandua sugg\u00e8re au CSM de proposer comme Chefs des juridictions, les magistrats aux comp\u00e9tences de formateur et de manager"},"content":{"rendered":"\n<p><strong>R\u00e9daction : +243 817 406 088<\/strong><\/p>\n\n\n\n<h3 class=\"wp-block-heading has-vivid-red-color has-text-color has-link-color wp-elements-5f8a9871368ac46bfdfb4203f43bf6d4\">Le Pr\u00e9sident de la R\u00e9publique a pris une s\u00e9rie d\u2019ordonnances lues ce mardi 01 mars \u00e0 la t\u00e9l\u00e9vision nationale au nombre desquelles, celles portant nominations d\u2019un peu plus de 2500 magistrats civils et militaires du Minist\u00e8re Public.<\/h3>\n\n\n\n<p>Une d\u00e9cision du Chef de l\u2019Etat salu\u00e9e par Merlin Kamalandua satisfait de voir le Magistrat Supr\u00eame honorer sa promesse. Pour le bon encadrement de ces nouveaux magistrats, le patron de l\u2019agence de communication 24H00 Congo et du groupe de presse Journal T\u00e9l\u00e9vis\u00e9 des Droits Humains sugg\u00e8re au Conseil Sup\u00e9rieur de la Magistrature que lors de ses prochaines assises, de porter le choix sur des magistrats pourvus de comp\u00e9tences de formateur et manager aux fins d\u2019\u00eatre propos\u00e9s au Pr\u00e9sident de la R\u00e9publique comme Chefs des juridictions et Parquets.<\/p>\n\n\n\n<p>Premi\u00e8rement, c\u2019est pour le renforcement des comp\u00e9tences des nouveaux magistrats par la formation continue et le mentorat&nbsp;: <em>\u00ab&nbsp;Les nouveaux magistrats doivent \u00eatre form\u00e9s aux proc\u00e9dures judiciaires, \u00e0 l&rsquo;\u00e9thique, et \u00e0 l&rsquo;application des lois. Un chef de juridiction ayant des comp\u00e9tences p\u00e9dagogiques peut mieux les accompagner dans leur int\u00e9gration&nbsp;; et un chef formateur peut cr\u00e9er un environnement d&rsquo;apprentissage o\u00f9 les magistrats plus exp\u00e9riment\u00e9s transmettent leur savoir, favorisant ainsi le d\u00e9veloppement professionnel&nbsp;\u00bb<\/em>, a-t-il soulign\u00e9.<\/p>\n\n\n\n<p>Ensuite, c\u2019est pour la gestion des ressources humaines et l\u2019\u00e9valuation des performances car pense-il, <em>\u00ab&nbsp;le chef de juridiction doit inspirer et motiver son \u00e9quipe, surtout dans un contexte difficile o\u00f9 les infrastructures et les ressources sont limit\u00e9es et sait \u00e9valuer les performances de son personnel et mettre en place des plans de d\u00e9veloppement adapt\u00e9s&nbsp;\u00bb<\/em>.<\/p>\n\n\n\n<p>Troisi\u00e8mement,\u00a0Ce chroniqueur judiciaire  soutien sa th\u00e8se pour l\u2019am\u00e9lioration des conditions de travail. Pour lui, Un chef de juridiction qui comprend les d\u00e9fis auxquels ses magistrats font face <em>\u00ab\u00a0peut mieux d\u00e9fendre leurs int\u00e9r\u00eats aupr\u00e8s des autorit\u00e9s\u00a0et peut optimiser l&rsquo;utilisation des ressources disponibles pour am\u00e9liorer les conditions de travail, malgr\u00e9 les limitations infrastructurelles\u00a0\u00bb<\/em>.<\/p>\n\n\n\n<p>En fin, en raison de l\u2019adaptation aux changements et d\u00e9fis sociopolitiques, Merlin Kamalandua estime qu\u2019un Chef dot\u00e9 des comp\u00e9tences manag\u00e9riales &nbsp;et form\u00e9 \u00e0 la gestion doit \u00eatre capable de s&rsquo;adapter rapidement aux changements et de guider son \u00e9quipe \u00e0 travers des p\u00e9riodes d&rsquo;incertitude et en p\u00e9riode de crise, il peut prendre des d\u00e9cisions \u00e9clair\u00e9es pour maintenir l&rsquo;ordre et la justice.<\/p>\n\n\n\n<p>Le r\u00f4le d\u2019un chef de juridiction en RDC \u00e9tant au-del\u00e0 de la simple administration de la justice, Merlin Kamalandua voudrait voir \u00e0 l\u2019\u0153uvre les Chefs des juridictions formateurs et manager <em>\u00ab\u00a0pour assurer le bon fonctionnement du syst\u00e8me judiciaire, \u00e0 la fois par la formation des nouveaux magistrats et par l&rsquo;am\u00e9lioration des conditions de travail, malgr\u00e9 les d\u00e9fis infrastructurels\u00a0\u00bb<\/em>. Il reste \u00e0 cet effet convaincu que cela contribuera <em>\u00ab\u00a0non seulement \u00e0 renforcer l&rsquo;efficacit\u00e9 de la justice, mais aussi \u00e0 b\u00e2tir une institution plus r\u00e9siliente et respect\u00e9e\u00a0\u00bb<\/em>.<\/p>\n\n\n\n<p>Pour rappel, cette deuxi\u00e8me vague de nomination des magistrats fait suite \u00e0 celle intervenue en 2023. Un peu plus de 5000 licenci\u00e9s en droit avaient reussi au concours d&rsquo;admission \u00e0 la magistrature. Un premier lot compos\u00e9 de 2500 avait \u00e9t\u00e9 nomm\u00e9 par ordonnance pr\u00e9sidentielle. Nomm\u00e9s au grade de substitut du Procureur de la R\u00e9publique, ces magistrats devront suivre une formation d\u00e9ontologique avant leur affectation. Avec ces nominations, l&rsquo;effectifs  des magistrats en RDC passe \u00e0 8047.<\/p>\n\n\n\n<p>Jo\u00ebl Diawa<\/p>\n","protected":false},"excerpt":{"rendered":"<p>R\u00e9daction : +243 817 406 088 Le Pr\u00e9sident de la R\u00e9publique a pris une s\u00e9rie&#8230;<\/p>\n","protected":false},"author":2,"featured_media":13467,"comment_status":"open","ping_status":"open","sticky":false,"template":"","format":"standard","meta":{"_jetpack_memberships_contains_paid_content":false,"footnotes":""},"categories":[6],"tags":[],"class_list":["post-13456","post","type-post","status-publish","format-standard","has-post-thumbnail","hentry","category-justice"],"yoast_head":"<!-- This site is optimized with the Yoast SEO plugin v27.5 - https:\/\/yoast.com\/product\/yoast-seo-wordpress\/ -->\n<title>RDC\u00a0: Avec la nomination de la deuxi\u00e8me vague des magistrats, Merlin Kalamandua sugg\u00e8re au CSM de proposer comme Chefs des juridictions, les magistrats aux comp\u00e9tences de formateur et de manager - Infos Droits Humains<\/title>\n<meta name=\"robots\" content=\"index, follow, max-snippet:-1, max-image-preview:large, max-video-preview:-1\" \/>\n<link rel=\"canonical\" href=\"https:\/\/infos-droitshumains.net\/?p=13456\" \/>\n<meta property=\"og:locale\" content=\"fr_FR\" \/>\n<meta property=\"og:type\" content=\"article\" \/>\n<meta property=\"og:title\" content=\"RDC\u00a0: Avec la nomination de la deuxi\u00e8me vague des magistrats, Merlin Kalamandua sugg\u00e8re au CSM de proposer comme Chefs des juridictions, les magistrats aux comp\u00e9tences de formateur et de manager - Infos Droits Humains\" \/>\n<meta property=\"og:description\" content=\"R\u00e9daction : +243 817 406 088 Le Pr\u00e9sident de la R\u00e9publique a pris une s\u00e9rie...\" \/>\n<meta property=\"og:url\" content=\"https:\/\/infos-droitshumains.net\/?p=13456\" \/>\n<meta property=\"og:site_name\" content=\"Infos Droits Humains\" \/>\n<meta property=\"article:published_time\" content=\"2025-04-03T07:47:22+00:00\" \/>\n<meta property=\"article:modified_time\" content=\"2025-04-03T10:34:37+00:00\" \/>\n<meta property=\"og:image\" content=\"https:\/\/infos-droitshumains.net\/wp-content\/uploads\/2025\/04\/InCollage_20250403_112534990.jpg\" \/>\n\t<meta property=\"og:image:width\" content=\"960\" \/>\n\t<meta property=\"og:image:height\" content=\"698\" \/>\n\t<meta property=\"og:image:type\" content=\"image\/jpeg\" \/>\n<meta name=\"author\" content=\"Jo\u00ebl Diawa\" \/>\n<meta name=\"twitter:card\" content=\"summary_large_image\" \/>\n<meta name=\"twitter:label1\" content=\"\u00c9crit par\" \/>\n\t<meta name=\"twitter:data1\" content=\"Jo\u00ebl Diawa\" \/>\n\t<meta name=\"twitter:label2\" content=\"Dur\u00e9e de lecture estim\u00e9e\" \/>\n\t<meta name=\"twitter:data2\" content=\"3 minutes\" \/>\n<script type=\"application\/ld+json\" class=\"yoast-schema-graph\">{\"@context\":\"https:\\\/\\\/schema.org\",\"@graph\":[{\"@type\":\"Article\",\"@id\":\"https:\\\/\\\/infos-droitshumains.net\\\/?p=13456#article\",\"isPartOf\":{\"@id\":\"https:\\\/\\\/infos-droitshumains.net\\\/?p=13456\"},\"author\":{\"name\":\"Jo\u00ebl Diawa\",\"@id\":\"https:\\\/\\\/infos-droitshumains.net\\\/#\\\/schema\\\/person\\\/3dc5e921c3302172e0ed4362f96faab7\"},\"headline\":\"RDC\u00a0: Avec la nomination de la deuxi\u00e8me vague des magistrats, Merlin Kalamandua sugg\u00e8re au CSM de proposer comme Chefs des juridictions, les magistrats aux comp\u00e9tences de formateur et de manager\",\"datePublished\":\"2025-04-03T07:47:22+00:00\",\"dateModified\":\"2025-04-03T10:34:37+00:00\",\"mainEntityOfPage\":{\"@id\":\"https:\\\/\\\/infos-droitshumains.net\\\/?p=13456\"},\"wordCount\":624,\"commentCount\":0,\"publisher\":{\"@id\":\"https:\\\/\\\/infos-droitshumains.net\\\/#organization\"},\"image\":{\"@id\":\"https:\\\/\\\/infos-droitshumains.net\\\/?p=13456#primaryimage\"},\"thumbnailUrl\":\"https:\\\/\\\/i0.wp.com\\\/infos-droitshumains.net\\\/wp-content\\\/uploads\\\/2025\\\/04\\\/InCollage_20250403_112534990.jpg?fit=960%2C698&ssl=1\",\"articleSection\":[\"Justice\"],\"inLanguage\":\"fr-FR\",\"potentialAction\":[{\"@type\":\"CommentAction\",\"name\":\"Comment\",\"target\":[\"https:\\\/\\\/infos-droitshumains.net\\\/?p=13456#respond\"]}]},{\"@type\":\"WebPage\",\"@id\":\"https:\\\/\\\/infos-droitshumains.net\\\/?p=13456\",\"url\":\"https:\\\/\\\/infos-droitshumains.net\\\/?p=13456\",\"name\":\"RDC\u00a0: Avec la nomination de la deuxi\u00e8me vague des magistrats, Merlin Kalamandua sugg\u00e8re au CSM de proposer comme Chefs des juridictions, les magistrats aux comp\u00e9tences de formateur et de manager - Infos Droits Humains\",\"isPartOf\":{\"@id\":\"https:\\\/\\\/infos-droitshumains.net\\\/#website\"},\"primaryImageOfPage\":{\"@id\":\"https:\\\/\\\/infos-droitshumains.net\\\/?p=13456#primaryimage\"},\"image\":{\"@id\":\"https:\\\/\\\/infos-droitshumains.net\\\/?p=13456#primaryimage\"},\"thumbnailUrl\":\"https:\\\/\\\/i0.wp.com\\\/infos-droitshumains.net\\\/wp-content\\\/uploads\\\/2025\\\/04\\\/InCollage_20250403_112534990.jpg?fit=960%2C698&ssl=1\",\"datePublished\":\"2025-04-03T07:47:22+00:00\",\"dateModified\":\"2025-04-03T10:34:37+00:00\",\"breadcrumb\":{\"@id\":\"https:\\\/\\\/infos-droitshumains.net\\\/?p=13456#breadcrumb\"},\"inLanguage\":\"fr-FR\",\"potentialAction\":[{\"@type\":\"ReadAction\",\"target\":[\"https:\\\/\\\/infos-droitshumains.net\\\/?p=13456\"]}]},{\"@type\":\"ImageObject\",\"inLanguage\":\"fr-FR\",\"@id\":\"https:\\\/\\\/infos-droitshumains.net\\\/?p=13456#primaryimage\",\"url\":\"https:\\\/\\\/i0.wp.com\\\/infos-droitshumains.net\\\/wp-content\\\/uploads\\\/2025\\\/04\\\/InCollage_20250403_112534990.jpg?fit=960%2C698&ssl=1\",\"contentUrl\":\"https:\\\/\\\/i0.wp.com\\\/infos-droitshumains.net\\\/wp-content\\\/uploads\\\/2025\\\/04\\\/InCollage_20250403_112534990.jpg?fit=960%2C698&ssl=1\",\"width\":960,\"height\":698},{\"@type\":\"BreadcrumbList\",\"@id\":\"https:\\\/\\\/infos-droitshumains.net\\\/?p=13456#breadcrumb\",\"itemListElement\":[{\"@type\":\"ListItem\",\"position\":1,\"name\":\"Accueil\",\"item\":\"https:\\\/\\\/infos-droitshumains.net\\\/\"},{\"@type\":\"ListItem\",\"position\":2,\"name\":\"RDC\u00a0: Avec la nomination de la deuxi\u00e8me vague des magistrats, Merlin Kalamandua sugg\u00e8re au CSM de proposer comme Chefs des juridictions, les magistrats aux comp\u00e9tences de formateur et de manager\"}]},{\"@type\":\"WebSite\",\"@id\":\"https:\\\/\\\/infos-droitshumains.net\\\/#website\",\"url\":\"https:\\\/\\\/infos-droitshumains.net\\\/\",\"name\":\"Infos Droits Humains\",\"description\":\"S&#039;informer est un droit\",\"publisher\":{\"@id\":\"https:\\\/\\\/infos-droitshumains.net\\\/#organization\"},\"potentialAction\":[{\"@type\":\"SearchAction\",\"target\":{\"@type\":\"EntryPoint\",\"urlTemplate\":\"https:\\\/\\\/infos-droitshumains.net\\\/?s={search_term_string}\"},\"query-input\":{\"@type\":\"PropertyValueSpecification\",\"valueRequired\":true,\"valueName\":\"search_term_string\"}}],\"inLanguage\":\"fr-FR\"},{\"@type\":\"Organization\",\"@id\":\"https:\\\/\\\/infos-droitshumains.net\\\/#organization\",\"name\":\"Infos Droits Humains\",\"url\":\"https:\\\/\\\/infos-droitshumains.net\\\/\",\"logo\":{\"@type\":\"ImageObject\",\"inLanguage\":\"fr-FR\",\"@id\":\"https:\\\/\\\/infos-droitshumains.net\\\/#\\\/schema\\\/logo\\\/image\\\/\",\"url\":\"https:\\\/\\\/i0.wp.com\\\/infos-droitshumains.net\\\/wp-content\\\/uploads\\\/2022\\\/05\\\/Logo.png?fit=333%2C129&ssl=1\",\"contentUrl\":\"https:\\\/\\\/i0.wp.com\\\/infos-droitshumains.net\\\/wp-content\\\/uploads\\\/2022\\\/05\\\/Logo.png?fit=333%2C129&ssl=1\",\"width\":333,\"height\":129,\"caption\":\"Infos Droits Humains\"},\"image\":{\"@id\":\"https:\\\/\\\/infos-droitshumains.net\\\/#\\\/schema\\\/logo\\\/image\\\/\"}},{\"@type\":\"Person\",\"@id\":\"https:\\\/\\\/infos-droitshumains.net\\\/#\\\/schema\\\/person\\\/3dc5e921c3302172e0ed4362f96faab7\",\"name\":\"Jo\u00ebl Diawa\",\"image\":{\"@type\":\"ImageObject\",\"inLanguage\":\"fr-FR\",\"@id\":\"https:\\\/\\\/secure.gravatar.com\\\/avatar\\\/729bea6ff4604c624417803c477363be8e3c7186deaa65713313f9b4b820f41c?s=96&d=mm&r=g\",\"url\":\"https:\\\/\\\/secure.gravatar.com\\\/avatar\\\/729bea6ff4604c624417803c477363be8e3c7186deaa65713313f9b4b820f41c?s=96&d=mm&r=g\",\"contentUrl\":\"https:\\\/\\\/secure.gravatar.com\\\/avatar\\\/729bea6ff4604c624417803c477363be8e3c7186deaa65713313f9b4b820f41c?s=96&d=mm&r=g\",\"caption\":\"Jo\u00ebl Diawa\"},\"sameAs\":[\"https:\\\/\\\/www.infos-droitshumains.net\"],\"url\":\"https:\\\/\\\/infos-droitshumains.net\\\/?author=2\"}]}<\/script>\n<!-- \/ Yoast SEO plugin. -->","yoast_head_json":{"title":"RDC\u00a0: Avec la nomination de la deuxi\u00e8me vague des magistrats, Merlin Kalamandua sugg\u00e8re au CSM de proposer comme Chefs des juridictions, les magistrats aux comp\u00e9tences de formateur et de manager - Infos Droits Humains","robots":{"index":"index","follow":"follow","max-snippet":"max-snippet:-1","max-image-preview":"max-image-preview:large","max-video-preview":"max-video-preview:-1"},"canonical":"https:\/\/infos-droitshumains.net\/?p=13456","og_locale":"fr_FR","og_type":"article","og_title":"RDC\u00a0: Avec la nomination de la deuxi\u00e8me vague des magistrats, Merlin Kalamandua sugg\u00e8re au CSM de proposer comme Chefs des juridictions, les magistrats aux comp\u00e9tences de formateur et de manager - Infos Droits Humains","og_description":"R\u00e9daction : +243 817 406 088 Le Pr\u00e9sident de la R\u00e9publique a pris une s\u00e9rie...","og_url":"https:\/\/infos-droitshumains.net\/?p=13456","og_site_name":"Infos Droits Humains","article_published_time":"2025-04-03T07:47:22+00:00","article_modified_time":"2025-04-03T10:34:37+00:00","og_image":[{"width":960,"height":698,"url":"https:\/\/infos-droitshumains.net\/wp-content\/uploads\/2025\/04\/InCollage_20250403_112534990.jpg","type":"image\/jpeg"}],"author":"Jo\u00ebl Diawa","twitter_card":"summary_large_image","twitter_misc":{"\u00c9crit par":"Jo\u00ebl Diawa","Dur\u00e9e de lecture estim\u00e9e":"3 minutes"},"schema":{"@context":"https:\/\/schema.org","@graph":[{"@type":"Article","@id":"https:\/\/infos-droitshumains.net\/?p=13456#article","isPartOf":{"@id":"https:\/\/infos-droitshumains.net\/?p=13456"},"author":{"name":"Jo\u00ebl Diawa","@id":"https:\/\/infos-droitshumains.net\/#\/schema\/person\/3dc5e921c3302172e0ed4362f96faab7"},"headline":"RDC\u00a0: Avec la nomination de la deuxi\u00e8me vague des magistrats, Merlin Kalamandua sugg\u00e8re au CSM de proposer comme Chefs des juridictions, les magistrats aux comp\u00e9tences de formateur et de manager","datePublished":"2025-04-03T07:47:22+00:00","dateModified":"2025-04-03T10:34:37+00:00","mainEntityOfPage":{"@id":"https:\/\/infos-droitshumains.net\/?p=13456"},"wordCount":624,"commentCount":0,"publisher":{"@id":"https:\/\/infos-droitshumains.net\/#organization"},"image":{"@id":"https:\/\/infos-droitshumains.net\/?p=13456#primaryimage"},"thumbnailUrl":"https:\/\/i0.wp.com\/infos-droitshumains.net\/wp-content\/uploads\/2025\/04\/InCollage_20250403_112534990.jpg?fit=960%2C698&ssl=1","articleSection":["Justice"],"inLanguage":"fr-FR","potentialAction":[{"@type":"CommentAction","name":"Comment","target":["https:\/\/infos-droitshumains.net\/?p=13456#respond"]}]},{"@type":"WebPage","@id":"https:\/\/infos-droitshumains.net\/?p=13456","url":"https:\/\/infos-droitshumains.net\/?p=13456","name":"RDC\u00a0: Avec la nomination de la deuxi\u00e8me vague des magistrats, Merlin Kalamandua sugg\u00e8re au CSM de proposer comme Chefs des juridictions, les magistrats aux comp\u00e9tences de formateur et de manager - Infos Droits Humains","isPartOf":{"@id":"https:\/\/infos-droitshumains.net\/#website"},"primaryImageOfPage":{"@id":"https:\/\/infos-droitshumains.net\/?p=13456#primaryimage"},"image":{"@id":"https:\/\/infos-droitshumains.net\/?p=13456#primaryimage"},"thumbnailUrl":"https:\/\/i0.wp.com\/infos-droitshumains.net\/wp-content\/uploads\/2025\/04\/InCollage_20250403_112534990.jpg?fit=960%2C698&ssl=1","datePublished":"2025-04-03T07:47:22+00:00","dateModified":"2025-04-03T10:34:37+00:00","breadcrumb":{"@id":"https:\/\/infos-droitshumains.net\/?p=13456#breadcrumb"},"inLanguage":"fr-FR","potentialAction":[{"@type":"ReadAction","target":["https:\/\/infos-droitshumains.net\/?p=13456"]}]},{"@type":"ImageObject","inLanguage":"fr-FR","@id":"https:\/\/infos-droitshumains.net\/?p=13456#primaryimage","url":"https:\/\/i0.wp.com\/infos-droitshumains.net\/wp-content\/uploads\/2025\/04\/InCollage_20250403_112534990.jpg?fit=960%2C698&ssl=1","contentUrl":"https:\/\/i0.wp.com\/infos-droitshumains.net\/wp-content\/uploads\/2025\/04\/InCollage_20250403_112534990.jpg?fit=960%2C698&ssl=1","width":960,"height":698},{"@type":"BreadcrumbList","@id":"https:\/\/infos-droitshumains.net\/?p=13456#breadcrumb","itemListElement":[{"@type":"ListItem","position":1,"name":"Accueil","item":"https:\/\/infos-droitshumains.net\/"},{"@type":"ListItem","position":2,"name":"RDC\u00a0: Avec la nomination de la deuxi\u00e8me vague des magistrats, Merlin Kalamandua sugg\u00e8re au CSM de proposer comme Chefs des juridictions, les magistrats aux comp\u00e9tences de formateur et de manager"}]},{"@type":"WebSite","@id":"https:\/\/infos-droitshumains.net\/#website","url":"https:\/\/infos-droitshumains.net\/","name":"Infos Droits Humains","description":"S&#039;informer est un droit","publisher":{"@id":"https:\/\/infos-droitshumains.net\/#organization"},"potentialAction":[{"@type":"SearchAction","target":{"@type":"EntryPoint","urlTemplate":"https:\/\/infos-droitshumains.net\/?s={search_term_string}"},"query-input":{"@type":"PropertyValueSpecification","valueRequired":true,"valueName":"search_term_string"}}],"inLanguage":"fr-FR"},{"@type":"Organization","@id":"https:\/\/infos-droitshumains.net\/#organization","name":"Infos Droits Humains","url":"https:\/\/infos-droitshumains.net\/","logo":{"@type":"ImageObject","inLanguage":"fr-FR","@id":"https:\/\/infos-droitshumains.net\/#\/schema\/logo\/image\/","url":"https:\/\/i0.wp.com\/infos-droitshumains.net\/wp-content\/uploads\/2022\/05\/Logo.png?fit=333%2C129&ssl=1","contentUrl":"https:\/\/i0.wp.com\/infos-droitshumains.net\/wp-content\/uploads\/2022\/05\/Logo.png?fit=333%2C129&ssl=1","width":333,"height":129,"caption":"Infos Droits Humains"},"image":{"@id":"https:\/\/infos-droitshumains.net\/#\/schema\/logo\/image\/"}},{"@type":"Person","@id":"https:\/\/infos-droitshumains.net\/#\/schema\/person\/3dc5e921c3302172e0ed4362f96faab7","name":"Jo\u00ebl Diawa","image":{"@type":"ImageObject","inLanguage":"fr-FR","@id":"https:\/\/secure.gravatar.com\/avatar\/729bea6ff4604c624417803c477363be8e3c7186deaa65713313f9b4b820f41c?s=96&d=mm&r=g","url":"https:\/\/secure.gravatar.com\/avatar\/729bea6ff4604c624417803c477363be8e3c7186deaa65713313f9b4b820f41c?s=96&d=mm&r=g","contentUrl":"https:\/\/secure.gravatar.com\/avatar\/729bea6ff4604c624417803c477363be8e3c7186deaa65713313f9b4b820f41c?s=96&d=mm&r=g","caption":"Jo\u00ebl Diawa"},"sameAs":["https:\/\/www.infos-droitshumains.net"],"url":"https:\/\/infos-droitshumains.net\/?author=2"}]}},"featured_image_urls":{"full":["https:\/\/i0.wp.com\/infos-droitshumains.net\/wp-content\/uploads\/2025\/04\/InCollage_20250403_112534990.jpg?fit=960%2C698&ssl=1",960,698,false],"thumbnail":["https:\/\/i0.wp.com\/infos-droitshumains.net\/wp-content\/uploads\/2025\/04\/InCollage_20250403_112534990.jpg?resize=150%2C150&ssl=1",150,150,true],"medium":["https:\/\/i0.wp.com\/infos-droitshumains.net\/wp-content\/uploads\/2025\/04\/InCollage_20250403_112534990.jpg?fit=300%2C218&ssl=1",300,218,true],"medium_large":["https:\/\/i0.wp.com\/infos-droitshumains.net\/wp-content\/uploads\/2025\/04\/InCollage_20250403_112534990.jpg?fit=640%2C465&ssl=1",640,465,true],"large":["https:\/\/i0.wp.com\/infos-droitshumains.net\/wp-content\/uploads\/2025\/04\/InCollage_20250403_112534990.jpg?fit=640%2C465&ssl=1",640,465,true],"1536x1536":["https:\/\/i0.wp.com\/infos-droitshumains.net\/wp-content\/uploads\/2025\/04\/InCollage_20250403_112534990.jpg?fit=960%2C698&ssl=1",960,698,true],"2048x2048":["https:\/\/i0.wp.com\/infos-droitshumains.net\/wp-content\/uploads\/2025\/04\/InCollage_20250403_112534990.jpg?fit=960%2C698&ssl=1",960,698,true],"covernews-slider-full":["https:\/\/i0.wp.com\/infos-droitshumains.net\/wp-content\/uploads\/2025\/04\/InCollage_20250403_112534990.jpg?resize=960%2C698&ssl=1",960,698,true],"covernews-slider-center":["https:\/\/i0.wp.com\/infos-droitshumains.net\/wp-content\/uploads\/2025\/04\/InCollage_20250403_112534990.jpg?resize=800%2C500&ssl=1",800,500,true],"covernews-featured":["https:\/\/i0.wp.com\/infos-droitshumains.net\/wp-content\/uploads\/2025\/04\/InCollage_20250403_112534990.jpg?fit=960%2C698&ssl=1",960,698,true],"covernews-medium":["https:\/\/i0.wp.com\/infos-droitshumains.net\/wp-content\/uploads\/2025\/04\/InCollage_20250403_112534990.jpg?resize=540%2C340&ssl=1",540,340,true],"covernews-medium-square":["https:\/\/i0.wp.com\/infos-droitshumains.net\/wp-content\/uploads\/2025\/04\/InCollage_20250403_112534990.jpg?resize=400%2C250&ssl=1",400,250,true]},"author_info":{"display_name":"Jo\u00ebl Diawa","author_link":"https:\/\/infos-droitshumains.net\/?author=2"},"category_info":"<a href=\"https:\/\/infos-droitshumains.net\/?cat=6\" rel=\"category\">Justice<\/a>","tag_info":"Justice","comment_count":"0","jetpack_featured_media_url":"https:\/\/i0.wp.com\/infos-droitshumains.net\/wp-content\/uploads\/2025\/04\/InCollage_20250403_112534990.jpg?fit=960%2C698&ssl=1","jetpack-related-posts":[],"jetpack_sharing_enabled":true,"_links":{"self":[{"href":"https:\/\/infos-droitshumains.net\/index.php?rest_route=\/wp\/v2\/posts\/13456","targetHints":{"allow":["GET"]}}],"collection":[{"href":"https:\/\/infos-droitshumains.net\/index.php?rest_route=\/wp\/v2\/posts"}],"about":[{"href":"https:\/\/infos-droitshumains.net\/index.php?rest_route=\/wp\/v2\/types\/post"}],"author":[{"embeddable":true,"href":"https:\/\/infos-droitshumains.net\/index.php?rest_route=\/wp\/v2\/users\/2"}],"replies":[{"embeddable":true,"href":"https:\/\/infos-droitshumains.net\/index.php?rest_route=%2Fwp%2Fv2%2Fcomments&post=13456"}],"version-history":[{"count":6,"href":"https:\/\/infos-droitshumains.net\/index.php?rest_route=\/wp\/v2\/posts\/13456\/revisions"}],"predecessor-version":[{"id":13466,"href":"https:\/\/infos-droitshumains.net\/index.php?rest_route=\/wp\/v2\/posts\/13456\/revisions\/13466"}],"wp:featuredmedia":[{"embeddable":true,"href":"https:\/\/infos-droitshumains.net\/index.php?rest_route=\/wp\/v2\/media\/13467"}],"wp:attachment":[{"href":"https:\/\/infos-droitshumains.net\/index.php?rest_route=%2Fwp%2Fv2%2Fmedia&parent=13456"}],"wp:term":[{"taxonomy":"category","embeddable":true,"href":"https:\/\/infos-droitshumains.net\/index.php?rest_route=%2Fwp%2Fv2%2Fcategories&post=13456"},{"taxonomy":"post_tag","embeddable":true,"href":"https:\/\/infos-droitshumains.net\/index.php?rest_route=%2Fwp%2Fv2%2Ftags&post=13456"}],"curies":[{"name":"wp","href":"https:\/\/api.w.org\/{rel}","templated":true}]}}