{"id":13444,"date":"2025-04-02T18:04:42","date_gmt":"2025-04-02T16:04:42","guid":{"rendered":"https:\/\/infos-droitshumains.net\/?p=13444"},"modified":"2025-04-03T08:40:22","modified_gmt":"2025-04-03T06:40:22","slug":"dossier-mwant-jet-sarl-la-cour-dappel-de-kinshasa-matete-serait-elle-devenue-une-jungle-un-obstacle-face-au-climat-des-affaires","status":"publish","type":"post","link":"https:\/\/infos-droitshumains.net\/?p=13444","title":{"rendered":"Dossier Mwant Jet Sarl\u00a0: La Cour d\u2019Appel de Kinshasa\/Matete serait-elle devenue une jungle, un obstacle face au climat des affaires\u00a0?"},"content":{"rendered":"\n<p><strong>R\u00e9daction : +243 817 406 088<\/strong><\/p>\n\n\n\n<h3 class=\"wp-block-heading has-vivid-red-color has-text-color has-link-color wp-elements-5d8b6336d14598bfc5a710f3a57d1f96\">Pas plus tard que le 25 mars 2025, les Congolais ont \u00e9t\u00e9 choqu\u00e9 &nbsp;par les propos du parlementaire Am\u00e9ricain Ronny Jackson&nbsp; devant&nbsp; la sous-commission de la chambre des repr\u00e9sentants pour l\u2019Afrique,&nbsp; qui organisait une audition&nbsp; intitul\u00e9e \u00ab&nbsp;M\u00e9taux,&nbsp; min\u00e9raux&nbsp; et exploitation mini\u00e8re&nbsp;\u00bb.<\/h3>\n\n\n\n<p>Ronny Jackson parlant de la RDC, met en gras la \u00ab&nbsp;corruption omnipr\u00e9sente, d\u2019un syst\u00e8me judiciaire&nbsp; partial. En cas de litige juridique,&nbsp; on ne peut jamais &nbsp;\u00eatre s\u00fbr&nbsp; que le jugement sera \u00e9quitable&nbsp; et qu\u2019on se prononcera en votre faveur &nbsp;si vous avez raison&nbsp;\u00bb.<\/p>\n\n\n\n<p>Ces propos ont \u00e9t\u00e9 tenus \u00e0 l\u2019heure o\u00f9 la RDC &nbsp;n\u00e9gocie les accords commerciaux avec les USA, ce qui illustre une fois de plus la maladie dont souffre notre justice tel que ne cesse de marteler&nbsp; le Chef de l\u2019Etat. Il est plus que &nbsp;jamais utile de veiller sur une justice \u00e9quitable et de s\u2019atteler&nbsp; sur l\u2019am\u00e9lioration du climat des affaires dans la vision donn\u00e9e par le Magistrat supr\u00eame,&nbsp; le Pr\u00e9sident de la R\u00e9publique.<\/p>\n\n\n\n<p>Le litige qui oppose les associ\u00e9s de la Soci\u00e9t\u00e9 Mwant Jet Sarl met en lumi\u00e8re et d\u00e9voile certaines pratiques ill\u00e9gales qui ont \u00e9lu domicile dans certaines Cours et Tribunaux de la R\u00e9publique D\u00e9mocratique du Congo.<\/p>\n\n\n\n<p>A la Cour d\u2019Appel de Kinshasa\/Matete, c\u2019est tout sauf la justice \u00e9quitable et l\u2019Etat de Droit pr\u00f4n\u00e9 par le Chef de l\u2019Etat F\u00e9lix-Antoine Tshisekedi Tshilombo, \u00e0 peu pr\u00e8s comme dans une jungle si l&rsquo;on s&rsquo;en tient aux d\u00e9clarations d&rsquo;une partie qui se sent victime d&rsquo;une injustice criante.<\/p>\n\n\n\n<p>Apr\u00e8s plusieurs <strong><em>\u00a0\u00bbinjustices subies\u00a0\u00bb<\/em><\/strong> \u00e0 travers les d\u00e9cisions judiciaires rendues par cette Cour, Michael Yav (Associ\u00e9 \u00e0 Mwant Jet) devrait s\u2019attendre \u00e0 en vivre encore davantage.<\/p>\n\n\n\n<p>La derni\u00e8re proc\u00e9dure en cours d\u2019instance entre Michael Yav et Gueda Yav est celle relative au r\u00e9f\u00e9r\u00e9 commercial en appel. Michael Yav avait saisi la Cour d\u2019Appel de Kinshasa\/Matete afin que cette derni\u00e8re infirme l\u2019ordonnance du Tribunal de Commerce de Kinshasa\/Matete rendue en mati\u00e8re de r\u00e9f\u00e9r\u00e9 commercial au premier degr\u00e9. Pour rappel, Michael Yav avait saisi le juge de r\u00e9f\u00e9r\u00e9 du Tribunal de Commerce de Kinshasa\/Matete aux fins de <em>\u00ab\u00a0<strong>Suspension des effets de l\u2019Acte de Convocation de l\u2019Assembl\u00e9e G\u00e9n\u00e9rale Ordinaire de la Soci\u00e9t\u00e9 MWANT JET Sarl qui devrait se tenir le 24 mars 2025 \u00bb, <\/strong><\/em>ledit acte avait \u00e9t\u00e9 \u00e9mis par Gueda Yav (Associ\u00e9e \u00e0 Mwant Jet).\u00a0Le Tribunal a, dans son ordonnance, r\u00e9pondu \u00e0 une demande autre que celle qui avait \u00e9t\u00e9 formul\u00e9e dans la requ\u00eate.<\/p>\n\n\n\n<p>A la Cour d\u2019Appel, l\u2019affaire enr\u00f4l\u00e9e sous RRCA 012 fut appel\u00e9e, plaid\u00e9e et prise en d\u00e9lib\u00e9r\u00e9e \u00e0 l\u2019audience du jeudi 20 mars dernier. Point n\u2019est besoin de rappeler aux exp\u00e9riment\u00e9s juges d\u2019une Cour d\u2019Appel comme celle de Kinshasa\/Matete les prescrits de la loi en mati\u00e8re de r\u00e9f\u00e9r\u00e9 commercial. En effet, l\u2019article 21 quater alin\u00e9a 1 de la loi sur les Tribunaux de Commerce dispose&nbsp;: <strong><em>\u00ab&nbsp;Le juge statue par voie d\u2019ordonnance dans les vingt-quatre heures de la cl\u00f4ture des d\u00e9bats&nbsp;\u00bb<\/em><\/strong>.<\/p>\n\n\n\n<p>Il s\u2019observe cependant une lenteur injustifi\u00e9e dans le prononc\u00e9 de ce dossier. 13 jours apr\u00e8s la cl\u00f4ture des d\u00e9bats, l\u2019ordonnance n\u2019a toujours pas \u00e9t\u00e9 rendue.<\/p>\n\n\n\n<p>Dans une correspondance de d\u00e9nonciation adress\u00e9e au Premier Pr\u00e9sident de la Cour d\u2019Appel de Kinshasa\/Matete le 28 mars 2025, les avocats de Michael Yav qualifient d\u2019inadmissible cette lenteur qui, \u00e0 les en croire, vide la proc\u00e9dure de r\u00e9f\u00e9r\u00e9 de tout son sens&nbsp;:<\/p>\n\n\n\n<p><em>\u00ab&nbsp;Il est tout de m\u00eame inadmissible que plus d\u2019une semaine apr\u00e8s la prise en d\u00e9lib\u00e9r\u00e9, que le juge n\u2019ait toujours pas rendu de d\u00e9cision et grave encore, que mon client n\u2019ait pas non plus re\u00e7u une quelconque ordonnance par laquelle vous auriez prolong\u00e9 le d\u00e9lai du prononc\u00e9 et ce, en violation de l\u2019article 38 alin\u00e9a 2 du R\u00e8glement int\u00e9rieur des Cours et Tribunaux et parquet. Cette \u00e9ni\u00e8me violation de la loi par votre Cour dans les causes impliquant mon client est tr\u00e8s inqui\u00e9tante en ce qu\u2019elle vide la proc\u00e9dure de r\u00e9f\u00e9r\u00e9 de toute sa substance&nbsp;\u00bb<\/em>, lit-on dans cette correspondance dont une copie est parvenue \u00e0 la r\u00e9daction du Journal T\u00e9l\u00e9vis\u00e9 des Droits Humains.<\/p>\n\n\n\n<p><em>\u00ab&nbsp;Qu\u2019est-ce qui se cache derri\u00e8re ce retard injustifi\u00e9&nbsp;? Une tentative de d\u00e9ni de justice&nbsp;? L\u2019attente d\u2019un ordre qui devrait venir d\u2019ailleurs avant que le juge ne rende sa d\u00e9cision&nbsp;? Une mani\u00e8re pour la Cour de laisser Gueda Yav tenir la fameuse assembl\u00e9e g\u00e9n\u00e9rale dont l\u2019acte de convocation est attaqu\u00e9 en r\u00e9f\u00e9r\u00e9&nbsp;? Une strat\u00e9gie pour la Cour de pr\u00e9parer Michael Yav \u00e0 faire face \u00e0 une \u00e9ni\u00e8me injustice&nbsp;?&nbsp;\u00bb<\/em> Telles sont les diff\u00e9rentes interrogations contenues dans le courrier que les conseils de Michael YAV ont adress\u00e9 au Premier Pr\u00e9sident de la Cour d\u2019Appel de Kinshasa\/Matete.<\/p>\n\n\n\n<p>Ils regrettent en outre que toutes les affaires impliquant leur client devant la Cour d\u2019Appel de Kinshasa\/Matete ne soient <em>\u00ab&nbsp;teint\u00e9es que de violation de la loi&nbsp;\u00bb<\/em>.<\/p>\n\n\n\n<p><em>\u00ab&nbsp;Il vous souviendra que pour que cette cause soit fix\u00e9e \u00e0 l\u2019audience du 20 mars, j\u2019ai \u00e9t\u00e9 oblig\u00e9 de vous adresser un courrier pour vous rappeler les termes de la loi en mati\u00e8re de r\u00e9f\u00e9r\u00e9. Et aujourd\u2019hui, je dois encore vous adresser un courrier pour demander le prononc\u00e9 d\u2019une d\u00e9cision&nbsp;\u00bb<\/em>, rappellent-ils dans leur correspondance.<\/p>\n\n\n\n<p>Qu\u2019en est-il du principe de l\u2019\u00e9galit\u00e9 des citoyens devant la loi et les services publics\u00a0? Le respect de d\u00e9lai de prononc\u00e9\u00a0n\u2019est-il plus facteur d\u2019une bonne administration de la justice\u00a0? En RDC, mieux \u00e0 la Cour d\u2019Appel de Kinshasa\/Matete le juge ne doit-il plus \u00eatre soumis \u00e0 l\u2019autorit\u00e9 de loi\u00a0?<\/p>\n\n\n\n<p>Que cache finalement le silence des diff\u00e9rentes autorit\u00e9s judiciaires aupr\u00e8s desquelles diff\u00e9rentes d\u00e9nonciations sont faites dans ce dossier&nbsp;? L\u2019on serait tent\u00e9 de le qualifier de coupable, car aucune autorit\u00e9 judiciaire ne saurait nier d\u2019\u00eatre au courant de ce qui se passe dans le dossier Mwant Jet Sarl.<\/p>\n\n\n\n<p>Cette injustice a pris toute une autre proportion. Il n\u00e9cessite pour ce faire, l\u2019implication des hautes autorit\u00e9s afin que la justice soit rendue de mani\u00e8re juste et \u00e9quitable car dit-on&nbsp;: <em>\u00ab&nbsp;Les arr\u00eats et jugements ainsi que les ordonnances des Cours et Tribunaux sont rendus au nom du peuple et ex\u00e9cut\u00e9s au nom du Pr\u00e9sident de la R\u00e9publique&nbsp;\u00bb<\/em>.<\/p>\n\n\n\n<p>La R\u00e9daction <\/p>\n","protected":false},"excerpt":{"rendered":"<p>R\u00e9daction : +243 817 406 088 Pas plus tard que le 25 mars 2025, les&#8230;<\/p>\n","protected":false},"author":2,"featured_media":13446,"comment_status":"open","ping_status":"open","sticky":false,"template":"","format":"standard","meta":{"_jetpack_memberships_contains_paid_content":false,"footnotes":""},"categories":[6],"tags":[],"class_list":["post-13444","post","type-post","status-publish","format-standard","has-post-thumbnail","hentry","category-justice"],"yoast_head":"<!-- This site is optimized with the Yoast SEO plugin v27.5 - https:\/\/yoast.com\/product\/yoast-seo-wordpress\/ -->\n<title>Dossier Mwant Jet Sarl\u00a0: La Cour d\u2019Appel de Kinshasa\/Matete serait-elle devenue une jungle, un obstacle face au climat des affaires\u00a0? - Infos Droits Humains<\/title>\n<meta name=\"robots\" content=\"index, follow, max-snippet:-1, max-image-preview:large, max-video-preview:-1\" \/>\n<link rel=\"canonical\" href=\"https:\/\/infos-droitshumains.net\/?p=13444\" \/>\n<meta property=\"og:locale\" content=\"fr_FR\" \/>\n<meta property=\"og:type\" content=\"article\" \/>\n<meta property=\"og:title\" content=\"Dossier Mwant Jet Sarl\u00a0: La Cour d\u2019Appel de Kinshasa\/Matete serait-elle devenue une jungle, un obstacle face au climat des affaires\u00a0? - Infos Droits Humains\" \/>\n<meta property=\"og:description\" content=\"R\u00e9daction : +243 817 406 088 Pas plus tard que le 25 mars 2025, les...\" \/>\n<meta property=\"og:url\" content=\"https:\/\/infos-droitshumains.net\/?p=13444\" \/>\n<meta property=\"og:site_name\" content=\"Infos Droits Humains\" \/>\n<meta property=\"article:published_time\" content=\"2025-04-02T16:04:42+00:00\" \/>\n<meta property=\"article:modified_time\" content=\"2025-04-03T06:40:22+00:00\" \/>\n<meta property=\"og:image\" content=\"https:\/\/infos-droitshumains.net\/wp-content\/uploads\/2025\/04\/1.jpg\" \/>\n\t<meta property=\"og:image:width\" content=\"1024\" \/>\n\t<meta property=\"og:image:height\" content=\"576\" \/>\n\t<meta property=\"og:image:type\" content=\"image\/jpeg\" \/>\n<meta name=\"author\" content=\"Jo\u00ebl Diawa\" \/>\n<meta name=\"twitter:card\" content=\"summary_large_image\" \/>\n<meta name=\"twitter:label1\" content=\"\u00c9crit par\" \/>\n\t<meta name=\"twitter:data1\" content=\"Jo\u00ebl Diawa\" \/>\n\t<meta name=\"twitter:label2\" content=\"Dur\u00e9e de lecture estim\u00e9e\" \/>\n\t<meta name=\"twitter:data2\" content=\"6 minutes\" \/>\n<script type=\"application\/ld+json\" class=\"yoast-schema-graph\">{\"@context\":\"https:\\\/\\\/schema.org\",\"@graph\":[{\"@type\":\"Article\",\"@id\":\"https:\\\/\\\/infos-droitshumains.net\\\/?p=13444#article\",\"isPartOf\":{\"@id\":\"https:\\\/\\\/infos-droitshumains.net\\\/?p=13444\"},\"author\":{\"name\":\"Jo\u00ebl Diawa\",\"@id\":\"https:\\\/\\\/infos-droitshumains.net\\\/#\\\/schema\\\/person\\\/3dc5e921c3302172e0ed4362f96faab7\"},\"headline\":\"Dossier Mwant Jet Sarl\u00a0: La Cour d\u2019Appel de Kinshasa\\\/Matete serait-elle devenue une jungle, un obstacle face au climat des affaires\u00a0?\",\"datePublished\":\"2025-04-02T16:04:42+00:00\",\"dateModified\":\"2025-04-03T06:40:22+00:00\",\"mainEntityOfPage\":{\"@id\":\"https:\\\/\\\/infos-droitshumains.net\\\/?p=13444\"},\"wordCount\":1207,\"commentCount\":0,\"publisher\":{\"@id\":\"https:\\\/\\\/infos-droitshumains.net\\\/#organization\"},\"image\":{\"@id\":\"https:\\\/\\\/infos-droitshumains.net\\\/?p=13444#primaryimage\"},\"thumbnailUrl\":\"https:\\\/\\\/i0.wp.com\\\/infos-droitshumains.net\\\/wp-content\\\/uploads\\\/2025\\\/04\\\/1.jpg?fit=1024%2C576&ssl=1\",\"articleSection\":[\"Justice\"],\"inLanguage\":\"fr-FR\",\"potentialAction\":[{\"@type\":\"CommentAction\",\"name\":\"Comment\",\"target\":[\"https:\\\/\\\/infos-droitshumains.net\\\/?p=13444#respond\"]}]},{\"@type\":\"WebPage\",\"@id\":\"https:\\\/\\\/infos-droitshumains.net\\\/?p=13444\",\"url\":\"https:\\\/\\\/infos-droitshumains.net\\\/?p=13444\",\"name\":\"Dossier Mwant Jet Sarl\u00a0: La Cour d\u2019Appel de Kinshasa\\\/Matete serait-elle devenue une jungle, un obstacle face au climat des affaires\u00a0? - Infos Droits Humains\",\"isPartOf\":{\"@id\":\"https:\\\/\\\/infos-droitshumains.net\\\/#website\"},\"primaryImageOfPage\":{\"@id\":\"https:\\\/\\\/infos-droitshumains.net\\\/?p=13444#primaryimage\"},\"image\":{\"@id\":\"https:\\\/\\\/infos-droitshumains.net\\\/?p=13444#primaryimage\"},\"thumbnailUrl\":\"https:\\\/\\\/i0.wp.com\\\/infos-droitshumains.net\\\/wp-content\\\/uploads\\\/2025\\\/04\\\/1.jpg?fit=1024%2C576&ssl=1\",\"datePublished\":\"2025-04-02T16:04:42+00:00\",\"dateModified\":\"2025-04-03T06:40:22+00:00\",\"breadcrumb\":{\"@id\":\"https:\\\/\\\/infos-droitshumains.net\\\/?p=13444#breadcrumb\"},\"inLanguage\":\"fr-FR\",\"potentialAction\":[{\"@type\":\"ReadAction\",\"target\":[\"https:\\\/\\\/infos-droitshumains.net\\\/?p=13444\"]}]},{\"@type\":\"ImageObject\",\"inLanguage\":\"fr-FR\",\"@id\":\"https:\\\/\\\/infos-droitshumains.net\\\/?p=13444#primaryimage\",\"url\":\"https:\\\/\\\/i0.wp.com\\\/infos-droitshumains.net\\\/wp-content\\\/uploads\\\/2025\\\/04\\\/1.jpg?fit=1024%2C576&ssl=1\",\"contentUrl\":\"https:\\\/\\\/i0.wp.com\\\/infos-droitshumains.net\\\/wp-content\\\/uploads\\\/2025\\\/04\\\/1.jpg?fit=1024%2C576&ssl=1\",\"width\":1024,\"height\":576},{\"@type\":\"BreadcrumbList\",\"@id\":\"https:\\\/\\\/infos-droitshumains.net\\\/?p=13444#breadcrumb\",\"itemListElement\":[{\"@type\":\"ListItem\",\"position\":1,\"name\":\"Accueil\",\"item\":\"https:\\\/\\\/infos-droitshumains.net\\\/\"},{\"@type\":\"ListItem\",\"position\":2,\"name\":\"Dossier Mwant Jet Sarl\u00a0: La Cour d\u2019Appel de Kinshasa\\\/Matete serait-elle devenue une jungle, un obstacle face au climat des affaires\u00a0?\"}]},{\"@type\":\"WebSite\",\"@id\":\"https:\\\/\\\/infos-droitshumains.net\\\/#website\",\"url\":\"https:\\\/\\\/infos-droitshumains.net\\\/\",\"name\":\"Infos Droits Humains\",\"description\":\"S&#039;informer est un droit\",\"publisher\":{\"@id\":\"https:\\\/\\\/infos-droitshumains.net\\\/#organization\"},\"potentialAction\":[{\"@type\":\"SearchAction\",\"target\":{\"@type\":\"EntryPoint\",\"urlTemplate\":\"https:\\\/\\\/infos-droitshumains.net\\\/?s={search_term_string}\"},\"query-input\":{\"@type\":\"PropertyValueSpecification\",\"valueRequired\":true,\"valueName\":\"search_term_string\"}}],\"inLanguage\":\"fr-FR\"},{\"@type\":\"Organization\",\"@id\":\"https:\\\/\\\/infos-droitshumains.net\\\/#organization\",\"name\":\"Infos Droits Humains\",\"url\":\"https:\\\/\\\/infos-droitshumains.net\\\/\",\"logo\":{\"@type\":\"ImageObject\",\"inLanguage\":\"fr-FR\",\"@id\":\"https:\\\/\\\/infos-droitshumains.net\\\/#\\\/schema\\\/logo\\\/image\\\/\",\"url\":\"https:\\\/\\\/i0.wp.com\\\/infos-droitshumains.net\\\/wp-content\\\/uploads\\\/2022\\\/05\\\/Logo.png?fit=333%2C129&ssl=1\",\"contentUrl\":\"https:\\\/\\\/i0.wp.com\\\/infos-droitshumains.net\\\/wp-content\\\/uploads\\\/2022\\\/05\\\/Logo.png?fit=333%2C129&ssl=1\",\"width\":333,\"height\":129,\"caption\":\"Infos Droits Humains\"},\"image\":{\"@id\":\"https:\\\/\\\/infos-droitshumains.net\\\/#\\\/schema\\\/logo\\\/image\\\/\"}},{\"@type\":\"Person\",\"@id\":\"https:\\\/\\\/infos-droitshumains.net\\\/#\\\/schema\\\/person\\\/3dc5e921c3302172e0ed4362f96faab7\",\"name\":\"Jo\u00ebl Diawa\",\"image\":{\"@type\":\"ImageObject\",\"inLanguage\":\"fr-FR\",\"@id\":\"https:\\\/\\\/secure.gravatar.com\\\/avatar\\\/729bea6ff4604c624417803c477363be8e3c7186deaa65713313f9b4b820f41c?s=96&d=mm&r=g\",\"url\":\"https:\\\/\\\/secure.gravatar.com\\\/avatar\\\/729bea6ff4604c624417803c477363be8e3c7186deaa65713313f9b4b820f41c?s=96&d=mm&r=g\",\"contentUrl\":\"https:\\\/\\\/secure.gravatar.com\\\/avatar\\\/729bea6ff4604c624417803c477363be8e3c7186deaa65713313f9b4b820f41c?s=96&d=mm&r=g\",\"caption\":\"Jo\u00ebl Diawa\"},\"sameAs\":[\"https:\\\/\\\/www.infos-droitshumains.net\"],\"url\":\"https:\\\/\\\/infos-droitshumains.net\\\/?author=2\"}]}<\/script>\n<!-- \/ Yoast SEO plugin. -->","yoast_head_json":{"title":"Dossier Mwant Jet Sarl\u00a0: La Cour d\u2019Appel de Kinshasa\/Matete serait-elle devenue une jungle, un obstacle face au climat des affaires\u00a0? - Infos Droits Humains","robots":{"index":"index","follow":"follow","max-snippet":"max-snippet:-1","max-image-preview":"max-image-preview:large","max-video-preview":"max-video-preview:-1"},"canonical":"https:\/\/infos-droitshumains.net\/?p=13444","og_locale":"fr_FR","og_type":"article","og_title":"Dossier Mwant Jet Sarl\u00a0: La Cour d\u2019Appel de Kinshasa\/Matete serait-elle devenue une jungle, un obstacle face au climat des affaires\u00a0? - Infos Droits Humains","og_description":"R\u00e9daction : +243 817 406 088 Pas plus tard que le 25 mars 2025, les...","og_url":"https:\/\/infos-droitshumains.net\/?p=13444","og_site_name":"Infos Droits Humains","article_published_time":"2025-04-02T16:04:42+00:00","article_modified_time":"2025-04-03T06:40:22+00:00","og_image":[{"width":1024,"height":576,"url":"https:\/\/infos-droitshumains.net\/wp-content\/uploads\/2025\/04\/1.jpg","type":"image\/jpeg"}],"author":"Jo\u00ebl Diawa","twitter_card":"summary_large_image","twitter_misc":{"\u00c9crit par":"Jo\u00ebl Diawa","Dur\u00e9e de lecture estim\u00e9e":"6 minutes"},"schema":{"@context":"https:\/\/schema.org","@graph":[{"@type":"Article","@id":"https:\/\/infos-droitshumains.net\/?p=13444#article","isPartOf":{"@id":"https:\/\/infos-droitshumains.net\/?p=13444"},"author":{"name":"Jo\u00ebl Diawa","@id":"https:\/\/infos-droitshumains.net\/#\/schema\/person\/3dc5e921c3302172e0ed4362f96faab7"},"headline":"Dossier Mwant Jet Sarl\u00a0: La Cour d\u2019Appel de Kinshasa\/Matete serait-elle devenue une jungle, un obstacle face au climat des affaires\u00a0?","datePublished":"2025-04-02T16:04:42+00:00","dateModified":"2025-04-03T06:40:22+00:00","mainEntityOfPage":{"@id":"https:\/\/infos-droitshumains.net\/?p=13444"},"wordCount":1207,"commentCount":0,"publisher":{"@id":"https:\/\/infos-droitshumains.net\/#organization"},"image":{"@id":"https:\/\/infos-droitshumains.net\/?p=13444#primaryimage"},"thumbnailUrl":"https:\/\/i0.wp.com\/infos-droitshumains.net\/wp-content\/uploads\/2025\/04\/1.jpg?fit=1024%2C576&ssl=1","articleSection":["Justice"],"inLanguage":"fr-FR","potentialAction":[{"@type":"CommentAction","name":"Comment","target":["https:\/\/infos-droitshumains.net\/?p=13444#respond"]}]},{"@type":"WebPage","@id":"https:\/\/infos-droitshumains.net\/?p=13444","url":"https:\/\/infos-droitshumains.net\/?p=13444","name":"Dossier Mwant Jet Sarl\u00a0: La Cour d\u2019Appel de Kinshasa\/Matete serait-elle devenue une jungle, un obstacle face au climat des affaires\u00a0? - Infos Droits Humains","isPartOf":{"@id":"https:\/\/infos-droitshumains.net\/#website"},"primaryImageOfPage":{"@id":"https:\/\/infos-droitshumains.net\/?p=13444#primaryimage"},"image":{"@id":"https:\/\/infos-droitshumains.net\/?p=13444#primaryimage"},"thumbnailUrl":"https:\/\/i0.wp.com\/infos-droitshumains.net\/wp-content\/uploads\/2025\/04\/1.jpg?fit=1024%2C576&ssl=1","datePublished":"2025-04-02T16:04:42+00:00","dateModified":"2025-04-03T06:40:22+00:00","breadcrumb":{"@id":"https:\/\/infos-droitshumains.net\/?p=13444#breadcrumb"},"inLanguage":"fr-FR","potentialAction":[{"@type":"ReadAction","target":["https:\/\/infos-droitshumains.net\/?p=13444"]}]},{"@type":"ImageObject","inLanguage":"fr-FR","@id":"https:\/\/infos-droitshumains.net\/?p=13444#primaryimage","url":"https:\/\/i0.wp.com\/infos-droitshumains.net\/wp-content\/uploads\/2025\/04\/1.jpg?fit=1024%2C576&ssl=1","contentUrl":"https:\/\/i0.wp.com\/infos-droitshumains.net\/wp-content\/uploads\/2025\/04\/1.jpg?fit=1024%2C576&ssl=1","width":1024,"height":576},{"@type":"BreadcrumbList","@id":"https:\/\/infos-droitshumains.net\/?p=13444#breadcrumb","itemListElement":[{"@type":"ListItem","position":1,"name":"Accueil","item":"https:\/\/infos-droitshumains.net\/"},{"@type":"ListItem","position":2,"name":"Dossier Mwant Jet Sarl\u00a0: La Cour d\u2019Appel de Kinshasa\/Matete serait-elle devenue une jungle, un obstacle face au climat des affaires\u00a0?"}]},{"@type":"WebSite","@id":"https:\/\/infos-droitshumains.net\/#website","url":"https:\/\/infos-droitshumains.net\/","name":"Infos Droits Humains","description":"S&#039;informer est un droit","publisher":{"@id":"https:\/\/infos-droitshumains.net\/#organization"},"potentialAction":[{"@type":"SearchAction","target":{"@type":"EntryPoint","urlTemplate":"https:\/\/infos-droitshumains.net\/?s={search_term_string}"},"query-input":{"@type":"PropertyValueSpecification","valueRequired":true,"valueName":"search_term_string"}}],"inLanguage":"fr-FR"},{"@type":"Organization","@id":"https:\/\/infos-droitshumains.net\/#organization","name":"Infos Droits Humains","url":"https:\/\/infos-droitshumains.net\/","logo":{"@type":"ImageObject","inLanguage":"fr-FR","@id":"https:\/\/infos-droitshumains.net\/#\/schema\/logo\/image\/","url":"https:\/\/i0.wp.com\/infos-droitshumains.net\/wp-content\/uploads\/2022\/05\/Logo.png?fit=333%2C129&ssl=1","contentUrl":"https:\/\/i0.wp.com\/infos-droitshumains.net\/wp-content\/uploads\/2022\/05\/Logo.png?fit=333%2C129&ssl=1","width":333,"height":129,"caption":"Infos Droits Humains"},"image":{"@id":"https:\/\/infos-droitshumains.net\/#\/schema\/logo\/image\/"}},{"@type":"Person","@id":"https:\/\/infos-droitshumains.net\/#\/schema\/person\/3dc5e921c3302172e0ed4362f96faab7","name":"Jo\u00ebl Diawa","image":{"@type":"ImageObject","inLanguage":"fr-FR","@id":"https:\/\/secure.gravatar.com\/avatar\/729bea6ff4604c624417803c477363be8e3c7186deaa65713313f9b4b820f41c?s=96&d=mm&r=g","url":"https:\/\/secure.gravatar.com\/avatar\/729bea6ff4604c624417803c477363be8e3c7186deaa65713313f9b4b820f41c?s=96&d=mm&r=g","contentUrl":"https:\/\/secure.gravatar.com\/avatar\/729bea6ff4604c624417803c477363be8e3c7186deaa65713313f9b4b820f41c?s=96&d=mm&r=g","caption":"Jo\u00ebl Diawa"},"sameAs":["https:\/\/www.infos-droitshumains.net"],"url":"https:\/\/infos-droitshumains.net\/?author=2"}]}},"featured_image_urls":{"full":["https:\/\/i0.wp.com\/infos-droitshumains.net\/wp-content\/uploads\/2025\/04\/1.jpg?fit=1024%2C576&ssl=1",1024,576,false],"thumbnail":["https:\/\/i0.wp.com\/infos-droitshumains.net\/wp-content\/uploads\/2025\/04\/1.jpg?resize=150%2C150&ssl=1",150,150,true],"medium":["https:\/\/i0.wp.com\/infos-droitshumains.net\/wp-content\/uploads\/2025\/04\/1.jpg?fit=300%2C169&ssl=1",300,169,true],"medium_large":["https:\/\/i0.wp.com\/infos-droitshumains.net\/wp-content\/uploads\/2025\/04\/1.jpg?fit=640%2C360&ssl=1",640,360,true],"large":["https:\/\/i0.wp.com\/infos-droitshumains.net\/wp-content\/uploads\/2025\/04\/1.jpg?fit=640%2C360&ssl=1",640,360,true],"1536x1536":["https:\/\/i0.wp.com\/infos-droitshumains.net\/wp-content\/uploads\/2025\/04\/1.jpg?fit=1024%2C576&ssl=1",1024,576,true],"2048x2048":["https:\/\/i0.wp.com\/infos-droitshumains.net\/wp-content\/uploads\/2025\/04\/1.jpg?fit=1024%2C576&ssl=1",1024,576,true],"covernews-slider-full":["https:\/\/i0.wp.com\/infos-droitshumains.net\/wp-content\/uploads\/2025\/04\/1.jpg?resize=1024%2C576&ssl=1",1024,576,true],"covernews-slider-center":["https:\/\/i0.wp.com\/infos-droitshumains.net\/wp-content\/uploads\/2025\/04\/1.jpg?resize=800%2C500&ssl=1",800,500,true],"covernews-featured":["https:\/\/i0.wp.com\/infos-droitshumains.net\/wp-content\/uploads\/2025\/04\/1.jpg?fit=1024%2C576&ssl=1",1024,576,true],"covernews-medium":["https:\/\/i0.wp.com\/infos-droitshumains.net\/wp-content\/uploads\/2025\/04\/1.jpg?resize=540%2C340&ssl=1",540,340,true],"covernews-medium-square":["https:\/\/i0.wp.com\/infos-droitshumains.net\/wp-content\/uploads\/2025\/04\/1.jpg?resize=400%2C250&ssl=1",400,250,true]},"author_info":{"display_name":"Jo\u00ebl Diawa","author_link":"https:\/\/infos-droitshumains.net\/?author=2"},"category_info":"<a href=\"https:\/\/infos-droitshumains.net\/?cat=6\" rel=\"category\">Justice<\/a>","tag_info":"Justice","comment_count":"0","jetpack_featured_media_url":"https:\/\/i0.wp.com\/infos-droitshumains.net\/wp-content\/uploads\/2025\/04\/1.jpg?fit=1024%2C576&ssl=1","jetpack-related-posts":[],"jetpack_sharing_enabled":true,"_links":{"self":[{"href":"https:\/\/infos-droitshumains.net\/index.php?rest_route=\/wp\/v2\/posts\/13444","targetHints":{"allow":["GET"]}}],"collection":[{"href":"https:\/\/infos-droitshumains.net\/index.php?rest_route=\/wp\/v2\/posts"}],"about":[{"href":"https:\/\/infos-droitshumains.net\/index.php?rest_route=\/wp\/v2\/types\/post"}],"author":[{"embeddable":true,"href":"https:\/\/infos-droitshumains.net\/index.php?rest_route=\/wp\/v2\/users\/2"}],"replies":[{"embeddable":true,"href":"https:\/\/infos-droitshumains.net\/index.php?rest_route=%2Fwp%2Fv2%2Fcomments&post=13444"}],"version-history":[{"count":8,"href":"https:\/\/infos-droitshumains.net\/index.php?rest_route=\/wp\/v2\/posts\/13444\/revisions"}],"predecessor-version":[{"id":13455,"href":"https:\/\/infos-droitshumains.net\/index.php?rest_route=\/wp\/v2\/posts\/13444\/revisions\/13455"}],"wp:featuredmedia":[{"embeddable":true,"href":"https:\/\/infos-droitshumains.net\/index.php?rest_route=\/wp\/v2\/media\/13446"}],"wp:attachment":[{"href":"https:\/\/infos-droitshumains.net\/index.php?rest_route=%2Fwp%2Fv2%2Fmedia&parent=13444"}],"wp:term":[{"taxonomy":"category","embeddable":true,"href":"https:\/\/infos-droitshumains.net\/index.php?rest_route=%2Fwp%2Fv2%2Fcategories&post=13444"},{"taxonomy":"post_tag","embeddable":true,"href":"https:\/\/infos-droitshumains.net\/index.php?rest_route=%2Fwp%2Fv2%2Ftags&post=13444"}],"curies":[{"name":"wp","href":"https:\/\/api.w.org\/{rel}","templated":true}]}}