{"id":13344,"date":"2025-03-29T07:40:10","date_gmt":"2025-03-29T06:40:10","guid":{"rendered":"https:\/\/infos-droitshumains.net\/?p=13344"},"modified":"2025-03-29T09:45:30","modified_gmt":"2025-03-29T08:45:30","slug":"rdc-me-rose-tumba-kaja-elue-membre-du-conseil-national-de-lordre-des-avocats","status":"publish","type":"post","link":"https:\/\/infos-droitshumains.net\/?p=13344","title":{"rendered":"RDC\u00a0: Me. Rose Tumba Kaja \u00e9lue membre du Conseil National de l\u2019Ordre des Avocats"},"content":{"rendered":"\n<p><strong>R\u00e9daction:+243817406088<\/strong><\/p>\n\n\n\n<h3 class=\"wp-block-heading has-vivid-red-color has-text-color has-link-color wp-elements-500c7d2526d73ba790c5f2bdbdd1bd73\">Apr\u00e8s avoir brillement dirig\u00e9 le Barreau pr\u00e8s la Cour d\u2019Appel de Lubumbashi, puis du Haut-Katanga (apr\u00e8s le d\u00e9membrement de la province du Katanga), Me. Rose Tumba Kaja vient de se lancer un nouveau d\u00e9fi en int\u00e9grant le Conseil National de l\u2019Ordre des Avocats.<\/h3>\n\n\n\n<p>Il s\u2019est tenu \u00e0 Kinshasa du 27 au 28 mars 2025, la 19<sup>\u00e8me<\/sup> conf\u00e9rence des B\u00e2tonniers et l\u2019Assembl\u00e9e G\u00e9n\u00e9rale Ordinaire de l\u2019Ordre&nbsp;National des Avocats. &nbsp;Si la conf\u00e9rence \u00e9tait un moment de r\u00e9flexion et de consultation au cours duquel, les Barreaux se sont prononc\u00e9s sur certaines questions relatives \u00e0 leur fonctionnement et \u00e0 l\u2019exercice de la profession, l\u2019Assembl\u00e9e G\u00e9n\u00e9rale a permis d\u2019\u00e9lire les membres du Conseil National de l\u2019Ordre.<\/p>\n\n\n\n<p>Plusieurs candidats \u00e9taient en lice pour 5 postes \u00e0 pourvoir et, Me. Rose Tumba Kaja a b\u00e9n\u00e9fici\u00e9 de la confiance de ses confr\u00e8res pour figurer sur ce short liste de 5.<\/p>\n\n\n\n<p>Avec 242 voix, elle fait partie des 4 candidats qui ont \u00e9t\u00e9 \u00e9lus au premier tour devenant ainsi l&rsquo;une des rares femme \u00e0 int\u00e9grer le Conseil National de l&rsquo;Ordre des Avocats.<\/p>\n\n\n\n<p>Femme dynamique, comp\u00e9tente, rigoureuse, disciplin\u00e9e, assidue et int\u00e8gre, Me. Rose Tumba Kaja \u00e9tait d\u00e9j\u00e0 entr\u00e9e dans l\u2019histoire de la R\u00e9publique D\u00e9mocratique du Congo pour avoir \u00e9t\u00e9 jusqu\u2019en 2021, ann\u00e9e de l\u2019\u00e9lection de Me. Ch\u00e9rine Luzaisu au Barreau du Kongo-Central, premi\u00e8re femme \u00e0 \u00eatre \u00e9lue B\u00e2tonnier dans un Barreau du pays.<\/p>\n\n\n\n<p>Cette int\u00e9gration au Conseil National de l\u2019Ordre des Avocats est le couronnement de la riche carri\u00e8re d\u2019une femme qui inspire en plus d&rsquo;une nouvelle page d\u2019histoire qui s\u2019ouvre dans la carri\u00e8re professionnelle d\u2019une avocate d\u2019exception.<\/p>\n\n\n\n<p>Signalons par ailleurs que sur cette liste des 5 nouveaux membres du Conseil National de l\u2019Ordre des Avocat, l\u2019on retrouve Me. Pierre Okendembo Mulamba qui avait \u00e9t\u00e9 reconduit (231 voix), Me. Dominique Kambala, B\u00e2tonnier honoraire du Barreau de Kasa\u00ef-Central (301 voix), et Me. Jacques Zakaya Mbumba, B\u00e2tonnier honoraire du Barreau du Kongo-Central (242 voix) et Me. Jean-Claude Bagayamukwe Dunia, B\u00e2tonnier de l&rsquo;Ordre du Barreau du Sud-Kivu.<\/p>\n\n\n\n<p>Jo\u00ebl Diawa<\/p>\n","protected":false},"excerpt":{"rendered":"<p>R\u00e9daction:+243817406088 Apr\u00e8s avoir brillement dirig\u00e9 le Barreau pr\u00e8s la Cour d\u2019Appel de Lubumbashi, puis du&#8230;<\/p>\n","protected":false},"author":2,"featured_media":13345,"comment_status":"open","ping_status":"open","sticky":false,"template":"","format":"standard","meta":{"_jetpack_memberships_contains_paid_content":false,"footnotes":""},"categories":[6],"tags":[],"class_list":["post-13344","post","type-post","status-publish","format-standard","has-post-thumbnail","hentry","category-justice"],"yoast_head":"<!-- This site is optimized with the Yoast SEO plugin v27.5 - https:\/\/yoast.com\/product\/yoast-seo-wordpress\/ -->\n<title>RDC\u00a0: Me. Rose Tumba Kaja \u00e9lue membre du Conseil National de l\u2019Ordre des Avocats - Infos Droits Humains<\/title>\n<meta name=\"robots\" content=\"index, follow, max-snippet:-1, max-image-preview:large, max-video-preview:-1\" \/>\n<link rel=\"canonical\" href=\"https:\/\/infos-droitshumains.net\/?p=13344\" \/>\n<meta property=\"og:locale\" content=\"fr_FR\" \/>\n<meta property=\"og:type\" content=\"article\" \/>\n<meta property=\"og:title\" content=\"RDC\u00a0: Me. Rose Tumba Kaja \u00e9lue membre du Conseil National de l\u2019Ordre des Avocats - Infos Droits Humains\" \/>\n<meta property=\"og:description\" content=\"R\u00e9daction:+243817406088 Apr\u00e8s avoir brillement dirig\u00e9 le Barreau pr\u00e8s la Cour d\u2019Appel de Lubumbashi, puis du...\" \/>\n<meta property=\"og:url\" content=\"https:\/\/infos-droitshumains.net\/?p=13344\" \/>\n<meta property=\"og:site_name\" content=\"Infos Droits Humains\" \/>\n<meta property=\"article:published_time\" content=\"2025-03-29T06:40:10+00:00\" \/>\n<meta property=\"article:modified_time\" content=\"2025-03-29T08:45:30+00:00\" \/>\n<meta property=\"og:image\" content=\"https:\/\/infos-droitshumains.net\/wp-content\/uploads\/2025\/03\/ROSE.jpg\" \/>\n\t<meta property=\"og:image:width\" content=\"1084\" \/>\n\t<meta property=\"og:image:height\" content=\"1436\" \/>\n\t<meta property=\"og:image:type\" content=\"image\/jpeg\" \/>\n<meta name=\"author\" content=\"Jo\u00ebl Diawa\" \/>\n<meta name=\"twitter:card\" content=\"summary_large_image\" \/>\n<meta name=\"twitter:label1\" content=\"\u00c9crit par\" \/>\n\t<meta name=\"twitter:data1\" content=\"Jo\u00ebl Diawa\" \/>\n\t<meta name=\"twitter:label2\" content=\"Dur\u00e9e de lecture estim\u00e9e\" \/>\n\t<meta name=\"twitter:data2\" content=\"2 minutes\" \/>\n<script type=\"application\/ld+json\" class=\"yoast-schema-graph\">{\"@context\":\"https:\\\/\\\/schema.org\",\"@graph\":[{\"@type\":\"Article\",\"@id\":\"https:\\\/\\\/infos-droitshumains.net\\\/?p=13344#article\",\"isPartOf\":{\"@id\":\"https:\\\/\\\/infos-droitshumains.net\\\/?p=13344\"},\"author\":{\"name\":\"Jo\u00ebl Diawa\",\"@id\":\"https:\\\/\\\/infos-droitshumains.net\\\/#\\\/schema\\\/person\\\/3dc5e921c3302172e0ed4362f96faab7\"},\"headline\":\"RDC\u00a0: Me. Rose Tumba Kaja \u00e9lue membre du Conseil National de l\u2019Ordre des Avocats\",\"datePublished\":\"2025-03-29T06:40:10+00:00\",\"dateModified\":\"2025-03-29T08:45:30+00:00\",\"mainEntityOfPage\":{\"@id\":\"https:\\\/\\\/infos-droitshumains.net\\\/?p=13344\"},\"wordCount\":388,\"commentCount\":0,\"publisher\":{\"@id\":\"https:\\\/\\\/infos-droitshumains.net\\\/#organization\"},\"image\":{\"@id\":\"https:\\\/\\\/infos-droitshumains.net\\\/?p=13344#primaryimage\"},\"thumbnailUrl\":\"https:\\\/\\\/i0.wp.com\\\/infos-droitshumains.net\\\/wp-content\\\/uploads\\\/2025\\\/03\\\/ROSE.jpg?fit=1084%2C1436&ssl=1\",\"articleSection\":[\"Justice\"],\"inLanguage\":\"fr-FR\",\"potentialAction\":[{\"@type\":\"CommentAction\",\"name\":\"Comment\",\"target\":[\"https:\\\/\\\/infos-droitshumains.net\\\/?p=13344#respond\"]}]},{\"@type\":\"WebPage\",\"@id\":\"https:\\\/\\\/infos-droitshumains.net\\\/?p=13344\",\"url\":\"https:\\\/\\\/infos-droitshumains.net\\\/?p=13344\",\"name\":\"RDC\u00a0: Me. Rose Tumba Kaja \u00e9lue membre du Conseil National de l\u2019Ordre des Avocats - Infos Droits Humains\",\"isPartOf\":{\"@id\":\"https:\\\/\\\/infos-droitshumains.net\\\/#website\"},\"primaryImageOfPage\":{\"@id\":\"https:\\\/\\\/infos-droitshumains.net\\\/?p=13344#primaryimage\"},\"image\":{\"@id\":\"https:\\\/\\\/infos-droitshumains.net\\\/?p=13344#primaryimage\"},\"thumbnailUrl\":\"https:\\\/\\\/i0.wp.com\\\/infos-droitshumains.net\\\/wp-content\\\/uploads\\\/2025\\\/03\\\/ROSE.jpg?fit=1084%2C1436&ssl=1\",\"datePublished\":\"2025-03-29T06:40:10+00:00\",\"dateModified\":\"2025-03-29T08:45:30+00:00\",\"breadcrumb\":{\"@id\":\"https:\\\/\\\/infos-droitshumains.net\\\/?p=13344#breadcrumb\"},\"inLanguage\":\"fr-FR\",\"potentialAction\":[{\"@type\":\"ReadAction\",\"target\":[\"https:\\\/\\\/infos-droitshumains.net\\\/?p=13344\"]}]},{\"@type\":\"ImageObject\",\"inLanguage\":\"fr-FR\",\"@id\":\"https:\\\/\\\/infos-droitshumains.net\\\/?p=13344#primaryimage\",\"url\":\"https:\\\/\\\/i0.wp.com\\\/infos-droitshumains.net\\\/wp-content\\\/uploads\\\/2025\\\/03\\\/ROSE.jpg?fit=1084%2C1436&ssl=1\",\"contentUrl\":\"https:\\\/\\\/i0.wp.com\\\/infos-droitshumains.net\\\/wp-content\\\/uploads\\\/2025\\\/03\\\/ROSE.jpg?fit=1084%2C1436&ssl=1\",\"width\":1084,\"height\":1436},{\"@type\":\"BreadcrumbList\",\"@id\":\"https:\\\/\\\/infos-droitshumains.net\\\/?p=13344#breadcrumb\",\"itemListElement\":[{\"@type\":\"ListItem\",\"position\":1,\"name\":\"Accueil\",\"item\":\"https:\\\/\\\/infos-droitshumains.net\\\/\"},{\"@type\":\"ListItem\",\"position\":2,\"name\":\"RDC\u00a0: Me. Rose Tumba Kaja \u00e9lue membre du Conseil National de l\u2019Ordre des Avocats\"}]},{\"@type\":\"WebSite\",\"@id\":\"https:\\\/\\\/infos-droitshumains.net\\\/#website\",\"url\":\"https:\\\/\\\/infos-droitshumains.net\\\/\",\"name\":\"Infos Droits Humains\",\"description\":\"S&#039;informer est un droit\",\"publisher\":{\"@id\":\"https:\\\/\\\/infos-droitshumains.net\\\/#organization\"},\"potentialAction\":[{\"@type\":\"SearchAction\",\"target\":{\"@type\":\"EntryPoint\",\"urlTemplate\":\"https:\\\/\\\/infos-droitshumains.net\\\/?s={search_term_string}\"},\"query-input\":{\"@type\":\"PropertyValueSpecification\",\"valueRequired\":true,\"valueName\":\"search_term_string\"}}],\"inLanguage\":\"fr-FR\"},{\"@type\":\"Organization\",\"@id\":\"https:\\\/\\\/infos-droitshumains.net\\\/#organization\",\"name\":\"Infos Droits Humains\",\"url\":\"https:\\\/\\\/infos-droitshumains.net\\\/\",\"logo\":{\"@type\":\"ImageObject\",\"inLanguage\":\"fr-FR\",\"@id\":\"https:\\\/\\\/infos-droitshumains.net\\\/#\\\/schema\\\/logo\\\/image\\\/\",\"url\":\"https:\\\/\\\/i0.wp.com\\\/infos-droitshumains.net\\\/wp-content\\\/uploads\\\/2022\\\/05\\\/Logo.png?fit=333%2C129&ssl=1\",\"contentUrl\":\"https:\\\/\\\/i0.wp.com\\\/infos-droitshumains.net\\\/wp-content\\\/uploads\\\/2022\\\/05\\\/Logo.png?fit=333%2C129&ssl=1\",\"width\":333,\"height\":129,\"caption\":\"Infos Droits Humains\"},\"image\":{\"@id\":\"https:\\\/\\\/infos-droitshumains.net\\\/#\\\/schema\\\/logo\\\/image\\\/\"}},{\"@type\":\"Person\",\"@id\":\"https:\\\/\\\/infos-droitshumains.net\\\/#\\\/schema\\\/person\\\/3dc5e921c3302172e0ed4362f96faab7\",\"name\":\"Jo\u00ebl Diawa\",\"image\":{\"@type\":\"ImageObject\",\"inLanguage\":\"fr-FR\",\"@id\":\"https:\\\/\\\/secure.gravatar.com\\\/avatar\\\/729bea6ff4604c624417803c477363be8e3c7186deaa65713313f9b4b820f41c?s=96&d=mm&r=g\",\"url\":\"https:\\\/\\\/secure.gravatar.com\\\/avatar\\\/729bea6ff4604c624417803c477363be8e3c7186deaa65713313f9b4b820f41c?s=96&d=mm&r=g\",\"contentUrl\":\"https:\\\/\\\/secure.gravatar.com\\\/avatar\\\/729bea6ff4604c624417803c477363be8e3c7186deaa65713313f9b4b820f41c?s=96&d=mm&r=g\",\"caption\":\"Jo\u00ebl Diawa\"},\"sameAs\":[\"https:\\\/\\\/www.infos-droitshumains.net\"],\"url\":\"https:\\\/\\\/infos-droitshumains.net\\\/?author=2\"}]}<\/script>\n<!-- \/ Yoast SEO plugin. -->","yoast_head_json":{"title":"RDC\u00a0: Me. Rose Tumba Kaja \u00e9lue membre du Conseil National de l\u2019Ordre des Avocats - Infos Droits Humains","robots":{"index":"index","follow":"follow","max-snippet":"max-snippet:-1","max-image-preview":"max-image-preview:large","max-video-preview":"max-video-preview:-1"},"canonical":"https:\/\/infos-droitshumains.net\/?p=13344","og_locale":"fr_FR","og_type":"article","og_title":"RDC\u00a0: Me. Rose Tumba Kaja \u00e9lue membre du Conseil National de l\u2019Ordre des Avocats - Infos Droits Humains","og_description":"R\u00e9daction:+243817406088 Apr\u00e8s avoir brillement dirig\u00e9 le Barreau pr\u00e8s la Cour d\u2019Appel de Lubumbashi, puis du...","og_url":"https:\/\/infos-droitshumains.net\/?p=13344","og_site_name":"Infos Droits Humains","article_published_time":"2025-03-29T06:40:10+00:00","article_modified_time":"2025-03-29T08:45:30+00:00","og_image":[{"width":1084,"height":1436,"url":"https:\/\/infos-droitshumains.net\/wp-content\/uploads\/2025\/03\/ROSE.jpg","type":"image\/jpeg"}],"author":"Jo\u00ebl Diawa","twitter_card":"summary_large_image","twitter_misc":{"\u00c9crit par":"Jo\u00ebl Diawa","Dur\u00e9e de lecture estim\u00e9e":"2 minutes"},"schema":{"@context":"https:\/\/schema.org","@graph":[{"@type":"Article","@id":"https:\/\/infos-droitshumains.net\/?p=13344#article","isPartOf":{"@id":"https:\/\/infos-droitshumains.net\/?p=13344"},"author":{"name":"Jo\u00ebl Diawa","@id":"https:\/\/infos-droitshumains.net\/#\/schema\/person\/3dc5e921c3302172e0ed4362f96faab7"},"headline":"RDC\u00a0: Me. Rose Tumba Kaja \u00e9lue membre du Conseil National de l\u2019Ordre des Avocats","datePublished":"2025-03-29T06:40:10+00:00","dateModified":"2025-03-29T08:45:30+00:00","mainEntityOfPage":{"@id":"https:\/\/infos-droitshumains.net\/?p=13344"},"wordCount":388,"commentCount":0,"publisher":{"@id":"https:\/\/infos-droitshumains.net\/#organization"},"image":{"@id":"https:\/\/infos-droitshumains.net\/?p=13344#primaryimage"},"thumbnailUrl":"https:\/\/i0.wp.com\/infos-droitshumains.net\/wp-content\/uploads\/2025\/03\/ROSE.jpg?fit=1084%2C1436&ssl=1","articleSection":["Justice"],"inLanguage":"fr-FR","potentialAction":[{"@type":"CommentAction","name":"Comment","target":["https:\/\/infos-droitshumains.net\/?p=13344#respond"]}]},{"@type":"WebPage","@id":"https:\/\/infos-droitshumains.net\/?p=13344","url":"https:\/\/infos-droitshumains.net\/?p=13344","name":"RDC\u00a0: Me. Rose Tumba Kaja \u00e9lue membre du Conseil National de l\u2019Ordre des Avocats - Infos Droits Humains","isPartOf":{"@id":"https:\/\/infos-droitshumains.net\/#website"},"primaryImageOfPage":{"@id":"https:\/\/infos-droitshumains.net\/?p=13344#primaryimage"},"image":{"@id":"https:\/\/infos-droitshumains.net\/?p=13344#primaryimage"},"thumbnailUrl":"https:\/\/i0.wp.com\/infos-droitshumains.net\/wp-content\/uploads\/2025\/03\/ROSE.jpg?fit=1084%2C1436&ssl=1","datePublished":"2025-03-29T06:40:10+00:00","dateModified":"2025-03-29T08:45:30+00:00","breadcrumb":{"@id":"https:\/\/infos-droitshumains.net\/?p=13344#breadcrumb"},"inLanguage":"fr-FR","potentialAction":[{"@type":"ReadAction","target":["https:\/\/infos-droitshumains.net\/?p=13344"]}]},{"@type":"ImageObject","inLanguage":"fr-FR","@id":"https:\/\/infos-droitshumains.net\/?p=13344#primaryimage","url":"https:\/\/i0.wp.com\/infos-droitshumains.net\/wp-content\/uploads\/2025\/03\/ROSE.jpg?fit=1084%2C1436&ssl=1","contentUrl":"https:\/\/i0.wp.com\/infos-droitshumains.net\/wp-content\/uploads\/2025\/03\/ROSE.jpg?fit=1084%2C1436&ssl=1","width":1084,"height":1436},{"@type":"BreadcrumbList","@id":"https:\/\/infos-droitshumains.net\/?p=13344#breadcrumb","itemListElement":[{"@type":"ListItem","position":1,"name":"Accueil","item":"https:\/\/infos-droitshumains.net\/"},{"@type":"ListItem","position":2,"name":"RDC\u00a0: Me. Rose Tumba Kaja \u00e9lue membre du Conseil National de l\u2019Ordre des Avocats"}]},{"@type":"WebSite","@id":"https:\/\/infos-droitshumains.net\/#website","url":"https:\/\/infos-droitshumains.net\/","name":"Infos Droits Humains","description":"S&#039;informer est un droit","publisher":{"@id":"https:\/\/infos-droitshumains.net\/#organization"},"potentialAction":[{"@type":"SearchAction","target":{"@type":"EntryPoint","urlTemplate":"https:\/\/infos-droitshumains.net\/?s={search_term_string}"},"query-input":{"@type":"PropertyValueSpecification","valueRequired":true,"valueName":"search_term_string"}}],"inLanguage":"fr-FR"},{"@type":"Organization","@id":"https:\/\/infos-droitshumains.net\/#organization","name":"Infos Droits Humains","url":"https:\/\/infos-droitshumains.net\/","logo":{"@type":"ImageObject","inLanguage":"fr-FR","@id":"https:\/\/infos-droitshumains.net\/#\/schema\/logo\/image\/","url":"https:\/\/i0.wp.com\/infos-droitshumains.net\/wp-content\/uploads\/2022\/05\/Logo.png?fit=333%2C129&ssl=1","contentUrl":"https:\/\/i0.wp.com\/infos-droitshumains.net\/wp-content\/uploads\/2022\/05\/Logo.png?fit=333%2C129&ssl=1","width":333,"height":129,"caption":"Infos Droits Humains"},"image":{"@id":"https:\/\/infos-droitshumains.net\/#\/schema\/logo\/image\/"}},{"@type":"Person","@id":"https:\/\/infos-droitshumains.net\/#\/schema\/person\/3dc5e921c3302172e0ed4362f96faab7","name":"Jo\u00ebl Diawa","image":{"@type":"ImageObject","inLanguage":"fr-FR","@id":"https:\/\/secure.gravatar.com\/avatar\/729bea6ff4604c624417803c477363be8e3c7186deaa65713313f9b4b820f41c?s=96&d=mm&r=g","url":"https:\/\/secure.gravatar.com\/avatar\/729bea6ff4604c624417803c477363be8e3c7186deaa65713313f9b4b820f41c?s=96&d=mm&r=g","contentUrl":"https:\/\/secure.gravatar.com\/avatar\/729bea6ff4604c624417803c477363be8e3c7186deaa65713313f9b4b820f41c?s=96&d=mm&r=g","caption":"Jo\u00ebl Diawa"},"sameAs":["https:\/\/www.infos-droitshumains.net"],"url":"https:\/\/infos-droitshumains.net\/?author=2"}]}},"featured_image_urls":{"full":["https:\/\/i0.wp.com\/infos-droitshumains.net\/wp-content\/uploads\/2025\/03\/ROSE.jpg?fit=1084%2C1436&ssl=1",1084,1436,false],"thumbnail":["https:\/\/i0.wp.com\/infos-droitshumains.net\/wp-content\/uploads\/2025\/03\/ROSE.jpg?resize=150%2C150&ssl=1",150,150,true],"medium":["https:\/\/i0.wp.com\/infos-droitshumains.net\/wp-content\/uploads\/2025\/03\/ROSE.jpg?fit=226%2C300&ssl=1",226,300,true],"medium_large":["https:\/\/i0.wp.com\/infos-droitshumains.net\/wp-content\/uploads\/2025\/03\/ROSE.jpg?fit=640%2C848&ssl=1",640,848,true],"large":["https:\/\/i0.wp.com\/infos-droitshumains.net\/wp-content\/uploads\/2025\/03\/ROSE.jpg?fit=640%2C848&ssl=1",640,848,true],"1536x1536":["https:\/\/i0.wp.com\/infos-droitshumains.net\/wp-content\/uploads\/2025\/03\/ROSE.jpg?fit=1084%2C1436&ssl=1",1084,1436,true],"2048x2048":["https:\/\/i0.wp.com\/infos-droitshumains.net\/wp-content\/uploads\/2025\/03\/ROSE.jpg?fit=1084%2C1436&ssl=1",1084,1436,true],"covernews-slider-full":["https:\/\/i0.wp.com\/infos-droitshumains.net\/wp-content\/uploads\/2025\/03\/ROSE.jpg?resize=1084%2C715&ssl=1",1084,715,true],"covernews-slider-center":["https:\/\/i0.wp.com\/infos-droitshumains.net\/wp-content\/uploads\/2025\/03\/ROSE.jpg?resize=800%2C500&ssl=1",800,500,true],"covernews-featured":["https:\/\/i0.wp.com\/infos-droitshumains.net\/wp-content\/uploads\/2025\/03\/ROSE.jpg?fit=1024%2C1357&ssl=1",1024,1357,true],"covernews-medium":["https:\/\/i0.wp.com\/infos-droitshumains.net\/wp-content\/uploads\/2025\/03\/ROSE.jpg?resize=540%2C340&ssl=1",540,340,true],"covernews-medium-square":["https:\/\/i0.wp.com\/infos-droitshumains.net\/wp-content\/uploads\/2025\/03\/ROSE.jpg?resize=400%2C250&ssl=1",400,250,true]},"author_info":{"display_name":"Jo\u00ebl Diawa","author_link":"https:\/\/infos-droitshumains.net\/?author=2"},"category_info":"<a href=\"https:\/\/infos-droitshumains.net\/?cat=6\" rel=\"category\">Justice<\/a>","tag_info":"Justice","comment_count":"0","jetpack_featured_media_url":"https:\/\/i0.wp.com\/infos-droitshumains.net\/wp-content\/uploads\/2025\/03\/ROSE.jpg?fit=1084%2C1436&ssl=1","jetpack-related-posts":[],"jetpack_sharing_enabled":true,"_links":{"self":[{"href":"https:\/\/infos-droitshumains.net\/index.php?rest_route=\/wp\/v2\/posts\/13344","targetHints":{"allow":["GET"]}}],"collection":[{"href":"https:\/\/infos-droitshumains.net\/index.php?rest_route=\/wp\/v2\/posts"}],"about":[{"href":"https:\/\/infos-droitshumains.net\/index.php?rest_route=\/wp\/v2\/types\/post"}],"author":[{"embeddable":true,"href":"https:\/\/infos-droitshumains.net\/index.php?rest_route=\/wp\/v2\/users\/2"}],"replies":[{"embeddable":true,"href":"https:\/\/infos-droitshumains.net\/index.php?rest_route=%2Fwp%2Fv2%2Fcomments&post=13344"}],"version-history":[{"count":5,"href":"https:\/\/infos-droitshumains.net\/index.php?rest_route=\/wp\/v2\/posts\/13344\/revisions"}],"predecessor-version":[{"id":13352,"href":"https:\/\/infos-droitshumains.net\/index.php?rest_route=\/wp\/v2\/posts\/13344\/revisions\/13352"}],"wp:featuredmedia":[{"embeddable":true,"href":"https:\/\/infos-droitshumains.net\/index.php?rest_route=\/wp\/v2\/media\/13345"}],"wp:attachment":[{"href":"https:\/\/infos-droitshumains.net\/index.php?rest_route=%2Fwp%2Fv2%2Fmedia&parent=13344"}],"wp:term":[{"taxonomy":"category","embeddable":true,"href":"https:\/\/infos-droitshumains.net\/index.php?rest_route=%2Fwp%2Fv2%2Fcategories&post=13344"},{"taxonomy":"post_tag","embeddable":true,"href":"https:\/\/infos-droitshumains.net\/index.php?rest_route=%2Fwp%2Fv2%2Ftags&post=13344"}],"curies":[{"name":"wp","href":"https:\/\/api.w.org\/{rel}","templated":true}]}}