{"id":13258,"date":"2025-03-26T00:25:30","date_gmt":"2025-03-25T23:25:30","guid":{"rendered":"https:\/\/infos-droitshumains.net\/?p=13258"},"modified":"2025-03-26T00:39:06","modified_gmt":"2025-03-25T23:39:06","slug":"affaire-mwant-jet-confusionnisme-ou-malignite-voici-comment-gueda-yav-veut-prendre-en-otage-la-justice","status":"publish","type":"post","link":"https:\/\/infos-droitshumains.net\/?p=13258","title":{"rendered":"Affaire Mwant Jet\u00a0: Confusionnisme ou malignit\u00e9? Voici comment Gueda Yav veut prendre la justice en otage"},"content":{"rendered":"\n<p><strong>R\u00e9daction : +243 817 406 088<\/strong><\/p>\n\n\n\n<h3 class=\"wp-block-heading has-vivid-red-color has-text-color has-link-color wp-elements-3c3d9a36e547a9b0eb58585b44f4a7a1\">Dans un arr\u00eat rendu le 24 f\u00e9vrier 2025 sous RCEA 327\/OPP\/RCEA 277, la Cour d\u2019Appel de Kinshasa\/Matete a enjoint Gueda Yav (Associ\u00e9e \u00e0 Mwant Jet Sarl) de convoquer l\u2019assembl\u00e9e g\u00e9n\u00e9rale conform\u00e9ment aux dispositions l\u00e9gales en vue de suppl\u00e9er \u00e0 cette carence (absence des dirigeants ndlr). Les dispositions l\u00e9gales dont fait allusion l\u2019arr\u00eat sont les alin\u00e9as 1 et 2 de l\u2019article 337 de l\u2019Acte Uniforme relatif aux Droits des Soci\u00e9t\u00e9s Commerciales et Groupement d\u2019Int\u00e9r\u00eat Economique, (l\u2019AUSCGIE).<\/h3>\n\n\n\n<p>Sans tenir compte des dispositions l\u00e9gales sus \u00e9voqu\u00e9es, Gueda Yav s\u2019est pr\u00e9cipit\u00e9e de convoquer une assembl\u00e9e g\u00e9n\u00e9rale ordinaire le 24 mars 2025 dont l\u2019ordre du jour a notamment inscrit sa propre d\u00e9signation comme g\u00e9rante de la soci\u00e9t\u00e9.<\/p>\n\n\n\n<p>Pour barrer la route \u00e0 cette assembl\u00e9e g\u00e9n\u00e9rale aux cons\u00e9quences f\u00e2cheuses et faire cesser le trouble manifestement illicite qu\u2019entraine cet acte de convocation, Micheal Yav (Associ\u00e9 \u00e0 Mwant Sarl) a introduit une requ\u00eate en r\u00e9f\u00e9r\u00e9 commercial au Tribunal de Commerce de Kinshasa\/Matete pour solliciter la <em>\u00ab&nbsp;<strong>Suspension des effets de l\u2019Acte de Convocation de l\u2019Assembl\u00e9e G\u00e9n\u00e9rale Ordinaire de la Soci\u00e9t\u00e9 MWANT JET Sarl fix\u00e9e au 24 mars 2025&#8230;&nbsp;\u00bb<\/strong><\/em><\/p>\n\n\n\n<p>Parall\u00e8lement \u00e0 cette requ\u00eate en r\u00e9f\u00e9r\u00e9 commercial, Michael Yav a attaqu\u00e9 en annulation ledit acte de convocation pour violation de l\u2019article 337 alin\u00e9as 1 et 2 de l\u2019AUSCGIE et 20 des statuts de la Soci\u00e9t\u00e9 Mwant Jet Sarl, qui du reste sont des dispositions imp\u00e9ratives.<\/p>\n\n\n\n<p>La demande formul\u00e9e devant le juge de r\u00e9f\u00e9r\u00e9 n\u2019\u00e9tant donc pas li\u00e9e au fond, elle concerne plut\u00f4t les mesures provisoires ou conservatoires, l\u2019affaire fut appel\u00e9e, plaid\u00e9e et pris en d\u00e9lib\u00e9r\u00e9e le mercredi 12 mars 2025&nbsp; apr\u00e8s l\u2019avis du Minist\u00e8re Public <strong>\u2018<em>\u2019favorable \u00e0 la suspension des effets de cet acte de convocation\u2019\u2019<\/em><\/strong>. Le juge aurait d\u00fb se prononcer dans les 24 heures suivant la plaidoirie comme le veut la loi en la mati\u00e8re.<\/p>\n\n\n\n<p>Contre toute attente, le vendredi 14 mars, Gueda Yav saisira, par le biais de ses avocats, le Pr\u00e9sident du Tribunal de Commerce de Kinshasa\/Matete avec une copie r\u00e9serv\u00e9e \u00e0 toutes les hautes autorit\u00e9s judiciaires du pays (Pr\u00e9sident de la Cour Constitutionnelle, Premier Pr\u00e9sident de la Cour de Cassation et Procureur G\u00e9n\u00e9ral pr\u00e8s la Cour de Cassation ainsi que le Premier Pr\u00e9sident de la Cour d\u2019Appel de Matete et le Procureur G\u00e9n\u00e9ral pr\u00e8s cette Cour).<\/p>\n\n\n\n<p>Dans cette correspondance, l\u2019int\u00e9ress\u00e9e d\u00e9nonce une proc\u00e9dure cavali\u00e8re devant&nbsp;le Tribunal de Commerce de Kinshasa\/Matete sous RRC 012 tendant \u00e0 obtenir <strong><em>\u2018\u2019la suspension de l\u2019arr\u00eat rendu par la Cour d\u2019Appel de Kinshasa\/Matete sous RCEA 327\/OPP\/RCEA 277\u2019\u2019<\/em><\/strong>&nbsp;:<\/p>\n\n\n\n<p><em>\u00ab&nbsp;\u2026 le juge du Tribunal de Commerce de Kinshasa\/Matete ne peut pas se substituer au juge de la Cour de Cassation pour ordonner la suspension de l\u2019ex\u00e9cution de l\u2019arr\u00eat RCEA 327\/OPP\/RCEA 277 rendu en dernier ressort par la Cour d\u2019Appel de Kinshasa\/Matete ou encore au juge de contentieux d\u2019ex\u00e9cution qui est du Tribunal de Grande Instance pour ordonner la suspension de l\u2019ex\u00e9cution de l\u2019arr\u00eat de la Cour d\u2019Appel pr\u00e9cit\u00e9e, au motif que la comp\u00e9tence est d\u2019attribution\u2026 C\u2019est pourquoi, elle (Gueda Yav ndlr) vous saisit par notre biais pour d\u00e9noncer non seulement l\u2019existence de cette proc\u00e9dure cavali\u00e8re li\u00e9e \u00e0 la suspension de l\u2019ex\u00e9cution d\u2019un arr\u00eat de la Cour d\u2019Appel de Kinshasa\/Matete rendu sous RCEA 327\/OPP\/RCEA 277 mais \u00e9galement la mani\u00e8re de proc\u00e9der de ce juge est cousit d\u2019une hypocrisie par peur d\u2019\u00eatre surprise d\u2019une d\u00e9cision inique d\u2019un&nbsp; tribunal inf\u00e9rieur qui suspend l\u2019ex\u00e9cution d\u2019une d\u00e9cision de la juridiction sup\u00e9rieure, d\u2019une part et de l\u2019autre, demande \u00e0 toutes les autorit\u00e9s qui la lisent en copie d\u2019agir chacune selon ses comp\u00e9tences pour emp\u00eacher que ce juge incomp\u00e9tent ne puisse ordonner la suspension de l\u2019ex\u00e9cution d\u2019un arr\u00eat de la Cour pr\u00e9cit\u00e9e d\u00e9j\u00e0 entam\u00e9\u2026&nbsp;\u00bb<\/em>, lit-on dans cette correspondance sign\u00e9e par l\u2019avocat de madame Gueda.<\/p>\n\n\n\n<p>Aucun crime n\u2019\u00e9tant parfait, l\u2019ordonnance du Tribunal de Commerce rendue le 17 mars soit quatre jours apr\u00e8s le d\u00e9lai l\u00e9gal, est curieusement motiv\u00e9e de mani\u00e8re similaire \u00e0 la correspondance de Gueda YAV. Ladite ordonnance dispose&nbsp;:<\/p>\n\n\n\n<p><em>\u00ab&nbsp;\u2026 ce qui met le juge de r\u00e9f\u00e9r\u00e9 dans une position inconfortable pour retenir sa comp\u00e9tence \u00e0 ordonner la suspension d\u2019une convocation \u00e9tablie en ex\u00e9cution d\u2019un arr\u00eat \u00e9manent d\u2019une juridiction sup\u00e9rieure\u2026 En cons\u00e9quence, le juge de r\u00e9f\u00e9r\u00e9 se d\u00e9clarera incomp\u00e9tent pour \u00e9tablir la preuve de certain fait contenu dans un arr\u00eat de la Cour d\u2019Appel et prescrire des mesures conservatoires de nature \u00e0 remettre en cause la v\u00e9rit\u00e9 judiciaire contenu dans ledit arr\u00eat relative \u00e0 la convocation de l\u2019Assembl\u00e9e G\u00e9n\u00e9rale ordinaire de la soci\u00e9t\u00e9 Mwant Jet SARL\u2026&nbsp;\u00bb<\/em><\/p>\n\n\n\n<p>Une confusion ou une malignit\u00e9 d\u00e8s lors que l\u2019on sait que la demande de Michael Yav en r\u00e9f\u00e9r\u00e9 commercial \u00e9tait plut\u00f4t pour suspension des effets de la convocation de l\u2019assembl\u00e9e g\u00e9n\u00e9rale (une mesure conservatoire) et non la suspension de l\u2019ex\u00e9cution de l\u2019arr\u00eat qui n\u2019est pas de la comp\u00e9tence du juge de r\u00e9f\u00e9r\u00e9. Ce dernier a finalement r\u00e9pondu \u00e0 une demande qui ne lui avait pas \u00e9t\u00e9 formul\u00e9e par le requ\u00e9rant.<\/p>\n\n\n\n<p>Pourquoi l\u2019ordonnance qui aurait d\u00fb \u00eatre rendue le 13 mars l\u2019a finalement \u00e9t\u00e9 le 17 et ce, apr\u00e8s la correspondance de Gueda YAV adress\u00e9e au Pr\u00e9sident du Tribunal de Commerce&nbsp;? Les autorit\u00e9s judiciaires saisies en copie n\u2019ont-elles pas agit comme solliciter dans la correspondance pour influer n\u00e9gativement dans cette d\u00e9cision judiciaire&nbsp;? Au regard des \u00e9v\u00e8nements, rien n\u2019est en tout cas improbable, et tout porte \u00e0 croire que le juge aurait subi une forte pression.<\/p>\n\n\n\n<p>Pour faire valoir le droit, Michael Yav a saisi le juge d\u2019Appel en r\u00e9f\u00e9r\u00e9 commercial. Ses avocats ont d\u00e9montr\u00e9 que le premier juge a r\u00e9pondu \u00e0 une demande non formul\u00e9e dans la requ\u00eate&nbsp;:<\/p>\n\n\n\n<p><em>\u00ab\u00a0Le juge en r\u00e9f\u00e9r\u00e9 commercial prend une mesure conservatoire pour pr\u00e9server un droit, mais il s&rsquo;est comport\u00e9 comme s\u2019il \u00e9tait saisi du fond. Le juge a statu\u00e9 au-del\u00e0 de ce qui lui avait \u00e9t\u00e9 demand\u00e9. La question qui lui a \u00e9t\u00e9 pos\u00e9 n&rsquo;est pas celle \u00e0 laquelle elle a r\u00e9pondu. Cela constitue un d\u00e9ni de justice parce qu&rsquo;on ne lui demande pas d&rsquo;examiner le bien-fond\u00e9 de l&rsquo;arr\u00eat\u2026 Nullement nous avons demand\u00e9 au juge de r\u00e9tablir la v\u00e9rit\u00e9 d&rsquo;un fait repris dans l&rsquo;arr\u00eat, mais plut\u00f4t suspendre les effets de la convocation. Le fait pour le juge d&rsquo;avoir pris notre demande et le transformer est la preuve qu&rsquo;il est all\u00e9 ultra petita\u00a0\u00bb<\/em>, ont d\u00e9montr\u00e9 les avocats de Michael Yav le jeudi 20 mars pendant la plaidoirie.<\/p>\n\n\n\n<p>Dans son avis, le Minist\u00e8re Public s\u2019est une fois de plus dit favorable \u00e0 la suspension des effets de l\u2019acte de convocation de cette assembl\u00e9e g\u00e9n\u00e9rale.<\/p>\n\n\n\n<p>Jusqu\u2019au moment o\u00f9 nous bouclons cet article, notre source au greffe de la Cour d\u2019Appel de Kinshasa\/Matete nous renseigne que l\u2019affaire est toujours en d\u00e9lib\u00e9r\u00e9 il n\u2019y a toujours pas eu de d\u00e9lib\u00e9r\u00e9.<\/p>\n\n\n\n<p>Nous ne savons pas encore si l\u2019assembl\u00e9e g\u00e9n\u00e9rale de la Soci\u00e9t\u00e9 Mwant Jet Sarl a pu se tenir lundi 24 mars 2025 date reprise dans l\u2019acte de convocation et si Gueda Yav a pu \u00eatre d\u00e9sign\u00e9e g\u00e9rante de la soci\u00e9t\u00e9.<\/p>\n\n\n\n<p>Jo\u00ebl Diawa<\/p>\n","protected":false},"excerpt":{"rendered":"<p>R\u00e9daction : +243 817 406 088 Dans un arr\u00eat rendu le 24 f\u00e9vrier 2025 sous&#8230;<\/p>\n","protected":false},"author":2,"featured_media":13260,"comment_status":"open","ping_status":"open","sticky":false,"template":"","format":"standard","meta":{"_jetpack_memberships_contains_paid_content":false,"footnotes":""},"categories":[6],"tags":[],"class_list":["post-13258","post","type-post","status-publish","format-standard","has-post-thumbnail","hentry","category-justice"],"yoast_head":"<!-- This site is optimized with the Yoast SEO plugin v27.5 - https:\/\/yoast.com\/product\/yoast-seo-wordpress\/ -->\n<title>Affaire Mwant Jet\u00a0: Confusionnisme ou malignit\u00e9? Voici comment Gueda Yav veut prendre la justice en otage - Infos Droits Humains<\/title>\n<meta name=\"robots\" content=\"index, follow, max-snippet:-1, max-image-preview:large, max-video-preview:-1\" \/>\n<link rel=\"canonical\" href=\"https:\/\/infos-droitshumains.net\/?p=13258\" \/>\n<meta property=\"og:locale\" content=\"fr_FR\" \/>\n<meta property=\"og:type\" content=\"article\" \/>\n<meta property=\"og:title\" content=\"Affaire Mwant Jet\u00a0: Confusionnisme ou malignit\u00e9? Voici comment Gueda Yav veut prendre la justice en otage - Infos Droits Humains\" \/>\n<meta property=\"og:description\" content=\"R\u00e9daction : +243 817 406 088 Dans un arr\u00eat rendu le 24 f\u00e9vrier 2025 sous...\" \/>\n<meta property=\"og:url\" content=\"https:\/\/infos-droitshumains.net\/?p=13258\" \/>\n<meta property=\"og:site_name\" content=\"Infos Droits Humains\" \/>\n<meta property=\"article:published_time\" content=\"2025-03-25T23:25:30+00:00\" \/>\n<meta property=\"article:modified_time\" content=\"2025-03-25T23:39:06+00:00\" \/>\n<meta property=\"og:image\" content=\"https:\/\/infos-droitshumains.net\/wp-content\/uploads\/2025\/03\/Composition2.jpg\" \/>\n\t<meta property=\"og:image:width\" content=\"1592\" \/>\n\t<meta property=\"og:image:height\" content=\"988\" \/>\n\t<meta property=\"og:image:type\" content=\"image\/jpeg\" \/>\n<meta name=\"author\" content=\"Jo\u00ebl Diawa\" \/>\n<meta name=\"twitter:card\" content=\"summary_large_image\" \/>\n<meta name=\"twitter:label1\" content=\"\u00c9crit par\" \/>\n\t<meta name=\"twitter:data1\" content=\"Jo\u00ebl Diawa\" \/>\n\t<meta name=\"twitter:label2\" content=\"Dur\u00e9e de lecture estim\u00e9e\" \/>\n\t<meta name=\"twitter:data2\" content=\"6 minutes\" \/>\n<script type=\"application\/ld+json\" class=\"yoast-schema-graph\">{\"@context\":\"https:\\\/\\\/schema.org\",\"@graph\":[{\"@type\":\"Article\",\"@id\":\"https:\\\/\\\/infos-droitshumains.net\\\/?p=13258#article\",\"isPartOf\":{\"@id\":\"https:\\\/\\\/infos-droitshumains.net\\\/?p=13258\"},\"author\":{\"name\":\"Jo\u00ebl Diawa\",\"@id\":\"https:\\\/\\\/infos-droitshumains.net\\\/#\\\/schema\\\/person\\\/3dc5e921c3302172e0ed4362f96faab7\"},\"headline\":\"Affaire Mwant Jet\u00a0: Confusionnisme ou malignit\u00e9? Voici comment Gueda Yav veut prendre la justice en otage\",\"datePublished\":\"2025-03-25T23:25:30+00:00\",\"dateModified\":\"2025-03-25T23:39:06+00:00\",\"mainEntityOfPage\":{\"@id\":\"https:\\\/\\\/infos-droitshumains.net\\\/?p=13258\"},\"wordCount\":1384,\"commentCount\":0,\"publisher\":{\"@id\":\"https:\\\/\\\/infos-droitshumains.net\\\/#organization\"},\"image\":{\"@id\":\"https:\\\/\\\/infos-droitshumains.net\\\/?p=13258#primaryimage\"},\"thumbnailUrl\":\"https:\\\/\\\/i0.wp.com\\\/infos-droitshumains.net\\\/wp-content\\\/uploads\\\/2025\\\/03\\\/Composition2.jpg?fit=1592%2C988&ssl=1\",\"articleSection\":[\"Justice\"],\"inLanguage\":\"fr-FR\",\"potentialAction\":[{\"@type\":\"CommentAction\",\"name\":\"Comment\",\"target\":[\"https:\\\/\\\/infos-droitshumains.net\\\/?p=13258#respond\"]}]},{\"@type\":\"WebPage\",\"@id\":\"https:\\\/\\\/infos-droitshumains.net\\\/?p=13258\",\"url\":\"https:\\\/\\\/infos-droitshumains.net\\\/?p=13258\",\"name\":\"Affaire Mwant Jet\u00a0: Confusionnisme ou malignit\u00e9? Voici comment Gueda Yav veut prendre la justice en otage - Infos Droits Humains\",\"isPartOf\":{\"@id\":\"https:\\\/\\\/infos-droitshumains.net\\\/#website\"},\"primaryImageOfPage\":{\"@id\":\"https:\\\/\\\/infos-droitshumains.net\\\/?p=13258#primaryimage\"},\"image\":{\"@id\":\"https:\\\/\\\/infos-droitshumains.net\\\/?p=13258#primaryimage\"},\"thumbnailUrl\":\"https:\\\/\\\/i0.wp.com\\\/infos-droitshumains.net\\\/wp-content\\\/uploads\\\/2025\\\/03\\\/Composition2.jpg?fit=1592%2C988&ssl=1\",\"datePublished\":\"2025-03-25T23:25:30+00:00\",\"dateModified\":\"2025-03-25T23:39:06+00:00\",\"breadcrumb\":{\"@id\":\"https:\\\/\\\/infos-droitshumains.net\\\/?p=13258#breadcrumb\"},\"inLanguage\":\"fr-FR\",\"potentialAction\":[{\"@type\":\"ReadAction\",\"target\":[\"https:\\\/\\\/infos-droitshumains.net\\\/?p=13258\"]}]},{\"@type\":\"ImageObject\",\"inLanguage\":\"fr-FR\",\"@id\":\"https:\\\/\\\/infos-droitshumains.net\\\/?p=13258#primaryimage\",\"url\":\"https:\\\/\\\/i0.wp.com\\\/infos-droitshumains.net\\\/wp-content\\\/uploads\\\/2025\\\/03\\\/Composition2.jpg?fit=1592%2C988&ssl=1\",\"contentUrl\":\"https:\\\/\\\/i0.wp.com\\\/infos-droitshumains.net\\\/wp-content\\\/uploads\\\/2025\\\/03\\\/Composition2.jpg?fit=1592%2C988&ssl=1\",\"width\":1592,\"height\":988},{\"@type\":\"BreadcrumbList\",\"@id\":\"https:\\\/\\\/infos-droitshumains.net\\\/?p=13258#breadcrumb\",\"itemListElement\":[{\"@type\":\"ListItem\",\"position\":1,\"name\":\"Accueil\",\"item\":\"https:\\\/\\\/infos-droitshumains.net\\\/\"},{\"@type\":\"ListItem\",\"position\":2,\"name\":\"Affaire Mwant Jet\u00a0: Confusionnisme ou malignit\u00e9? Voici comment Gueda Yav veut prendre la justice en otage\"}]},{\"@type\":\"WebSite\",\"@id\":\"https:\\\/\\\/infos-droitshumains.net\\\/#website\",\"url\":\"https:\\\/\\\/infos-droitshumains.net\\\/\",\"name\":\"Infos Droits Humains\",\"description\":\"S&#039;informer est un droit\",\"publisher\":{\"@id\":\"https:\\\/\\\/infos-droitshumains.net\\\/#organization\"},\"potentialAction\":[{\"@type\":\"SearchAction\",\"target\":{\"@type\":\"EntryPoint\",\"urlTemplate\":\"https:\\\/\\\/infos-droitshumains.net\\\/?s={search_term_string}\"},\"query-input\":{\"@type\":\"PropertyValueSpecification\",\"valueRequired\":true,\"valueName\":\"search_term_string\"}}],\"inLanguage\":\"fr-FR\"},{\"@type\":\"Organization\",\"@id\":\"https:\\\/\\\/infos-droitshumains.net\\\/#organization\",\"name\":\"Infos Droits Humains\",\"url\":\"https:\\\/\\\/infos-droitshumains.net\\\/\",\"logo\":{\"@type\":\"ImageObject\",\"inLanguage\":\"fr-FR\",\"@id\":\"https:\\\/\\\/infos-droitshumains.net\\\/#\\\/schema\\\/logo\\\/image\\\/\",\"url\":\"https:\\\/\\\/i0.wp.com\\\/infos-droitshumains.net\\\/wp-content\\\/uploads\\\/2022\\\/05\\\/Logo.png?fit=333%2C129&ssl=1\",\"contentUrl\":\"https:\\\/\\\/i0.wp.com\\\/infos-droitshumains.net\\\/wp-content\\\/uploads\\\/2022\\\/05\\\/Logo.png?fit=333%2C129&ssl=1\",\"width\":333,\"height\":129,\"caption\":\"Infos Droits Humains\"},\"image\":{\"@id\":\"https:\\\/\\\/infos-droitshumains.net\\\/#\\\/schema\\\/logo\\\/image\\\/\"}},{\"@type\":\"Person\",\"@id\":\"https:\\\/\\\/infos-droitshumains.net\\\/#\\\/schema\\\/person\\\/3dc5e921c3302172e0ed4362f96faab7\",\"name\":\"Jo\u00ebl Diawa\",\"image\":{\"@type\":\"ImageObject\",\"inLanguage\":\"fr-FR\",\"@id\":\"https:\\\/\\\/secure.gravatar.com\\\/avatar\\\/729bea6ff4604c624417803c477363be8e3c7186deaa65713313f9b4b820f41c?s=96&d=mm&r=g\",\"url\":\"https:\\\/\\\/secure.gravatar.com\\\/avatar\\\/729bea6ff4604c624417803c477363be8e3c7186deaa65713313f9b4b820f41c?s=96&d=mm&r=g\",\"contentUrl\":\"https:\\\/\\\/secure.gravatar.com\\\/avatar\\\/729bea6ff4604c624417803c477363be8e3c7186deaa65713313f9b4b820f41c?s=96&d=mm&r=g\",\"caption\":\"Jo\u00ebl Diawa\"},\"sameAs\":[\"https:\\\/\\\/www.infos-droitshumains.net\"],\"url\":\"https:\\\/\\\/infos-droitshumains.net\\\/?author=2\"}]}<\/script>\n<!-- \/ Yoast SEO plugin. -->","yoast_head_json":{"title":"Affaire Mwant Jet\u00a0: Confusionnisme ou malignit\u00e9? Voici comment Gueda Yav veut prendre la justice en otage - Infos Droits Humains","robots":{"index":"index","follow":"follow","max-snippet":"max-snippet:-1","max-image-preview":"max-image-preview:large","max-video-preview":"max-video-preview:-1"},"canonical":"https:\/\/infos-droitshumains.net\/?p=13258","og_locale":"fr_FR","og_type":"article","og_title":"Affaire Mwant Jet\u00a0: Confusionnisme ou malignit\u00e9? Voici comment Gueda Yav veut prendre la justice en otage - Infos Droits Humains","og_description":"R\u00e9daction : +243 817 406 088 Dans un arr\u00eat rendu le 24 f\u00e9vrier 2025 sous...","og_url":"https:\/\/infos-droitshumains.net\/?p=13258","og_site_name":"Infos Droits Humains","article_published_time":"2025-03-25T23:25:30+00:00","article_modified_time":"2025-03-25T23:39:06+00:00","og_image":[{"width":1592,"height":988,"url":"https:\/\/infos-droitshumains.net\/wp-content\/uploads\/2025\/03\/Composition2.jpg","type":"image\/jpeg"}],"author":"Jo\u00ebl Diawa","twitter_card":"summary_large_image","twitter_misc":{"\u00c9crit par":"Jo\u00ebl Diawa","Dur\u00e9e de lecture estim\u00e9e":"6 minutes"},"schema":{"@context":"https:\/\/schema.org","@graph":[{"@type":"Article","@id":"https:\/\/infos-droitshumains.net\/?p=13258#article","isPartOf":{"@id":"https:\/\/infos-droitshumains.net\/?p=13258"},"author":{"name":"Jo\u00ebl Diawa","@id":"https:\/\/infos-droitshumains.net\/#\/schema\/person\/3dc5e921c3302172e0ed4362f96faab7"},"headline":"Affaire Mwant Jet\u00a0: Confusionnisme ou malignit\u00e9? Voici comment Gueda Yav veut prendre la justice en otage","datePublished":"2025-03-25T23:25:30+00:00","dateModified":"2025-03-25T23:39:06+00:00","mainEntityOfPage":{"@id":"https:\/\/infos-droitshumains.net\/?p=13258"},"wordCount":1384,"commentCount":0,"publisher":{"@id":"https:\/\/infos-droitshumains.net\/#organization"},"image":{"@id":"https:\/\/infos-droitshumains.net\/?p=13258#primaryimage"},"thumbnailUrl":"https:\/\/i0.wp.com\/infos-droitshumains.net\/wp-content\/uploads\/2025\/03\/Composition2.jpg?fit=1592%2C988&ssl=1","articleSection":["Justice"],"inLanguage":"fr-FR","potentialAction":[{"@type":"CommentAction","name":"Comment","target":["https:\/\/infos-droitshumains.net\/?p=13258#respond"]}]},{"@type":"WebPage","@id":"https:\/\/infos-droitshumains.net\/?p=13258","url":"https:\/\/infos-droitshumains.net\/?p=13258","name":"Affaire Mwant Jet\u00a0: Confusionnisme ou malignit\u00e9? Voici comment Gueda Yav veut prendre la justice en otage - Infos Droits Humains","isPartOf":{"@id":"https:\/\/infos-droitshumains.net\/#website"},"primaryImageOfPage":{"@id":"https:\/\/infos-droitshumains.net\/?p=13258#primaryimage"},"image":{"@id":"https:\/\/infos-droitshumains.net\/?p=13258#primaryimage"},"thumbnailUrl":"https:\/\/i0.wp.com\/infos-droitshumains.net\/wp-content\/uploads\/2025\/03\/Composition2.jpg?fit=1592%2C988&ssl=1","datePublished":"2025-03-25T23:25:30+00:00","dateModified":"2025-03-25T23:39:06+00:00","breadcrumb":{"@id":"https:\/\/infos-droitshumains.net\/?p=13258#breadcrumb"},"inLanguage":"fr-FR","potentialAction":[{"@type":"ReadAction","target":["https:\/\/infos-droitshumains.net\/?p=13258"]}]},{"@type":"ImageObject","inLanguage":"fr-FR","@id":"https:\/\/infos-droitshumains.net\/?p=13258#primaryimage","url":"https:\/\/i0.wp.com\/infos-droitshumains.net\/wp-content\/uploads\/2025\/03\/Composition2.jpg?fit=1592%2C988&ssl=1","contentUrl":"https:\/\/i0.wp.com\/infos-droitshumains.net\/wp-content\/uploads\/2025\/03\/Composition2.jpg?fit=1592%2C988&ssl=1","width":1592,"height":988},{"@type":"BreadcrumbList","@id":"https:\/\/infos-droitshumains.net\/?p=13258#breadcrumb","itemListElement":[{"@type":"ListItem","position":1,"name":"Accueil","item":"https:\/\/infos-droitshumains.net\/"},{"@type":"ListItem","position":2,"name":"Affaire Mwant Jet\u00a0: Confusionnisme ou malignit\u00e9? Voici comment Gueda Yav veut prendre la justice en otage"}]},{"@type":"WebSite","@id":"https:\/\/infos-droitshumains.net\/#website","url":"https:\/\/infos-droitshumains.net\/","name":"Infos Droits Humains","description":"S&#039;informer est un droit","publisher":{"@id":"https:\/\/infos-droitshumains.net\/#organization"},"potentialAction":[{"@type":"SearchAction","target":{"@type":"EntryPoint","urlTemplate":"https:\/\/infos-droitshumains.net\/?s={search_term_string}"},"query-input":{"@type":"PropertyValueSpecification","valueRequired":true,"valueName":"search_term_string"}}],"inLanguage":"fr-FR"},{"@type":"Organization","@id":"https:\/\/infos-droitshumains.net\/#organization","name":"Infos Droits Humains","url":"https:\/\/infos-droitshumains.net\/","logo":{"@type":"ImageObject","inLanguage":"fr-FR","@id":"https:\/\/infos-droitshumains.net\/#\/schema\/logo\/image\/","url":"https:\/\/i0.wp.com\/infos-droitshumains.net\/wp-content\/uploads\/2022\/05\/Logo.png?fit=333%2C129&ssl=1","contentUrl":"https:\/\/i0.wp.com\/infos-droitshumains.net\/wp-content\/uploads\/2022\/05\/Logo.png?fit=333%2C129&ssl=1","width":333,"height":129,"caption":"Infos Droits Humains"},"image":{"@id":"https:\/\/infos-droitshumains.net\/#\/schema\/logo\/image\/"}},{"@type":"Person","@id":"https:\/\/infos-droitshumains.net\/#\/schema\/person\/3dc5e921c3302172e0ed4362f96faab7","name":"Jo\u00ebl Diawa","image":{"@type":"ImageObject","inLanguage":"fr-FR","@id":"https:\/\/secure.gravatar.com\/avatar\/729bea6ff4604c624417803c477363be8e3c7186deaa65713313f9b4b820f41c?s=96&d=mm&r=g","url":"https:\/\/secure.gravatar.com\/avatar\/729bea6ff4604c624417803c477363be8e3c7186deaa65713313f9b4b820f41c?s=96&d=mm&r=g","contentUrl":"https:\/\/secure.gravatar.com\/avatar\/729bea6ff4604c624417803c477363be8e3c7186deaa65713313f9b4b820f41c?s=96&d=mm&r=g","caption":"Jo\u00ebl Diawa"},"sameAs":["https:\/\/www.infos-droitshumains.net"],"url":"https:\/\/infos-droitshumains.net\/?author=2"}]}},"featured_image_urls":{"full":["https:\/\/i0.wp.com\/infos-droitshumains.net\/wp-content\/uploads\/2025\/03\/Composition2.jpg?fit=1592%2C988&ssl=1",1592,988,false],"thumbnail":["https:\/\/i0.wp.com\/infos-droitshumains.net\/wp-content\/uploads\/2025\/03\/Composition2.jpg?resize=150%2C150&ssl=1",150,150,true],"medium":["https:\/\/i0.wp.com\/infos-droitshumains.net\/wp-content\/uploads\/2025\/03\/Composition2.jpg?fit=300%2C186&ssl=1",300,186,true],"medium_large":["https:\/\/i0.wp.com\/infos-droitshumains.net\/wp-content\/uploads\/2025\/03\/Composition2.jpg?fit=640%2C398&ssl=1",640,398,true],"large":["https:\/\/i0.wp.com\/infos-droitshumains.net\/wp-content\/uploads\/2025\/03\/Composition2.jpg?fit=640%2C397&ssl=1",640,397,true],"1536x1536":["https:\/\/i0.wp.com\/infos-droitshumains.net\/wp-content\/uploads\/2025\/03\/Composition2.jpg?fit=1536%2C953&ssl=1",1536,953,true],"2048x2048":["https:\/\/i0.wp.com\/infos-droitshumains.net\/wp-content\/uploads\/2025\/03\/Composition2.jpg?fit=1592%2C988&ssl=1",1592,988,true],"covernews-slider-full":["https:\/\/i0.wp.com\/infos-droitshumains.net\/wp-content\/uploads\/2025\/03\/Composition2.jpg?resize=1115%2C715&ssl=1",1115,715,true],"covernews-slider-center":["https:\/\/i0.wp.com\/infos-droitshumains.net\/wp-content\/uploads\/2025\/03\/Composition2.jpg?resize=800%2C500&ssl=1",800,500,true],"covernews-featured":["https:\/\/i0.wp.com\/infos-droitshumains.net\/wp-content\/uploads\/2025\/03\/Composition2.jpg?fit=1024%2C635&ssl=1",1024,635,true],"covernews-medium":["https:\/\/i0.wp.com\/infos-droitshumains.net\/wp-content\/uploads\/2025\/03\/Composition2.jpg?resize=540%2C340&ssl=1",540,340,true],"covernews-medium-square":["https:\/\/i0.wp.com\/infos-droitshumains.net\/wp-content\/uploads\/2025\/03\/Composition2.jpg?resize=400%2C250&ssl=1",400,250,true]},"author_info":{"display_name":"Jo\u00ebl Diawa","author_link":"https:\/\/infos-droitshumains.net\/?author=2"},"category_info":"<a href=\"https:\/\/infos-droitshumains.net\/?cat=6\" rel=\"category\">Justice<\/a>","tag_info":"Justice","comment_count":"0","jetpack_featured_media_url":"https:\/\/i0.wp.com\/infos-droitshumains.net\/wp-content\/uploads\/2025\/03\/Composition2.jpg?fit=1592%2C988&ssl=1","jetpack-related-posts":[],"jetpack_sharing_enabled":true,"_links":{"self":[{"href":"https:\/\/infos-droitshumains.net\/index.php?rest_route=\/wp\/v2\/posts\/13258","targetHints":{"allow":["GET"]}}],"collection":[{"href":"https:\/\/infos-droitshumains.net\/index.php?rest_route=\/wp\/v2\/posts"}],"about":[{"href":"https:\/\/infos-droitshumains.net\/index.php?rest_route=\/wp\/v2\/types\/post"}],"author":[{"embeddable":true,"href":"https:\/\/infos-droitshumains.net\/index.php?rest_route=\/wp\/v2\/users\/2"}],"replies":[{"embeddable":true,"href":"https:\/\/infos-droitshumains.net\/index.php?rest_route=%2Fwp%2Fv2%2Fcomments&post=13258"}],"version-history":[{"count":4,"href":"https:\/\/infos-droitshumains.net\/index.php?rest_route=\/wp\/v2\/posts\/13258\/revisions"}],"predecessor-version":[{"id":13267,"href":"https:\/\/infos-droitshumains.net\/index.php?rest_route=\/wp\/v2\/posts\/13258\/revisions\/13267"}],"wp:featuredmedia":[{"embeddable":true,"href":"https:\/\/infos-droitshumains.net\/index.php?rest_route=\/wp\/v2\/media\/13260"}],"wp:attachment":[{"href":"https:\/\/infos-droitshumains.net\/index.php?rest_route=%2Fwp%2Fv2%2Fmedia&parent=13258"}],"wp:term":[{"taxonomy":"category","embeddable":true,"href":"https:\/\/infos-droitshumains.net\/index.php?rest_route=%2Fwp%2Fv2%2Fcategories&post=13258"},{"taxonomy":"post_tag","embeddable":true,"href":"https:\/\/infos-droitshumains.net\/index.php?rest_route=%2Fwp%2Fv2%2Ftags&post=13258"}],"curies":[{"name":"wp","href":"https:\/\/api.w.org\/{rel}","templated":true}]}}