{"id":13223,"date":"2025-03-22T17:59:26","date_gmt":"2025-03-22T16:59:26","guid":{"rendered":"https:\/\/infos-droitshumains.net\/?p=13223"},"modified":"2025-03-22T19:02:35","modified_gmt":"2025-03-22T18:02:35","slug":"kinshasa-le-president-de-lasbl-telemisa-bumbu-annoncera-son-adhesion-au-cnarc-lors-dun-meeting-populaire-ce-dimanche","status":"publish","type":"post","link":"https:\/\/infos-droitshumains.net\/?p=13223","title":{"rendered":"Kinshasa\u00a0: Le Pr\u00e9sident de l\u2019Asbl Telemisa Bumbu annoncera \u00e0 sa base son adh\u00e9sion au CNARC lors d\u2019un meeting populaire ce dimanche"},"content":{"rendered":"\n<p><strong>R\u00e9daction : +243 817 406 088<\/strong><\/p>\n\n\n\n<h3 class=\"wp-block-heading has-vivid-red-color has-text-color has-link-color wp-elements-7e0a9234451b67ce6ef33977419112ab\">Le Pr\u00e9sident de l\u2019Asbl Telemisa Bumbu sera face \u00e0 sa base ce dimanche 23 mars 2025 pour un m\u00e9ga meeting au cours duquel, il annoncera ses nouvelles couleurs politiques.<\/h3>\n\n\n\n<p>Haut cadre du Congr\u00e8s National Africain pour le R\u00e9veil du Congo, (CNARC), parti cher au D\u00e9put\u00e9 National Aim\u00e9 Pascal Mongo Lokonda et coordonnateur adjoint de la Dynamique des Leaders de Kinshasa, (DLK), Merlin Kamalandua va tenir un meeting populaire ce dimanche 23 mars dans la commune de Bumbu.<\/p>\n\n\n\n<p>Au cours de ce face \u00e0 face avec sa base, il sera question pour Merlin Kamalandua d\u2019annoncer son adh\u00e9sion au sein du Congr\u00e8s National Africain pour le R\u00e9veil du Congo. Cette rencontre s\u2019inscrit \u00e9galement dans le cadre de l\u2019op\u00e9ration \u2018\u2019pas une parcelle sans CNARC\u2019\u2019 lanc\u00e9e par la Dynamique des Leaders de Kinshasa, une structure coordonn\u00e9e par Me. Junior Mosei et qui r\u00e9unit tous les leaders de la ville de Kinshasa visant notamment \u00e0 faire rayonner le CNARC dans la capitale de la R\u00e9publique D\u00e9mocratique du Congo en particulier.<\/p>\n\n\n\n<p>Dans ce cadre, l\u2019asbl Telemisa Bumbu d\u00e9cidera probablement de son adh\u00e9sion au sein de ce parti membre de l\u2019Union Sacr\u00e9e pour accompagner les actions d\u2019Aim\u00e9 Pascal Mongo Lokonda qui lui-m\u00eame, s\u2019investit \u00e0 accompagner la vision du Chef de l\u2019Etat F\u00e9lix-Antoine Tshisekedi Tshilombo.<\/p>\n\n\n\n<p>Cette matin\u00e9e politique sonnera en outre la rentr\u00e9e politique de Merlin Kamalandua qui a \u00e9t\u00e9 massivement \u00e9lu lors des l\u00e9gislatives provinciales de 2023, faute de seuil non atteint par son regroupement, il n\u2019a pas pu \u00eatre proclam\u00e9.<\/p>\n\n\n\n<p>Jo\u00ebl Diawa<\/p>\n","protected":false},"excerpt":{"rendered":"<p>R\u00e9daction : +243 817 406 088 Le Pr\u00e9sident de l\u2019Asbl Telemisa Bumbu sera face \u00e0&#8230;<\/p>\n","protected":false},"author":2,"featured_media":13226,"comment_status":"open","ping_status":"open","sticky":false,"template":"","format":"standard","meta":{"_jetpack_memberships_contains_paid_content":false,"footnotes":""},"categories":[3],"tags":[],"class_list":["post-13223","post","type-post","status-publish","format-standard","has-post-thumbnail","hentry","category-politique"],"yoast_head":"<!-- This site is optimized with the Yoast SEO plugin v27.5 - https:\/\/yoast.com\/product\/yoast-seo-wordpress\/ -->\n<title>Kinshasa\u00a0: Le Pr\u00e9sident de l\u2019Asbl Telemisa Bumbu annoncera \u00e0 sa base son adh\u00e9sion au CNARC lors d\u2019un meeting populaire ce dimanche - Infos Droits Humains<\/title>\n<meta name=\"robots\" content=\"index, follow, max-snippet:-1, max-image-preview:large, max-video-preview:-1\" \/>\n<link rel=\"canonical\" href=\"https:\/\/infos-droitshumains.net\/?p=13223\" \/>\n<meta property=\"og:locale\" content=\"fr_FR\" \/>\n<meta property=\"og:type\" content=\"article\" \/>\n<meta property=\"og:title\" content=\"Kinshasa\u00a0: Le Pr\u00e9sident de l\u2019Asbl Telemisa Bumbu annoncera \u00e0 sa base son adh\u00e9sion au CNARC lors d\u2019un meeting populaire ce dimanche - Infos Droits Humains\" \/>\n<meta property=\"og:description\" content=\"R\u00e9daction : +243 817 406 088 Le Pr\u00e9sident de l\u2019Asbl Telemisa Bumbu sera face \u00e0...\" \/>\n<meta property=\"og:url\" content=\"https:\/\/infos-droitshumains.net\/?p=13223\" \/>\n<meta property=\"og:site_name\" content=\"Infos Droits Humains\" \/>\n<meta property=\"article:published_time\" content=\"2025-03-22T16:59:26+00:00\" \/>\n<meta property=\"article:modified_time\" content=\"2025-03-22T18:02:35+00:00\" \/>\n<meta property=\"og:image\" content=\"https:\/\/infos-droitshumains.net\/wp-content\/uploads\/2025\/03\/BUMBU-2.jpg\" \/>\n\t<meta property=\"og:image:width\" content=\"1112\" \/>\n\t<meta property=\"og:image:height\" content=\"1108\" \/>\n\t<meta property=\"og:image:type\" content=\"image\/jpeg\" \/>\n<meta name=\"author\" content=\"Jo\u00ebl Diawa\" \/>\n<meta name=\"twitter:card\" content=\"summary_large_image\" \/>\n<meta name=\"twitter:label1\" content=\"\u00c9crit par\" \/>\n\t<meta name=\"twitter:data1\" content=\"Jo\u00ebl Diawa\" \/>\n\t<meta name=\"twitter:label2\" content=\"Dur\u00e9e de lecture estim\u00e9e\" \/>\n\t<meta name=\"twitter:data2\" content=\"2 minutes\" \/>\n<script type=\"application\/ld+json\" class=\"yoast-schema-graph\">{\"@context\":\"https:\\\/\\\/schema.org\",\"@graph\":[{\"@type\":\"Article\",\"@id\":\"https:\\\/\\\/infos-droitshumains.net\\\/?p=13223#article\",\"isPartOf\":{\"@id\":\"https:\\\/\\\/infos-droitshumains.net\\\/?p=13223\"},\"author\":{\"name\":\"Jo\u00ebl Diawa\",\"@id\":\"https:\\\/\\\/infos-droitshumains.net\\\/#\\\/schema\\\/person\\\/3dc5e921c3302172e0ed4362f96faab7\"},\"headline\":\"Kinshasa\u00a0: Le Pr\u00e9sident de l\u2019Asbl Telemisa Bumbu annoncera \u00e0 sa base son adh\u00e9sion au CNARC lors d\u2019un meeting populaire ce dimanche\",\"datePublished\":\"2025-03-22T16:59:26+00:00\",\"dateModified\":\"2025-03-22T18:02:35+00:00\",\"mainEntityOfPage\":{\"@id\":\"https:\\\/\\\/infos-droitshumains.net\\\/?p=13223\"},\"wordCount\":297,\"commentCount\":0,\"publisher\":{\"@id\":\"https:\\\/\\\/infos-droitshumains.net\\\/#organization\"},\"image\":{\"@id\":\"https:\\\/\\\/infos-droitshumains.net\\\/?p=13223#primaryimage\"},\"thumbnailUrl\":\"https:\\\/\\\/i0.wp.com\\\/infos-droitshumains.net\\\/wp-content\\\/uploads\\\/2025\\\/03\\\/BUMBU-2.jpg?fit=1112%2C1108&ssl=1\",\"articleSection\":[\"Politique\"],\"inLanguage\":\"fr-FR\",\"potentialAction\":[{\"@type\":\"CommentAction\",\"name\":\"Comment\",\"target\":[\"https:\\\/\\\/infos-droitshumains.net\\\/?p=13223#respond\"]}]},{\"@type\":\"WebPage\",\"@id\":\"https:\\\/\\\/infos-droitshumains.net\\\/?p=13223\",\"url\":\"https:\\\/\\\/infos-droitshumains.net\\\/?p=13223\",\"name\":\"Kinshasa\u00a0: Le Pr\u00e9sident de l\u2019Asbl Telemisa Bumbu annoncera \u00e0 sa base son adh\u00e9sion au CNARC lors d\u2019un meeting populaire ce dimanche - Infos Droits Humains\",\"isPartOf\":{\"@id\":\"https:\\\/\\\/infos-droitshumains.net\\\/#website\"},\"primaryImageOfPage\":{\"@id\":\"https:\\\/\\\/infos-droitshumains.net\\\/?p=13223#primaryimage\"},\"image\":{\"@id\":\"https:\\\/\\\/infos-droitshumains.net\\\/?p=13223#primaryimage\"},\"thumbnailUrl\":\"https:\\\/\\\/i0.wp.com\\\/infos-droitshumains.net\\\/wp-content\\\/uploads\\\/2025\\\/03\\\/BUMBU-2.jpg?fit=1112%2C1108&ssl=1\",\"datePublished\":\"2025-03-22T16:59:26+00:00\",\"dateModified\":\"2025-03-22T18:02:35+00:00\",\"breadcrumb\":{\"@id\":\"https:\\\/\\\/infos-droitshumains.net\\\/?p=13223#breadcrumb\"},\"inLanguage\":\"fr-FR\",\"potentialAction\":[{\"@type\":\"ReadAction\",\"target\":[\"https:\\\/\\\/infos-droitshumains.net\\\/?p=13223\"]}]},{\"@type\":\"ImageObject\",\"inLanguage\":\"fr-FR\",\"@id\":\"https:\\\/\\\/infos-droitshumains.net\\\/?p=13223#primaryimage\",\"url\":\"https:\\\/\\\/i0.wp.com\\\/infos-droitshumains.net\\\/wp-content\\\/uploads\\\/2025\\\/03\\\/BUMBU-2.jpg?fit=1112%2C1108&ssl=1\",\"contentUrl\":\"https:\\\/\\\/i0.wp.com\\\/infos-droitshumains.net\\\/wp-content\\\/uploads\\\/2025\\\/03\\\/BUMBU-2.jpg?fit=1112%2C1108&ssl=1\",\"width\":1112,\"height\":1108},{\"@type\":\"BreadcrumbList\",\"@id\":\"https:\\\/\\\/infos-droitshumains.net\\\/?p=13223#breadcrumb\",\"itemListElement\":[{\"@type\":\"ListItem\",\"position\":1,\"name\":\"Accueil\",\"item\":\"https:\\\/\\\/infos-droitshumains.net\\\/\"},{\"@type\":\"ListItem\",\"position\":2,\"name\":\"Kinshasa\u00a0: Le Pr\u00e9sident de l\u2019Asbl Telemisa Bumbu annoncera \u00e0 sa base son adh\u00e9sion au CNARC lors d\u2019un meeting populaire ce dimanche\"}]},{\"@type\":\"WebSite\",\"@id\":\"https:\\\/\\\/infos-droitshumains.net\\\/#website\",\"url\":\"https:\\\/\\\/infos-droitshumains.net\\\/\",\"name\":\"Infos Droits Humains\",\"description\":\"S&#039;informer est un droit\",\"publisher\":{\"@id\":\"https:\\\/\\\/infos-droitshumains.net\\\/#organization\"},\"potentialAction\":[{\"@type\":\"SearchAction\",\"target\":{\"@type\":\"EntryPoint\",\"urlTemplate\":\"https:\\\/\\\/infos-droitshumains.net\\\/?s={search_term_string}\"},\"query-input\":{\"@type\":\"PropertyValueSpecification\",\"valueRequired\":true,\"valueName\":\"search_term_string\"}}],\"inLanguage\":\"fr-FR\"},{\"@type\":\"Organization\",\"@id\":\"https:\\\/\\\/infos-droitshumains.net\\\/#organization\",\"name\":\"Infos Droits Humains\",\"url\":\"https:\\\/\\\/infos-droitshumains.net\\\/\",\"logo\":{\"@type\":\"ImageObject\",\"inLanguage\":\"fr-FR\",\"@id\":\"https:\\\/\\\/infos-droitshumains.net\\\/#\\\/schema\\\/logo\\\/image\\\/\",\"url\":\"https:\\\/\\\/i0.wp.com\\\/infos-droitshumains.net\\\/wp-content\\\/uploads\\\/2022\\\/05\\\/Logo.png?fit=333%2C129&ssl=1\",\"contentUrl\":\"https:\\\/\\\/i0.wp.com\\\/infos-droitshumains.net\\\/wp-content\\\/uploads\\\/2022\\\/05\\\/Logo.png?fit=333%2C129&ssl=1\",\"width\":333,\"height\":129,\"caption\":\"Infos Droits Humains\"},\"image\":{\"@id\":\"https:\\\/\\\/infos-droitshumains.net\\\/#\\\/schema\\\/logo\\\/image\\\/\"}},{\"@type\":\"Person\",\"@id\":\"https:\\\/\\\/infos-droitshumains.net\\\/#\\\/schema\\\/person\\\/3dc5e921c3302172e0ed4362f96faab7\",\"name\":\"Jo\u00ebl Diawa\",\"image\":{\"@type\":\"ImageObject\",\"inLanguage\":\"fr-FR\",\"@id\":\"https:\\\/\\\/secure.gravatar.com\\\/avatar\\\/729bea6ff4604c624417803c477363be8e3c7186deaa65713313f9b4b820f41c?s=96&d=mm&r=g\",\"url\":\"https:\\\/\\\/secure.gravatar.com\\\/avatar\\\/729bea6ff4604c624417803c477363be8e3c7186deaa65713313f9b4b820f41c?s=96&d=mm&r=g\",\"contentUrl\":\"https:\\\/\\\/secure.gravatar.com\\\/avatar\\\/729bea6ff4604c624417803c477363be8e3c7186deaa65713313f9b4b820f41c?s=96&d=mm&r=g\",\"caption\":\"Jo\u00ebl Diawa\"},\"sameAs\":[\"https:\\\/\\\/www.infos-droitshumains.net\"],\"url\":\"https:\\\/\\\/infos-droitshumains.net\\\/?author=2\"}]}<\/script>\n<!-- \/ Yoast SEO plugin. -->","yoast_head_json":{"title":"Kinshasa\u00a0: Le Pr\u00e9sident de l\u2019Asbl Telemisa Bumbu annoncera \u00e0 sa base son adh\u00e9sion au CNARC lors d\u2019un meeting populaire ce dimanche - Infos Droits Humains","robots":{"index":"index","follow":"follow","max-snippet":"max-snippet:-1","max-image-preview":"max-image-preview:large","max-video-preview":"max-video-preview:-1"},"canonical":"https:\/\/infos-droitshumains.net\/?p=13223","og_locale":"fr_FR","og_type":"article","og_title":"Kinshasa\u00a0: Le Pr\u00e9sident de l\u2019Asbl Telemisa Bumbu annoncera \u00e0 sa base son adh\u00e9sion au CNARC lors d\u2019un meeting populaire ce dimanche - Infos Droits Humains","og_description":"R\u00e9daction : +243 817 406 088 Le Pr\u00e9sident de l\u2019Asbl Telemisa Bumbu sera face \u00e0...","og_url":"https:\/\/infos-droitshumains.net\/?p=13223","og_site_name":"Infos Droits Humains","article_published_time":"2025-03-22T16:59:26+00:00","article_modified_time":"2025-03-22T18:02:35+00:00","og_image":[{"width":1112,"height":1108,"url":"https:\/\/infos-droitshumains.net\/wp-content\/uploads\/2025\/03\/BUMBU-2.jpg","type":"image\/jpeg"}],"author":"Jo\u00ebl Diawa","twitter_card":"summary_large_image","twitter_misc":{"\u00c9crit par":"Jo\u00ebl Diawa","Dur\u00e9e de lecture estim\u00e9e":"2 minutes"},"schema":{"@context":"https:\/\/schema.org","@graph":[{"@type":"Article","@id":"https:\/\/infos-droitshumains.net\/?p=13223#article","isPartOf":{"@id":"https:\/\/infos-droitshumains.net\/?p=13223"},"author":{"name":"Jo\u00ebl Diawa","@id":"https:\/\/infos-droitshumains.net\/#\/schema\/person\/3dc5e921c3302172e0ed4362f96faab7"},"headline":"Kinshasa\u00a0: Le Pr\u00e9sident de l\u2019Asbl Telemisa Bumbu annoncera \u00e0 sa base son adh\u00e9sion au CNARC lors d\u2019un meeting populaire ce dimanche","datePublished":"2025-03-22T16:59:26+00:00","dateModified":"2025-03-22T18:02:35+00:00","mainEntityOfPage":{"@id":"https:\/\/infos-droitshumains.net\/?p=13223"},"wordCount":297,"commentCount":0,"publisher":{"@id":"https:\/\/infos-droitshumains.net\/#organization"},"image":{"@id":"https:\/\/infos-droitshumains.net\/?p=13223#primaryimage"},"thumbnailUrl":"https:\/\/i0.wp.com\/infos-droitshumains.net\/wp-content\/uploads\/2025\/03\/BUMBU-2.jpg?fit=1112%2C1108&ssl=1","articleSection":["Politique"],"inLanguage":"fr-FR","potentialAction":[{"@type":"CommentAction","name":"Comment","target":["https:\/\/infos-droitshumains.net\/?p=13223#respond"]}]},{"@type":"WebPage","@id":"https:\/\/infos-droitshumains.net\/?p=13223","url":"https:\/\/infos-droitshumains.net\/?p=13223","name":"Kinshasa\u00a0: Le Pr\u00e9sident de l\u2019Asbl Telemisa Bumbu annoncera \u00e0 sa base son adh\u00e9sion au CNARC lors d\u2019un meeting populaire ce dimanche - Infos Droits Humains","isPartOf":{"@id":"https:\/\/infos-droitshumains.net\/#website"},"primaryImageOfPage":{"@id":"https:\/\/infos-droitshumains.net\/?p=13223#primaryimage"},"image":{"@id":"https:\/\/infos-droitshumains.net\/?p=13223#primaryimage"},"thumbnailUrl":"https:\/\/i0.wp.com\/infos-droitshumains.net\/wp-content\/uploads\/2025\/03\/BUMBU-2.jpg?fit=1112%2C1108&ssl=1","datePublished":"2025-03-22T16:59:26+00:00","dateModified":"2025-03-22T18:02:35+00:00","breadcrumb":{"@id":"https:\/\/infos-droitshumains.net\/?p=13223#breadcrumb"},"inLanguage":"fr-FR","potentialAction":[{"@type":"ReadAction","target":["https:\/\/infos-droitshumains.net\/?p=13223"]}]},{"@type":"ImageObject","inLanguage":"fr-FR","@id":"https:\/\/infos-droitshumains.net\/?p=13223#primaryimage","url":"https:\/\/i0.wp.com\/infos-droitshumains.net\/wp-content\/uploads\/2025\/03\/BUMBU-2.jpg?fit=1112%2C1108&ssl=1","contentUrl":"https:\/\/i0.wp.com\/infos-droitshumains.net\/wp-content\/uploads\/2025\/03\/BUMBU-2.jpg?fit=1112%2C1108&ssl=1","width":1112,"height":1108},{"@type":"BreadcrumbList","@id":"https:\/\/infos-droitshumains.net\/?p=13223#breadcrumb","itemListElement":[{"@type":"ListItem","position":1,"name":"Accueil","item":"https:\/\/infos-droitshumains.net\/"},{"@type":"ListItem","position":2,"name":"Kinshasa\u00a0: Le Pr\u00e9sident de l\u2019Asbl Telemisa Bumbu annoncera \u00e0 sa base son adh\u00e9sion au CNARC lors d\u2019un meeting populaire ce dimanche"}]},{"@type":"WebSite","@id":"https:\/\/infos-droitshumains.net\/#website","url":"https:\/\/infos-droitshumains.net\/","name":"Infos Droits Humains","description":"S&#039;informer est un droit","publisher":{"@id":"https:\/\/infos-droitshumains.net\/#organization"},"potentialAction":[{"@type":"SearchAction","target":{"@type":"EntryPoint","urlTemplate":"https:\/\/infos-droitshumains.net\/?s={search_term_string}"},"query-input":{"@type":"PropertyValueSpecification","valueRequired":true,"valueName":"search_term_string"}}],"inLanguage":"fr-FR"},{"@type":"Organization","@id":"https:\/\/infos-droitshumains.net\/#organization","name":"Infos Droits Humains","url":"https:\/\/infos-droitshumains.net\/","logo":{"@type":"ImageObject","inLanguage":"fr-FR","@id":"https:\/\/infos-droitshumains.net\/#\/schema\/logo\/image\/","url":"https:\/\/i0.wp.com\/infos-droitshumains.net\/wp-content\/uploads\/2022\/05\/Logo.png?fit=333%2C129&ssl=1","contentUrl":"https:\/\/i0.wp.com\/infos-droitshumains.net\/wp-content\/uploads\/2022\/05\/Logo.png?fit=333%2C129&ssl=1","width":333,"height":129,"caption":"Infos Droits Humains"},"image":{"@id":"https:\/\/infos-droitshumains.net\/#\/schema\/logo\/image\/"}},{"@type":"Person","@id":"https:\/\/infos-droitshumains.net\/#\/schema\/person\/3dc5e921c3302172e0ed4362f96faab7","name":"Jo\u00ebl Diawa","image":{"@type":"ImageObject","inLanguage":"fr-FR","@id":"https:\/\/secure.gravatar.com\/avatar\/729bea6ff4604c624417803c477363be8e3c7186deaa65713313f9b4b820f41c?s=96&d=mm&r=g","url":"https:\/\/secure.gravatar.com\/avatar\/729bea6ff4604c624417803c477363be8e3c7186deaa65713313f9b4b820f41c?s=96&d=mm&r=g","contentUrl":"https:\/\/secure.gravatar.com\/avatar\/729bea6ff4604c624417803c477363be8e3c7186deaa65713313f9b4b820f41c?s=96&d=mm&r=g","caption":"Jo\u00ebl Diawa"},"sameAs":["https:\/\/www.infos-droitshumains.net"],"url":"https:\/\/infos-droitshumains.net\/?author=2"}]}},"featured_image_urls":{"full":["https:\/\/i0.wp.com\/infos-droitshumains.net\/wp-content\/uploads\/2025\/03\/BUMBU-2.jpg?fit=1112%2C1108&ssl=1",1112,1108,false],"thumbnail":["https:\/\/i0.wp.com\/infos-droitshumains.net\/wp-content\/uploads\/2025\/03\/BUMBU-2.jpg?resize=150%2C150&ssl=1",150,150,true],"medium":["https:\/\/i0.wp.com\/infos-droitshumains.net\/wp-content\/uploads\/2025\/03\/BUMBU-2.jpg?fit=300%2C300&ssl=1",300,300,true],"medium_large":["https:\/\/i0.wp.com\/infos-droitshumains.net\/wp-content\/uploads\/2025\/03\/BUMBU-2.jpg?fit=640%2C638&ssl=1",640,638,true],"large":["https:\/\/i0.wp.com\/infos-droitshumains.net\/wp-content\/uploads\/2025\/03\/BUMBU-2.jpg?fit=640%2C638&ssl=1",640,638,true],"1536x1536":["https:\/\/i0.wp.com\/infos-droitshumains.net\/wp-content\/uploads\/2025\/03\/BUMBU-2.jpg?fit=1112%2C1108&ssl=1",1112,1108,true],"2048x2048":["https:\/\/i0.wp.com\/infos-droitshumains.net\/wp-content\/uploads\/2025\/03\/BUMBU-2.jpg?fit=1112%2C1108&ssl=1",1112,1108,true],"covernews-slider-full":["https:\/\/i0.wp.com\/infos-droitshumains.net\/wp-content\/uploads\/2025\/03\/BUMBU-2.jpg?resize=1112%2C715&ssl=1",1112,715,true],"covernews-slider-center":["https:\/\/i0.wp.com\/infos-droitshumains.net\/wp-content\/uploads\/2025\/03\/BUMBU-2.jpg?resize=800%2C500&ssl=1",800,500,true],"covernews-featured":["https:\/\/i0.wp.com\/infos-droitshumains.net\/wp-content\/uploads\/2025\/03\/BUMBU-2.jpg?fit=1024%2C1020&ssl=1",1024,1020,true],"covernews-medium":["https:\/\/i0.wp.com\/infos-droitshumains.net\/wp-content\/uploads\/2025\/03\/BUMBU-2.jpg?resize=540%2C340&ssl=1",540,340,true],"covernews-medium-square":["https:\/\/i0.wp.com\/infos-droitshumains.net\/wp-content\/uploads\/2025\/03\/BUMBU-2.jpg?resize=400%2C250&ssl=1",400,250,true]},"author_info":{"display_name":"Jo\u00ebl Diawa","author_link":"https:\/\/infos-droitshumains.net\/?author=2"},"category_info":"<a href=\"https:\/\/infos-droitshumains.net\/?cat=3\" rel=\"category\">Politique<\/a>","tag_info":"Politique","comment_count":"0","jetpack_featured_media_url":"https:\/\/i0.wp.com\/infos-droitshumains.net\/wp-content\/uploads\/2025\/03\/BUMBU-2.jpg?fit=1112%2C1108&ssl=1","jetpack-related-posts":[],"jetpack_sharing_enabled":true,"_links":{"self":[{"href":"https:\/\/infos-droitshumains.net\/index.php?rest_route=\/wp\/v2\/posts\/13223","targetHints":{"allow":["GET"]}}],"collection":[{"href":"https:\/\/infos-droitshumains.net\/index.php?rest_route=\/wp\/v2\/posts"}],"about":[{"href":"https:\/\/infos-droitshumains.net\/index.php?rest_route=\/wp\/v2\/types\/post"}],"author":[{"embeddable":true,"href":"https:\/\/infos-droitshumains.net\/index.php?rest_route=\/wp\/v2\/users\/2"}],"replies":[{"embeddable":true,"href":"https:\/\/infos-droitshumains.net\/index.php?rest_route=%2Fwp%2Fv2%2Fcomments&post=13223"}],"version-history":[{"count":5,"href":"https:\/\/infos-droitshumains.net\/index.php?rest_route=\/wp\/v2\/posts\/13223\/revisions"}],"predecessor-version":[{"id":13230,"href":"https:\/\/infos-droitshumains.net\/index.php?rest_route=\/wp\/v2\/posts\/13223\/revisions\/13230"}],"wp:featuredmedia":[{"embeddable":true,"href":"https:\/\/infos-droitshumains.net\/index.php?rest_route=\/wp\/v2\/media\/13226"}],"wp:attachment":[{"href":"https:\/\/infos-droitshumains.net\/index.php?rest_route=%2Fwp%2Fv2%2Fmedia&parent=13223"}],"wp:term":[{"taxonomy":"category","embeddable":true,"href":"https:\/\/infos-droitshumains.net\/index.php?rest_route=%2Fwp%2Fv2%2Fcategories&post=13223"},{"taxonomy":"post_tag","embeddable":true,"href":"https:\/\/infos-droitshumains.net\/index.php?rest_route=%2Fwp%2Fv2%2Ftags&post=13223"}],"curies":[{"name":"wp","href":"https:\/\/api.w.org\/{rel}","templated":true}]}}