{"id":12921,"date":"2025-03-04T23:38:10","date_gmt":"2025-03-04T22:38:10","guid":{"rendered":"https:\/\/infos-droitshumains.net\/?p=12921"},"modified":"2025-03-05T09:46:01","modified_gmt":"2025-03-05T08:46:01","slug":"rdc-jusqua-quand-la-cour-dappel-de-kinshasa-matete-va-t-elle-travailler-pour-la-disparition-de-la-societe-mwant-jet-sarl","status":"publish","type":"post","link":"https:\/\/infos-droitshumains.net\/?p=12921","title":{"rendered":"RDC\u00a0: Jusqu\u2019\u00e0 quand la Cour d\u2019Appel de Kinshasa\/Matete va-t-elle travailler pour la disparition de la Soci\u00e9t\u00e9 MWANT JET Sarl\u00a0?"},"content":{"rendered":"\n<p><strong>R\u00e9daction: +243 817 406 088<\/strong><\/p>\n\n\n\n<h3 class=\"wp-block-heading has-vivid-red-color has-text-color has-link-color wp-elements-51443633eaa88d27fedcf2501166d6d8\">Le feuilleton Mwant Jet devant la Cour d\u2019Appel de Kinshasa\/Matete est loin d\u2019arriver \u00e0 son terme. Ladite Cour a rendu un arr\u00eat dans le dossier sous RCEA 327\/OPP 277 en date du 24 f\u00e9vrier dernier. A lire cette d\u00e9cision, on croirait que ladite Cour serait inf\u00e9od\u00e9e.<\/h3>\n\n\n\n<p class=\"has-vivid-red-color has-text-color has-link-color wp-elements-d206b243b4ef0738061f89745ea6fecf\"><strong><em>Rappel des faits<\/em><\/strong><\/p>\n\n\n\n<p>La Cour d\u2019Appel de Kinshasa\/Matete avait en date du 15 novembre 2024, rendu un arr\u00eat sous RCEA 277 par lequel elle avait rejet\u00e9 la tierce opposition form\u00e9e par six travailleurs de la Soci\u00e9t\u00e9 Mwant Jet Sarl confirmant ainsi son arr\u00eat RCEA 264. Jean-Pierre PFINGU (Administrateur Provisoire de Mwant Jet) avait form\u00e9 opposition contre ledit arr\u00eat.<\/p>\n\n\n\n<p>Dans l\u2019entre-temps, il est tomb\u00e9 malade et a \u00e9t\u00e9 \u00e9vacu\u00e9 \u00e0 l\u2019\u00e9tranger pour des soins appropri\u00e9s. A la suite du diagnostic de ses m\u00e9decins \u00e0 l\u2019\u00e9tranger, il a rendu sa d\u00e9mission en date du 03 f\u00e9vrier 2025 \u00e9tant donn\u00e9 qu\u2019il ne pourra pas rentrer avant le mois de juillet 2025.<\/p>\n\n\n\n<p>A l\u2019audience du 06 f\u00e9vrier 2025 \u00e0 laquelle ladite cause a \u00e9t\u00e9 prise en d\u00e9lib\u00e9r\u00e9, les avocats de Monsieur PFINGU on produit au d\u00e9bat la preuve de la d\u00e9mission et ont demand\u00e9 de constater que cette d\u00e9mission entrainait son d\u00e9sistement de l\u2019instance sous RCEA 327\/OPP 277 \u00e9tant donn\u00e9 que c\u2019est en qualit\u00e9 d\u2019Administrateur Provisoire qu\u2019il avait form\u00e9 opposition.<\/p>\n\n\n\n<p>Les parties n\u2019ont pas plaid\u00e9 au fond et ne se sont limit\u00e9s qu\u2019autour du d\u00e9sistement, sans aborder le fond, ainsi qu\u2019en t\u00e9moigne le Proc\u00e8s-Verbal d\u2019audience du 06 f\u00e9vrier 2025 dont une copie est parvenue \u00e0 notre r\u00e9daction.<\/p>\n\n\n\n<p class=\"has-vivid-red-color has-text-color has-link-color wp-elements-b1cb996009bcbbc60113c0b352d6d0dc\"><strong><em>La d\u00e9cision intervenue<\/em><\/strong><\/p>\n\n\n\n<p>La cour a rendu son arr\u00eat dont le dispositif est ainsi libell\u00e9&nbsp;:<\/p>\n\n\n\n<p><em>\u00ab La<\/em><em> Cour d\u2019Appel, statuant publiquement et contradictoirement \u00e0 l\u2019\u00e9gard de toutes les parties&nbsp;;<\/em><\/p>\n\n\n\n<p><em>&nbsp; Le Minist\u00e8re Public entendu&nbsp;;<\/em><\/p>\n\n\n\n<p><em>Dit recevable main non-fond\u00e9e l\u2019action en opposition form\u00e9e par sieur PFINGU NSUAMI Jean-Pierre, faute d\u2019int\u00e9r\u00eat&nbsp;;<\/em><\/p>\n\n\n\n<p><em>Dit par contre recevable et partiellement fond\u00e9e les moyens de la dame Gueda YAV WICHT&nbsp;&nbsp;&nbsp; AMANI, d\u00e9fendeur en opposition&nbsp;;<\/em><\/p>\n\n\n\n<p><em>Prend acte du d\u00e9sistement de l\u2019opposant de sa qualit\u00e9 de g\u00e9rant statutaire&nbsp;;<\/em><\/p>\n\n\n\n<p><em>Enjoint \u00e0 l\u2019actionnaire majoritaire Gueda YAV de convoquer l\u2019Assembl\u00e9e G\u00e9n\u00e9rale conform\u00e9ment aux dispositions l\u00e9gales \u00e9voqu\u00e9es en vue de suppl\u00e9er \u00e0 cette carence&nbsp;;<\/em><\/p>\n\n\n\n<p><em>Met les frais de l\u2019instance \u00e0 raison de 1\/10 \u00e0 charge de dame Gueda YAV et d\u00e9laisse les 9\/10 \u00e0 charge de l\u2019opposant PFINGU NSUAMI Jean-Pierre.<\/em>&nbsp;\u00bb<\/p>\n\n\n\n<p>A la lecture de cet arr\u00eat, la r\u00e9daction du Journal T\u00e9l\u00e9vis\u00e9 des Droits Humains a pu d\u00e9celer plusieurs irr\u00e9gularit\u00e9s frisant une collision entre la Cour d\u2019Appel de Kinshasa\/Matete et la partie Gueda YAV WICHT AMANI&nbsp;:<\/p>\n\n\n\n<p class=\"has-vivid-red-color has-text-color has-link-color wp-elements-5f04051d88fad11beaee3bf42eecfd8f\"><strong><em>L\u2019examen du fond de l\u2019opposition en d\u00e9pit du d\u00e9sistement<\/em><\/strong><\/p>\n\n\n\n<p>Il ressort du premier point du dispositif de l\u2019arr\u00eat RCEA 327 que la Cour <em>\u00ab&nbsp;dit recevable mais non fond\u00e9e l\u2019action en opposition form\u00e9e par sieur PFINGU NSUAMI Jean-Pierre, <strong>faute d\u2019int\u00e9r\u00eat<\/strong><\/em><strong>&nbsp;\u00bb <\/strong>au m\u00eame moment au troisi\u00e8me point dit prendre acte du d\u00e9sistement de l\u2019opposant.<\/p>\n\n\n\n<p>Il se pose deux questions de logique judiciaire. Comment le juge peut-il retenir le non-fondement de l\u2019action pour faute d\u2019int\u00e9r\u00eat quand l\u2019on sait que la question du d\u00e9faut d\u2019int\u00e9r\u00eat est li\u00e9e \u00e0 la recevabilit\u00e9 et non pas au fond&nbsp;?<\/p>\n\n\n\n<p>En outre, comment le juge peut au m\u00eame moment prendre acte du d\u00e9sistement d\u2019une action et statuer au m\u00eame moment sur son fondement&nbsp;?<\/p>\n\n\n\n<p class=\"has-vivid-red-color has-text-color has-link-color wp-elements-41d74fb0f5f98953aa8f4a0da630ca1f\"><strong><em>La Cour s\u2019est prononc\u00e9e sur des demandes non-formul\u00e9es et non d\u00e9battues \u00e0 l\u2019audience<\/em><\/strong><\/p>\n\n\n\n<p>L\u2019Arr\u00eat incrimin\u00e9 contient des demandes pr\u00e9tendument formul\u00e9es par Madame Gueda YAV alors qu\u2019elles n\u2019ont pas fait l\u2019objet des d\u00e9bats \u00e0 l\u2019audience comme l\u2019atteste le proc\u00e8s-verbal de l\u2019audience du 06 f\u00e9vrier 2025 \u00e0 laquelle ladite affaire a \u00e9t\u00e9 plaid\u00e9e et prise en d\u00e9lib\u00e9r\u00e9.<\/p>\n\n\n\n<p>La Cour s\u2019est ainsi prononc\u00e9e sur des demandes connues d\u2019elle et de la partie Gueda YAV seulement et m\u00e9connues de toutes les autres parties, en violation flagrantes du principe contradictoire, confirmant ainsi un lien suspect qui y aurait toujours exist\u00e9 entre la Cour d\u2019Appel de Kinshasa\/Matete et la partie Gueda YAV.<\/p>\n\n\n\n<p class=\"has-vivid-red-color has-text-color has-link-color wp-elements-ed5c2940c12da5baeeb93d20d55de3c4\"><strong><em>Le dispositif de l\u2019arr\u00eat viole l\u2019article 337 alin\u00e9as 1 et 2 de l\u2019AUSCGIE<\/em><\/strong><\/p>\n\n\n\n<p>Le 4<sup>\u00e8me<\/sup> point du dispositif de l\u2019arr\u00eat RCEA 327 viole ostensiblement les dispositions de l\u2019article 337 alin\u00e9as 1 et 2 de l\u2019Acte Uniforme sur les Soci\u00e9t\u00e9s Commerciales et le Groupement d\u2019 Int\u00e9r\u00eat Economique.<\/p>\n\n\n\n<p>En effet, ledit point du dispositif enjoint \u00e0 l\u2019actionnaire majoritaire Gueda YAV de convoquer l\u2019assembl\u00e9e g\u00e9n\u00e9rale <strong>conform\u00e9ment aux dispositions l\u00e9gales \u00e9voqu\u00e9es<\/strong> en vue de suppl\u00e9er \u00e0 cette carence. Il ressort de la motivation de l\u2019arr\u00eat que les dispositions l\u00e9gales \u00e9voqu\u00e9es sont les alin\u00e9as 1 et 2 de l\u2019article 337 de l\u2019AUSCGIE.<\/p>\n\n\n\n<p>Cette formulation viole les dispositions de l\u2019article 337 alin\u00e9as 1 et 2 de l\u2019AUSCGIE en ce qu\u2019elles disposent&nbsp;:<\/p>\n\n\n\n<p><strong>Alin\u00e9a 1&nbsp;:<\/strong> Les Associ\u00e9s sont convoqu\u00e9s aux assembl\u00e9es par le g\u00e9rant. Un ou plusieurs associ\u00e9s d\u00e9tenant la moiti\u00e9 des parts sociales ou d\u00e9tenant, s\u2019ils repr\u00e9sentent au moins le quart des associ\u00e9s, le quart des parts sociales, <strong>peuvent exiger<\/strong> la r\u00e9union d\u2019une assembl\u00e9e.<\/p>\n\n\n\n<p><strong>Alin\u00e9a 2&nbsp;:<\/strong> En outre, tout associ\u00e9 peut demander en justice la d\u00e9signation d\u2019un mandataire ad hoc charg\u00e9 de convoquer l\u2019assembl\u00e9e et de fixer son ordre du jour.<\/p>\n\n\n\n<p>Il s\u2019en suit, qu\u2019aucun des alin\u00e9as de l\u2019article 337 de l\u2019AUSCGIE auxquels la Cour a eu recours pour enjoindre \u00e0 Gueda YAV de convoquer l\u2019Assembl\u00e9e G\u00e9n\u00e9rale, ne reconnait \u00e0 un Associ\u00e9 d\u2019une SARL e\u00fbt-il majoritaire, le pouvoir de convoquer une Assembl\u00e9e G\u00e9n\u00e9rale. Un ou plusieurs Associ\u00e9s peuvent exiger la r\u00e9union d\u2019une assembl\u00e9e mais pas la convoquer.<\/p>\n\n\n\n<p>L\u2019on peut d\u00e8s lors se demander dans quel int\u00e9r\u00eat la Cour a viol\u00e9 intentionnellement les dispositions de la loi dans le seul but de procurer un quelconque avantage \u00e0 Madame Gueda YAV&nbsp;?<\/p>\n\n\n\n<p>Contact\u00e9, les avocats de Michael Yav ont fait savoir \u00e0 notre r\u00e9daction que dans cette affaire, \u00ab&nbsp;plus rien ne peut les surprendre de la part de la Cour d\u2019Appel de Kinshasa\/Matete qui, \u00e0 plusieurs reprises a rendu des d\u00e9cisions tr\u00e8s en marge de la loi, des d\u00e9cisions qui sont visiblement t\u00e9l\u00e9command\u00e9es par des forces obscures qui travaillent pour la disparition de cette soci\u00e9t\u00e9.&nbsp;\u00bb<\/p>\n\n\n\n<p><em>\u00ab&nbsp;Un proc\u00e8s est comparable \u00e0 un match de football o\u00f9 deux \u00e9quipes s\u2019affrontent sous la direction d\u2019un arbitre, qui lui est surveill\u00e9 par la f\u00e9d\u00e9ration via son pr\u00e9sident. Cependant, lorsque l\u2019arbitre qui doit diriger un match et la f\u00e9d\u00e9ration qui doit le surveiller portent le m\u00eame maillot que l\u2019\u00e9quipe adverse, alors on est plus dans un match de football \u00bb <\/em>ont conclu les avocats de Michael YAV.<\/p>\n\n\n\n<p>Il est fondamental aujourd\u2019hui de s\u2019interroger sur la raison d\u2019\u00eatre du visa qui a pour objectif, de corriger les erreurs contenues dans un projet de jugement ou d\u2019arr\u00eat. Cette d\u00e9cision a-t-elle re\u00e7u le visa du Premier Pr\u00e9sident avant son prononc\u00e9&nbsp;? Dans l\u2019affirmatif comment aurait-il pu laisser passer des telles monstruosit\u00e9s juridiques&nbsp;?&nbsp; S\u2019il n\u2019avait pas re\u00e7u de visa, il y a lieu que des sanctions soient prises \u00e0 l\u2019encontre des juges, auteurs de cette \u0153uvre inique.<\/p>\n\n\n\n<p>L\u2019opinion continue \u00e0 croire en la rigueur et \u00e0 la bonne moralit\u00e9 du Premier Pr\u00e9sident de la Cour d\u2019Appel de Kinshasa\/Matete qui doit vite rappeler ses troupes \u00e0 l\u2019ordre afin de garder la dignit\u00e9 de cette haute juridiction.<\/p>\n\n\n\n<p>La R\u00e9daction <\/p>\n","protected":false},"excerpt":{"rendered":"<p>R\u00e9daction: +243 817 406 088 Le feuilleton Mwant Jet devant la Cour d\u2019Appel de Kinshasa\/Matete&#8230;<\/p>\n","protected":false},"author":2,"featured_media":12924,"comment_status":"open","ping_status":"open","sticky":false,"template":"","format":"standard","meta":{"_jetpack_memberships_contains_paid_content":false,"footnotes":""},"categories":[6],"tags":[],"class_list":["post-12921","post","type-post","status-publish","format-standard","has-post-thumbnail","hentry","category-justice"],"yoast_head":"<!-- This site is optimized with the Yoast SEO plugin v27.5 - https:\/\/yoast.com\/product\/yoast-seo-wordpress\/ -->\n<title>RDC\u00a0: Jusqu\u2019\u00e0 quand la Cour d\u2019Appel de Kinshasa\/Matete va-t-elle travailler pour la disparition de la Soci\u00e9t\u00e9 MWANT JET Sarl\u00a0? - Infos Droits Humains<\/title>\n<meta name=\"robots\" content=\"index, follow, max-snippet:-1, max-image-preview:large, max-video-preview:-1\" \/>\n<link rel=\"canonical\" href=\"https:\/\/infos-droitshumains.net\/?p=12921\" \/>\n<meta property=\"og:locale\" content=\"fr_FR\" \/>\n<meta property=\"og:type\" content=\"article\" \/>\n<meta property=\"og:title\" content=\"RDC\u00a0: Jusqu\u2019\u00e0 quand la Cour d\u2019Appel de Kinshasa\/Matete va-t-elle travailler pour la disparition de la Soci\u00e9t\u00e9 MWANT JET Sarl\u00a0? - Infos Droits Humains\" \/>\n<meta property=\"og:description\" content=\"R\u00e9daction: +243 817 406 088 Le feuilleton Mwant Jet devant la Cour d\u2019Appel de Kinshasa\/Matete...\" \/>\n<meta property=\"og:url\" content=\"https:\/\/infos-droitshumains.net\/?p=12921\" \/>\n<meta property=\"og:site_name\" content=\"Infos Droits Humains\" \/>\n<meta property=\"article:published_time\" content=\"2025-03-04T22:38:10+00:00\" \/>\n<meta property=\"article:modified_time\" content=\"2025-03-05T08:46:01+00:00\" \/>\n<meta property=\"og:image\" content=\"https:\/\/infos-droitshumains.net\/wp-content\/uploads\/2025\/03\/IMG-20250227-WA0026_1.jpg\" \/>\n\t<meta property=\"og:image:width\" content=\"1024\" \/>\n\t<meta property=\"og:image:height\" content=\"576\" \/>\n\t<meta property=\"og:image:type\" content=\"image\/jpeg\" \/>\n<meta name=\"author\" content=\"Jo\u00ebl Diawa\" \/>\n<meta name=\"twitter:card\" content=\"summary_large_image\" \/>\n<meta name=\"twitter:label1\" content=\"\u00c9crit par\" \/>\n\t<meta name=\"twitter:data1\" content=\"Jo\u00ebl Diawa\" \/>\n\t<meta name=\"twitter:label2\" content=\"Dur\u00e9e de lecture estim\u00e9e\" \/>\n\t<meta name=\"twitter:data2\" content=\"7 minutes\" \/>\n<script type=\"application\/ld+json\" class=\"yoast-schema-graph\">{\"@context\":\"https:\\\/\\\/schema.org\",\"@graph\":[{\"@type\":\"Article\",\"@id\":\"https:\\\/\\\/infos-droitshumains.net\\\/?p=12921#article\",\"isPartOf\":{\"@id\":\"https:\\\/\\\/infos-droitshumains.net\\\/?p=12921\"},\"author\":{\"name\":\"Jo\u00ebl Diawa\",\"@id\":\"https:\\\/\\\/infos-droitshumains.net\\\/#\\\/schema\\\/person\\\/3dc5e921c3302172e0ed4362f96faab7\"},\"headline\":\"RDC\u00a0: Jusqu\u2019\u00e0 quand la Cour d\u2019Appel de Kinshasa\\\/Matete va-t-elle travailler pour la disparition de la Soci\u00e9t\u00e9 MWANT JET Sarl\u00a0?\",\"datePublished\":\"2025-03-04T22:38:10+00:00\",\"dateModified\":\"2025-03-05T08:46:01+00:00\",\"mainEntityOfPage\":{\"@id\":\"https:\\\/\\\/infos-droitshumains.net\\\/?p=12921\"},\"wordCount\":1390,\"commentCount\":0,\"publisher\":{\"@id\":\"https:\\\/\\\/infos-droitshumains.net\\\/#organization\"},\"image\":{\"@id\":\"https:\\\/\\\/infos-droitshumains.net\\\/?p=12921#primaryimage\"},\"thumbnailUrl\":\"https:\\\/\\\/i0.wp.com\\\/infos-droitshumains.net\\\/wp-content\\\/uploads\\\/2025\\\/03\\\/IMG-20250227-WA0026_1.jpg?fit=1024%2C576&ssl=1\",\"articleSection\":[\"Justice\"],\"inLanguage\":\"fr-FR\",\"potentialAction\":[{\"@type\":\"CommentAction\",\"name\":\"Comment\",\"target\":[\"https:\\\/\\\/infos-droitshumains.net\\\/?p=12921#respond\"]}]},{\"@type\":\"WebPage\",\"@id\":\"https:\\\/\\\/infos-droitshumains.net\\\/?p=12921\",\"url\":\"https:\\\/\\\/infos-droitshumains.net\\\/?p=12921\",\"name\":\"RDC\u00a0: Jusqu\u2019\u00e0 quand la Cour d\u2019Appel de Kinshasa\\\/Matete va-t-elle travailler pour la disparition de la Soci\u00e9t\u00e9 MWANT JET Sarl\u00a0? - Infos Droits Humains\",\"isPartOf\":{\"@id\":\"https:\\\/\\\/infos-droitshumains.net\\\/#website\"},\"primaryImageOfPage\":{\"@id\":\"https:\\\/\\\/infos-droitshumains.net\\\/?p=12921#primaryimage\"},\"image\":{\"@id\":\"https:\\\/\\\/infos-droitshumains.net\\\/?p=12921#primaryimage\"},\"thumbnailUrl\":\"https:\\\/\\\/i0.wp.com\\\/infos-droitshumains.net\\\/wp-content\\\/uploads\\\/2025\\\/03\\\/IMG-20250227-WA0026_1.jpg?fit=1024%2C576&ssl=1\",\"datePublished\":\"2025-03-04T22:38:10+00:00\",\"dateModified\":\"2025-03-05T08:46:01+00:00\",\"breadcrumb\":{\"@id\":\"https:\\\/\\\/infos-droitshumains.net\\\/?p=12921#breadcrumb\"},\"inLanguage\":\"fr-FR\",\"potentialAction\":[{\"@type\":\"ReadAction\",\"target\":[\"https:\\\/\\\/infos-droitshumains.net\\\/?p=12921\"]}]},{\"@type\":\"ImageObject\",\"inLanguage\":\"fr-FR\",\"@id\":\"https:\\\/\\\/infos-droitshumains.net\\\/?p=12921#primaryimage\",\"url\":\"https:\\\/\\\/i0.wp.com\\\/infos-droitshumains.net\\\/wp-content\\\/uploads\\\/2025\\\/03\\\/IMG-20250227-WA0026_1.jpg?fit=1024%2C576&ssl=1\",\"contentUrl\":\"https:\\\/\\\/i0.wp.com\\\/infos-droitshumains.net\\\/wp-content\\\/uploads\\\/2025\\\/03\\\/IMG-20250227-WA0026_1.jpg?fit=1024%2C576&ssl=1\",\"width\":1024,\"height\":576},{\"@type\":\"BreadcrumbList\",\"@id\":\"https:\\\/\\\/infos-droitshumains.net\\\/?p=12921#breadcrumb\",\"itemListElement\":[{\"@type\":\"ListItem\",\"position\":1,\"name\":\"Accueil\",\"item\":\"https:\\\/\\\/infos-droitshumains.net\\\/\"},{\"@type\":\"ListItem\",\"position\":2,\"name\":\"RDC\u00a0: Jusqu\u2019\u00e0 quand la Cour d\u2019Appel de Kinshasa\\\/Matete va-t-elle travailler pour la disparition de la Soci\u00e9t\u00e9 MWANT JET Sarl\u00a0?\"}]},{\"@type\":\"WebSite\",\"@id\":\"https:\\\/\\\/infos-droitshumains.net\\\/#website\",\"url\":\"https:\\\/\\\/infos-droitshumains.net\\\/\",\"name\":\"Infos Droits Humains\",\"description\":\"S&#039;informer est un droit\",\"publisher\":{\"@id\":\"https:\\\/\\\/infos-droitshumains.net\\\/#organization\"},\"potentialAction\":[{\"@type\":\"SearchAction\",\"target\":{\"@type\":\"EntryPoint\",\"urlTemplate\":\"https:\\\/\\\/infos-droitshumains.net\\\/?s={search_term_string}\"},\"query-input\":{\"@type\":\"PropertyValueSpecification\",\"valueRequired\":true,\"valueName\":\"search_term_string\"}}],\"inLanguage\":\"fr-FR\"},{\"@type\":\"Organization\",\"@id\":\"https:\\\/\\\/infos-droitshumains.net\\\/#organization\",\"name\":\"Infos Droits Humains\",\"url\":\"https:\\\/\\\/infos-droitshumains.net\\\/\",\"logo\":{\"@type\":\"ImageObject\",\"inLanguage\":\"fr-FR\",\"@id\":\"https:\\\/\\\/infos-droitshumains.net\\\/#\\\/schema\\\/logo\\\/image\\\/\",\"url\":\"https:\\\/\\\/i0.wp.com\\\/infos-droitshumains.net\\\/wp-content\\\/uploads\\\/2022\\\/05\\\/Logo.png?fit=333%2C129&ssl=1\",\"contentUrl\":\"https:\\\/\\\/i0.wp.com\\\/infos-droitshumains.net\\\/wp-content\\\/uploads\\\/2022\\\/05\\\/Logo.png?fit=333%2C129&ssl=1\",\"width\":333,\"height\":129,\"caption\":\"Infos Droits Humains\"},\"image\":{\"@id\":\"https:\\\/\\\/infos-droitshumains.net\\\/#\\\/schema\\\/logo\\\/image\\\/\"}},{\"@type\":\"Person\",\"@id\":\"https:\\\/\\\/infos-droitshumains.net\\\/#\\\/schema\\\/person\\\/3dc5e921c3302172e0ed4362f96faab7\",\"name\":\"Jo\u00ebl Diawa\",\"image\":{\"@type\":\"ImageObject\",\"inLanguage\":\"fr-FR\",\"@id\":\"https:\\\/\\\/secure.gravatar.com\\\/avatar\\\/729bea6ff4604c624417803c477363be8e3c7186deaa65713313f9b4b820f41c?s=96&d=mm&r=g\",\"url\":\"https:\\\/\\\/secure.gravatar.com\\\/avatar\\\/729bea6ff4604c624417803c477363be8e3c7186deaa65713313f9b4b820f41c?s=96&d=mm&r=g\",\"contentUrl\":\"https:\\\/\\\/secure.gravatar.com\\\/avatar\\\/729bea6ff4604c624417803c477363be8e3c7186deaa65713313f9b4b820f41c?s=96&d=mm&r=g\",\"caption\":\"Jo\u00ebl Diawa\"},\"sameAs\":[\"https:\\\/\\\/www.infos-droitshumains.net\"],\"url\":\"https:\\\/\\\/infos-droitshumains.net\\\/?author=2\"}]}<\/script>\n<!-- \/ Yoast SEO plugin. -->","yoast_head_json":{"title":"RDC\u00a0: Jusqu\u2019\u00e0 quand la Cour d\u2019Appel de Kinshasa\/Matete va-t-elle travailler pour la disparition de la Soci\u00e9t\u00e9 MWANT JET Sarl\u00a0? - Infos Droits Humains","robots":{"index":"index","follow":"follow","max-snippet":"max-snippet:-1","max-image-preview":"max-image-preview:large","max-video-preview":"max-video-preview:-1"},"canonical":"https:\/\/infos-droitshumains.net\/?p=12921","og_locale":"fr_FR","og_type":"article","og_title":"RDC\u00a0: Jusqu\u2019\u00e0 quand la Cour d\u2019Appel de Kinshasa\/Matete va-t-elle travailler pour la disparition de la Soci\u00e9t\u00e9 MWANT JET Sarl\u00a0? - Infos Droits Humains","og_description":"R\u00e9daction: +243 817 406 088 Le feuilleton Mwant Jet devant la Cour d\u2019Appel de Kinshasa\/Matete...","og_url":"https:\/\/infos-droitshumains.net\/?p=12921","og_site_name":"Infos Droits Humains","article_published_time":"2025-03-04T22:38:10+00:00","article_modified_time":"2025-03-05T08:46:01+00:00","og_image":[{"width":1024,"height":576,"url":"https:\/\/infos-droitshumains.net\/wp-content\/uploads\/2025\/03\/IMG-20250227-WA0026_1.jpg","type":"image\/jpeg"}],"author":"Jo\u00ebl Diawa","twitter_card":"summary_large_image","twitter_misc":{"\u00c9crit par":"Jo\u00ebl Diawa","Dur\u00e9e de lecture estim\u00e9e":"7 minutes"},"schema":{"@context":"https:\/\/schema.org","@graph":[{"@type":"Article","@id":"https:\/\/infos-droitshumains.net\/?p=12921#article","isPartOf":{"@id":"https:\/\/infos-droitshumains.net\/?p=12921"},"author":{"name":"Jo\u00ebl Diawa","@id":"https:\/\/infos-droitshumains.net\/#\/schema\/person\/3dc5e921c3302172e0ed4362f96faab7"},"headline":"RDC\u00a0: Jusqu\u2019\u00e0 quand la Cour d\u2019Appel de Kinshasa\/Matete va-t-elle travailler pour la disparition de la Soci\u00e9t\u00e9 MWANT JET Sarl\u00a0?","datePublished":"2025-03-04T22:38:10+00:00","dateModified":"2025-03-05T08:46:01+00:00","mainEntityOfPage":{"@id":"https:\/\/infos-droitshumains.net\/?p=12921"},"wordCount":1390,"commentCount":0,"publisher":{"@id":"https:\/\/infos-droitshumains.net\/#organization"},"image":{"@id":"https:\/\/infos-droitshumains.net\/?p=12921#primaryimage"},"thumbnailUrl":"https:\/\/i0.wp.com\/infos-droitshumains.net\/wp-content\/uploads\/2025\/03\/IMG-20250227-WA0026_1.jpg?fit=1024%2C576&ssl=1","articleSection":["Justice"],"inLanguage":"fr-FR","potentialAction":[{"@type":"CommentAction","name":"Comment","target":["https:\/\/infos-droitshumains.net\/?p=12921#respond"]}]},{"@type":"WebPage","@id":"https:\/\/infos-droitshumains.net\/?p=12921","url":"https:\/\/infos-droitshumains.net\/?p=12921","name":"RDC\u00a0: Jusqu\u2019\u00e0 quand la Cour d\u2019Appel de Kinshasa\/Matete va-t-elle travailler pour la disparition de la Soci\u00e9t\u00e9 MWANT JET Sarl\u00a0? - Infos Droits Humains","isPartOf":{"@id":"https:\/\/infos-droitshumains.net\/#website"},"primaryImageOfPage":{"@id":"https:\/\/infos-droitshumains.net\/?p=12921#primaryimage"},"image":{"@id":"https:\/\/infos-droitshumains.net\/?p=12921#primaryimage"},"thumbnailUrl":"https:\/\/i0.wp.com\/infos-droitshumains.net\/wp-content\/uploads\/2025\/03\/IMG-20250227-WA0026_1.jpg?fit=1024%2C576&ssl=1","datePublished":"2025-03-04T22:38:10+00:00","dateModified":"2025-03-05T08:46:01+00:00","breadcrumb":{"@id":"https:\/\/infos-droitshumains.net\/?p=12921#breadcrumb"},"inLanguage":"fr-FR","potentialAction":[{"@type":"ReadAction","target":["https:\/\/infos-droitshumains.net\/?p=12921"]}]},{"@type":"ImageObject","inLanguage":"fr-FR","@id":"https:\/\/infos-droitshumains.net\/?p=12921#primaryimage","url":"https:\/\/i0.wp.com\/infos-droitshumains.net\/wp-content\/uploads\/2025\/03\/IMG-20250227-WA0026_1.jpg?fit=1024%2C576&ssl=1","contentUrl":"https:\/\/i0.wp.com\/infos-droitshumains.net\/wp-content\/uploads\/2025\/03\/IMG-20250227-WA0026_1.jpg?fit=1024%2C576&ssl=1","width":1024,"height":576},{"@type":"BreadcrumbList","@id":"https:\/\/infos-droitshumains.net\/?p=12921#breadcrumb","itemListElement":[{"@type":"ListItem","position":1,"name":"Accueil","item":"https:\/\/infos-droitshumains.net\/"},{"@type":"ListItem","position":2,"name":"RDC\u00a0: Jusqu\u2019\u00e0 quand la Cour d\u2019Appel de Kinshasa\/Matete va-t-elle travailler pour la disparition de la Soci\u00e9t\u00e9 MWANT JET Sarl\u00a0?"}]},{"@type":"WebSite","@id":"https:\/\/infos-droitshumains.net\/#website","url":"https:\/\/infos-droitshumains.net\/","name":"Infos Droits Humains","description":"S&#039;informer est un droit","publisher":{"@id":"https:\/\/infos-droitshumains.net\/#organization"},"potentialAction":[{"@type":"SearchAction","target":{"@type":"EntryPoint","urlTemplate":"https:\/\/infos-droitshumains.net\/?s={search_term_string}"},"query-input":{"@type":"PropertyValueSpecification","valueRequired":true,"valueName":"search_term_string"}}],"inLanguage":"fr-FR"},{"@type":"Organization","@id":"https:\/\/infos-droitshumains.net\/#organization","name":"Infos Droits Humains","url":"https:\/\/infos-droitshumains.net\/","logo":{"@type":"ImageObject","inLanguage":"fr-FR","@id":"https:\/\/infos-droitshumains.net\/#\/schema\/logo\/image\/","url":"https:\/\/i0.wp.com\/infos-droitshumains.net\/wp-content\/uploads\/2022\/05\/Logo.png?fit=333%2C129&ssl=1","contentUrl":"https:\/\/i0.wp.com\/infos-droitshumains.net\/wp-content\/uploads\/2022\/05\/Logo.png?fit=333%2C129&ssl=1","width":333,"height":129,"caption":"Infos Droits Humains"},"image":{"@id":"https:\/\/infos-droitshumains.net\/#\/schema\/logo\/image\/"}},{"@type":"Person","@id":"https:\/\/infos-droitshumains.net\/#\/schema\/person\/3dc5e921c3302172e0ed4362f96faab7","name":"Jo\u00ebl Diawa","image":{"@type":"ImageObject","inLanguage":"fr-FR","@id":"https:\/\/secure.gravatar.com\/avatar\/729bea6ff4604c624417803c477363be8e3c7186deaa65713313f9b4b820f41c?s=96&d=mm&r=g","url":"https:\/\/secure.gravatar.com\/avatar\/729bea6ff4604c624417803c477363be8e3c7186deaa65713313f9b4b820f41c?s=96&d=mm&r=g","contentUrl":"https:\/\/secure.gravatar.com\/avatar\/729bea6ff4604c624417803c477363be8e3c7186deaa65713313f9b4b820f41c?s=96&d=mm&r=g","caption":"Jo\u00ebl Diawa"},"sameAs":["https:\/\/www.infos-droitshumains.net"],"url":"https:\/\/infos-droitshumains.net\/?author=2"}]}},"featured_image_urls":{"full":["https:\/\/i0.wp.com\/infos-droitshumains.net\/wp-content\/uploads\/2025\/03\/IMG-20250227-WA0026_1.jpg?fit=1024%2C576&ssl=1",1024,576,false],"thumbnail":["https:\/\/i0.wp.com\/infos-droitshumains.net\/wp-content\/uploads\/2025\/03\/IMG-20250227-WA0026_1.jpg?resize=150%2C150&ssl=1",150,150,true],"medium":["https:\/\/i0.wp.com\/infos-droitshumains.net\/wp-content\/uploads\/2025\/03\/IMG-20250227-WA0026_1.jpg?fit=300%2C169&ssl=1",300,169,true],"medium_large":["https:\/\/i0.wp.com\/infos-droitshumains.net\/wp-content\/uploads\/2025\/03\/IMG-20250227-WA0026_1.jpg?fit=640%2C360&ssl=1",640,360,true],"large":["https:\/\/i0.wp.com\/infos-droitshumains.net\/wp-content\/uploads\/2025\/03\/IMG-20250227-WA0026_1.jpg?fit=640%2C360&ssl=1",640,360,true],"1536x1536":["https:\/\/i0.wp.com\/infos-droitshumains.net\/wp-content\/uploads\/2025\/03\/IMG-20250227-WA0026_1.jpg?fit=1024%2C576&ssl=1",1024,576,true],"2048x2048":["https:\/\/i0.wp.com\/infos-droitshumains.net\/wp-content\/uploads\/2025\/03\/IMG-20250227-WA0026_1.jpg?fit=1024%2C576&ssl=1",1024,576,true],"covernews-slider-full":["https:\/\/i0.wp.com\/infos-droitshumains.net\/wp-content\/uploads\/2025\/03\/IMG-20250227-WA0026_1.jpg?resize=1024%2C576&ssl=1",1024,576,true],"covernews-slider-center":["https:\/\/i0.wp.com\/infos-droitshumains.net\/wp-content\/uploads\/2025\/03\/IMG-20250227-WA0026_1.jpg?resize=800%2C500&ssl=1",800,500,true],"covernews-featured":["https:\/\/i0.wp.com\/infos-droitshumains.net\/wp-content\/uploads\/2025\/03\/IMG-20250227-WA0026_1.jpg?fit=1024%2C576&ssl=1",1024,576,true],"covernews-medium":["https:\/\/i0.wp.com\/infos-droitshumains.net\/wp-content\/uploads\/2025\/03\/IMG-20250227-WA0026_1.jpg?resize=540%2C340&ssl=1",540,340,true],"covernews-medium-square":["https:\/\/i0.wp.com\/infos-droitshumains.net\/wp-content\/uploads\/2025\/03\/IMG-20250227-WA0026_1.jpg?resize=400%2C250&ssl=1",400,250,true]},"author_info":{"display_name":"Jo\u00ebl Diawa","author_link":"https:\/\/infos-droitshumains.net\/?author=2"},"category_info":"<a href=\"https:\/\/infos-droitshumains.net\/?cat=6\" rel=\"category\">Justice<\/a>","tag_info":"Justice","comment_count":"0","jetpack_featured_media_url":"https:\/\/i0.wp.com\/infos-droitshumains.net\/wp-content\/uploads\/2025\/03\/IMG-20250227-WA0026_1.jpg?fit=1024%2C576&ssl=1","jetpack-related-posts":[],"jetpack_sharing_enabled":true,"_links":{"self":[{"href":"https:\/\/infos-droitshumains.net\/index.php?rest_route=\/wp\/v2\/posts\/12921","targetHints":{"allow":["GET"]}}],"collection":[{"href":"https:\/\/infos-droitshumains.net\/index.php?rest_route=\/wp\/v2\/posts"}],"about":[{"href":"https:\/\/infos-droitshumains.net\/index.php?rest_route=\/wp\/v2\/types\/post"}],"author":[{"embeddable":true,"href":"https:\/\/infos-droitshumains.net\/index.php?rest_route=\/wp\/v2\/users\/2"}],"replies":[{"embeddable":true,"href":"https:\/\/infos-droitshumains.net\/index.php?rest_route=%2Fwp%2Fv2%2Fcomments&post=12921"}],"version-history":[{"count":7,"href":"https:\/\/infos-droitshumains.net\/index.php?rest_route=\/wp\/v2\/posts\/12921\/revisions"}],"predecessor-version":[{"id":12931,"href":"https:\/\/infos-droitshumains.net\/index.php?rest_route=\/wp\/v2\/posts\/12921\/revisions\/12931"}],"wp:featuredmedia":[{"embeddable":true,"href":"https:\/\/infos-droitshumains.net\/index.php?rest_route=\/wp\/v2\/media\/12924"}],"wp:attachment":[{"href":"https:\/\/infos-droitshumains.net\/index.php?rest_route=%2Fwp%2Fv2%2Fmedia&parent=12921"}],"wp:term":[{"taxonomy":"category","embeddable":true,"href":"https:\/\/infos-droitshumains.net\/index.php?rest_route=%2Fwp%2Fv2%2Fcategories&post=12921"},{"taxonomy":"post_tag","embeddable":true,"href":"https:\/\/infos-droitshumains.net\/index.php?rest_route=%2Fwp%2Fv2%2Ftags&post=12921"}],"curies":[{"name":"wp","href":"https:\/\/api.w.org\/{rel}","templated":true}]}}