{"id":1283,"date":"2021-11-05T10:30:54","date_gmt":"2021-11-05T09:30:54","guid":{"rendered":"https:\/\/infos-droitshumains.net\/?p=1283"},"modified":"2023-04-06T12:11:05","modified_gmt":"2023-04-06T10:11:05","slug":"rdc-la-juge-mamy-kalonji-mbuyi-en-insecurite-et-vie-en-clandestinite","status":"publish","type":"post","link":"https:\/\/infos-droitshumains.net\/?p=1283","title":{"rendered":"RDC: La juge Mamy Kalonji Mbuyi en ins\u00e9curit\u00e9 et vie en clandestinit\u00e9"},"content":{"rendered":"\n<p><strong>R\u00e9daction :+243817406088<\/strong><\/p>\n\n\n\n<p>Alors que le chef de l&rsquo;\u00c9tat F\u00e9lix Tshisekedi va de l&rsquo;ind\u00e9pendance de la justice son cheval de bataille, il existe encore des personnes malintentionn\u00e9es qui s&rsquo;adonnent \u00e0 des pratiques d&rsquo;instrumentalisation de l&rsquo;appareil judiciaire et aux intimidations contre les juges. Mamy Kalonji Mbuyi fait partie des victimes de ces pratiques d\u2019une autre \u00e9poque. <\/p>\n\n\n\n<p><em><strong>Rappel des faits<\/strong><\/em><\/p>\n\n\n\n<p>Tout est partie du dossier enr\u00f4l\u00e9 en date du 10 mai 2021, sous le num\u00e9ro RP 27.575 au tribunal de grande instance de Kinshasa Gombe. Un dossier qui opposait la partie civile Jean-Claude Muyambo et consorts \u00e0 Kalev Mutond, ancien administrateur directeur g\u00e9n\u00e9ral de l&rsquo;Agence Nationale de Renseignements, ANR, accus\u00e9 pour torture corporelle, tentative d&rsquo;assassinat, traitement cruel, inhumain et d\u00e9gradant; faits commis pendant l&rsquo;exercice de ses fonctions.<\/p>\n\n\n\n<p>Le dossier est confi\u00e9 \u00e0 la chambre 1 avec comme pr\u00e9sidente, de la composition, la Juge Mamy Kalonji Mbuyi.<\/p>\n\n\n\n<figure class=\"wp-block-image alignfull size-large\"><img data-recalc-dims=\"1\" height=\"483\" width=\"640\" decoding=\"async\" src=\"https:\/\/i0.wp.com\/infos-droitshumains.net\/wp-content\/uploads\/2021\/12\/IMG-20211213-WA0022_1-1024x773.jpg?resize=640%2C483&#038;ssl=1\" alt=\"\" class=\"wp-image-1285\" \/><\/figure>\n\n\n\n<p>A la premi\u00e8re audience le pr\u00e9venu Kalev Mutond n&rsquo;a pas comparu personnellement, ses avocats ont sollicit\u00e9 une remise \u00e0 deux semaines avec promesse ferme de faire compara\u00eetre leur client.<\/p>\n\n\n\n<p>Guid\u00e9e par le sens \u00e9lev\u00e9 de professionnalisme et une impartialit\u00e9 inou\u00efe, la juge Mamy Kalonji Mbuyi, pr\u00e9sidente de la composition, a acc\u00e9d\u00e9 \u00e0 cette requ\u00eate et a accord\u00e9 une remise \u00e0 deux semaines pour permettre au cit\u00e9, Kalev Mutond de compara\u00eetre personnellement.<\/p>\n\n\n\n<p>Lors de la deuxi\u00e8me audience, le tribunal constate une fois de plus l&rsquo;absence de Kalev, en d\u00e9pit de la promesse de ses avocats. Le tribunal va demander aux avocats de kalev de se retirer de la barre au motif que les faits pour lequel est poursuivi leur client, est punissable de plus de deux ans.<\/p>\n\n\n\n<p>Dynamique et sereine la composition et sa pr\u00e9sidente retiennent le d\u00e9faut en charge de kalev Mutond pour n&rsquo;avoir pas comparu et demande \u00e0 ses avocats de se retirer de la bar. Ils finiront par se retirer.<\/p>\n\n\n\n<p><em><strong>Intimidations et menaces de mort<\/strong><\/em><\/p>\n\n\n\n<p>S\u00e9ance tenante, le minist\u00e8re public soul\u00e8ve un pr\u00e9alable sur la forme. Pour l\u2019organe de la loi, le TGI Gombe doit se d\u00e9clarer incomp\u00e9tent pour juger l&rsquo;ancien administrateur g\u00e9n\u00e9ral de l&rsquo;ANR au r<em>egard de son statut. \u00ab\u00a0Kalev Mutond est justiciable devant la cour d&rsquo;appel\u00a0\u00bb<\/em> argumente le ministre public. Un moyen rejet\u00e9 par la partie civile. Le tribunal avait alors pris ces moyens en d\u00e9lib\u00e9r\u00e9 pour rendre son jugement avant dire droit.<\/p>\n\n\n\n<p>\u00ab\u00a0<em>Depuis ce temps l\u00e0, Mamy Kalonji Mbuyi, pr\u00e9sidente de la chambre \u00e9tait devenue victime des pressions, intimidations et menace de mort\u00a0\u00bb <\/em>nous a confi\u00e9 une source sous le sceau de l&rsquo;anonymat.<\/p>\n\n\n\n<p><em>\u00ab\u00a0Des personnes non autrement identifi\u00e9es ont voulu extorquer les contacts Mamy Kalonji au pr\u00e8s de la greffi\u00e8re alors que le dossier \u00e9tait pris en d\u00e9lib\u00e9r\u00e9\u00a0\u00bb <\/em>a poursuivi la m\u00eame source.<\/p>\n\n\n\n<p>Apr\u00e8s examen de l&rsquo;affaire, le tribunal a estim\u00e9 que le moyen soulev\u00e9 par le minist\u00e8re public \u00e9tait fond\u00e9. En date du 21 mai 2021, le tribunal a rendu son jugement avant dire droit, se d\u00e9clarant incomp\u00e9tent  \u00e0 juger l&rsquo;ancien administrateur directeur g\u00e9n\u00e9ral de l&rsquo;Agence Nationale des Renseignements.<\/p>\n\n\n\n<p>En d\u00e9pit de ce verdict qui vraisemblablement a fait les affaires de Kalev Mutond, des menaces \u00e0 l&rsquo;encontre de Mamy Kalonji Mbuyi qui pr\u00e9sidait la composition avec brio, n&rsquo;ont pas cess\u00e9s.<\/p>\n\n\n\n<p>Elle continuait \u00e0 recevoir  des appels des num\u00e9ros masquer avec des propos du genre <em>\u00a0\u00bb Madame tu tenais \u00e0 ce que Kalev se pr\u00e9sente au tribunal pour  l&rsquo;humilier, Tu crois \u00eatre le premier juge du TGI Gombe ? Attends on va te montrer tu ne repr\u00e9sentes rien\u00a0\u00bb <\/em>nous a confi\u00e9 l&rsquo;un des membres de la famille de la juge Mamy Kalonji.<\/p>\n\n\n\n<p>Alors que l&rsquo;Avant Dire Droit \u00e9tait d\u00e9j\u00e0 rendu, et les avocats de la partie civile n\u2019\u00e9tant pas content de ce verdict, sont aussi all\u00e9s en appel, l&rsquo;on ne comprends pas que la juge Mamy Kalonji Mbuyi continue d&rsquo;\u00eatre la cible de ces personnes malintentionn\u00e9es.<\/p>\n\n\n\n<p>Outre ces menaces t\u00e9l\u00e9phoniques, Mamy Kalonji \u00e0 \u00e9t\u00e9 visit\u00e9 plus de deux fois dans son domicile par des bandits \u00e0 mains arm\u00e9s.<\/p>\n\n\n\n<p><em><strong>Un cong\u00e9 pour se reconstituer, bascule la situation<\/strong><\/em><\/p>\n\n\n\n<p>D\u00e9stabilis\u00e9e par cette situation, et se sentant toujours en ins\u00e9curit\u00e9, Mamy Kalonji Mbuyi a sollicit\u00e9 aupr\u00e8s de sa hi\u00e9rarchie, un cong\u00e9, de fa\u00e7on \u00e0 se d\u00e9stresser et se reconstituer. En juillet dernier, apr\u00e8s avoir \u00e9puis\u00e9 son temps de cong\u00e9, alors qu&rsquo;elle s&rsquo;appr\u00eatait \u00e0 reprendre du service au tribunal de grande instance de Kinshasa Gombe, Mamy Kalonji Mbuyi sera surprise d&rsquo;\u00eatre notifi\u00e9e qu&rsquo;elle ne pouvait plus exercer au TGI Gombe et qu&rsquo;elle \u00e9tait  affect\u00e9e comme juge pour enfant au tribunal pour enfants de Kinkole. Cette d\u00e9cision du conseil sup\u00e9rieur de la magistrature de juillet 2021 portant affectation des magistrats concernait ceux ayant \u00e9t\u00e9 affect\u00e9 avant 2018. Mamy Kalonji Mbuyi n&rsquo;a \u00e9t\u00e9 affect\u00e9 au TGI Gombe qu\u2019en 2018. La dite d\u00e9cision ne devait en principe pas la concerner, mais par malice des personnes qui ne cherchaient que sa t\u00eate, cela est arriv\u00e9.<\/p>\n\n\n\n<p>Dans ce lot s\u2019est \u00e9galement retrouv\u00e9 son coll\u00e8gue au nom de Tshisuaka qui, selon nos c\u00e2bles bien introduits au TGI Gombe, avait si\u00e9g\u00e9 elle dans ce dossier dossier sensible qui concernait Kalev Mutond.<\/p>\n\n\n\n<p>Bien avant cette d\u00e9cision injuste et injustifi\u00e9e,  Mamy Kalonji Mbuyi avait \u00e9t\u00e9 inform\u00e9 par certains de ses coll\u00e8gues que pour avoir pr\u00e9tendument voulu humili\u00e9 un proche collaborateur de l\u2019ancien chef d\u2019\u00c9tat Joseph Kabila, un coup se pr\u00e9parait contre elle et que ses jours restaient \u00e0 compter au bout des doigts au TGI Gombe.<\/p>\n\n\n\n<p>Du TGI Gombe au tribunal pour enfants Kinkole, doit-on \u00eatre tent\u00e9 de dire que c&rsquo;\u00e9tait une cabale qui se pr\u00e9parait contre Mamy Kalonji ?<\/p>\n\n\n\n<p><em><strong>Ins\u00e9curit\u00e9 permanente des juges congolais<\/strong><\/em><\/p>\n\n\n\n<p>La juge Mamy Kalonji Mbuyi faisait partie des juges les plus consid\u00e9r\u00e9s au TGI Gombe, au regard de sa d\u00e9termination \u00e0 dire le vrai droit. Ce qui faisait qu&rsquo;elle soit \u00e0 chaque fois d\u00e9sign\u00e9e membre de compositions dans des  dossier sensible comme celui-ci ou encore, le proc\u00e8s 100 jours dans le volet saut-de-mouton qui a oppos\u00e9 le minist\u00e8re public \u00e0 David Blattner, directeur g\u00e9n\u00e9ral de safricas.<\/p>\n\n\n\n<figure class=\"wp-block-image alignfull size-large\"><img data-recalc-dims=\"1\" decoding=\"async\" src=\"https:\/\/i0.wp.com\/infos-droitshumains.net\/wp-content\/uploads\/2021\/12\/IMG-20211213-WA0020_1.jpg?w=640&#038;ssl=1\" alt=\"\" class=\"wp-image-1287\" \/><\/figure>\n\n\n\n<p>Deux \u00e9minents juges ont perdu leurs vie lors de ces deux derni\u00e8res ann\u00e9es apr\u00e8s avoir \u00e9t\u00e9 aussi victimes des menaces et intimidations tout simplement pour avoir dit le bon droit. Il s&rsquo;agit des Juges Rapha\u00ebl Yanyi mort en plein proc\u00e8s de 100 jours qui mettait en cause Vital Kamerhe, ancien directeur de cabinet du chef de l&rsquo;\u00c9tat ou encore le juge Jhon Boto d\u00e9c\u00e9d\u00e9 lui aussi, dans des circonstances obscures. <\/p>\n\n\n\n<p>Pour l\u2019instant, Kalev Mutond, ayant \u0153uvr\u00e9 pendant longtemps \u00e0 l\u2019agence  de renseignement, a toujours une main mise sur ce service de renseignement. Il continue \u00e0-travers ses acolytes, \u00e0 instrumentaliser la l\u2019appareil judiciaire en cherchant \u00e0 faire taire les juges qui sont d\u00e9termin\u00e9s \u00e0 dire le bon droit. Pour mettre sa vie \u00e0 l&rsquo;abri, Mamy Kalonji Mbuyi elle, a d\u00e9cid\u00e9 elle, de vivre en clandestinit\u00e9.<\/p>\n\n\n\n<p>Merlin Kamalandua<\/p>\n","protected":false},"excerpt":{"rendered":"<p>R\u00e9daction :+243817406088 Alors que le chef de l&rsquo;\u00c9tat F\u00e9lix Tshisekedi va de l&rsquo;ind\u00e9pendance de la&#8230;<\/p>\n","protected":false},"author":2,"featured_media":0,"comment_status":"closed","ping_status":"open","sticky":false,"template":"","format":"standard","meta":{"_jetpack_memberships_contains_paid_content":false,"footnotes":""},"categories":[1],"tags":[],"class_list":["post-1283","post","type-post","status-publish","format-standard","hentry","category-non-classe"],"yoast_head":"<!-- This site is optimized with the Yoast SEO plugin v27.5 - https:\/\/yoast.com\/product\/yoast-seo-wordpress\/ -->\n<title>RDC: La juge Mamy Kalonji Mbuyi en ins\u00e9curit\u00e9 et vie en clandestinit\u00e9 - Infos Droits Humains<\/title>\n<meta name=\"robots\" content=\"index, follow, max-snippet:-1, max-image-preview:large, max-video-preview:-1\" \/>\n<link rel=\"canonical\" href=\"https:\/\/infos-droitshumains.net\/?p=1283\" \/>\n<meta property=\"og:locale\" content=\"fr_FR\" \/>\n<meta property=\"og:type\" content=\"article\" \/>\n<meta property=\"og:title\" content=\"RDC: La juge Mamy Kalonji Mbuyi en ins\u00e9curit\u00e9 et vie en clandestinit\u00e9 - Infos Droits Humains\" \/>\n<meta property=\"og:description\" content=\"R\u00e9daction :+243817406088 Alors que le chef de l&rsquo;\u00c9tat F\u00e9lix Tshisekedi va de l&rsquo;ind\u00e9pendance de la...\" \/>\n<meta property=\"og:url\" content=\"https:\/\/infos-droitshumains.net\/?p=1283\" \/>\n<meta property=\"og:site_name\" content=\"Infos Droits Humains\" \/>\n<meta property=\"article:published_time\" content=\"2021-11-05T09:30:54+00:00\" \/>\n<meta property=\"article:modified_time\" content=\"2023-04-06T10:11:05+00:00\" \/>\n<meta property=\"og:image\" content=\"https:\/\/infos-droitshumains.net\/wp-content\/uploads\/2021\/12\/IMG-20211213-WA0022_1-1024x773.jpg\" \/>\n<meta name=\"author\" content=\"Jo\u00ebl Diawa\" \/>\n<meta name=\"twitter:card\" content=\"summary_large_image\" \/>\n<meta name=\"twitter:label1\" content=\"\u00c9crit par\" \/>\n\t<meta name=\"twitter:data1\" content=\"Jo\u00ebl Diawa\" \/>\n\t<meta name=\"twitter:label2\" content=\"Dur\u00e9e de lecture estim\u00e9e\" \/>\n\t<meta name=\"twitter:data2\" content=\"6 minutes\" \/>\n<script type=\"application\/ld+json\" class=\"yoast-schema-graph\">{\"@context\":\"https:\\\/\\\/schema.org\",\"@graph\":[{\"@type\":\"Article\",\"@id\":\"https:\\\/\\\/infos-droitshumains.net\\\/?p=1283#article\",\"isPartOf\":{\"@id\":\"https:\\\/\\\/infos-droitshumains.net\\\/?p=1283\"},\"author\":{\"name\":\"Jo\u00ebl Diawa\",\"@id\":\"https:\\\/\\\/infos-droitshumains.net\\\/#\\\/schema\\\/person\\\/3dc5e921c3302172e0ed4362f96faab7\"},\"headline\":\"RDC: La juge Mamy Kalonji Mbuyi en ins\u00e9curit\u00e9 et vie en clandestinit\u00e9\",\"datePublished\":\"2021-11-05T09:30:54+00:00\",\"dateModified\":\"2023-04-06T10:11:05+00:00\",\"mainEntityOfPage\":{\"@id\":\"https:\\\/\\\/infos-droitshumains.net\\\/?p=1283\"},\"wordCount\":1202,\"publisher\":{\"@id\":\"https:\\\/\\\/infos-droitshumains.net\\\/#organization\"},\"image\":{\"@id\":\"https:\\\/\\\/infos-droitshumains.net\\\/?p=1283#primaryimage\"},\"thumbnailUrl\":\"https:\\\/\\\/infos-droitshumains.net\\\/wp-content\\\/uploads\\\/2021\\\/12\\\/IMG-20211213-WA0022_1-1024x773.jpg\",\"inLanguage\":\"fr-FR\"},{\"@type\":\"WebPage\",\"@id\":\"https:\\\/\\\/infos-droitshumains.net\\\/?p=1283\",\"url\":\"https:\\\/\\\/infos-droitshumains.net\\\/?p=1283\",\"name\":\"RDC: La juge Mamy Kalonji Mbuyi en ins\u00e9curit\u00e9 et vie en clandestinit\u00e9 - Infos Droits Humains\",\"isPartOf\":{\"@id\":\"https:\\\/\\\/infos-droitshumains.net\\\/#website\"},\"primaryImageOfPage\":{\"@id\":\"https:\\\/\\\/infos-droitshumains.net\\\/?p=1283#primaryimage\"},\"image\":{\"@id\":\"https:\\\/\\\/infos-droitshumains.net\\\/?p=1283#primaryimage\"},\"thumbnailUrl\":\"https:\\\/\\\/infos-droitshumains.net\\\/wp-content\\\/uploads\\\/2021\\\/12\\\/IMG-20211213-WA0022_1-1024x773.jpg\",\"datePublished\":\"2021-11-05T09:30:54+00:00\",\"dateModified\":\"2023-04-06T10:11:05+00:00\",\"breadcrumb\":{\"@id\":\"https:\\\/\\\/infos-droitshumains.net\\\/?p=1283#breadcrumb\"},\"inLanguage\":\"fr-FR\",\"potentialAction\":[{\"@type\":\"ReadAction\",\"target\":[\"https:\\\/\\\/infos-droitshumains.net\\\/?p=1283\"]}]},{\"@type\":\"ImageObject\",\"inLanguage\":\"fr-FR\",\"@id\":\"https:\\\/\\\/infos-droitshumains.net\\\/?p=1283#primaryimage\",\"url\":\"https:\\\/\\\/infos-droitshumains.net\\\/wp-content\\\/uploads\\\/2021\\\/12\\\/IMG-20211213-WA0022_1-1024x773.jpg\",\"contentUrl\":\"https:\\\/\\\/infos-droitshumains.net\\\/wp-content\\\/uploads\\\/2021\\\/12\\\/IMG-20211213-WA0022_1-1024x773.jpg\"},{\"@type\":\"BreadcrumbList\",\"@id\":\"https:\\\/\\\/infos-droitshumains.net\\\/?p=1283#breadcrumb\",\"itemListElement\":[{\"@type\":\"ListItem\",\"position\":1,\"name\":\"Accueil\",\"item\":\"https:\\\/\\\/infos-droitshumains.net\\\/\"},{\"@type\":\"ListItem\",\"position\":2,\"name\":\"RDC: La juge Mamy Kalonji Mbuyi en ins\u00e9curit\u00e9 et vie en clandestinit\u00e9\"}]},{\"@type\":\"WebSite\",\"@id\":\"https:\\\/\\\/infos-droitshumains.net\\\/#website\",\"url\":\"https:\\\/\\\/infos-droitshumains.net\\\/\",\"name\":\"Infos Droits Humains\",\"description\":\"S&#039;informer est un droit\",\"publisher\":{\"@id\":\"https:\\\/\\\/infos-droitshumains.net\\\/#organization\"},\"potentialAction\":[{\"@type\":\"SearchAction\",\"target\":{\"@type\":\"EntryPoint\",\"urlTemplate\":\"https:\\\/\\\/infos-droitshumains.net\\\/?s={search_term_string}\"},\"query-input\":{\"@type\":\"PropertyValueSpecification\",\"valueRequired\":true,\"valueName\":\"search_term_string\"}}],\"inLanguage\":\"fr-FR\"},{\"@type\":\"Organization\",\"@id\":\"https:\\\/\\\/infos-droitshumains.net\\\/#organization\",\"name\":\"Infos Droits Humains\",\"url\":\"https:\\\/\\\/infos-droitshumains.net\\\/\",\"logo\":{\"@type\":\"ImageObject\",\"inLanguage\":\"fr-FR\",\"@id\":\"https:\\\/\\\/infos-droitshumains.net\\\/#\\\/schema\\\/logo\\\/image\\\/\",\"url\":\"https:\\\/\\\/i0.wp.com\\\/infos-droitshumains.net\\\/wp-content\\\/uploads\\\/2022\\\/05\\\/Logo.png?fit=333%2C129&ssl=1\",\"contentUrl\":\"https:\\\/\\\/i0.wp.com\\\/infos-droitshumains.net\\\/wp-content\\\/uploads\\\/2022\\\/05\\\/Logo.png?fit=333%2C129&ssl=1\",\"width\":333,\"height\":129,\"caption\":\"Infos Droits Humains\"},\"image\":{\"@id\":\"https:\\\/\\\/infos-droitshumains.net\\\/#\\\/schema\\\/logo\\\/image\\\/\"}},{\"@type\":\"Person\",\"@id\":\"https:\\\/\\\/infos-droitshumains.net\\\/#\\\/schema\\\/person\\\/3dc5e921c3302172e0ed4362f96faab7\",\"name\":\"Jo\u00ebl Diawa\",\"image\":{\"@type\":\"ImageObject\",\"inLanguage\":\"fr-FR\",\"@id\":\"https:\\\/\\\/secure.gravatar.com\\\/avatar\\\/729bea6ff4604c624417803c477363be8e3c7186deaa65713313f9b4b820f41c?s=96&d=mm&r=g\",\"url\":\"https:\\\/\\\/secure.gravatar.com\\\/avatar\\\/729bea6ff4604c624417803c477363be8e3c7186deaa65713313f9b4b820f41c?s=96&d=mm&r=g\",\"contentUrl\":\"https:\\\/\\\/secure.gravatar.com\\\/avatar\\\/729bea6ff4604c624417803c477363be8e3c7186deaa65713313f9b4b820f41c?s=96&d=mm&r=g\",\"caption\":\"Jo\u00ebl Diawa\"},\"sameAs\":[\"https:\\\/\\\/www.infos-droitshumains.net\"],\"url\":\"https:\\\/\\\/infos-droitshumains.net\\\/?author=2\"}]}<\/script>\n<!-- \/ Yoast SEO plugin. -->","yoast_head_json":{"title":"RDC: La juge Mamy Kalonji Mbuyi en ins\u00e9curit\u00e9 et vie en clandestinit\u00e9 - Infos Droits Humains","robots":{"index":"index","follow":"follow","max-snippet":"max-snippet:-1","max-image-preview":"max-image-preview:large","max-video-preview":"max-video-preview:-1"},"canonical":"https:\/\/infos-droitshumains.net\/?p=1283","og_locale":"fr_FR","og_type":"article","og_title":"RDC: La juge Mamy Kalonji Mbuyi en ins\u00e9curit\u00e9 et vie en clandestinit\u00e9 - Infos Droits Humains","og_description":"R\u00e9daction :+243817406088 Alors que le chef de l&rsquo;\u00c9tat F\u00e9lix Tshisekedi va de l&rsquo;ind\u00e9pendance de la...","og_url":"https:\/\/infos-droitshumains.net\/?p=1283","og_site_name":"Infos Droits Humains","article_published_time":"2021-11-05T09:30:54+00:00","article_modified_time":"2023-04-06T10:11:05+00:00","og_image":[{"url":"https:\/\/infos-droitshumains.net\/wp-content\/uploads\/2021\/12\/IMG-20211213-WA0022_1-1024x773.jpg","type":"","width":"","height":""}],"author":"Jo\u00ebl Diawa","twitter_card":"summary_large_image","twitter_misc":{"\u00c9crit par":"Jo\u00ebl Diawa","Dur\u00e9e de lecture estim\u00e9e":"6 minutes"},"schema":{"@context":"https:\/\/schema.org","@graph":[{"@type":"Article","@id":"https:\/\/infos-droitshumains.net\/?p=1283#article","isPartOf":{"@id":"https:\/\/infos-droitshumains.net\/?p=1283"},"author":{"name":"Jo\u00ebl Diawa","@id":"https:\/\/infos-droitshumains.net\/#\/schema\/person\/3dc5e921c3302172e0ed4362f96faab7"},"headline":"RDC: La juge Mamy Kalonji Mbuyi en ins\u00e9curit\u00e9 et vie en clandestinit\u00e9","datePublished":"2021-11-05T09:30:54+00:00","dateModified":"2023-04-06T10:11:05+00:00","mainEntityOfPage":{"@id":"https:\/\/infos-droitshumains.net\/?p=1283"},"wordCount":1202,"publisher":{"@id":"https:\/\/infos-droitshumains.net\/#organization"},"image":{"@id":"https:\/\/infos-droitshumains.net\/?p=1283#primaryimage"},"thumbnailUrl":"https:\/\/infos-droitshumains.net\/wp-content\/uploads\/2021\/12\/IMG-20211213-WA0022_1-1024x773.jpg","inLanguage":"fr-FR"},{"@type":"WebPage","@id":"https:\/\/infos-droitshumains.net\/?p=1283","url":"https:\/\/infos-droitshumains.net\/?p=1283","name":"RDC: La juge Mamy Kalonji Mbuyi en ins\u00e9curit\u00e9 et vie en clandestinit\u00e9 - Infos Droits Humains","isPartOf":{"@id":"https:\/\/infos-droitshumains.net\/#website"},"primaryImageOfPage":{"@id":"https:\/\/infos-droitshumains.net\/?p=1283#primaryimage"},"image":{"@id":"https:\/\/infos-droitshumains.net\/?p=1283#primaryimage"},"thumbnailUrl":"https:\/\/infos-droitshumains.net\/wp-content\/uploads\/2021\/12\/IMG-20211213-WA0022_1-1024x773.jpg","datePublished":"2021-11-05T09:30:54+00:00","dateModified":"2023-04-06T10:11:05+00:00","breadcrumb":{"@id":"https:\/\/infos-droitshumains.net\/?p=1283#breadcrumb"},"inLanguage":"fr-FR","potentialAction":[{"@type":"ReadAction","target":["https:\/\/infos-droitshumains.net\/?p=1283"]}]},{"@type":"ImageObject","inLanguage":"fr-FR","@id":"https:\/\/infos-droitshumains.net\/?p=1283#primaryimage","url":"https:\/\/infos-droitshumains.net\/wp-content\/uploads\/2021\/12\/IMG-20211213-WA0022_1-1024x773.jpg","contentUrl":"https:\/\/infos-droitshumains.net\/wp-content\/uploads\/2021\/12\/IMG-20211213-WA0022_1-1024x773.jpg"},{"@type":"BreadcrumbList","@id":"https:\/\/infos-droitshumains.net\/?p=1283#breadcrumb","itemListElement":[{"@type":"ListItem","position":1,"name":"Accueil","item":"https:\/\/infos-droitshumains.net\/"},{"@type":"ListItem","position":2,"name":"RDC: La juge Mamy Kalonji Mbuyi en ins\u00e9curit\u00e9 et vie en clandestinit\u00e9"}]},{"@type":"WebSite","@id":"https:\/\/infos-droitshumains.net\/#website","url":"https:\/\/infos-droitshumains.net\/","name":"Infos Droits Humains","description":"S&#039;informer est un droit","publisher":{"@id":"https:\/\/infos-droitshumains.net\/#organization"},"potentialAction":[{"@type":"SearchAction","target":{"@type":"EntryPoint","urlTemplate":"https:\/\/infos-droitshumains.net\/?s={search_term_string}"},"query-input":{"@type":"PropertyValueSpecification","valueRequired":true,"valueName":"search_term_string"}}],"inLanguage":"fr-FR"},{"@type":"Organization","@id":"https:\/\/infos-droitshumains.net\/#organization","name":"Infos Droits Humains","url":"https:\/\/infos-droitshumains.net\/","logo":{"@type":"ImageObject","inLanguage":"fr-FR","@id":"https:\/\/infos-droitshumains.net\/#\/schema\/logo\/image\/","url":"https:\/\/i0.wp.com\/infos-droitshumains.net\/wp-content\/uploads\/2022\/05\/Logo.png?fit=333%2C129&ssl=1","contentUrl":"https:\/\/i0.wp.com\/infos-droitshumains.net\/wp-content\/uploads\/2022\/05\/Logo.png?fit=333%2C129&ssl=1","width":333,"height":129,"caption":"Infos Droits Humains"},"image":{"@id":"https:\/\/infos-droitshumains.net\/#\/schema\/logo\/image\/"}},{"@type":"Person","@id":"https:\/\/infos-droitshumains.net\/#\/schema\/person\/3dc5e921c3302172e0ed4362f96faab7","name":"Jo\u00ebl Diawa","image":{"@type":"ImageObject","inLanguage":"fr-FR","@id":"https:\/\/secure.gravatar.com\/avatar\/729bea6ff4604c624417803c477363be8e3c7186deaa65713313f9b4b820f41c?s=96&d=mm&r=g","url":"https:\/\/secure.gravatar.com\/avatar\/729bea6ff4604c624417803c477363be8e3c7186deaa65713313f9b4b820f41c?s=96&d=mm&r=g","contentUrl":"https:\/\/secure.gravatar.com\/avatar\/729bea6ff4604c624417803c477363be8e3c7186deaa65713313f9b4b820f41c?s=96&d=mm&r=g","caption":"Jo\u00ebl Diawa"},"sameAs":["https:\/\/www.infos-droitshumains.net"],"url":"https:\/\/infos-droitshumains.net\/?author=2"}]}},"featured_image_urls":{"full":"","thumbnail":"","medium":"","medium_large":"","large":"","1536x1536":"","2048x2048":"","covernews-slider-full":"","covernews-slider-center":"","covernews-featured":"","covernews-medium":"","covernews-medium-square":""},"author_info":{"display_name":"Jo\u00ebl Diawa","author_link":"https:\/\/infos-droitshumains.net\/?author=2"},"category_info":"<a href=\"https:\/\/infos-droitshumains.net\/?cat=1\" rel=\"category\">Non class\u00e9<\/a>","tag_info":"Non class\u00e9","comment_count":"0","jetpack_featured_media_url":"","jetpack-related-posts":[],"jetpack_sharing_enabled":true,"_links":{"self":[{"href":"https:\/\/infos-droitshumains.net\/index.php?rest_route=\/wp\/v2\/posts\/1283","targetHints":{"allow":["GET"]}}],"collection":[{"href":"https:\/\/infos-droitshumains.net\/index.php?rest_route=\/wp\/v2\/posts"}],"about":[{"href":"https:\/\/infos-droitshumains.net\/index.php?rest_route=\/wp\/v2\/types\/post"}],"author":[{"embeddable":true,"href":"https:\/\/infos-droitshumains.net\/index.php?rest_route=\/wp\/v2\/users\/2"}],"replies":[{"embeddable":true,"href":"https:\/\/infos-droitshumains.net\/index.php?rest_route=%2Fwp%2Fv2%2Fcomments&post=1283"}],"version-history":[{"count":2,"href":"https:\/\/infos-droitshumains.net\/index.php?rest_route=\/wp\/v2\/posts\/1283\/revisions"}],"predecessor-version":[{"id":1288,"href":"https:\/\/infos-droitshumains.net\/index.php?rest_route=\/wp\/v2\/posts\/1283\/revisions\/1288"}],"wp:attachment":[{"href":"https:\/\/infos-droitshumains.net\/index.php?rest_route=%2Fwp%2Fv2%2Fmedia&parent=1283"}],"wp:term":[{"taxonomy":"category","embeddable":true,"href":"https:\/\/infos-droitshumains.net\/index.php?rest_route=%2Fwp%2Fv2%2Fcategories&post=1283"},{"taxonomy":"post_tag","embeddable":true,"href":"https:\/\/infos-droitshumains.net\/index.php?rest_route=%2Fwp%2Fv2%2Ftags&post=1283"}],"curies":[{"name":"wp","href":"https:\/\/api.w.org\/{rel}","templated":true}]}}