{"id":12770,"date":"2025-02-26T08:57:52","date_gmt":"2025-02-26T07:57:52","guid":{"rendered":"https:\/\/infos-droitshumains.net\/?p=12770"},"modified":"2025-02-26T13:51:50","modified_gmt":"2025-02-26T12:51:50","slug":"scandale-a-la-cour-dappel-de-kinshasa-matete-dans-laffaire-qui-oppose-les-associes-de-mwant-jet-qui-aurait-ordonne-dacte-lappel-dun-parti-sans-pres","status":"publish","type":"post","link":"https:\/\/infos-droitshumains.net\/?p=12770","title":{"rendered":"Scandale \u00e0 la Cour d\u2019Appel de Kinshasa\/Matete\u00a0: Dans l\u2019affaire qui oppose les associ\u00e9s de la Soci\u00e9t\u00e9 Mwant Jet, qui a ordonn\u00e9 d\u2019acter l\u2019appel d\u2019une partie sans pr\u00e9sentation du jugement attaqu\u00e9\u00a0?"},"content":{"rendered":"\n<p><strong>R\u00e9daction : +243 817 406 088<\/strong><\/p>\n\n\n\n<h3 class=\"wp-block-heading has-vivid-red-color has-text-color has-link-color wp-elements-1e1c7e72b3d7e5f6a03297ec3e4f5680\">Encore des dilatoires pour emp\u00eacher la nomination d\u2019un nouvel Administrateur Provisoire au sein de la soci\u00e9t\u00e9 &nbsp;Mwant Jet Sarl. Et cette fois-ci, les autorit\u00e9s judiciaires auraient \u00e9t\u00e9 impliqu\u00e9es afin de pouvoir favoriser cette man\u0153uvre.<\/h3>\n\n\n\n<p>Alors que Michael Yav (Associ\u00e9 \u00e0 Mwant Jet) avait saisi le Tribunal de Commerce de Kinshasa\/Matete pour la d\u00e9signation d\u2019un nouvel Administrateur Provisoire apr\u00e8s la d\u00e9mission de Jean-Pierre Pfingu Nsuami pour des raisons de sant\u00e9, le Tribunal avait appel\u00e9 la cause lors de son audience du mercredi 12 f\u00e9vrier 2025. S\u2019\u00e9tant valablement saisi \u00e0 l\u2019\u00e9gard des parties, le tribunal avait, sur demande des avocats de Gueda Yav (associ\u00e9e) qui avaient soulev\u00e9 un pr\u00e9alable demandant la communication des pi\u00e8ces, renvoy\u00e9 la cause au vendredi 21 f\u00e9vrier afin de parfaire la mise en \u00e9tat.<\/p>\n\n\n\n<p>Le m\u00eame jour, les avocats de Michael Yav ont communiqu\u00e9 leur dossier des pi\u00e8ces \u00e0 leur confr\u00e8re avocats de l\u2019autre partie. Alors que cette derni\u00e8re avait visiblement sollicit\u00e9&nbsp; cette remise pour lui permettre de faire appel sous RCEA 341 contre <strong><em>\u2018\u2019la saisine du tribunal\u2019\u2019<\/em><\/strong> et intenter une action en <strong><em>\u2018\u2019suspicion l\u00e9gitime\u2019\u2019<\/em><\/strong> sous RR 1771 contre le Tribunal de Commerce de Kinshasa\/Matete.<\/p>\n\n\n\n<p>Deux irr\u00e9gularit\u00e9s se d\u00e9gagent n\u00e9anmoins dans les deux proc\u00e9dures sus \u00e9voqu\u00e9es. En ce qui concerne la suspicion l\u00e9gitime, les enqu\u00eates men\u00e9es par la r\u00e9daction du Journal T\u00e9l\u00e9vis\u00e9 des Droits Humains r\u00e9v\u00e8lent une violation flagrante de la circulaire du Premier Pr\u00e9sident de la Cour de Cassation par la Cour d\u2019Appel de Kinshasa\/Matete. Cette derni\u00e8re tient les audiences de renvoi de juridiction tous les vendredis alors que la note circulaire instruit que ces audiences soient organis\u00e9es trimestriellement.<\/p>\n\n\n\n<p>Outre l\u2019insubordination caract\u00e9ris\u00e9e, cette juridiction a \u00e9galement brill\u00e9 par une sorte de laxisme et\/ou de complaisance. La partie Gueda Yav a introduit sa requ\u00eate en renvoi de juridiction le jeudi 13 f\u00e9vrier pour une affaire qui devait passer le vendredi 14 f\u00e9vrier, alors que l\u2019extrait de r\u00f4le des affaires retenues pour les audiences du vendredi avait d\u00e9j\u00e0 \u00e9t\u00e9 sign\u00e9 depuis le mercredi 12 f\u00e9vrier. La partie Gueda a-t-elle r\u00e9ussi \u00e0 introduire <strong><em>\u2018\u2019frauduleusement\u2019\u2019<\/em><\/strong> son affaire et surtout que dans l\u2019extrait des r\u00f4les, elle a \u00e9t\u00e9 inscrite en manuscrit&nbsp;? Si non, par quel m\u00e9canisme cette affaire a pu \u00eatre inscrite&nbsp;? Comment le Premier Pr\u00e9sident de cette Cour est parvenu \u00e0 aller \u00e0 l\u2019encontre de sa propre instruction interdisant d\u2019ajouter \u00e0 l\u2019extrait de r\u00f4le une affaire enr\u00f4l\u00e9e alors que l\u2019extrait de r\u00f4le est d\u00e9j\u00e0 \u00e9tabli&nbsp;? Dans cette affaire la Cour a donn\u00e9 acte \u00e0 Gueda YAV de sa requ\u00eate le 14 f\u00e9vrier apr\u00e8s avoir pris en d\u00e9lib\u00e9r\u00e9 le dossier le m\u00eame jour.<\/p>\n\n\n\n<p>&nbsp;Contre toute attente cette m\u00eame partie s\u2019est pr\u00e9sent\u00e9e au greffe de la Cour sans brandir la pr\u00e9tendue&nbsp; d\u00e9cision attaqu\u00e9e, sollicitant du greffe son implication pour qu\u2019elle puisse acter son appel. Cette demande a \u00e9t\u00e9 premi\u00e8rement refus\u00e9e renvoyant les avocats afin d\u2019apporter la d\u00e9cision attaqu\u00e9e avant d\u2019acter appel. Le lendemain, la m\u00eame partie est rentr\u00e9e \u00e0 la cour, cette fois-ci, avec probablement la b\u00e9n\u00e9diction d\u2019une haute autorit\u00e9 judiciaire qui aurait intim\u00e9 l\u2019ordre au greffier d\u2019acter appel m\u00eame \u00e0 l\u2019absence de la d\u00e9cision attaqu\u00e9e. Les sources contact\u00e9es par notre r\u00e9daction r\u00e9v\u00e8lent d\u2019abord qu\u2019il n\u2019existait pas une d\u00e9cision attaqu\u00e9e parmi les pi\u00e8ces du dossier et en suite, Gueda Yav aurait re\u00e7u \u00e0 faire act\u00e9 appel sans toutefois proc\u00e9der au paiement de frais de consignation.<\/p>\n\n\n\n<p>L\u2019on peut tout de m\u00eame s\u2019interroger sur le bienfond\u00e9 d\u2019un tel appel quand l\u2019on sait qu\u2019une d\u00e9cision de saisine n\u2019est pas appelable et qu\u2019un tel appel est irrecevable de par la volont\u00e9 du l\u00e9gislateur. Il s\u2019agit l\u00e0 ni plus ni moins que d\u2019une tentative d\u2019emp\u00eacher la r\u00e9alisation de l\u2019audit des comptes de la Soci\u00e9t\u00e9 Mwant Jet Sarl et c\u2019est dangereux que certains acteurs de la justice soient utilis\u00e9e \u00e0 cette fin.<\/p>\n\n\n\n<p>Cette p\u00e9rip\u00e9tie frise la corruption\u00a0mais, des lors que l\u2019on connait le s\u00e9rieux et la rigueur du Premier Pr\u00e9sident de la Cour d\u2019Appel de Kinshasa\/Matete, l\u2019on ne peut \u00e0 aucun cas imaginer un tel sc\u00e9nario dans sa juridiction. Les observateurs avertis s&rsquo;interrogent n\u00e9anmoins : <strong><em>\u00ab\u00a0quel est ce greffier aussi audacieux qu\u2019il soit, qui oserait prendre un tel risque sans la b\u00e9n\u00e9diction des autorit\u00e9s ?\u00a0\u00bb<\/em><\/strong> Difficile d&rsquo;en savoir mais, la r\u00e9alit\u00e9 est telle qu&rsquo;elle ; le Premier Pr\u00e9sident doit agir avec fermet\u00e9 et promptitude afin que son image et sa r\u00e9putation b\u00e2tie sur des bases solides ne soient pas \u00e9corn\u00e9es.<\/p>\n\n\n\n<p>La R\u00e9daction<\/p>\n","protected":false},"excerpt":{"rendered":"<p>R\u00e9daction : +243 817 406 088 Encore des dilatoires pour emp\u00eacher la nomination d\u2019un nouvel&#8230;<\/p>\n","protected":false},"author":2,"featured_media":12778,"comment_status":"open","ping_status":"open","sticky":false,"template":"","format":"standard","meta":{"_jetpack_memberships_contains_paid_content":false,"footnotes":""},"categories":[6],"tags":[],"class_list":["post-12770","post","type-post","status-publish","format-standard","has-post-thumbnail","hentry","category-justice"],"yoast_head":"<!-- This site is optimized with the Yoast SEO plugin v27.5 - https:\/\/yoast.com\/product\/yoast-seo-wordpress\/ -->\n<title>Scandale \u00e0 la Cour d\u2019Appel de Kinshasa\/Matete\u00a0: Dans l\u2019affaire qui oppose les associ\u00e9s de la Soci\u00e9t\u00e9 Mwant Jet, qui a ordonn\u00e9 d\u2019acter l\u2019appel d\u2019une partie sans pr\u00e9sentation du jugement attaqu\u00e9\u00a0? - Infos Droits Humains<\/title>\n<meta name=\"robots\" content=\"index, follow, max-snippet:-1, max-image-preview:large, max-video-preview:-1\" \/>\n<link rel=\"canonical\" href=\"https:\/\/infos-droitshumains.net\/?p=12770\" \/>\n<meta property=\"og:locale\" content=\"fr_FR\" \/>\n<meta property=\"og:type\" content=\"article\" \/>\n<meta property=\"og:title\" content=\"Scandale \u00e0 la Cour d\u2019Appel de Kinshasa\/Matete\u00a0: Dans l\u2019affaire qui oppose les associ\u00e9s de la Soci\u00e9t\u00e9 Mwant Jet, qui a ordonn\u00e9 d\u2019acter l\u2019appel d\u2019une partie sans pr\u00e9sentation du jugement attaqu\u00e9\u00a0? - Infos Droits Humains\" \/>\n<meta property=\"og:description\" content=\"R\u00e9daction : +243 817 406 088 Encore des dilatoires pour emp\u00eacher la nomination d\u2019un nouvel...\" \/>\n<meta property=\"og:url\" content=\"https:\/\/infos-droitshumains.net\/?p=12770\" \/>\n<meta property=\"og:site_name\" content=\"Infos Droits Humains\" \/>\n<meta property=\"article:published_time\" content=\"2025-02-26T07:57:52+00:00\" \/>\n<meta property=\"article:modified_time\" content=\"2025-02-26T12:51:50+00:00\" \/>\n<meta property=\"og:image\" content=\"https:\/\/infos-droitshumains.net\/wp-content\/uploads\/2025\/02\/1-2.jpeg\" \/>\n\t<meta property=\"og:image:width\" content=\"640\" \/>\n\t<meta property=\"og:image:height\" content=\"350\" \/>\n\t<meta property=\"og:image:type\" content=\"image\/jpeg\" \/>\n<meta name=\"author\" content=\"Jo\u00ebl Diawa\" \/>\n<meta name=\"twitter:card\" content=\"summary_large_image\" \/>\n<meta name=\"twitter:label1\" content=\"\u00c9crit par\" \/>\n\t<meta name=\"twitter:data1\" content=\"Jo\u00ebl Diawa\" \/>\n\t<meta name=\"twitter:label2\" content=\"Dur\u00e9e de lecture estim\u00e9e\" \/>\n\t<meta name=\"twitter:data2\" content=\"4 minutes\" \/>\n<script type=\"application\/ld+json\" class=\"yoast-schema-graph\">{\"@context\":\"https:\\\/\\\/schema.org\",\"@graph\":[{\"@type\":\"Article\",\"@id\":\"https:\\\/\\\/infos-droitshumains.net\\\/?p=12770#article\",\"isPartOf\":{\"@id\":\"https:\\\/\\\/infos-droitshumains.net\\\/?p=12770\"},\"author\":{\"name\":\"Jo\u00ebl Diawa\",\"@id\":\"https:\\\/\\\/infos-droitshumains.net\\\/#\\\/schema\\\/person\\\/3dc5e921c3302172e0ed4362f96faab7\"},\"headline\":\"Scandale \u00e0 la Cour d\u2019Appel de Kinshasa\\\/Matete\u00a0: Dans l\u2019affaire qui oppose les associ\u00e9s de la Soci\u00e9t\u00e9 Mwant Jet, qui a ordonn\u00e9 d\u2019acter l\u2019appel d\u2019une partie sans pr\u00e9sentation du jugement attaqu\u00e9\u00a0?\",\"datePublished\":\"2025-02-26T07:57:52+00:00\",\"dateModified\":\"2025-02-26T12:51:50+00:00\",\"mainEntityOfPage\":{\"@id\":\"https:\\\/\\\/infos-droitshumains.net\\\/?p=12770\"},\"wordCount\":887,\"commentCount\":0,\"publisher\":{\"@id\":\"https:\\\/\\\/infos-droitshumains.net\\\/#organization\"},\"image\":{\"@id\":\"https:\\\/\\\/infos-droitshumains.net\\\/?p=12770#primaryimage\"},\"thumbnailUrl\":\"https:\\\/\\\/i0.wp.com\\\/infos-droitshumains.net\\\/wp-content\\\/uploads\\\/2025\\\/02\\\/1-2.jpeg?fit=640%2C350&ssl=1\",\"articleSection\":[\"Justice\"],\"inLanguage\":\"fr-FR\",\"potentialAction\":[{\"@type\":\"CommentAction\",\"name\":\"Comment\",\"target\":[\"https:\\\/\\\/infos-droitshumains.net\\\/?p=12770#respond\"]}]},{\"@type\":\"WebPage\",\"@id\":\"https:\\\/\\\/infos-droitshumains.net\\\/?p=12770\",\"url\":\"https:\\\/\\\/infos-droitshumains.net\\\/?p=12770\",\"name\":\"Scandale \u00e0 la Cour d\u2019Appel de Kinshasa\\\/Matete\u00a0: Dans l\u2019affaire qui oppose les associ\u00e9s de la Soci\u00e9t\u00e9 Mwant Jet, qui a ordonn\u00e9 d\u2019acter l\u2019appel d\u2019une partie sans pr\u00e9sentation du jugement attaqu\u00e9\u00a0? - Infos Droits Humains\",\"isPartOf\":{\"@id\":\"https:\\\/\\\/infos-droitshumains.net\\\/#website\"},\"primaryImageOfPage\":{\"@id\":\"https:\\\/\\\/infos-droitshumains.net\\\/?p=12770#primaryimage\"},\"image\":{\"@id\":\"https:\\\/\\\/infos-droitshumains.net\\\/?p=12770#primaryimage\"},\"thumbnailUrl\":\"https:\\\/\\\/i0.wp.com\\\/infos-droitshumains.net\\\/wp-content\\\/uploads\\\/2025\\\/02\\\/1-2.jpeg?fit=640%2C350&ssl=1\",\"datePublished\":\"2025-02-26T07:57:52+00:00\",\"dateModified\":\"2025-02-26T12:51:50+00:00\",\"breadcrumb\":{\"@id\":\"https:\\\/\\\/infos-droitshumains.net\\\/?p=12770#breadcrumb\"},\"inLanguage\":\"fr-FR\",\"potentialAction\":[{\"@type\":\"ReadAction\",\"target\":[\"https:\\\/\\\/infos-droitshumains.net\\\/?p=12770\"]}]},{\"@type\":\"ImageObject\",\"inLanguage\":\"fr-FR\",\"@id\":\"https:\\\/\\\/infos-droitshumains.net\\\/?p=12770#primaryimage\",\"url\":\"https:\\\/\\\/i0.wp.com\\\/infos-droitshumains.net\\\/wp-content\\\/uploads\\\/2025\\\/02\\\/1-2.jpeg?fit=640%2C350&ssl=1\",\"contentUrl\":\"https:\\\/\\\/i0.wp.com\\\/infos-droitshumains.net\\\/wp-content\\\/uploads\\\/2025\\\/02\\\/1-2.jpeg?fit=640%2C350&ssl=1\",\"width\":640,\"height\":350},{\"@type\":\"BreadcrumbList\",\"@id\":\"https:\\\/\\\/infos-droitshumains.net\\\/?p=12770#breadcrumb\",\"itemListElement\":[{\"@type\":\"ListItem\",\"position\":1,\"name\":\"Accueil\",\"item\":\"https:\\\/\\\/infos-droitshumains.net\\\/\"},{\"@type\":\"ListItem\",\"position\":2,\"name\":\"Scandale \u00e0 la Cour d\u2019Appel de Kinshasa\\\/Matete\u00a0: Dans l\u2019affaire qui oppose les associ\u00e9s de la Soci\u00e9t\u00e9 Mwant Jet, qui a ordonn\u00e9 d\u2019acter l\u2019appel d\u2019une partie sans pr\u00e9sentation du jugement attaqu\u00e9\u00a0?\"}]},{\"@type\":\"WebSite\",\"@id\":\"https:\\\/\\\/infos-droitshumains.net\\\/#website\",\"url\":\"https:\\\/\\\/infos-droitshumains.net\\\/\",\"name\":\"Infos Droits Humains\",\"description\":\"S&#039;informer est un droit\",\"publisher\":{\"@id\":\"https:\\\/\\\/infos-droitshumains.net\\\/#organization\"},\"potentialAction\":[{\"@type\":\"SearchAction\",\"target\":{\"@type\":\"EntryPoint\",\"urlTemplate\":\"https:\\\/\\\/infos-droitshumains.net\\\/?s={search_term_string}\"},\"query-input\":{\"@type\":\"PropertyValueSpecification\",\"valueRequired\":true,\"valueName\":\"search_term_string\"}}],\"inLanguage\":\"fr-FR\"},{\"@type\":\"Organization\",\"@id\":\"https:\\\/\\\/infos-droitshumains.net\\\/#organization\",\"name\":\"Infos Droits Humains\",\"url\":\"https:\\\/\\\/infos-droitshumains.net\\\/\",\"logo\":{\"@type\":\"ImageObject\",\"inLanguage\":\"fr-FR\",\"@id\":\"https:\\\/\\\/infos-droitshumains.net\\\/#\\\/schema\\\/logo\\\/image\\\/\",\"url\":\"https:\\\/\\\/i0.wp.com\\\/infos-droitshumains.net\\\/wp-content\\\/uploads\\\/2022\\\/05\\\/Logo.png?fit=333%2C129&ssl=1\",\"contentUrl\":\"https:\\\/\\\/i0.wp.com\\\/infos-droitshumains.net\\\/wp-content\\\/uploads\\\/2022\\\/05\\\/Logo.png?fit=333%2C129&ssl=1\",\"width\":333,\"height\":129,\"caption\":\"Infos Droits Humains\"},\"image\":{\"@id\":\"https:\\\/\\\/infos-droitshumains.net\\\/#\\\/schema\\\/logo\\\/image\\\/\"}},{\"@type\":\"Person\",\"@id\":\"https:\\\/\\\/infos-droitshumains.net\\\/#\\\/schema\\\/person\\\/3dc5e921c3302172e0ed4362f96faab7\",\"name\":\"Jo\u00ebl Diawa\",\"image\":{\"@type\":\"ImageObject\",\"inLanguage\":\"fr-FR\",\"@id\":\"https:\\\/\\\/secure.gravatar.com\\\/avatar\\\/729bea6ff4604c624417803c477363be8e3c7186deaa65713313f9b4b820f41c?s=96&d=mm&r=g\",\"url\":\"https:\\\/\\\/secure.gravatar.com\\\/avatar\\\/729bea6ff4604c624417803c477363be8e3c7186deaa65713313f9b4b820f41c?s=96&d=mm&r=g\",\"contentUrl\":\"https:\\\/\\\/secure.gravatar.com\\\/avatar\\\/729bea6ff4604c624417803c477363be8e3c7186deaa65713313f9b4b820f41c?s=96&d=mm&r=g\",\"caption\":\"Jo\u00ebl Diawa\"},\"sameAs\":[\"https:\\\/\\\/www.infos-droitshumains.net\"],\"url\":\"https:\\\/\\\/infos-droitshumains.net\\\/?author=2\"}]}<\/script>\n<!-- \/ Yoast SEO plugin. -->","yoast_head_json":{"title":"Scandale \u00e0 la Cour d\u2019Appel de Kinshasa\/Matete\u00a0: Dans l\u2019affaire qui oppose les associ\u00e9s de la Soci\u00e9t\u00e9 Mwant Jet, qui a ordonn\u00e9 d\u2019acter l\u2019appel d\u2019une partie sans pr\u00e9sentation du jugement attaqu\u00e9\u00a0? - Infos Droits Humains","robots":{"index":"index","follow":"follow","max-snippet":"max-snippet:-1","max-image-preview":"max-image-preview:large","max-video-preview":"max-video-preview:-1"},"canonical":"https:\/\/infos-droitshumains.net\/?p=12770","og_locale":"fr_FR","og_type":"article","og_title":"Scandale \u00e0 la Cour d\u2019Appel de Kinshasa\/Matete\u00a0: Dans l\u2019affaire qui oppose les associ\u00e9s de la Soci\u00e9t\u00e9 Mwant Jet, qui a ordonn\u00e9 d\u2019acter l\u2019appel d\u2019une partie sans pr\u00e9sentation du jugement attaqu\u00e9\u00a0? - Infos Droits Humains","og_description":"R\u00e9daction : +243 817 406 088 Encore des dilatoires pour emp\u00eacher la nomination d\u2019un nouvel...","og_url":"https:\/\/infos-droitshumains.net\/?p=12770","og_site_name":"Infos Droits Humains","article_published_time":"2025-02-26T07:57:52+00:00","article_modified_time":"2025-02-26T12:51:50+00:00","og_image":[{"width":640,"height":350,"url":"https:\/\/infos-droitshumains.net\/wp-content\/uploads\/2025\/02\/1-2.jpeg","type":"image\/jpeg"}],"author":"Jo\u00ebl Diawa","twitter_card":"summary_large_image","twitter_misc":{"\u00c9crit par":"Jo\u00ebl Diawa","Dur\u00e9e de lecture estim\u00e9e":"4 minutes"},"schema":{"@context":"https:\/\/schema.org","@graph":[{"@type":"Article","@id":"https:\/\/infos-droitshumains.net\/?p=12770#article","isPartOf":{"@id":"https:\/\/infos-droitshumains.net\/?p=12770"},"author":{"name":"Jo\u00ebl Diawa","@id":"https:\/\/infos-droitshumains.net\/#\/schema\/person\/3dc5e921c3302172e0ed4362f96faab7"},"headline":"Scandale \u00e0 la Cour d\u2019Appel de Kinshasa\/Matete\u00a0: Dans l\u2019affaire qui oppose les associ\u00e9s de la Soci\u00e9t\u00e9 Mwant Jet, qui a ordonn\u00e9 d\u2019acter l\u2019appel d\u2019une partie sans pr\u00e9sentation du jugement attaqu\u00e9\u00a0?","datePublished":"2025-02-26T07:57:52+00:00","dateModified":"2025-02-26T12:51:50+00:00","mainEntityOfPage":{"@id":"https:\/\/infos-droitshumains.net\/?p=12770"},"wordCount":887,"commentCount":0,"publisher":{"@id":"https:\/\/infos-droitshumains.net\/#organization"},"image":{"@id":"https:\/\/infos-droitshumains.net\/?p=12770#primaryimage"},"thumbnailUrl":"https:\/\/i0.wp.com\/infos-droitshumains.net\/wp-content\/uploads\/2025\/02\/1-2.jpeg?fit=640%2C350&ssl=1","articleSection":["Justice"],"inLanguage":"fr-FR","potentialAction":[{"@type":"CommentAction","name":"Comment","target":["https:\/\/infos-droitshumains.net\/?p=12770#respond"]}]},{"@type":"WebPage","@id":"https:\/\/infos-droitshumains.net\/?p=12770","url":"https:\/\/infos-droitshumains.net\/?p=12770","name":"Scandale \u00e0 la Cour d\u2019Appel de Kinshasa\/Matete\u00a0: Dans l\u2019affaire qui oppose les associ\u00e9s de la Soci\u00e9t\u00e9 Mwant Jet, qui a ordonn\u00e9 d\u2019acter l\u2019appel d\u2019une partie sans pr\u00e9sentation du jugement attaqu\u00e9\u00a0? - Infos Droits Humains","isPartOf":{"@id":"https:\/\/infos-droitshumains.net\/#website"},"primaryImageOfPage":{"@id":"https:\/\/infos-droitshumains.net\/?p=12770#primaryimage"},"image":{"@id":"https:\/\/infos-droitshumains.net\/?p=12770#primaryimage"},"thumbnailUrl":"https:\/\/i0.wp.com\/infos-droitshumains.net\/wp-content\/uploads\/2025\/02\/1-2.jpeg?fit=640%2C350&ssl=1","datePublished":"2025-02-26T07:57:52+00:00","dateModified":"2025-02-26T12:51:50+00:00","breadcrumb":{"@id":"https:\/\/infos-droitshumains.net\/?p=12770#breadcrumb"},"inLanguage":"fr-FR","potentialAction":[{"@type":"ReadAction","target":["https:\/\/infos-droitshumains.net\/?p=12770"]}]},{"@type":"ImageObject","inLanguage":"fr-FR","@id":"https:\/\/infos-droitshumains.net\/?p=12770#primaryimage","url":"https:\/\/i0.wp.com\/infos-droitshumains.net\/wp-content\/uploads\/2025\/02\/1-2.jpeg?fit=640%2C350&ssl=1","contentUrl":"https:\/\/i0.wp.com\/infos-droitshumains.net\/wp-content\/uploads\/2025\/02\/1-2.jpeg?fit=640%2C350&ssl=1","width":640,"height":350},{"@type":"BreadcrumbList","@id":"https:\/\/infos-droitshumains.net\/?p=12770#breadcrumb","itemListElement":[{"@type":"ListItem","position":1,"name":"Accueil","item":"https:\/\/infos-droitshumains.net\/"},{"@type":"ListItem","position":2,"name":"Scandale \u00e0 la Cour d\u2019Appel de Kinshasa\/Matete\u00a0: Dans l\u2019affaire qui oppose les associ\u00e9s de la Soci\u00e9t\u00e9 Mwant Jet, qui a ordonn\u00e9 d\u2019acter l\u2019appel d\u2019une partie sans pr\u00e9sentation du jugement attaqu\u00e9\u00a0?"}]},{"@type":"WebSite","@id":"https:\/\/infos-droitshumains.net\/#website","url":"https:\/\/infos-droitshumains.net\/","name":"Infos Droits Humains","description":"S&#039;informer est un droit","publisher":{"@id":"https:\/\/infos-droitshumains.net\/#organization"},"potentialAction":[{"@type":"SearchAction","target":{"@type":"EntryPoint","urlTemplate":"https:\/\/infos-droitshumains.net\/?s={search_term_string}"},"query-input":{"@type":"PropertyValueSpecification","valueRequired":true,"valueName":"search_term_string"}}],"inLanguage":"fr-FR"},{"@type":"Organization","@id":"https:\/\/infos-droitshumains.net\/#organization","name":"Infos Droits Humains","url":"https:\/\/infos-droitshumains.net\/","logo":{"@type":"ImageObject","inLanguage":"fr-FR","@id":"https:\/\/infos-droitshumains.net\/#\/schema\/logo\/image\/","url":"https:\/\/i0.wp.com\/infos-droitshumains.net\/wp-content\/uploads\/2022\/05\/Logo.png?fit=333%2C129&ssl=1","contentUrl":"https:\/\/i0.wp.com\/infos-droitshumains.net\/wp-content\/uploads\/2022\/05\/Logo.png?fit=333%2C129&ssl=1","width":333,"height":129,"caption":"Infos Droits Humains"},"image":{"@id":"https:\/\/infos-droitshumains.net\/#\/schema\/logo\/image\/"}},{"@type":"Person","@id":"https:\/\/infos-droitshumains.net\/#\/schema\/person\/3dc5e921c3302172e0ed4362f96faab7","name":"Jo\u00ebl Diawa","image":{"@type":"ImageObject","inLanguage":"fr-FR","@id":"https:\/\/secure.gravatar.com\/avatar\/729bea6ff4604c624417803c477363be8e3c7186deaa65713313f9b4b820f41c?s=96&d=mm&r=g","url":"https:\/\/secure.gravatar.com\/avatar\/729bea6ff4604c624417803c477363be8e3c7186deaa65713313f9b4b820f41c?s=96&d=mm&r=g","contentUrl":"https:\/\/secure.gravatar.com\/avatar\/729bea6ff4604c624417803c477363be8e3c7186deaa65713313f9b4b820f41c?s=96&d=mm&r=g","caption":"Jo\u00ebl Diawa"},"sameAs":["https:\/\/www.infos-droitshumains.net"],"url":"https:\/\/infos-droitshumains.net\/?author=2"}]}},"featured_image_urls":{"full":["https:\/\/i0.wp.com\/infos-droitshumains.net\/wp-content\/uploads\/2025\/02\/1-2.jpeg?fit=640%2C350&ssl=1",640,350,false],"thumbnail":["https:\/\/i0.wp.com\/infos-droitshumains.net\/wp-content\/uploads\/2025\/02\/1-2.jpeg?resize=150%2C150&ssl=1",150,150,true],"medium":["https:\/\/i0.wp.com\/infos-droitshumains.net\/wp-content\/uploads\/2025\/02\/1-2.jpeg?fit=300%2C164&ssl=1",300,164,true],"medium_large":["https:\/\/i0.wp.com\/infos-droitshumains.net\/wp-content\/uploads\/2025\/02\/1-2.jpeg?fit=640%2C350&ssl=1",640,350,true],"large":["https:\/\/i0.wp.com\/infos-droitshumains.net\/wp-content\/uploads\/2025\/02\/1-2.jpeg?fit=640%2C350&ssl=1",640,350,true],"1536x1536":["https:\/\/i0.wp.com\/infos-droitshumains.net\/wp-content\/uploads\/2025\/02\/1-2.jpeg?fit=640%2C350&ssl=1",640,350,true],"2048x2048":["https:\/\/i0.wp.com\/infos-droitshumains.net\/wp-content\/uploads\/2025\/02\/1-2.jpeg?fit=640%2C350&ssl=1",640,350,true],"covernews-slider-full":["https:\/\/i0.wp.com\/infos-droitshumains.net\/wp-content\/uploads\/2025\/02\/1-2.jpeg?resize=640%2C350&ssl=1",640,350,true],"covernews-slider-center":["https:\/\/i0.wp.com\/infos-droitshumains.net\/wp-content\/uploads\/2025\/02\/1-2.jpeg?resize=640%2C350&ssl=1",640,350,true],"covernews-featured":["https:\/\/i0.wp.com\/infos-droitshumains.net\/wp-content\/uploads\/2025\/02\/1-2.jpeg?fit=640%2C350&ssl=1",640,350,true],"covernews-medium":["https:\/\/i0.wp.com\/infos-droitshumains.net\/wp-content\/uploads\/2025\/02\/1-2.jpeg?resize=540%2C340&ssl=1",540,340,true],"covernews-medium-square":["https:\/\/i0.wp.com\/infos-droitshumains.net\/wp-content\/uploads\/2025\/02\/1-2.jpeg?resize=400%2C250&ssl=1",400,250,true]},"author_info":{"display_name":"Jo\u00ebl Diawa","author_link":"https:\/\/infos-droitshumains.net\/?author=2"},"category_info":"<a href=\"https:\/\/infos-droitshumains.net\/?cat=6\" rel=\"category\">Justice<\/a>","tag_info":"Justice","comment_count":"0","jetpack_featured_media_url":"https:\/\/i0.wp.com\/infos-droitshumains.net\/wp-content\/uploads\/2025\/02\/1-2.jpeg?fit=640%2C350&ssl=1","jetpack-related-posts":[],"jetpack_sharing_enabled":true,"_links":{"self":[{"href":"https:\/\/infos-droitshumains.net\/index.php?rest_route=\/wp\/v2\/posts\/12770","targetHints":{"allow":["GET"]}}],"collection":[{"href":"https:\/\/infos-droitshumains.net\/index.php?rest_route=\/wp\/v2\/posts"}],"about":[{"href":"https:\/\/infos-droitshumains.net\/index.php?rest_route=\/wp\/v2\/types\/post"}],"author":[{"embeddable":true,"href":"https:\/\/infos-droitshumains.net\/index.php?rest_route=\/wp\/v2\/users\/2"}],"replies":[{"embeddable":true,"href":"https:\/\/infos-droitshumains.net\/index.php?rest_route=%2Fwp%2Fv2%2Fcomments&post=12770"}],"version-history":[{"count":6,"href":"https:\/\/infos-droitshumains.net\/index.php?rest_route=\/wp\/v2\/posts\/12770\/revisions"}],"predecessor-version":[{"id":12780,"href":"https:\/\/infos-droitshumains.net\/index.php?rest_route=\/wp\/v2\/posts\/12770\/revisions\/12780"}],"wp:featuredmedia":[{"embeddable":true,"href":"https:\/\/infos-droitshumains.net\/index.php?rest_route=\/wp\/v2\/media\/12778"}],"wp:attachment":[{"href":"https:\/\/infos-droitshumains.net\/index.php?rest_route=%2Fwp%2Fv2%2Fmedia&parent=12770"}],"wp:term":[{"taxonomy":"category","embeddable":true,"href":"https:\/\/infos-droitshumains.net\/index.php?rest_route=%2Fwp%2Fv2%2Fcategories&post=12770"},{"taxonomy":"post_tag","embeddable":true,"href":"https:\/\/infos-droitshumains.net\/index.php?rest_route=%2Fwp%2Fv2%2Ftags&post=12770"}],"curies":[{"name":"wp","href":"https:\/\/api.w.org\/{rel}","templated":true}]}}