{"id":12736,"date":"2025-02-22T17:37:53","date_gmt":"2025-02-22T16:37:53","guid":{"rendered":"https:\/\/infos-droitshumains.net\/?p=12736"},"modified":"2025-02-22T20:35:34","modified_gmt":"2025-02-22T19:35:34","slug":"parquet-de-grande-instance-de-kinshasa-ndjili-les-magistrats-de-la-promotion-2023-celebrent-une-annee-de-leur-prestation-des-serments","status":"publish","type":"post","link":"https:\/\/infos-droitshumains.net\/?p=12736","title":{"rendered":"Parquet de Grande Instance de Kinshasa\/N\u2019djili\u00a0: Les magistrats de la promotion 2023 c\u00e9l\u00e8brent une ann\u00e9e de leur prestation des serments."},"content":{"rendered":"\n<p><strong>R\u00e9daction : +243 817 406 088<\/strong><\/p>\n\n\n\n<h3 class=\"wp-block-heading has-vivid-red-color has-text-color has-link-color wp-elements-544ce57d3ff6fcb40e662c87a47fbaeb\">Une ann\u00e9e s\u2019est \u00e9coul\u00e9e depuis que les magistrats de la promotion 2023 (\u00e9tat de droit) ont pr\u00eat\u00e9 serments en tant qu\u2019officiers du Minist\u00e8re Public pr\u00e8s le Tribunal de Grande Instance de Kinshasa\/N\u2019djili. Cet anniversaire professionnel a \u00e9t\u00e9 c\u00e9l\u00e9br\u00e9 ce vendredi 21 f\u00e9vrier 2025 par une journ\u00e9e scientifique organis\u00e9e pour la circonstance.<\/h3>\n\n\n\n<figure class=\"wp-block-image alignfull size-large\"><img data-recalc-dims=\"1\" fetchpriority=\"high\" decoding=\"async\" width=\"640\" height=\"424\" src=\"https:\/\/i0.wp.com\/infos-droitshumains.net\/wp-content\/uploads\/2025\/02\/IMG-20250222-WA0069.jpg?resize=640%2C424&#038;ssl=1\" alt=\"\" class=\"wp-image-12754\" srcset=\"https:\/\/i0.wp.com\/infos-droitshumains.net\/wp-content\/uploads\/2025\/02\/IMG-20250222-WA0069.jpg?resize=1024%2C678&amp;ssl=1 1024w, https:\/\/i0.wp.com\/infos-droitshumains.net\/wp-content\/uploads\/2025\/02\/IMG-20250222-WA0069.jpg?resize=300%2C199&amp;ssl=1 300w, https:\/\/i0.wp.com\/infos-droitshumains.net\/wp-content\/uploads\/2025\/02\/IMG-20250222-WA0069.jpg?resize=768%2C509&amp;ssl=1 768w, https:\/\/i0.wp.com\/infos-droitshumains.net\/wp-content\/uploads\/2025\/02\/IMG-20250222-WA0069.jpg?w=1232&amp;ssl=1 1232w\" sizes=\"(max-width: 640px) 100vw, 640px\" \/><\/figure>\n\n\n\n<p>Ce rendez-vous de savoir a \u00e9t\u00e9 marqu\u00e9 par deux th\u00e8mes principaux autour desquels les d\u00e9bats ont tourn\u00e9. Il s\u2019agit nomment de <strong><em>\u2018\u2019instructions judiciaires et devoirs du magistrat instructeur\u2019\u2019<\/em><\/strong> et celui relatif \u00e0 <strong><em>\u2018\u2019l\u2019\u00e9thique et d\u00e9ontologie des magistrats\u2019\u2019<\/em><\/strong>.<\/p>\n\n\n\n<p>Le premier a \u00e9t\u00e9 abord\u00e9 par le Procureur de la R\u00e9publique, Jonas Kisubi, Chef d\u2019office du Parquet de Grande Instance de Kinshasa\/N\u2019djili. L\u2019orateur a fait constater que l\u2019examen des dossiers d\u2019instruction ainsi que les diff\u00e9rents rapports r\u00e9v\u00e8lent que certains magistrats (instructeurs) n\u2019ont pas une connaissance exacte de leurs devoirs.<\/p>\n\n\n\n<p><em>\u00ab&nbsp;Certaines enqu\u00eates, m\u00eame tr\u00e8s importantes laissent \u00e0 d\u00e9sirer au point que l\u2019on pourrait parfois se demander si certains magistrats ne perdent pas de vue que ce n\u2019est pas aux accus\u00e9s \u00e0 prouver leur innocence, mais au minist\u00e8re public \u00e0 \u00e9tablir leur culpabilit\u00e9&nbsp;\u00bb<\/em>, a-t-il d\u00e9clar\u00e9.<\/p>\n\n\n\n<figure class=\"wp-block-image alignfull size-large\"><img data-recalc-dims=\"1\" decoding=\"async\" width=\"640\" height=\"424\" src=\"https:\/\/i0.wp.com\/infos-droitshumains.net\/wp-content\/uploads\/2025\/02\/IMG-20250222-WA0075.jpg?resize=640%2C424&#038;ssl=1\" alt=\"\" class=\"wp-image-12746\" srcset=\"https:\/\/i0.wp.com\/infos-droitshumains.net\/wp-content\/uploads\/2025\/02\/IMG-20250222-WA0075.jpg?resize=1024%2C678&amp;ssl=1 1024w, https:\/\/i0.wp.com\/infos-droitshumains.net\/wp-content\/uploads\/2025\/02\/IMG-20250222-WA0075.jpg?resize=300%2C199&amp;ssl=1 300w, https:\/\/i0.wp.com\/infos-droitshumains.net\/wp-content\/uploads\/2025\/02\/IMG-20250222-WA0075.jpg?resize=768%2C509&amp;ssl=1 768w, https:\/\/i0.wp.com\/infos-droitshumains.net\/wp-content\/uploads\/2025\/02\/IMG-20250222-WA0075.jpg?w=1232&amp;ssl=1 1232w\" sizes=\"(max-width: 640px) 100vw, 640px\" \/><\/figure>\n\n\n\n<p>Il a soulign\u00e9 en outre le fait qu\u2019 <em>\u00ab&nbsp;une tendance g\u00e9n\u00e9rale se constate chez les magistrats \u00e0 se d\u00e9charger des devoirs d\u2019instruction&nbsp;\u00bb<\/em>, qui rappelle-t-il, <em>\u00ab&nbsp;entrent dans leurs attributions entant que magistrats instructeurs, sur les officiers de Police Judiciaire&nbsp;\u00bb<\/em>. <em>\u00ab&nbsp;Certains magistrats ne se donnent plus la peine d\u2019interroger un inculp\u00e9 ou un t\u00e9moin voire un renseignant et c\u2019est g\u00e9n\u00e9ralement l\u2019OPJ qui se charge de mener tous les devoirs. C\u2019est au magistrat instructeur et non \u00e0 l\u2019OPJ qu\u2019il incombe de faire l\u2019enqu\u00eate, de mener \u00e0 bon escient l\u2019instruction&nbsp;\u00bb<\/em>, a rench\u00e9ri Jonas Kisubi.<\/p>\n\n\n\n<p>Le second a \u00e9t\u00e9 abord\u00e9 par le Procureur G\u00e9n\u00e9ral pr\u00e8s la Cour d\u2019Appel de Kinshasa\/Matete. Willy Nzoko est revenu sur les droits et devoirs des magistrats insistant cependant sur la proc\u00e9dure des sanctions disciplinaires d\u2019un&nbsp;magistrat&nbsp;; le tout sur pied des textes l\u00e9gaux dont la loi portant statut des magistrats et celle portant statut des agents de carri\u00e8re des services publics de l\u2019Etat.<\/p>\n\n\n\n<figure class=\"wp-block-image alignfull size-large\"><img data-recalc-dims=\"1\" decoding=\"async\" width=\"640\" height=\"424\" src=\"https:\/\/i0.wp.com\/infos-droitshumains.net\/wp-content\/uploads\/2025\/02\/IMG-20250222-WA0071.jpg?resize=640%2C424&#038;ssl=1\" alt=\"\" class=\"wp-image-12749\" srcset=\"https:\/\/i0.wp.com\/infos-droitshumains.net\/wp-content\/uploads\/2025\/02\/IMG-20250222-WA0071.jpg?resize=1024%2C678&amp;ssl=1 1024w, https:\/\/i0.wp.com\/infos-droitshumains.net\/wp-content\/uploads\/2025\/02\/IMG-20250222-WA0071.jpg?resize=300%2C199&amp;ssl=1 300w, https:\/\/i0.wp.com\/infos-droitshumains.net\/wp-content\/uploads\/2025\/02\/IMG-20250222-WA0071.jpg?resize=768%2C509&amp;ssl=1 768w, https:\/\/i0.wp.com\/infos-droitshumains.net\/wp-content\/uploads\/2025\/02\/IMG-20250222-WA0071.jpg?w=1232&amp;ssl=1 1232w\" sizes=\"(max-width: 640px) 100vw, 640px\" \/><\/figure>\n\n\n\n<p>Une journ\u00e9e riche en \u00e9change, une valeur ajout\u00e9e qui a permis aux participants de s\u2019enrichir non seulement sur le plan professionnel mais aussi scientifiquement.<\/p>\n\n\n\n<p><em>\u00ab&nbsp;Il est dit qu\u2019un technicien mal form\u00e9 est plus dangereux qu\u2019un fou arm\u00e9. Si cela est vrai, est plus vrai autant qu\u2019un magistrat d\u00e9ontologiquement non appliqu\u00e9 est plus dangereux que l\u2019empereur romain Caligula\u2026. l\u2019\u00e9thique et d\u00e9ontologie constituent le rep\u00e8re, mais aussi la lampe pour le magistrat, raison pour laquelle nous avons organis\u00e9 cette journ\u00e9e invitant la hi\u00e9rarchie pour \u00e9clairer notre religion quant \u00e0 ce, afin d\u2019avoir un&nbsp; parcours professionnel au point. Nous avons eu une religion \u00e9clair\u00e9e, le Procureur G\u00e9n\u00e9ral et le Procureur de la R\u00e9publique ont eu \u00e0 r\u00e9pondre \u00e0 nos pr\u00e9occupations qui du reste sont fonci\u00e8rement importantes par rapport \u00e0 notre carri\u00e8re&nbsp;\u00bb<\/em>, s\u2019est satisfait le substitut du Procureur de la R\u00e9publique Tr\u00e9sor Mugisho rench\u00e9rit en outre par sa coll\u00e8gue Sarah Kasema&nbsp;:<\/p>\n\n\n\n<p><em>\u00ab&nbsp;Je ne sais pas s\u2019il existe un autre superlatif plus que satisfaction pour qualifier cette journ\u00e9e&nbsp;; mais nous sommes fonci\u00e8rement et absolument satisfaits parce que l\u2019objectif a \u00e9t\u00e9 atteint \u00e0 ce jour. Nous venons d\u2019entrer dans ce corps et\u2026 savions que le premier pas dans toute discipline est difficile. Nous ne voulions pas continuer \u00e0 tituber, voil\u00e0 pourquoi nous avons organis\u00e9 cette journ\u00e9e en vue de recevoir aupr\u00e8s de la hi\u00e9rarchie, les b\u00e9quilles pouvant nous permettre de bien cheminer dans cette carri\u00e8re qui est du reste noble&nbsp;\u00bb<\/em>.<\/p>\n\n\n\n<p>Le substitut du Procureur de la R\u00e9publique Fiston Ngalamulume&nbsp;estime par ailleurs qu\u2019elle a \u00e9t\u00e9 b\u00e9n\u00e9fique pour eux sur le plan non seulement festif mais sur le plan scientifique&nbsp;:<\/p>\n\n\n\n<p><em>\u00ab&nbsp;\u2026Dans la magistrature, il faut toujours observer la d\u00e9ontologie et l\u2019\u00e9thique qui nous cadrent. Il a \u00e9t\u00e9 question pour nous d\u2019apprendre parce qu\u2019il y a des gens qui ont commenc\u00e9 avant nous, qui ont de l\u2019exp\u00e9rience. Ils ont \u00e9t\u00e9 invit\u00e9s par nous pour nous apprendre de quelle mani\u00e8re devons-nous nous comporter&nbsp;\u00bb<\/em>, a rench\u00e9ri cet officier du Minist\u00e8re Public.<\/p>\n\n\n\n<figure class=\"wp-block-image alignfull size-large\"><img data-recalc-dims=\"1\" loading=\"lazy\" decoding=\"async\" width=\"640\" height=\"424\" src=\"https:\/\/i0.wp.com\/infos-droitshumains.net\/wp-content\/uploads\/2025\/02\/IMG-20250222-WA0070-1.jpg?resize=640%2C424&#038;ssl=1\" alt=\"\" class=\"wp-image-12756\" srcset=\"https:\/\/i0.wp.com\/infos-droitshumains.net\/wp-content\/uploads\/2025\/02\/IMG-20250222-WA0070-1.jpg?resize=1024%2C678&amp;ssl=1 1024w, https:\/\/i0.wp.com\/infos-droitshumains.net\/wp-content\/uploads\/2025\/02\/IMG-20250222-WA0070-1.jpg?resize=300%2C199&amp;ssl=1 300w, https:\/\/i0.wp.com\/infos-droitshumains.net\/wp-content\/uploads\/2025\/02\/IMG-20250222-WA0070-1.jpg?resize=768%2C509&amp;ssl=1 768w, https:\/\/i0.wp.com\/infos-droitshumains.net\/wp-content\/uploads\/2025\/02\/IMG-20250222-WA0070-1.jpg?w=1232&amp;ssl=1 1232w\" sizes=\"(max-width: 640px) 100vw, 640px\" \/><\/figure>\n\n\n\n<p>Pour le Procureur de la R\u00e9publique Jonas Kisubi Bantuikoko du parquet de Grande Instance de Kinshasa\/N\u2019djili, c\u2019\u00e9tait aussi une opportunit\u00e9 de passer \u00e0 un bilan pour la prestation de ces magistrats (promotion 2023) sur le plan professionnel et sur le plan \u00e9thique et d\u00e9ontologique.<\/p>\n\n\n\n<p>Jo\u00ebl Diawa<\/p>\n","protected":false},"excerpt":{"rendered":"<p>R\u00e9daction : +243 817 406 088 Une ann\u00e9e s\u2019est \u00e9coul\u00e9e depuis que les magistrats de&#8230;<\/p>\n","protected":false},"author":2,"featured_media":12738,"comment_status":"open","ping_status":"open","sticky":false,"template":"","format":"standard","meta":{"_jetpack_memberships_contains_paid_content":false,"footnotes":""},"categories":[6],"tags":[],"class_list":["post-12736","post","type-post","status-publish","format-standard","has-post-thumbnail","hentry","category-justice"],"yoast_head":"<!-- This site is optimized with the Yoast SEO plugin v27.5 - https:\/\/yoast.com\/product\/yoast-seo-wordpress\/ -->\n<title>Parquet de Grande Instance de Kinshasa\/N\u2019djili\u00a0: Les magistrats de la promotion 2023 c\u00e9l\u00e8brent une ann\u00e9e de leur prestation des serments. - Infos Droits Humains<\/title>\n<meta name=\"robots\" content=\"index, follow, max-snippet:-1, max-image-preview:large, max-video-preview:-1\" \/>\n<link rel=\"canonical\" href=\"https:\/\/infos-droitshumains.net\/?p=12736\" \/>\n<meta property=\"og:locale\" content=\"fr_FR\" \/>\n<meta property=\"og:type\" content=\"article\" \/>\n<meta property=\"og:title\" content=\"Parquet de Grande Instance de Kinshasa\/N\u2019djili\u00a0: Les magistrats de la promotion 2023 c\u00e9l\u00e8brent une ann\u00e9e de leur prestation des serments. - Infos Droits Humains\" \/>\n<meta property=\"og:description\" content=\"R\u00e9daction : +243 817 406 088 Une ann\u00e9e s\u2019est \u00e9coul\u00e9e depuis que les magistrats de...\" \/>\n<meta property=\"og:url\" content=\"https:\/\/infos-droitshumains.net\/?p=12736\" \/>\n<meta property=\"og:site_name\" content=\"Infos Droits Humains\" \/>\n<meta property=\"article:published_time\" content=\"2025-02-22T16:37:53+00:00\" \/>\n<meta property=\"article:modified_time\" content=\"2025-02-22T19:35:34+00:00\" \/>\n<meta property=\"og:image\" content=\"https:\/\/infos-droitshumains.net\/wp-content\/uploads\/2025\/02\/IMG-20250222-WA0070.jpg\" \/>\n\t<meta property=\"og:image:width\" content=\"1232\" \/>\n\t<meta property=\"og:image:height\" content=\"816\" \/>\n\t<meta property=\"og:image:type\" content=\"image\/jpeg\" \/>\n<meta name=\"author\" content=\"Jo\u00ebl Diawa\" \/>\n<meta name=\"twitter:card\" content=\"summary_large_image\" \/>\n<meta name=\"twitter:label1\" content=\"\u00c9crit par\" \/>\n\t<meta name=\"twitter:data1\" content=\"Jo\u00ebl Diawa\" \/>\n\t<meta name=\"twitter:label2\" content=\"Dur\u00e9e de lecture estim\u00e9e\" \/>\n\t<meta name=\"twitter:data2\" content=\"5 minutes\" \/>\n<script type=\"application\/ld+json\" class=\"yoast-schema-graph\">{\"@context\":\"https:\\\/\\\/schema.org\",\"@graph\":[{\"@type\":\"Article\",\"@id\":\"https:\\\/\\\/infos-droitshumains.net\\\/?p=12736#article\",\"isPartOf\":{\"@id\":\"https:\\\/\\\/infos-droitshumains.net\\\/?p=12736\"},\"author\":{\"name\":\"Jo\u00ebl Diawa\",\"@id\":\"https:\\\/\\\/infos-droitshumains.net\\\/#\\\/schema\\\/person\\\/3dc5e921c3302172e0ed4362f96faab7\"},\"headline\":\"Parquet de Grande Instance de Kinshasa\\\/N\u2019djili\u00a0: Les magistrats de la promotion 2023 c\u00e9l\u00e8brent une ann\u00e9e de leur prestation des serments.\",\"datePublished\":\"2025-02-22T16:37:53+00:00\",\"dateModified\":\"2025-02-22T19:35:34+00:00\",\"mainEntityOfPage\":{\"@id\":\"https:\\\/\\\/infos-droitshumains.net\\\/?p=12736\"},\"wordCount\":853,\"commentCount\":0,\"publisher\":{\"@id\":\"https:\\\/\\\/infos-droitshumains.net\\\/#organization\"},\"image\":{\"@id\":\"https:\\\/\\\/infos-droitshumains.net\\\/?p=12736#primaryimage\"},\"thumbnailUrl\":\"https:\\\/\\\/i0.wp.com\\\/infos-droitshumains.net\\\/wp-content\\\/uploads\\\/2025\\\/02\\\/IMG-20250222-WA0070.jpg?fit=1232%2C816&ssl=1\",\"articleSection\":[\"Justice\"],\"inLanguage\":\"fr-FR\",\"potentialAction\":[{\"@type\":\"CommentAction\",\"name\":\"Comment\",\"target\":[\"https:\\\/\\\/infos-droitshumains.net\\\/?p=12736#respond\"]}]},{\"@type\":\"WebPage\",\"@id\":\"https:\\\/\\\/infos-droitshumains.net\\\/?p=12736\",\"url\":\"https:\\\/\\\/infos-droitshumains.net\\\/?p=12736\",\"name\":\"Parquet de Grande Instance de Kinshasa\\\/N\u2019djili\u00a0: Les magistrats de la promotion 2023 c\u00e9l\u00e8brent une ann\u00e9e de leur prestation des serments. - Infos Droits Humains\",\"isPartOf\":{\"@id\":\"https:\\\/\\\/infos-droitshumains.net\\\/#website\"},\"primaryImageOfPage\":{\"@id\":\"https:\\\/\\\/infos-droitshumains.net\\\/?p=12736#primaryimage\"},\"image\":{\"@id\":\"https:\\\/\\\/infos-droitshumains.net\\\/?p=12736#primaryimage\"},\"thumbnailUrl\":\"https:\\\/\\\/i0.wp.com\\\/infos-droitshumains.net\\\/wp-content\\\/uploads\\\/2025\\\/02\\\/IMG-20250222-WA0070.jpg?fit=1232%2C816&ssl=1\",\"datePublished\":\"2025-02-22T16:37:53+00:00\",\"dateModified\":\"2025-02-22T19:35:34+00:00\",\"breadcrumb\":{\"@id\":\"https:\\\/\\\/infos-droitshumains.net\\\/?p=12736#breadcrumb\"},\"inLanguage\":\"fr-FR\",\"potentialAction\":[{\"@type\":\"ReadAction\",\"target\":[\"https:\\\/\\\/infos-droitshumains.net\\\/?p=12736\"]}]},{\"@type\":\"ImageObject\",\"inLanguage\":\"fr-FR\",\"@id\":\"https:\\\/\\\/infos-droitshumains.net\\\/?p=12736#primaryimage\",\"url\":\"https:\\\/\\\/i0.wp.com\\\/infos-droitshumains.net\\\/wp-content\\\/uploads\\\/2025\\\/02\\\/IMG-20250222-WA0070.jpg?fit=1232%2C816&ssl=1\",\"contentUrl\":\"https:\\\/\\\/i0.wp.com\\\/infos-droitshumains.net\\\/wp-content\\\/uploads\\\/2025\\\/02\\\/IMG-20250222-WA0070.jpg?fit=1232%2C816&ssl=1\",\"width\":1232,\"height\":816},{\"@type\":\"BreadcrumbList\",\"@id\":\"https:\\\/\\\/infos-droitshumains.net\\\/?p=12736#breadcrumb\",\"itemListElement\":[{\"@type\":\"ListItem\",\"position\":1,\"name\":\"Accueil\",\"item\":\"https:\\\/\\\/infos-droitshumains.net\\\/\"},{\"@type\":\"ListItem\",\"position\":2,\"name\":\"Parquet de Grande Instance de Kinshasa\\\/N\u2019djili\u00a0: Les magistrats de la promotion 2023 c\u00e9l\u00e8brent une ann\u00e9e de leur prestation des serments.\"}]},{\"@type\":\"WebSite\",\"@id\":\"https:\\\/\\\/infos-droitshumains.net\\\/#website\",\"url\":\"https:\\\/\\\/infos-droitshumains.net\\\/\",\"name\":\"Infos Droits Humains\",\"description\":\"S&#039;informer est un droit\",\"publisher\":{\"@id\":\"https:\\\/\\\/infos-droitshumains.net\\\/#organization\"},\"potentialAction\":[{\"@type\":\"SearchAction\",\"target\":{\"@type\":\"EntryPoint\",\"urlTemplate\":\"https:\\\/\\\/infos-droitshumains.net\\\/?s={search_term_string}\"},\"query-input\":{\"@type\":\"PropertyValueSpecification\",\"valueRequired\":true,\"valueName\":\"search_term_string\"}}],\"inLanguage\":\"fr-FR\"},{\"@type\":\"Organization\",\"@id\":\"https:\\\/\\\/infos-droitshumains.net\\\/#organization\",\"name\":\"Infos Droits Humains\",\"url\":\"https:\\\/\\\/infos-droitshumains.net\\\/\",\"logo\":{\"@type\":\"ImageObject\",\"inLanguage\":\"fr-FR\",\"@id\":\"https:\\\/\\\/infos-droitshumains.net\\\/#\\\/schema\\\/logo\\\/image\\\/\",\"url\":\"https:\\\/\\\/i0.wp.com\\\/infos-droitshumains.net\\\/wp-content\\\/uploads\\\/2022\\\/05\\\/Logo.png?fit=333%2C129&ssl=1\",\"contentUrl\":\"https:\\\/\\\/i0.wp.com\\\/infos-droitshumains.net\\\/wp-content\\\/uploads\\\/2022\\\/05\\\/Logo.png?fit=333%2C129&ssl=1\",\"width\":333,\"height\":129,\"caption\":\"Infos Droits Humains\"},\"image\":{\"@id\":\"https:\\\/\\\/infos-droitshumains.net\\\/#\\\/schema\\\/logo\\\/image\\\/\"}},{\"@type\":\"Person\",\"@id\":\"https:\\\/\\\/infos-droitshumains.net\\\/#\\\/schema\\\/person\\\/3dc5e921c3302172e0ed4362f96faab7\",\"name\":\"Jo\u00ebl Diawa\",\"image\":{\"@type\":\"ImageObject\",\"inLanguage\":\"fr-FR\",\"@id\":\"https:\\\/\\\/secure.gravatar.com\\\/avatar\\\/729bea6ff4604c624417803c477363be8e3c7186deaa65713313f9b4b820f41c?s=96&d=mm&r=g\",\"url\":\"https:\\\/\\\/secure.gravatar.com\\\/avatar\\\/729bea6ff4604c624417803c477363be8e3c7186deaa65713313f9b4b820f41c?s=96&d=mm&r=g\",\"contentUrl\":\"https:\\\/\\\/secure.gravatar.com\\\/avatar\\\/729bea6ff4604c624417803c477363be8e3c7186deaa65713313f9b4b820f41c?s=96&d=mm&r=g\",\"caption\":\"Jo\u00ebl Diawa\"},\"sameAs\":[\"https:\\\/\\\/www.infos-droitshumains.net\"],\"url\":\"https:\\\/\\\/infos-droitshumains.net\\\/?author=2\"}]}<\/script>\n<!-- \/ Yoast SEO plugin. -->","yoast_head_json":{"title":"Parquet de Grande Instance de Kinshasa\/N\u2019djili\u00a0: Les magistrats de la promotion 2023 c\u00e9l\u00e8brent une ann\u00e9e de leur prestation des serments. - Infos Droits Humains","robots":{"index":"index","follow":"follow","max-snippet":"max-snippet:-1","max-image-preview":"max-image-preview:large","max-video-preview":"max-video-preview:-1"},"canonical":"https:\/\/infos-droitshumains.net\/?p=12736","og_locale":"fr_FR","og_type":"article","og_title":"Parquet de Grande Instance de Kinshasa\/N\u2019djili\u00a0: Les magistrats de la promotion 2023 c\u00e9l\u00e8brent une ann\u00e9e de leur prestation des serments. - Infos Droits Humains","og_description":"R\u00e9daction : +243 817 406 088 Une ann\u00e9e s\u2019est \u00e9coul\u00e9e depuis que les magistrats de...","og_url":"https:\/\/infos-droitshumains.net\/?p=12736","og_site_name":"Infos Droits Humains","article_published_time":"2025-02-22T16:37:53+00:00","article_modified_time":"2025-02-22T19:35:34+00:00","og_image":[{"width":1232,"height":816,"url":"https:\/\/infos-droitshumains.net\/wp-content\/uploads\/2025\/02\/IMG-20250222-WA0070.jpg","type":"image\/jpeg"}],"author":"Jo\u00ebl Diawa","twitter_card":"summary_large_image","twitter_misc":{"\u00c9crit par":"Jo\u00ebl Diawa","Dur\u00e9e de lecture estim\u00e9e":"5 minutes"},"schema":{"@context":"https:\/\/schema.org","@graph":[{"@type":"Article","@id":"https:\/\/infos-droitshumains.net\/?p=12736#article","isPartOf":{"@id":"https:\/\/infos-droitshumains.net\/?p=12736"},"author":{"name":"Jo\u00ebl Diawa","@id":"https:\/\/infos-droitshumains.net\/#\/schema\/person\/3dc5e921c3302172e0ed4362f96faab7"},"headline":"Parquet de Grande Instance de Kinshasa\/N\u2019djili\u00a0: Les magistrats de la promotion 2023 c\u00e9l\u00e8brent une ann\u00e9e de leur prestation des serments.","datePublished":"2025-02-22T16:37:53+00:00","dateModified":"2025-02-22T19:35:34+00:00","mainEntityOfPage":{"@id":"https:\/\/infos-droitshumains.net\/?p=12736"},"wordCount":853,"commentCount":0,"publisher":{"@id":"https:\/\/infos-droitshumains.net\/#organization"},"image":{"@id":"https:\/\/infos-droitshumains.net\/?p=12736#primaryimage"},"thumbnailUrl":"https:\/\/i0.wp.com\/infos-droitshumains.net\/wp-content\/uploads\/2025\/02\/IMG-20250222-WA0070.jpg?fit=1232%2C816&ssl=1","articleSection":["Justice"],"inLanguage":"fr-FR","potentialAction":[{"@type":"CommentAction","name":"Comment","target":["https:\/\/infos-droitshumains.net\/?p=12736#respond"]}]},{"@type":"WebPage","@id":"https:\/\/infos-droitshumains.net\/?p=12736","url":"https:\/\/infos-droitshumains.net\/?p=12736","name":"Parquet de Grande Instance de Kinshasa\/N\u2019djili\u00a0: Les magistrats de la promotion 2023 c\u00e9l\u00e8brent une ann\u00e9e de leur prestation des serments. - Infos Droits Humains","isPartOf":{"@id":"https:\/\/infos-droitshumains.net\/#website"},"primaryImageOfPage":{"@id":"https:\/\/infos-droitshumains.net\/?p=12736#primaryimage"},"image":{"@id":"https:\/\/infos-droitshumains.net\/?p=12736#primaryimage"},"thumbnailUrl":"https:\/\/i0.wp.com\/infos-droitshumains.net\/wp-content\/uploads\/2025\/02\/IMG-20250222-WA0070.jpg?fit=1232%2C816&ssl=1","datePublished":"2025-02-22T16:37:53+00:00","dateModified":"2025-02-22T19:35:34+00:00","breadcrumb":{"@id":"https:\/\/infos-droitshumains.net\/?p=12736#breadcrumb"},"inLanguage":"fr-FR","potentialAction":[{"@type":"ReadAction","target":["https:\/\/infos-droitshumains.net\/?p=12736"]}]},{"@type":"ImageObject","inLanguage":"fr-FR","@id":"https:\/\/infos-droitshumains.net\/?p=12736#primaryimage","url":"https:\/\/i0.wp.com\/infos-droitshumains.net\/wp-content\/uploads\/2025\/02\/IMG-20250222-WA0070.jpg?fit=1232%2C816&ssl=1","contentUrl":"https:\/\/i0.wp.com\/infos-droitshumains.net\/wp-content\/uploads\/2025\/02\/IMG-20250222-WA0070.jpg?fit=1232%2C816&ssl=1","width":1232,"height":816},{"@type":"BreadcrumbList","@id":"https:\/\/infos-droitshumains.net\/?p=12736#breadcrumb","itemListElement":[{"@type":"ListItem","position":1,"name":"Accueil","item":"https:\/\/infos-droitshumains.net\/"},{"@type":"ListItem","position":2,"name":"Parquet de Grande Instance de Kinshasa\/N\u2019djili\u00a0: Les magistrats de la promotion 2023 c\u00e9l\u00e8brent une ann\u00e9e de leur prestation des serments."}]},{"@type":"WebSite","@id":"https:\/\/infos-droitshumains.net\/#website","url":"https:\/\/infos-droitshumains.net\/","name":"Infos Droits Humains","description":"S&#039;informer est un droit","publisher":{"@id":"https:\/\/infos-droitshumains.net\/#organization"},"potentialAction":[{"@type":"SearchAction","target":{"@type":"EntryPoint","urlTemplate":"https:\/\/infos-droitshumains.net\/?s={search_term_string}"},"query-input":{"@type":"PropertyValueSpecification","valueRequired":true,"valueName":"search_term_string"}}],"inLanguage":"fr-FR"},{"@type":"Organization","@id":"https:\/\/infos-droitshumains.net\/#organization","name":"Infos Droits Humains","url":"https:\/\/infos-droitshumains.net\/","logo":{"@type":"ImageObject","inLanguage":"fr-FR","@id":"https:\/\/infos-droitshumains.net\/#\/schema\/logo\/image\/","url":"https:\/\/i0.wp.com\/infos-droitshumains.net\/wp-content\/uploads\/2022\/05\/Logo.png?fit=333%2C129&ssl=1","contentUrl":"https:\/\/i0.wp.com\/infos-droitshumains.net\/wp-content\/uploads\/2022\/05\/Logo.png?fit=333%2C129&ssl=1","width":333,"height":129,"caption":"Infos Droits Humains"},"image":{"@id":"https:\/\/infos-droitshumains.net\/#\/schema\/logo\/image\/"}},{"@type":"Person","@id":"https:\/\/infos-droitshumains.net\/#\/schema\/person\/3dc5e921c3302172e0ed4362f96faab7","name":"Jo\u00ebl Diawa","image":{"@type":"ImageObject","inLanguage":"fr-FR","@id":"https:\/\/secure.gravatar.com\/avatar\/729bea6ff4604c624417803c477363be8e3c7186deaa65713313f9b4b820f41c?s=96&d=mm&r=g","url":"https:\/\/secure.gravatar.com\/avatar\/729bea6ff4604c624417803c477363be8e3c7186deaa65713313f9b4b820f41c?s=96&d=mm&r=g","contentUrl":"https:\/\/secure.gravatar.com\/avatar\/729bea6ff4604c624417803c477363be8e3c7186deaa65713313f9b4b820f41c?s=96&d=mm&r=g","caption":"Jo\u00ebl Diawa"},"sameAs":["https:\/\/www.infos-droitshumains.net"],"url":"https:\/\/infos-droitshumains.net\/?author=2"}]}},"featured_image_urls":{"full":["https:\/\/i0.wp.com\/infos-droitshumains.net\/wp-content\/uploads\/2025\/02\/IMG-20250222-WA0070.jpg?fit=1232%2C816&ssl=1",1232,816,false],"thumbnail":["https:\/\/i0.wp.com\/infos-droitshumains.net\/wp-content\/uploads\/2025\/02\/IMG-20250222-WA0070.jpg?resize=150%2C150&ssl=1",150,150,true],"medium":["https:\/\/i0.wp.com\/infos-droitshumains.net\/wp-content\/uploads\/2025\/02\/IMG-20250222-WA0070.jpg?fit=300%2C199&ssl=1",300,199,true],"medium_large":["https:\/\/i0.wp.com\/infos-droitshumains.net\/wp-content\/uploads\/2025\/02\/IMG-20250222-WA0070.jpg?fit=640%2C424&ssl=1",640,424,true],"large":["https:\/\/i0.wp.com\/infos-droitshumains.net\/wp-content\/uploads\/2025\/02\/IMG-20250222-WA0070.jpg?fit=640%2C424&ssl=1",640,424,true],"1536x1536":["https:\/\/i0.wp.com\/infos-droitshumains.net\/wp-content\/uploads\/2025\/02\/IMG-20250222-WA0070.jpg?fit=1232%2C816&ssl=1",1232,816,true],"2048x2048":["https:\/\/i0.wp.com\/infos-droitshumains.net\/wp-content\/uploads\/2025\/02\/IMG-20250222-WA0070.jpg?fit=1232%2C816&ssl=1",1232,816,true],"covernews-slider-full":["https:\/\/i0.wp.com\/infos-droitshumains.net\/wp-content\/uploads\/2025\/02\/IMG-20250222-WA0070.jpg?resize=1115%2C715&ssl=1",1115,715,true],"covernews-slider-center":["https:\/\/i0.wp.com\/infos-droitshumains.net\/wp-content\/uploads\/2025\/02\/IMG-20250222-WA0070.jpg?resize=800%2C500&ssl=1",800,500,true],"covernews-featured":["https:\/\/i0.wp.com\/infos-droitshumains.net\/wp-content\/uploads\/2025\/02\/IMG-20250222-WA0070.jpg?fit=1024%2C678&ssl=1",1024,678,true],"covernews-medium":["https:\/\/i0.wp.com\/infos-droitshumains.net\/wp-content\/uploads\/2025\/02\/IMG-20250222-WA0070.jpg?resize=540%2C340&ssl=1",540,340,true],"covernews-medium-square":["https:\/\/i0.wp.com\/infos-droitshumains.net\/wp-content\/uploads\/2025\/02\/IMG-20250222-WA0070.jpg?resize=400%2C250&ssl=1",400,250,true]},"author_info":{"display_name":"Jo\u00ebl Diawa","author_link":"https:\/\/infos-droitshumains.net\/?author=2"},"category_info":"<a href=\"https:\/\/infos-droitshumains.net\/?cat=6\" rel=\"category\">Justice<\/a>","tag_info":"Justice","comment_count":"0","jetpack_featured_media_url":"https:\/\/i0.wp.com\/infos-droitshumains.net\/wp-content\/uploads\/2025\/02\/IMG-20250222-WA0070.jpg?fit=1232%2C816&ssl=1","jetpack-related-posts":[],"jetpack_sharing_enabled":true,"_links":{"self":[{"href":"https:\/\/infos-droitshumains.net\/index.php?rest_route=\/wp\/v2\/posts\/12736","targetHints":{"allow":["GET"]}}],"collection":[{"href":"https:\/\/infos-droitshumains.net\/index.php?rest_route=\/wp\/v2\/posts"}],"about":[{"href":"https:\/\/infos-droitshumains.net\/index.php?rest_route=\/wp\/v2\/types\/post"}],"author":[{"embeddable":true,"href":"https:\/\/infos-droitshumains.net\/index.php?rest_route=\/wp\/v2\/users\/2"}],"replies":[{"embeddable":true,"href":"https:\/\/infos-droitshumains.net\/index.php?rest_route=%2Fwp%2Fv2%2Fcomments&post=12736"}],"version-history":[{"count":9,"href":"https:\/\/infos-droitshumains.net\/index.php?rest_route=\/wp\/v2\/posts\/12736\/revisions"}],"predecessor-version":[{"id":12757,"href":"https:\/\/infos-droitshumains.net\/index.php?rest_route=\/wp\/v2\/posts\/12736\/revisions\/12757"}],"wp:featuredmedia":[{"embeddable":true,"href":"https:\/\/infos-droitshumains.net\/index.php?rest_route=\/wp\/v2\/media\/12738"}],"wp:attachment":[{"href":"https:\/\/infos-droitshumains.net\/index.php?rest_route=%2Fwp%2Fv2%2Fmedia&parent=12736"}],"wp:term":[{"taxonomy":"category","embeddable":true,"href":"https:\/\/infos-droitshumains.net\/index.php?rest_route=%2Fwp%2Fv2%2Fcategories&post=12736"},{"taxonomy":"post_tag","embeddable":true,"href":"https:\/\/infos-droitshumains.net\/index.php?rest_route=%2Fwp%2Fv2%2Ftags&post=12736"}],"curies":[{"name":"wp","href":"https:\/\/api.w.org\/{rel}","templated":true}]}}