{"id":12710,"date":"2025-02-18T17:20:02","date_gmt":"2025-02-18T16:20:02","guid":{"rendered":"https:\/\/infos-droitshumains.net\/?p=12710"},"modified":"2025-02-18T18:44:07","modified_gmt":"2025-02-18T17:44:07","slug":"rdc-que-se-passe-t-il-reellement-en-ituri","status":"publish","type":"post","link":"https:\/\/infos-droitshumains.net\/?p=12710","title":{"rendered":"RDC\u00a0: Que se passe-t-il r\u00e9ellement en Ituri\u00a0?"},"content":{"rendered":"\n<p><strong>R\u00e9daction : +243 817 406 088<\/strong><\/p>\n\n\n\n<h3 class=\"wp-block-heading has-vivid-red-color has-text-color has-link-color wp-elements-d7d11a70c0b199be4c42f36b525f7a8b\">Environ 40 v\u00e9hicules militaires ougandais ont \u00e9t\u00e9 aper\u00e7us ce mardi traversant la fronti\u00e8re entre l\u2019Ouganda et la R\u00e9publique D\u00e9mocratique du Congo pour convoyer des troupes vers Burasi, au Sud d&rsquo;Irumu. Dans le contexte o\u00f9 plusieurs territoire de l\u2019Est de la RDC est sous occupation de l\u2019arm\u00e9e rwandais sous couvert des rebelles du M23\/AFC, cette travers\u00e9e inqui\u00e8te et cr\u00e9e une certaine psychose dans le chef de la population.<\/h3>\n\n\n\n<p>Les autorit\u00e9s provinciales rassurent n\u00e9anmoins que <em>\u00ab&nbsp;l&rsquo;Arm\u00e9e ougandaise n&rsquo;a pas l&rsquo;intention d&rsquo;envahir la ville de Bunia, chef-lieu de la province de l&rsquo;Ituri&nbsp;\u00bb<\/em>.<\/p>\n\n\n\n<p>A en croire les propos du Lieutenant Jules Ngongo, porte-parole du gouverneur militaire, cette entr\u00e9e s\u2019inscrit dans le cadre des <strong><em>\u2018\u2019op\u00e9rations conjointes\u2019\u2019 <\/em><\/strong>que m\u00e8nent les forces de d\u00e9fense du peuple ougandais (UPDF) et les Forces arm\u00e9es de la RDC (FARDC) contre le groupe terroriste islamiste ADF dont la traque, d\u00e9but\u00e9e \u00e0 Beni (Nord-Kivu), devrait s&rsquo;\u00e9tendre en Ituri o\u00f9 les combattants de cette ex-r\u00e9bellion ougandaise ont trouv\u00e9 refuge.<\/p>\n\n\n\n<p>C&rsquo;est donc dans cette perspective, a-t-il-renseign\u00e9 que <em>\u00ab&nbsp; nous revenons de Boga o\u00f9 le lieutenant-g\u00e9n\u00e9ral Johnny Luboya Nkashama a pr\u00e9sid\u00e9 une r\u00e9union d&rsquo;harmonisation dans le cadre de la mutualisation des forces entre les 2 arm\u00e9es\u2026 D&rsquo;autres rencontres entre les responsables des deux arm\u00e9es sont pr\u00e9vues pour coordonner les actions \u00e0 mener pour la paix et la s\u00e9curit\u00e9 des populations dans les deux pays \u00bb<\/em>.<\/p>\n\n\n\n<p>Le renforcement des effectifs de l&rsquo;arm\u00e9e ougandaise \u00e0 Boga (territoire d&rsquo;Irumu), situ\u00e9 \u00e0 une centaine de kilom\u00e8tres au Sud de Bunia, est per\u00e7u par certaines personnes comme pr\u00e9monitoire \u00e0 l&rsquo;entr\u00e9 des forces de Kampala dans la guerre d&rsquo;agression  surtout si l&rsquo;on se r\u00e9f\u00e8re \u00e0 la menace prof\u00e9r\u00e9e sur X par le g\u00e9n\u00e9ral Muhoozi Kainerugaba, Chef d&rsquo;\u00e9tat-major g\u00e9n\u00e9ral de l\u2019arm\u00e9e ougandaise et fils du Pr\u00e9sident Museveni.<\/p>\n\n\n\n<p>Les derni\u00e8res informations renseignent que les \u00e9l\u00e9ments de l&rsquo;UPDF sont deja entr\u00e9s dans la ville de Bunia, Chef-lieu de la province.<\/p>\n\n\n\n<p>Le porte-parole du gouverneur militaire a cependant demand\u00e9 \u00e0 la population de rester calme promettant de communiquer sur toutes les op\u00e9rations de mani\u00e8re officielle. En d\u00e9pit des assurances des autorit\u00e9s, l&rsquo;inqui\u00e9tude reste palpable dans le chef de la population qui redoute cette pr\u00e9sence au regard des relations seines entre l&rsquo;Ouganda et le Rwanda. Ne dit-on pas que l&rsquo;ami de ton ennemi est ton ennemi?<\/p>\n\n\n\n<p>Jo\u00ebl Diawa<\/p>\n","protected":false},"excerpt":{"rendered":"<p>R\u00e9daction : +243 817 406 088 Environ 40 v\u00e9hicules militaires ougandais ont \u00e9t\u00e9 aper\u00e7us ce&#8230;<\/p>\n","protected":false},"author":2,"featured_media":12727,"comment_status":"open","ping_status":"open","sticky":false,"template":"","format":"standard","meta":{"_jetpack_memberships_contains_paid_content":false,"footnotes":""},"categories":[29],"tags":[],"class_list":["post-12710","post","type-post","status-publish","format-standard","has-post-thumbnail","hentry","category-actu"],"yoast_head":"<!-- This site is optimized with the Yoast SEO plugin v27.5 - https:\/\/yoast.com\/product\/yoast-seo-wordpress\/ -->\n<title>RDC\u00a0: Que se passe-t-il r\u00e9ellement en Ituri\u00a0? - Infos Droits Humains<\/title>\n<meta name=\"robots\" content=\"index, follow, max-snippet:-1, max-image-preview:large, max-video-preview:-1\" \/>\n<link rel=\"canonical\" href=\"https:\/\/infos-droitshumains.net\/?p=12710\" \/>\n<meta property=\"og:locale\" content=\"fr_FR\" \/>\n<meta property=\"og:type\" content=\"article\" \/>\n<meta property=\"og:title\" content=\"RDC\u00a0: Que se passe-t-il r\u00e9ellement en Ituri\u00a0? - Infos Droits Humains\" \/>\n<meta property=\"og:description\" content=\"R\u00e9daction : +243 817 406 088 Environ 40 v\u00e9hicules militaires ougandais ont \u00e9t\u00e9 aper\u00e7us ce...\" \/>\n<meta property=\"og:url\" content=\"https:\/\/infos-droitshumains.net\/?p=12710\" \/>\n<meta property=\"og:site_name\" content=\"Infos Droits Humains\" \/>\n<meta property=\"article:published_time\" content=\"2025-02-18T16:20:02+00:00\" \/>\n<meta property=\"article:modified_time\" content=\"2025-02-18T17:44:07+00:00\" \/>\n<meta property=\"og:image\" content=\"https:\/\/infos-droitshumains.net\/wp-content\/uploads\/2025\/02\/ITURI-F.jpg\" \/>\n\t<meta property=\"og:image:width\" content=\"640\" \/>\n\t<meta property=\"og:image:height\" content=\"426\" \/>\n\t<meta property=\"og:image:type\" content=\"image\/jpeg\" \/>\n<meta name=\"author\" content=\"Jo\u00ebl Diawa\" \/>\n<meta name=\"twitter:card\" content=\"summary_large_image\" \/>\n<meta name=\"twitter:label1\" content=\"\u00c9crit par\" \/>\n\t<meta name=\"twitter:data1\" content=\"Jo\u00ebl Diawa\" \/>\n\t<meta name=\"twitter:label2\" content=\"Dur\u00e9e de lecture estim\u00e9e\" \/>\n\t<meta name=\"twitter:data2\" content=\"3 minutes\" \/>\n<script type=\"application\/ld+json\" class=\"yoast-schema-graph\">{\"@context\":\"https:\\\/\\\/schema.org\",\"@graph\":[{\"@type\":\"Article\",\"@id\":\"https:\\\/\\\/infos-droitshumains.net\\\/?p=12710#article\",\"isPartOf\":{\"@id\":\"https:\\\/\\\/infos-droitshumains.net\\\/?p=12710\"},\"author\":{\"name\":\"Jo\u00ebl Diawa\",\"@id\":\"https:\\\/\\\/infos-droitshumains.net\\\/#\\\/schema\\\/person\\\/3dc5e921c3302172e0ed4362f96faab7\"},\"headline\":\"RDC\u00a0: Que se passe-t-il r\u00e9ellement en Ituri\u00a0?\",\"datePublished\":\"2025-02-18T16:20:02+00:00\",\"dateModified\":\"2025-02-18T17:44:07+00:00\",\"mainEntityOfPage\":{\"@id\":\"https:\\\/\\\/infos-droitshumains.net\\\/?p=12710\"},\"wordCount\":434,\"commentCount\":0,\"publisher\":{\"@id\":\"https:\\\/\\\/infos-droitshumains.net\\\/#organization\"},\"image\":{\"@id\":\"https:\\\/\\\/infos-droitshumains.net\\\/?p=12710#primaryimage\"},\"thumbnailUrl\":\"https:\\\/\\\/i0.wp.com\\\/infos-droitshumains.net\\\/wp-content\\\/uploads\\\/2025\\\/02\\\/ITURI-F.jpg?fit=640%2C426&ssl=1\",\"articleSection\":[\"Actualit\u00e9s\"],\"inLanguage\":\"fr-FR\",\"potentialAction\":[{\"@type\":\"CommentAction\",\"name\":\"Comment\",\"target\":[\"https:\\\/\\\/infos-droitshumains.net\\\/?p=12710#respond\"]}]},{\"@type\":\"WebPage\",\"@id\":\"https:\\\/\\\/infos-droitshumains.net\\\/?p=12710\",\"url\":\"https:\\\/\\\/infos-droitshumains.net\\\/?p=12710\",\"name\":\"RDC\u00a0: Que se passe-t-il r\u00e9ellement en Ituri\u00a0? - Infos Droits Humains\",\"isPartOf\":{\"@id\":\"https:\\\/\\\/infos-droitshumains.net\\\/#website\"},\"primaryImageOfPage\":{\"@id\":\"https:\\\/\\\/infos-droitshumains.net\\\/?p=12710#primaryimage\"},\"image\":{\"@id\":\"https:\\\/\\\/infos-droitshumains.net\\\/?p=12710#primaryimage\"},\"thumbnailUrl\":\"https:\\\/\\\/i0.wp.com\\\/infos-droitshumains.net\\\/wp-content\\\/uploads\\\/2025\\\/02\\\/ITURI-F.jpg?fit=640%2C426&ssl=1\",\"datePublished\":\"2025-02-18T16:20:02+00:00\",\"dateModified\":\"2025-02-18T17:44:07+00:00\",\"breadcrumb\":{\"@id\":\"https:\\\/\\\/infos-droitshumains.net\\\/?p=12710#breadcrumb\"},\"inLanguage\":\"fr-FR\",\"potentialAction\":[{\"@type\":\"ReadAction\",\"target\":[\"https:\\\/\\\/infos-droitshumains.net\\\/?p=12710\"]}]},{\"@type\":\"ImageObject\",\"inLanguage\":\"fr-FR\",\"@id\":\"https:\\\/\\\/infos-droitshumains.net\\\/?p=12710#primaryimage\",\"url\":\"https:\\\/\\\/i0.wp.com\\\/infos-droitshumains.net\\\/wp-content\\\/uploads\\\/2025\\\/02\\\/ITURI-F.jpg?fit=640%2C426&ssl=1\",\"contentUrl\":\"https:\\\/\\\/i0.wp.com\\\/infos-droitshumains.net\\\/wp-content\\\/uploads\\\/2025\\\/02\\\/ITURI-F.jpg?fit=640%2C426&ssl=1\",\"width\":640,\"height\":426},{\"@type\":\"BreadcrumbList\",\"@id\":\"https:\\\/\\\/infos-droitshumains.net\\\/?p=12710#breadcrumb\",\"itemListElement\":[{\"@type\":\"ListItem\",\"position\":1,\"name\":\"Accueil\",\"item\":\"https:\\\/\\\/infos-droitshumains.net\\\/\"},{\"@type\":\"ListItem\",\"position\":2,\"name\":\"RDC\u00a0: Que se passe-t-il r\u00e9ellement en Ituri\u00a0?\"}]},{\"@type\":\"WebSite\",\"@id\":\"https:\\\/\\\/infos-droitshumains.net\\\/#website\",\"url\":\"https:\\\/\\\/infos-droitshumains.net\\\/\",\"name\":\"Infos Droits Humains\",\"description\":\"S&#039;informer est un droit\",\"publisher\":{\"@id\":\"https:\\\/\\\/infos-droitshumains.net\\\/#organization\"},\"potentialAction\":[{\"@type\":\"SearchAction\",\"target\":{\"@type\":\"EntryPoint\",\"urlTemplate\":\"https:\\\/\\\/infos-droitshumains.net\\\/?s={search_term_string}\"},\"query-input\":{\"@type\":\"PropertyValueSpecification\",\"valueRequired\":true,\"valueName\":\"search_term_string\"}}],\"inLanguage\":\"fr-FR\"},{\"@type\":\"Organization\",\"@id\":\"https:\\\/\\\/infos-droitshumains.net\\\/#organization\",\"name\":\"Infos Droits Humains\",\"url\":\"https:\\\/\\\/infos-droitshumains.net\\\/\",\"logo\":{\"@type\":\"ImageObject\",\"inLanguage\":\"fr-FR\",\"@id\":\"https:\\\/\\\/infos-droitshumains.net\\\/#\\\/schema\\\/logo\\\/image\\\/\",\"url\":\"https:\\\/\\\/i0.wp.com\\\/infos-droitshumains.net\\\/wp-content\\\/uploads\\\/2022\\\/05\\\/Logo.png?fit=333%2C129&ssl=1\",\"contentUrl\":\"https:\\\/\\\/i0.wp.com\\\/infos-droitshumains.net\\\/wp-content\\\/uploads\\\/2022\\\/05\\\/Logo.png?fit=333%2C129&ssl=1\",\"width\":333,\"height\":129,\"caption\":\"Infos Droits Humains\"},\"image\":{\"@id\":\"https:\\\/\\\/infos-droitshumains.net\\\/#\\\/schema\\\/logo\\\/image\\\/\"}},{\"@type\":\"Person\",\"@id\":\"https:\\\/\\\/infos-droitshumains.net\\\/#\\\/schema\\\/person\\\/3dc5e921c3302172e0ed4362f96faab7\",\"name\":\"Jo\u00ebl Diawa\",\"image\":{\"@type\":\"ImageObject\",\"inLanguage\":\"fr-FR\",\"@id\":\"https:\\\/\\\/secure.gravatar.com\\\/avatar\\\/729bea6ff4604c624417803c477363be8e3c7186deaa65713313f9b4b820f41c?s=96&d=mm&r=g\",\"url\":\"https:\\\/\\\/secure.gravatar.com\\\/avatar\\\/729bea6ff4604c624417803c477363be8e3c7186deaa65713313f9b4b820f41c?s=96&d=mm&r=g\",\"contentUrl\":\"https:\\\/\\\/secure.gravatar.com\\\/avatar\\\/729bea6ff4604c624417803c477363be8e3c7186deaa65713313f9b4b820f41c?s=96&d=mm&r=g\",\"caption\":\"Jo\u00ebl Diawa\"},\"sameAs\":[\"https:\\\/\\\/www.infos-droitshumains.net\"],\"url\":\"https:\\\/\\\/infos-droitshumains.net\\\/?author=2\"}]}<\/script>\n<!-- \/ Yoast SEO plugin. -->","yoast_head_json":{"title":"RDC\u00a0: Que se passe-t-il r\u00e9ellement en Ituri\u00a0? - Infos Droits Humains","robots":{"index":"index","follow":"follow","max-snippet":"max-snippet:-1","max-image-preview":"max-image-preview:large","max-video-preview":"max-video-preview:-1"},"canonical":"https:\/\/infos-droitshumains.net\/?p=12710","og_locale":"fr_FR","og_type":"article","og_title":"RDC\u00a0: Que se passe-t-il r\u00e9ellement en Ituri\u00a0? - Infos Droits Humains","og_description":"R\u00e9daction : +243 817 406 088 Environ 40 v\u00e9hicules militaires ougandais ont \u00e9t\u00e9 aper\u00e7us ce...","og_url":"https:\/\/infos-droitshumains.net\/?p=12710","og_site_name":"Infos Droits Humains","article_published_time":"2025-02-18T16:20:02+00:00","article_modified_time":"2025-02-18T17:44:07+00:00","og_image":[{"width":640,"height":426,"url":"https:\/\/infos-droitshumains.net\/wp-content\/uploads\/2025\/02\/ITURI-F.jpg","type":"image\/jpeg"}],"author":"Jo\u00ebl Diawa","twitter_card":"summary_large_image","twitter_misc":{"\u00c9crit par":"Jo\u00ebl Diawa","Dur\u00e9e de lecture estim\u00e9e":"3 minutes"},"schema":{"@context":"https:\/\/schema.org","@graph":[{"@type":"Article","@id":"https:\/\/infos-droitshumains.net\/?p=12710#article","isPartOf":{"@id":"https:\/\/infos-droitshumains.net\/?p=12710"},"author":{"name":"Jo\u00ebl Diawa","@id":"https:\/\/infos-droitshumains.net\/#\/schema\/person\/3dc5e921c3302172e0ed4362f96faab7"},"headline":"RDC\u00a0: Que se passe-t-il r\u00e9ellement en Ituri\u00a0?","datePublished":"2025-02-18T16:20:02+00:00","dateModified":"2025-02-18T17:44:07+00:00","mainEntityOfPage":{"@id":"https:\/\/infos-droitshumains.net\/?p=12710"},"wordCount":434,"commentCount":0,"publisher":{"@id":"https:\/\/infos-droitshumains.net\/#organization"},"image":{"@id":"https:\/\/infos-droitshumains.net\/?p=12710#primaryimage"},"thumbnailUrl":"https:\/\/i0.wp.com\/infos-droitshumains.net\/wp-content\/uploads\/2025\/02\/ITURI-F.jpg?fit=640%2C426&ssl=1","articleSection":["Actualit\u00e9s"],"inLanguage":"fr-FR","potentialAction":[{"@type":"CommentAction","name":"Comment","target":["https:\/\/infos-droitshumains.net\/?p=12710#respond"]}]},{"@type":"WebPage","@id":"https:\/\/infos-droitshumains.net\/?p=12710","url":"https:\/\/infos-droitshumains.net\/?p=12710","name":"RDC\u00a0: Que se passe-t-il r\u00e9ellement en Ituri\u00a0? - Infos Droits Humains","isPartOf":{"@id":"https:\/\/infos-droitshumains.net\/#website"},"primaryImageOfPage":{"@id":"https:\/\/infos-droitshumains.net\/?p=12710#primaryimage"},"image":{"@id":"https:\/\/infos-droitshumains.net\/?p=12710#primaryimage"},"thumbnailUrl":"https:\/\/i0.wp.com\/infos-droitshumains.net\/wp-content\/uploads\/2025\/02\/ITURI-F.jpg?fit=640%2C426&ssl=1","datePublished":"2025-02-18T16:20:02+00:00","dateModified":"2025-02-18T17:44:07+00:00","breadcrumb":{"@id":"https:\/\/infos-droitshumains.net\/?p=12710#breadcrumb"},"inLanguage":"fr-FR","potentialAction":[{"@type":"ReadAction","target":["https:\/\/infos-droitshumains.net\/?p=12710"]}]},{"@type":"ImageObject","inLanguage":"fr-FR","@id":"https:\/\/infos-droitshumains.net\/?p=12710#primaryimage","url":"https:\/\/i0.wp.com\/infos-droitshumains.net\/wp-content\/uploads\/2025\/02\/ITURI-F.jpg?fit=640%2C426&ssl=1","contentUrl":"https:\/\/i0.wp.com\/infos-droitshumains.net\/wp-content\/uploads\/2025\/02\/ITURI-F.jpg?fit=640%2C426&ssl=1","width":640,"height":426},{"@type":"BreadcrumbList","@id":"https:\/\/infos-droitshumains.net\/?p=12710#breadcrumb","itemListElement":[{"@type":"ListItem","position":1,"name":"Accueil","item":"https:\/\/infos-droitshumains.net\/"},{"@type":"ListItem","position":2,"name":"RDC\u00a0: Que se passe-t-il r\u00e9ellement en Ituri\u00a0?"}]},{"@type":"WebSite","@id":"https:\/\/infos-droitshumains.net\/#website","url":"https:\/\/infos-droitshumains.net\/","name":"Infos Droits Humains","description":"S&#039;informer est un droit","publisher":{"@id":"https:\/\/infos-droitshumains.net\/#organization"},"potentialAction":[{"@type":"SearchAction","target":{"@type":"EntryPoint","urlTemplate":"https:\/\/infos-droitshumains.net\/?s={search_term_string}"},"query-input":{"@type":"PropertyValueSpecification","valueRequired":true,"valueName":"search_term_string"}}],"inLanguage":"fr-FR"},{"@type":"Organization","@id":"https:\/\/infos-droitshumains.net\/#organization","name":"Infos Droits Humains","url":"https:\/\/infos-droitshumains.net\/","logo":{"@type":"ImageObject","inLanguage":"fr-FR","@id":"https:\/\/infos-droitshumains.net\/#\/schema\/logo\/image\/","url":"https:\/\/i0.wp.com\/infos-droitshumains.net\/wp-content\/uploads\/2022\/05\/Logo.png?fit=333%2C129&ssl=1","contentUrl":"https:\/\/i0.wp.com\/infos-droitshumains.net\/wp-content\/uploads\/2022\/05\/Logo.png?fit=333%2C129&ssl=1","width":333,"height":129,"caption":"Infos Droits Humains"},"image":{"@id":"https:\/\/infos-droitshumains.net\/#\/schema\/logo\/image\/"}},{"@type":"Person","@id":"https:\/\/infos-droitshumains.net\/#\/schema\/person\/3dc5e921c3302172e0ed4362f96faab7","name":"Jo\u00ebl Diawa","image":{"@type":"ImageObject","inLanguage":"fr-FR","@id":"https:\/\/secure.gravatar.com\/avatar\/729bea6ff4604c624417803c477363be8e3c7186deaa65713313f9b4b820f41c?s=96&d=mm&r=g","url":"https:\/\/secure.gravatar.com\/avatar\/729bea6ff4604c624417803c477363be8e3c7186deaa65713313f9b4b820f41c?s=96&d=mm&r=g","contentUrl":"https:\/\/secure.gravatar.com\/avatar\/729bea6ff4604c624417803c477363be8e3c7186deaa65713313f9b4b820f41c?s=96&d=mm&r=g","caption":"Jo\u00ebl Diawa"},"sameAs":["https:\/\/www.infos-droitshumains.net"],"url":"https:\/\/infos-droitshumains.net\/?author=2"}]}},"featured_image_urls":{"full":["https:\/\/i0.wp.com\/infos-droitshumains.net\/wp-content\/uploads\/2025\/02\/ITURI-F.jpg?fit=640%2C426&ssl=1",640,426,false],"thumbnail":["https:\/\/i0.wp.com\/infos-droitshumains.net\/wp-content\/uploads\/2025\/02\/ITURI-F.jpg?resize=150%2C150&ssl=1",150,150,true],"medium":["https:\/\/i0.wp.com\/infos-droitshumains.net\/wp-content\/uploads\/2025\/02\/ITURI-F.jpg?fit=300%2C200&ssl=1",300,200,true],"medium_large":["https:\/\/i0.wp.com\/infos-droitshumains.net\/wp-content\/uploads\/2025\/02\/ITURI-F.jpg?fit=640%2C426&ssl=1",640,426,true],"large":["https:\/\/i0.wp.com\/infos-droitshumains.net\/wp-content\/uploads\/2025\/02\/ITURI-F.jpg?fit=640%2C426&ssl=1",640,426,true],"1536x1536":["https:\/\/i0.wp.com\/infos-droitshumains.net\/wp-content\/uploads\/2025\/02\/ITURI-F.jpg?fit=640%2C426&ssl=1",640,426,true],"2048x2048":["https:\/\/i0.wp.com\/infos-droitshumains.net\/wp-content\/uploads\/2025\/02\/ITURI-F.jpg?fit=640%2C426&ssl=1",640,426,true],"covernews-slider-full":["https:\/\/i0.wp.com\/infos-droitshumains.net\/wp-content\/uploads\/2025\/02\/ITURI-F.jpg?resize=640%2C426&ssl=1",640,426,true],"covernews-slider-center":["https:\/\/i0.wp.com\/infos-droitshumains.net\/wp-content\/uploads\/2025\/02\/ITURI-F.jpg?resize=640%2C426&ssl=1",640,426,true],"covernews-featured":["https:\/\/i0.wp.com\/infos-droitshumains.net\/wp-content\/uploads\/2025\/02\/ITURI-F.jpg?fit=640%2C426&ssl=1",640,426,true],"covernews-medium":["https:\/\/i0.wp.com\/infos-droitshumains.net\/wp-content\/uploads\/2025\/02\/ITURI-F.jpg?resize=540%2C340&ssl=1",540,340,true],"covernews-medium-square":["https:\/\/i0.wp.com\/infos-droitshumains.net\/wp-content\/uploads\/2025\/02\/ITURI-F.jpg?resize=400%2C250&ssl=1",400,250,true]},"author_info":{"display_name":"Jo\u00ebl Diawa","author_link":"https:\/\/infos-droitshumains.net\/?author=2"},"category_info":"<a href=\"https:\/\/infos-droitshumains.net\/?cat=29\" rel=\"category\">Actualit\u00e9s<\/a>","tag_info":"Actualit\u00e9s","comment_count":"0","jetpack_featured_media_url":"https:\/\/i0.wp.com\/infos-droitshumains.net\/wp-content\/uploads\/2025\/02\/ITURI-F.jpg?fit=640%2C426&ssl=1","jetpack-related-posts":[],"jetpack_sharing_enabled":true,"_links":{"self":[{"href":"https:\/\/infos-droitshumains.net\/index.php?rest_route=\/wp\/v2\/posts\/12710","targetHints":{"allow":["GET"]}}],"collection":[{"href":"https:\/\/infos-droitshumains.net\/index.php?rest_route=\/wp\/v2\/posts"}],"about":[{"href":"https:\/\/infos-droitshumains.net\/index.php?rest_route=\/wp\/v2\/types\/post"}],"author":[{"embeddable":true,"href":"https:\/\/infos-droitshumains.net\/index.php?rest_route=\/wp\/v2\/users\/2"}],"replies":[{"embeddable":true,"href":"https:\/\/infos-droitshumains.net\/index.php?rest_route=%2Fwp%2Fv2%2Fcomments&post=12710"}],"version-history":[{"count":12,"href":"https:\/\/infos-droitshumains.net\/index.php?rest_route=\/wp\/v2\/posts\/12710\/revisions"}],"predecessor-version":[{"id":12733,"href":"https:\/\/infos-droitshumains.net\/index.php?rest_route=\/wp\/v2\/posts\/12710\/revisions\/12733"}],"wp:featuredmedia":[{"embeddable":true,"href":"https:\/\/infos-droitshumains.net\/index.php?rest_route=\/wp\/v2\/media\/12727"}],"wp:attachment":[{"href":"https:\/\/infos-droitshumains.net\/index.php?rest_route=%2Fwp%2Fv2%2Fmedia&parent=12710"}],"wp:term":[{"taxonomy":"category","embeddable":true,"href":"https:\/\/infos-droitshumains.net\/index.php?rest_route=%2Fwp%2Fv2%2Fcategories&post=12710"},{"taxonomy":"post_tag","embeddable":true,"href":"https:\/\/infos-droitshumains.net\/index.php?rest_route=%2Fwp%2Fv2%2Ftags&post=12710"}],"curies":[{"name":"wp","href":"https:\/\/api.w.org\/{rel}","templated":true}]}}