{"id":12686,"date":"2025-02-17T10:50:35","date_gmt":"2025-02-17T09:50:35","guid":{"rendered":"https:\/\/infos-droitshumains.net\/?p=12686"},"modified":"2025-02-17T11:06:45","modified_gmt":"2025-02-17T10:06:45","slug":"cphj-cour-dappel-de-kinshasa-gombe-lannee-2025-declaree-non-complaisance-en-terme-des-sanctions","status":"publish","type":"post","link":"https:\/\/infos-droitshumains.net\/?p=12686","title":{"rendered":"CPHJ\/Cour d&rsquo;appel de Kinshasa-Gombe : l&rsquo;ann\u00e9e 2025 d\u00e9clar\u00e9e non complaisance en terme des sanctions"},"content":{"rendered":"\n<p><strong>R\u00e9daction : +243 817 406 088<\/strong><\/p>\n\n\n\n<h3 class=\"wp-block-heading has-vivid-red-color has-text-color has-link-color wp-elements-3db1360e33c503ee692308121311775c\">Conform\u00e9ment \u00e0 son r\u00e8glement int\u00e9rieur, la chambre provinciale des huissiers de justice pr\u00e8s le ressort de la cour d&rsquo;appel de Kinshasa-Gombe a tenu son assembl\u00e9e g\u00e9n\u00e9rale ordinaire le 15 f\u00e9vrier 2025 \u00e0 l&rsquo;issue de laquelle, son pr\u00e9sident, ma\u00eetre Henri Mosengo Waya a d\u00e9clar\u00e9 que cette ann\u00e9e sera sans complaisance en terme des sanctions contre tout huissier de justice qui violerait la loi et le r\u00e8glement int\u00e9rieur.<\/h3>\n\n\n\n<figure class=\"wp-block-image alignfull size-full\"><img data-recalc-dims=\"1\" fetchpriority=\"high\" decoding=\"async\" width=\"640\" height=\"513\" src=\"https:\/\/i0.wp.com\/infos-droitshumains.net\/wp-content\/uploads\/2025\/02\/IMG-20250216-WA0036.jpg?resize=640%2C513&#038;ssl=1\" alt=\"\" class=\"wp-image-12690\" srcset=\"https:\/\/i0.wp.com\/infos-droitshumains.net\/wp-content\/uploads\/2025\/02\/IMG-20250216-WA0036.jpg?w=936&amp;ssl=1 936w, https:\/\/i0.wp.com\/infos-droitshumains.net\/wp-content\/uploads\/2025\/02\/IMG-20250216-WA0036.jpg?resize=300%2C240&amp;ssl=1 300w, https:\/\/i0.wp.com\/infos-droitshumains.net\/wp-content\/uploads\/2025\/02\/IMG-20250216-WA0036.jpg?resize=768%2C615&amp;ssl=1 768w\" sizes=\"(max-width: 640px) 100vw, 640px\" \/><\/figure>\n\n\n\n<p><em>\u00ab C&rsquo;est par rapport \u00e0 la discipline. si l&rsquo;ann\u00e9e pass\u00e9e, la chambre \u00e9tait plus large aux comportements d\u00e9raill\u00e9s de certains confr\u00e8res,  cette ann\u00e9e ne sera plus  le cas. Cette ann\u00e9e est celle des sanctions. vous marchez \u00e0 l&rsquo;encontre de la loi et du r\u00e8glement int\u00e9rieur, vous aurez la charte de la chambre devant vous \u00bb<\/em>,  a-t-il alert\u00e9.<\/p>\n\n\n\n<figure class=\"wp-block-image alignfull size-full\"><img data-recalc-dims=\"1\" decoding=\"async\" width=\"640\" height=\"853\" src=\"https:\/\/i0.wp.com\/infos-droitshumains.net\/wp-content\/uploads\/2025\/02\/IMG-20250216-WA0039.jpg?resize=640%2C853&#038;ssl=1\" alt=\"\" class=\"wp-image-12694\" srcset=\"https:\/\/i0.wp.com\/infos-droitshumains.net\/wp-content\/uploads\/2025\/02\/IMG-20250216-WA0039.jpg?w=768&amp;ssl=1 768w, https:\/\/i0.wp.com\/infos-droitshumains.net\/wp-content\/uploads\/2025\/02\/IMG-20250216-WA0039.jpg?resize=225%2C300&amp;ssl=1 225w\" sizes=\"(max-width: 640px) 100vw, 640px\" \/><\/figure>\n\n\n\n<p>Dans la m\u00eame optique, le bureau de la chambre provinciale des huissiers de justice pr\u00e8s le ressort de la cour d&rsquo;appel de Kinshasa-Gombe a mis en garde tout huissier de justice insolvable aux cotisations statutaires et qui utilise un num\u00e9ro RHJ et VE pour plusieurs dossiers.<\/p>\n\n\n\n<p><em>\u00ab Une profession lib\u00e9rale ne fonctionne que par des cotisations, nous avons rappel\u00e9 aux confr\u00e8res une obligation l\u00e9gale de payer les cotisations et pour l&rsquo;int\u00e9r\u00eat de la profession, il y a une r\u00e9solution qui a \u00e9t\u00e9 prise. cette ann\u00e9e, il y aura des sanctions comme pr\u00e9vues par le r\u00e8glement sur tout contre celui qui ne va pas payer les cotisations \u00bb<\/em>, a insist\u00e9 Ma\u00eetre Henri Mosengo.<\/p>\n\n\n\n<figure class=\"wp-block-image alignfull size-full\"><img data-recalc-dims=\"1\" decoding=\"async\" width=\"640\" height=\"853\" src=\"https:\/\/i0.wp.com\/infos-droitshumains.net\/wp-content\/uploads\/2025\/02\/IMG-20250216-WA0037.jpg?resize=640%2C853&#038;ssl=1\" alt=\"\" class=\"wp-image-12699\" srcset=\"https:\/\/i0.wp.com\/infos-droitshumains.net\/wp-content\/uploads\/2025\/02\/IMG-20250216-WA0037.jpg?w=768&amp;ssl=1 768w, https:\/\/i0.wp.com\/infos-droitshumains.net\/wp-content\/uploads\/2025\/02\/IMG-20250216-WA0037.jpg?resize=225%2C300&amp;ssl=1 225w\" sizes=\"(max-width: 640px) 100vw, 640px\" \/><\/figure>\n\n\n\n<p>S&rsquo;agissant de la commission mixte charg\u00e9e du traitement des d\u00e9cisions de justice, cette chambre a annonc\u00e9 de mener les d\u00e9marches pour la r\u00e9vision du fonctionnement de cette structure ou sa suppression en vue de ne pas compromettre le caract\u00e8re lib\u00e9ral de l&rsquo;huissariat.<\/p>\n\n\n\n<p><em>\u00ab C&rsquo;est une commission cr\u00e9\u00e9e de mani\u00e8re ill\u00e9gale bien qu&rsquo;accept\u00e9e. les informations \u00e0 notre possession, il y a certains conseillers qui descendent pour aller r\u00e9installer l\u00e0 o\u00f9 les huissiers de justice ont ex\u00e9cut\u00e9. \u00c7a d\u00e9range. nous avons pris des r\u00e9solutions que nous allons transmettre aux autorit\u00e9s pour que la fa\u00e7on de travailler de cette commission soit revue ou soit supprim\u00e9e. A cette allure, la commission peut faire dispara\u00eetre la profession d&rsquo;huissier de justice \u00bb<\/em>, a regrett\u00e9 ma\u00eetre Henri Mosengo Waya.<\/p>\n\n\n\n<figure class=\"wp-block-image alignfull size-full\"><img data-recalc-dims=\"1\" loading=\"lazy\" decoding=\"async\" width=\"640\" height=\"513\" src=\"https:\/\/i0.wp.com\/infos-droitshumains.net\/wp-content\/uploads\/2025\/02\/IMG-20250216-WA0034.jpg?resize=640%2C513&#038;ssl=1\" alt=\"\" class=\"wp-image-12702\" srcset=\"https:\/\/i0.wp.com\/infos-droitshumains.net\/wp-content\/uploads\/2025\/02\/IMG-20250216-WA0034.jpg?w=936&amp;ssl=1 936w, https:\/\/i0.wp.com\/infos-droitshumains.net\/wp-content\/uploads\/2025\/02\/IMG-20250216-WA0034.jpg?resize=300%2C240&amp;ssl=1 300w, https:\/\/i0.wp.com\/infos-droitshumains.net\/wp-content\/uploads\/2025\/02\/IMG-20250216-WA0034.jpg?resize=768%2C615&amp;ssl=1 768w\" sizes=\"(max-width: 640px) 100vw, 640px\" \/><\/figure>\n\n\n\n<p>Au cours de la m\u00eame assembl\u00e9e g\u00e9n\u00e9rale ordinaire, cette chambre a finalis\u00e9 et adopt\u00e9 son r\u00e8glement int\u00e9rieur. Et un budget de 30.000$ a \u00e9t\u00e9 d\u00e9voil\u00e9 pour le fonctionnement de la chambre durant l&rsquo;exercice 2025, lequel budget va financer notamment la vulgarisation d&rsquo;huissariat dans les universit\u00e9s et m\u00e9dias, dotation du si\u00e8ge \u00e0 cette chambre, abonnement dans un centre de sant\u00e9 pour la prise en charge m\u00e9dicale de tous les huissiers de cette chambre et c\u00e9r\u00e9monie d&rsquo;\u00e9change des v\u0153ux.<\/p>\n\n\n\n<p>AM<\/p>\n","protected":false},"excerpt":{"rendered":"<p>R\u00e9daction : +243 817 406 088 Conform\u00e9ment \u00e0 son r\u00e8glement int\u00e9rieur, la chambre provinciale des&#8230;<\/p>\n","protected":false},"author":2,"featured_media":12688,"comment_status":"open","ping_status":"open","sticky":false,"template":"","format":"standard","meta":{"_jetpack_memberships_contains_paid_content":false,"footnotes":""},"categories":[6],"tags":[],"class_list":["post-12686","post","type-post","status-publish","format-standard","has-post-thumbnail","hentry","category-justice"],"yoast_head":"<!-- This site is optimized with the Yoast SEO plugin v27.5 - https:\/\/yoast.com\/product\/yoast-seo-wordpress\/ -->\n<title>CPHJ\/Cour d&#039;appel de Kinshasa-Gombe : l&#039;ann\u00e9e 2025 d\u00e9clar\u00e9e non complaisance en terme des sanctions - Infos Droits Humains<\/title>\n<meta name=\"robots\" content=\"index, follow, max-snippet:-1, max-image-preview:large, max-video-preview:-1\" \/>\n<link rel=\"canonical\" href=\"https:\/\/infos-droitshumains.net\/?p=12686\" \/>\n<meta property=\"og:locale\" content=\"fr_FR\" \/>\n<meta property=\"og:type\" content=\"article\" \/>\n<meta property=\"og:title\" content=\"CPHJ\/Cour d&#039;appel de Kinshasa-Gombe : l&#039;ann\u00e9e 2025 d\u00e9clar\u00e9e non complaisance en terme des sanctions - Infos Droits Humains\" \/>\n<meta property=\"og:description\" content=\"R\u00e9daction : +243 817 406 088 Conform\u00e9ment \u00e0 son r\u00e8glement int\u00e9rieur, la chambre provinciale des...\" \/>\n<meta property=\"og:url\" content=\"https:\/\/infos-droitshumains.net\/?p=12686\" \/>\n<meta property=\"og:site_name\" content=\"Infos Droits Humains\" \/>\n<meta property=\"article:published_time\" content=\"2025-02-17T09:50:35+00:00\" \/>\n<meta property=\"article:modified_time\" content=\"2025-02-17T10:06:45+00:00\" \/>\n<meta property=\"og:image\" content=\"https:\/\/infos-droitshumains.net\/wp-content\/uploads\/2025\/02\/IMG-20250216-WA0032.jpg\" \/>\n\t<meta property=\"og:image:width\" content=\"936\" \/>\n\t<meta property=\"og:image:height\" content=\"750\" \/>\n\t<meta property=\"og:image:type\" content=\"image\/jpeg\" \/>\n<meta name=\"author\" content=\"Jo\u00ebl Diawa\" \/>\n<meta name=\"twitter:card\" content=\"summary_large_image\" \/>\n<meta name=\"twitter:label1\" content=\"\u00c9crit par\" \/>\n\t<meta name=\"twitter:data1\" content=\"Jo\u00ebl Diawa\" \/>\n\t<meta name=\"twitter:label2\" content=\"Dur\u00e9e de lecture estim\u00e9e\" \/>\n\t<meta name=\"twitter:data2\" content=\"4 minutes\" \/>\n<script type=\"application\/ld+json\" class=\"yoast-schema-graph\">{\"@context\":\"https:\\\/\\\/schema.org\",\"@graph\":[{\"@type\":\"Article\",\"@id\":\"https:\\\/\\\/infos-droitshumains.net\\\/?p=12686#article\",\"isPartOf\":{\"@id\":\"https:\\\/\\\/infos-droitshumains.net\\\/?p=12686\"},\"author\":{\"name\":\"Jo\u00ebl Diawa\",\"@id\":\"https:\\\/\\\/infos-droitshumains.net\\\/#\\\/schema\\\/person\\\/3dc5e921c3302172e0ed4362f96faab7\"},\"headline\":\"CPHJ\\\/Cour d&rsquo;appel de Kinshasa-Gombe : l&rsquo;ann\u00e9e 2025 d\u00e9clar\u00e9e non complaisance en terme des sanctions\",\"datePublished\":\"2025-02-17T09:50:35+00:00\",\"dateModified\":\"2025-02-17T10:06:45+00:00\",\"mainEntityOfPage\":{\"@id\":\"https:\\\/\\\/infos-droitshumains.net\\\/?p=12686\"},\"wordCount\":507,\"commentCount\":0,\"publisher\":{\"@id\":\"https:\\\/\\\/infos-droitshumains.net\\\/#organization\"},\"image\":{\"@id\":\"https:\\\/\\\/infos-droitshumains.net\\\/?p=12686#primaryimage\"},\"thumbnailUrl\":\"https:\\\/\\\/i0.wp.com\\\/infos-droitshumains.net\\\/wp-content\\\/uploads\\\/2025\\\/02\\\/IMG-20250216-WA0032.jpg?fit=936%2C750&ssl=1\",\"articleSection\":[\"Justice\"],\"inLanguage\":\"fr-FR\",\"potentialAction\":[{\"@type\":\"CommentAction\",\"name\":\"Comment\",\"target\":[\"https:\\\/\\\/infos-droitshumains.net\\\/?p=12686#respond\"]}]},{\"@type\":\"WebPage\",\"@id\":\"https:\\\/\\\/infos-droitshumains.net\\\/?p=12686\",\"url\":\"https:\\\/\\\/infos-droitshumains.net\\\/?p=12686\",\"name\":\"CPHJ\\\/Cour d'appel de Kinshasa-Gombe : l'ann\u00e9e 2025 d\u00e9clar\u00e9e non complaisance en terme des sanctions - Infos Droits Humains\",\"isPartOf\":{\"@id\":\"https:\\\/\\\/infos-droitshumains.net\\\/#website\"},\"primaryImageOfPage\":{\"@id\":\"https:\\\/\\\/infos-droitshumains.net\\\/?p=12686#primaryimage\"},\"image\":{\"@id\":\"https:\\\/\\\/infos-droitshumains.net\\\/?p=12686#primaryimage\"},\"thumbnailUrl\":\"https:\\\/\\\/i0.wp.com\\\/infos-droitshumains.net\\\/wp-content\\\/uploads\\\/2025\\\/02\\\/IMG-20250216-WA0032.jpg?fit=936%2C750&ssl=1\",\"datePublished\":\"2025-02-17T09:50:35+00:00\",\"dateModified\":\"2025-02-17T10:06:45+00:00\",\"breadcrumb\":{\"@id\":\"https:\\\/\\\/infos-droitshumains.net\\\/?p=12686#breadcrumb\"},\"inLanguage\":\"fr-FR\",\"potentialAction\":[{\"@type\":\"ReadAction\",\"target\":[\"https:\\\/\\\/infos-droitshumains.net\\\/?p=12686\"]}]},{\"@type\":\"ImageObject\",\"inLanguage\":\"fr-FR\",\"@id\":\"https:\\\/\\\/infos-droitshumains.net\\\/?p=12686#primaryimage\",\"url\":\"https:\\\/\\\/i0.wp.com\\\/infos-droitshumains.net\\\/wp-content\\\/uploads\\\/2025\\\/02\\\/IMG-20250216-WA0032.jpg?fit=936%2C750&ssl=1\",\"contentUrl\":\"https:\\\/\\\/i0.wp.com\\\/infos-droitshumains.net\\\/wp-content\\\/uploads\\\/2025\\\/02\\\/IMG-20250216-WA0032.jpg?fit=936%2C750&ssl=1\",\"width\":936,\"height\":750},{\"@type\":\"BreadcrumbList\",\"@id\":\"https:\\\/\\\/infos-droitshumains.net\\\/?p=12686#breadcrumb\",\"itemListElement\":[{\"@type\":\"ListItem\",\"position\":1,\"name\":\"Accueil\",\"item\":\"https:\\\/\\\/infos-droitshumains.net\\\/\"},{\"@type\":\"ListItem\",\"position\":2,\"name\":\"CPHJ\\\/Cour d&rsquo;appel de Kinshasa-Gombe : l&rsquo;ann\u00e9e 2025 d\u00e9clar\u00e9e non complaisance en terme des sanctions\"}]},{\"@type\":\"WebSite\",\"@id\":\"https:\\\/\\\/infos-droitshumains.net\\\/#website\",\"url\":\"https:\\\/\\\/infos-droitshumains.net\\\/\",\"name\":\"Infos Droits Humains\",\"description\":\"S&#039;informer est un droit\",\"publisher\":{\"@id\":\"https:\\\/\\\/infos-droitshumains.net\\\/#organization\"},\"potentialAction\":[{\"@type\":\"SearchAction\",\"target\":{\"@type\":\"EntryPoint\",\"urlTemplate\":\"https:\\\/\\\/infos-droitshumains.net\\\/?s={search_term_string}\"},\"query-input\":{\"@type\":\"PropertyValueSpecification\",\"valueRequired\":true,\"valueName\":\"search_term_string\"}}],\"inLanguage\":\"fr-FR\"},{\"@type\":\"Organization\",\"@id\":\"https:\\\/\\\/infos-droitshumains.net\\\/#organization\",\"name\":\"Infos Droits Humains\",\"url\":\"https:\\\/\\\/infos-droitshumains.net\\\/\",\"logo\":{\"@type\":\"ImageObject\",\"inLanguage\":\"fr-FR\",\"@id\":\"https:\\\/\\\/infos-droitshumains.net\\\/#\\\/schema\\\/logo\\\/image\\\/\",\"url\":\"https:\\\/\\\/i0.wp.com\\\/infos-droitshumains.net\\\/wp-content\\\/uploads\\\/2022\\\/05\\\/Logo.png?fit=333%2C129&ssl=1\",\"contentUrl\":\"https:\\\/\\\/i0.wp.com\\\/infos-droitshumains.net\\\/wp-content\\\/uploads\\\/2022\\\/05\\\/Logo.png?fit=333%2C129&ssl=1\",\"width\":333,\"height\":129,\"caption\":\"Infos Droits Humains\"},\"image\":{\"@id\":\"https:\\\/\\\/infos-droitshumains.net\\\/#\\\/schema\\\/logo\\\/image\\\/\"}},{\"@type\":\"Person\",\"@id\":\"https:\\\/\\\/infos-droitshumains.net\\\/#\\\/schema\\\/person\\\/3dc5e921c3302172e0ed4362f96faab7\",\"name\":\"Jo\u00ebl Diawa\",\"image\":{\"@type\":\"ImageObject\",\"inLanguage\":\"fr-FR\",\"@id\":\"https:\\\/\\\/secure.gravatar.com\\\/avatar\\\/729bea6ff4604c624417803c477363be8e3c7186deaa65713313f9b4b820f41c?s=96&d=mm&r=g\",\"url\":\"https:\\\/\\\/secure.gravatar.com\\\/avatar\\\/729bea6ff4604c624417803c477363be8e3c7186deaa65713313f9b4b820f41c?s=96&d=mm&r=g\",\"contentUrl\":\"https:\\\/\\\/secure.gravatar.com\\\/avatar\\\/729bea6ff4604c624417803c477363be8e3c7186deaa65713313f9b4b820f41c?s=96&d=mm&r=g\",\"caption\":\"Jo\u00ebl Diawa\"},\"sameAs\":[\"https:\\\/\\\/www.infos-droitshumains.net\"],\"url\":\"https:\\\/\\\/infos-droitshumains.net\\\/?author=2\"}]}<\/script>\n<!-- \/ Yoast SEO plugin. -->","yoast_head_json":{"title":"CPHJ\/Cour d'appel de Kinshasa-Gombe : l'ann\u00e9e 2025 d\u00e9clar\u00e9e non complaisance en terme des sanctions - Infos Droits Humains","robots":{"index":"index","follow":"follow","max-snippet":"max-snippet:-1","max-image-preview":"max-image-preview:large","max-video-preview":"max-video-preview:-1"},"canonical":"https:\/\/infos-droitshumains.net\/?p=12686","og_locale":"fr_FR","og_type":"article","og_title":"CPHJ\/Cour d'appel de Kinshasa-Gombe : l'ann\u00e9e 2025 d\u00e9clar\u00e9e non complaisance en terme des sanctions - Infos Droits Humains","og_description":"R\u00e9daction : +243 817 406 088 Conform\u00e9ment \u00e0 son r\u00e8glement int\u00e9rieur, la chambre provinciale des...","og_url":"https:\/\/infos-droitshumains.net\/?p=12686","og_site_name":"Infos Droits Humains","article_published_time":"2025-02-17T09:50:35+00:00","article_modified_time":"2025-02-17T10:06:45+00:00","og_image":[{"width":936,"height":750,"url":"https:\/\/infos-droitshumains.net\/wp-content\/uploads\/2025\/02\/IMG-20250216-WA0032.jpg","type":"image\/jpeg"}],"author":"Jo\u00ebl Diawa","twitter_card":"summary_large_image","twitter_misc":{"\u00c9crit par":"Jo\u00ebl Diawa","Dur\u00e9e de lecture estim\u00e9e":"4 minutes"},"schema":{"@context":"https:\/\/schema.org","@graph":[{"@type":"Article","@id":"https:\/\/infos-droitshumains.net\/?p=12686#article","isPartOf":{"@id":"https:\/\/infos-droitshumains.net\/?p=12686"},"author":{"name":"Jo\u00ebl Diawa","@id":"https:\/\/infos-droitshumains.net\/#\/schema\/person\/3dc5e921c3302172e0ed4362f96faab7"},"headline":"CPHJ\/Cour d&rsquo;appel de Kinshasa-Gombe : l&rsquo;ann\u00e9e 2025 d\u00e9clar\u00e9e non complaisance en terme des sanctions","datePublished":"2025-02-17T09:50:35+00:00","dateModified":"2025-02-17T10:06:45+00:00","mainEntityOfPage":{"@id":"https:\/\/infos-droitshumains.net\/?p=12686"},"wordCount":507,"commentCount":0,"publisher":{"@id":"https:\/\/infos-droitshumains.net\/#organization"},"image":{"@id":"https:\/\/infos-droitshumains.net\/?p=12686#primaryimage"},"thumbnailUrl":"https:\/\/i0.wp.com\/infos-droitshumains.net\/wp-content\/uploads\/2025\/02\/IMG-20250216-WA0032.jpg?fit=936%2C750&ssl=1","articleSection":["Justice"],"inLanguage":"fr-FR","potentialAction":[{"@type":"CommentAction","name":"Comment","target":["https:\/\/infos-droitshumains.net\/?p=12686#respond"]}]},{"@type":"WebPage","@id":"https:\/\/infos-droitshumains.net\/?p=12686","url":"https:\/\/infos-droitshumains.net\/?p=12686","name":"CPHJ\/Cour d'appel de Kinshasa-Gombe : l'ann\u00e9e 2025 d\u00e9clar\u00e9e non complaisance en terme des sanctions - Infos Droits Humains","isPartOf":{"@id":"https:\/\/infos-droitshumains.net\/#website"},"primaryImageOfPage":{"@id":"https:\/\/infos-droitshumains.net\/?p=12686#primaryimage"},"image":{"@id":"https:\/\/infos-droitshumains.net\/?p=12686#primaryimage"},"thumbnailUrl":"https:\/\/i0.wp.com\/infos-droitshumains.net\/wp-content\/uploads\/2025\/02\/IMG-20250216-WA0032.jpg?fit=936%2C750&ssl=1","datePublished":"2025-02-17T09:50:35+00:00","dateModified":"2025-02-17T10:06:45+00:00","breadcrumb":{"@id":"https:\/\/infos-droitshumains.net\/?p=12686#breadcrumb"},"inLanguage":"fr-FR","potentialAction":[{"@type":"ReadAction","target":["https:\/\/infos-droitshumains.net\/?p=12686"]}]},{"@type":"ImageObject","inLanguage":"fr-FR","@id":"https:\/\/infos-droitshumains.net\/?p=12686#primaryimage","url":"https:\/\/i0.wp.com\/infos-droitshumains.net\/wp-content\/uploads\/2025\/02\/IMG-20250216-WA0032.jpg?fit=936%2C750&ssl=1","contentUrl":"https:\/\/i0.wp.com\/infos-droitshumains.net\/wp-content\/uploads\/2025\/02\/IMG-20250216-WA0032.jpg?fit=936%2C750&ssl=1","width":936,"height":750},{"@type":"BreadcrumbList","@id":"https:\/\/infos-droitshumains.net\/?p=12686#breadcrumb","itemListElement":[{"@type":"ListItem","position":1,"name":"Accueil","item":"https:\/\/infos-droitshumains.net\/"},{"@type":"ListItem","position":2,"name":"CPHJ\/Cour d&rsquo;appel de Kinshasa-Gombe : l&rsquo;ann\u00e9e 2025 d\u00e9clar\u00e9e non complaisance en terme des sanctions"}]},{"@type":"WebSite","@id":"https:\/\/infos-droitshumains.net\/#website","url":"https:\/\/infos-droitshumains.net\/","name":"Infos Droits Humains","description":"S&#039;informer est un droit","publisher":{"@id":"https:\/\/infos-droitshumains.net\/#organization"},"potentialAction":[{"@type":"SearchAction","target":{"@type":"EntryPoint","urlTemplate":"https:\/\/infos-droitshumains.net\/?s={search_term_string}"},"query-input":{"@type":"PropertyValueSpecification","valueRequired":true,"valueName":"search_term_string"}}],"inLanguage":"fr-FR"},{"@type":"Organization","@id":"https:\/\/infos-droitshumains.net\/#organization","name":"Infos Droits Humains","url":"https:\/\/infos-droitshumains.net\/","logo":{"@type":"ImageObject","inLanguage":"fr-FR","@id":"https:\/\/infos-droitshumains.net\/#\/schema\/logo\/image\/","url":"https:\/\/i0.wp.com\/infos-droitshumains.net\/wp-content\/uploads\/2022\/05\/Logo.png?fit=333%2C129&ssl=1","contentUrl":"https:\/\/i0.wp.com\/infos-droitshumains.net\/wp-content\/uploads\/2022\/05\/Logo.png?fit=333%2C129&ssl=1","width":333,"height":129,"caption":"Infos Droits Humains"},"image":{"@id":"https:\/\/infos-droitshumains.net\/#\/schema\/logo\/image\/"}},{"@type":"Person","@id":"https:\/\/infos-droitshumains.net\/#\/schema\/person\/3dc5e921c3302172e0ed4362f96faab7","name":"Jo\u00ebl Diawa","image":{"@type":"ImageObject","inLanguage":"fr-FR","@id":"https:\/\/secure.gravatar.com\/avatar\/729bea6ff4604c624417803c477363be8e3c7186deaa65713313f9b4b820f41c?s=96&d=mm&r=g","url":"https:\/\/secure.gravatar.com\/avatar\/729bea6ff4604c624417803c477363be8e3c7186deaa65713313f9b4b820f41c?s=96&d=mm&r=g","contentUrl":"https:\/\/secure.gravatar.com\/avatar\/729bea6ff4604c624417803c477363be8e3c7186deaa65713313f9b4b820f41c?s=96&d=mm&r=g","caption":"Jo\u00ebl Diawa"},"sameAs":["https:\/\/www.infos-droitshumains.net"],"url":"https:\/\/infos-droitshumains.net\/?author=2"}]}},"featured_image_urls":{"full":["https:\/\/i0.wp.com\/infos-droitshumains.net\/wp-content\/uploads\/2025\/02\/IMG-20250216-WA0032.jpg?fit=936%2C750&ssl=1",936,750,false],"thumbnail":["https:\/\/i0.wp.com\/infos-droitshumains.net\/wp-content\/uploads\/2025\/02\/IMG-20250216-WA0032.jpg?resize=150%2C150&ssl=1",150,150,true],"medium":["https:\/\/i0.wp.com\/infos-droitshumains.net\/wp-content\/uploads\/2025\/02\/IMG-20250216-WA0032.jpg?fit=300%2C240&ssl=1",300,240,true],"medium_large":["https:\/\/i0.wp.com\/infos-droitshumains.net\/wp-content\/uploads\/2025\/02\/IMG-20250216-WA0032.jpg?fit=640%2C513&ssl=1",640,513,true],"large":["https:\/\/i0.wp.com\/infos-droitshumains.net\/wp-content\/uploads\/2025\/02\/IMG-20250216-WA0032.jpg?fit=640%2C513&ssl=1",640,513,true],"1536x1536":["https:\/\/i0.wp.com\/infos-droitshumains.net\/wp-content\/uploads\/2025\/02\/IMG-20250216-WA0032.jpg?fit=936%2C750&ssl=1",936,750,true],"2048x2048":["https:\/\/i0.wp.com\/infos-droitshumains.net\/wp-content\/uploads\/2025\/02\/IMG-20250216-WA0032.jpg?fit=936%2C750&ssl=1",936,750,true],"covernews-slider-full":["https:\/\/i0.wp.com\/infos-droitshumains.net\/wp-content\/uploads\/2025\/02\/IMG-20250216-WA0032.jpg?resize=936%2C715&ssl=1",936,715,true],"covernews-slider-center":["https:\/\/i0.wp.com\/infos-droitshumains.net\/wp-content\/uploads\/2025\/02\/IMG-20250216-WA0032.jpg?resize=800%2C500&ssl=1",800,500,true],"covernews-featured":["https:\/\/i0.wp.com\/infos-droitshumains.net\/wp-content\/uploads\/2025\/02\/IMG-20250216-WA0032.jpg?fit=936%2C750&ssl=1",936,750,true],"covernews-medium":["https:\/\/i0.wp.com\/infos-droitshumains.net\/wp-content\/uploads\/2025\/02\/IMG-20250216-WA0032.jpg?resize=540%2C340&ssl=1",540,340,true],"covernews-medium-square":["https:\/\/i0.wp.com\/infos-droitshumains.net\/wp-content\/uploads\/2025\/02\/IMG-20250216-WA0032.jpg?resize=400%2C250&ssl=1",400,250,true]},"author_info":{"display_name":"Jo\u00ebl Diawa","author_link":"https:\/\/infos-droitshumains.net\/?author=2"},"category_info":"<a href=\"https:\/\/infos-droitshumains.net\/?cat=6\" rel=\"category\">Justice<\/a>","tag_info":"Justice","comment_count":"0","jetpack_featured_media_url":"https:\/\/i0.wp.com\/infos-droitshumains.net\/wp-content\/uploads\/2025\/02\/IMG-20250216-WA0032.jpg?fit=936%2C750&ssl=1","jetpack-related-posts":[],"jetpack_sharing_enabled":true,"_links":{"self":[{"href":"https:\/\/infos-droitshumains.net\/index.php?rest_route=\/wp\/v2\/posts\/12686","targetHints":{"allow":["GET"]}}],"collection":[{"href":"https:\/\/infos-droitshumains.net\/index.php?rest_route=\/wp\/v2\/posts"}],"about":[{"href":"https:\/\/infos-droitshumains.net\/index.php?rest_route=\/wp\/v2\/types\/post"}],"author":[{"embeddable":true,"href":"https:\/\/infos-droitshumains.net\/index.php?rest_route=\/wp\/v2\/users\/2"}],"replies":[{"embeddable":true,"href":"https:\/\/infos-droitshumains.net\/index.php?rest_route=%2Fwp%2Fv2%2Fcomments&post=12686"}],"version-history":[{"count":8,"href":"https:\/\/infos-droitshumains.net\/index.php?rest_route=\/wp\/v2\/posts\/12686\/revisions"}],"predecessor-version":[{"id":12732,"href":"https:\/\/infos-droitshumains.net\/index.php?rest_route=\/wp\/v2\/posts\/12686\/revisions\/12732"}],"wp:featuredmedia":[{"embeddable":true,"href":"https:\/\/infos-droitshumains.net\/index.php?rest_route=\/wp\/v2\/media\/12688"}],"wp:attachment":[{"href":"https:\/\/infos-droitshumains.net\/index.php?rest_route=%2Fwp%2Fv2%2Fmedia&parent=12686"}],"wp:term":[{"taxonomy":"category","embeddable":true,"href":"https:\/\/infos-droitshumains.net\/index.php?rest_route=%2Fwp%2Fv2%2Fcategories&post=12686"},{"taxonomy":"post_tag","embeddable":true,"href":"https:\/\/infos-droitshumains.net\/index.php?rest_route=%2Fwp%2Fv2%2Ftags&post=12686"}],"curies":[{"name":"wp","href":"https:\/\/api.w.org\/{rel}","templated":true}]}}