{"id":1268,"date":"2021-12-11T09:01:59","date_gmt":"2021-12-11T08:01:59","guid":{"rendered":"https:\/\/infos-droitshumains.net\/?p=1268"},"modified":"2023-04-06T12:11:03","modified_gmt":"2023-04-06T10:11:03","slug":"avortements-clandestins-lun-des-facteurs-qui-expose-la-femme-et-la-jeune-fille-a-plusieurs-risques-en-rdc","status":"publish","type":"post","link":"https:\/\/infos-droitshumains.net\/?p=1268","title":{"rendered":"Avortements clandestins: l&rsquo;un des facteurs  qui expose la femme et la jeune fille \u00e0 plusieurs risques en RDC"},"content":{"rendered":"\n<p><strong>R\u00e9daction: +243817406088<\/strong><\/p>\n\n\n\n<p><strong>Ce travail a \u00e9t\u00e9 r\u00e9alis\u00e9 par Chantal Kabasua du R\u00e9seau des Journalistes pour la sant\u00e9 Sexuelle et Reproductive, RJSSR, avec l&rsquo;appui de IPAS RDC.<\/strong><\/p>\n\n\n\n<p>Par manque des connaissances ou volontairement, plusieurs femmes recourent \u00e0 l&rsquo;interruption volontaire de la grossesse en usant des moyens moins s\u00e9curisant qui mettent en p\u00e9ril leur sant\u00e9 . G\u00e9n\u00e9ralement, certaines femmes arrivent aupr\u00e8s du prestataire des soins de sant\u00e9 juste pour que ce dernier constate l&rsquo;interruption et fasse le  de nettoyage  de la cavit\u00e9 ut\u00e9rine en recourant \u00e0 la m\u00e9thode de curetage.<\/p>\n\n\n\n<p>En effet , le curetage est une m\u00e9thode m\u00e9dico chirurgicale qui consiste \u00e0 extraire de mani\u00e8re tr\u00e8s simple une substance contenue \u00e0 l&rsquo;int\u00e9rieur de la cavit\u00e9 ut\u00e9rine de la femme , elle se fait au moyen de la curette .<\/p>\n\n\n\n<p><em><strong>\u00a0\u00bb Mon ami m&rsquo;a connue sexuellement , deux mois apr\u00e8s , je n&rsquo;ai pas vu mes r\u00e8gles . Lui, craignant la grossesse, s&rsquo;est pr\u00e9cipit\u00e9 dans une pharmacie pour m&rsquo;acheter des m\u00e9dicaments . Malgr\u00e9 le refus du pharmacien de lui  vendre ce qu&rsquo;il cherchait , il a finit par le convaincre et ce dernier lui  a vendu des m\u00e9dicaments que j&rsquo; ai par la suite prit sans en conna\u00eetre le motif .  Trois jours apr\u00e8s la prise,  j ai commenc\u00e9 \u00e0 saigner abondamment . Arriv\u00e9 \u00e0 l&rsquo;h\u00f4pital avec ma m\u00e8re et mon oncle ,  j ai pass\u00e9 une \u00e9chographie . il s est av\u00e9r\u00e9 que j&rsquo;avais avort\u00e9 et qu&rsquo;il fallait que l&rsquo;on me fasse le curetage pour nettoyer et extraire les d\u00e9bris \u00a0\u00bb<\/strong><\/em>. ce t\u00e9moignage est de Gr\u00e2ce, jeune fille \u00e2g\u00e9e de 14 ans , engross\u00e9e par Papy , \u00e2g\u00e9 lui de 17 ans .<\/p>\n\n\n\n<p>les propos de gr\u00e2ce r\u00e9v\u00e8lent que,  de part son \u00e2ge , elle a \u00e9t\u00e9 victime d&rsquo;un viol et d&rsquo;un avortement clandestin avec comme cons\u00e9quence , le curetage et plusieures femmes ou jeunes filles se retrouvent dans cette situation pour diverses raisons. Mais, la question est celle de savoir si cette m\u00e9thode de curetage est elle d&rsquo;actualit\u00e9 ou pas ? <\/p>\n\n\n\n<p>Le curetage est une m\u00e9thode r\u00e9volue qui n&rsquo;est plus d&rsquo;actualit\u00e9 \u00e0 cause de ses cons\u00e9quences n\u00e9fastes sur la sant\u00e9 physique voire mentale  de la femme de l&rsquo;avis  du Docteur Delphin Katchelewa de l&rsquo;association pour le bien \u00eatre familial et naissances d\u00e9sirables, Abfnd. selon cet expert en sant\u00e9 sexuelle et reproductive, plusieurs cons\u00e9quences f\u00e2cheuses r\u00e9sultent de cette technique telles que, <em>\u00ab\u00a0la perforation ut\u00e9rine , les blessures , la st\u00e9rilit\u00e9 secondaire\u00a0\u00bb <\/em>pour ne citer que celles l\u00e0.<\/p>\n\n\n\n<p>Le docteur Delphin soutient par ailleurs qu&rsquo;avec l&rsquo;av\u00e8nement du protocole de Maputo, instrument juridique r\u00e9gional ratifi\u00e9 par la RDC,<em> \u00ab\u00a0les femmes peuvent \u00eatre assur\u00e9es de la bonne prise en charge qui passe notamment par le recours \u00e0  la seringue de calmar qui consiste \u00e0 aspirer la grossesse sans passer par le curetage\u00a0\u00bb.<\/em><\/p>\n\n\n\n<p><strong><em>Qu&rsquo;en est-il du cadre l\u00e9gal des avortements en RDC?<\/em><\/strong><\/p>\n\n\n\n<p>Interrog\u00e9 \u00e0 propos , Me Brady Bilala de IPAS RDC affirme que <em>\u00ab\u00a0l&rsquo;avortement demeure un fait infractionnel en Droit positif congolais et les auteurs ou complices risquent une peine allant de 5 \u00e0 15 ans de servitude p\u00e9nale principale\u00a0\u00bb<\/em> selon les articles 165 et 166 du code p\u00e9nal congolais. <\/p>\n\n\n\n<p>Toute fois , la br\u00e8che est ouverte avec la ratification par la RDC du protocole de Maputo portant droits de l&rsquo;homme et des peuples relatifs aux droits des femmes qui consacre express\u00e9ment l&rsquo;avortement s\u00e9curis\u00e9  selon les conditions \u00e9num\u00e9r\u00e9es \u00e0 son article 14.2.c. Ces conditions sont constitu\u00e9es <em>\u00ab\u00a0d&rsquo;agression sexuelle, du viol , de l&rsquo;inceste ou lorsque la grossesse met en danger la sant\u00e9 mentale ou physique de la m\u00e8re ou du f\u0153tus\u00a0\u00bb<\/em>.<\/p>\n\n\n\n<p>La RDC devra donc encadrer cette permission du protocole de Maputo en adoptant des mesures qui peuvent prot\u00e9ger la maman et l&rsquo;enfant \u00e0 l&rsquo;occasion d&rsquo;un avortement n\u00e9cessaire r\u00e9pondant aux conditions sus \u00e9voqu\u00e9es . Un avortement s\u00e9curis\u00e9 aupr\u00e8s d&rsquo;un prestataire de qualit\u00e9 \u00e9pargne la femme \u00e0 des risques qui mettraient sa vie et son avenir en danger .<\/p>\n\n\n\n<p>Chantal Kabasua<\/p>\n","protected":false},"excerpt":{"rendered":"<p>R\u00e9daction: +243817406088 Ce travail a \u00e9t\u00e9 r\u00e9alis\u00e9 par Chantal Kabasua du R\u00e9seau des Journalistes pour&#8230;<\/p>\n","protected":false},"author":2,"featured_media":0,"comment_status":"closed","ping_status":"open","sticky":false,"template":"","format":"standard","meta":{"_jetpack_memberships_contains_paid_content":false,"footnotes":""},"categories":[1],"tags":[],"class_list":["post-1268","post","type-post","status-publish","format-standard","hentry","category-non-classe"],"yoast_head":"<!-- This site is optimized with the Yoast SEO plugin v27.5 - https:\/\/yoast.com\/product\/yoast-seo-wordpress\/ -->\n<title>Avortements clandestins: l&#039;un des facteurs qui expose la femme et la jeune fille \u00e0 plusieurs risques en RDC - Infos Droits Humains<\/title>\n<meta name=\"robots\" content=\"index, follow, max-snippet:-1, max-image-preview:large, max-video-preview:-1\" \/>\n<link rel=\"canonical\" href=\"https:\/\/infos-droitshumains.net\/?p=1268\" \/>\n<meta property=\"og:locale\" content=\"fr_FR\" \/>\n<meta property=\"og:type\" content=\"article\" \/>\n<meta property=\"og:title\" content=\"Avortements clandestins: l&#039;un des facteurs qui expose la femme et la jeune fille \u00e0 plusieurs risques en RDC - Infos Droits Humains\" \/>\n<meta property=\"og:description\" content=\"R\u00e9daction: +243817406088 Ce travail a \u00e9t\u00e9 r\u00e9alis\u00e9 par Chantal Kabasua du R\u00e9seau des Journalistes pour...\" \/>\n<meta property=\"og:url\" content=\"https:\/\/infos-droitshumains.net\/?p=1268\" \/>\n<meta property=\"og:site_name\" content=\"Infos Droits Humains\" \/>\n<meta property=\"article:published_time\" content=\"2021-12-11T08:01:59+00:00\" \/>\n<meta property=\"article:modified_time\" content=\"2023-04-06T10:11:03+00:00\" \/>\n<meta name=\"author\" content=\"Jo\u00ebl Diawa\" \/>\n<meta name=\"twitter:card\" content=\"summary_large_image\" \/>\n<meta name=\"twitter:label1\" content=\"\u00c9crit par\" \/>\n\t<meta name=\"twitter:data1\" content=\"Jo\u00ebl Diawa\" \/>\n\t<meta name=\"twitter:label2\" content=\"Dur\u00e9e de lecture estim\u00e9e\" \/>\n\t<meta name=\"twitter:data2\" content=\"3 minutes\" \/>\n<script type=\"application\/ld+json\" class=\"yoast-schema-graph\">{\"@context\":\"https:\\\/\\\/schema.org\",\"@graph\":[{\"@type\":\"Article\",\"@id\":\"https:\\\/\\\/infos-droitshumains.net\\\/?p=1268#article\",\"isPartOf\":{\"@id\":\"https:\\\/\\\/infos-droitshumains.net\\\/?p=1268\"},\"author\":{\"name\":\"Jo\u00ebl Diawa\",\"@id\":\"https:\\\/\\\/infos-droitshumains.net\\\/#\\\/schema\\\/person\\\/3dc5e921c3302172e0ed4362f96faab7\"},\"headline\":\"Avortements clandestins: l&rsquo;un des facteurs qui expose la femme et la jeune fille \u00e0 plusieurs risques en RDC\",\"datePublished\":\"2021-12-11T08:01:59+00:00\",\"dateModified\":\"2023-04-06T10:11:03+00:00\",\"mainEntityOfPage\":{\"@id\":\"https:\\\/\\\/infos-droitshumains.net\\\/?p=1268\"},\"wordCount\":682,\"publisher\":{\"@id\":\"https:\\\/\\\/infos-droitshumains.net\\\/#organization\"},\"inLanguage\":\"fr-FR\"},{\"@type\":\"WebPage\",\"@id\":\"https:\\\/\\\/infos-droitshumains.net\\\/?p=1268\",\"url\":\"https:\\\/\\\/infos-droitshumains.net\\\/?p=1268\",\"name\":\"Avortements clandestins: l'un des facteurs qui expose la femme et la jeune fille \u00e0 plusieurs risques en RDC - Infos Droits Humains\",\"isPartOf\":{\"@id\":\"https:\\\/\\\/infos-droitshumains.net\\\/#website\"},\"datePublished\":\"2021-12-11T08:01:59+00:00\",\"dateModified\":\"2023-04-06T10:11:03+00:00\",\"breadcrumb\":{\"@id\":\"https:\\\/\\\/infos-droitshumains.net\\\/?p=1268#breadcrumb\"},\"inLanguage\":\"fr-FR\",\"potentialAction\":[{\"@type\":\"ReadAction\",\"target\":[\"https:\\\/\\\/infos-droitshumains.net\\\/?p=1268\"]}]},{\"@type\":\"BreadcrumbList\",\"@id\":\"https:\\\/\\\/infos-droitshumains.net\\\/?p=1268#breadcrumb\",\"itemListElement\":[{\"@type\":\"ListItem\",\"position\":1,\"name\":\"Accueil\",\"item\":\"https:\\\/\\\/infos-droitshumains.net\\\/\"},{\"@type\":\"ListItem\",\"position\":2,\"name\":\"Avortements clandestins: l&rsquo;un des facteurs qui expose la femme et la jeune fille \u00e0 plusieurs risques en RDC\"}]},{\"@type\":\"WebSite\",\"@id\":\"https:\\\/\\\/infos-droitshumains.net\\\/#website\",\"url\":\"https:\\\/\\\/infos-droitshumains.net\\\/\",\"name\":\"Infos Droits Humains\",\"description\":\"S&#039;informer est un droit\",\"publisher\":{\"@id\":\"https:\\\/\\\/infos-droitshumains.net\\\/#organization\"},\"potentialAction\":[{\"@type\":\"SearchAction\",\"target\":{\"@type\":\"EntryPoint\",\"urlTemplate\":\"https:\\\/\\\/infos-droitshumains.net\\\/?s={search_term_string}\"},\"query-input\":{\"@type\":\"PropertyValueSpecification\",\"valueRequired\":true,\"valueName\":\"search_term_string\"}}],\"inLanguage\":\"fr-FR\"},{\"@type\":\"Organization\",\"@id\":\"https:\\\/\\\/infos-droitshumains.net\\\/#organization\",\"name\":\"Infos Droits Humains\",\"url\":\"https:\\\/\\\/infos-droitshumains.net\\\/\",\"logo\":{\"@type\":\"ImageObject\",\"inLanguage\":\"fr-FR\",\"@id\":\"https:\\\/\\\/infos-droitshumains.net\\\/#\\\/schema\\\/logo\\\/image\\\/\",\"url\":\"https:\\\/\\\/i0.wp.com\\\/infos-droitshumains.net\\\/wp-content\\\/uploads\\\/2022\\\/05\\\/Logo.png?fit=333%2C129&ssl=1\",\"contentUrl\":\"https:\\\/\\\/i0.wp.com\\\/infos-droitshumains.net\\\/wp-content\\\/uploads\\\/2022\\\/05\\\/Logo.png?fit=333%2C129&ssl=1\",\"width\":333,\"height\":129,\"caption\":\"Infos Droits Humains\"},\"image\":{\"@id\":\"https:\\\/\\\/infos-droitshumains.net\\\/#\\\/schema\\\/logo\\\/image\\\/\"}},{\"@type\":\"Person\",\"@id\":\"https:\\\/\\\/infos-droitshumains.net\\\/#\\\/schema\\\/person\\\/3dc5e921c3302172e0ed4362f96faab7\",\"name\":\"Jo\u00ebl Diawa\",\"image\":{\"@type\":\"ImageObject\",\"inLanguage\":\"fr-FR\",\"@id\":\"https:\\\/\\\/secure.gravatar.com\\\/avatar\\\/729bea6ff4604c624417803c477363be8e3c7186deaa65713313f9b4b820f41c?s=96&d=mm&r=g\",\"url\":\"https:\\\/\\\/secure.gravatar.com\\\/avatar\\\/729bea6ff4604c624417803c477363be8e3c7186deaa65713313f9b4b820f41c?s=96&d=mm&r=g\",\"contentUrl\":\"https:\\\/\\\/secure.gravatar.com\\\/avatar\\\/729bea6ff4604c624417803c477363be8e3c7186deaa65713313f9b4b820f41c?s=96&d=mm&r=g\",\"caption\":\"Jo\u00ebl Diawa\"},\"sameAs\":[\"https:\\\/\\\/www.infos-droitshumains.net\"],\"url\":\"https:\\\/\\\/infos-droitshumains.net\\\/?author=2\"}]}<\/script>\n<!-- \/ Yoast SEO plugin. -->","yoast_head_json":{"title":"Avortements clandestins: l'un des facteurs qui expose la femme et la jeune fille \u00e0 plusieurs risques en RDC - Infos Droits Humains","robots":{"index":"index","follow":"follow","max-snippet":"max-snippet:-1","max-image-preview":"max-image-preview:large","max-video-preview":"max-video-preview:-1"},"canonical":"https:\/\/infos-droitshumains.net\/?p=1268","og_locale":"fr_FR","og_type":"article","og_title":"Avortements clandestins: l'un des facteurs qui expose la femme et la jeune fille \u00e0 plusieurs risques en RDC - Infos Droits Humains","og_description":"R\u00e9daction: +243817406088 Ce travail a \u00e9t\u00e9 r\u00e9alis\u00e9 par Chantal Kabasua du R\u00e9seau des Journalistes pour...","og_url":"https:\/\/infos-droitshumains.net\/?p=1268","og_site_name":"Infos Droits Humains","article_published_time":"2021-12-11T08:01:59+00:00","article_modified_time":"2023-04-06T10:11:03+00:00","author":"Jo\u00ebl Diawa","twitter_card":"summary_large_image","twitter_misc":{"\u00c9crit par":"Jo\u00ebl Diawa","Dur\u00e9e de lecture estim\u00e9e":"3 minutes"},"schema":{"@context":"https:\/\/schema.org","@graph":[{"@type":"Article","@id":"https:\/\/infos-droitshumains.net\/?p=1268#article","isPartOf":{"@id":"https:\/\/infos-droitshumains.net\/?p=1268"},"author":{"name":"Jo\u00ebl Diawa","@id":"https:\/\/infos-droitshumains.net\/#\/schema\/person\/3dc5e921c3302172e0ed4362f96faab7"},"headline":"Avortements clandestins: l&rsquo;un des facteurs qui expose la femme et la jeune fille \u00e0 plusieurs risques en RDC","datePublished":"2021-12-11T08:01:59+00:00","dateModified":"2023-04-06T10:11:03+00:00","mainEntityOfPage":{"@id":"https:\/\/infos-droitshumains.net\/?p=1268"},"wordCount":682,"publisher":{"@id":"https:\/\/infos-droitshumains.net\/#organization"},"inLanguage":"fr-FR"},{"@type":"WebPage","@id":"https:\/\/infos-droitshumains.net\/?p=1268","url":"https:\/\/infos-droitshumains.net\/?p=1268","name":"Avortements clandestins: l'un des facteurs qui expose la femme et la jeune fille \u00e0 plusieurs risques en RDC - Infos Droits Humains","isPartOf":{"@id":"https:\/\/infos-droitshumains.net\/#website"},"datePublished":"2021-12-11T08:01:59+00:00","dateModified":"2023-04-06T10:11:03+00:00","breadcrumb":{"@id":"https:\/\/infos-droitshumains.net\/?p=1268#breadcrumb"},"inLanguage":"fr-FR","potentialAction":[{"@type":"ReadAction","target":["https:\/\/infos-droitshumains.net\/?p=1268"]}]},{"@type":"BreadcrumbList","@id":"https:\/\/infos-droitshumains.net\/?p=1268#breadcrumb","itemListElement":[{"@type":"ListItem","position":1,"name":"Accueil","item":"https:\/\/infos-droitshumains.net\/"},{"@type":"ListItem","position":2,"name":"Avortements clandestins: l&rsquo;un des facteurs qui expose la femme et la jeune fille \u00e0 plusieurs risques en RDC"}]},{"@type":"WebSite","@id":"https:\/\/infos-droitshumains.net\/#website","url":"https:\/\/infos-droitshumains.net\/","name":"Infos Droits Humains","description":"S&#039;informer est un droit","publisher":{"@id":"https:\/\/infos-droitshumains.net\/#organization"},"potentialAction":[{"@type":"SearchAction","target":{"@type":"EntryPoint","urlTemplate":"https:\/\/infos-droitshumains.net\/?s={search_term_string}"},"query-input":{"@type":"PropertyValueSpecification","valueRequired":true,"valueName":"search_term_string"}}],"inLanguage":"fr-FR"},{"@type":"Organization","@id":"https:\/\/infos-droitshumains.net\/#organization","name":"Infos Droits Humains","url":"https:\/\/infos-droitshumains.net\/","logo":{"@type":"ImageObject","inLanguage":"fr-FR","@id":"https:\/\/infos-droitshumains.net\/#\/schema\/logo\/image\/","url":"https:\/\/i0.wp.com\/infos-droitshumains.net\/wp-content\/uploads\/2022\/05\/Logo.png?fit=333%2C129&ssl=1","contentUrl":"https:\/\/i0.wp.com\/infos-droitshumains.net\/wp-content\/uploads\/2022\/05\/Logo.png?fit=333%2C129&ssl=1","width":333,"height":129,"caption":"Infos Droits Humains"},"image":{"@id":"https:\/\/infos-droitshumains.net\/#\/schema\/logo\/image\/"}},{"@type":"Person","@id":"https:\/\/infos-droitshumains.net\/#\/schema\/person\/3dc5e921c3302172e0ed4362f96faab7","name":"Jo\u00ebl Diawa","image":{"@type":"ImageObject","inLanguage":"fr-FR","@id":"https:\/\/secure.gravatar.com\/avatar\/729bea6ff4604c624417803c477363be8e3c7186deaa65713313f9b4b820f41c?s=96&d=mm&r=g","url":"https:\/\/secure.gravatar.com\/avatar\/729bea6ff4604c624417803c477363be8e3c7186deaa65713313f9b4b820f41c?s=96&d=mm&r=g","contentUrl":"https:\/\/secure.gravatar.com\/avatar\/729bea6ff4604c624417803c477363be8e3c7186deaa65713313f9b4b820f41c?s=96&d=mm&r=g","caption":"Jo\u00ebl Diawa"},"sameAs":["https:\/\/www.infos-droitshumains.net"],"url":"https:\/\/infos-droitshumains.net\/?author=2"}]}},"featured_image_urls":{"full":"","thumbnail":"","medium":"","medium_large":"","large":"","1536x1536":"","2048x2048":"","covernews-slider-full":"","covernews-slider-center":"","covernews-featured":"","covernews-medium":"","covernews-medium-square":""},"author_info":{"display_name":"Jo\u00ebl Diawa","author_link":"https:\/\/infos-droitshumains.net\/?author=2"},"category_info":"<a href=\"https:\/\/infos-droitshumains.net\/?cat=1\" rel=\"category\">Non class\u00e9<\/a>","tag_info":"Non class\u00e9","comment_count":"0","jetpack_featured_media_url":"","jetpack-related-posts":[],"jetpack_sharing_enabled":true,"_links":{"self":[{"href":"https:\/\/infos-droitshumains.net\/index.php?rest_route=\/wp\/v2\/posts\/1268","targetHints":{"allow":["GET"]}}],"collection":[{"href":"https:\/\/infos-droitshumains.net\/index.php?rest_route=\/wp\/v2\/posts"}],"about":[{"href":"https:\/\/infos-droitshumains.net\/index.php?rest_route=\/wp\/v2\/types\/post"}],"author":[{"embeddable":true,"href":"https:\/\/infos-droitshumains.net\/index.php?rest_route=\/wp\/v2\/users\/2"}],"replies":[{"embeddable":true,"href":"https:\/\/infos-droitshumains.net\/index.php?rest_route=%2Fwp%2Fv2%2Fcomments&post=1268"}],"version-history":[{"count":7,"href":"https:\/\/infos-droitshumains.net\/index.php?rest_route=\/wp\/v2\/posts\/1268\/revisions"}],"predecessor-version":[{"id":1277,"href":"https:\/\/infos-droitshumains.net\/index.php?rest_route=\/wp\/v2\/posts\/1268\/revisions\/1277"}],"wp:attachment":[{"href":"https:\/\/infos-droitshumains.net\/index.php?rest_route=%2Fwp%2Fv2%2Fmedia&parent=1268"}],"wp:term":[{"taxonomy":"category","embeddable":true,"href":"https:\/\/infos-droitshumains.net\/index.php?rest_route=%2Fwp%2Fv2%2Fcategories&post=1268"},{"taxonomy":"post_tag","embeddable":true,"href":"https:\/\/infos-droitshumains.net\/index.php?rest_route=%2Fwp%2Fv2%2Ftags&post=1268"}],"curies":[{"name":"wp","href":"https:\/\/api.w.org\/{rel}","templated":true}]}}