{"id":12679,"date":"2025-02-14T08:51:01","date_gmt":"2025-02-14T07:51:01","guid":{"rendered":"https:\/\/infos-droitshumains.net\/?p=12679"},"modified":"2025-02-14T08:51:33","modified_gmt":"2025-02-14T07:51:33","slug":"rdc-si-vous-voulez-avoir-la-paix-la-premiere-chose-a-chasser-cest-lemotion-vital-kamerhe-aux-deputes","status":"publish","type":"post","link":"https:\/\/infos-droitshumains.net\/?p=12679","title":{"rendered":"RDC: Si vous voulez avoir la paix, la premi\u00e8re chose \u00e0 chasser c\u2019est l\u2019\u00e9motion. (Vital Kamerhe aux d\u00e9put\u00e9s)"},"content":{"rendered":"\n<p><strong>R\u00e9daction: +243 817 406 088<\/strong><\/p>\n\n\n\n<h3 class=\"wp-block-heading has-vivid-red-color has-text-color has-link-color wp-elements-b69320097ac2717c808fe8c6aa6692e0\">La session extraordinaire convoqu\u00e9e par l\u2019Assembl\u00e9e Nationale sur demande du Pr\u00e9sident de la R\u00e9publique s\u2019est cl\u00f4tur\u00e9e jeudi 13 F\u00e9vrier apr\u00e8s que l\u2019ordre du jour ait \u00e9t\u00e9 vid\u00e9. Deux mati\u00e8res importantes ont \u00e9t\u00e9 trait\u00e9es au cours de cette session extraordinaire \u00e0 savoir, l&rsquo;examen de la situation s\u00e9curitaire \u00e0 l&rsquo;Est dont les propositions des voies et moyens politiques et diplomatiques de sortie de crise ont \u00e9t\u00e9 explor\u00e9 ainsi que la prestation de serment de deux nouveaux juges de la Cour Constitutionnelle et du nouveau Procureur G\u00e9n\u00e9ral pr\u00e8s cette haute Cour.<\/h3>\n\n\n\n<p>La coh\u00e9sion nationale, la r\u00e9sistance et l\u2019espoir sont donc les trois mots qui ont caract\u00e9ris\u00e9 le discours patriotique du Pr\u00e9sident de l\u2019Assembl\u00e9e Nationale fortement impliqu\u00e9 dans la recherche des solutions diplomatiques \u00e0 travers une diplomatie parlementaire agissante.<\/p>\n\n\n\n<p>R\u00e9pondant aux pr\u00e9occupations de quelques \u00e9lus notamment sur la d\u00e9marre des Ev\u00eaques, Vital Kamerhe a coup\u00e9 court aux sp\u00e9culations\u00a0:<\/p>\n\n\n\n<p><em>\u00ab&nbsp;Avant de voir le Pr\u00e9sident de l\u2019Assembl\u00e9e Nationale, les Ev\u00eaques avaient vu le Pr\u00e9sident de la R\u00e9publique, ils ont vu l\u2019honorable Martin Fayulu et ils ont communiqu\u00e9. Cette question des Ev\u00eaques qui se retrouvent \u00e0 Goma \u00e0 la recherche de la paix, laissons-l\u00e0 au Pr\u00e9sident de la R\u00e9publique et le gouvernement&nbsp;\u00bb<\/em>, a pr\u00e9cis\u00e9 Vital Kamerhe qui a cependant rassur\u00e9 ses coll\u00e8gues.<\/p>\n\n\n\n<p><em>\u00ab&nbsp;Vous risquez de parler des choses que vous ne ma\u00eetrisez pas\u2026dans le cadre de collaboration interinstitutionnelle, pour savoir qu\u2019est-ce qu\u2019il en est au juste, \u2026moi votre Pr\u00e9sident je poserai la question au gouvernement. Nous risquons de verser dans des d\u00e9bats \u2018\u2019inutiles Ndlr\u2019\u2019 ce n\u2019est pas le moment&nbsp;\u00bb.<\/em><\/p>\n\n\n\n<p>La question de la recherche de la paix, une question tr\u00e8s cruciale qui exige les uns et les autres \u00e0 se d\u00e9passionner des \u00e9motions. Le speaker de la chambre basse du parlement l\u2019a parl\u00e9 aux d\u00e9put\u00e9s&nbsp;:<\/p>\n\n\n\n<p><em>\u00ab&nbsp;Vous savez que si vous voulez avoir la paix la premi\u00e8re chose \u00e0 chasser c\u2019est l\u2019\u00e9motion. Les gens qui sont \u00e0 Goma occup\u00e9 maintenant, au Nord-Kivu, dans le Sud-Kivu nous suivent et ne veulent que la paix. Il ne faut pas que par nos d\u00e9clarations \u00e0 un moment, nous soyons en d\u00e9phasage avec la base&nbsp;\u00bb<\/em>, a-t-il insist\u00e9.<\/p>\n\n\n\n<p>En d\u00e9pit de la cl\u00f4ture de la session, les \u00e9lus nationaux ont \u00e9t\u00e9 invit\u00e9s \u00e0 rester en alerte et \u00e0 vulgariser la r\u00e9silience aupr\u00e8s de la population tout en collaborant \u00e9troitement avec les forces loyalistes afin de d\u00e9noncer tout mouvement suspect de l\u2019ennemi.<\/p>\n\n\n\n<p>Jo\u00ebl Diawa<\/p>\n","protected":false},"excerpt":{"rendered":"<p>R\u00e9daction: +243 817 406 088 La session extraordinaire convoqu\u00e9e par l\u2019Assembl\u00e9e Nationale sur demande du&#8230;<\/p>\n","protected":false},"author":2,"featured_media":12680,"comment_status":"open","ping_status":"open","sticky":false,"template":"","format":"standard","meta":{"_jetpack_memberships_contains_paid_content":false,"footnotes":""},"categories":[3],"tags":[],"class_list":["post-12679","post","type-post","status-publish","format-standard","has-post-thumbnail","hentry","category-politique"],"yoast_head":"<!-- This site is optimized with the Yoast SEO plugin v27.5 - https:\/\/yoast.com\/product\/yoast-seo-wordpress\/ -->\n<title>RDC: Si vous voulez avoir la paix, la premi\u00e8re chose \u00e0 chasser c\u2019est l\u2019\u00e9motion. (Vital Kamerhe aux d\u00e9put\u00e9s) - Infos Droits Humains<\/title>\n<meta name=\"robots\" content=\"index, follow, max-snippet:-1, max-image-preview:large, max-video-preview:-1\" \/>\n<link rel=\"canonical\" href=\"https:\/\/infos-droitshumains.net\/?p=12679\" \/>\n<meta property=\"og:locale\" content=\"fr_FR\" \/>\n<meta property=\"og:type\" content=\"article\" \/>\n<meta property=\"og:title\" content=\"RDC: Si vous voulez avoir la paix, la premi\u00e8re chose \u00e0 chasser c\u2019est l\u2019\u00e9motion. (Vital Kamerhe aux d\u00e9put\u00e9s) - Infos Droits Humains\" \/>\n<meta property=\"og:description\" content=\"R\u00e9daction: +243 817 406 088 La session extraordinaire convoqu\u00e9e par l\u2019Assembl\u00e9e Nationale sur demande du...\" \/>\n<meta property=\"og:url\" content=\"https:\/\/infos-droitshumains.net\/?p=12679\" \/>\n<meta property=\"og:site_name\" content=\"Infos Droits Humains\" \/>\n<meta property=\"article:published_time\" content=\"2025-02-14T07:51:01+00:00\" \/>\n<meta property=\"article:modified_time\" content=\"2025-02-14T07:51:33+00:00\" \/>\n<meta property=\"og:image\" content=\"https:\/\/infos-droitshumains.net\/wp-content\/uploads\/2025\/02\/IMG-20250204-WA0009.jpg\" \/>\n\t<meta property=\"og:image:width\" content=\"1000\" \/>\n\t<meta property=\"og:image:height\" content=\"667\" \/>\n\t<meta property=\"og:image:type\" content=\"image\/jpeg\" \/>\n<meta name=\"author\" content=\"Jo\u00ebl Diawa\" \/>\n<meta name=\"twitter:card\" content=\"summary_large_image\" \/>\n<meta name=\"twitter:label1\" content=\"\u00c9crit par\" \/>\n\t<meta name=\"twitter:data1\" content=\"Jo\u00ebl Diawa\" \/>\n\t<meta name=\"twitter:label2\" content=\"Dur\u00e9e de lecture estim\u00e9e\" \/>\n\t<meta name=\"twitter:data2\" content=\"3 minutes\" \/>\n<script type=\"application\/ld+json\" class=\"yoast-schema-graph\">{\"@context\":\"https:\\\/\\\/schema.org\",\"@graph\":[{\"@type\":\"Article\",\"@id\":\"https:\\\/\\\/infos-droitshumains.net\\\/?p=12679#article\",\"isPartOf\":{\"@id\":\"https:\\\/\\\/infos-droitshumains.net\\\/?p=12679\"},\"author\":{\"name\":\"Jo\u00ebl Diawa\",\"@id\":\"https:\\\/\\\/infos-droitshumains.net\\\/#\\\/schema\\\/person\\\/3dc5e921c3302172e0ed4362f96faab7\"},\"headline\":\"RDC: Si vous voulez avoir la paix, la premi\u00e8re chose \u00e0 chasser c\u2019est l\u2019\u00e9motion. (Vital Kamerhe aux d\u00e9put\u00e9s)\",\"datePublished\":\"2025-02-14T07:51:01+00:00\",\"dateModified\":\"2025-02-14T07:51:33+00:00\",\"mainEntityOfPage\":{\"@id\":\"https:\\\/\\\/infos-droitshumains.net\\\/?p=12679\"},\"wordCount\":475,\"commentCount\":0,\"publisher\":{\"@id\":\"https:\\\/\\\/infos-droitshumains.net\\\/#organization\"},\"image\":{\"@id\":\"https:\\\/\\\/infos-droitshumains.net\\\/?p=12679#primaryimage\"},\"thumbnailUrl\":\"https:\\\/\\\/i0.wp.com\\\/infos-droitshumains.net\\\/wp-content\\\/uploads\\\/2025\\\/02\\\/IMG-20250204-WA0009.jpg?fit=1000%2C667&ssl=1\",\"articleSection\":[\"Politique\"],\"inLanguage\":\"fr-FR\",\"potentialAction\":[{\"@type\":\"CommentAction\",\"name\":\"Comment\",\"target\":[\"https:\\\/\\\/infos-droitshumains.net\\\/?p=12679#respond\"]}]},{\"@type\":\"WebPage\",\"@id\":\"https:\\\/\\\/infos-droitshumains.net\\\/?p=12679\",\"url\":\"https:\\\/\\\/infos-droitshumains.net\\\/?p=12679\",\"name\":\"RDC: Si vous voulez avoir la paix, la premi\u00e8re chose \u00e0 chasser c\u2019est l\u2019\u00e9motion. (Vital Kamerhe aux d\u00e9put\u00e9s) - Infos Droits Humains\",\"isPartOf\":{\"@id\":\"https:\\\/\\\/infos-droitshumains.net\\\/#website\"},\"primaryImageOfPage\":{\"@id\":\"https:\\\/\\\/infos-droitshumains.net\\\/?p=12679#primaryimage\"},\"image\":{\"@id\":\"https:\\\/\\\/infos-droitshumains.net\\\/?p=12679#primaryimage\"},\"thumbnailUrl\":\"https:\\\/\\\/i0.wp.com\\\/infos-droitshumains.net\\\/wp-content\\\/uploads\\\/2025\\\/02\\\/IMG-20250204-WA0009.jpg?fit=1000%2C667&ssl=1\",\"datePublished\":\"2025-02-14T07:51:01+00:00\",\"dateModified\":\"2025-02-14T07:51:33+00:00\",\"breadcrumb\":{\"@id\":\"https:\\\/\\\/infos-droitshumains.net\\\/?p=12679#breadcrumb\"},\"inLanguage\":\"fr-FR\",\"potentialAction\":[{\"@type\":\"ReadAction\",\"target\":[\"https:\\\/\\\/infos-droitshumains.net\\\/?p=12679\"]}]},{\"@type\":\"ImageObject\",\"inLanguage\":\"fr-FR\",\"@id\":\"https:\\\/\\\/infos-droitshumains.net\\\/?p=12679#primaryimage\",\"url\":\"https:\\\/\\\/i0.wp.com\\\/infos-droitshumains.net\\\/wp-content\\\/uploads\\\/2025\\\/02\\\/IMG-20250204-WA0009.jpg?fit=1000%2C667&ssl=1\",\"contentUrl\":\"https:\\\/\\\/i0.wp.com\\\/infos-droitshumains.net\\\/wp-content\\\/uploads\\\/2025\\\/02\\\/IMG-20250204-WA0009.jpg?fit=1000%2C667&ssl=1\",\"width\":1000,\"height\":667},{\"@type\":\"BreadcrumbList\",\"@id\":\"https:\\\/\\\/infos-droitshumains.net\\\/?p=12679#breadcrumb\",\"itemListElement\":[{\"@type\":\"ListItem\",\"position\":1,\"name\":\"Accueil\",\"item\":\"https:\\\/\\\/infos-droitshumains.net\\\/\"},{\"@type\":\"ListItem\",\"position\":2,\"name\":\"RDC: Si vous voulez avoir la paix, la premi\u00e8re chose \u00e0 chasser c\u2019est l\u2019\u00e9motion. (Vital Kamerhe aux d\u00e9put\u00e9s)\"}]},{\"@type\":\"WebSite\",\"@id\":\"https:\\\/\\\/infos-droitshumains.net\\\/#website\",\"url\":\"https:\\\/\\\/infos-droitshumains.net\\\/\",\"name\":\"Infos Droits Humains\",\"description\":\"S&#039;informer est un droit\",\"publisher\":{\"@id\":\"https:\\\/\\\/infos-droitshumains.net\\\/#organization\"},\"potentialAction\":[{\"@type\":\"SearchAction\",\"target\":{\"@type\":\"EntryPoint\",\"urlTemplate\":\"https:\\\/\\\/infos-droitshumains.net\\\/?s={search_term_string}\"},\"query-input\":{\"@type\":\"PropertyValueSpecification\",\"valueRequired\":true,\"valueName\":\"search_term_string\"}}],\"inLanguage\":\"fr-FR\"},{\"@type\":\"Organization\",\"@id\":\"https:\\\/\\\/infos-droitshumains.net\\\/#organization\",\"name\":\"Infos Droits Humains\",\"url\":\"https:\\\/\\\/infos-droitshumains.net\\\/\",\"logo\":{\"@type\":\"ImageObject\",\"inLanguage\":\"fr-FR\",\"@id\":\"https:\\\/\\\/infos-droitshumains.net\\\/#\\\/schema\\\/logo\\\/image\\\/\",\"url\":\"https:\\\/\\\/i0.wp.com\\\/infos-droitshumains.net\\\/wp-content\\\/uploads\\\/2022\\\/05\\\/Logo.png?fit=333%2C129&ssl=1\",\"contentUrl\":\"https:\\\/\\\/i0.wp.com\\\/infos-droitshumains.net\\\/wp-content\\\/uploads\\\/2022\\\/05\\\/Logo.png?fit=333%2C129&ssl=1\",\"width\":333,\"height\":129,\"caption\":\"Infos Droits Humains\"},\"image\":{\"@id\":\"https:\\\/\\\/infos-droitshumains.net\\\/#\\\/schema\\\/logo\\\/image\\\/\"}},{\"@type\":\"Person\",\"@id\":\"https:\\\/\\\/infos-droitshumains.net\\\/#\\\/schema\\\/person\\\/3dc5e921c3302172e0ed4362f96faab7\",\"name\":\"Jo\u00ebl Diawa\",\"image\":{\"@type\":\"ImageObject\",\"inLanguage\":\"fr-FR\",\"@id\":\"https:\\\/\\\/secure.gravatar.com\\\/avatar\\\/729bea6ff4604c624417803c477363be8e3c7186deaa65713313f9b4b820f41c?s=96&d=mm&r=g\",\"url\":\"https:\\\/\\\/secure.gravatar.com\\\/avatar\\\/729bea6ff4604c624417803c477363be8e3c7186deaa65713313f9b4b820f41c?s=96&d=mm&r=g\",\"contentUrl\":\"https:\\\/\\\/secure.gravatar.com\\\/avatar\\\/729bea6ff4604c624417803c477363be8e3c7186deaa65713313f9b4b820f41c?s=96&d=mm&r=g\",\"caption\":\"Jo\u00ebl Diawa\"},\"sameAs\":[\"https:\\\/\\\/www.infos-droitshumains.net\"],\"url\":\"https:\\\/\\\/infos-droitshumains.net\\\/?author=2\"}]}<\/script>\n<!-- \/ Yoast SEO plugin. -->","yoast_head_json":{"title":"RDC: Si vous voulez avoir la paix, la premi\u00e8re chose \u00e0 chasser c\u2019est l\u2019\u00e9motion. (Vital Kamerhe aux d\u00e9put\u00e9s) - Infos Droits Humains","robots":{"index":"index","follow":"follow","max-snippet":"max-snippet:-1","max-image-preview":"max-image-preview:large","max-video-preview":"max-video-preview:-1"},"canonical":"https:\/\/infos-droitshumains.net\/?p=12679","og_locale":"fr_FR","og_type":"article","og_title":"RDC: Si vous voulez avoir la paix, la premi\u00e8re chose \u00e0 chasser c\u2019est l\u2019\u00e9motion. (Vital Kamerhe aux d\u00e9put\u00e9s) - Infos Droits Humains","og_description":"R\u00e9daction: +243 817 406 088 La session extraordinaire convoqu\u00e9e par l\u2019Assembl\u00e9e Nationale sur demande du...","og_url":"https:\/\/infos-droitshumains.net\/?p=12679","og_site_name":"Infos Droits Humains","article_published_time":"2025-02-14T07:51:01+00:00","article_modified_time":"2025-02-14T07:51:33+00:00","og_image":[{"width":1000,"height":667,"url":"https:\/\/infos-droitshumains.net\/wp-content\/uploads\/2025\/02\/IMG-20250204-WA0009.jpg","type":"image\/jpeg"}],"author":"Jo\u00ebl Diawa","twitter_card":"summary_large_image","twitter_misc":{"\u00c9crit par":"Jo\u00ebl Diawa","Dur\u00e9e de lecture estim\u00e9e":"3 minutes"},"schema":{"@context":"https:\/\/schema.org","@graph":[{"@type":"Article","@id":"https:\/\/infos-droitshumains.net\/?p=12679#article","isPartOf":{"@id":"https:\/\/infos-droitshumains.net\/?p=12679"},"author":{"name":"Jo\u00ebl Diawa","@id":"https:\/\/infos-droitshumains.net\/#\/schema\/person\/3dc5e921c3302172e0ed4362f96faab7"},"headline":"RDC: Si vous voulez avoir la paix, la premi\u00e8re chose \u00e0 chasser c\u2019est l\u2019\u00e9motion. (Vital Kamerhe aux d\u00e9put\u00e9s)","datePublished":"2025-02-14T07:51:01+00:00","dateModified":"2025-02-14T07:51:33+00:00","mainEntityOfPage":{"@id":"https:\/\/infos-droitshumains.net\/?p=12679"},"wordCount":475,"commentCount":0,"publisher":{"@id":"https:\/\/infos-droitshumains.net\/#organization"},"image":{"@id":"https:\/\/infos-droitshumains.net\/?p=12679#primaryimage"},"thumbnailUrl":"https:\/\/i0.wp.com\/infos-droitshumains.net\/wp-content\/uploads\/2025\/02\/IMG-20250204-WA0009.jpg?fit=1000%2C667&ssl=1","articleSection":["Politique"],"inLanguage":"fr-FR","potentialAction":[{"@type":"CommentAction","name":"Comment","target":["https:\/\/infos-droitshumains.net\/?p=12679#respond"]}]},{"@type":"WebPage","@id":"https:\/\/infos-droitshumains.net\/?p=12679","url":"https:\/\/infos-droitshumains.net\/?p=12679","name":"RDC: Si vous voulez avoir la paix, la premi\u00e8re chose \u00e0 chasser c\u2019est l\u2019\u00e9motion. (Vital Kamerhe aux d\u00e9put\u00e9s) - Infos Droits Humains","isPartOf":{"@id":"https:\/\/infos-droitshumains.net\/#website"},"primaryImageOfPage":{"@id":"https:\/\/infos-droitshumains.net\/?p=12679#primaryimage"},"image":{"@id":"https:\/\/infos-droitshumains.net\/?p=12679#primaryimage"},"thumbnailUrl":"https:\/\/i0.wp.com\/infos-droitshumains.net\/wp-content\/uploads\/2025\/02\/IMG-20250204-WA0009.jpg?fit=1000%2C667&ssl=1","datePublished":"2025-02-14T07:51:01+00:00","dateModified":"2025-02-14T07:51:33+00:00","breadcrumb":{"@id":"https:\/\/infos-droitshumains.net\/?p=12679#breadcrumb"},"inLanguage":"fr-FR","potentialAction":[{"@type":"ReadAction","target":["https:\/\/infos-droitshumains.net\/?p=12679"]}]},{"@type":"ImageObject","inLanguage":"fr-FR","@id":"https:\/\/infos-droitshumains.net\/?p=12679#primaryimage","url":"https:\/\/i0.wp.com\/infos-droitshumains.net\/wp-content\/uploads\/2025\/02\/IMG-20250204-WA0009.jpg?fit=1000%2C667&ssl=1","contentUrl":"https:\/\/i0.wp.com\/infos-droitshumains.net\/wp-content\/uploads\/2025\/02\/IMG-20250204-WA0009.jpg?fit=1000%2C667&ssl=1","width":1000,"height":667},{"@type":"BreadcrumbList","@id":"https:\/\/infos-droitshumains.net\/?p=12679#breadcrumb","itemListElement":[{"@type":"ListItem","position":1,"name":"Accueil","item":"https:\/\/infos-droitshumains.net\/"},{"@type":"ListItem","position":2,"name":"RDC: Si vous voulez avoir la paix, la premi\u00e8re chose \u00e0 chasser c\u2019est l\u2019\u00e9motion. (Vital Kamerhe aux d\u00e9put\u00e9s)"}]},{"@type":"WebSite","@id":"https:\/\/infos-droitshumains.net\/#website","url":"https:\/\/infos-droitshumains.net\/","name":"Infos Droits Humains","description":"S&#039;informer est un droit","publisher":{"@id":"https:\/\/infos-droitshumains.net\/#organization"},"potentialAction":[{"@type":"SearchAction","target":{"@type":"EntryPoint","urlTemplate":"https:\/\/infos-droitshumains.net\/?s={search_term_string}"},"query-input":{"@type":"PropertyValueSpecification","valueRequired":true,"valueName":"search_term_string"}}],"inLanguage":"fr-FR"},{"@type":"Organization","@id":"https:\/\/infos-droitshumains.net\/#organization","name":"Infos Droits Humains","url":"https:\/\/infos-droitshumains.net\/","logo":{"@type":"ImageObject","inLanguage":"fr-FR","@id":"https:\/\/infos-droitshumains.net\/#\/schema\/logo\/image\/","url":"https:\/\/i0.wp.com\/infos-droitshumains.net\/wp-content\/uploads\/2022\/05\/Logo.png?fit=333%2C129&ssl=1","contentUrl":"https:\/\/i0.wp.com\/infos-droitshumains.net\/wp-content\/uploads\/2022\/05\/Logo.png?fit=333%2C129&ssl=1","width":333,"height":129,"caption":"Infos Droits Humains"},"image":{"@id":"https:\/\/infos-droitshumains.net\/#\/schema\/logo\/image\/"}},{"@type":"Person","@id":"https:\/\/infos-droitshumains.net\/#\/schema\/person\/3dc5e921c3302172e0ed4362f96faab7","name":"Jo\u00ebl Diawa","image":{"@type":"ImageObject","inLanguage":"fr-FR","@id":"https:\/\/secure.gravatar.com\/avatar\/729bea6ff4604c624417803c477363be8e3c7186deaa65713313f9b4b820f41c?s=96&d=mm&r=g","url":"https:\/\/secure.gravatar.com\/avatar\/729bea6ff4604c624417803c477363be8e3c7186deaa65713313f9b4b820f41c?s=96&d=mm&r=g","contentUrl":"https:\/\/secure.gravatar.com\/avatar\/729bea6ff4604c624417803c477363be8e3c7186deaa65713313f9b4b820f41c?s=96&d=mm&r=g","caption":"Jo\u00ebl Diawa"},"sameAs":["https:\/\/www.infos-droitshumains.net"],"url":"https:\/\/infos-droitshumains.net\/?author=2"}]}},"featured_image_urls":{"full":["https:\/\/i0.wp.com\/infos-droitshumains.net\/wp-content\/uploads\/2025\/02\/IMG-20250204-WA0009.jpg?fit=1000%2C667&ssl=1",1000,667,false],"thumbnail":["https:\/\/i0.wp.com\/infos-droitshumains.net\/wp-content\/uploads\/2025\/02\/IMG-20250204-WA0009.jpg?resize=150%2C150&ssl=1",150,150,true],"medium":["https:\/\/i0.wp.com\/infos-droitshumains.net\/wp-content\/uploads\/2025\/02\/IMG-20250204-WA0009.jpg?fit=300%2C200&ssl=1",300,200,true],"medium_large":["https:\/\/i0.wp.com\/infos-droitshumains.net\/wp-content\/uploads\/2025\/02\/IMG-20250204-WA0009.jpg?fit=640%2C427&ssl=1",640,427,true],"large":["https:\/\/i0.wp.com\/infos-droitshumains.net\/wp-content\/uploads\/2025\/02\/IMG-20250204-WA0009.jpg?fit=640%2C427&ssl=1",640,427,true],"1536x1536":["https:\/\/i0.wp.com\/infos-droitshumains.net\/wp-content\/uploads\/2025\/02\/IMG-20250204-WA0009.jpg?fit=1000%2C667&ssl=1",1000,667,true],"2048x2048":["https:\/\/i0.wp.com\/infos-droitshumains.net\/wp-content\/uploads\/2025\/02\/IMG-20250204-WA0009.jpg?fit=1000%2C667&ssl=1",1000,667,true],"covernews-slider-full":["https:\/\/i0.wp.com\/infos-droitshumains.net\/wp-content\/uploads\/2025\/02\/IMG-20250204-WA0009.jpg?resize=1000%2C667&ssl=1",1000,667,true],"covernews-slider-center":["https:\/\/i0.wp.com\/infos-droitshumains.net\/wp-content\/uploads\/2025\/02\/IMG-20250204-WA0009.jpg?resize=800%2C500&ssl=1",800,500,true],"covernews-featured":["https:\/\/i0.wp.com\/infos-droitshumains.net\/wp-content\/uploads\/2025\/02\/IMG-20250204-WA0009.jpg?fit=1000%2C667&ssl=1",1000,667,true],"covernews-medium":["https:\/\/i0.wp.com\/infos-droitshumains.net\/wp-content\/uploads\/2025\/02\/IMG-20250204-WA0009.jpg?resize=540%2C340&ssl=1",540,340,true],"covernews-medium-square":["https:\/\/i0.wp.com\/infos-droitshumains.net\/wp-content\/uploads\/2025\/02\/IMG-20250204-WA0009.jpg?resize=400%2C250&ssl=1",400,250,true]},"author_info":{"display_name":"Jo\u00ebl Diawa","author_link":"https:\/\/infos-droitshumains.net\/?author=2"},"category_info":"<a href=\"https:\/\/infos-droitshumains.net\/?cat=3\" rel=\"category\">Politique<\/a>","tag_info":"Politique","comment_count":"0","jetpack_featured_media_url":"https:\/\/i0.wp.com\/infos-droitshumains.net\/wp-content\/uploads\/2025\/02\/IMG-20250204-WA0009.jpg?fit=1000%2C667&ssl=1","jetpack-related-posts":[],"jetpack_sharing_enabled":true,"_links":{"self":[{"href":"https:\/\/infos-droitshumains.net\/index.php?rest_route=\/wp\/v2\/posts\/12679","targetHints":{"allow":["GET"]}}],"collection":[{"href":"https:\/\/infos-droitshumains.net\/index.php?rest_route=\/wp\/v2\/posts"}],"about":[{"href":"https:\/\/infos-droitshumains.net\/index.php?rest_route=\/wp\/v2\/types\/post"}],"author":[{"embeddable":true,"href":"https:\/\/infos-droitshumains.net\/index.php?rest_route=\/wp\/v2\/users\/2"}],"replies":[{"embeddable":true,"href":"https:\/\/infos-droitshumains.net\/index.php?rest_route=%2Fwp%2Fv2%2Fcomments&post=12679"}],"version-history":[{"count":2,"href":"https:\/\/infos-droitshumains.net\/index.php?rest_route=\/wp\/v2\/posts\/12679\/revisions"}],"predecessor-version":[{"id":12682,"href":"https:\/\/infos-droitshumains.net\/index.php?rest_route=\/wp\/v2\/posts\/12679\/revisions\/12682"}],"wp:featuredmedia":[{"embeddable":true,"href":"https:\/\/infos-droitshumains.net\/index.php?rest_route=\/wp\/v2\/media\/12680"}],"wp:attachment":[{"href":"https:\/\/infos-droitshumains.net\/index.php?rest_route=%2Fwp%2Fv2%2Fmedia&parent=12679"}],"wp:term":[{"taxonomy":"category","embeddable":true,"href":"https:\/\/infos-droitshumains.net\/index.php?rest_route=%2Fwp%2Fv2%2Fcategories&post=12679"},{"taxonomy":"post_tag","embeddable":true,"href":"https:\/\/infos-droitshumains.net\/index.php?rest_route=%2Fwp%2Fv2%2Ftags&post=12679"}],"curies":[{"name":"wp","href":"https:\/\/api.w.org\/{rel}","templated":true}]}}